{"id":18464,"date":"2021-05-24T10:25:16","date_gmt":"2021-05-24T13:25:16","guid":{"rendered":"https:\/\/jornalfatosenoticias.com.br\/?p=18464"},"modified":"2021-05-24T10:25:23","modified_gmt":"2021-05-24T13:25:23","slug":"moqueca-de-banana-da-terra","status":"publish","type":"post","link":"https:\/\/jornalfatosenoticias.com.br\/index.php\/2021\/05\/24\/moqueca-de-banana-da-terra\/","title":{"rendered":"Moqueca de banana-da-terra"},"content":{"rendered":"\n<p><em><span class=\"has-inline-color has-black-color\">A banana e o gr\u00e3o-de-bico se somam ao leite de coco e o azeite de dend\u00ea nesta vers\u00e3o vegana da tradicional moqueca brasileira<\/span><\/em><\/p>\n\n\n\n<p>A cozinha brasileira tem pratos t\u00edpicos que dizem muito sobre a nossa cultura tais como a feijoada, o bai\u00e3o de dois, o p\u00e3o de queijo e a moqueca. A maioria deles tem como base ingredientes de origem animal, pois surgiram em \u00e9pocas onde a rela\u00e7\u00e3o do ser humano com o ambiente que o cercava era outra.<br>Mas os h\u00e1bitos mudam e com eles, a cultura se adapta a novas necessidades e prioridades. Cada um desses pratos possui hoje sua vers\u00e3o vegana, com adapta\u00e7\u00f5es simples como no caso da moqueca, onde o peixe \u00e9 substitu\u00eddo pela banana-da-terra, macia e saborosa que combina perfeitamente com o leite de coco e o azeite de dend\u00ea.<br>Num Pa\u00eds com uma imensa variedade de legumes, vegetais, cereais e leguminosas como o Brasil, o veganismo \u00e9 uma op\u00e7\u00e3o acess\u00edvel a todos, bastando para isso termos a disposi\u00e7\u00e3o de olhar para nossas heran\u00e7as com um novo olhar.<\/p>\n\n\n\n<h4 class=\"wp-block-heading\"><span class=\"has-inline-color has-black-color\">Moqueca de Banana da Terra<\/span><\/h4>\n\n\n\n<figure class=\"wp-block-image size-large\"><img loading=\"lazy\" decoding=\"async\" width=\"1000\" height=\"783\" src=\"https:\/\/jornalfatosenoticias.com.br\/wp-content\/uploads\/2021\/05\/moqueca-de-banana-da-terra-2.jpg\" alt=\"\" class=\"wp-image-18465\" srcset=\"https:\/\/jornalfatosenoticias.com.br\/wp-content\/uploads\/2021\/05\/moqueca-de-banana-da-terra-2.jpg 1000w, https:\/\/jornalfatosenoticias.com.br\/wp-content\/uploads\/2021\/05\/moqueca-de-banana-da-terra-2-300x235.jpg 300w, https:\/\/jornalfatosenoticias.com.br\/wp-content\/uploads\/2021\/05\/moqueca-de-banana-da-terra-2-768x601.jpg 768w\" sizes=\"auto, (max-width: 1000px) 100vw, 1000px\" \/><figcaption><em><span class=\"has-inline-color has-black-color\">Moqueca de banana vegana (Foto: Ik\u00e9 Natural)<\/span><\/em><\/figcaption><\/figure>\n\n\n\n<p><strong><span class=\"has-inline-color has-black-color\">Ingredientes<br><\/span><\/strong>3 bananas-da-terra picadas em peda\u00e7os grandes<br>1 cebola grande picada em rodelas<br>\u00bd piment\u00e3o vermelho picado em fatias finas<br>\u00bd piment\u00e3o amarelo picado em fatias finas<br>2 dentes de alho picados em peda\u00e7os pequenos<br>2 tomates sem sementes picados em tiras<br>3 colheres de sopa de \u00f3leo de girassol<br>2 colheres de sopa de salsinha picada<br>2 colheres de sopa de coentro picado<br>2 colheres de sopa de cebolinha picada<br>1 x\u00edcara de leite de coco<br>Azeite de dend\u00ea a gosto<br>\u00bd x\u00edcara de \u00e1gua<br>Sal<\/p>\n\n\n\n<p><strong><span class=\"has-inline-color has-black-color\">Modo de preparo<br><\/span><\/strong>Numa panela, coloque o \u00f3leo de girassol e refogue a cebola, o alho, os tomates e os piment\u00f5es nessa ordem.<br>Acrescente as bananas, a cebolinha, o leite de coco e o azeite de dend\u00ea. Adicione o sal.<br>Deixe cozinhar at\u00e9 que as bananas estejam macias.<br>Adicione a salsinha e o coentro.<br>Sirva acompanhado de arroz branco.<\/p>\n\n\n\n<p><strong><em>Fonte: <a href=\"https:\/\/ciclovivo.com.br\/vida-sustentavel\/alimentacao\/moqueca-de-banana-da-terra\/\">CicloVivo<\/a><\/em><\/strong><\/p>\n","protected":false},"excerpt":{"rendered":"<p>A banana e o gr\u00e3o-de-bico se somam ao leite de coco e o azeite de dend\u00ea nesta vers\u00e3o vegana da tradicional moqueca brasileira A cozinha brasileira tem pratos t\u00edpicos que dizem muito sobre a nossa cultura tais como a feijoada, o bai\u00e3o de dois, o p\u00e3o de queijo e a moqueca. A maioria deles tem [&hellip;]<\/p>\n","protected":false},"author":2,"featured_media":18466,"comment_status":"open","ping_status":"open","sticky":false,"template":"","format":"standard","meta":{"footnotes":""},"categories":[42],"tags":[9135,9136,9134,9137],"class_list":["post-18464","post","type-post","status-publish","format-standard","has-post-thumbnail","hentry","category-bem-estar","tag-banana-da-terra","tag-cozinha-brasileira","tag-moqueca-de-banana-da-terra","tag-prato-vegano"],"yoast_head":"<!-- This site is optimized with the Yoast SEO plugin v26.5 - https:\/\/yoast.com\/wordpress\/plugins\/seo\/ -->\n<title>Moqueca de banana-da-terra - Jornal Fatos e Not\u00edcias<\/title>\n<meta name=\"robots\" content=\"index, follow, max-snippet:-1, max-image-preview:large, max-video-preview:-1\" \/>\n<link rel=\"canonical\" href=\"https:\/\/jornalfatosenoticias.com.br\/index.php\/2021\/05\/24\/moqueca-de-banana-da-terra\/\" \/>\n<meta property=\"og:locale\" content=\"pt_BR\" \/>\n<meta property=\"og:type\" content=\"article\" \/>\n<meta property=\"og:title\" content=\"Moqueca de banana-da-terra - Jornal Fatos e Not\u00edcias\" \/>\n<meta property=\"og:description\" content=\"A banana e o gr\u00e3o-de-bico se somam ao leite de coco e o azeite de dend\u00ea nesta vers\u00e3o vegana da tradicional moqueca brasileira A cozinha brasileira tem pratos t\u00edpicos que dizem muito sobre a nossa cultura tais como a feijoada, o bai\u00e3o de dois, o p\u00e3o de queijo e a moqueca. A maioria deles tem [&hellip;]\" \/>\n<meta property=\"og:url\" content=\"https:\/\/jornalfatosenoticias.com.br\/index.php\/2021\/05\/24\/moqueca-de-banana-da-terra\/\" \/>\n<meta property=\"og:site_name\" content=\"Jornal Fatos e Not\u00edcias\" \/>\n<meta property=\"article:published_time\" content=\"2021-05-24T13:25:16+00:00\" \/>\n<meta property=\"article:modified_time\" content=\"2021-05-24T13:25:23+00:00\" \/>\n<meta property=\"og:image\" content=\"https:\/\/jornalfatosenoticias.com.br\/wp-content\/uploads\/2021\/05\/moqueca-de-banana-da-terra.jpg\" \/>\n\t<meta property=\"og:image:width\" content=\"1000\" \/>\n\t<meta property=\"og:image:height\" content=\"665\" \/>\n\t<meta property=\"og:image:type\" content=\"image\/jpeg\" \/>\n<meta name=\"author\" content=\"Luzimara Fernandes\" \/>\n<meta name=\"twitter:card\" content=\"summary_large_image\" \/>\n<meta name=\"twitter:label1\" content=\"Escrito por\" \/>\n\t<meta name=\"twitter:data1\" content=\"Luzimara Fernandes\" \/>\n\t<meta name=\"twitter:label2\" content=\"Est. tempo de leitura\" \/>\n\t<meta name=\"twitter:data2\" content=\"2 minutos\" \/>\n<script type=\"application\/ld+json\" class=\"yoast-schema-graph\">{\"@context\":\"https:\/\/schema.org\",\"@graph\":[{\"@type\":\"Article\",\"@id\":\"https:\/\/jornalfatosenoticias.com.br\/index.php\/2021\/05\/24\/moqueca-de-banana-da-terra\/#article\",\"isPartOf\":{\"@id\":\"https:\/\/jornalfatosenoticias.com.br\/index.php\/2021\/05\/24\/moqueca-de-banana-da-terra\/\"},\"author\":{\"name\":\"Luzimara Fernandes\",\"@id\":\"https:\/\/jornalfatosenoticias.com.br\/#\/schema\/person\/d63837fa13ac8666eb9e74e0985d6f81\"},\"headline\":\"Moqueca de banana-da-terra\",\"datePublished\":\"2021-05-24T13:25:16+00:00\",\"dateModified\":\"2021-05-24T13:25:23+00:00\",\"mainEntityOfPage\":{\"@id\":\"https:\/\/jornalfatosenoticias.com.br\/index.php\/2021\/05\/24\/moqueca-de-banana-da-terra\/\"},\"wordCount\":342,\"commentCount\":0,\"publisher\":{\"@id\":\"https:\/\/jornalfatosenoticias.com.br\/#organization\"},\"image\":{\"@id\":\"https:\/\/jornalfatosenoticias.com.br\/index.php\/2021\/05\/24\/moqueca-de-banana-da-terra\/#primaryimage\"},\"thumbnailUrl\":\"https:\/\/jornalfatosenoticias.com.br\/wp-content\/uploads\/2021\/05\/moqueca-de-banana-da-terra.jpg\",\"keywords\":[\"banana-da-terra\",\"cozinha brasileira\",\"moqueca de banana-da-terra\",\"prato vegano\"],\"articleSection\":[\"Bem-estar\"],\"inLanguage\":\"pt-BR\",\"potentialAction\":[{\"@type\":\"CommentAction\",\"name\":\"Comment\",\"target\":[\"https:\/\/jornalfatosenoticias.com.br\/index.php\/2021\/05\/24\/moqueca-de-banana-da-terra\/#respond\"]}]},{\"@type\":\"WebPage\",\"@id\":\"https:\/\/jornalfatosenoticias.com.br\/index.php\/2021\/05\/24\/moqueca-de-banana-da-terra\/\",\"url\":\"https:\/\/jornalfatosenoticias.com.br\/index.php\/2021\/05\/24\/moqueca-de-banana-da-terra\/\",\"name\":\"Moqueca de banana-da-terra - Jornal Fatos e Not\u00edcias\",\"isPartOf\":{\"@id\":\"https:\/\/jornalfatosenoticias.com.br\/#website\"},\"primaryImageOfPage\":{\"@id\":\"https:\/\/jornalfatosenoticias.com.br\/index.php\/2021\/05\/24\/moqueca-de-banana-da-terra\/#primaryimage\"},\"image\":{\"@id\":\"https:\/\/jornalfatosenoticias.com.br\/index.php\/2021\/05\/24\/moqueca-de-banana-da-terra\/#primaryimage\"},\"thumbnailUrl\":\"https:\/\/jornalfatosenoticias.com.br\/wp-content\/uploads\/2021\/05\/moqueca-de-banana-da-terra.jpg\",\"datePublished\":\"2021-05-24T13:25:16+00:00\",\"dateModified\":\"2021-05-24T13:25:23+00:00\",\"breadcrumb\":{\"@id\":\"https:\/\/jornalfatosenoticias.com.br\/index.php\/2021\/05\/24\/moqueca-de-banana-da-terra\/#breadcrumb\"},\"inLanguage\":\"pt-BR\",\"potentialAction\":[{\"@type\":\"ReadAction\",\"target\":[\"https:\/\/jornalfatosenoticias.com.br\/index.php\/2021\/05\/24\/moqueca-de-banana-da-terra\/\"]}]},{\"@type\":\"ImageObject\",\"inLanguage\":\"pt-BR\",\"@id\":\"https:\/\/jornalfatosenoticias.com.br\/index.php\/2021\/05\/24\/moqueca-de-banana-da-terra\/#primaryimage\",\"url\":\"https:\/\/jornalfatosenoticias.com.br\/wp-content\/uploads\/2021\/05\/moqueca-de-banana-da-terra.jpg\",\"contentUrl\":\"https:\/\/jornalfatosenoticias.com.br\/wp-content\/uploads\/2021\/05\/moqueca-de-banana-da-terra.jpg\",\"width\":1000,\"height\":665},{\"@type\":\"BreadcrumbList\",\"@id\":\"https:\/\/jornalfatosenoticias.com.br\/index.php\/2021\/05\/24\/moqueca-de-banana-da-terra\/#breadcrumb\",\"itemListElement\":[{\"@type\":\"ListItem\",\"position\":1,\"name\":\"In\u00edcio\",\"item\":\"https:\/\/jornalfatosenoticias.com.br\/\"},{\"@type\":\"ListItem\",\"position\":2,\"name\":\"Moqueca de banana-da-terra\"}]},{\"@type\":\"WebSite\",\"@id\":\"https:\/\/jornalfatosenoticias.com.br\/#website\",\"url\":\"https:\/\/jornalfatosenoticias.com.br\/\",\"name\":\"Jornal Fatos e Not\u00edcias\",\"description\":\"Not\u00edcias em geral\",\"publisher\":{\"@id\":\"https:\/\/jornalfatosenoticias.com.br\/#organization\"},\"potentialAction\":[{\"@type\":\"SearchAction\",\"target\":{\"@type\":\"EntryPoint\",\"urlTemplate\":\"https:\/\/jornalfatosenoticias.com.br\/?s={search_term_string}\"},\"query-input\":{\"@type\":\"PropertyValueSpecification\",\"valueRequired\":true,\"valueName\":\"search_term_string\"}}],\"inLanguage\":\"pt-BR\"},{\"@type\":\"Organization\",\"@id\":\"https:\/\/jornalfatosenoticias.com.br\/#organization\",\"name\":\"Jornal Fatos e Not\u00edcias\",\"url\":\"https:\/\/jornalfatosenoticias.com.br\/\",\"logo\":{\"@type\":\"ImageObject\",\"inLanguage\":\"pt-BR\",\"@id\":\"https:\/\/jornalfatosenoticias.com.br\/#\/schema\/logo\/image\/\",\"url\":\"https:\/\/jornalfatosenoticias.com.br\/wp-content\/uploads\/2020\/02\/logo120.png\",\"contentUrl\":\"https:\/\/jornalfatosenoticias.com.br\/wp-content\/uploads\/2020\/02\/logo120.png\",\"width\":1227,\"height\":120,\"caption\":\"Jornal Fatos e Not\u00edcias\"},\"image\":{\"@id\":\"https:\/\/jornalfatosenoticias.com.br\/#\/schema\/logo\/image\/\"}},{\"@type\":\"Person\",\"@id\":\"https:\/\/jornalfatosenoticias.com.br\/#\/schema\/person\/d63837fa13ac8666eb9e74e0985d6f81\",\"name\":\"Luzimara Fernandes\",\"image\":{\"@type\":\"ImageObject\",\"inLanguage\":\"pt-BR\",\"@id\":\"https:\/\/jornalfatosenoticias.com.br\/#\/schema\/person\/image\/\",\"url\":\"https:\/\/jornalfatosenoticias.com.br\/wp-content\/uploads\/2025\/05\/EU_portal.jpg\",\"contentUrl\":\"https:\/\/jornalfatosenoticias.com.br\/wp-content\/uploads\/2025\/05\/EU_portal.jpg\",\"caption\":\"Luzimara Fernandes\"},\"description\":\"Jornalista MTB 2358-ES\",\"sameAs\":[\"https:\/\/jornalfatosenoticias.com.br\"],\"url\":\"https:\/\/jornalfatosenoticias.com.br\/index.php\/author\/luzimara\/\"}]}<\/script>\n<!-- \/ Yoast SEO plugin. -->","yoast_head_json":{"title":"Moqueca de banana-da-terra - Jornal Fatos e Not\u00edcias","robots":{"index":"index","follow":"follow","max-snippet":"max-snippet:-1","max-image-preview":"max-image-preview:large","max-video-preview":"max-video-preview:-1"},"canonical":"https:\/\/jornalfatosenoticias.com.br\/index.php\/2021\/05\/24\/moqueca-de-banana-da-terra\/","og_locale":"pt_BR","og_type":"article","og_title":"Moqueca de banana-da-terra - Jornal Fatos e Not\u00edcias","og_description":"A banana e o gr\u00e3o-de-bico se somam ao leite de coco e o azeite de dend\u00ea nesta vers\u00e3o vegana da tradicional moqueca brasileira A cozinha brasileira tem pratos t\u00edpicos que dizem muito sobre a nossa cultura tais como a feijoada, o bai\u00e3o de dois, o p\u00e3o de queijo e a moqueca. A maioria deles tem [&hellip;]","og_url":"https:\/\/jornalfatosenoticias.com.br\/index.php\/2021\/05\/24\/moqueca-de-banana-da-terra\/","og_site_name":"Jornal Fatos e Not\u00edcias","article_published_time":"2021-05-24T13:25:16+00:00","article_modified_time":"2021-05-24T13:25:23+00:00","og_image":[{"width":1000,"height":665,"url":"https:\/\/jornalfatosenoticias.com.br\/wp-content\/uploads\/2021\/05\/moqueca-de-banana-da-terra.jpg","type":"image\/jpeg"}],"author":"Luzimara Fernandes","twitter_card":"summary_large_image","twitter_misc":{"Escrito por":"Luzimara Fernandes","Est. tempo de leitura":"2 minutos"},"schema":{"@context":"https:\/\/schema.org","@graph":[{"@type":"Article","@id":"https:\/\/jornalfatosenoticias.com.br\/index.php\/2021\/05\/24\/moqueca-de-banana-da-terra\/#article","isPartOf":{"@id":"https:\/\/jornalfatosenoticias.com.br\/index.php\/2021\/05\/24\/moqueca-de-banana-da-terra\/"},"author":{"name":"Luzimara Fernandes","@id":"https:\/\/jornalfatosenoticias.com.br\/#\/schema\/person\/d63837fa13ac8666eb9e74e0985d6f81"},"headline":"Moqueca de banana-da-terra","datePublished":"2021-05-24T13:25:16+00:00","dateModified":"2021-05-24T13:25:23+00:00","mainEntityOfPage":{"@id":"https:\/\/jornalfatosenoticias.com.br\/index.php\/2021\/05\/24\/moqueca-de-banana-da-terra\/"},"wordCount":342,"commentCount":0,"publisher":{"@id":"https:\/\/jornalfatosenoticias.com.br\/#organization"},"image":{"@id":"https:\/\/jornalfatosenoticias.com.br\/index.php\/2021\/05\/24\/moqueca-de-banana-da-terra\/#primaryimage"},"thumbnailUrl":"https:\/\/jornalfatosenoticias.com.br\/wp-content\/uploads\/2021\/05\/moqueca-de-banana-da-terra.jpg","keywords":["banana-da-terra","cozinha brasileira","moqueca de banana-da-terra","prato vegano"],"articleSection":["Bem-estar"],"inLanguage":"pt-BR","potentialAction":[{"@type":"CommentAction","name":"Comment","target":["https:\/\/jornalfatosenoticias.com.br\/index.php\/2021\/05\/24\/moqueca-de-banana-da-terra\/#respond"]}]},{"@type":"WebPage","@id":"https:\/\/jornalfatosenoticias.com.br\/index.php\/2021\/05\/24\/moqueca-de-banana-da-terra\/","url":"https:\/\/jornalfatosenoticias.com.br\/index.php\/2021\/05\/24\/moqueca-de-banana-da-terra\/","name":"Moqueca de banana-da-terra - Jornal Fatos e Not\u00edcias","isPartOf":{"@id":"https:\/\/jornalfatosenoticias.com.br\/#website"},"primaryImageOfPage":{"@id":"https:\/\/jornalfatosenoticias.com.br\/index.php\/2021\/05\/24\/moqueca-de-banana-da-terra\/#primaryimage"},"image":{"@id":"https:\/\/jornalfatosenoticias.com.br\/index.php\/2021\/05\/24\/moqueca-de-banana-da-terra\/#primaryimage"},"thumbnailUrl":"https:\/\/jornalfatosenoticias.com.br\/wp-content\/uploads\/2021\/05\/moqueca-de-banana-da-terra.jpg","datePublished":"2021-05-24T13:25:16+00:00","dateModified":"2021-05-24T13:25:23+00:00","breadcrumb":{"@id":"https:\/\/jornalfatosenoticias.com.br\/index.php\/2021\/05\/24\/moqueca-de-banana-da-terra\/#breadcrumb"},"inLanguage":"pt-BR","potentialAction":[{"@type":"ReadAction","target":["https:\/\/jornalfatosenoticias.com.br\/index.php\/2021\/05\/24\/moqueca-de-banana-da-terra\/"]}]},{"@type":"ImageObject","inLanguage":"pt-BR","@id":"https:\/\/jornalfatosenoticias.com.br\/index.php\/2021\/05\/24\/moqueca-de-banana-da-terra\/#primaryimage","url":"https:\/\/jornalfatosenoticias.com.br\/wp-content\/uploads\/2021\/05\/moqueca-de-banana-da-terra.jpg","contentUrl":"https:\/\/jornalfatosenoticias.com.br\/wp-content\/uploads\/2021\/05\/moqueca-de-banana-da-terra.jpg","width":1000,"height":665},{"@type":"BreadcrumbList","@id":"https:\/\/jornalfatosenoticias.com.br\/index.php\/2021\/05\/24\/moqueca-de-banana-da-terra\/#breadcrumb","itemListElement":[{"@type":"ListItem","position":1,"name":"In\u00edcio","item":"https:\/\/jornalfatosenoticias.com.br\/"},{"@type":"ListItem","position":2,"name":"Moqueca de banana-da-terra"}]},{"@type":"WebSite","@id":"https:\/\/jornalfatosenoticias.com.br\/#website","url":"https:\/\/jornalfatosenoticias.com.br\/","name":"Jornal Fatos e Not\u00edcias","description":"Not\u00edcias em geral","publisher":{"@id":"https:\/\/jornalfatosenoticias.com.br\/#organization"},"potentialAction":[{"@type":"SearchAction","target":{"@type":"EntryPoint","urlTemplate":"https:\/\/jornalfatosenoticias.com.br\/?s={search_term_string}"},"query-input":{"@type":"PropertyValueSpecification","valueRequired":true,"valueName":"search_term_string"}}],"inLanguage":"pt-BR"},{"@type":"Organization","@id":"https:\/\/jornalfatosenoticias.com.br\/#organization","name":"Jornal Fatos e Not\u00edcias","url":"https:\/\/jornalfatosenoticias.com.br\/","logo":{"@type":"ImageObject","inLanguage":"pt-BR","@id":"https:\/\/jornalfatosenoticias.com.br\/#\/schema\/logo\/image\/","url":"https:\/\/jornalfatosenoticias.com.br\/wp-content\/uploads\/2020\/02\/logo120.png","contentUrl":"https:\/\/jornalfatosenoticias.com.br\/wp-content\/uploads\/2020\/02\/logo120.png","width":1227,"height":120,"caption":"Jornal Fatos e Not\u00edcias"},"image":{"@id":"https:\/\/jornalfatosenoticias.com.br\/#\/schema\/logo\/image\/"}},{"@type":"Person","@id":"https:\/\/jornalfatosenoticias.com.br\/#\/schema\/person\/d63837fa13ac8666eb9e74e0985d6f81","name":"Luzimara Fernandes","image":{"@type":"ImageObject","inLanguage":"pt-BR","@id":"https:\/\/jornalfatosenoticias.com.br\/#\/schema\/person\/image\/","url":"https:\/\/jornalfatosenoticias.com.br\/wp-content\/uploads\/2025\/05\/EU_portal.jpg","contentUrl":"https:\/\/jornalfatosenoticias.com.br\/wp-content\/uploads\/2025\/05\/EU_portal.jpg","caption":"Luzimara Fernandes"},"description":"Jornalista MTB 2358-ES","sameAs":["https:\/\/jornalfatosenoticias.com.br"],"url":"https:\/\/jornalfatosenoticias.com.br\/index.php\/author\/luzimara\/"}]}},"cc_featured_image_caption":{"caption_text":"(Foto: Ik\u00e9 Natural) ","source_text":"","source_url":""},"jetpack_featured_media_url":"https:\/\/jornalfatosenoticias.com.br\/wp-content\/uploads\/2021\/05\/moqueca-de-banana-da-terra.jpg","_links":{"self":[{"href":"https:\/\/jornalfatosenoticias.com.br\/index.php\/wp-json\/wp\/v2\/posts\/18464","targetHints":{"allow":["GET"]}}],"collection":[{"href":"https:\/\/jornalfatosenoticias.com.br\/index.php\/wp-json\/wp\/v2\/posts"}],"about":[{"href":"https:\/\/jornalfatosenoticias.com.br\/index.php\/wp-json\/wp\/v2\/types\/post"}],"author":[{"embeddable":true,"href":"https:\/\/jornalfatosenoticias.com.br\/index.php\/wp-json\/wp\/v2\/users\/2"}],"replies":[{"embeddable":true,"href":"https:\/\/jornalfatosenoticias.com.br\/index.php\/wp-json\/wp\/v2\/comments?post=18464"}],"version-history":[{"count":0,"href":"https:\/\/jornalfatosenoticias.com.br\/index.php\/wp-json\/wp\/v2\/posts\/18464\/revisions"}],"wp:featuredmedia":[{"embeddable":true,"href":"https:\/\/jornalfatosenoticias.com.br\/index.php\/wp-json\/wp\/v2\/media\/18466"}],"wp:attachment":[{"href":"https:\/\/jornalfatosenoticias.com.br\/index.php\/wp-json\/wp\/v2\/media?parent=18464"}],"wp:term":[{"taxonomy":"category","embeddable":true,"href":"https:\/\/jornalfatosenoticias.com.br\/index.php\/wp-json\/wp\/v2\/categories?post=18464"},{"taxonomy":"post_tag","embeddable":true,"href":"https:\/\/jornalfatosenoticias.com.br\/index.php\/wp-json\/wp\/v2\/tags?post=18464"}],"curies":[{"name":"wp","href":"https:\/\/api.w.org\/{rel}","templated":true}]}}