{"id":18468,"date":"2021-05-24T10:53:02","date_gmt":"2021-05-24T13:53:02","guid":{"rendered":"https:\/\/jornalfatosenoticias.com.br\/?p=18468"},"modified":"2021-05-24T10:53:03","modified_gmt":"2021-05-24T13:53:03","slug":"uniao-europeia-confirma-proibicao-de-pesticidas-prejudiciais-as-abelhas","status":"publish","type":"post","link":"https:\/\/jornalfatosenoticias.com.br\/index.php\/2021\/05\/24\/uniao-europeia-confirma-proibicao-de-pesticidas-prejudiciais-as-abelhas\/","title":{"rendered":"Uni\u00e3o Europeia confirma proibi\u00e7\u00e3o de pesticidas prejudiciais \u00e0s abelhas"},"content":{"rendered":"\n<p><em><span class=\"has-inline-color has-black-color\">Decis\u00e3o envolve neonicotinoides usadas em produtos da Bayer, Takeda Chemical e Syngenta<\/span><\/em><\/p>\n\n\n\n<p>No in\u00edcio de maio, a Suprema Corte da <strong>Uni\u00e3o Europeia<\/strong> manteve a proibi\u00e7\u00e3o de tr\u00eas <strong>pesticidas<\/strong> em algumas culturas (milho, canola e cereais). A decis\u00e3o confirma a proibi\u00e7\u00e3o de um tribunal europeu em 2018, que a Bayer tentou anular com um recurso apresentado pela empresa.<br>A proibi\u00e7\u00e3o envolve tr\u00eas subst\u00e2ncias ativas \u2014 imidacloprida desenvolvida pela Bayer CropScience, clotianidina desenvolvida pela Takeda Chemical Industries e Bayer CropScience, e tiametoxam da Syngenta. As subst\u00e2ncias s\u00e3o conhecidas como neonicotinoides e est\u00e3o ligadas \u00e0 morte de abelhas.<br>Um porta-voz da Bayer defendeu a seguran\u00e7a dos produtos, que continuam a ser usados \u200b\u200bem outros pa\u00edses, como o Brasil. A empresa afirma que n\u00e3o existem comprova\u00e7\u00f5es cient\u00edficas que justifiquem as restri\u00e7\u00f5es.<br>Apesar de proibidas, estas subst\u00e2ncias tiveram o seu uso emergencial autorizado 206 vezes na Uni\u00e3o Europeia, entre os anos de 2013 e 2019. Auditores afirmaram que, em 2020, o uso de pesticidas, mesmo sendo ilegal, levou \u00e0 morte em massa das polinizadoras.<br>A decis\u00e3o da Suprema Corte foi pautada justamente em relatos de perdas de col\u00f4nias de <strong>abelhas<\/strong>, ligadas ao mau uso dos pesticidas. \u201cA decis\u00e3o mostra que a prote\u00e7\u00e3o da natureza e da sa\u00fade das pessoas tem preced\u00eancia sobre os estreitos interesses econ\u00f4micos de multinacionais poderosas\u201d, disse a estrategista jur\u00eddica do Greenpeace Andrea Carta.<br>Para proteger as abelhas, a Uni\u00e3o Europeia prop\u00f5e a redu\u00e7\u00e3o do uso de pesticidas qu\u00edmicos em 50% e do uso de fertilizantes em 20% at\u00e9 2030.<\/p>\n\n\n\n<h4 class=\"wp-block-heading\"><span class=\"has-inline-color has-vivid-green-cyan-color\">Brasil<\/span><\/h4>\n\n\n\n<figure class=\"wp-block-image size-large is-resized\"><img loading=\"lazy\" decoding=\"async\" src=\"https:\/\/jornalfatosenoticias.com.br\/wp-content\/uploads\/2021\/05\/agrotoxico-pesticida-pixabay.jpg\" alt=\"\" class=\"wp-image-18469\" width=\"706\" height=\"372\" srcset=\"https:\/\/jornalfatosenoticias.com.br\/wp-content\/uploads\/2021\/05\/agrotoxico-pesticida-pixabay.jpg 1000w, https:\/\/jornalfatosenoticias.com.br\/wp-content\/uploads\/2021\/05\/agrotoxico-pesticida-pixabay-300x158.jpg 300w, https:\/\/jornalfatosenoticias.com.br\/wp-content\/uploads\/2021\/05\/agrotoxico-pesticida-pixabay-768x406.jpg 768w\" sizes=\"auto, (max-width: 706px) 100vw, 706px\" \/><figcaption><em><span class=\"has-inline-color has-black-color\">Aprova\u00e7\u00e3o de agrot\u00f3xicos em 2020 foi recorde no Brasil (Foto: Pixabay)<\/span><\/em><\/figcaption><\/figure>\n\n\n\n<p>Segundo relat\u00f3rio do Greenpeace, o Brasil \u00e9 o terceiro maior consumidor de pesticidas do mundo e utiliza muitas subst\u00e2ncias que n\u00e3o s\u00e3o permitidas na UE. Em 2019, 44% das subst\u00e2ncias aprovadas no Brasil n\u00e3o eram liberadas na UE. Al\u00e9m disso, 70% dos pesticidas usados no Brasil s\u00e3o classificados como altamente perigosos.<br>\u201cEm abril de 2021, 3.231 pesticidas eram aprovados no Brasil. O governo Bolsonaro emitiu o recorde de 1.172 autoriza\u00e7\u00f5es em apenas 845 dias de governo, sendo respons\u00e1vel por 36% de todos os pesticidas que podem ser comercializados legalmente no Brasil\u201d, diz o texto.<\/p>\n\n\n\n<p><strong><span class=\"has-inline-color has-vivid-green-cyan-color\">Impacto nas abelhas<br><\/span><\/strong>Um estudo realizado por bi\u00f3logos brasileiros sugere que o efeito dos agrot\u00f3xicos sobre as abelhas pode ser maior do que se imagina. Mesmo quando usado em doses consideradas n\u00e3o letais, um inseticida encurtou o tempo de vida dos insetos em at\u00e9 50%. Al\u00e9m disso, os pesquisadores observaram que uma subst\u00e2ncia fungicida considerada inofensiva para abelhas alterou o comportamento das oper\u00e1rias, tornando-as let\u00e1rgicas \u2014 fato que pode comprometer o funcionamento de toda a col\u00f4nia.<br>\u00c9 um fato conhecido que diversas esp\u00e9cies de abelhas est\u00e3o desaparecendo em todo o mundo. Na Europa e nos Estados Unidos, o fen\u00f4meno tem sido observado desde o ano 2000. No Brasil, desde pelo menos 2005. No Rio Grande do Sul, entre dezembro de 2018 e janeiro de 2019, foi registrada a perda de aproximadamente cinco mil colmeias \u2014 algo equivalente a 400 milh\u00f5es de abelhas.<\/p>\n\n\n\n<figure class=\"wp-block-image size-large\"><img loading=\"lazy\" decoding=\"async\" width=\"1000\" height=\"666\" src=\"https:\/\/jornalfatosenoticias.com.br\/wp-content\/uploads\/2021\/05\/abelhas_2.jpg\" alt=\"\" class=\"wp-image-18470\" srcset=\"https:\/\/jornalfatosenoticias.com.br\/wp-content\/uploads\/2021\/05\/abelhas_2.jpg 1000w, https:\/\/jornalfatosenoticias.com.br\/wp-content\/uploads\/2021\/05\/abelhas_2-300x200.jpg 300w, https:\/\/jornalfatosenoticias.com.br\/wp-content\/uploads\/2021\/05\/abelhas_2-768x511.jpg 768w\" sizes=\"auto, (max-width: 1000px) 100vw, 1000px\" \/><figcaption><em><span class=\"has-inline-color has-black-color\">A proibi\u00e7\u00e3o deve resultar em uma popula\u00e7\u00e3o de polinizadores mais saud\u00e1vel (Foto: iStock\/Getty Images)<\/span><\/em><\/figcaption><\/figure>\n\n\n\n<p>E n\u00e3o est\u00e3o desaparecendo apenas os indiv\u00edduos da esp\u00e9cie Apis mellifera, abelha de origem europeia e principal respons\u00e1vel pela produ\u00e7\u00e3o comercial de mel. Nas matas brasileiras, h\u00e1 centenas de esp\u00e9cies selvagens possivelmente afetadas. O impacto econ\u00f4mico previsto \u00e9 imenso, pois grande parte da agricultura depende do trabalho de poliniza\u00e7\u00e3o realizado por esses insetos. \u00c9 o caso, por exemplo, de todas as frutas comest\u00edveis.<br>A causa do sumi\u00e7o repentino em massa tamb\u00e9m j\u00e1 \u00e9 conhecida: a aplica\u00e7\u00e3o indevida e indiscriminada de defensivos agr\u00edcolas. Compostos qu\u00edmicos como inseticidas, fungicidas, herbicidas e acaricidas contaminam as abelhas que saem da col\u00f4nia em busca de p\u00f3len e acabam atingindo toda a colmeia. Uma vez dentro da col\u00f4nia, tais compostos s\u00e3o ingeridos pelas larvas, comprometendo sua longevidade e o funcionamento da col\u00f4nia como um todo.<\/p>\n\n\n\n<p><strong><em>Fonte: <a href=\"https:\/\/ciclovivo.com.br\/planeta\/desenvolvimento\/uniao-europeia-confirma-proibicao-de-pesticidas-prejudiciais-as-abelhas\/\">CicloVivo<\/a><\/em><\/strong><\/p>\n","protected":false},"excerpt":{"rendered":"<p>Decis\u00e3o envolve neonicotinoides usadas em produtos da Bayer, Takeda Chemical e Syngenta No in\u00edcio de maio, a Suprema Corte da Uni\u00e3o Europeia manteve a proibi\u00e7\u00e3o de tr\u00eas pesticidas em algumas culturas (milho, canola e cereais). A decis\u00e3o confirma a proibi\u00e7\u00e3o de um tribunal europeu em 2018, que a Bayer tentou anular com um recurso apresentado [&hellip;]<\/p>\n","protected":false},"author":2,"featured_media":18471,"comment_status":"open","ping_status":"open","sticky":false,"template":"","format":"standard","meta":{"footnotes":""},"categories":[8],"tags":[59,1016,6006,497],"class_list":["post-18468","post","type-post","status-publish","format-standard","has-post-thumbnail","hentry","category-meio-ambiente","tag-abelhas","tag-agrotoxicos","tag-pesticidas","tag-uniao-europeia"],"yoast_head":"<!-- This site is optimized with the Yoast SEO plugin v26.5 - https:\/\/yoast.com\/wordpress\/plugins\/seo\/ -->\n<title>Uni\u00e3o Europeia confirma proibi\u00e7\u00e3o de pesticidas prejudiciais \u00e0s abelhas - Jornal Fatos e Not\u00edcias<\/title>\n<meta name=\"robots\" content=\"index, follow, max-snippet:-1, max-image-preview:large, max-video-preview:-1\" \/>\n<link rel=\"canonical\" href=\"https:\/\/jornalfatosenoticias.com.br\/index.php\/2021\/05\/24\/uniao-europeia-confirma-proibicao-de-pesticidas-prejudiciais-as-abelhas\/\" \/>\n<meta property=\"og:locale\" content=\"pt_BR\" \/>\n<meta property=\"og:type\" content=\"article\" \/>\n<meta property=\"og:title\" content=\"Uni\u00e3o Europeia confirma proibi\u00e7\u00e3o de pesticidas prejudiciais \u00e0s abelhas - Jornal Fatos e Not\u00edcias\" \/>\n<meta property=\"og:description\" content=\"Decis\u00e3o envolve neonicotinoides usadas em produtos da Bayer, Takeda Chemical e Syngenta No in\u00edcio de maio, a Suprema Corte da Uni\u00e3o Europeia manteve a proibi\u00e7\u00e3o de tr\u00eas pesticidas em algumas culturas (milho, canola e cereais). A decis\u00e3o confirma a proibi\u00e7\u00e3o de um tribunal europeu em 2018, que a Bayer tentou anular com um recurso apresentado [&hellip;]\" \/>\n<meta property=\"og:url\" content=\"https:\/\/jornalfatosenoticias.com.br\/index.php\/2021\/05\/24\/uniao-europeia-confirma-proibicao-de-pesticidas-prejudiciais-as-abelhas\/\" \/>\n<meta property=\"og:site_name\" content=\"Jornal Fatos e Not\u00edcias\" \/>\n<meta property=\"article:published_time\" content=\"2021-05-24T13:53:02+00:00\" \/>\n<meta property=\"article:modified_time\" content=\"2021-05-24T13:53:03+00:00\" \/>\n<meta property=\"og:image\" content=\"https:\/\/jornalfatosenoticias.com.br\/wp-content\/uploads\/2021\/05\/abelha_capa_iStock.jpg\" \/>\n\t<meta property=\"og:image:width\" content=\"1000\" \/>\n\t<meta property=\"og:image:height\" content=\"671\" \/>\n\t<meta property=\"og:image:type\" content=\"image\/jpeg\" \/>\n<meta name=\"author\" content=\"Luzimara Fernandes\" \/>\n<meta name=\"twitter:card\" content=\"summary_large_image\" \/>\n<meta name=\"twitter:label1\" content=\"Escrito por\" \/>\n\t<meta name=\"twitter:data1\" content=\"Luzimara Fernandes\" \/>\n\t<meta name=\"twitter:label2\" content=\"Est. tempo de leitura\" \/>\n\t<meta name=\"twitter:data2\" content=\"3 minutos\" \/>\n<script type=\"application\/ld+json\" class=\"yoast-schema-graph\">{\"@context\":\"https:\/\/schema.org\",\"@graph\":[{\"@type\":\"Article\",\"@id\":\"https:\/\/jornalfatosenoticias.com.br\/index.php\/2021\/05\/24\/uniao-europeia-confirma-proibicao-de-pesticidas-prejudiciais-as-abelhas\/#article\",\"isPartOf\":{\"@id\":\"https:\/\/jornalfatosenoticias.com.br\/index.php\/2021\/05\/24\/uniao-europeia-confirma-proibicao-de-pesticidas-prejudiciais-as-abelhas\/\"},\"author\":{\"name\":\"Luzimara Fernandes\",\"@id\":\"https:\/\/jornalfatosenoticias.com.br\/#\/schema\/person\/d63837fa13ac8666eb9e74e0985d6f81\"},\"headline\":\"Uni\u00e3o Europeia confirma proibi\u00e7\u00e3o de pesticidas prejudiciais \u00e0s abelhas\",\"datePublished\":\"2021-05-24T13:53:02+00:00\",\"dateModified\":\"2021-05-24T13:53:03+00:00\",\"mainEntityOfPage\":{\"@id\":\"https:\/\/jornalfatosenoticias.com.br\/index.php\/2021\/05\/24\/uniao-europeia-confirma-proibicao-de-pesticidas-prejudiciais-as-abelhas\/\"},\"wordCount\":700,\"commentCount\":0,\"publisher\":{\"@id\":\"https:\/\/jornalfatosenoticias.com.br\/#organization\"},\"image\":{\"@id\":\"https:\/\/jornalfatosenoticias.com.br\/index.php\/2021\/05\/24\/uniao-europeia-confirma-proibicao-de-pesticidas-prejudiciais-as-abelhas\/#primaryimage\"},\"thumbnailUrl\":\"https:\/\/jornalfatosenoticias.com.br\/wp-content\/uploads\/2021\/05\/abelha_capa_iStock.jpg\",\"keywords\":[\"abelhas\",\"agrot\u00f3xicos\",\"pesticidas\",\"Uni\u00e3o Europeia\"],\"articleSection\":[\"Meio ambiente\"],\"inLanguage\":\"pt-BR\",\"potentialAction\":[{\"@type\":\"CommentAction\",\"name\":\"Comment\",\"target\":[\"https:\/\/jornalfatosenoticias.com.br\/index.php\/2021\/05\/24\/uniao-europeia-confirma-proibicao-de-pesticidas-prejudiciais-as-abelhas\/#respond\"]}]},{\"@type\":\"WebPage\",\"@id\":\"https:\/\/jornalfatosenoticias.com.br\/index.php\/2021\/05\/24\/uniao-europeia-confirma-proibicao-de-pesticidas-prejudiciais-as-abelhas\/\",\"url\":\"https:\/\/jornalfatosenoticias.com.br\/index.php\/2021\/05\/24\/uniao-europeia-confirma-proibicao-de-pesticidas-prejudiciais-as-abelhas\/\",\"name\":\"Uni\u00e3o Europeia confirma proibi\u00e7\u00e3o de pesticidas prejudiciais \u00e0s abelhas - Jornal Fatos e Not\u00edcias\",\"isPartOf\":{\"@id\":\"https:\/\/jornalfatosenoticias.com.br\/#website\"},\"primaryImageOfPage\":{\"@id\":\"https:\/\/jornalfatosenoticias.com.br\/index.php\/2021\/05\/24\/uniao-europeia-confirma-proibicao-de-pesticidas-prejudiciais-as-abelhas\/#primaryimage\"},\"image\":{\"@id\":\"https:\/\/jornalfatosenoticias.com.br\/index.php\/2021\/05\/24\/uniao-europeia-confirma-proibicao-de-pesticidas-prejudiciais-as-abelhas\/#primaryimage\"},\"thumbnailUrl\":\"https:\/\/jornalfatosenoticias.com.br\/wp-content\/uploads\/2021\/05\/abelha_capa_iStock.jpg\",\"datePublished\":\"2021-05-24T13:53:02+00:00\",\"dateModified\":\"2021-05-24T13:53:03+00:00\",\"breadcrumb\":{\"@id\":\"https:\/\/jornalfatosenoticias.com.br\/index.php\/2021\/05\/24\/uniao-europeia-confirma-proibicao-de-pesticidas-prejudiciais-as-abelhas\/#breadcrumb\"},\"inLanguage\":\"pt-BR\",\"potentialAction\":[{\"@type\":\"ReadAction\",\"target\":[\"https:\/\/jornalfatosenoticias.com.br\/index.php\/2021\/05\/24\/uniao-europeia-confirma-proibicao-de-pesticidas-prejudiciais-as-abelhas\/\"]}]},{\"@type\":\"ImageObject\",\"inLanguage\":\"pt-BR\",\"@id\":\"https:\/\/jornalfatosenoticias.com.br\/index.php\/2021\/05\/24\/uniao-europeia-confirma-proibicao-de-pesticidas-prejudiciais-as-abelhas\/#primaryimage\",\"url\":\"https:\/\/jornalfatosenoticias.com.br\/wp-content\/uploads\/2021\/05\/abelha_capa_iStock.jpg\",\"contentUrl\":\"https:\/\/jornalfatosenoticias.com.br\/wp-content\/uploads\/2021\/05\/abelha_capa_iStock.jpg\",\"width\":1000,\"height\":671},{\"@type\":\"BreadcrumbList\",\"@id\":\"https:\/\/jornalfatosenoticias.com.br\/index.php\/2021\/05\/24\/uniao-europeia-confirma-proibicao-de-pesticidas-prejudiciais-as-abelhas\/#breadcrumb\",\"itemListElement\":[{\"@type\":\"ListItem\",\"position\":1,\"name\":\"In\u00edcio\",\"item\":\"https:\/\/jornalfatosenoticias.com.br\/\"},{\"@type\":\"ListItem\",\"position\":2,\"name\":\"Uni\u00e3o Europeia confirma proibi\u00e7\u00e3o de pesticidas prejudiciais \u00e0s abelhas\"}]},{\"@type\":\"WebSite\",\"@id\":\"https:\/\/jornalfatosenoticias.com.br\/#website\",\"url\":\"https:\/\/jornalfatosenoticias.com.br\/\",\"name\":\"Jornal Fatos e Not\u00edcias\",\"description\":\"Not\u00edcias em geral\",\"publisher\":{\"@id\":\"https:\/\/jornalfatosenoticias.com.br\/#organization\"},\"potentialAction\":[{\"@type\":\"SearchAction\",\"target\":{\"@type\":\"EntryPoint\",\"urlTemplate\":\"https:\/\/jornalfatosenoticias.com.br\/?s={search_term_string}\"},\"query-input\":{\"@type\":\"PropertyValueSpecification\",\"valueRequired\":true,\"valueName\":\"search_term_string\"}}],\"inLanguage\":\"pt-BR\"},{\"@type\":\"Organization\",\"@id\":\"https:\/\/jornalfatosenoticias.com.br\/#organization\",\"name\":\"Jornal Fatos e Not\u00edcias\",\"url\":\"https:\/\/jornalfatosenoticias.com.br\/\",\"logo\":{\"@type\":\"ImageObject\",\"inLanguage\":\"pt-BR\",\"@id\":\"https:\/\/jornalfatosenoticias.com.br\/#\/schema\/logo\/image\/\",\"url\":\"https:\/\/jornalfatosenoticias.com.br\/wp-content\/uploads\/2020\/02\/logo120.png\",\"contentUrl\":\"https:\/\/jornalfatosenoticias.com.br\/wp-content\/uploads\/2020\/02\/logo120.png\",\"width\":1227,\"height\":120,\"caption\":\"Jornal Fatos e Not\u00edcias\"},\"image\":{\"@id\":\"https:\/\/jornalfatosenoticias.com.br\/#\/schema\/logo\/image\/\"}},{\"@type\":\"Person\",\"@id\":\"https:\/\/jornalfatosenoticias.com.br\/#\/schema\/person\/d63837fa13ac8666eb9e74e0985d6f81\",\"name\":\"Luzimara Fernandes\",\"image\":{\"@type\":\"ImageObject\",\"inLanguage\":\"pt-BR\",\"@id\":\"https:\/\/jornalfatosenoticias.com.br\/#\/schema\/person\/image\/\",\"url\":\"https:\/\/jornalfatosenoticias.com.br\/wp-content\/uploads\/2025\/05\/EU_portal.jpg\",\"contentUrl\":\"https:\/\/jornalfatosenoticias.com.br\/wp-content\/uploads\/2025\/05\/EU_portal.jpg\",\"caption\":\"Luzimara Fernandes\"},\"description\":\"Jornalista MTB 2358-ES\",\"sameAs\":[\"https:\/\/jornalfatosenoticias.com.br\"],\"url\":\"https:\/\/jornalfatosenoticias.com.br\/index.php\/author\/luzimara\/\"}]}<\/script>\n<!-- \/ Yoast SEO plugin. -->","yoast_head_json":{"title":"Uni\u00e3o Europeia confirma proibi\u00e7\u00e3o de pesticidas prejudiciais \u00e0s abelhas - Jornal Fatos e Not\u00edcias","robots":{"index":"index","follow":"follow","max-snippet":"max-snippet:-1","max-image-preview":"max-image-preview:large","max-video-preview":"max-video-preview:-1"},"canonical":"https:\/\/jornalfatosenoticias.com.br\/index.php\/2021\/05\/24\/uniao-europeia-confirma-proibicao-de-pesticidas-prejudiciais-as-abelhas\/","og_locale":"pt_BR","og_type":"article","og_title":"Uni\u00e3o Europeia confirma proibi\u00e7\u00e3o de pesticidas prejudiciais \u00e0s abelhas - Jornal Fatos e Not\u00edcias","og_description":"Decis\u00e3o envolve neonicotinoides usadas em produtos da Bayer, Takeda Chemical e Syngenta No in\u00edcio de maio, a Suprema Corte da Uni\u00e3o Europeia manteve a proibi\u00e7\u00e3o de tr\u00eas pesticidas em algumas culturas (milho, canola e cereais). A decis\u00e3o confirma a proibi\u00e7\u00e3o de um tribunal europeu em 2018, que a Bayer tentou anular com um recurso apresentado [&hellip;]","og_url":"https:\/\/jornalfatosenoticias.com.br\/index.php\/2021\/05\/24\/uniao-europeia-confirma-proibicao-de-pesticidas-prejudiciais-as-abelhas\/","og_site_name":"Jornal Fatos e Not\u00edcias","article_published_time":"2021-05-24T13:53:02+00:00","article_modified_time":"2021-05-24T13:53:03+00:00","og_image":[{"width":1000,"height":671,"url":"https:\/\/jornalfatosenoticias.com.br\/wp-content\/uploads\/2021\/05\/abelha_capa_iStock.jpg","type":"image\/jpeg"}],"author":"Luzimara Fernandes","twitter_card":"summary_large_image","twitter_misc":{"Escrito por":"Luzimara Fernandes","Est. tempo de leitura":"3 minutos"},"schema":{"@context":"https:\/\/schema.org","@graph":[{"@type":"Article","@id":"https:\/\/jornalfatosenoticias.com.br\/index.php\/2021\/05\/24\/uniao-europeia-confirma-proibicao-de-pesticidas-prejudiciais-as-abelhas\/#article","isPartOf":{"@id":"https:\/\/jornalfatosenoticias.com.br\/index.php\/2021\/05\/24\/uniao-europeia-confirma-proibicao-de-pesticidas-prejudiciais-as-abelhas\/"},"author":{"name":"Luzimara Fernandes","@id":"https:\/\/jornalfatosenoticias.com.br\/#\/schema\/person\/d63837fa13ac8666eb9e74e0985d6f81"},"headline":"Uni\u00e3o Europeia confirma proibi\u00e7\u00e3o de pesticidas prejudiciais \u00e0s abelhas","datePublished":"2021-05-24T13:53:02+00:00","dateModified":"2021-05-24T13:53:03+00:00","mainEntityOfPage":{"@id":"https:\/\/jornalfatosenoticias.com.br\/index.php\/2021\/05\/24\/uniao-europeia-confirma-proibicao-de-pesticidas-prejudiciais-as-abelhas\/"},"wordCount":700,"commentCount":0,"publisher":{"@id":"https:\/\/jornalfatosenoticias.com.br\/#organization"},"image":{"@id":"https:\/\/jornalfatosenoticias.com.br\/index.php\/2021\/05\/24\/uniao-europeia-confirma-proibicao-de-pesticidas-prejudiciais-as-abelhas\/#primaryimage"},"thumbnailUrl":"https:\/\/jornalfatosenoticias.com.br\/wp-content\/uploads\/2021\/05\/abelha_capa_iStock.jpg","keywords":["abelhas","agrot\u00f3xicos","pesticidas","Uni\u00e3o Europeia"],"articleSection":["Meio ambiente"],"inLanguage":"pt-BR","potentialAction":[{"@type":"CommentAction","name":"Comment","target":["https:\/\/jornalfatosenoticias.com.br\/index.php\/2021\/05\/24\/uniao-europeia-confirma-proibicao-de-pesticidas-prejudiciais-as-abelhas\/#respond"]}]},{"@type":"WebPage","@id":"https:\/\/jornalfatosenoticias.com.br\/index.php\/2021\/05\/24\/uniao-europeia-confirma-proibicao-de-pesticidas-prejudiciais-as-abelhas\/","url":"https:\/\/jornalfatosenoticias.com.br\/index.php\/2021\/05\/24\/uniao-europeia-confirma-proibicao-de-pesticidas-prejudiciais-as-abelhas\/","name":"Uni\u00e3o Europeia confirma proibi\u00e7\u00e3o de pesticidas prejudiciais \u00e0s abelhas - Jornal Fatos e Not\u00edcias","isPartOf":{"@id":"https:\/\/jornalfatosenoticias.com.br\/#website"},"primaryImageOfPage":{"@id":"https:\/\/jornalfatosenoticias.com.br\/index.php\/2021\/05\/24\/uniao-europeia-confirma-proibicao-de-pesticidas-prejudiciais-as-abelhas\/#primaryimage"},"image":{"@id":"https:\/\/jornalfatosenoticias.com.br\/index.php\/2021\/05\/24\/uniao-europeia-confirma-proibicao-de-pesticidas-prejudiciais-as-abelhas\/#primaryimage"},"thumbnailUrl":"https:\/\/jornalfatosenoticias.com.br\/wp-content\/uploads\/2021\/05\/abelha_capa_iStock.jpg","datePublished":"2021-05-24T13:53:02+00:00","dateModified":"2021-05-24T13:53:03+00:00","breadcrumb":{"@id":"https:\/\/jornalfatosenoticias.com.br\/index.php\/2021\/05\/24\/uniao-europeia-confirma-proibicao-de-pesticidas-prejudiciais-as-abelhas\/#breadcrumb"},"inLanguage":"pt-BR","potentialAction":[{"@type":"ReadAction","target":["https:\/\/jornalfatosenoticias.com.br\/index.php\/2021\/05\/24\/uniao-europeia-confirma-proibicao-de-pesticidas-prejudiciais-as-abelhas\/"]}]},{"@type":"ImageObject","inLanguage":"pt-BR","@id":"https:\/\/jornalfatosenoticias.com.br\/index.php\/2021\/05\/24\/uniao-europeia-confirma-proibicao-de-pesticidas-prejudiciais-as-abelhas\/#primaryimage","url":"https:\/\/jornalfatosenoticias.com.br\/wp-content\/uploads\/2021\/05\/abelha_capa_iStock.jpg","contentUrl":"https:\/\/jornalfatosenoticias.com.br\/wp-content\/uploads\/2021\/05\/abelha_capa_iStock.jpg","width":1000,"height":671},{"@type":"BreadcrumbList","@id":"https:\/\/jornalfatosenoticias.com.br\/index.php\/2021\/05\/24\/uniao-europeia-confirma-proibicao-de-pesticidas-prejudiciais-as-abelhas\/#breadcrumb","itemListElement":[{"@type":"ListItem","position":1,"name":"In\u00edcio","item":"https:\/\/jornalfatosenoticias.com.br\/"},{"@type":"ListItem","position":2,"name":"Uni\u00e3o Europeia confirma proibi\u00e7\u00e3o de pesticidas prejudiciais \u00e0s abelhas"}]},{"@type":"WebSite","@id":"https:\/\/jornalfatosenoticias.com.br\/#website","url":"https:\/\/jornalfatosenoticias.com.br\/","name":"Jornal Fatos e Not\u00edcias","description":"Not\u00edcias em geral","publisher":{"@id":"https:\/\/jornalfatosenoticias.com.br\/#organization"},"potentialAction":[{"@type":"SearchAction","target":{"@type":"EntryPoint","urlTemplate":"https:\/\/jornalfatosenoticias.com.br\/?s={search_term_string}"},"query-input":{"@type":"PropertyValueSpecification","valueRequired":true,"valueName":"search_term_string"}}],"inLanguage":"pt-BR"},{"@type":"Organization","@id":"https:\/\/jornalfatosenoticias.com.br\/#organization","name":"Jornal Fatos e Not\u00edcias","url":"https:\/\/jornalfatosenoticias.com.br\/","logo":{"@type":"ImageObject","inLanguage":"pt-BR","@id":"https:\/\/jornalfatosenoticias.com.br\/#\/schema\/logo\/image\/","url":"https:\/\/jornalfatosenoticias.com.br\/wp-content\/uploads\/2020\/02\/logo120.png","contentUrl":"https:\/\/jornalfatosenoticias.com.br\/wp-content\/uploads\/2020\/02\/logo120.png","width":1227,"height":120,"caption":"Jornal Fatos e Not\u00edcias"},"image":{"@id":"https:\/\/jornalfatosenoticias.com.br\/#\/schema\/logo\/image\/"}},{"@type":"Person","@id":"https:\/\/jornalfatosenoticias.com.br\/#\/schema\/person\/d63837fa13ac8666eb9e74e0985d6f81","name":"Luzimara Fernandes","image":{"@type":"ImageObject","inLanguage":"pt-BR","@id":"https:\/\/jornalfatosenoticias.com.br\/#\/schema\/person\/image\/","url":"https:\/\/jornalfatosenoticias.com.br\/wp-content\/uploads\/2025\/05\/EU_portal.jpg","contentUrl":"https:\/\/jornalfatosenoticias.com.br\/wp-content\/uploads\/2025\/05\/EU_portal.jpg","caption":"Luzimara Fernandes"},"description":"Jornalista MTB 2358-ES","sameAs":["https:\/\/jornalfatosenoticias.com.br"],"url":"https:\/\/jornalfatosenoticias.com.br\/index.php\/author\/luzimara\/"}]}},"cc_featured_image_caption":{"caption_text":"(Foto: iStock) ","source_text":"","source_url":""},"jetpack_featured_media_url":"https:\/\/jornalfatosenoticias.com.br\/wp-content\/uploads\/2021\/05\/abelha_capa_iStock.jpg","_links":{"self":[{"href":"https:\/\/jornalfatosenoticias.com.br\/index.php\/wp-json\/wp\/v2\/posts\/18468","targetHints":{"allow":["GET"]}}],"collection":[{"href":"https:\/\/jornalfatosenoticias.com.br\/index.php\/wp-json\/wp\/v2\/posts"}],"about":[{"href":"https:\/\/jornalfatosenoticias.com.br\/index.php\/wp-json\/wp\/v2\/types\/post"}],"author":[{"embeddable":true,"href":"https:\/\/jornalfatosenoticias.com.br\/index.php\/wp-json\/wp\/v2\/users\/2"}],"replies":[{"embeddable":true,"href":"https:\/\/jornalfatosenoticias.com.br\/index.php\/wp-json\/wp\/v2\/comments?post=18468"}],"version-history":[{"count":0,"href":"https:\/\/jornalfatosenoticias.com.br\/index.php\/wp-json\/wp\/v2\/posts\/18468\/revisions"}],"wp:featuredmedia":[{"embeddable":true,"href":"https:\/\/jornalfatosenoticias.com.br\/index.php\/wp-json\/wp\/v2\/media\/18471"}],"wp:attachment":[{"href":"https:\/\/jornalfatosenoticias.com.br\/index.php\/wp-json\/wp\/v2\/media?parent=18468"}],"wp:term":[{"taxonomy":"category","embeddable":true,"href":"https:\/\/jornalfatosenoticias.com.br\/index.php\/wp-json\/wp\/v2\/categories?post=18468"},{"taxonomy":"post_tag","embeddable":true,"href":"https:\/\/jornalfatosenoticias.com.br\/index.php\/wp-json\/wp\/v2\/tags?post=18468"}],"curies":[{"name":"wp","href":"https:\/\/api.w.org\/{rel}","templated":true}]}}