{"id":18532,"date":"2021-05-25T14:07:53","date_gmt":"2021-05-25T17:07:53","guid":{"rendered":"https:\/\/jornalfatosenoticias.com.br\/?p=18532"},"modified":"2021-05-25T14:07:57","modified_gmt":"2021-05-25T17:07:57","slug":"air-france-realiza-voo-com-oleo-de-cozinha-usado","status":"publish","type":"post","link":"https:\/\/jornalfatosenoticias.com.br\/index.php\/2021\/05\/25\/air-france-realiza-voo-com-oleo-de-cozinha-usado\/","title":{"rendered":"Air France realiza voo com \u00f3leo de cozinha usado"},"content":{"rendered":"\n<p><em><span class=\"has-inline-color has-black-color\">O Airbus A350 movido a biocombust\u00edvel viajou da Fran\u00e7a ao Canad\u00e1<\/span><\/em><\/p>\n\n\n\n<p>O uso de biocombust\u00edveis em voos comerciais j\u00e1 \u00e9 uma realidade, mas a op\u00e7\u00e3o escolhida pela Air France-KLM na \u00faltima ter\u00e7a-feira (18) foi inusitada. A companhia a\u00e9rea saiu de Paris, na Fran\u00e7a, rumo a Montreal, no Canad\u00e1, usando \u00f3leo de cozinha residual.<br>O voo 342 decolou do aeroporto Charles de Gaulle com uma mistura de 16% de combust\u00edvel sustent\u00e1vel. Foi o primeiro voo de longa dist\u00e2ncia movido ao combust\u00edvel sustent\u00e1vel da empresa, mas, dentro da Europa, em fevereiro, j\u00e1 havia realizado um voo de Amsterd\u00e3 (Holanda) a Madri (Espanha).<br>Para garantir a seguran\u00e7a, o \u00f3leo de cozinha usado \u00e9 refinado para atender exatamente \u00e0s mesmas especifica\u00e7\u00f5es t\u00e9cnicas do querosene tradicional. \u201cMostramos que a maior parte da solu\u00e7\u00e3o est\u00e1 na inova\u00e7\u00e3o tecnol\u00f3gica\u201d, afirmou o ministro dos transportes da Fran\u00e7a, Jean-Baptiste Djebbari.<br>A empresa a\u00e9rea anunciou que a mistura de querosene e \u00f3leo de cozinha usado ser\u00e1 adotado oficialmente a partir de setembro. Os primeiros voos ser\u00e3o entre Paris e Amsterd\u00e3.<br>Segundo a ag\u00eancia Reuters, a partir de 2022, os voos que partirem da Fran\u00e7a ser\u00e3o obrigados a usar ao menos 1% de combust\u00edvel sustent\u00e1vel. Apesar de n\u00e3o parecer muito, a meta \u00e9 mais ambiciosa do que as propostas da Uni\u00e3o Europeia de chegar a 2% at\u00e9 2025 e 5% at\u00e9 2030.<br>Al\u00e9m do desafio cient\u00edfico e tecnol\u00f3gico, ainda h\u00e1 o empecilho econ\u00f4mico. A Air France calcula que tal mistura gera um custo adicional de 4\u20ac por passageiro. Para o valor ser competitivo \u00e9 preciso que toda a ind\u00fastria passe a adotar as op\u00e7\u00f5es ecol\u00f3gicas.<\/p>\n\n\n\n<p><strong><span class=\"has-inline-color has-vivid-green-cyan-color\">Emiss\u00f5es na avia\u00e7\u00e3o<br><\/span><\/strong>Estima-se que o setor de avia\u00e7\u00e3o contribua com 2% das emiss\u00f5es totais de gases de efeito estufa no planeta. A ind\u00fastria vem estudando possibilidades para reduzir suas emiss\u00f5es poluentes e o combust\u00edvel de \u00f3leo de cozinha da Air France integra os testes de fontes alternativas.<br>Em 2013, o CicloVivo participou de uma viagem que n\u00e3o emitiu g\u00e1s carb\u00f4nico na atmosfera. O <a href=\"https:\/\/ciclovivo.com.br\/inovacao\/tecnologia\/aviao-realiza-voo-movido-a-plantas-na-colombia\/\" target=\"_blank\" rel=\"noreferrer noopener\">voo movido a plantas<\/a> foi realizado na Col\u00f4mbia.<br>Entretanto, para organiza\u00e7\u00f5es ambientais, apenas a ado\u00e7\u00e3o de combust\u00edveis n\u00e3o ser\u00e1 suficiente para cumprir as metas clim\u00e1ticas. \u00c9 preciso tamb\u00e9m reduzir o tr\u00e1fego a\u00e9reo.<br>Na Fran\u00e7a, um projeto de lei busca proibir voos curtos. A ideia \u00e9 tirar de circula\u00e7\u00e3o os voos que podem ser trocados por uma viagem de trem de menos de duas horas e meia. Com sistema ferrovi\u00e1rio bem desenvolvido, o trem j\u00e1 \u00e9 usado para realizar muitas viagens no pa\u00eds. De todo modo, a medida, por enquanto, afetou apenas algumas rotas de voo.<\/p>\n\n\n\n<p><strong><em>Fonte: <a href=\"https:\/\/ciclovivo.com.br\/arq-urb\/mobilidade\/air-france-voo-oleo-cozinha-usado\/\">CicloVivo<\/a><\/em><\/strong><\/p>\n","protected":false},"excerpt":{"rendered":"<p>O Airbus A350 movido a biocombust\u00edvel viajou da Fran\u00e7a ao Canad\u00e1 O uso de biocombust\u00edveis em voos comerciais j\u00e1 \u00e9 uma realidade, mas a op\u00e7\u00e3o escolhida pela Air France-KLM na \u00faltima ter\u00e7a-feira (18) foi inusitada. A companhia a\u00e9rea saiu de Paris, na Fran\u00e7a, rumo a Montreal, no Canad\u00e1, usando \u00f3leo de cozinha residual.O voo 342 [&hellip;]<\/p>\n","protected":false},"author":2,"featured_media":18533,"comment_status":"open","ping_status":"open","sticky":false,"template":"","format":"standard","meta":{"footnotes":""},"categories":[3],"tags":[9159,9158,4322,9160,5827],"class_list":["post-18532","post","type-post","status-publish","format-standard","has-post-thumbnail","hentry","category-tecnologia","tag-air-france","tag-airbus-a350","tag-biocombustivel","tag-oleo-de-cozinha","tag-voo"],"yoast_head":"<!-- This site is optimized with the Yoast SEO plugin v26.5 - https:\/\/yoast.com\/wordpress\/plugins\/seo\/ -->\n<title>Air France realiza voo com \u00f3leo de cozinha usado - Jornal Fatos e Not\u00edcias<\/title>\n<meta name=\"robots\" content=\"index, follow, max-snippet:-1, max-image-preview:large, max-video-preview:-1\" \/>\n<link rel=\"canonical\" href=\"https:\/\/jornalfatosenoticias.com.br\/index.php\/2021\/05\/25\/air-france-realiza-voo-com-oleo-de-cozinha-usado\/\" \/>\n<meta property=\"og:locale\" content=\"pt_BR\" \/>\n<meta property=\"og:type\" content=\"article\" \/>\n<meta property=\"og:title\" content=\"Air France realiza voo com \u00f3leo de cozinha usado - Jornal Fatos e Not\u00edcias\" \/>\n<meta property=\"og:description\" content=\"O Airbus A350 movido a biocombust\u00edvel viajou da Fran\u00e7a ao Canad\u00e1 O uso de biocombust\u00edveis em voos comerciais j\u00e1 \u00e9 uma realidade, mas a op\u00e7\u00e3o escolhida pela Air France-KLM na \u00faltima ter\u00e7a-feira (18) foi inusitada. A companhia a\u00e9rea saiu de Paris, na Fran\u00e7a, rumo a Montreal, no Canad\u00e1, usando \u00f3leo de cozinha residual.O voo 342 [&hellip;]\" \/>\n<meta property=\"og:url\" content=\"https:\/\/jornalfatosenoticias.com.br\/index.php\/2021\/05\/25\/air-france-realiza-voo-com-oleo-de-cozinha-usado\/\" \/>\n<meta property=\"og:site_name\" content=\"Jornal Fatos e Not\u00edcias\" \/>\n<meta property=\"article:published_time\" content=\"2021-05-25T17:07:53+00:00\" \/>\n<meta property=\"article:modified_time\" content=\"2021-05-25T17:07:57+00:00\" \/>\n<meta property=\"og:image\" content=\"https:\/\/jornalfatosenoticias.com.br\/wp-content\/uploads\/2021\/05\/Air-France-capa.jpg\" \/>\n\t<meta property=\"og:image:width\" content=\"1000\" \/>\n\t<meta property=\"og:image:height\" content=\"750\" \/>\n\t<meta property=\"og:image:type\" content=\"image\/jpeg\" \/>\n<meta name=\"author\" content=\"Luzimara Fernandes\" \/>\n<meta name=\"twitter:card\" content=\"summary_large_image\" \/>\n<meta name=\"twitter:label1\" content=\"Escrito por\" \/>\n\t<meta name=\"twitter:data1\" content=\"Luzimara Fernandes\" \/>\n\t<meta name=\"twitter:label2\" content=\"Est. tempo de leitura\" \/>\n\t<meta name=\"twitter:data2\" content=\"2 minutos\" \/>\n<script type=\"application\/ld+json\" class=\"yoast-schema-graph\">{\"@context\":\"https:\/\/schema.org\",\"@graph\":[{\"@type\":\"Article\",\"@id\":\"https:\/\/jornalfatosenoticias.com.br\/index.php\/2021\/05\/25\/air-france-realiza-voo-com-oleo-de-cozinha-usado\/#article\",\"isPartOf\":{\"@id\":\"https:\/\/jornalfatosenoticias.com.br\/index.php\/2021\/05\/25\/air-france-realiza-voo-com-oleo-de-cozinha-usado\/\"},\"author\":{\"name\":\"Luzimara Fernandes\",\"@id\":\"https:\/\/jornalfatosenoticias.com.br\/#\/schema\/person\/d63837fa13ac8666eb9e74e0985d6f81\"},\"headline\":\"Air France realiza voo com \u00f3leo de cozinha usado\",\"datePublished\":\"2021-05-25T17:07:53+00:00\",\"dateModified\":\"2021-05-25T17:07:57+00:00\",\"mainEntityOfPage\":{\"@id\":\"https:\/\/jornalfatosenoticias.com.br\/index.php\/2021\/05\/25\/air-france-realiza-voo-com-oleo-de-cozinha-usado\/\"},\"wordCount\":473,\"commentCount\":0,\"publisher\":{\"@id\":\"https:\/\/jornalfatosenoticias.com.br\/#organization\"},\"image\":{\"@id\":\"https:\/\/jornalfatosenoticias.com.br\/index.php\/2021\/05\/25\/air-france-realiza-voo-com-oleo-de-cozinha-usado\/#primaryimage\"},\"thumbnailUrl\":\"https:\/\/jornalfatosenoticias.com.br\/wp-content\/uploads\/2021\/05\/Air-France-capa.jpg\",\"keywords\":[\"Air France\",\"Airbus A350\",\"biocombust\u00edvel\",\"\u00f3leo de cozinha\",\"voo\"],\"articleSection\":[\"Tecnologia &amp; Inova\u00e7\u00e3o\"],\"inLanguage\":\"pt-BR\",\"potentialAction\":[{\"@type\":\"CommentAction\",\"name\":\"Comment\",\"target\":[\"https:\/\/jornalfatosenoticias.com.br\/index.php\/2021\/05\/25\/air-france-realiza-voo-com-oleo-de-cozinha-usado\/#respond\"]}]},{\"@type\":\"WebPage\",\"@id\":\"https:\/\/jornalfatosenoticias.com.br\/index.php\/2021\/05\/25\/air-france-realiza-voo-com-oleo-de-cozinha-usado\/\",\"url\":\"https:\/\/jornalfatosenoticias.com.br\/index.php\/2021\/05\/25\/air-france-realiza-voo-com-oleo-de-cozinha-usado\/\",\"name\":\"Air France realiza voo com \u00f3leo de cozinha usado - Jornal Fatos e Not\u00edcias\",\"isPartOf\":{\"@id\":\"https:\/\/jornalfatosenoticias.com.br\/#website\"},\"primaryImageOfPage\":{\"@id\":\"https:\/\/jornalfatosenoticias.com.br\/index.php\/2021\/05\/25\/air-france-realiza-voo-com-oleo-de-cozinha-usado\/#primaryimage\"},\"image\":{\"@id\":\"https:\/\/jornalfatosenoticias.com.br\/index.php\/2021\/05\/25\/air-france-realiza-voo-com-oleo-de-cozinha-usado\/#primaryimage\"},\"thumbnailUrl\":\"https:\/\/jornalfatosenoticias.com.br\/wp-content\/uploads\/2021\/05\/Air-France-capa.jpg\",\"datePublished\":\"2021-05-25T17:07:53+00:00\",\"dateModified\":\"2021-05-25T17:07:57+00:00\",\"breadcrumb\":{\"@id\":\"https:\/\/jornalfatosenoticias.com.br\/index.php\/2021\/05\/25\/air-france-realiza-voo-com-oleo-de-cozinha-usado\/#breadcrumb\"},\"inLanguage\":\"pt-BR\",\"potentialAction\":[{\"@type\":\"ReadAction\",\"target\":[\"https:\/\/jornalfatosenoticias.com.br\/index.php\/2021\/05\/25\/air-france-realiza-voo-com-oleo-de-cozinha-usado\/\"]}]},{\"@type\":\"ImageObject\",\"inLanguage\":\"pt-BR\",\"@id\":\"https:\/\/jornalfatosenoticias.com.br\/index.php\/2021\/05\/25\/air-france-realiza-voo-com-oleo-de-cozinha-usado\/#primaryimage\",\"url\":\"https:\/\/jornalfatosenoticias.com.br\/wp-content\/uploads\/2021\/05\/Air-France-capa.jpg\",\"contentUrl\":\"https:\/\/jornalfatosenoticias.com.br\/wp-content\/uploads\/2021\/05\/Air-France-capa.jpg\",\"width\":1000,\"height\":750},{\"@type\":\"BreadcrumbList\",\"@id\":\"https:\/\/jornalfatosenoticias.com.br\/index.php\/2021\/05\/25\/air-france-realiza-voo-com-oleo-de-cozinha-usado\/#breadcrumb\",\"itemListElement\":[{\"@type\":\"ListItem\",\"position\":1,\"name\":\"In\u00edcio\",\"item\":\"https:\/\/jornalfatosenoticias.com.br\/\"},{\"@type\":\"ListItem\",\"position\":2,\"name\":\"Air France realiza voo com \u00f3leo de cozinha usado\"}]},{\"@type\":\"WebSite\",\"@id\":\"https:\/\/jornalfatosenoticias.com.br\/#website\",\"url\":\"https:\/\/jornalfatosenoticias.com.br\/\",\"name\":\"Jornal Fatos e Not\u00edcias\",\"description\":\"Not\u00edcias em geral\",\"publisher\":{\"@id\":\"https:\/\/jornalfatosenoticias.com.br\/#organization\"},\"potentialAction\":[{\"@type\":\"SearchAction\",\"target\":{\"@type\":\"EntryPoint\",\"urlTemplate\":\"https:\/\/jornalfatosenoticias.com.br\/?s={search_term_string}\"},\"query-input\":{\"@type\":\"PropertyValueSpecification\",\"valueRequired\":true,\"valueName\":\"search_term_string\"}}],\"inLanguage\":\"pt-BR\"},{\"@type\":\"Organization\",\"@id\":\"https:\/\/jornalfatosenoticias.com.br\/#organization\",\"name\":\"Jornal Fatos e Not\u00edcias\",\"url\":\"https:\/\/jornalfatosenoticias.com.br\/\",\"logo\":{\"@type\":\"ImageObject\",\"inLanguage\":\"pt-BR\",\"@id\":\"https:\/\/jornalfatosenoticias.com.br\/#\/schema\/logo\/image\/\",\"url\":\"https:\/\/jornalfatosenoticias.com.br\/wp-content\/uploads\/2020\/02\/logo120.png\",\"contentUrl\":\"https:\/\/jornalfatosenoticias.com.br\/wp-content\/uploads\/2020\/02\/logo120.png\",\"width\":1227,\"height\":120,\"caption\":\"Jornal Fatos e Not\u00edcias\"},\"image\":{\"@id\":\"https:\/\/jornalfatosenoticias.com.br\/#\/schema\/logo\/image\/\"}},{\"@type\":\"Person\",\"@id\":\"https:\/\/jornalfatosenoticias.com.br\/#\/schema\/person\/d63837fa13ac8666eb9e74e0985d6f81\",\"name\":\"Luzimara Fernandes\",\"image\":{\"@type\":\"ImageObject\",\"inLanguage\":\"pt-BR\",\"@id\":\"https:\/\/jornalfatosenoticias.com.br\/#\/schema\/person\/image\/\",\"url\":\"https:\/\/jornalfatosenoticias.com.br\/wp-content\/uploads\/2025\/05\/EU_portal.jpg\",\"contentUrl\":\"https:\/\/jornalfatosenoticias.com.br\/wp-content\/uploads\/2025\/05\/EU_portal.jpg\",\"caption\":\"Luzimara Fernandes\"},\"description\":\"Jornalista MTB 2358-ES\",\"sameAs\":[\"https:\/\/jornalfatosenoticias.com.br\"],\"url\":\"https:\/\/jornalfatosenoticias.com.br\/index.php\/author\/luzimara\/\"}]}<\/script>\n<!-- \/ Yoast SEO plugin. -->","yoast_head_json":{"title":"Air France realiza voo com \u00f3leo de cozinha usado - Jornal Fatos e Not\u00edcias","robots":{"index":"index","follow":"follow","max-snippet":"max-snippet:-1","max-image-preview":"max-image-preview:large","max-video-preview":"max-video-preview:-1"},"canonical":"https:\/\/jornalfatosenoticias.com.br\/index.php\/2021\/05\/25\/air-france-realiza-voo-com-oleo-de-cozinha-usado\/","og_locale":"pt_BR","og_type":"article","og_title":"Air France realiza voo com \u00f3leo de cozinha usado - Jornal Fatos e Not\u00edcias","og_description":"O Airbus A350 movido a biocombust\u00edvel viajou da Fran\u00e7a ao Canad\u00e1 O uso de biocombust\u00edveis em voos comerciais j\u00e1 \u00e9 uma realidade, mas a op\u00e7\u00e3o escolhida pela Air France-KLM na \u00faltima ter\u00e7a-feira (18) foi inusitada. A companhia a\u00e9rea saiu de Paris, na Fran\u00e7a, rumo a Montreal, no Canad\u00e1, usando \u00f3leo de cozinha residual.O voo 342 [&hellip;]","og_url":"https:\/\/jornalfatosenoticias.com.br\/index.php\/2021\/05\/25\/air-france-realiza-voo-com-oleo-de-cozinha-usado\/","og_site_name":"Jornal Fatos e Not\u00edcias","article_published_time":"2021-05-25T17:07:53+00:00","article_modified_time":"2021-05-25T17:07:57+00:00","og_image":[{"width":1000,"height":750,"url":"https:\/\/jornalfatosenoticias.com.br\/wp-content\/uploads\/2021\/05\/Air-France-capa.jpg","type":"image\/jpeg"}],"author":"Luzimara Fernandes","twitter_card":"summary_large_image","twitter_misc":{"Escrito por":"Luzimara Fernandes","Est. tempo de leitura":"2 minutos"},"schema":{"@context":"https:\/\/schema.org","@graph":[{"@type":"Article","@id":"https:\/\/jornalfatosenoticias.com.br\/index.php\/2021\/05\/25\/air-france-realiza-voo-com-oleo-de-cozinha-usado\/#article","isPartOf":{"@id":"https:\/\/jornalfatosenoticias.com.br\/index.php\/2021\/05\/25\/air-france-realiza-voo-com-oleo-de-cozinha-usado\/"},"author":{"name":"Luzimara Fernandes","@id":"https:\/\/jornalfatosenoticias.com.br\/#\/schema\/person\/d63837fa13ac8666eb9e74e0985d6f81"},"headline":"Air France realiza voo com \u00f3leo de cozinha usado","datePublished":"2021-05-25T17:07:53+00:00","dateModified":"2021-05-25T17:07:57+00:00","mainEntityOfPage":{"@id":"https:\/\/jornalfatosenoticias.com.br\/index.php\/2021\/05\/25\/air-france-realiza-voo-com-oleo-de-cozinha-usado\/"},"wordCount":473,"commentCount":0,"publisher":{"@id":"https:\/\/jornalfatosenoticias.com.br\/#organization"},"image":{"@id":"https:\/\/jornalfatosenoticias.com.br\/index.php\/2021\/05\/25\/air-france-realiza-voo-com-oleo-de-cozinha-usado\/#primaryimage"},"thumbnailUrl":"https:\/\/jornalfatosenoticias.com.br\/wp-content\/uploads\/2021\/05\/Air-France-capa.jpg","keywords":["Air France","Airbus A350","biocombust\u00edvel","\u00f3leo de cozinha","voo"],"articleSection":["Tecnologia &amp; Inova\u00e7\u00e3o"],"inLanguage":"pt-BR","potentialAction":[{"@type":"CommentAction","name":"Comment","target":["https:\/\/jornalfatosenoticias.com.br\/index.php\/2021\/05\/25\/air-france-realiza-voo-com-oleo-de-cozinha-usado\/#respond"]}]},{"@type":"WebPage","@id":"https:\/\/jornalfatosenoticias.com.br\/index.php\/2021\/05\/25\/air-france-realiza-voo-com-oleo-de-cozinha-usado\/","url":"https:\/\/jornalfatosenoticias.com.br\/index.php\/2021\/05\/25\/air-france-realiza-voo-com-oleo-de-cozinha-usado\/","name":"Air France realiza voo com \u00f3leo de cozinha usado - Jornal Fatos e Not\u00edcias","isPartOf":{"@id":"https:\/\/jornalfatosenoticias.com.br\/#website"},"primaryImageOfPage":{"@id":"https:\/\/jornalfatosenoticias.com.br\/index.php\/2021\/05\/25\/air-france-realiza-voo-com-oleo-de-cozinha-usado\/#primaryimage"},"image":{"@id":"https:\/\/jornalfatosenoticias.com.br\/index.php\/2021\/05\/25\/air-france-realiza-voo-com-oleo-de-cozinha-usado\/#primaryimage"},"thumbnailUrl":"https:\/\/jornalfatosenoticias.com.br\/wp-content\/uploads\/2021\/05\/Air-France-capa.jpg","datePublished":"2021-05-25T17:07:53+00:00","dateModified":"2021-05-25T17:07:57+00:00","breadcrumb":{"@id":"https:\/\/jornalfatosenoticias.com.br\/index.php\/2021\/05\/25\/air-france-realiza-voo-com-oleo-de-cozinha-usado\/#breadcrumb"},"inLanguage":"pt-BR","potentialAction":[{"@type":"ReadAction","target":["https:\/\/jornalfatosenoticias.com.br\/index.php\/2021\/05\/25\/air-france-realiza-voo-com-oleo-de-cozinha-usado\/"]}]},{"@type":"ImageObject","inLanguage":"pt-BR","@id":"https:\/\/jornalfatosenoticias.com.br\/index.php\/2021\/05\/25\/air-france-realiza-voo-com-oleo-de-cozinha-usado\/#primaryimage","url":"https:\/\/jornalfatosenoticias.com.br\/wp-content\/uploads\/2021\/05\/Air-France-capa.jpg","contentUrl":"https:\/\/jornalfatosenoticias.com.br\/wp-content\/uploads\/2021\/05\/Air-France-capa.jpg","width":1000,"height":750},{"@type":"BreadcrumbList","@id":"https:\/\/jornalfatosenoticias.com.br\/index.php\/2021\/05\/25\/air-france-realiza-voo-com-oleo-de-cozinha-usado\/#breadcrumb","itemListElement":[{"@type":"ListItem","position":1,"name":"In\u00edcio","item":"https:\/\/jornalfatosenoticias.com.br\/"},{"@type":"ListItem","position":2,"name":"Air France realiza voo com \u00f3leo de cozinha usado"}]},{"@type":"WebSite","@id":"https:\/\/jornalfatosenoticias.com.br\/#website","url":"https:\/\/jornalfatosenoticias.com.br\/","name":"Jornal Fatos e Not\u00edcias","description":"Not\u00edcias em geral","publisher":{"@id":"https:\/\/jornalfatosenoticias.com.br\/#organization"},"potentialAction":[{"@type":"SearchAction","target":{"@type":"EntryPoint","urlTemplate":"https:\/\/jornalfatosenoticias.com.br\/?s={search_term_string}"},"query-input":{"@type":"PropertyValueSpecification","valueRequired":true,"valueName":"search_term_string"}}],"inLanguage":"pt-BR"},{"@type":"Organization","@id":"https:\/\/jornalfatosenoticias.com.br\/#organization","name":"Jornal Fatos e Not\u00edcias","url":"https:\/\/jornalfatosenoticias.com.br\/","logo":{"@type":"ImageObject","inLanguage":"pt-BR","@id":"https:\/\/jornalfatosenoticias.com.br\/#\/schema\/logo\/image\/","url":"https:\/\/jornalfatosenoticias.com.br\/wp-content\/uploads\/2020\/02\/logo120.png","contentUrl":"https:\/\/jornalfatosenoticias.com.br\/wp-content\/uploads\/2020\/02\/logo120.png","width":1227,"height":120,"caption":"Jornal Fatos e Not\u00edcias"},"image":{"@id":"https:\/\/jornalfatosenoticias.com.br\/#\/schema\/logo\/image\/"}},{"@type":"Person","@id":"https:\/\/jornalfatosenoticias.com.br\/#\/schema\/person\/d63837fa13ac8666eb9e74e0985d6f81","name":"Luzimara Fernandes","image":{"@type":"ImageObject","inLanguage":"pt-BR","@id":"https:\/\/jornalfatosenoticias.com.br\/#\/schema\/person\/image\/","url":"https:\/\/jornalfatosenoticias.com.br\/wp-content\/uploads\/2025\/05\/EU_portal.jpg","contentUrl":"https:\/\/jornalfatosenoticias.com.br\/wp-content\/uploads\/2025\/05\/EU_portal.jpg","caption":"Luzimara Fernandes"},"description":"Jornalista MTB 2358-ES","sameAs":["https:\/\/jornalfatosenoticias.com.br"],"url":"https:\/\/jornalfatosenoticias.com.br\/index.php\/author\/luzimara\/"}]}},"cc_featured_image_caption":{"caption_text":"(Foto: Daniel Eledut\/Unsplash) ","source_text":"","source_url":""},"jetpack_featured_media_url":"https:\/\/jornalfatosenoticias.com.br\/wp-content\/uploads\/2021\/05\/Air-France-capa.jpg","_links":{"self":[{"href":"https:\/\/jornalfatosenoticias.com.br\/index.php\/wp-json\/wp\/v2\/posts\/18532","targetHints":{"allow":["GET"]}}],"collection":[{"href":"https:\/\/jornalfatosenoticias.com.br\/index.php\/wp-json\/wp\/v2\/posts"}],"about":[{"href":"https:\/\/jornalfatosenoticias.com.br\/index.php\/wp-json\/wp\/v2\/types\/post"}],"author":[{"embeddable":true,"href":"https:\/\/jornalfatosenoticias.com.br\/index.php\/wp-json\/wp\/v2\/users\/2"}],"replies":[{"embeddable":true,"href":"https:\/\/jornalfatosenoticias.com.br\/index.php\/wp-json\/wp\/v2\/comments?post=18532"}],"version-history":[{"count":0,"href":"https:\/\/jornalfatosenoticias.com.br\/index.php\/wp-json\/wp\/v2\/posts\/18532\/revisions"}],"wp:featuredmedia":[{"embeddable":true,"href":"https:\/\/jornalfatosenoticias.com.br\/index.php\/wp-json\/wp\/v2\/media\/18533"}],"wp:attachment":[{"href":"https:\/\/jornalfatosenoticias.com.br\/index.php\/wp-json\/wp\/v2\/media?parent=18532"}],"wp:term":[{"taxonomy":"category","embeddable":true,"href":"https:\/\/jornalfatosenoticias.com.br\/index.php\/wp-json\/wp\/v2\/categories?post=18532"},{"taxonomy":"post_tag","embeddable":true,"href":"https:\/\/jornalfatosenoticias.com.br\/index.php\/wp-json\/wp\/v2\/tags?post=18532"}],"curies":[{"name":"wp","href":"https:\/\/api.w.org\/{rel}","templated":true}]}}