{"id":18535,"date":"2021-05-25T14:15:34","date_gmt":"2021-05-25T17:15:34","guid":{"rendered":"https:\/\/jornalfatosenoticias.com.br\/?p=18535"},"modified":"2021-05-25T14:15:38","modified_gmt":"2021-05-25T17:15:38","slug":"cpi-deve-votar-convocacao-de-governadores-e-prefeitos-na-quarta-feira","status":"publish","type":"post","link":"https:\/\/jornalfatosenoticias.com.br\/index.php\/2021\/05\/25\/cpi-deve-votar-convocacao-de-governadores-e-prefeitos-na-quarta-feira\/","title":{"rendered":"CPI deve votar convoca\u00e7\u00e3o de governadores e prefeitos na quarta-feira"},"content":{"rendered":"\n<p><em><span class=\"has-inline-color has-black-color\">Comiss\u00e3o deve votar mais de 200 requerimentos<\/span><\/em><\/p>\n\n\n\n<p>A CPI da Pandemia deve votar nesta quarta-feira (26) a convoca\u00e7\u00e3o de nove governadores e 12 prefeitos e ex-prefeitos para depor sobre suspeitas de desvio de recursos para o combate ao coronav\u00edrus em estados e capitais. A lista dos gestores ainda n\u00e3o foi divulgada. Mas o presidente da comiss\u00e3o, senador Omar Aziz (PSD-AM), j\u00e1 anunciou em uma rede social que o colegiado deve apreciar mais de 200 requerimentos.<br>&#8220;Logo mais retomaremos os trabalhos da CPI. Hoje e quinta, depoimentos. Amanh\u00e3, vota\u00e7\u00e3o de mais de 200 requerimentos. Semana promete. Vamos votar requerimentos para a convoca\u00e7\u00e3o de pelo menos nove governadores e 12 prefeitos e ex-prefeitos \u2014 estados e capitais onde a Pol\u00edcia Federal investiga suspeitas de desvio de recursos de combate \u00e0 covid&#8221;, escreveu.<br><a href=\"https:\/\/legis.senado.leg.br\/sdleg-getter\/documento\/download\/d9a1cc8e-dad5-418e-9272-e76d24ba2fcb\">A pauta, divulgada pela CPI da Pandemia<\/a> para a reuni\u00e3o de quarta-feira, prev\u00ea a vota\u00e7\u00e3o de 42 requerimentos. O documento ainda n\u00e3o inclui os pedidos de convoca\u00e7\u00e3o dos gestores estaduais e municipais. Os senadores devem votar a reconvoca\u00e7\u00e3o do ex-ministro Eduardo Pazuello e a convoca\u00e7\u00e3o do empres\u00e1rio Carlos Wizard, suspeito de integrar um \u201cminist\u00e9rio paralelo da Sa\u00fade\u201d.<br>Os senadores devem votar ainda 15 requerimentos de informa\u00e7\u00f5es. Os parlamentares querem acesso a dados mantidos pelos minist\u00e9rios da Sa\u00fade, das Rela\u00e7\u00f5es Exteriores e das Comunica\u00e7\u00f5es, al\u00e9m Secretaria-Geral da Presid\u00eancia da Rep\u00fablica. H\u00e1 ainda requerimentos de informa\u00e7\u00f5es para Instituto Butantan, Instituto de Pesquisa Econ\u00f4mica Aplicada (Ipea), Conselho Federal de Medicina (CFM), governos estaduais, prefeituras e as empresas Wuxi Biologicals e Sinovac.<br>A CPI da Pandemia pode votar 24 requerimentos para convite a testemunhas. Os senadores querem ouvir m\u00e9dicos e pesquisadores sobre tratamentos e protocolos usados no enfrentamento \u00e0 covid-19. Os parlamentares tamb\u00e9m podem chamar para depor representantes da empresa White Martins, respons\u00e1vel pelo fornecimento de oxig\u00eanio \u00e0 cidade de Manaus (AM).<br>Outro requerimento na pauta recomenda que o ministro da Sa\u00fade, Marcelo Queiroga, revogue uma nota informativa com orienta\u00e7\u00f5es para o \u201ctratamento precoce\u201d de pacientes com covid-19. O documento foi publicado em julho do ano passado, na gest\u00e3o do ent\u00e3o ministro Eduardo Pazuello.<\/p>\n\n\n\n<figure class=\"wp-block-embed-youtube wp-block-embed is-type-video is-provider-youtube wp-embed-aspect-16-9 wp-has-aspect-ratio\"><div class=\"wp-block-embed__wrapper\">\n<iframe loading=\"lazy\" title=\"CPI da Pandemia vota convoca\u00e7\u00e3o de prefeitos e governadores nesta quarta (26), anuncia Omar Aziz\" width=\"660\" height=\"371\" src=\"https:\/\/www.youtube.com\/embed\/aMugf5kfqL8?feature=oembed\" frameborder=\"0\" allow=\"accelerometer; autoplay; clipboard-write; encrypted-media; gyroscope; picture-in-picture; web-share\" referrerpolicy=\"strict-origin-when-cross-origin\" allowfullscreen><\/iframe>\n<\/div><\/figure>\n\n\n\n<p><strong><em>Fonte: <a href=\"https:\/\/www12.senado.leg.br\/noticias\/materias\/2021\/05\/25\/cpi-deve-votar-convocacao-de-governadores-e-prefeitos-na-quarta-feira\">Ag\u00eancia Senado<\/a><\/em><\/strong><\/p>\n","protected":false},"excerpt":{"rendered":"<p>Comiss\u00e3o deve votar mais de 200 requerimentos A CPI da Pandemia deve votar nesta quarta-feira (26) a convoca\u00e7\u00e3o de nove governadores e 12 prefeitos e ex-prefeitos para depor sobre suspeitas de desvio de recursos para o combate ao coronav\u00edrus em estados e capitais. A lista dos gestores ainda n\u00e3o foi divulgada. Mas o presidente da [&hellip;]<\/p>\n","protected":false},"author":2,"featured_media":18536,"comment_status":"open","ping_status":"open","sticky":false,"template":"","format":"standard","meta":{"footnotes":""},"categories":[10],"tags":[9161,8577,1597,1598,8619,9162],"class_list":["post-18535","post","type-post","status-publish","format-standard","has-post-thumbnail","hentry","category-politica","tag-cpi-da-covid","tag-cpi-da-pandemia","tag-estados","tag-municipios","tag-senado-contra-covid-19","tag-senador-omar-aziz"],"yoast_head":"<!-- This site is optimized with the Yoast SEO plugin v26.5 - https:\/\/yoast.com\/wordpress\/plugins\/seo\/ -->\n<title>CPI deve votar convoca\u00e7\u00e3o de governadores e prefeitos na quarta-feira - Jornal Fatos e Not\u00edcias<\/title>\n<meta name=\"robots\" content=\"index, follow, max-snippet:-1, max-image-preview:large, max-video-preview:-1\" \/>\n<link rel=\"canonical\" href=\"https:\/\/jornalfatosenoticias.com.br\/index.php\/2021\/05\/25\/cpi-deve-votar-convocacao-de-governadores-e-prefeitos-na-quarta-feira\/\" \/>\n<meta property=\"og:locale\" content=\"pt_BR\" \/>\n<meta property=\"og:type\" content=\"article\" \/>\n<meta property=\"og:title\" content=\"CPI deve votar convoca\u00e7\u00e3o de governadores e prefeitos na quarta-feira - Jornal Fatos e Not\u00edcias\" \/>\n<meta property=\"og:description\" content=\"Comiss\u00e3o deve votar mais de 200 requerimentos A CPI da Pandemia deve votar nesta quarta-feira (26) a convoca\u00e7\u00e3o de nove governadores e 12 prefeitos e ex-prefeitos para depor sobre suspeitas de desvio de recursos para o combate ao coronav\u00edrus em estados e capitais. A lista dos gestores ainda n\u00e3o foi divulgada. Mas o presidente da [&hellip;]\" \/>\n<meta property=\"og:url\" content=\"https:\/\/jornalfatosenoticias.com.br\/index.php\/2021\/05\/25\/cpi-deve-votar-convocacao-de-governadores-e-prefeitos-na-quarta-feira\/\" \/>\n<meta property=\"og:site_name\" content=\"Jornal Fatos e Not\u00edcias\" \/>\n<meta property=\"article:published_time\" content=\"2021-05-25T17:15:34+00:00\" \/>\n<meta property=\"article:modified_time\" content=\"2021-05-25T17:15:38+00:00\" \/>\n<meta property=\"og:image\" content=\"https:\/\/jornalfatosenoticias.com.br\/wp-content\/uploads\/2021\/05\/cpi-da-pandemia.jpg\" \/>\n\t<meta property=\"og:image:width\" content=\"1000\" \/>\n\t<meta property=\"og:image:height\" content=\"662\" \/>\n\t<meta property=\"og:image:type\" content=\"image\/jpeg\" \/>\n<meta name=\"author\" content=\"Luzimara Fernandes\" \/>\n<meta name=\"twitter:card\" content=\"summary_large_image\" \/>\n<meta name=\"twitter:label1\" content=\"Escrito por\" \/>\n\t<meta name=\"twitter:data1\" content=\"Luzimara Fernandes\" \/>\n\t<meta name=\"twitter:label2\" content=\"Est. tempo de leitura\" \/>\n\t<meta name=\"twitter:data2\" content=\"2 minutos\" \/>\n<script type=\"application\/ld+json\" class=\"yoast-schema-graph\">{\"@context\":\"https:\/\/schema.org\",\"@graph\":[{\"@type\":\"Article\",\"@id\":\"https:\/\/jornalfatosenoticias.com.br\/index.php\/2021\/05\/25\/cpi-deve-votar-convocacao-de-governadores-e-prefeitos-na-quarta-feira\/#article\",\"isPartOf\":{\"@id\":\"https:\/\/jornalfatosenoticias.com.br\/index.php\/2021\/05\/25\/cpi-deve-votar-convocacao-de-governadores-e-prefeitos-na-quarta-feira\/\"},\"author\":{\"name\":\"Luzimara Fernandes\",\"@id\":\"https:\/\/jornalfatosenoticias.com.br\/#\/schema\/person\/d63837fa13ac8666eb9e74e0985d6f81\"},\"headline\":\"CPI deve votar convoca\u00e7\u00e3o de governadores e prefeitos na quarta-feira\",\"datePublished\":\"2021-05-25T17:15:34+00:00\",\"dateModified\":\"2021-05-25T17:15:38+00:00\",\"mainEntityOfPage\":{\"@id\":\"https:\/\/jornalfatosenoticias.com.br\/index.php\/2021\/05\/25\/cpi-deve-votar-convocacao-de-governadores-e-prefeitos-na-quarta-feira\/\"},\"wordCount\":390,\"commentCount\":0,\"publisher\":{\"@id\":\"https:\/\/jornalfatosenoticias.com.br\/#organization\"},\"image\":{\"@id\":\"https:\/\/jornalfatosenoticias.com.br\/index.php\/2021\/05\/25\/cpi-deve-votar-convocacao-de-governadores-e-prefeitos-na-quarta-feira\/#primaryimage\"},\"thumbnailUrl\":\"https:\/\/jornalfatosenoticias.com.br\/wp-content\/uploads\/2021\/05\/cpi-da-pandemia.jpg\",\"keywords\":[\"CPI da Covid\",\"CPI da Pandemia\",\"estados\",\"munic\u00edpios\",\"Senado Contra Covid-19\",\"senador Omar Aziz\"],\"articleSection\":[\"Pol\u00edtica\"],\"inLanguage\":\"pt-BR\",\"potentialAction\":[{\"@type\":\"CommentAction\",\"name\":\"Comment\",\"target\":[\"https:\/\/jornalfatosenoticias.com.br\/index.php\/2021\/05\/25\/cpi-deve-votar-convocacao-de-governadores-e-prefeitos-na-quarta-feira\/#respond\"]}]},{\"@type\":\"WebPage\",\"@id\":\"https:\/\/jornalfatosenoticias.com.br\/index.php\/2021\/05\/25\/cpi-deve-votar-convocacao-de-governadores-e-prefeitos-na-quarta-feira\/\",\"url\":\"https:\/\/jornalfatosenoticias.com.br\/index.php\/2021\/05\/25\/cpi-deve-votar-convocacao-de-governadores-e-prefeitos-na-quarta-feira\/\",\"name\":\"CPI deve votar convoca\u00e7\u00e3o de governadores e prefeitos na quarta-feira - Jornal Fatos e Not\u00edcias\",\"isPartOf\":{\"@id\":\"https:\/\/jornalfatosenoticias.com.br\/#website\"},\"primaryImageOfPage\":{\"@id\":\"https:\/\/jornalfatosenoticias.com.br\/index.php\/2021\/05\/25\/cpi-deve-votar-convocacao-de-governadores-e-prefeitos-na-quarta-feira\/#primaryimage\"},\"image\":{\"@id\":\"https:\/\/jornalfatosenoticias.com.br\/index.php\/2021\/05\/25\/cpi-deve-votar-convocacao-de-governadores-e-prefeitos-na-quarta-feira\/#primaryimage\"},\"thumbnailUrl\":\"https:\/\/jornalfatosenoticias.com.br\/wp-content\/uploads\/2021\/05\/cpi-da-pandemia.jpg\",\"datePublished\":\"2021-05-25T17:15:34+00:00\",\"dateModified\":\"2021-05-25T17:15:38+00:00\",\"breadcrumb\":{\"@id\":\"https:\/\/jornalfatosenoticias.com.br\/index.php\/2021\/05\/25\/cpi-deve-votar-convocacao-de-governadores-e-prefeitos-na-quarta-feira\/#breadcrumb\"},\"inLanguage\":\"pt-BR\",\"potentialAction\":[{\"@type\":\"ReadAction\",\"target\":[\"https:\/\/jornalfatosenoticias.com.br\/index.php\/2021\/05\/25\/cpi-deve-votar-convocacao-de-governadores-e-prefeitos-na-quarta-feira\/\"]}]},{\"@type\":\"ImageObject\",\"inLanguage\":\"pt-BR\",\"@id\":\"https:\/\/jornalfatosenoticias.com.br\/index.php\/2021\/05\/25\/cpi-deve-votar-convocacao-de-governadores-e-prefeitos-na-quarta-feira\/#primaryimage\",\"url\":\"https:\/\/jornalfatosenoticias.com.br\/wp-content\/uploads\/2021\/05\/cpi-da-pandemia.jpg\",\"contentUrl\":\"https:\/\/jornalfatosenoticias.com.br\/wp-content\/uploads\/2021\/05\/cpi-da-pandemia.jpg\",\"width\":1000,\"height\":662},{\"@type\":\"BreadcrumbList\",\"@id\":\"https:\/\/jornalfatosenoticias.com.br\/index.php\/2021\/05\/25\/cpi-deve-votar-convocacao-de-governadores-e-prefeitos-na-quarta-feira\/#breadcrumb\",\"itemListElement\":[{\"@type\":\"ListItem\",\"position\":1,\"name\":\"In\u00edcio\",\"item\":\"https:\/\/jornalfatosenoticias.com.br\/\"},{\"@type\":\"ListItem\",\"position\":2,\"name\":\"CPI deve votar convoca\u00e7\u00e3o de governadores e prefeitos na quarta-feira\"}]},{\"@type\":\"WebSite\",\"@id\":\"https:\/\/jornalfatosenoticias.com.br\/#website\",\"url\":\"https:\/\/jornalfatosenoticias.com.br\/\",\"name\":\"Jornal Fatos e Not\u00edcias\",\"description\":\"Not\u00edcias em geral\",\"publisher\":{\"@id\":\"https:\/\/jornalfatosenoticias.com.br\/#organization\"},\"potentialAction\":[{\"@type\":\"SearchAction\",\"target\":{\"@type\":\"EntryPoint\",\"urlTemplate\":\"https:\/\/jornalfatosenoticias.com.br\/?s={search_term_string}\"},\"query-input\":{\"@type\":\"PropertyValueSpecification\",\"valueRequired\":true,\"valueName\":\"search_term_string\"}}],\"inLanguage\":\"pt-BR\"},{\"@type\":\"Organization\",\"@id\":\"https:\/\/jornalfatosenoticias.com.br\/#organization\",\"name\":\"Jornal Fatos e Not\u00edcias\",\"url\":\"https:\/\/jornalfatosenoticias.com.br\/\",\"logo\":{\"@type\":\"ImageObject\",\"inLanguage\":\"pt-BR\",\"@id\":\"https:\/\/jornalfatosenoticias.com.br\/#\/schema\/logo\/image\/\",\"url\":\"https:\/\/jornalfatosenoticias.com.br\/wp-content\/uploads\/2020\/02\/logo120.png\",\"contentUrl\":\"https:\/\/jornalfatosenoticias.com.br\/wp-content\/uploads\/2020\/02\/logo120.png\",\"width\":1227,\"height\":120,\"caption\":\"Jornal Fatos e Not\u00edcias\"},\"image\":{\"@id\":\"https:\/\/jornalfatosenoticias.com.br\/#\/schema\/logo\/image\/\"}},{\"@type\":\"Person\",\"@id\":\"https:\/\/jornalfatosenoticias.com.br\/#\/schema\/person\/d63837fa13ac8666eb9e74e0985d6f81\",\"name\":\"Luzimara Fernandes\",\"image\":{\"@type\":\"ImageObject\",\"inLanguage\":\"pt-BR\",\"@id\":\"https:\/\/jornalfatosenoticias.com.br\/#\/schema\/person\/image\/\",\"url\":\"https:\/\/jornalfatosenoticias.com.br\/wp-content\/uploads\/2025\/05\/EU_portal.jpg\",\"contentUrl\":\"https:\/\/jornalfatosenoticias.com.br\/wp-content\/uploads\/2025\/05\/EU_portal.jpg\",\"caption\":\"Luzimara Fernandes\"},\"description\":\"Jornalista MTB 2358-ES\",\"sameAs\":[\"https:\/\/jornalfatosenoticias.com.br\"],\"url\":\"https:\/\/jornalfatosenoticias.com.br\/index.php\/author\/luzimara\/\"}]}<\/script>\n<!-- \/ Yoast SEO plugin. -->","yoast_head_json":{"title":"CPI deve votar convoca\u00e7\u00e3o de governadores e prefeitos na quarta-feira - Jornal Fatos e Not\u00edcias","robots":{"index":"index","follow":"follow","max-snippet":"max-snippet:-1","max-image-preview":"max-image-preview:large","max-video-preview":"max-video-preview:-1"},"canonical":"https:\/\/jornalfatosenoticias.com.br\/index.php\/2021\/05\/25\/cpi-deve-votar-convocacao-de-governadores-e-prefeitos-na-quarta-feira\/","og_locale":"pt_BR","og_type":"article","og_title":"CPI deve votar convoca\u00e7\u00e3o de governadores e prefeitos na quarta-feira - Jornal Fatos e Not\u00edcias","og_description":"Comiss\u00e3o deve votar mais de 200 requerimentos A CPI da Pandemia deve votar nesta quarta-feira (26) a convoca\u00e7\u00e3o de nove governadores e 12 prefeitos e ex-prefeitos para depor sobre suspeitas de desvio de recursos para o combate ao coronav\u00edrus em estados e capitais. A lista dos gestores ainda n\u00e3o foi divulgada. Mas o presidente da [&hellip;]","og_url":"https:\/\/jornalfatosenoticias.com.br\/index.php\/2021\/05\/25\/cpi-deve-votar-convocacao-de-governadores-e-prefeitos-na-quarta-feira\/","og_site_name":"Jornal Fatos e Not\u00edcias","article_published_time":"2021-05-25T17:15:34+00:00","article_modified_time":"2021-05-25T17:15:38+00:00","og_image":[{"width":1000,"height":662,"url":"https:\/\/jornalfatosenoticias.com.br\/wp-content\/uploads\/2021\/05\/cpi-da-pandemia.jpg","type":"image\/jpeg"}],"author":"Luzimara Fernandes","twitter_card":"summary_large_image","twitter_misc":{"Escrito por":"Luzimara Fernandes","Est. tempo de leitura":"2 minutos"},"schema":{"@context":"https:\/\/schema.org","@graph":[{"@type":"Article","@id":"https:\/\/jornalfatosenoticias.com.br\/index.php\/2021\/05\/25\/cpi-deve-votar-convocacao-de-governadores-e-prefeitos-na-quarta-feira\/#article","isPartOf":{"@id":"https:\/\/jornalfatosenoticias.com.br\/index.php\/2021\/05\/25\/cpi-deve-votar-convocacao-de-governadores-e-prefeitos-na-quarta-feira\/"},"author":{"name":"Luzimara Fernandes","@id":"https:\/\/jornalfatosenoticias.com.br\/#\/schema\/person\/d63837fa13ac8666eb9e74e0985d6f81"},"headline":"CPI deve votar convoca\u00e7\u00e3o de governadores e prefeitos na quarta-feira","datePublished":"2021-05-25T17:15:34+00:00","dateModified":"2021-05-25T17:15:38+00:00","mainEntityOfPage":{"@id":"https:\/\/jornalfatosenoticias.com.br\/index.php\/2021\/05\/25\/cpi-deve-votar-convocacao-de-governadores-e-prefeitos-na-quarta-feira\/"},"wordCount":390,"commentCount":0,"publisher":{"@id":"https:\/\/jornalfatosenoticias.com.br\/#organization"},"image":{"@id":"https:\/\/jornalfatosenoticias.com.br\/index.php\/2021\/05\/25\/cpi-deve-votar-convocacao-de-governadores-e-prefeitos-na-quarta-feira\/#primaryimage"},"thumbnailUrl":"https:\/\/jornalfatosenoticias.com.br\/wp-content\/uploads\/2021\/05\/cpi-da-pandemia.jpg","keywords":["CPI da Covid","CPI da Pandemia","estados","munic\u00edpios","Senado Contra Covid-19","senador Omar Aziz"],"articleSection":["Pol\u00edtica"],"inLanguage":"pt-BR","potentialAction":[{"@type":"CommentAction","name":"Comment","target":["https:\/\/jornalfatosenoticias.com.br\/index.php\/2021\/05\/25\/cpi-deve-votar-convocacao-de-governadores-e-prefeitos-na-quarta-feira\/#respond"]}]},{"@type":"WebPage","@id":"https:\/\/jornalfatosenoticias.com.br\/index.php\/2021\/05\/25\/cpi-deve-votar-convocacao-de-governadores-e-prefeitos-na-quarta-feira\/","url":"https:\/\/jornalfatosenoticias.com.br\/index.php\/2021\/05\/25\/cpi-deve-votar-convocacao-de-governadores-e-prefeitos-na-quarta-feira\/","name":"CPI deve votar convoca\u00e7\u00e3o de governadores e prefeitos na quarta-feira - Jornal Fatos e Not\u00edcias","isPartOf":{"@id":"https:\/\/jornalfatosenoticias.com.br\/#website"},"primaryImageOfPage":{"@id":"https:\/\/jornalfatosenoticias.com.br\/index.php\/2021\/05\/25\/cpi-deve-votar-convocacao-de-governadores-e-prefeitos-na-quarta-feira\/#primaryimage"},"image":{"@id":"https:\/\/jornalfatosenoticias.com.br\/index.php\/2021\/05\/25\/cpi-deve-votar-convocacao-de-governadores-e-prefeitos-na-quarta-feira\/#primaryimage"},"thumbnailUrl":"https:\/\/jornalfatosenoticias.com.br\/wp-content\/uploads\/2021\/05\/cpi-da-pandemia.jpg","datePublished":"2021-05-25T17:15:34+00:00","dateModified":"2021-05-25T17:15:38+00:00","breadcrumb":{"@id":"https:\/\/jornalfatosenoticias.com.br\/index.php\/2021\/05\/25\/cpi-deve-votar-convocacao-de-governadores-e-prefeitos-na-quarta-feira\/#breadcrumb"},"inLanguage":"pt-BR","potentialAction":[{"@type":"ReadAction","target":["https:\/\/jornalfatosenoticias.com.br\/index.php\/2021\/05\/25\/cpi-deve-votar-convocacao-de-governadores-e-prefeitos-na-quarta-feira\/"]}]},{"@type":"ImageObject","inLanguage":"pt-BR","@id":"https:\/\/jornalfatosenoticias.com.br\/index.php\/2021\/05\/25\/cpi-deve-votar-convocacao-de-governadores-e-prefeitos-na-quarta-feira\/#primaryimage","url":"https:\/\/jornalfatosenoticias.com.br\/wp-content\/uploads\/2021\/05\/cpi-da-pandemia.jpg","contentUrl":"https:\/\/jornalfatosenoticias.com.br\/wp-content\/uploads\/2021\/05\/cpi-da-pandemia.jpg","width":1000,"height":662},{"@type":"BreadcrumbList","@id":"https:\/\/jornalfatosenoticias.com.br\/index.php\/2021\/05\/25\/cpi-deve-votar-convocacao-de-governadores-e-prefeitos-na-quarta-feira\/#breadcrumb","itemListElement":[{"@type":"ListItem","position":1,"name":"In\u00edcio","item":"https:\/\/jornalfatosenoticias.com.br\/"},{"@type":"ListItem","position":2,"name":"CPI deve votar convoca\u00e7\u00e3o de governadores e prefeitos na quarta-feira"}]},{"@type":"WebSite","@id":"https:\/\/jornalfatosenoticias.com.br\/#website","url":"https:\/\/jornalfatosenoticias.com.br\/","name":"Jornal Fatos e Not\u00edcias","description":"Not\u00edcias em geral","publisher":{"@id":"https:\/\/jornalfatosenoticias.com.br\/#organization"},"potentialAction":[{"@type":"SearchAction","target":{"@type":"EntryPoint","urlTemplate":"https:\/\/jornalfatosenoticias.com.br\/?s={search_term_string}"},"query-input":{"@type":"PropertyValueSpecification","valueRequired":true,"valueName":"search_term_string"}}],"inLanguage":"pt-BR"},{"@type":"Organization","@id":"https:\/\/jornalfatosenoticias.com.br\/#organization","name":"Jornal Fatos e Not\u00edcias","url":"https:\/\/jornalfatosenoticias.com.br\/","logo":{"@type":"ImageObject","inLanguage":"pt-BR","@id":"https:\/\/jornalfatosenoticias.com.br\/#\/schema\/logo\/image\/","url":"https:\/\/jornalfatosenoticias.com.br\/wp-content\/uploads\/2020\/02\/logo120.png","contentUrl":"https:\/\/jornalfatosenoticias.com.br\/wp-content\/uploads\/2020\/02\/logo120.png","width":1227,"height":120,"caption":"Jornal Fatos e Not\u00edcias"},"image":{"@id":"https:\/\/jornalfatosenoticias.com.br\/#\/schema\/logo\/image\/"}},{"@type":"Person","@id":"https:\/\/jornalfatosenoticias.com.br\/#\/schema\/person\/d63837fa13ac8666eb9e74e0985d6f81","name":"Luzimara Fernandes","image":{"@type":"ImageObject","inLanguage":"pt-BR","@id":"https:\/\/jornalfatosenoticias.com.br\/#\/schema\/person\/image\/","url":"https:\/\/jornalfatosenoticias.com.br\/wp-content\/uploads\/2025\/05\/EU_portal.jpg","contentUrl":"https:\/\/jornalfatosenoticias.com.br\/wp-content\/uploads\/2025\/05\/EU_portal.jpg","caption":"Luzimara Fernandes"},"description":"Jornalista MTB 2358-ES","sameAs":["https:\/\/jornalfatosenoticias.com.br"],"url":"https:\/\/jornalfatosenoticias.com.br\/index.php\/author\/luzimara\/"}]}},"cc_featured_image_caption":{"caption_text":"(Foto: Edilson Rodrigues\/Ag\u00eancia Senado) ","source_text":"","source_url":""},"jetpack_featured_media_url":"https:\/\/jornalfatosenoticias.com.br\/wp-content\/uploads\/2021\/05\/cpi-da-pandemia.jpg","_links":{"self":[{"href":"https:\/\/jornalfatosenoticias.com.br\/index.php\/wp-json\/wp\/v2\/posts\/18535","targetHints":{"allow":["GET"]}}],"collection":[{"href":"https:\/\/jornalfatosenoticias.com.br\/index.php\/wp-json\/wp\/v2\/posts"}],"about":[{"href":"https:\/\/jornalfatosenoticias.com.br\/index.php\/wp-json\/wp\/v2\/types\/post"}],"author":[{"embeddable":true,"href":"https:\/\/jornalfatosenoticias.com.br\/index.php\/wp-json\/wp\/v2\/users\/2"}],"replies":[{"embeddable":true,"href":"https:\/\/jornalfatosenoticias.com.br\/index.php\/wp-json\/wp\/v2\/comments?post=18535"}],"version-history":[{"count":0,"href":"https:\/\/jornalfatosenoticias.com.br\/index.php\/wp-json\/wp\/v2\/posts\/18535\/revisions"}],"wp:featuredmedia":[{"embeddable":true,"href":"https:\/\/jornalfatosenoticias.com.br\/index.php\/wp-json\/wp\/v2\/media\/18536"}],"wp:attachment":[{"href":"https:\/\/jornalfatosenoticias.com.br\/index.php\/wp-json\/wp\/v2\/media?parent=18535"}],"wp:term":[{"taxonomy":"category","embeddable":true,"href":"https:\/\/jornalfatosenoticias.com.br\/index.php\/wp-json\/wp\/v2\/categories?post=18535"},{"taxonomy":"post_tag","embeddable":true,"href":"https:\/\/jornalfatosenoticias.com.br\/index.php\/wp-json\/wp\/v2\/tags?post=18535"}],"curies":[{"name":"wp","href":"https:\/\/api.w.org\/{rel}","templated":true}]}}