{"id":18539,"date":"2021-05-25T14:26:06","date_gmt":"2021-05-25T17:26:06","guid":{"rendered":"https:\/\/jornalfatosenoticias.com.br\/?p=18539"},"modified":"2021-05-25T14:26:10","modified_gmt":"2021-05-25T17:26:10","slug":"lampreia-do-pacifico-o-peixe-vampiro-volta-a-aparecer-em-rio-nos-eua","status":"publish","type":"post","link":"https:\/\/jornalfatosenoticias.com.br\/index.php\/2021\/05\/25\/lampreia-do-pacifico-o-peixe-vampiro-volta-a-aparecer-em-rio-nos-eua\/","title":{"rendered":"Lampreia-do-pac\u00edfico, o peixe-vampiro, volta a aparecer em rio nos EUA"},"content":{"rendered":"\n<p>Dois exemplares da lampreia-do-pac\u00edfico, o peixe-vampiro para os <a href=\"https:\/\/olhardigital.com.br\/2021\/05\/21\/ciencia-e-espaco\/primeiros-testes-com-bomba-atomica-nos-estados-unidos-criaram-um-novo-material\/\" target=\"_blank\" rel=\"noreferrer noopener\">norte-americanos<\/a>, voltaram a aparecer no Rio dos Americanos, localizado na regi\u00e3o de Sacramento, norte da\u00a0<a href=\"https:\/\/olhardigital.com.br\/2021\/05\/18\/ciencia-e-espaco\/video-de-ovni-na-costa-da-california-e-vazado-assista\/\" target=\"_blank\" rel=\"noreferrer noopener\">Calif\u00f3rnia<\/a>. Os peixes foram avistados nas \u00e1guas do rio na \u00faltima semana, por mergulhadores.<br>Em entrevista ao canal CBS Sacramento, Karl Bly, uma das pessoas que viu os peixes, destacou que a lampreia parece uma \u201ccriatura marinha das profundezas\u201d. Ele explora o Rio dos Americanos h\u00e1 40 anos e, mais recentemente, grava v\u00eddeos, em seguida publicados nas <a rel=\"noreferrer noopener\" href=\"https:\/\/olhardigital.com.br\/2021\/05\/20\/pro\/governo-quer-impedir-exclusoes-de-posts-por-redes-sociais\/\" target=\"_blank\">redes sociais<\/a>.<\/p>\n\n\n\n<figure class=\"wp-block-image size-large\"><img loading=\"lazy\" decoding=\"async\" width=\"1000\" height=\"562\" src=\"https:\/\/jornalfatosenoticias.com.br\/wp-content\/uploads\/2021\/05\/peixe-vampiro-lampreia-do-pacifico.png\" alt=\"\" class=\"wp-image-18540\" srcset=\"https:\/\/jornalfatosenoticias.com.br\/wp-content\/uploads\/2021\/05\/peixe-vampiro-lampreia-do-pacifico.png 1000w, https:\/\/jornalfatosenoticias.com.br\/wp-content\/uploads\/2021\/05\/peixe-vampiro-lampreia-do-pacifico-300x169.png 300w, https:\/\/jornalfatosenoticias.com.br\/wp-content\/uploads\/2021\/05\/peixe-vampiro-lampreia-do-pacifico-768x432.png 768w\" sizes=\"auto, (max-width: 1000px) 100vw, 1000px\" \/><figcaption><em><span class=\"has-inline-color has-black-color\">Lampreia-do-pac\u00edfico, ou peixe-vampiro (Foto: Reprodu\u00e7\u00e3o)<\/span><\/em><\/figcaption><\/figure>\n\n\n\n<p>De todos os <a href=\"https:\/\/olhardigital.com.br\/2021\/05\/20\/ciencia-e-espaco\/pescador-russo-publica-fotos-de-peixes-bizarros\/\" target=\"_blank\" rel=\"noreferrer noopener\">bichos<\/a> que ele j\u00e1 viu no rio, o peixe-vampiro \u00e9 o considerado mais estranho. \u201cJ\u00e1 vi le\u00f5es marinhos, lontras de rio, rastejantes e muitas coisas malucas. Eles (peixes-vampiro) estariam l\u00e1 em cima como peixes raros\u201d, disse Bly.<br>Em sua conta no <a href=\"https:\/\/olhardigital.com.br\/2021\/05\/24\/internet-e-redes-sociais\/facebook-twitter-e-google-podem-ser-multados-por-banir-candidatos-das-redes\/\" target=\"_blank\" rel=\"noreferrer noopener\">Facebook<\/a>, na p\u00e1gina Achados e Perdidos do Rio dos Americanos, Karl Bly publicou o v\u00eddeo do peixe-vampiro. \u201cFilmei a segunda lampreia da temporada e a segunda que vi em 30 anos. Apenas um mergulho tranquilo\u201d, escreveu.<br>A lampreia-do-<a href=\"https:\/\/olhardigital.com.br\/2021\/05\/14\/ciencia-e-espaco\/cientistas-dizem-ter-encontrado-plutonio-interestelar-no-fundo-do-oceano-pacifico\/\" target=\"_blank\" rel=\"noreferrer noopener\">pac\u00edfico<\/a> \u00e9 um peixe que nasce na \u00e1gua doce e migra para o oceano. Ela volta ao rio para ter suas crias, chegando a colocar 100 mil novos peixinhos na \u00e1gua. De formato cil\u00edndrico e gelatinoso, o animal ganhou o apelido de peixe-vampiro. Ele tem a boca redonda, como uma ventosa, e dentes cortantes. As escamas se assemelham a couro.<\/p>\n\n\n\n<figure class=\"wp-block-image size-large\"><img loading=\"lazy\" decoding=\"async\" width=\"1000\" height=\"666\" src=\"https:\/\/jornalfatosenoticias.com.br\/wp-content\/uploads\/2021\/05\/lampreia-do-pacifico2_Shutterstock.jpg\" alt=\"\" class=\"wp-image-18541\" srcset=\"https:\/\/jornalfatosenoticias.com.br\/wp-content\/uploads\/2021\/05\/lampreia-do-pacifico2_Shutterstock.jpg 1000w, https:\/\/jornalfatosenoticias.com.br\/wp-content\/uploads\/2021\/05\/lampreia-do-pacifico2_Shutterstock-300x200.jpg 300w, https:\/\/jornalfatosenoticias.com.br\/wp-content\/uploads\/2021\/05\/lampreia-do-pacifico2_Shutterstock-768x511.jpg 768w\" sizes=\"auto, (max-width: 1000px) 100vw, 1000px\" \/><figcaption><em><span class=\"has-inline-color has-black-color\">A lampreia-do-pac\u00edfico, ou peixe-vampiro, tem uma boca redonda com dentes cortantes (Foto: Gena Melendrez\/Shutterstock)<\/span><\/em><\/figcaption><\/figure>\n\n\n\n<p>Apesar de feios, eles n\u00e3o representam qualquer perigo. De acordo com o Departamento de Peixes e Vida Silvestre da Calif\u00f3rnia, as lampreias-do-pac\u00edfico haviam sumido do Rio dos Americanos, local de onde s\u00e3o nativas. Por enquanto, n\u00e3o h\u00e1 uma explica\u00e7\u00e3o que indique o motivo do retorno dos animais.<br>\u201cNo oceano, eles se prendem a um golfinho, tubar\u00e3o ou baleia e chupam aquele peixe hospedeiro maior para se alimentar dos nutrientes\u201d, disse Peter Tira, do Departamento de Peixes e Vida Silvestre.<\/p>\n\n\n\n<p><strong><em>Fonte: <a href=\"https:\/\/olhardigital.com.br\/2021\/05\/24\/ciencia-e-espaco\/lampreia-do-pacifico-o-peixe-vampiro-volta-a-aparecer-no-rio-dos-americanos\/\">Olhar Digital<\/a><\/em><\/strong><\/p>\n","protected":false},"excerpt":{"rendered":"<p>Dois exemplares da lampreia-do-pac\u00edfico, o peixe-vampiro para os norte-americanos, voltaram a aparecer no Rio dos Americanos, localizado na regi\u00e3o de Sacramento, norte da\u00a0Calif\u00f3rnia. Os peixes foram avistados nas \u00e1guas do rio na \u00faltima semana, por mergulhadores.Em entrevista ao canal CBS Sacramento, Karl Bly, uma das pessoas que viu os peixes, destacou que a lampreia parece [&hellip;]<\/p>\n","protected":false},"author":2,"featured_media":18542,"comment_status":"open","ping_status":"open","sticky":false,"template":"","format":"standard","meta":{"footnotes":""},"categories":[41],"tags":[6695,159,3811,1717],"class_list":["post-18539","post","type-post","status-publish","format-standard","has-post-thumbnail","hentry","category-internacional","tag-california","tag-eua","tag-peixe","tag-rio"],"yoast_head":"<!-- This site is optimized with the Yoast SEO plugin v26.5 - https:\/\/yoast.com\/wordpress\/plugins\/seo\/ -->\n<title>Lampreia-do-pac\u00edfico, o peixe-vampiro, volta a aparecer em rio nos EUA - Jornal Fatos e Not\u00edcias<\/title>\n<meta name=\"robots\" content=\"index, follow, max-snippet:-1, max-image-preview:large, max-video-preview:-1\" \/>\n<link rel=\"canonical\" href=\"https:\/\/jornalfatosenoticias.com.br\/index.php\/2021\/05\/25\/lampreia-do-pacifico-o-peixe-vampiro-volta-a-aparecer-em-rio-nos-eua\/\" \/>\n<meta property=\"og:locale\" content=\"pt_BR\" \/>\n<meta property=\"og:type\" content=\"article\" \/>\n<meta property=\"og:title\" content=\"Lampreia-do-pac\u00edfico, o peixe-vampiro, volta a aparecer em rio nos EUA - Jornal Fatos e Not\u00edcias\" \/>\n<meta property=\"og:description\" content=\"Dois exemplares da lampreia-do-pac\u00edfico, o peixe-vampiro para os norte-americanos, voltaram a aparecer no Rio dos Americanos, localizado na regi\u00e3o de Sacramento, norte da\u00a0Calif\u00f3rnia. Os peixes foram avistados nas \u00e1guas do rio na \u00faltima semana, por mergulhadores.Em entrevista ao canal CBS Sacramento, Karl Bly, uma das pessoas que viu os peixes, destacou que a lampreia parece [&hellip;]\" \/>\n<meta property=\"og:url\" content=\"https:\/\/jornalfatosenoticias.com.br\/index.php\/2021\/05\/25\/lampreia-do-pacifico-o-peixe-vampiro-volta-a-aparecer-em-rio-nos-eua\/\" \/>\n<meta property=\"og:site_name\" content=\"Jornal Fatos e Not\u00edcias\" \/>\n<meta property=\"article:published_time\" content=\"2021-05-25T17:26:06+00:00\" \/>\n<meta property=\"article:modified_time\" content=\"2021-05-25T17:26:10+00:00\" \/>\n<meta property=\"og:image\" content=\"https:\/\/jornalfatosenoticias.com.br\/wp-content\/uploads\/2021\/05\/lampreia-do-pacifico_Shutterstock.jpg\" \/>\n\t<meta property=\"og:image:width\" content=\"1000\" \/>\n\t<meta property=\"og:image:height\" content=\"225\" \/>\n\t<meta property=\"og:image:type\" content=\"image\/jpeg\" \/>\n<meta name=\"author\" content=\"Luzimara Fernandes\" \/>\n<meta name=\"twitter:card\" content=\"summary_large_image\" \/>\n<meta name=\"twitter:label1\" content=\"Escrito por\" \/>\n\t<meta name=\"twitter:data1\" content=\"Luzimara Fernandes\" \/>\n\t<meta name=\"twitter:label2\" content=\"Est. tempo de leitura\" \/>\n\t<meta name=\"twitter:data2\" content=\"2 minutos\" \/>\n<script type=\"application\/ld+json\" class=\"yoast-schema-graph\">{\"@context\":\"https:\/\/schema.org\",\"@graph\":[{\"@type\":\"Article\",\"@id\":\"https:\/\/jornalfatosenoticias.com.br\/index.php\/2021\/05\/25\/lampreia-do-pacifico-o-peixe-vampiro-volta-a-aparecer-em-rio-nos-eua\/#article\",\"isPartOf\":{\"@id\":\"https:\/\/jornalfatosenoticias.com.br\/index.php\/2021\/05\/25\/lampreia-do-pacifico-o-peixe-vampiro-volta-a-aparecer-em-rio-nos-eua\/\"},\"author\":{\"name\":\"Luzimara Fernandes\",\"@id\":\"https:\/\/jornalfatosenoticias.com.br\/#\/schema\/person\/d63837fa13ac8666eb9e74e0985d6f81\"},\"headline\":\"Lampreia-do-pac\u00edfico, o peixe-vampiro, volta a aparecer em rio nos EUA\",\"datePublished\":\"2021-05-25T17:26:06+00:00\",\"dateModified\":\"2021-05-25T17:26:10+00:00\",\"mainEntityOfPage\":{\"@id\":\"https:\/\/jornalfatosenoticias.com.br\/index.php\/2021\/05\/25\/lampreia-do-pacifico-o-peixe-vampiro-volta-a-aparecer-em-rio-nos-eua\/\"},\"wordCount\":350,\"commentCount\":0,\"publisher\":{\"@id\":\"https:\/\/jornalfatosenoticias.com.br\/#organization\"},\"image\":{\"@id\":\"https:\/\/jornalfatosenoticias.com.br\/index.php\/2021\/05\/25\/lampreia-do-pacifico-o-peixe-vampiro-volta-a-aparecer-em-rio-nos-eua\/#primaryimage\"},\"thumbnailUrl\":\"https:\/\/jornalfatosenoticias.com.br\/wp-content\/uploads\/2021\/05\/lampreia-do-pacifico_Shutterstock.jpg\",\"keywords\":[\"Calif\u00f3rnia\",\"EUA\",\"peixe\",\"rio\"],\"articleSection\":[\"Internacional\"],\"inLanguage\":\"pt-BR\",\"potentialAction\":[{\"@type\":\"CommentAction\",\"name\":\"Comment\",\"target\":[\"https:\/\/jornalfatosenoticias.com.br\/index.php\/2021\/05\/25\/lampreia-do-pacifico-o-peixe-vampiro-volta-a-aparecer-em-rio-nos-eua\/#respond\"]}]},{\"@type\":\"WebPage\",\"@id\":\"https:\/\/jornalfatosenoticias.com.br\/index.php\/2021\/05\/25\/lampreia-do-pacifico-o-peixe-vampiro-volta-a-aparecer-em-rio-nos-eua\/\",\"url\":\"https:\/\/jornalfatosenoticias.com.br\/index.php\/2021\/05\/25\/lampreia-do-pacifico-o-peixe-vampiro-volta-a-aparecer-em-rio-nos-eua\/\",\"name\":\"Lampreia-do-pac\u00edfico, o peixe-vampiro, volta a aparecer em rio nos EUA - Jornal Fatos e Not\u00edcias\",\"isPartOf\":{\"@id\":\"https:\/\/jornalfatosenoticias.com.br\/#website\"},\"primaryImageOfPage\":{\"@id\":\"https:\/\/jornalfatosenoticias.com.br\/index.php\/2021\/05\/25\/lampreia-do-pacifico-o-peixe-vampiro-volta-a-aparecer-em-rio-nos-eua\/#primaryimage\"},\"image\":{\"@id\":\"https:\/\/jornalfatosenoticias.com.br\/index.php\/2021\/05\/25\/lampreia-do-pacifico-o-peixe-vampiro-volta-a-aparecer-em-rio-nos-eua\/#primaryimage\"},\"thumbnailUrl\":\"https:\/\/jornalfatosenoticias.com.br\/wp-content\/uploads\/2021\/05\/lampreia-do-pacifico_Shutterstock.jpg\",\"datePublished\":\"2021-05-25T17:26:06+00:00\",\"dateModified\":\"2021-05-25T17:26:10+00:00\",\"breadcrumb\":{\"@id\":\"https:\/\/jornalfatosenoticias.com.br\/index.php\/2021\/05\/25\/lampreia-do-pacifico-o-peixe-vampiro-volta-a-aparecer-em-rio-nos-eua\/#breadcrumb\"},\"inLanguage\":\"pt-BR\",\"potentialAction\":[{\"@type\":\"ReadAction\",\"target\":[\"https:\/\/jornalfatosenoticias.com.br\/index.php\/2021\/05\/25\/lampreia-do-pacifico-o-peixe-vampiro-volta-a-aparecer-em-rio-nos-eua\/\"]}]},{\"@type\":\"ImageObject\",\"inLanguage\":\"pt-BR\",\"@id\":\"https:\/\/jornalfatosenoticias.com.br\/index.php\/2021\/05\/25\/lampreia-do-pacifico-o-peixe-vampiro-volta-a-aparecer-em-rio-nos-eua\/#primaryimage\",\"url\":\"https:\/\/jornalfatosenoticias.com.br\/wp-content\/uploads\/2021\/05\/lampreia-do-pacifico_Shutterstock.jpg\",\"contentUrl\":\"https:\/\/jornalfatosenoticias.com.br\/wp-content\/uploads\/2021\/05\/lampreia-do-pacifico_Shutterstock.jpg\",\"width\":1000,\"height\":225},{\"@type\":\"BreadcrumbList\",\"@id\":\"https:\/\/jornalfatosenoticias.com.br\/index.php\/2021\/05\/25\/lampreia-do-pacifico-o-peixe-vampiro-volta-a-aparecer-em-rio-nos-eua\/#breadcrumb\",\"itemListElement\":[{\"@type\":\"ListItem\",\"position\":1,\"name\":\"In\u00edcio\",\"item\":\"https:\/\/jornalfatosenoticias.com.br\/\"},{\"@type\":\"ListItem\",\"position\":2,\"name\":\"Lampreia-do-pac\u00edfico, o peixe-vampiro, volta a aparecer em rio nos EUA\"}]},{\"@type\":\"WebSite\",\"@id\":\"https:\/\/jornalfatosenoticias.com.br\/#website\",\"url\":\"https:\/\/jornalfatosenoticias.com.br\/\",\"name\":\"Jornal Fatos e Not\u00edcias\",\"description\":\"Not\u00edcias em geral\",\"publisher\":{\"@id\":\"https:\/\/jornalfatosenoticias.com.br\/#organization\"},\"potentialAction\":[{\"@type\":\"SearchAction\",\"target\":{\"@type\":\"EntryPoint\",\"urlTemplate\":\"https:\/\/jornalfatosenoticias.com.br\/?s={search_term_string}\"},\"query-input\":{\"@type\":\"PropertyValueSpecification\",\"valueRequired\":true,\"valueName\":\"search_term_string\"}}],\"inLanguage\":\"pt-BR\"},{\"@type\":\"Organization\",\"@id\":\"https:\/\/jornalfatosenoticias.com.br\/#organization\",\"name\":\"Jornal Fatos e Not\u00edcias\",\"url\":\"https:\/\/jornalfatosenoticias.com.br\/\",\"logo\":{\"@type\":\"ImageObject\",\"inLanguage\":\"pt-BR\",\"@id\":\"https:\/\/jornalfatosenoticias.com.br\/#\/schema\/logo\/image\/\",\"url\":\"https:\/\/jornalfatosenoticias.com.br\/wp-content\/uploads\/2020\/02\/logo120.png\",\"contentUrl\":\"https:\/\/jornalfatosenoticias.com.br\/wp-content\/uploads\/2020\/02\/logo120.png\",\"width\":1227,\"height\":120,\"caption\":\"Jornal Fatos e Not\u00edcias\"},\"image\":{\"@id\":\"https:\/\/jornalfatosenoticias.com.br\/#\/schema\/logo\/image\/\"}},{\"@type\":\"Person\",\"@id\":\"https:\/\/jornalfatosenoticias.com.br\/#\/schema\/person\/d63837fa13ac8666eb9e74e0985d6f81\",\"name\":\"Luzimara Fernandes\",\"image\":{\"@type\":\"ImageObject\",\"inLanguage\":\"pt-BR\",\"@id\":\"https:\/\/jornalfatosenoticias.com.br\/#\/schema\/person\/image\/\",\"url\":\"https:\/\/jornalfatosenoticias.com.br\/wp-content\/uploads\/2025\/05\/EU_portal.jpg\",\"contentUrl\":\"https:\/\/jornalfatosenoticias.com.br\/wp-content\/uploads\/2025\/05\/EU_portal.jpg\",\"caption\":\"Luzimara Fernandes\"},\"description\":\"Jornalista MTB 2358-ES\",\"sameAs\":[\"https:\/\/jornalfatosenoticias.com.br\"],\"url\":\"https:\/\/jornalfatosenoticias.com.br\/index.php\/author\/luzimara\/\"}]}<\/script>\n<!-- \/ Yoast SEO plugin. -->","yoast_head_json":{"title":"Lampreia-do-pac\u00edfico, o peixe-vampiro, volta a aparecer em rio nos EUA - Jornal Fatos e Not\u00edcias","robots":{"index":"index","follow":"follow","max-snippet":"max-snippet:-1","max-image-preview":"max-image-preview:large","max-video-preview":"max-video-preview:-1"},"canonical":"https:\/\/jornalfatosenoticias.com.br\/index.php\/2021\/05\/25\/lampreia-do-pacifico-o-peixe-vampiro-volta-a-aparecer-em-rio-nos-eua\/","og_locale":"pt_BR","og_type":"article","og_title":"Lampreia-do-pac\u00edfico, o peixe-vampiro, volta a aparecer em rio nos EUA - Jornal Fatos e Not\u00edcias","og_description":"Dois exemplares da lampreia-do-pac\u00edfico, o peixe-vampiro para os norte-americanos, voltaram a aparecer no Rio dos Americanos, localizado na regi\u00e3o de Sacramento, norte da\u00a0Calif\u00f3rnia. Os peixes foram avistados nas \u00e1guas do rio na \u00faltima semana, por mergulhadores.Em entrevista ao canal CBS Sacramento, Karl Bly, uma das pessoas que viu os peixes, destacou que a lampreia parece [&hellip;]","og_url":"https:\/\/jornalfatosenoticias.com.br\/index.php\/2021\/05\/25\/lampreia-do-pacifico-o-peixe-vampiro-volta-a-aparecer-em-rio-nos-eua\/","og_site_name":"Jornal Fatos e Not\u00edcias","article_published_time":"2021-05-25T17:26:06+00:00","article_modified_time":"2021-05-25T17:26:10+00:00","og_image":[{"width":1000,"height":225,"url":"https:\/\/jornalfatosenoticias.com.br\/wp-content\/uploads\/2021\/05\/lampreia-do-pacifico_Shutterstock.jpg","type":"image\/jpeg"}],"author":"Luzimara Fernandes","twitter_card":"summary_large_image","twitter_misc":{"Escrito por":"Luzimara Fernandes","Est. tempo de leitura":"2 minutos"},"schema":{"@context":"https:\/\/schema.org","@graph":[{"@type":"Article","@id":"https:\/\/jornalfatosenoticias.com.br\/index.php\/2021\/05\/25\/lampreia-do-pacifico-o-peixe-vampiro-volta-a-aparecer-em-rio-nos-eua\/#article","isPartOf":{"@id":"https:\/\/jornalfatosenoticias.com.br\/index.php\/2021\/05\/25\/lampreia-do-pacifico-o-peixe-vampiro-volta-a-aparecer-em-rio-nos-eua\/"},"author":{"name":"Luzimara Fernandes","@id":"https:\/\/jornalfatosenoticias.com.br\/#\/schema\/person\/d63837fa13ac8666eb9e74e0985d6f81"},"headline":"Lampreia-do-pac\u00edfico, o peixe-vampiro, volta a aparecer em rio nos EUA","datePublished":"2021-05-25T17:26:06+00:00","dateModified":"2021-05-25T17:26:10+00:00","mainEntityOfPage":{"@id":"https:\/\/jornalfatosenoticias.com.br\/index.php\/2021\/05\/25\/lampreia-do-pacifico-o-peixe-vampiro-volta-a-aparecer-em-rio-nos-eua\/"},"wordCount":350,"commentCount":0,"publisher":{"@id":"https:\/\/jornalfatosenoticias.com.br\/#organization"},"image":{"@id":"https:\/\/jornalfatosenoticias.com.br\/index.php\/2021\/05\/25\/lampreia-do-pacifico-o-peixe-vampiro-volta-a-aparecer-em-rio-nos-eua\/#primaryimage"},"thumbnailUrl":"https:\/\/jornalfatosenoticias.com.br\/wp-content\/uploads\/2021\/05\/lampreia-do-pacifico_Shutterstock.jpg","keywords":["Calif\u00f3rnia","EUA","peixe","rio"],"articleSection":["Internacional"],"inLanguage":"pt-BR","potentialAction":[{"@type":"CommentAction","name":"Comment","target":["https:\/\/jornalfatosenoticias.com.br\/index.php\/2021\/05\/25\/lampreia-do-pacifico-o-peixe-vampiro-volta-a-aparecer-em-rio-nos-eua\/#respond"]}]},{"@type":"WebPage","@id":"https:\/\/jornalfatosenoticias.com.br\/index.php\/2021\/05\/25\/lampreia-do-pacifico-o-peixe-vampiro-volta-a-aparecer-em-rio-nos-eua\/","url":"https:\/\/jornalfatosenoticias.com.br\/index.php\/2021\/05\/25\/lampreia-do-pacifico-o-peixe-vampiro-volta-a-aparecer-em-rio-nos-eua\/","name":"Lampreia-do-pac\u00edfico, o peixe-vampiro, volta a aparecer em rio nos EUA - Jornal Fatos e Not\u00edcias","isPartOf":{"@id":"https:\/\/jornalfatosenoticias.com.br\/#website"},"primaryImageOfPage":{"@id":"https:\/\/jornalfatosenoticias.com.br\/index.php\/2021\/05\/25\/lampreia-do-pacifico-o-peixe-vampiro-volta-a-aparecer-em-rio-nos-eua\/#primaryimage"},"image":{"@id":"https:\/\/jornalfatosenoticias.com.br\/index.php\/2021\/05\/25\/lampreia-do-pacifico-o-peixe-vampiro-volta-a-aparecer-em-rio-nos-eua\/#primaryimage"},"thumbnailUrl":"https:\/\/jornalfatosenoticias.com.br\/wp-content\/uploads\/2021\/05\/lampreia-do-pacifico_Shutterstock.jpg","datePublished":"2021-05-25T17:26:06+00:00","dateModified":"2021-05-25T17:26:10+00:00","breadcrumb":{"@id":"https:\/\/jornalfatosenoticias.com.br\/index.php\/2021\/05\/25\/lampreia-do-pacifico-o-peixe-vampiro-volta-a-aparecer-em-rio-nos-eua\/#breadcrumb"},"inLanguage":"pt-BR","potentialAction":[{"@type":"ReadAction","target":["https:\/\/jornalfatosenoticias.com.br\/index.php\/2021\/05\/25\/lampreia-do-pacifico-o-peixe-vampiro-volta-a-aparecer-em-rio-nos-eua\/"]}]},{"@type":"ImageObject","inLanguage":"pt-BR","@id":"https:\/\/jornalfatosenoticias.com.br\/index.php\/2021\/05\/25\/lampreia-do-pacifico-o-peixe-vampiro-volta-a-aparecer-em-rio-nos-eua\/#primaryimage","url":"https:\/\/jornalfatosenoticias.com.br\/wp-content\/uploads\/2021\/05\/lampreia-do-pacifico_Shutterstock.jpg","contentUrl":"https:\/\/jornalfatosenoticias.com.br\/wp-content\/uploads\/2021\/05\/lampreia-do-pacifico_Shutterstock.jpg","width":1000,"height":225},{"@type":"BreadcrumbList","@id":"https:\/\/jornalfatosenoticias.com.br\/index.php\/2021\/05\/25\/lampreia-do-pacifico-o-peixe-vampiro-volta-a-aparecer-em-rio-nos-eua\/#breadcrumb","itemListElement":[{"@type":"ListItem","position":1,"name":"In\u00edcio","item":"https:\/\/jornalfatosenoticias.com.br\/"},{"@type":"ListItem","position":2,"name":"Lampreia-do-pac\u00edfico, o peixe-vampiro, volta a aparecer em rio nos EUA"}]},{"@type":"WebSite","@id":"https:\/\/jornalfatosenoticias.com.br\/#website","url":"https:\/\/jornalfatosenoticias.com.br\/","name":"Jornal Fatos e Not\u00edcias","description":"Not\u00edcias em geral","publisher":{"@id":"https:\/\/jornalfatosenoticias.com.br\/#organization"},"potentialAction":[{"@type":"SearchAction","target":{"@type":"EntryPoint","urlTemplate":"https:\/\/jornalfatosenoticias.com.br\/?s={search_term_string}"},"query-input":{"@type":"PropertyValueSpecification","valueRequired":true,"valueName":"search_term_string"}}],"inLanguage":"pt-BR"},{"@type":"Organization","@id":"https:\/\/jornalfatosenoticias.com.br\/#organization","name":"Jornal Fatos e Not\u00edcias","url":"https:\/\/jornalfatosenoticias.com.br\/","logo":{"@type":"ImageObject","inLanguage":"pt-BR","@id":"https:\/\/jornalfatosenoticias.com.br\/#\/schema\/logo\/image\/","url":"https:\/\/jornalfatosenoticias.com.br\/wp-content\/uploads\/2020\/02\/logo120.png","contentUrl":"https:\/\/jornalfatosenoticias.com.br\/wp-content\/uploads\/2020\/02\/logo120.png","width":1227,"height":120,"caption":"Jornal Fatos e Not\u00edcias"},"image":{"@id":"https:\/\/jornalfatosenoticias.com.br\/#\/schema\/logo\/image\/"}},{"@type":"Person","@id":"https:\/\/jornalfatosenoticias.com.br\/#\/schema\/person\/d63837fa13ac8666eb9e74e0985d6f81","name":"Luzimara Fernandes","image":{"@type":"ImageObject","inLanguage":"pt-BR","@id":"https:\/\/jornalfatosenoticias.com.br\/#\/schema\/person\/image\/","url":"https:\/\/jornalfatosenoticias.com.br\/wp-content\/uploads\/2025\/05\/EU_portal.jpg","contentUrl":"https:\/\/jornalfatosenoticias.com.br\/wp-content\/uploads\/2025\/05\/EU_portal.jpg","caption":"Luzimara Fernandes"},"description":"Jornalista MTB 2358-ES","sameAs":["https:\/\/jornalfatosenoticias.com.br"],"url":"https:\/\/jornalfatosenoticias.com.br\/index.php\/author\/luzimara\/"}]}},"cc_featured_image_caption":{"caption_text":"(Foto: Gena Melendrez\/Shutterstock) ","source_text":"","source_url":""},"jetpack_featured_media_url":"https:\/\/jornalfatosenoticias.com.br\/wp-content\/uploads\/2021\/05\/lampreia-do-pacifico_Shutterstock.jpg","_links":{"self":[{"href":"https:\/\/jornalfatosenoticias.com.br\/index.php\/wp-json\/wp\/v2\/posts\/18539","targetHints":{"allow":["GET"]}}],"collection":[{"href":"https:\/\/jornalfatosenoticias.com.br\/index.php\/wp-json\/wp\/v2\/posts"}],"about":[{"href":"https:\/\/jornalfatosenoticias.com.br\/index.php\/wp-json\/wp\/v2\/types\/post"}],"author":[{"embeddable":true,"href":"https:\/\/jornalfatosenoticias.com.br\/index.php\/wp-json\/wp\/v2\/users\/2"}],"replies":[{"embeddable":true,"href":"https:\/\/jornalfatosenoticias.com.br\/index.php\/wp-json\/wp\/v2\/comments?post=18539"}],"version-history":[{"count":0,"href":"https:\/\/jornalfatosenoticias.com.br\/index.php\/wp-json\/wp\/v2\/posts\/18539\/revisions"}],"wp:featuredmedia":[{"embeddable":true,"href":"https:\/\/jornalfatosenoticias.com.br\/index.php\/wp-json\/wp\/v2\/media\/18542"}],"wp:attachment":[{"href":"https:\/\/jornalfatosenoticias.com.br\/index.php\/wp-json\/wp\/v2\/media?parent=18539"}],"wp:term":[{"taxonomy":"category","embeddable":true,"href":"https:\/\/jornalfatosenoticias.com.br\/index.php\/wp-json\/wp\/v2\/categories?post=18539"},{"taxonomy":"post_tag","embeddable":true,"href":"https:\/\/jornalfatosenoticias.com.br\/index.php\/wp-json\/wp\/v2\/tags?post=18539"}],"curies":[{"name":"wp","href":"https:\/\/api.w.org\/{rel}","templated":true}]}}