{"id":18547,"date":"2021-05-25T14:42:09","date_gmt":"2021-05-25T17:42:09","guid":{"rendered":"https:\/\/jornalfatosenoticias.com.br\/?p=18547"},"modified":"2021-05-25T14:42:11","modified_gmt":"2021-05-25T17:42:11","slug":"sedu-divulga-guia-do-estudante-com-informacoes-sobre-mudancas-no-ensino-medio","status":"publish","type":"post","link":"https:\/\/jornalfatosenoticias.com.br\/index.php\/2021\/05\/25\/sedu-divulga-guia-do-estudante-com-informacoes-sobre-mudancas-no-ensino-medio\/","title":{"rendered":"Sedu divulga Guia do Estudante com informa\u00e7\u00f5es sobre mudan\u00e7as no Ensino M\u00e9dio"},"content":{"rendered":"\n<p>A Secretaria da Educa\u00e7\u00e3o (Sedu) elaborou um Guia do Estudante, com informa\u00e7\u00f5es essenciais para a compreens\u00e3o da proposta do Novo Ensino M\u00e9dio e tudo que ele tem de diferente. Tamb\u00e9m foi elaborado um question\u00e1rio para ser respondido pelos estudantes matriculados no 9\u00ba ano do ensino fundamental \u2014 nas escolas estaduais e municipais \u2014 com o objetivo de mapear os interesses dos alunos para oferta dos itiner\u00e1rios formativos na Rede P\u00fablica Estadual.<\/p>\n\n\n\n<p>Clique <strong><a href=\"https:\/\/sedu.es.gov.br\/Media\/sedu\/pdf%20e%20Arquivos\/2.%20GUIA%20DO%20ESTUDANTE%202021.-1.pdf\">AQUI<\/a><\/strong> e confira o Guia do Estudante.<\/p>\n\n\n\n<p>O Novo Ensino M\u00e9dio surgiu a partir da altera\u00e7\u00e3o da Lei n\u00ba 9.394\/96 (Lei de Diretrizes e Bases da Educa\u00e7\u00e3o), por meio da Lei n\u00ba 13.415\/2017, das novas Diretrizes Curriculares Nacionais para o Ensino M\u00e9dio (DCNEM) e da elabora\u00e7\u00e3o de parte do Ensino M\u00e9dio da Base Nacional Comum Curricular (BNCC).<br>Dentre as propostas, considera-se o aprimoramento do protagonismo juvenil e a valoriza\u00e7\u00e3o do projeto de vida do discente, parte fundamental para a valoriza\u00e7\u00e3o da aprendizagem e para o desenvolvimento integral do estudante.<br>A mudan\u00e7a no formato de oferta tem como objetivo estabelecer uma altera\u00e7\u00e3o na estrutura do Ensino M\u00e9dio, ampliando o tempo m\u00ednimo do estudante na escola, de 800 horas para 1.000 horas anuais, e definindo uma nova organiza\u00e7\u00e3o curricular que contemple uma Base Nacional Comum Curricular (BNCC) e a oferta de diferentes possibilidades de escolhas aos estudantes, com foco nas \u00e1reas de conhecimento e na forma\u00e7\u00e3o t\u00e9cnica e profissional.<br>Essa nova organiza\u00e7\u00e3o curricular, diferente da que \u00e9 ofertada atualmente, \u00e9 composta por dois blocos: <strong>Forma\u00e7\u00e3o Geral B\u00e1sica<\/strong>, orientada pela BNCC, comum a todos os estudantes do Ensino M\u00e9dio, e <strong>Itiner\u00e1rios Formativos<\/strong>, flex\u00edvel, possibilitando maior autonomia para os jovens definirem os rumos de sua educa\u00e7\u00e3o, de acordo com o que mais se ajusta \u00e0s aspira\u00e7\u00f5es e aptid\u00f5es e ao seu projeto de vida.<br>No Esp\u00edrito Santo, o processo de amplia\u00e7\u00e3o da carga hor\u00e1ria nas escolas p\u00fablicas estaduais teve in\u00edcio em 2019, em 17 escolas-piloto, e consolidou-se em 2021, em todas as escolas que ofertam essa etapa de ensino.<br>A implementa\u00e7\u00e3o da nova organiza\u00e7\u00e3o curricular ter\u00e1 in\u00edcio, a partir de 2022, para todos os estudantes matriculados na 1\u00aa s\u00e9rie do Ensino M\u00e9dio, com a implanta\u00e7\u00e3o do novo curr\u00edculo capixaba, reelaborado aos moldes da BNCC, e a partir de 2023, com a implanta\u00e7\u00e3o dos Itiner\u00e1rios Formativos de Aprofundamento.<br>O Guia do Estudante pode ser encontrado no site da Sedu, no menu &#8220;Estudante e Fam\u00edlia&#8221;.<\/p>\n\n\n\n<p><strong><em>Fonte: <a href=\"https:\/\/sedu.es.gov.br\/Not%C3%ADcia\/sedu-divulga-guia-do-estudante-com-informacoes-sobre-mudancas-no-ensino-medio\">Sedu-ES<\/a><\/em><\/strong><\/p>\n","protected":false},"excerpt":{"rendered":"<p>A Secretaria da Educa\u00e7\u00e3o (Sedu) elaborou um Guia do Estudante, com informa\u00e7\u00f5es essenciais para a compreens\u00e3o da proposta do Novo Ensino M\u00e9dio e tudo que ele tem de diferente. Tamb\u00e9m foi elaborado um question\u00e1rio para ser respondido pelos estudantes matriculados no 9\u00ba ano do ensino fundamental \u2014 nas escolas estaduais e municipais \u2014 com o [&hellip;]<\/p>\n","protected":false},"author":2,"featured_media":18548,"comment_status":"open","ping_status":"open","sticky":false,"template":"","format":"standard","meta":{"footnotes":""},"categories":[7],"tags":[9166,9165,6128,409],"class_list":["post-18547","post","type-post","status-publish","format-standard","has-post-thumbnail","hentry","category-educacao","tag-guia-do-estudante","tag-novo-ensino-medio-capixaba","tag-rede-publica-estadual","tag-sedu"],"yoast_head":"<!-- This site is optimized with the Yoast SEO plugin v26.5 - https:\/\/yoast.com\/wordpress\/plugins\/seo\/ -->\n<title>Sedu divulga Guia do Estudante com informa\u00e7\u00f5es sobre mudan\u00e7as no Ensino M\u00e9dio - Jornal Fatos e Not\u00edcias<\/title>\n<meta name=\"robots\" content=\"index, follow, max-snippet:-1, max-image-preview:large, max-video-preview:-1\" \/>\n<link rel=\"canonical\" href=\"https:\/\/jornalfatosenoticias.com.br\/index.php\/2021\/05\/25\/sedu-divulga-guia-do-estudante-com-informacoes-sobre-mudancas-no-ensino-medio\/\" \/>\n<meta property=\"og:locale\" content=\"pt_BR\" \/>\n<meta property=\"og:type\" content=\"article\" \/>\n<meta property=\"og:title\" content=\"Sedu divulga Guia do Estudante com informa\u00e7\u00f5es sobre mudan\u00e7as no Ensino M\u00e9dio - Jornal Fatos e Not\u00edcias\" \/>\n<meta property=\"og:description\" content=\"A Secretaria da Educa\u00e7\u00e3o (Sedu) elaborou um Guia do Estudante, com informa\u00e7\u00f5es essenciais para a compreens\u00e3o da proposta do Novo Ensino M\u00e9dio e tudo que ele tem de diferente. Tamb\u00e9m foi elaborado um question\u00e1rio para ser respondido pelos estudantes matriculados no 9\u00ba ano do ensino fundamental \u2014 nas escolas estaduais e municipais \u2014 com o [&hellip;]\" \/>\n<meta property=\"og:url\" content=\"https:\/\/jornalfatosenoticias.com.br\/index.php\/2021\/05\/25\/sedu-divulga-guia-do-estudante-com-informacoes-sobre-mudancas-no-ensino-medio\/\" \/>\n<meta property=\"og:site_name\" content=\"Jornal Fatos e Not\u00edcias\" \/>\n<meta property=\"article:published_time\" content=\"2021-05-25T17:42:09+00:00\" \/>\n<meta property=\"article:modified_time\" content=\"2021-05-25T17:42:11+00:00\" \/>\n<meta property=\"og:image\" content=\"https:\/\/jornalfatosenoticias.com.br\/wp-content\/uploads\/2021\/05\/novo-ensino-medio-capixaba.jpeg\" \/>\n\t<meta property=\"og:image:width\" content=\"1000\" \/>\n\t<meta property=\"og:image:height\" content=\"448\" \/>\n\t<meta property=\"og:image:type\" content=\"image\/jpeg\" \/>\n<meta name=\"author\" content=\"Luzimara Fernandes\" \/>\n<meta name=\"twitter:card\" content=\"summary_large_image\" \/>\n<meta name=\"twitter:label1\" content=\"Escrito por\" \/>\n\t<meta name=\"twitter:data1\" content=\"Luzimara Fernandes\" \/>\n\t<meta name=\"twitter:label2\" content=\"Est. tempo de leitura\" \/>\n\t<meta name=\"twitter:data2\" content=\"2 minutos\" \/>\n<script type=\"application\/ld+json\" class=\"yoast-schema-graph\">{\"@context\":\"https:\/\/schema.org\",\"@graph\":[{\"@type\":\"Article\",\"@id\":\"https:\/\/jornalfatosenoticias.com.br\/index.php\/2021\/05\/25\/sedu-divulga-guia-do-estudante-com-informacoes-sobre-mudancas-no-ensino-medio\/#article\",\"isPartOf\":{\"@id\":\"https:\/\/jornalfatosenoticias.com.br\/index.php\/2021\/05\/25\/sedu-divulga-guia-do-estudante-com-informacoes-sobre-mudancas-no-ensino-medio\/\"},\"author\":{\"name\":\"Luzimara Fernandes\",\"@id\":\"https:\/\/jornalfatosenoticias.com.br\/#\/schema\/person\/d63837fa13ac8666eb9e74e0985d6f81\"},\"headline\":\"Sedu divulga Guia do Estudante com informa\u00e7\u00f5es sobre mudan\u00e7as no Ensino M\u00e9dio\",\"datePublished\":\"2021-05-25T17:42:09+00:00\",\"dateModified\":\"2021-05-25T17:42:11+00:00\",\"mainEntityOfPage\":{\"@id\":\"https:\/\/jornalfatosenoticias.com.br\/index.php\/2021\/05\/25\/sedu-divulga-guia-do-estudante-com-informacoes-sobre-mudancas-no-ensino-medio\/\"},\"wordCount\":440,\"commentCount\":0,\"publisher\":{\"@id\":\"https:\/\/jornalfatosenoticias.com.br\/#organization\"},\"image\":{\"@id\":\"https:\/\/jornalfatosenoticias.com.br\/index.php\/2021\/05\/25\/sedu-divulga-guia-do-estudante-com-informacoes-sobre-mudancas-no-ensino-medio\/#primaryimage\"},\"thumbnailUrl\":\"https:\/\/jornalfatosenoticias.com.br\/wp-content\/uploads\/2021\/05\/novo-ensino-medio-capixaba.jpeg\",\"keywords\":[\"Guia do Estudante\",\"Novo Ensino M\u00e9dio Capixaba\",\"rede p\u00fablica estadual\",\"Sedu\"],\"articleSection\":[\"Educa\u00e7\u00e3o\"],\"inLanguage\":\"pt-BR\",\"potentialAction\":[{\"@type\":\"CommentAction\",\"name\":\"Comment\",\"target\":[\"https:\/\/jornalfatosenoticias.com.br\/index.php\/2021\/05\/25\/sedu-divulga-guia-do-estudante-com-informacoes-sobre-mudancas-no-ensino-medio\/#respond\"]}]},{\"@type\":\"WebPage\",\"@id\":\"https:\/\/jornalfatosenoticias.com.br\/index.php\/2021\/05\/25\/sedu-divulga-guia-do-estudante-com-informacoes-sobre-mudancas-no-ensino-medio\/\",\"url\":\"https:\/\/jornalfatosenoticias.com.br\/index.php\/2021\/05\/25\/sedu-divulga-guia-do-estudante-com-informacoes-sobre-mudancas-no-ensino-medio\/\",\"name\":\"Sedu divulga Guia do Estudante com informa\u00e7\u00f5es sobre mudan\u00e7as no Ensino M\u00e9dio - Jornal Fatos e Not\u00edcias\",\"isPartOf\":{\"@id\":\"https:\/\/jornalfatosenoticias.com.br\/#website\"},\"primaryImageOfPage\":{\"@id\":\"https:\/\/jornalfatosenoticias.com.br\/index.php\/2021\/05\/25\/sedu-divulga-guia-do-estudante-com-informacoes-sobre-mudancas-no-ensino-medio\/#primaryimage\"},\"image\":{\"@id\":\"https:\/\/jornalfatosenoticias.com.br\/index.php\/2021\/05\/25\/sedu-divulga-guia-do-estudante-com-informacoes-sobre-mudancas-no-ensino-medio\/#primaryimage\"},\"thumbnailUrl\":\"https:\/\/jornalfatosenoticias.com.br\/wp-content\/uploads\/2021\/05\/novo-ensino-medio-capixaba.jpeg\",\"datePublished\":\"2021-05-25T17:42:09+00:00\",\"dateModified\":\"2021-05-25T17:42:11+00:00\",\"breadcrumb\":{\"@id\":\"https:\/\/jornalfatosenoticias.com.br\/index.php\/2021\/05\/25\/sedu-divulga-guia-do-estudante-com-informacoes-sobre-mudancas-no-ensino-medio\/#breadcrumb\"},\"inLanguage\":\"pt-BR\",\"potentialAction\":[{\"@type\":\"ReadAction\",\"target\":[\"https:\/\/jornalfatosenoticias.com.br\/index.php\/2021\/05\/25\/sedu-divulga-guia-do-estudante-com-informacoes-sobre-mudancas-no-ensino-medio\/\"]}]},{\"@type\":\"ImageObject\",\"inLanguage\":\"pt-BR\",\"@id\":\"https:\/\/jornalfatosenoticias.com.br\/index.php\/2021\/05\/25\/sedu-divulga-guia-do-estudante-com-informacoes-sobre-mudancas-no-ensino-medio\/#primaryimage\",\"url\":\"https:\/\/jornalfatosenoticias.com.br\/wp-content\/uploads\/2021\/05\/novo-ensino-medio-capixaba.jpeg\",\"contentUrl\":\"https:\/\/jornalfatosenoticias.com.br\/wp-content\/uploads\/2021\/05\/novo-ensino-medio-capixaba.jpeg\",\"width\":1000,\"height\":448},{\"@type\":\"BreadcrumbList\",\"@id\":\"https:\/\/jornalfatosenoticias.com.br\/index.php\/2021\/05\/25\/sedu-divulga-guia-do-estudante-com-informacoes-sobre-mudancas-no-ensino-medio\/#breadcrumb\",\"itemListElement\":[{\"@type\":\"ListItem\",\"position\":1,\"name\":\"In\u00edcio\",\"item\":\"https:\/\/jornalfatosenoticias.com.br\/\"},{\"@type\":\"ListItem\",\"position\":2,\"name\":\"Sedu divulga Guia do Estudante com informa\u00e7\u00f5es sobre mudan\u00e7as no Ensino M\u00e9dio\"}]},{\"@type\":\"WebSite\",\"@id\":\"https:\/\/jornalfatosenoticias.com.br\/#website\",\"url\":\"https:\/\/jornalfatosenoticias.com.br\/\",\"name\":\"Jornal Fatos e Not\u00edcias\",\"description\":\"Not\u00edcias em geral\",\"publisher\":{\"@id\":\"https:\/\/jornalfatosenoticias.com.br\/#organization\"},\"potentialAction\":[{\"@type\":\"SearchAction\",\"target\":{\"@type\":\"EntryPoint\",\"urlTemplate\":\"https:\/\/jornalfatosenoticias.com.br\/?s={search_term_string}\"},\"query-input\":{\"@type\":\"PropertyValueSpecification\",\"valueRequired\":true,\"valueName\":\"search_term_string\"}}],\"inLanguage\":\"pt-BR\"},{\"@type\":\"Organization\",\"@id\":\"https:\/\/jornalfatosenoticias.com.br\/#organization\",\"name\":\"Jornal Fatos e Not\u00edcias\",\"url\":\"https:\/\/jornalfatosenoticias.com.br\/\",\"logo\":{\"@type\":\"ImageObject\",\"inLanguage\":\"pt-BR\",\"@id\":\"https:\/\/jornalfatosenoticias.com.br\/#\/schema\/logo\/image\/\",\"url\":\"https:\/\/jornalfatosenoticias.com.br\/wp-content\/uploads\/2020\/02\/logo120.png\",\"contentUrl\":\"https:\/\/jornalfatosenoticias.com.br\/wp-content\/uploads\/2020\/02\/logo120.png\",\"width\":1227,\"height\":120,\"caption\":\"Jornal Fatos e Not\u00edcias\"},\"image\":{\"@id\":\"https:\/\/jornalfatosenoticias.com.br\/#\/schema\/logo\/image\/\"}},{\"@type\":\"Person\",\"@id\":\"https:\/\/jornalfatosenoticias.com.br\/#\/schema\/person\/d63837fa13ac8666eb9e74e0985d6f81\",\"name\":\"Luzimara Fernandes\",\"image\":{\"@type\":\"ImageObject\",\"inLanguage\":\"pt-BR\",\"@id\":\"https:\/\/jornalfatosenoticias.com.br\/#\/schema\/person\/image\/\",\"url\":\"https:\/\/jornalfatosenoticias.com.br\/wp-content\/uploads\/2025\/05\/EU_portal.jpg\",\"contentUrl\":\"https:\/\/jornalfatosenoticias.com.br\/wp-content\/uploads\/2025\/05\/EU_portal.jpg\",\"caption\":\"Luzimara Fernandes\"},\"description\":\"Jornalista MTB 2358-ES\",\"sameAs\":[\"https:\/\/jornalfatosenoticias.com.br\"],\"url\":\"https:\/\/jornalfatosenoticias.com.br\/index.php\/author\/luzimara\/\"}]}<\/script>\n<!-- \/ Yoast SEO plugin. -->","yoast_head_json":{"title":"Sedu divulga Guia do Estudante com informa\u00e7\u00f5es sobre mudan\u00e7as no Ensino M\u00e9dio - Jornal Fatos e Not\u00edcias","robots":{"index":"index","follow":"follow","max-snippet":"max-snippet:-1","max-image-preview":"max-image-preview:large","max-video-preview":"max-video-preview:-1"},"canonical":"https:\/\/jornalfatosenoticias.com.br\/index.php\/2021\/05\/25\/sedu-divulga-guia-do-estudante-com-informacoes-sobre-mudancas-no-ensino-medio\/","og_locale":"pt_BR","og_type":"article","og_title":"Sedu divulga Guia do Estudante com informa\u00e7\u00f5es sobre mudan\u00e7as no Ensino M\u00e9dio - Jornal Fatos e Not\u00edcias","og_description":"A Secretaria da Educa\u00e7\u00e3o (Sedu) elaborou um Guia do Estudante, com informa\u00e7\u00f5es essenciais para a compreens\u00e3o da proposta do Novo Ensino M\u00e9dio e tudo que ele tem de diferente. Tamb\u00e9m foi elaborado um question\u00e1rio para ser respondido pelos estudantes matriculados no 9\u00ba ano do ensino fundamental \u2014 nas escolas estaduais e municipais \u2014 com o [&hellip;]","og_url":"https:\/\/jornalfatosenoticias.com.br\/index.php\/2021\/05\/25\/sedu-divulga-guia-do-estudante-com-informacoes-sobre-mudancas-no-ensino-medio\/","og_site_name":"Jornal Fatos e Not\u00edcias","article_published_time":"2021-05-25T17:42:09+00:00","article_modified_time":"2021-05-25T17:42:11+00:00","og_image":[{"width":1000,"height":448,"url":"https:\/\/jornalfatosenoticias.com.br\/wp-content\/uploads\/2021\/05\/novo-ensino-medio-capixaba.jpeg","type":"image\/jpeg"}],"author":"Luzimara Fernandes","twitter_card":"summary_large_image","twitter_misc":{"Escrito por":"Luzimara Fernandes","Est. tempo de leitura":"2 minutos"},"schema":{"@context":"https:\/\/schema.org","@graph":[{"@type":"Article","@id":"https:\/\/jornalfatosenoticias.com.br\/index.php\/2021\/05\/25\/sedu-divulga-guia-do-estudante-com-informacoes-sobre-mudancas-no-ensino-medio\/#article","isPartOf":{"@id":"https:\/\/jornalfatosenoticias.com.br\/index.php\/2021\/05\/25\/sedu-divulga-guia-do-estudante-com-informacoes-sobre-mudancas-no-ensino-medio\/"},"author":{"name":"Luzimara Fernandes","@id":"https:\/\/jornalfatosenoticias.com.br\/#\/schema\/person\/d63837fa13ac8666eb9e74e0985d6f81"},"headline":"Sedu divulga Guia do Estudante com informa\u00e7\u00f5es sobre mudan\u00e7as no Ensino M\u00e9dio","datePublished":"2021-05-25T17:42:09+00:00","dateModified":"2021-05-25T17:42:11+00:00","mainEntityOfPage":{"@id":"https:\/\/jornalfatosenoticias.com.br\/index.php\/2021\/05\/25\/sedu-divulga-guia-do-estudante-com-informacoes-sobre-mudancas-no-ensino-medio\/"},"wordCount":440,"commentCount":0,"publisher":{"@id":"https:\/\/jornalfatosenoticias.com.br\/#organization"},"image":{"@id":"https:\/\/jornalfatosenoticias.com.br\/index.php\/2021\/05\/25\/sedu-divulga-guia-do-estudante-com-informacoes-sobre-mudancas-no-ensino-medio\/#primaryimage"},"thumbnailUrl":"https:\/\/jornalfatosenoticias.com.br\/wp-content\/uploads\/2021\/05\/novo-ensino-medio-capixaba.jpeg","keywords":["Guia do Estudante","Novo Ensino M\u00e9dio Capixaba","rede p\u00fablica estadual","Sedu"],"articleSection":["Educa\u00e7\u00e3o"],"inLanguage":"pt-BR","potentialAction":[{"@type":"CommentAction","name":"Comment","target":["https:\/\/jornalfatosenoticias.com.br\/index.php\/2021\/05\/25\/sedu-divulga-guia-do-estudante-com-informacoes-sobre-mudancas-no-ensino-medio\/#respond"]}]},{"@type":"WebPage","@id":"https:\/\/jornalfatosenoticias.com.br\/index.php\/2021\/05\/25\/sedu-divulga-guia-do-estudante-com-informacoes-sobre-mudancas-no-ensino-medio\/","url":"https:\/\/jornalfatosenoticias.com.br\/index.php\/2021\/05\/25\/sedu-divulga-guia-do-estudante-com-informacoes-sobre-mudancas-no-ensino-medio\/","name":"Sedu divulga Guia do Estudante com informa\u00e7\u00f5es sobre mudan\u00e7as no Ensino M\u00e9dio - Jornal Fatos e Not\u00edcias","isPartOf":{"@id":"https:\/\/jornalfatosenoticias.com.br\/#website"},"primaryImageOfPage":{"@id":"https:\/\/jornalfatosenoticias.com.br\/index.php\/2021\/05\/25\/sedu-divulga-guia-do-estudante-com-informacoes-sobre-mudancas-no-ensino-medio\/#primaryimage"},"image":{"@id":"https:\/\/jornalfatosenoticias.com.br\/index.php\/2021\/05\/25\/sedu-divulga-guia-do-estudante-com-informacoes-sobre-mudancas-no-ensino-medio\/#primaryimage"},"thumbnailUrl":"https:\/\/jornalfatosenoticias.com.br\/wp-content\/uploads\/2021\/05\/novo-ensino-medio-capixaba.jpeg","datePublished":"2021-05-25T17:42:09+00:00","dateModified":"2021-05-25T17:42:11+00:00","breadcrumb":{"@id":"https:\/\/jornalfatosenoticias.com.br\/index.php\/2021\/05\/25\/sedu-divulga-guia-do-estudante-com-informacoes-sobre-mudancas-no-ensino-medio\/#breadcrumb"},"inLanguage":"pt-BR","potentialAction":[{"@type":"ReadAction","target":["https:\/\/jornalfatosenoticias.com.br\/index.php\/2021\/05\/25\/sedu-divulga-guia-do-estudante-com-informacoes-sobre-mudancas-no-ensino-medio\/"]}]},{"@type":"ImageObject","inLanguage":"pt-BR","@id":"https:\/\/jornalfatosenoticias.com.br\/index.php\/2021\/05\/25\/sedu-divulga-guia-do-estudante-com-informacoes-sobre-mudancas-no-ensino-medio\/#primaryimage","url":"https:\/\/jornalfatosenoticias.com.br\/wp-content\/uploads\/2021\/05\/novo-ensino-medio-capixaba.jpeg","contentUrl":"https:\/\/jornalfatosenoticias.com.br\/wp-content\/uploads\/2021\/05\/novo-ensino-medio-capixaba.jpeg","width":1000,"height":448},{"@type":"BreadcrumbList","@id":"https:\/\/jornalfatosenoticias.com.br\/index.php\/2021\/05\/25\/sedu-divulga-guia-do-estudante-com-informacoes-sobre-mudancas-no-ensino-medio\/#breadcrumb","itemListElement":[{"@type":"ListItem","position":1,"name":"In\u00edcio","item":"https:\/\/jornalfatosenoticias.com.br\/"},{"@type":"ListItem","position":2,"name":"Sedu divulga Guia do Estudante com informa\u00e7\u00f5es sobre mudan\u00e7as no Ensino M\u00e9dio"}]},{"@type":"WebSite","@id":"https:\/\/jornalfatosenoticias.com.br\/#website","url":"https:\/\/jornalfatosenoticias.com.br\/","name":"Jornal Fatos e Not\u00edcias","description":"Not\u00edcias em geral","publisher":{"@id":"https:\/\/jornalfatosenoticias.com.br\/#organization"},"potentialAction":[{"@type":"SearchAction","target":{"@type":"EntryPoint","urlTemplate":"https:\/\/jornalfatosenoticias.com.br\/?s={search_term_string}"},"query-input":{"@type":"PropertyValueSpecification","valueRequired":true,"valueName":"search_term_string"}}],"inLanguage":"pt-BR"},{"@type":"Organization","@id":"https:\/\/jornalfatosenoticias.com.br\/#organization","name":"Jornal Fatos e Not\u00edcias","url":"https:\/\/jornalfatosenoticias.com.br\/","logo":{"@type":"ImageObject","inLanguage":"pt-BR","@id":"https:\/\/jornalfatosenoticias.com.br\/#\/schema\/logo\/image\/","url":"https:\/\/jornalfatosenoticias.com.br\/wp-content\/uploads\/2020\/02\/logo120.png","contentUrl":"https:\/\/jornalfatosenoticias.com.br\/wp-content\/uploads\/2020\/02\/logo120.png","width":1227,"height":120,"caption":"Jornal Fatos e Not\u00edcias"},"image":{"@id":"https:\/\/jornalfatosenoticias.com.br\/#\/schema\/logo\/image\/"}},{"@type":"Person","@id":"https:\/\/jornalfatosenoticias.com.br\/#\/schema\/person\/d63837fa13ac8666eb9e74e0985d6f81","name":"Luzimara Fernandes","image":{"@type":"ImageObject","inLanguage":"pt-BR","@id":"https:\/\/jornalfatosenoticias.com.br\/#\/schema\/person\/image\/","url":"https:\/\/jornalfatosenoticias.com.br\/wp-content\/uploads\/2025\/05\/EU_portal.jpg","contentUrl":"https:\/\/jornalfatosenoticias.com.br\/wp-content\/uploads\/2025\/05\/EU_portal.jpg","caption":"Luzimara Fernandes"},"description":"Jornalista MTB 2358-ES","sameAs":["https:\/\/jornalfatosenoticias.com.br"],"url":"https:\/\/jornalfatosenoticias.com.br\/index.php\/author\/luzimara\/"}]}},"cc_featured_image_caption":{"caption_text":"(Foto: Ascom Sedu) ","source_text":"","source_url":""},"jetpack_featured_media_url":"https:\/\/jornalfatosenoticias.com.br\/wp-content\/uploads\/2021\/05\/novo-ensino-medio-capixaba.jpeg","_links":{"self":[{"href":"https:\/\/jornalfatosenoticias.com.br\/index.php\/wp-json\/wp\/v2\/posts\/18547","targetHints":{"allow":["GET"]}}],"collection":[{"href":"https:\/\/jornalfatosenoticias.com.br\/index.php\/wp-json\/wp\/v2\/posts"}],"about":[{"href":"https:\/\/jornalfatosenoticias.com.br\/index.php\/wp-json\/wp\/v2\/types\/post"}],"author":[{"embeddable":true,"href":"https:\/\/jornalfatosenoticias.com.br\/index.php\/wp-json\/wp\/v2\/users\/2"}],"replies":[{"embeddable":true,"href":"https:\/\/jornalfatosenoticias.com.br\/index.php\/wp-json\/wp\/v2\/comments?post=18547"}],"version-history":[{"count":0,"href":"https:\/\/jornalfatosenoticias.com.br\/index.php\/wp-json\/wp\/v2\/posts\/18547\/revisions"}],"wp:featuredmedia":[{"embeddable":true,"href":"https:\/\/jornalfatosenoticias.com.br\/index.php\/wp-json\/wp\/v2\/media\/18548"}],"wp:attachment":[{"href":"https:\/\/jornalfatosenoticias.com.br\/index.php\/wp-json\/wp\/v2\/media?parent=18547"}],"wp:term":[{"taxonomy":"category","embeddable":true,"href":"https:\/\/jornalfatosenoticias.com.br\/index.php\/wp-json\/wp\/v2\/categories?post=18547"},{"taxonomy":"post_tag","embeddable":true,"href":"https:\/\/jornalfatosenoticias.com.br\/index.php\/wp-json\/wp\/v2\/tags?post=18547"}],"curies":[{"name":"wp","href":"https:\/\/api.w.org\/{rel}","templated":true}]}}