{"id":18555,"date":"2021-05-25T15:28:05","date_gmt":"2021-05-25T18:28:05","guid":{"rendered":"https:\/\/jornalfatosenoticias.com.br\/?p=18555"},"modified":"2021-05-25T15:28:09","modified_gmt":"2021-05-25T18:28:09","slug":"ministerios-do-turismo-e-da-agricultura-finalizam-selecao-do-projeto-experiencias-do-brasil-rural","status":"publish","type":"post","link":"https:\/\/jornalfatosenoticias.com.br\/index.php\/2021\/05\/25\/ministerios-do-turismo-e-da-agricultura-finalizam-selecao-do-projeto-experiencias-do-brasil-rural\/","title":{"rendered":"Minist\u00e9rios do Turismo e da Agricultura finalizam sele\u00e7\u00e3o do Projeto Experi\u00eancias do Brasil Rural"},"content":{"rendered":"\n<p><em><span class=\"has-inline-color has-black-color\">Processo \u00e9 fruto de parceria com a Universidade Federal Fluminense que, ap\u00f3s an\u00e1lise de recursos, confirmou o resultado preliminar divulgado no in\u00edcio do m\u00eas<\/span><\/em><\/p>\n\n\n\n<p>Os oito roteiros tur\u00edsticos que integrar\u00e3o o Projeto Experi\u00eancias do Brasil Rural foram oficializados nesta segunda-feira (24). Agora, eles passar\u00e3o a contar com apoio t\u00e9cnico para estrutura\u00e7\u00e3o dos destinos e empreendimentos, bem como a comercializa\u00e7\u00e3o de produtos e servi\u00e7os com o objetivo de promover o turismo em \u00e1reas rurais do Pa\u00eds. A iniciativa \u00e9 fruto de uma parceria entre os minist\u00e9rios do Turismo e da Agricultura, Pecu\u00e1ria e Abastecimento (Mapa) e da Universidade Federal Fluminense (UFF).<br>O ministro do Turismo, Gilson Machado Neto, aponta que a ideia \u00e9 impulsionar produtos e servi\u00e7os da agricultura familiar associados ao turismo.<\/p>\n\n\n\n<blockquote class=\"wp-block-quote is-layout-flow wp-block-quote-is-layout-flow\"><p>\u201cApoiando a formata\u00e7\u00e3o e o posicionamento de produtos e roteiros de experi\u00eancias no meio rural, o resultado ser\u00e1 o fortalecimento dos roteiros, tendo a agricultura familiar como um diferencial. Com isso, tamb\u00e9m conseguimos diversificar a oferta tur\u00edstica brasileira\u201d, afirma.<\/p><\/blockquote>\n\n\n\n<p>Ao todo, participaram do processo seletivo mais de 50 propostas que contemplavam as quatro cadeias produtivas priorizadas para o projeto: queijo, vinho, cerveja e frutos da Amaz\u00f4nia. Com o encerramento da sele\u00e7\u00e3o, os respons\u00e1veis pelos roteiros selecionados ser\u00e3o acionados para uma reuni\u00e3o de apresenta\u00e7\u00e3o da metodologia e das a\u00e7\u00f5es e prazos de cada etapa do projeto.<br>Segundo o secret\u00e1rio nacional de Desenvolvimento e Competitividade do Turismo, William Fran\u00e7a, a pr\u00f3xima etapa ser\u00e1 o diagn\u00f3stico e desenvolvimento do plano de a\u00e7\u00e3o para cada um dos roteiros selecionados. \u201cTamb\u00e9m est\u00e3o previstas capacita\u00e7\u00f5es de empres\u00e1rios, empreendedores e produtores rurais para a cria\u00e7\u00e3o ou aprimoramento dos roteiros e experi\u00eancias. Ao final dos processos de estrutura\u00e7\u00e3o, a meta \u00e9 conseguirmos inserir produtos elaborados por pequenos produtores rurais nos bares, restaurantes, meios de hospedagem, lojas de artesanato e outros equipamentos locais que integram o roteiro tur\u00edstico rural\u201d, explica.<br>Para o secret\u00e1rio de Agricultura Familiar e Cooperativismo do Mapa, Fernando Schwanke, ressalta que o turismo rural representa uma ferramenta importante para impulsionar a produ\u00e7\u00e3o familiar e uma alternativa de renda para o campo.<\/p>\n\n\n\n<blockquote class=\"wp-block-quote is-layout-flow wp-block-quote-is-layout-flow\"><p>\u201cQuando o turista chega para conhecer a propriedade rural, muitas vezes adquire produtos artesanais e agropecu\u00e1rios produzidos por agricultores familiares, caracter\u00edsticos daquela regi\u00e3o, conhecidos como produtos associados ao turismo. Isso gera nova possibilidade de renda para os pequenos produtores e proporciona ao turista experi\u00eancias de consumo que valorizam a hist\u00f3ria, a cultura e o meio ambiente daquela regi\u00e3o\u201d.<\/p><\/blockquote>\n\n\n\n<p>Os oito roteiros tur\u00edsticos selecionados j\u00e1 haviam sido divulgados no in\u00edcio do m\u00eas e, ap\u00f3s uma etapa de an\u00e1lise de recursos, tiveram suas candidaturas confirmadas. Eles est\u00e3o localizados em 41 munic\u00edpios espalhados em quatro regi\u00f5es brasileiras. Na regi\u00e3o Norte, por exemplo, a rota selecionada foi a da \u201cAmaz\u00f4nia Atl\u00e2ntica\u201d. Situada entre as cidades de Bragan\u00e7a, Curu\u00e7\u00e1 e Augusto Corr\u00eaa (Par\u00e1), a rota oferta viv\u00eancias rurais por meio da pesca artesanal, degusta\u00e7\u00e3o de queijos artesanais, farinhas de mandioca e de frutas org\u00e2nicas encontradas no estado.<br>J\u00e1 na regi\u00e3o Nordeste, o roteiro selecionado foi \u201cTerra M\u00e3e do Brasil, Seus Caminhos, Segredos e Sabores\u201d, em Porto Seguro (BA). O destino oferta aos visitantes desde passeios em meio \u00e0 natureza preservada e rotas hist\u00f3ricas \u00e0 degusta\u00e7\u00e3o de novos sabores, entre eles queijos, frutas, cervejas artesanais e iguarias t\u00edpicas.<\/p>\n\n\n\n<p><strong>Acesse <a href=\"http:\/\/pesquisaturaf.uff.br\/resultados-do-processo-seletivo\/\">AQUI<\/a> ou veja abaixo os oito roteiros selecionados para o Projeto Experi\u00eancias do Brasil Rural:<\/strong><\/p>\n\n\n\n<h4 class=\"wp-block-heading\"><span class=\"has-inline-color has-black-color\">Regi\u00e3o Norte<\/span><\/h4>\n\n\n\n<ul class=\"wp-block-list\"><li><span style=\"text-decoration: underline;\">Rota Amaz\u00f4nia Atl\u00e2ntica (PA)<br><\/span>Cadeia produtiva: Frutos da Amaz\u00f4nia<\/li><\/ul>\n\n\n\n<h4 class=\"wp-block-heading\"><span class=\"has-inline-color has-black-color\">Regi\u00e3o Nordeste<\/span><\/h4>\n\n\n\n<ul class=\"wp-block-list\"><li><span style=\"text-decoration: underline;\">Terra M\u00e3e do Brasil, Seus Caminhos, Segredos e Sabores (BA)<br><\/span>Cadeia produtiva: Queijo e Frutos da Amaz\u00f4nia<\/li><\/ul>\n\n\n\n<h4 class=\"wp-block-heading\"><span class=\"has-inline-color has-black-color\">Regi\u00e3o Sul<\/span><\/h4>\n\n\n\n<ul class=\"wp-block-list\"><li><span style=\"text-decoration: underline;\">Caminhos do Campo (SC)<br><\/span>Cadeia produtiva: Queijo, Vinho e Cerveja<\/li><li><span style=\"text-decoration: underline;\">Ferradura dos Vinhedos (RS)<br><\/span>Cadeia produtiva: Queijo e Vinho<\/li><li><span style=\"text-decoration: underline;\">Roteiro Farroupilha Colonial (RS)<br><\/span>Cadeia produtiva: Vinho<\/li><\/ul>\n\n\n\n<h4 class=\"wp-block-heading\"><span class=\"has-inline-color has-black-color\">Regi\u00e3o Sudeste<\/span><\/h4>\n\n\n\n<ul class=\"wp-block-list\"><li><span style=\"text-decoration: underline;\">Agroturismo (ES)<br><\/span>Cadeia produtiva: Queijo, Vinho e Cerveja<\/li><li><span style=\"text-decoration: underline;\">Rota do Queijo \u2014 Terroir Vertentes (MG)<br><\/span>Cadeia produtiva: Queijo<\/li><li><span style=\"text-decoration: underline;\">Rota Gourmet das Terras Altas da Mantiqueira (MG)<br><\/span>Cadeia produtiva: Queijo e Cerveja<\/li><\/ul>\n\n\n\n<p><strong><span class=\"has-inline-color has-black-color\">TURISMO RURAL \u2014<\/span><\/strong> O Projeto Experi\u00eancias do Brasil Rural integra uma s\u00e9rie de medidas realizadas pelo governo federal para fomentar o Turismo Rural, segmento considerado crucial na retomada das atividades tur\u00edsticas no contexto p\u00f3s-pandemia. Entre os benef\u00edcios do fortalecimento deste segmento est\u00e1 a constru\u00e7\u00e3o de uma alternativa de renda para o campo, apoio na estabiliza\u00e7\u00e3o da economia local e cria\u00e7\u00e3o de neg\u00f3cios e empregos diretos e indiretos.<br>O Brasil j\u00e1 contabiliza diversos empreendimentos rurais que estruturam atividades tur\u00edsticas variadas e ofertam, por exemplo, experi\u00eancias em colheitas de produtos agr\u00edcolas, participa\u00e7\u00e3o no preparo de produtos como chocolates e vinhos e experi\u00eancias gastron\u00f4micas caracter\u00edsticas de cada regi\u00e3o. Para saber mais, acesse o <a href=\"http:\/\/bibliotecarimt.turismo.gov.br\/_layouts\/15\/start.aspx#\/SitePages\/BIMT%207%C2%AA%20edi%C3%A7%C3%A3o%20-%20Experi%C3%AAncias%20do%20Turismo%20Rural.aspx\">Boletim de Intelig\u00eancia de Mercado no Turismo (BIMT)<\/a> voltado ao Turismo Rural.<\/p>\n\n\n\n<p><strong><em>Fonte: <a href=\"https:\/\/www.gov.br\/turismo\/pt-br\/assuntos\/noticias\/ministerios-do-turismo-e-da-agricultura-finalizam-selecao-dos-8-roteiros-do-projeto-experiencias-do-brasil-rural\">MTur<\/a><\/em><\/strong><\/p>\n","protected":false},"excerpt":{"rendered":"<p>Processo \u00e9 fruto de parceria com a Universidade Federal Fluminense que, ap\u00f3s an\u00e1lise de recursos, confirmou o resultado preliminar divulgado no in\u00edcio do m\u00eas Os oito roteiros tur\u00edsticos que integrar\u00e3o o Projeto Experi\u00eancias do Brasil Rural foram oficializados nesta segunda-feira (24). Agora, eles passar\u00e3o a contar com apoio t\u00e9cnico para estrutura\u00e7\u00e3o dos destinos e empreendimentos, [&hellip;]<\/p>\n","protected":false},"author":2,"featured_media":18556,"comment_status":"open","ping_status":"open","sticky":false,"template":"","format":"standard","meta":{"footnotes":""},"categories":[746],"tags":[9168,9169,9170],"class_list":["post-18555","post","type-post","status-publish","format-standard","has-post-thumbnail","hentry","category-turismo","tag-experiencias-do-brasil-rural","tag-ministerio-da-agricultura","tag-turismo-rural"],"yoast_head":"<!-- This site is optimized with the Yoast SEO plugin v26.5 - https:\/\/yoast.com\/wordpress\/plugins\/seo\/ -->\n<title>Minist\u00e9rios do Turismo e da Agricultura finalizam sele\u00e7\u00e3o do Projeto Experi\u00eancias do Brasil Rural - Jornal Fatos e Not\u00edcias<\/title>\n<meta name=\"robots\" content=\"index, follow, max-snippet:-1, max-image-preview:large, max-video-preview:-1\" \/>\n<link rel=\"canonical\" href=\"https:\/\/jornalfatosenoticias.com.br\/index.php\/2021\/05\/25\/ministerios-do-turismo-e-da-agricultura-finalizam-selecao-do-projeto-experiencias-do-brasil-rural\/\" \/>\n<meta property=\"og:locale\" content=\"pt_BR\" \/>\n<meta property=\"og:type\" content=\"article\" \/>\n<meta property=\"og:title\" content=\"Minist\u00e9rios do Turismo e da Agricultura finalizam sele\u00e7\u00e3o do Projeto Experi\u00eancias do Brasil Rural - Jornal Fatos e Not\u00edcias\" \/>\n<meta property=\"og:description\" content=\"Processo \u00e9 fruto de parceria com a Universidade Federal Fluminense que, ap\u00f3s an\u00e1lise de recursos, confirmou o resultado preliminar divulgado no in\u00edcio do m\u00eas Os oito roteiros tur\u00edsticos que integrar\u00e3o o Projeto Experi\u00eancias do Brasil Rural foram oficializados nesta segunda-feira (24). Agora, eles passar\u00e3o a contar com apoio t\u00e9cnico para estrutura\u00e7\u00e3o dos destinos e empreendimentos, [&hellip;]\" \/>\n<meta property=\"og:url\" content=\"https:\/\/jornalfatosenoticias.com.br\/index.php\/2021\/05\/25\/ministerios-do-turismo-e-da-agricultura-finalizam-selecao-do-projeto-experiencias-do-brasil-rural\/\" \/>\n<meta property=\"og:site_name\" content=\"Jornal Fatos e Not\u00edcias\" \/>\n<meta property=\"article:published_time\" content=\"2021-05-25T18:28:05+00:00\" \/>\n<meta property=\"article:modified_time\" content=\"2021-05-25T18:28:09+00:00\" \/>\n<meta property=\"og:image\" content=\"https:\/\/jornalfatosenoticias.com.br\/wp-content\/uploads\/2021\/05\/turismo-rural.png\" \/>\n\t<meta property=\"og:image:width\" content=\"1000\" \/>\n\t<meta property=\"og:image:height\" content=\"565\" \/>\n\t<meta property=\"og:image:type\" content=\"image\/png\" \/>\n<meta name=\"author\" content=\"Luzimara Fernandes\" \/>\n<meta name=\"twitter:card\" content=\"summary_large_image\" \/>\n<meta name=\"twitter:label1\" content=\"Escrito por\" \/>\n\t<meta name=\"twitter:data1\" content=\"Luzimara Fernandes\" \/>\n\t<meta name=\"twitter:label2\" content=\"Est. tempo de leitura\" \/>\n\t<meta name=\"twitter:data2\" content=\"4 minutos\" \/>\n<script type=\"application\/ld+json\" class=\"yoast-schema-graph\">{\"@context\":\"https:\/\/schema.org\",\"@graph\":[{\"@type\":\"Article\",\"@id\":\"https:\/\/jornalfatosenoticias.com.br\/index.php\/2021\/05\/25\/ministerios-do-turismo-e-da-agricultura-finalizam-selecao-do-projeto-experiencias-do-brasil-rural\/#article\",\"isPartOf\":{\"@id\":\"https:\/\/jornalfatosenoticias.com.br\/index.php\/2021\/05\/25\/ministerios-do-turismo-e-da-agricultura-finalizam-selecao-do-projeto-experiencias-do-brasil-rural\/\"},\"author\":{\"name\":\"Luzimara Fernandes\",\"@id\":\"https:\/\/jornalfatosenoticias.com.br\/#\/schema\/person\/d63837fa13ac8666eb9e74e0985d6f81\"},\"headline\":\"Minist\u00e9rios do Turismo e da Agricultura finalizam sele\u00e7\u00e3o do Projeto Experi\u00eancias do Brasil Rural\",\"datePublished\":\"2021-05-25T18:28:05+00:00\",\"dateModified\":\"2021-05-25T18:28:09+00:00\",\"mainEntityOfPage\":{\"@id\":\"https:\/\/jornalfatosenoticias.com.br\/index.php\/2021\/05\/25\/ministerios-do-turismo-e-da-agricultura-finalizam-selecao-do-projeto-experiencias-do-brasil-rural\/\"},\"wordCount\":863,\"commentCount\":0,\"publisher\":{\"@id\":\"https:\/\/jornalfatosenoticias.com.br\/#organization\"},\"image\":{\"@id\":\"https:\/\/jornalfatosenoticias.com.br\/index.php\/2021\/05\/25\/ministerios-do-turismo-e-da-agricultura-finalizam-selecao-do-projeto-experiencias-do-brasil-rural\/#primaryimage\"},\"thumbnailUrl\":\"https:\/\/jornalfatosenoticias.com.br\/wp-content\/uploads\/2021\/05\/turismo-rural.png\",\"keywords\":[\"Experi\u00eancias do Brasil Rural\",\"Minist\u00e9rio da Agricultura\",\"turismo rural\"],\"articleSection\":[\"Turismo\"],\"inLanguage\":\"pt-BR\",\"potentialAction\":[{\"@type\":\"CommentAction\",\"name\":\"Comment\",\"target\":[\"https:\/\/jornalfatosenoticias.com.br\/index.php\/2021\/05\/25\/ministerios-do-turismo-e-da-agricultura-finalizam-selecao-do-projeto-experiencias-do-brasil-rural\/#respond\"]}]},{\"@type\":\"WebPage\",\"@id\":\"https:\/\/jornalfatosenoticias.com.br\/index.php\/2021\/05\/25\/ministerios-do-turismo-e-da-agricultura-finalizam-selecao-do-projeto-experiencias-do-brasil-rural\/\",\"url\":\"https:\/\/jornalfatosenoticias.com.br\/index.php\/2021\/05\/25\/ministerios-do-turismo-e-da-agricultura-finalizam-selecao-do-projeto-experiencias-do-brasil-rural\/\",\"name\":\"Minist\u00e9rios do Turismo e da Agricultura finalizam sele\u00e7\u00e3o do Projeto Experi\u00eancias do Brasil Rural - Jornal Fatos e Not\u00edcias\",\"isPartOf\":{\"@id\":\"https:\/\/jornalfatosenoticias.com.br\/#website\"},\"primaryImageOfPage\":{\"@id\":\"https:\/\/jornalfatosenoticias.com.br\/index.php\/2021\/05\/25\/ministerios-do-turismo-e-da-agricultura-finalizam-selecao-do-projeto-experiencias-do-brasil-rural\/#primaryimage\"},\"image\":{\"@id\":\"https:\/\/jornalfatosenoticias.com.br\/index.php\/2021\/05\/25\/ministerios-do-turismo-e-da-agricultura-finalizam-selecao-do-projeto-experiencias-do-brasil-rural\/#primaryimage\"},\"thumbnailUrl\":\"https:\/\/jornalfatosenoticias.com.br\/wp-content\/uploads\/2021\/05\/turismo-rural.png\",\"datePublished\":\"2021-05-25T18:28:05+00:00\",\"dateModified\":\"2021-05-25T18:28:09+00:00\",\"breadcrumb\":{\"@id\":\"https:\/\/jornalfatosenoticias.com.br\/index.php\/2021\/05\/25\/ministerios-do-turismo-e-da-agricultura-finalizam-selecao-do-projeto-experiencias-do-brasil-rural\/#breadcrumb\"},\"inLanguage\":\"pt-BR\",\"potentialAction\":[{\"@type\":\"ReadAction\",\"target\":[\"https:\/\/jornalfatosenoticias.com.br\/index.php\/2021\/05\/25\/ministerios-do-turismo-e-da-agricultura-finalizam-selecao-do-projeto-experiencias-do-brasil-rural\/\"]}]},{\"@type\":\"ImageObject\",\"inLanguage\":\"pt-BR\",\"@id\":\"https:\/\/jornalfatosenoticias.com.br\/index.php\/2021\/05\/25\/ministerios-do-turismo-e-da-agricultura-finalizam-selecao-do-projeto-experiencias-do-brasil-rural\/#primaryimage\",\"url\":\"https:\/\/jornalfatosenoticias.com.br\/wp-content\/uploads\/2021\/05\/turismo-rural.png\",\"contentUrl\":\"https:\/\/jornalfatosenoticias.com.br\/wp-content\/uploads\/2021\/05\/turismo-rural.png\",\"width\":1000,\"height\":565},{\"@type\":\"BreadcrumbList\",\"@id\":\"https:\/\/jornalfatosenoticias.com.br\/index.php\/2021\/05\/25\/ministerios-do-turismo-e-da-agricultura-finalizam-selecao-do-projeto-experiencias-do-brasil-rural\/#breadcrumb\",\"itemListElement\":[{\"@type\":\"ListItem\",\"position\":1,\"name\":\"In\u00edcio\",\"item\":\"https:\/\/jornalfatosenoticias.com.br\/\"},{\"@type\":\"ListItem\",\"position\":2,\"name\":\"Minist\u00e9rios do Turismo e da Agricultura finalizam sele\u00e7\u00e3o do Projeto Experi\u00eancias do Brasil Rural\"}]},{\"@type\":\"WebSite\",\"@id\":\"https:\/\/jornalfatosenoticias.com.br\/#website\",\"url\":\"https:\/\/jornalfatosenoticias.com.br\/\",\"name\":\"Jornal Fatos e Not\u00edcias\",\"description\":\"Not\u00edcias em geral\",\"publisher\":{\"@id\":\"https:\/\/jornalfatosenoticias.com.br\/#organization\"},\"potentialAction\":[{\"@type\":\"SearchAction\",\"target\":{\"@type\":\"EntryPoint\",\"urlTemplate\":\"https:\/\/jornalfatosenoticias.com.br\/?s={search_term_string}\"},\"query-input\":{\"@type\":\"PropertyValueSpecification\",\"valueRequired\":true,\"valueName\":\"search_term_string\"}}],\"inLanguage\":\"pt-BR\"},{\"@type\":\"Organization\",\"@id\":\"https:\/\/jornalfatosenoticias.com.br\/#organization\",\"name\":\"Jornal Fatos e Not\u00edcias\",\"url\":\"https:\/\/jornalfatosenoticias.com.br\/\",\"logo\":{\"@type\":\"ImageObject\",\"inLanguage\":\"pt-BR\",\"@id\":\"https:\/\/jornalfatosenoticias.com.br\/#\/schema\/logo\/image\/\",\"url\":\"https:\/\/jornalfatosenoticias.com.br\/wp-content\/uploads\/2020\/02\/logo120.png\",\"contentUrl\":\"https:\/\/jornalfatosenoticias.com.br\/wp-content\/uploads\/2020\/02\/logo120.png\",\"width\":1227,\"height\":120,\"caption\":\"Jornal Fatos e Not\u00edcias\"},\"image\":{\"@id\":\"https:\/\/jornalfatosenoticias.com.br\/#\/schema\/logo\/image\/\"}},{\"@type\":\"Person\",\"@id\":\"https:\/\/jornalfatosenoticias.com.br\/#\/schema\/person\/d63837fa13ac8666eb9e74e0985d6f81\",\"name\":\"Luzimara Fernandes\",\"image\":{\"@type\":\"ImageObject\",\"inLanguage\":\"pt-BR\",\"@id\":\"https:\/\/jornalfatosenoticias.com.br\/#\/schema\/person\/image\/\",\"url\":\"https:\/\/jornalfatosenoticias.com.br\/wp-content\/uploads\/2025\/05\/EU_portal.jpg\",\"contentUrl\":\"https:\/\/jornalfatosenoticias.com.br\/wp-content\/uploads\/2025\/05\/EU_portal.jpg\",\"caption\":\"Luzimara Fernandes\"},\"description\":\"Jornalista MTB 2358-ES\",\"sameAs\":[\"https:\/\/jornalfatosenoticias.com.br\"],\"url\":\"https:\/\/jornalfatosenoticias.com.br\/index.php\/author\/luzimara\/\"}]}<\/script>\n<!-- \/ Yoast SEO plugin. -->","yoast_head_json":{"title":"Minist\u00e9rios do Turismo e da Agricultura finalizam sele\u00e7\u00e3o do Projeto Experi\u00eancias do Brasil Rural - Jornal Fatos e Not\u00edcias","robots":{"index":"index","follow":"follow","max-snippet":"max-snippet:-1","max-image-preview":"max-image-preview:large","max-video-preview":"max-video-preview:-1"},"canonical":"https:\/\/jornalfatosenoticias.com.br\/index.php\/2021\/05\/25\/ministerios-do-turismo-e-da-agricultura-finalizam-selecao-do-projeto-experiencias-do-brasil-rural\/","og_locale":"pt_BR","og_type":"article","og_title":"Minist\u00e9rios do Turismo e da Agricultura finalizam sele\u00e7\u00e3o do Projeto Experi\u00eancias do Brasil Rural - Jornal Fatos e Not\u00edcias","og_description":"Processo \u00e9 fruto de parceria com a Universidade Federal Fluminense que, ap\u00f3s an\u00e1lise de recursos, confirmou o resultado preliminar divulgado no in\u00edcio do m\u00eas Os oito roteiros tur\u00edsticos que integrar\u00e3o o Projeto Experi\u00eancias do Brasil Rural foram oficializados nesta segunda-feira (24). Agora, eles passar\u00e3o a contar com apoio t\u00e9cnico para estrutura\u00e7\u00e3o dos destinos e empreendimentos, [&hellip;]","og_url":"https:\/\/jornalfatosenoticias.com.br\/index.php\/2021\/05\/25\/ministerios-do-turismo-e-da-agricultura-finalizam-selecao-do-projeto-experiencias-do-brasil-rural\/","og_site_name":"Jornal Fatos e Not\u00edcias","article_published_time":"2021-05-25T18:28:05+00:00","article_modified_time":"2021-05-25T18:28:09+00:00","og_image":[{"width":1000,"height":565,"url":"https:\/\/jornalfatosenoticias.com.br\/wp-content\/uploads\/2021\/05\/turismo-rural.png","type":"image\/png"}],"author":"Luzimara Fernandes","twitter_card":"summary_large_image","twitter_misc":{"Escrito por":"Luzimara Fernandes","Est. tempo de leitura":"4 minutos"},"schema":{"@context":"https:\/\/schema.org","@graph":[{"@type":"Article","@id":"https:\/\/jornalfatosenoticias.com.br\/index.php\/2021\/05\/25\/ministerios-do-turismo-e-da-agricultura-finalizam-selecao-do-projeto-experiencias-do-brasil-rural\/#article","isPartOf":{"@id":"https:\/\/jornalfatosenoticias.com.br\/index.php\/2021\/05\/25\/ministerios-do-turismo-e-da-agricultura-finalizam-selecao-do-projeto-experiencias-do-brasil-rural\/"},"author":{"name":"Luzimara Fernandes","@id":"https:\/\/jornalfatosenoticias.com.br\/#\/schema\/person\/d63837fa13ac8666eb9e74e0985d6f81"},"headline":"Minist\u00e9rios do Turismo e da Agricultura finalizam sele\u00e7\u00e3o do Projeto Experi\u00eancias do Brasil Rural","datePublished":"2021-05-25T18:28:05+00:00","dateModified":"2021-05-25T18:28:09+00:00","mainEntityOfPage":{"@id":"https:\/\/jornalfatosenoticias.com.br\/index.php\/2021\/05\/25\/ministerios-do-turismo-e-da-agricultura-finalizam-selecao-do-projeto-experiencias-do-brasil-rural\/"},"wordCount":863,"commentCount":0,"publisher":{"@id":"https:\/\/jornalfatosenoticias.com.br\/#organization"},"image":{"@id":"https:\/\/jornalfatosenoticias.com.br\/index.php\/2021\/05\/25\/ministerios-do-turismo-e-da-agricultura-finalizam-selecao-do-projeto-experiencias-do-brasil-rural\/#primaryimage"},"thumbnailUrl":"https:\/\/jornalfatosenoticias.com.br\/wp-content\/uploads\/2021\/05\/turismo-rural.png","keywords":["Experi\u00eancias do Brasil Rural","Minist\u00e9rio da Agricultura","turismo rural"],"articleSection":["Turismo"],"inLanguage":"pt-BR","potentialAction":[{"@type":"CommentAction","name":"Comment","target":["https:\/\/jornalfatosenoticias.com.br\/index.php\/2021\/05\/25\/ministerios-do-turismo-e-da-agricultura-finalizam-selecao-do-projeto-experiencias-do-brasil-rural\/#respond"]}]},{"@type":"WebPage","@id":"https:\/\/jornalfatosenoticias.com.br\/index.php\/2021\/05\/25\/ministerios-do-turismo-e-da-agricultura-finalizam-selecao-do-projeto-experiencias-do-brasil-rural\/","url":"https:\/\/jornalfatosenoticias.com.br\/index.php\/2021\/05\/25\/ministerios-do-turismo-e-da-agricultura-finalizam-selecao-do-projeto-experiencias-do-brasil-rural\/","name":"Minist\u00e9rios do Turismo e da Agricultura finalizam sele\u00e7\u00e3o do Projeto Experi\u00eancias do Brasil Rural - Jornal Fatos e Not\u00edcias","isPartOf":{"@id":"https:\/\/jornalfatosenoticias.com.br\/#website"},"primaryImageOfPage":{"@id":"https:\/\/jornalfatosenoticias.com.br\/index.php\/2021\/05\/25\/ministerios-do-turismo-e-da-agricultura-finalizam-selecao-do-projeto-experiencias-do-brasil-rural\/#primaryimage"},"image":{"@id":"https:\/\/jornalfatosenoticias.com.br\/index.php\/2021\/05\/25\/ministerios-do-turismo-e-da-agricultura-finalizam-selecao-do-projeto-experiencias-do-brasil-rural\/#primaryimage"},"thumbnailUrl":"https:\/\/jornalfatosenoticias.com.br\/wp-content\/uploads\/2021\/05\/turismo-rural.png","datePublished":"2021-05-25T18:28:05+00:00","dateModified":"2021-05-25T18:28:09+00:00","breadcrumb":{"@id":"https:\/\/jornalfatosenoticias.com.br\/index.php\/2021\/05\/25\/ministerios-do-turismo-e-da-agricultura-finalizam-selecao-do-projeto-experiencias-do-brasil-rural\/#breadcrumb"},"inLanguage":"pt-BR","potentialAction":[{"@type":"ReadAction","target":["https:\/\/jornalfatosenoticias.com.br\/index.php\/2021\/05\/25\/ministerios-do-turismo-e-da-agricultura-finalizam-selecao-do-projeto-experiencias-do-brasil-rural\/"]}]},{"@type":"ImageObject","inLanguage":"pt-BR","@id":"https:\/\/jornalfatosenoticias.com.br\/index.php\/2021\/05\/25\/ministerios-do-turismo-e-da-agricultura-finalizam-selecao-do-projeto-experiencias-do-brasil-rural\/#primaryimage","url":"https:\/\/jornalfatosenoticias.com.br\/wp-content\/uploads\/2021\/05\/turismo-rural.png","contentUrl":"https:\/\/jornalfatosenoticias.com.br\/wp-content\/uploads\/2021\/05\/turismo-rural.png","width":1000,"height":565},{"@type":"BreadcrumbList","@id":"https:\/\/jornalfatosenoticias.com.br\/index.php\/2021\/05\/25\/ministerios-do-turismo-e-da-agricultura-finalizam-selecao-do-projeto-experiencias-do-brasil-rural\/#breadcrumb","itemListElement":[{"@type":"ListItem","position":1,"name":"In\u00edcio","item":"https:\/\/jornalfatosenoticias.com.br\/"},{"@type":"ListItem","position":2,"name":"Minist\u00e9rios do Turismo e da Agricultura finalizam sele\u00e7\u00e3o do Projeto Experi\u00eancias do Brasil Rural"}]},{"@type":"WebSite","@id":"https:\/\/jornalfatosenoticias.com.br\/#website","url":"https:\/\/jornalfatosenoticias.com.br\/","name":"Jornal Fatos e Not\u00edcias","description":"Not\u00edcias em geral","publisher":{"@id":"https:\/\/jornalfatosenoticias.com.br\/#organization"},"potentialAction":[{"@type":"SearchAction","target":{"@type":"EntryPoint","urlTemplate":"https:\/\/jornalfatosenoticias.com.br\/?s={search_term_string}"},"query-input":{"@type":"PropertyValueSpecification","valueRequired":true,"valueName":"search_term_string"}}],"inLanguage":"pt-BR"},{"@type":"Organization","@id":"https:\/\/jornalfatosenoticias.com.br\/#organization","name":"Jornal Fatos e Not\u00edcias","url":"https:\/\/jornalfatosenoticias.com.br\/","logo":{"@type":"ImageObject","inLanguage":"pt-BR","@id":"https:\/\/jornalfatosenoticias.com.br\/#\/schema\/logo\/image\/","url":"https:\/\/jornalfatosenoticias.com.br\/wp-content\/uploads\/2020\/02\/logo120.png","contentUrl":"https:\/\/jornalfatosenoticias.com.br\/wp-content\/uploads\/2020\/02\/logo120.png","width":1227,"height":120,"caption":"Jornal Fatos e Not\u00edcias"},"image":{"@id":"https:\/\/jornalfatosenoticias.com.br\/#\/schema\/logo\/image\/"}},{"@type":"Person","@id":"https:\/\/jornalfatosenoticias.com.br\/#\/schema\/person\/d63837fa13ac8666eb9e74e0985d6f81","name":"Luzimara Fernandes","image":{"@type":"ImageObject","inLanguage":"pt-BR","@id":"https:\/\/jornalfatosenoticias.com.br\/#\/schema\/person\/image\/","url":"https:\/\/jornalfatosenoticias.com.br\/wp-content\/uploads\/2025\/05\/EU_portal.jpg","contentUrl":"https:\/\/jornalfatosenoticias.com.br\/wp-content\/uploads\/2025\/05\/EU_portal.jpg","caption":"Luzimara Fernandes"},"description":"Jornalista MTB 2358-ES","sameAs":["https:\/\/jornalfatosenoticias.com.br"],"url":"https:\/\/jornalfatosenoticias.com.br\/index.php\/author\/luzimara\/"}]}},"cc_featured_image_caption":{"caption_text":"(Foto: Augusto Miranda\/MTur) ","source_text":"","source_url":""},"jetpack_featured_media_url":"https:\/\/jornalfatosenoticias.com.br\/wp-content\/uploads\/2021\/05\/turismo-rural.png","_links":{"self":[{"href":"https:\/\/jornalfatosenoticias.com.br\/index.php\/wp-json\/wp\/v2\/posts\/18555","targetHints":{"allow":["GET"]}}],"collection":[{"href":"https:\/\/jornalfatosenoticias.com.br\/index.php\/wp-json\/wp\/v2\/posts"}],"about":[{"href":"https:\/\/jornalfatosenoticias.com.br\/index.php\/wp-json\/wp\/v2\/types\/post"}],"author":[{"embeddable":true,"href":"https:\/\/jornalfatosenoticias.com.br\/index.php\/wp-json\/wp\/v2\/users\/2"}],"replies":[{"embeddable":true,"href":"https:\/\/jornalfatosenoticias.com.br\/index.php\/wp-json\/wp\/v2\/comments?post=18555"}],"version-history":[{"count":0,"href":"https:\/\/jornalfatosenoticias.com.br\/index.php\/wp-json\/wp\/v2\/posts\/18555\/revisions"}],"wp:featuredmedia":[{"embeddable":true,"href":"https:\/\/jornalfatosenoticias.com.br\/index.php\/wp-json\/wp\/v2\/media\/18556"}],"wp:attachment":[{"href":"https:\/\/jornalfatosenoticias.com.br\/index.php\/wp-json\/wp\/v2\/media?parent=18555"}],"wp:term":[{"taxonomy":"category","embeddable":true,"href":"https:\/\/jornalfatosenoticias.com.br\/index.php\/wp-json\/wp\/v2\/categories?post=18555"},{"taxonomy":"post_tag","embeddable":true,"href":"https:\/\/jornalfatosenoticias.com.br\/index.php\/wp-json\/wp\/v2\/tags?post=18555"}],"curies":[{"name":"wp","href":"https:\/\/api.w.org\/{rel}","templated":true}]}}