{"id":18570,"date":"2021-05-26T08:59:06","date_gmt":"2021-05-26T11:59:06","guid":{"rendered":"https:\/\/jornalfatosenoticias.com.br\/?p=18570"},"modified":"2021-05-26T08:59:09","modified_gmt":"2021-05-26T11:59:09","slug":"consultas-regulares-ao-medico-podem-afastar-risco-de-glaucoma","status":"publish","type":"post","link":"https:\/\/jornalfatosenoticias.com.br\/index.php\/2021\/05\/26\/consultas-regulares-ao-medico-podem-afastar-risco-de-glaucoma\/","title":{"rendered":"Consultas regulares ao m\u00e9dico podem afastar risco de glaucoma"},"content":{"rendered":"\n<p><em><span class=\"has-inline-color has-black-color\">Alerta \u00e9 feito no Dia Nacional de Combate \u00e0 doen\u00e7a<\/span><\/em><\/p>\n\n\n\n<p>O presidente da Sociedade Brasileira de Glaucoma (SBG), Augusto Paranhos Jr., disse hoje (26), Dia Nacional de Combate ao Glaucoma, que \u00e9 preciso estar atento \u00e0 doen\u00e7a que, no est\u00e1gio inicial, n\u00e3o apresenta sintomas.<\/p>\n\n\n\n<blockquote class=\"wp-block-quote is-layout-flow wp-block-quote-is-layout-flow\"><p>\u201cSe o paciente esperar ter sintoma para fazer o diagn\u00f3stico, a probabilidade de ele ficar cego \u00e9 muito grande\u201d.<\/p><\/blockquote>\n\n\n\n<p>O m\u00e9dico alertou que \u00e9 preciso visitar o oftalmologista mesmo sem queixa, lembrando que h\u00e1 doen\u00e7as que s\u00e3o silenciosas, como essa.<br>Em entrevista \u00e0 Ag\u00eancia Brasil, Paranhos Jr. explicou que existe um nervo que faz conex\u00e3o do olho com o c\u00e9rebro. \u201cToda imagem que chega ao fundo do olho, que \u00e9 luz, \u00e9 processada e se transforma em impulso el\u00e9trico que passa pelos neur\u00f4nios desse nervo e faz conex\u00e3o com o c\u00e9rebro. O glaucoma \u00e9 a morte da c\u00e9lula que faz a conex\u00e3o do olho com o c\u00e9rebro\u201d. De acordo com o especialista, essa c\u00e9lula n\u00e3o se regenera e, quando morre, isso ocorre sem causar inflama\u00e7\u00e3o, ou seja, n\u00e3o causa dor. Por isso, a pessoa n\u00e3o percebe.<br>\u201cComo a gente tem muitas c\u00e9lulas, no come\u00e7o praticamente um conjunto de c\u00e9lulas acaba cumprindo o papel de algumas que est\u00e3o se perdendo. E, para complicar um pouco, se existe um glaucoma mais avan\u00e7ado em um olho em rela\u00e7\u00e3o ao outro, com os dois olhos abertos o c\u00e9rebro simplesmente anula a regi\u00e3o onde a vis\u00e3o est\u00e1 mais prejudicada\u201d. Isso significa que quando h\u00e1 queixa de baixa visual por causa do glaucoma, o paciente j\u00e1 perdeu muito do nervo.<\/p>\n\n\n\n<p><strong><span class=\"has-inline-color has-black-color\">Sem queixa<br><\/span><\/strong>O presidente da SBG comparou o glaucoma ao c\u00e2ncer de \u00fatero, nas mulheres, e ao c\u00e2ncer de pr\u00f3stata, nos homens. \u201cSe a mulher for esperar ter sintoma de c\u00e2ncer de \u00fatero para procurar o m\u00e9dico, ela morre de c\u00e2ncer de \u00fatero\u201d. O mesmo acontece com o homem, no c\u00e2ncer de pr\u00f3stata. Com o glaucoma \u00e9 igual, assegurou o oftalmologista.<br>Em raz\u00e3o da pandemia de covid-19, uma das especialidades que mais sofreram impacto pelo fato de o paciente deixar de ir \u00e0s consultas foi a oftalmologia, o que \u00e9 compreens\u00edvel. A preval\u00eancia aumenta \u00e0 medida que a pessoa vai envelhecendo, embora haja glaucomas em beb\u00eas e em pacientes mais jovens. O paciente idoso foi o que ficou mais confinado em casa e acabou n\u00e3o aparecendo no consult\u00f3rio para ter o diagn\u00f3stico. &#8220;As doen\u00e7as cr\u00f4nicas ficaram dessassistidas, desde o c\u00e2ncer at\u00e9 as oftalmol\u00f3gicas\u201d.<br>O m\u00e9dico ressaltou que para diagnosticar o glaucoma, \u00e9 preciso fazer um exame completo, que significa mais do que um exame de \u00f3culos. \u00c9 preciso dilatar a pupila, fazer exame de fundo de olho, do campo visual.<\/p>\n\n\n\n<p><strong><span class=\"has-inline-color has-black-color\">Fatores de risco<br><\/span><\/strong>Paranhos Jr. reafirmou que todas as pessoas devem procurar o oftalmologista. Ele destacou, entre os fatores de risco para o glaucoma, a ra\u00e7a negra.<\/p>\n\n\n\n<blockquote class=\"wp-block-quote is-layout-flow wp-block-quote-is-layout-flow\"><p>\u201cOs pacientes afrodescendentes t\u00eam muito mais chance de ter glaucoma do que os brancos. Ningu\u00e9m sabe por qu\u00ea, \u00e9 uma tend\u00eancia da ra\u00e7a. Como a hipertens\u00e3o arterial \u00e9 mais grave no paciente negro, o glaucoma tamb\u00e9m. \u00c9 uma suscetibilidade da ra\u00e7a\u201d.<\/p><\/blockquote>\n\n\n\n<p>O mesmo ocorre no paciente oriental, que tem mais glaucoma de press\u00e3o normal. O glaucoma \u00e9 press\u00e3o alta no olho. Nas pessoas orientais, prevalece o glaucoma de press\u00e3o normal e o glaucoma de \u00e2ngulo fechado cr\u00f4nico, enquanto na ra\u00e7a negra domina o glaucoma prim\u00e1rio de \u00e2ngulo aberto.<br>Segundo o especialista, existem mais de 30 tipos de glaucoma, cada um com seu fator de risco. Para o glaucoma prim\u00e1rio de \u00e2ngulo aberto, o principal fator \u00e9 a press\u00e3o alta no olho, e a \u00fanica forma de tratar \u00e9 baixando essa press\u00e3o. A hist\u00f3ria familiar \u00e9 outro fator de risco importante.<br>Quem tem pai ou irm\u00e3o cego por glaucoma deve procurar o m\u00e9dico, passar por exame completo e ser acompanhado. Quem tem antecedente familiar, precisa ir regularmente ao oftalmologista para verificar. Outro fator de risco \u00e9 miopia, para glaucoma de \u00e2ngulo aberto, e hipermetropia, para glaucoma de \u00e2ngulo fechado.<br>Paranhos Jr. deixou claro que uma vez feito o diagn\u00f3stico, o tratamento \u201cn\u00e3o melhora em nada a vis\u00e3o do paciente, porque ele serve para deixar de piorar. N\u00e3o tratar significa perder tudo, ficar cego. Isso significa muita coisa\u201d. O paciente n\u00e3o deve parar a medica\u00e7\u00e3o. Para definir se o tratamento est\u00e1 adequado, ele tem que fazer avalia\u00e7\u00e3o de como est\u00e1 funcionando o olho, ou seja, o campo visual, e medir algumas estruturas que est\u00e3o alteradas no glaucoma, que \u00e9 a fotografia do nervo \u00f3ptico e a tomografia de olho. Acrescentou que o paciente com glaucoma tem que ser muito bem acompanhado pelo oftalmologista para saber qual a melhor abordagem de tratamento, a fim de que n\u00e3o avance r\u00e1pido e ele acabe perdendo a vis\u00e3o.<\/p>\n\n\n\n<p><strong><span class=\"has-inline-color has-black-color\">Tratamentos<br><\/span><\/strong>Em geral, o tratamento come\u00e7a com laser ou col\u00edrio \u201cO laser \u00e9 \u00f3timo, mas s\u00f3 serve para o glaucoma de \u00e2ngulo aberto e n\u00e3o funciona para todo mundo \u2014 apenas para 60% a 70% dos pacientes \u2014 e, praticamente, n\u00e3o tem risco nenhum\u201d. Em rela\u00e7\u00e3o ao col\u00edrio, o m\u00e9dico afirmou que ele consegue controlar a doen\u00e7a. Quando nem o laser inicial e o col\u00edrio s\u00e3o suficientes para alguns pacientes, esses t\u00eam que fazer algum procedimento cir\u00fargico e conseguem parar o processo. Adiar a cirurgia ter\u00e1 \u00f4nus grande, porque a doen\u00e7a vai avan\u00e7ar e a pessoa n\u00e3o volta ao est\u00e1gio inicial.<br>Paranhos Jr. informou que, no ano passado, devido \u00e0 pandemia, tanto os exames quanto as cirurgias despencaram. \u201cO que se v\u00ea agora \u00e9 que, a cada dia, chegam pacientes descompensados nos consult\u00f3rios, por efeito do descontrole da pandemia. \u00c9 preciso esclarecer a popula\u00e7\u00e3o que \u00e9 errada a ideia de s\u00f3 procurar o m\u00e9dico quando tiver queixa e estar atenta aos fatores de risco. Quem fica cego pelo glaucoma \u00e9 aquele que faz o diagn\u00f3stico tardio, aquele que j\u00e1 chegou com baixa vis\u00e3o e que os exames mostram que est\u00e1 com a doen\u00e7a em est\u00e1gio avan\u00e7ado. A impress\u00e3o que a gente tem \u00e9 de oportunidades perdidas\u201d, indicou o especialista.<br>O m\u00e9dico afirmou que a incid\u00eancia de glaucoma no mundo em pessoas acima dos 50 anos de idade \u00e9 de 2%, chegando a 3,5% na ra\u00e7a negra. A preval\u00eancia \u00e9 entre 2% e 4%. A estimativa da Organiza\u00e7\u00e3o Mundial da Sa\u00fade (OMS) \u00e9 que 65 milh\u00f5es de pessoas tenham glaucoma no mundo.<\/p>\n\n\n\n<p><em><span class=\"has-inline-color has-black-color\"><strong>Foto: <\/strong>Prefeitura de Tr\u00eas Barras-SC\/Divulga\u00e7\u00e3o\/Direitos Reservados<\/span><\/em><\/p>\n\n\n\n<p><strong><em>Fonte: <a href=\"https:\/\/agenciabrasil.ebc.com.br\/saude\/noticia\/2021-05\/consultas-regulares-ao-medico-podem-afastar-risco-de-glaucoma\">Ag\u00eancia Brasil<\/a><\/em><\/strong><\/p>\n","protected":false},"excerpt":{"rendered":"<p>Alerta \u00e9 feito no Dia Nacional de Combate \u00e0 doen\u00e7a O presidente da Sociedade Brasileira de Glaucoma (SBG), Augusto Paranhos Jr., disse hoje (26), Dia Nacional de Combate ao Glaucoma, que \u00e9 preciso estar atento \u00e0 doen\u00e7a que, no est\u00e1gio inicial, n\u00e3o apresenta sintomas. \u201cSe o paciente esperar ter sintoma para fazer o diagn\u00f3stico, a [&hellip;]<\/p>\n","protected":false},"author":2,"featured_media":18571,"comment_status":"open","ping_status":"open","sticky":false,"template":"","format":"standard","meta":{"footnotes":""},"categories":[11],"tags":[1266,2940,3982,1369],"class_list":["post-18570","post","type-post","status-publish","format-standard","has-post-thumbnail","hentry","category-saude","tag-alerta","tag-dia-nacional-de-combate-ao-glaucoma","tag-glaucoma","tag-riscos"],"yoast_head":"<!-- This site is optimized with the Yoast SEO plugin v26.5 - https:\/\/yoast.com\/wordpress\/plugins\/seo\/ -->\n<title>Consultas regulares ao m\u00e9dico podem afastar risco de glaucoma - Jornal Fatos e Not\u00edcias<\/title>\n<meta name=\"robots\" content=\"index, follow, max-snippet:-1, max-image-preview:large, max-video-preview:-1\" \/>\n<link rel=\"canonical\" href=\"https:\/\/jornalfatosenoticias.com.br\/index.php\/2021\/05\/26\/consultas-regulares-ao-medico-podem-afastar-risco-de-glaucoma\/\" \/>\n<meta property=\"og:locale\" content=\"pt_BR\" \/>\n<meta property=\"og:type\" content=\"article\" \/>\n<meta property=\"og:title\" content=\"Consultas regulares ao m\u00e9dico podem afastar risco de glaucoma - Jornal Fatos e Not\u00edcias\" \/>\n<meta property=\"og:description\" content=\"Alerta \u00e9 feito no Dia Nacional de Combate \u00e0 doen\u00e7a O presidente da Sociedade Brasileira de Glaucoma (SBG), Augusto Paranhos Jr., disse hoje (26), Dia Nacional de Combate ao Glaucoma, que \u00e9 preciso estar atento \u00e0 doen\u00e7a que, no est\u00e1gio inicial, n\u00e3o apresenta sintomas. \u201cSe o paciente esperar ter sintoma para fazer o diagn\u00f3stico, a [&hellip;]\" \/>\n<meta property=\"og:url\" content=\"https:\/\/jornalfatosenoticias.com.br\/index.php\/2021\/05\/26\/consultas-regulares-ao-medico-podem-afastar-risco-de-glaucoma\/\" \/>\n<meta property=\"og:site_name\" content=\"Jornal Fatos e Not\u00edcias\" \/>\n<meta property=\"article:published_time\" content=\"2021-05-26T11:59:06+00:00\" \/>\n<meta property=\"article:modified_time\" content=\"2021-05-26T11:59:09+00:00\" \/>\n<meta property=\"og:image\" content=\"https:\/\/jornalfatosenoticias.com.br\/wp-content\/uploads\/2021\/05\/glaucoma_pref_de_tres_barras_sc-divulgacao.jpg\" \/>\n\t<meta property=\"og:image:width\" content=\"1000\" \/>\n\t<meta property=\"og:image:height\" content=\"598\" \/>\n\t<meta property=\"og:image:type\" content=\"image\/jpeg\" \/>\n<meta name=\"author\" content=\"Luzimara Fernandes\" \/>\n<meta name=\"twitter:card\" content=\"summary_large_image\" \/>\n<meta name=\"twitter:label1\" content=\"Escrito por\" \/>\n\t<meta name=\"twitter:data1\" content=\"Luzimara Fernandes\" \/>\n\t<meta name=\"twitter:label2\" content=\"Est. tempo de leitura\" \/>\n\t<meta name=\"twitter:data2\" content=\"6 minutos\" \/>\n<script type=\"application\/ld+json\" class=\"yoast-schema-graph\">{\"@context\":\"https:\/\/schema.org\",\"@graph\":[{\"@type\":\"Article\",\"@id\":\"https:\/\/jornalfatosenoticias.com.br\/index.php\/2021\/05\/26\/consultas-regulares-ao-medico-podem-afastar-risco-de-glaucoma\/#article\",\"isPartOf\":{\"@id\":\"https:\/\/jornalfatosenoticias.com.br\/index.php\/2021\/05\/26\/consultas-regulares-ao-medico-podem-afastar-risco-de-glaucoma\/\"},\"author\":{\"name\":\"Luzimara Fernandes\",\"@id\":\"https:\/\/jornalfatosenoticias.com.br\/#\/schema\/person\/d63837fa13ac8666eb9e74e0985d6f81\"},\"headline\":\"Consultas regulares ao m\u00e9dico podem afastar risco de glaucoma\",\"datePublished\":\"2021-05-26T11:59:06+00:00\",\"dateModified\":\"2021-05-26T11:59:09+00:00\",\"mainEntityOfPage\":{\"@id\":\"https:\/\/jornalfatosenoticias.com.br\/index.php\/2021\/05\/26\/consultas-regulares-ao-medico-podem-afastar-risco-de-glaucoma\/\"},\"wordCount\":1131,\"commentCount\":0,\"publisher\":{\"@id\":\"https:\/\/jornalfatosenoticias.com.br\/#organization\"},\"image\":{\"@id\":\"https:\/\/jornalfatosenoticias.com.br\/index.php\/2021\/05\/26\/consultas-regulares-ao-medico-podem-afastar-risco-de-glaucoma\/#primaryimage\"},\"thumbnailUrl\":\"https:\/\/jornalfatosenoticias.com.br\/wp-content\/uploads\/2021\/05\/glaucoma_pref_de_tres_barras_sc-divulgacao.jpg\",\"keywords\":[\"alerta\",\"Dia Nacional de Combate ao Glaucoma\",\"glaucoma\",\"riscos\"],\"articleSection\":[\"Sa\u00fade\"],\"inLanguage\":\"pt-BR\",\"potentialAction\":[{\"@type\":\"CommentAction\",\"name\":\"Comment\",\"target\":[\"https:\/\/jornalfatosenoticias.com.br\/index.php\/2021\/05\/26\/consultas-regulares-ao-medico-podem-afastar-risco-de-glaucoma\/#respond\"]}]},{\"@type\":\"WebPage\",\"@id\":\"https:\/\/jornalfatosenoticias.com.br\/index.php\/2021\/05\/26\/consultas-regulares-ao-medico-podem-afastar-risco-de-glaucoma\/\",\"url\":\"https:\/\/jornalfatosenoticias.com.br\/index.php\/2021\/05\/26\/consultas-regulares-ao-medico-podem-afastar-risco-de-glaucoma\/\",\"name\":\"Consultas regulares ao m\u00e9dico podem afastar risco de glaucoma - Jornal Fatos e Not\u00edcias\",\"isPartOf\":{\"@id\":\"https:\/\/jornalfatosenoticias.com.br\/#website\"},\"primaryImageOfPage\":{\"@id\":\"https:\/\/jornalfatosenoticias.com.br\/index.php\/2021\/05\/26\/consultas-regulares-ao-medico-podem-afastar-risco-de-glaucoma\/#primaryimage\"},\"image\":{\"@id\":\"https:\/\/jornalfatosenoticias.com.br\/index.php\/2021\/05\/26\/consultas-regulares-ao-medico-podem-afastar-risco-de-glaucoma\/#primaryimage\"},\"thumbnailUrl\":\"https:\/\/jornalfatosenoticias.com.br\/wp-content\/uploads\/2021\/05\/glaucoma_pref_de_tres_barras_sc-divulgacao.jpg\",\"datePublished\":\"2021-05-26T11:59:06+00:00\",\"dateModified\":\"2021-05-26T11:59:09+00:00\",\"breadcrumb\":{\"@id\":\"https:\/\/jornalfatosenoticias.com.br\/index.php\/2021\/05\/26\/consultas-regulares-ao-medico-podem-afastar-risco-de-glaucoma\/#breadcrumb\"},\"inLanguage\":\"pt-BR\",\"potentialAction\":[{\"@type\":\"ReadAction\",\"target\":[\"https:\/\/jornalfatosenoticias.com.br\/index.php\/2021\/05\/26\/consultas-regulares-ao-medico-podem-afastar-risco-de-glaucoma\/\"]}]},{\"@type\":\"ImageObject\",\"inLanguage\":\"pt-BR\",\"@id\":\"https:\/\/jornalfatosenoticias.com.br\/index.php\/2021\/05\/26\/consultas-regulares-ao-medico-podem-afastar-risco-de-glaucoma\/#primaryimage\",\"url\":\"https:\/\/jornalfatosenoticias.com.br\/wp-content\/uploads\/2021\/05\/glaucoma_pref_de_tres_barras_sc-divulgacao.jpg\",\"contentUrl\":\"https:\/\/jornalfatosenoticias.com.br\/wp-content\/uploads\/2021\/05\/glaucoma_pref_de_tres_barras_sc-divulgacao.jpg\",\"width\":1000,\"height\":598},{\"@type\":\"BreadcrumbList\",\"@id\":\"https:\/\/jornalfatosenoticias.com.br\/index.php\/2021\/05\/26\/consultas-regulares-ao-medico-podem-afastar-risco-de-glaucoma\/#breadcrumb\",\"itemListElement\":[{\"@type\":\"ListItem\",\"position\":1,\"name\":\"In\u00edcio\",\"item\":\"https:\/\/jornalfatosenoticias.com.br\/\"},{\"@type\":\"ListItem\",\"position\":2,\"name\":\"Consultas regulares ao m\u00e9dico podem afastar risco de glaucoma\"}]},{\"@type\":\"WebSite\",\"@id\":\"https:\/\/jornalfatosenoticias.com.br\/#website\",\"url\":\"https:\/\/jornalfatosenoticias.com.br\/\",\"name\":\"Jornal Fatos e Not\u00edcias\",\"description\":\"Not\u00edcias em geral\",\"publisher\":{\"@id\":\"https:\/\/jornalfatosenoticias.com.br\/#organization\"},\"potentialAction\":[{\"@type\":\"SearchAction\",\"target\":{\"@type\":\"EntryPoint\",\"urlTemplate\":\"https:\/\/jornalfatosenoticias.com.br\/?s={search_term_string}\"},\"query-input\":{\"@type\":\"PropertyValueSpecification\",\"valueRequired\":true,\"valueName\":\"search_term_string\"}}],\"inLanguage\":\"pt-BR\"},{\"@type\":\"Organization\",\"@id\":\"https:\/\/jornalfatosenoticias.com.br\/#organization\",\"name\":\"Jornal Fatos e Not\u00edcias\",\"url\":\"https:\/\/jornalfatosenoticias.com.br\/\",\"logo\":{\"@type\":\"ImageObject\",\"inLanguage\":\"pt-BR\",\"@id\":\"https:\/\/jornalfatosenoticias.com.br\/#\/schema\/logo\/image\/\",\"url\":\"https:\/\/jornalfatosenoticias.com.br\/wp-content\/uploads\/2020\/02\/logo120.png\",\"contentUrl\":\"https:\/\/jornalfatosenoticias.com.br\/wp-content\/uploads\/2020\/02\/logo120.png\",\"width\":1227,\"height\":120,\"caption\":\"Jornal Fatos e Not\u00edcias\"},\"image\":{\"@id\":\"https:\/\/jornalfatosenoticias.com.br\/#\/schema\/logo\/image\/\"}},{\"@type\":\"Person\",\"@id\":\"https:\/\/jornalfatosenoticias.com.br\/#\/schema\/person\/d63837fa13ac8666eb9e74e0985d6f81\",\"name\":\"Luzimara Fernandes\",\"image\":{\"@type\":\"ImageObject\",\"inLanguage\":\"pt-BR\",\"@id\":\"https:\/\/jornalfatosenoticias.com.br\/#\/schema\/person\/image\/\",\"url\":\"https:\/\/jornalfatosenoticias.com.br\/wp-content\/uploads\/2025\/05\/EU_portal.jpg\",\"contentUrl\":\"https:\/\/jornalfatosenoticias.com.br\/wp-content\/uploads\/2025\/05\/EU_portal.jpg\",\"caption\":\"Luzimara Fernandes\"},\"description\":\"Jornalista MTB 2358-ES\",\"sameAs\":[\"https:\/\/jornalfatosenoticias.com.br\"],\"url\":\"https:\/\/jornalfatosenoticias.com.br\/index.php\/author\/luzimara\/\"}]}<\/script>\n<!-- \/ Yoast SEO plugin. -->","yoast_head_json":{"title":"Consultas regulares ao m\u00e9dico podem afastar risco de glaucoma - Jornal Fatos e Not\u00edcias","robots":{"index":"index","follow":"follow","max-snippet":"max-snippet:-1","max-image-preview":"max-image-preview:large","max-video-preview":"max-video-preview:-1"},"canonical":"https:\/\/jornalfatosenoticias.com.br\/index.php\/2021\/05\/26\/consultas-regulares-ao-medico-podem-afastar-risco-de-glaucoma\/","og_locale":"pt_BR","og_type":"article","og_title":"Consultas regulares ao m\u00e9dico podem afastar risco de glaucoma - Jornal Fatos e Not\u00edcias","og_description":"Alerta \u00e9 feito no Dia Nacional de Combate \u00e0 doen\u00e7a O presidente da Sociedade Brasileira de Glaucoma (SBG), Augusto Paranhos Jr., disse hoje (26), Dia Nacional de Combate ao Glaucoma, que \u00e9 preciso estar atento \u00e0 doen\u00e7a que, no est\u00e1gio inicial, n\u00e3o apresenta sintomas. \u201cSe o paciente esperar ter sintoma para fazer o diagn\u00f3stico, a [&hellip;]","og_url":"https:\/\/jornalfatosenoticias.com.br\/index.php\/2021\/05\/26\/consultas-regulares-ao-medico-podem-afastar-risco-de-glaucoma\/","og_site_name":"Jornal Fatos e Not\u00edcias","article_published_time":"2021-05-26T11:59:06+00:00","article_modified_time":"2021-05-26T11:59:09+00:00","og_image":[{"width":1000,"height":598,"url":"https:\/\/jornalfatosenoticias.com.br\/wp-content\/uploads\/2021\/05\/glaucoma_pref_de_tres_barras_sc-divulgacao.jpg","type":"image\/jpeg"}],"author":"Luzimara Fernandes","twitter_card":"summary_large_image","twitter_misc":{"Escrito por":"Luzimara Fernandes","Est. tempo de leitura":"6 minutos"},"schema":{"@context":"https:\/\/schema.org","@graph":[{"@type":"Article","@id":"https:\/\/jornalfatosenoticias.com.br\/index.php\/2021\/05\/26\/consultas-regulares-ao-medico-podem-afastar-risco-de-glaucoma\/#article","isPartOf":{"@id":"https:\/\/jornalfatosenoticias.com.br\/index.php\/2021\/05\/26\/consultas-regulares-ao-medico-podem-afastar-risco-de-glaucoma\/"},"author":{"name":"Luzimara Fernandes","@id":"https:\/\/jornalfatosenoticias.com.br\/#\/schema\/person\/d63837fa13ac8666eb9e74e0985d6f81"},"headline":"Consultas regulares ao m\u00e9dico podem afastar risco de glaucoma","datePublished":"2021-05-26T11:59:06+00:00","dateModified":"2021-05-26T11:59:09+00:00","mainEntityOfPage":{"@id":"https:\/\/jornalfatosenoticias.com.br\/index.php\/2021\/05\/26\/consultas-regulares-ao-medico-podem-afastar-risco-de-glaucoma\/"},"wordCount":1131,"commentCount":0,"publisher":{"@id":"https:\/\/jornalfatosenoticias.com.br\/#organization"},"image":{"@id":"https:\/\/jornalfatosenoticias.com.br\/index.php\/2021\/05\/26\/consultas-regulares-ao-medico-podem-afastar-risco-de-glaucoma\/#primaryimage"},"thumbnailUrl":"https:\/\/jornalfatosenoticias.com.br\/wp-content\/uploads\/2021\/05\/glaucoma_pref_de_tres_barras_sc-divulgacao.jpg","keywords":["alerta","Dia Nacional de Combate ao Glaucoma","glaucoma","riscos"],"articleSection":["Sa\u00fade"],"inLanguage":"pt-BR","potentialAction":[{"@type":"CommentAction","name":"Comment","target":["https:\/\/jornalfatosenoticias.com.br\/index.php\/2021\/05\/26\/consultas-regulares-ao-medico-podem-afastar-risco-de-glaucoma\/#respond"]}]},{"@type":"WebPage","@id":"https:\/\/jornalfatosenoticias.com.br\/index.php\/2021\/05\/26\/consultas-regulares-ao-medico-podem-afastar-risco-de-glaucoma\/","url":"https:\/\/jornalfatosenoticias.com.br\/index.php\/2021\/05\/26\/consultas-regulares-ao-medico-podem-afastar-risco-de-glaucoma\/","name":"Consultas regulares ao m\u00e9dico podem afastar risco de glaucoma - Jornal Fatos e Not\u00edcias","isPartOf":{"@id":"https:\/\/jornalfatosenoticias.com.br\/#website"},"primaryImageOfPage":{"@id":"https:\/\/jornalfatosenoticias.com.br\/index.php\/2021\/05\/26\/consultas-regulares-ao-medico-podem-afastar-risco-de-glaucoma\/#primaryimage"},"image":{"@id":"https:\/\/jornalfatosenoticias.com.br\/index.php\/2021\/05\/26\/consultas-regulares-ao-medico-podem-afastar-risco-de-glaucoma\/#primaryimage"},"thumbnailUrl":"https:\/\/jornalfatosenoticias.com.br\/wp-content\/uploads\/2021\/05\/glaucoma_pref_de_tres_barras_sc-divulgacao.jpg","datePublished":"2021-05-26T11:59:06+00:00","dateModified":"2021-05-26T11:59:09+00:00","breadcrumb":{"@id":"https:\/\/jornalfatosenoticias.com.br\/index.php\/2021\/05\/26\/consultas-regulares-ao-medico-podem-afastar-risco-de-glaucoma\/#breadcrumb"},"inLanguage":"pt-BR","potentialAction":[{"@type":"ReadAction","target":["https:\/\/jornalfatosenoticias.com.br\/index.php\/2021\/05\/26\/consultas-regulares-ao-medico-podem-afastar-risco-de-glaucoma\/"]}]},{"@type":"ImageObject","inLanguage":"pt-BR","@id":"https:\/\/jornalfatosenoticias.com.br\/index.php\/2021\/05\/26\/consultas-regulares-ao-medico-podem-afastar-risco-de-glaucoma\/#primaryimage","url":"https:\/\/jornalfatosenoticias.com.br\/wp-content\/uploads\/2021\/05\/glaucoma_pref_de_tres_barras_sc-divulgacao.jpg","contentUrl":"https:\/\/jornalfatosenoticias.com.br\/wp-content\/uploads\/2021\/05\/glaucoma_pref_de_tres_barras_sc-divulgacao.jpg","width":1000,"height":598},{"@type":"BreadcrumbList","@id":"https:\/\/jornalfatosenoticias.com.br\/index.php\/2021\/05\/26\/consultas-regulares-ao-medico-podem-afastar-risco-de-glaucoma\/#breadcrumb","itemListElement":[{"@type":"ListItem","position":1,"name":"In\u00edcio","item":"https:\/\/jornalfatosenoticias.com.br\/"},{"@type":"ListItem","position":2,"name":"Consultas regulares ao m\u00e9dico podem afastar risco de glaucoma"}]},{"@type":"WebSite","@id":"https:\/\/jornalfatosenoticias.com.br\/#website","url":"https:\/\/jornalfatosenoticias.com.br\/","name":"Jornal Fatos e Not\u00edcias","description":"Not\u00edcias em geral","publisher":{"@id":"https:\/\/jornalfatosenoticias.com.br\/#organization"},"potentialAction":[{"@type":"SearchAction","target":{"@type":"EntryPoint","urlTemplate":"https:\/\/jornalfatosenoticias.com.br\/?s={search_term_string}"},"query-input":{"@type":"PropertyValueSpecification","valueRequired":true,"valueName":"search_term_string"}}],"inLanguage":"pt-BR"},{"@type":"Organization","@id":"https:\/\/jornalfatosenoticias.com.br\/#organization","name":"Jornal Fatos e Not\u00edcias","url":"https:\/\/jornalfatosenoticias.com.br\/","logo":{"@type":"ImageObject","inLanguage":"pt-BR","@id":"https:\/\/jornalfatosenoticias.com.br\/#\/schema\/logo\/image\/","url":"https:\/\/jornalfatosenoticias.com.br\/wp-content\/uploads\/2020\/02\/logo120.png","contentUrl":"https:\/\/jornalfatosenoticias.com.br\/wp-content\/uploads\/2020\/02\/logo120.png","width":1227,"height":120,"caption":"Jornal Fatos e Not\u00edcias"},"image":{"@id":"https:\/\/jornalfatosenoticias.com.br\/#\/schema\/logo\/image\/"}},{"@type":"Person","@id":"https:\/\/jornalfatosenoticias.com.br\/#\/schema\/person\/d63837fa13ac8666eb9e74e0985d6f81","name":"Luzimara Fernandes","image":{"@type":"ImageObject","inLanguage":"pt-BR","@id":"https:\/\/jornalfatosenoticias.com.br\/#\/schema\/person\/image\/","url":"https:\/\/jornalfatosenoticias.com.br\/wp-content\/uploads\/2025\/05\/EU_portal.jpg","contentUrl":"https:\/\/jornalfatosenoticias.com.br\/wp-content\/uploads\/2025\/05\/EU_portal.jpg","caption":"Luzimara Fernandes"},"description":"Jornalista MTB 2358-ES","sameAs":["https:\/\/jornalfatosenoticias.com.br"],"url":"https:\/\/jornalfatosenoticias.com.br\/index.php\/author\/luzimara\/"}]}},"cc_featured_image_caption":{"caption_text":"\u00c9 preciso estar atento \u00e0 doen\u00e7a","source_text":"","source_url":""},"jetpack_featured_media_url":"https:\/\/jornalfatosenoticias.com.br\/wp-content\/uploads\/2021\/05\/glaucoma_pref_de_tres_barras_sc-divulgacao.jpg","_links":{"self":[{"href":"https:\/\/jornalfatosenoticias.com.br\/index.php\/wp-json\/wp\/v2\/posts\/18570","targetHints":{"allow":["GET"]}}],"collection":[{"href":"https:\/\/jornalfatosenoticias.com.br\/index.php\/wp-json\/wp\/v2\/posts"}],"about":[{"href":"https:\/\/jornalfatosenoticias.com.br\/index.php\/wp-json\/wp\/v2\/types\/post"}],"author":[{"embeddable":true,"href":"https:\/\/jornalfatosenoticias.com.br\/index.php\/wp-json\/wp\/v2\/users\/2"}],"replies":[{"embeddable":true,"href":"https:\/\/jornalfatosenoticias.com.br\/index.php\/wp-json\/wp\/v2\/comments?post=18570"}],"version-history":[{"count":0,"href":"https:\/\/jornalfatosenoticias.com.br\/index.php\/wp-json\/wp\/v2\/posts\/18570\/revisions"}],"wp:featuredmedia":[{"embeddable":true,"href":"https:\/\/jornalfatosenoticias.com.br\/index.php\/wp-json\/wp\/v2\/media\/18571"}],"wp:attachment":[{"href":"https:\/\/jornalfatosenoticias.com.br\/index.php\/wp-json\/wp\/v2\/media?parent=18570"}],"wp:term":[{"taxonomy":"category","embeddable":true,"href":"https:\/\/jornalfatosenoticias.com.br\/index.php\/wp-json\/wp\/v2\/categories?post=18570"},{"taxonomy":"post_tag","embeddable":true,"href":"https:\/\/jornalfatosenoticias.com.br\/index.php\/wp-json\/wp\/v2\/tags?post=18570"}],"curies":[{"name":"wp","href":"https:\/\/api.w.org\/{rel}","templated":true}]}}