{"id":18593,"date":"2021-05-26T10:03:29","date_gmt":"2021-05-26T13:03:29","guid":{"rendered":"https:\/\/jornalfatosenoticias.com.br\/?p=18593"},"modified":"2021-05-26T10:03:29","modified_gmt":"2021-05-26T13:03:29","slug":"ilhas-de-calor-sao-mais-prejudiciais-para-pessoas-negras-aponta-estudo","status":"publish","type":"post","link":"https:\/\/jornalfatosenoticias.com.br\/index.php\/2021\/05\/26\/ilhas-de-calor-sao-mais-prejudiciais-para-pessoas-negras-aponta-estudo\/","title":{"rendered":"Ilhas de calor s\u00e3o mais prejudiciais para pessoas negras, aponta estudo"},"content":{"rendered":"\n<p>Pesquisadores da Universidade Estadual do Arizona, nos <a href=\"https:\/\/olhardigital.com.br\/2021\/05\/24\/ciencia-e-espaco\/interface-cerebro-computador-dobra-velocidade-de-digitacao\/\">Estados Unidos<\/a>, conclu\u00edram que as ilhas de calor afetam mais as pessoas negras em compara\u00e7\u00e3o com as\u00a0<a href=\"https:\/\/olhardigital.com.br\/2021\/04\/20\/medicina-e-saude\/americanas-espremem-mais-de-4-mil-acnes\/\">brancas<\/a>. Usando dados de temperatura fornecidos pelo governo e o \u00faltimo censo realizado nos EUA, os cientistas descobriram que em quase todas as grandes\u00a0<a href=\"https:\/\/olhardigital.com.br\/2021\/05\/12\/ciencia-e-espaco\/humanidade-mudou-17-do-solo-terrestre-em-60-anos\/\">\u00e1reas urbanas<\/a>, os bairros com mais moradores negros possu\u00edam maior n\u00famero de ilhas de calor.<br>Os resultados surpreenderam at\u00e9 mesmo os autores do estudo, que encontraram essas disparidades em 169 das 175 maiores regi\u00f5es metropolitanas dos Estados Unidos. \u201cEu esperava ver que as pessoas negras tinham uma exposi\u00e7\u00e3o maior ao efeito da ilha de calor, talvez na maioria das cidades\u201d, disse o professor de economia ambiental da Universidade Estadual do Arizona, Glenn Sheriff, ao <a href=\"https:\/\/phys.org\/news\/2021-05-people-exposed-islands.html\"><em>Phys.org<\/em><\/a>.<\/p>\n\n\n\n<p><strong><span class=\"has-inline-color has-black-color\">O que s\u00e3o ilhas de calor?<br><\/span><\/strong>As ilhas de calor podem ser definidas como locais sem litoral, em geral, carregados de concreto, com pouca ou nenhuma \u00e1rea com grama natural, \u00e1rvores ou arbustos. Por essas caracter\u00edsticas, essas \u00e1reas costumam atrair e reter mais calor que as \u00e1reas mais arborizadas ou <a href=\"https:\/\/olhardigital.com.br\/2021\/05\/25\/medicina-e-saude\/surto-de-sarna-humana-atinge-o-litoral-de-sao-paulo\/\">litor\u00e2neas<\/a>. Essas ilhas t\u00eam sido usadas pelos pesquisadores como um substituto para a exposi\u00e7\u00e3o ao calor extremo para fins de pesquisa.<br>\u201cA f\u00edsica por tr\u00e1s da ilha de calor urbana significa que os maiores aumentos de temperatura ocorrem nas partes centrais das \u00e1reas urbanas\u201d, disse Ken Kunel, cientista s\u00eanior da Administra\u00e7\u00e3o Oce\u00e2nica e Atmosf\u00e9rica Nacional, que n\u00e3o fez parte do estudo.<br>Pessoas que vivem pr\u00f3ximo a ilhas de calor podem enfrentar dias mais quentes, noites com menor resfriamento e <a href=\"https:\/\/olhardigital.com.br\/2021\/03\/02\/videos\/mureta-ecologica-promete-diminuir-efeitos-da-poluicao-do-ar\/\">ar mais polu\u00eddo<\/a>. Essas condi\u00e7\u00f5es podem contribuir para mortes e doen\u00e7as relacionadas ao calor, como derrames, dificuldade respirat\u00f3ria, c\u00e2imbras e exaust\u00e3o.<\/p>\n\n\n\n<p><strong><em>Fonte: <a href=\"https:\/\/olhardigital.com.br\/2021\/05\/26\/medicina-e-saude\/ilhas-de-calor-sao-mais-prejudiciais-para-pessoas-negras-aponta-estudo\/\">Olhar Digital<\/a><\/em><\/strong><\/p>\n","protected":false},"excerpt":{"rendered":"<p>Pesquisadores da Universidade Estadual do Arizona, nos Estados Unidos, conclu\u00edram que as ilhas de calor afetam mais as pessoas negras em compara\u00e7\u00e3o com as\u00a0brancas. Usando dados de temperatura fornecidos pelo governo e o \u00faltimo censo realizado nos EUA, os cientistas descobriram que em quase todas as grandes\u00a0\u00e1reas urbanas, os bairros com mais moradores negros possu\u00edam [&hellip;]<\/p>\n","protected":false},"author":2,"featured_media":18594,"comment_status":"open","ping_status":"open","sticky":false,"template":"","format":"standard","meta":{"footnotes":""},"categories":[5],"tags":[362,8659,360,1149],"class_list":["post-18593","post","type-post","status-publish","format-standard","has-post-thumbnail","hentry","category-geral","tag-aquecimento-global","tag-ilhas-de-calor","tag-mudancas-climaticas","tag-negros"],"yoast_head":"<!-- This site is optimized with the Yoast SEO plugin v26.5 - https:\/\/yoast.com\/wordpress\/plugins\/seo\/ -->\n<title>Ilhas de calor s\u00e3o mais prejudiciais para pessoas negras, aponta estudo - Jornal Fatos e Not\u00edcias<\/title>\n<meta name=\"robots\" content=\"index, follow, max-snippet:-1, max-image-preview:large, max-video-preview:-1\" \/>\n<link rel=\"canonical\" href=\"https:\/\/jornalfatosenoticias.com.br\/index.php\/2021\/05\/26\/ilhas-de-calor-sao-mais-prejudiciais-para-pessoas-negras-aponta-estudo\/\" \/>\n<meta property=\"og:locale\" content=\"pt_BR\" \/>\n<meta property=\"og:type\" content=\"article\" \/>\n<meta property=\"og:title\" content=\"Ilhas de calor s\u00e3o mais prejudiciais para pessoas negras, aponta estudo - Jornal Fatos e Not\u00edcias\" \/>\n<meta property=\"og:description\" content=\"Pesquisadores da Universidade Estadual do Arizona, nos Estados Unidos, conclu\u00edram que as ilhas de calor afetam mais as pessoas negras em compara\u00e7\u00e3o com as\u00a0brancas. Usando dados de temperatura fornecidos pelo governo e o \u00faltimo censo realizado nos EUA, os cientistas descobriram que em quase todas as grandes\u00a0\u00e1reas urbanas, os bairros com mais moradores negros possu\u00edam [&hellip;]\" \/>\n<meta property=\"og:url\" content=\"https:\/\/jornalfatosenoticias.com.br\/index.php\/2021\/05\/26\/ilhas-de-calor-sao-mais-prejudiciais-para-pessoas-negras-aponta-estudo\/\" \/>\n<meta property=\"og:site_name\" content=\"Jornal Fatos e Not\u00edcias\" \/>\n<meta property=\"article:published_time\" content=\"2021-05-26T13:03:29+00:00\" \/>\n<meta property=\"og:image\" content=\"https:\/\/jornalfatosenoticias.com.br\/wp-content\/uploads\/2021\/05\/Ilha-de-Calor.jpg\" \/>\n\t<meta property=\"og:image:width\" content=\"1000\" \/>\n\t<meta property=\"og:image:height\" content=\"666\" \/>\n\t<meta property=\"og:image:type\" content=\"image\/jpeg\" \/>\n<meta name=\"author\" content=\"Luzimara Fernandes\" \/>\n<meta name=\"twitter:card\" content=\"summary_large_image\" \/>\n<meta name=\"twitter:label1\" content=\"Escrito por\" \/>\n\t<meta name=\"twitter:data1\" content=\"Luzimara Fernandes\" \/>\n\t<meta name=\"twitter:label2\" content=\"Est. tempo de leitura\" \/>\n\t<meta name=\"twitter:data2\" content=\"2 minutos\" \/>\n<script type=\"application\/ld+json\" class=\"yoast-schema-graph\">{\"@context\":\"https:\/\/schema.org\",\"@graph\":[{\"@type\":\"Article\",\"@id\":\"https:\/\/jornalfatosenoticias.com.br\/index.php\/2021\/05\/26\/ilhas-de-calor-sao-mais-prejudiciais-para-pessoas-negras-aponta-estudo\/#article\",\"isPartOf\":{\"@id\":\"https:\/\/jornalfatosenoticias.com.br\/index.php\/2021\/05\/26\/ilhas-de-calor-sao-mais-prejudiciais-para-pessoas-negras-aponta-estudo\/\"},\"author\":{\"name\":\"Luzimara Fernandes\",\"@id\":\"https:\/\/jornalfatosenoticias.com.br\/#\/schema\/person\/d63837fa13ac8666eb9e74e0985d6f81\"},\"headline\":\"Ilhas de calor s\u00e3o mais prejudiciais para pessoas negras, aponta estudo\",\"datePublished\":\"2021-05-26T13:03:29+00:00\",\"mainEntityOfPage\":{\"@id\":\"https:\/\/jornalfatosenoticias.com.br\/index.php\/2021\/05\/26\/ilhas-de-calor-sao-mais-prejudiciais-para-pessoas-negras-aponta-estudo\/\"},\"wordCount\":312,\"commentCount\":0,\"publisher\":{\"@id\":\"https:\/\/jornalfatosenoticias.com.br\/#organization\"},\"image\":{\"@id\":\"https:\/\/jornalfatosenoticias.com.br\/index.php\/2021\/05\/26\/ilhas-de-calor-sao-mais-prejudiciais-para-pessoas-negras-aponta-estudo\/#primaryimage\"},\"thumbnailUrl\":\"https:\/\/jornalfatosenoticias.com.br\/wp-content\/uploads\/2021\/05\/Ilha-de-Calor.jpg\",\"keywords\":[\"aquecimento global\",\"ilhas de calor\",\"mudan\u00e7as clim\u00e1ticas\",\"negros\"],\"articleSection\":[\"Geral\"],\"inLanguage\":\"pt-BR\",\"potentialAction\":[{\"@type\":\"CommentAction\",\"name\":\"Comment\",\"target\":[\"https:\/\/jornalfatosenoticias.com.br\/index.php\/2021\/05\/26\/ilhas-de-calor-sao-mais-prejudiciais-para-pessoas-negras-aponta-estudo\/#respond\"]}]},{\"@type\":\"WebPage\",\"@id\":\"https:\/\/jornalfatosenoticias.com.br\/index.php\/2021\/05\/26\/ilhas-de-calor-sao-mais-prejudiciais-para-pessoas-negras-aponta-estudo\/\",\"url\":\"https:\/\/jornalfatosenoticias.com.br\/index.php\/2021\/05\/26\/ilhas-de-calor-sao-mais-prejudiciais-para-pessoas-negras-aponta-estudo\/\",\"name\":\"Ilhas de calor s\u00e3o mais prejudiciais para pessoas negras, aponta estudo - Jornal Fatos e Not\u00edcias\",\"isPartOf\":{\"@id\":\"https:\/\/jornalfatosenoticias.com.br\/#website\"},\"primaryImageOfPage\":{\"@id\":\"https:\/\/jornalfatosenoticias.com.br\/index.php\/2021\/05\/26\/ilhas-de-calor-sao-mais-prejudiciais-para-pessoas-negras-aponta-estudo\/#primaryimage\"},\"image\":{\"@id\":\"https:\/\/jornalfatosenoticias.com.br\/index.php\/2021\/05\/26\/ilhas-de-calor-sao-mais-prejudiciais-para-pessoas-negras-aponta-estudo\/#primaryimage\"},\"thumbnailUrl\":\"https:\/\/jornalfatosenoticias.com.br\/wp-content\/uploads\/2021\/05\/Ilha-de-Calor.jpg\",\"datePublished\":\"2021-05-26T13:03:29+00:00\",\"breadcrumb\":{\"@id\":\"https:\/\/jornalfatosenoticias.com.br\/index.php\/2021\/05\/26\/ilhas-de-calor-sao-mais-prejudiciais-para-pessoas-negras-aponta-estudo\/#breadcrumb\"},\"inLanguage\":\"pt-BR\",\"potentialAction\":[{\"@type\":\"ReadAction\",\"target\":[\"https:\/\/jornalfatosenoticias.com.br\/index.php\/2021\/05\/26\/ilhas-de-calor-sao-mais-prejudiciais-para-pessoas-negras-aponta-estudo\/\"]}]},{\"@type\":\"ImageObject\",\"inLanguage\":\"pt-BR\",\"@id\":\"https:\/\/jornalfatosenoticias.com.br\/index.php\/2021\/05\/26\/ilhas-de-calor-sao-mais-prejudiciais-para-pessoas-negras-aponta-estudo\/#primaryimage\",\"url\":\"https:\/\/jornalfatosenoticias.com.br\/wp-content\/uploads\/2021\/05\/Ilha-de-Calor.jpg\",\"contentUrl\":\"https:\/\/jornalfatosenoticias.com.br\/wp-content\/uploads\/2021\/05\/Ilha-de-Calor.jpg\",\"width\":1000,\"height\":666,\"caption\":\"Aerial view of Shanghai at sunset, China\"},{\"@type\":\"BreadcrumbList\",\"@id\":\"https:\/\/jornalfatosenoticias.com.br\/index.php\/2021\/05\/26\/ilhas-de-calor-sao-mais-prejudiciais-para-pessoas-negras-aponta-estudo\/#breadcrumb\",\"itemListElement\":[{\"@type\":\"ListItem\",\"position\":1,\"name\":\"In\u00edcio\",\"item\":\"https:\/\/jornalfatosenoticias.com.br\/\"},{\"@type\":\"ListItem\",\"position\":2,\"name\":\"Ilhas de calor s\u00e3o mais prejudiciais para pessoas negras, aponta estudo\"}]},{\"@type\":\"WebSite\",\"@id\":\"https:\/\/jornalfatosenoticias.com.br\/#website\",\"url\":\"https:\/\/jornalfatosenoticias.com.br\/\",\"name\":\"Jornal Fatos e Not\u00edcias\",\"description\":\"Not\u00edcias em geral\",\"publisher\":{\"@id\":\"https:\/\/jornalfatosenoticias.com.br\/#organization\"},\"potentialAction\":[{\"@type\":\"SearchAction\",\"target\":{\"@type\":\"EntryPoint\",\"urlTemplate\":\"https:\/\/jornalfatosenoticias.com.br\/?s={search_term_string}\"},\"query-input\":{\"@type\":\"PropertyValueSpecification\",\"valueRequired\":true,\"valueName\":\"search_term_string\"}}],\"inLanguage\":\"pt-BR\"},{\"@type\":\"Organization\",\"@id\":\"https:\/\/jornalfatosenoticias.com.br\/#organization\",\"name\":\"Jornal Fatos e Not\u00edcias\",\"url\":\"https:\/\/jornalfatosenoticias.com.br\/\",\"logo\":{\"@type\":\"ImageObject\",\"inLanguage\":\"pt-BR\",\"@id\":\"https:\/\/jornalfatosenoticias.com.br\/#\/schema\/logo\/image\/\",\"url\":\"https:\/\/jornalfatosenoticias.com.br\/wp-content\/uploads\/2020\/02\/logo120.png\",\"contentUrl\":\"https:\/\/jornalfatosenoticias.com.br\/wp-content\/uploads\/2020\/02\/logo120.png\",\"width\":1227,\"height\":120,\"caption\":\"Jornal Fatos e Not\u00edcias\"},\"image\":{\"@id\":\"https:\/\/jornalfatosenoticias.com.br\/#\/schema\/logo\/image\/\"}},{\"@type\":\"Person\",\"@id\":\"https:\/\/jornalfatosenoticias.com.br\/#\/schema\/person\/d63837fa13ac8666eb9e74e0985d6f81\",\"name\":\"Luzimara Fernandes\",\"image\":{\"@type\":\"ImageObject\",\"inLanguage\":\"pt-BR\",\"@id\":\"https:\/\/jornalfatosenoticias.com.br\/#\/schema\/person\/image\/\",\"url\":\"https:\/\/jornalfatosenoticias.com.br\/wp-content\/uploads\/2025\/05\/EU_portal.jpg\",\"contentUrl\":\"https:\/\/jornalfatosenoticias.com.br\/wp-content\/uploads\/2025\/05\/EU_portal.jpg\",\"caption\":\"Luzimara Fernandes\"},\"description\":\"Jornalista MTB 2358-ES\",\"sameAs\":[\"https:\/\/jornalfatosenoticias.com.br\"],\"url\":\"https:\/\/jornalfatosenoticias.com.br\/index.php\/author\/luzimara\/\"}]}<\/script>\n<!-- \/ Yoast SEO plugin. -->","yoast_head_json":{"title":"Ilhas de calor s\u00e3o mais prejudiciais para pessoas negras, aponta estudo - Jornal Fatos e Not\u00edcias","robots":{"index":"index","follow":"follow","max-snippet":"max-snippet:-1","max-image-preview":"max-image-preview:large","max-video-preview":"max-video-preview:-1"},"canonical":"https:\/\/jornalfatosenoticias.com.br\/index.php\/2021\/05\/26\/ilhas-de-calor-sao-mais-prejudiciais-para-pessoas-negras-aponta-estudo\/","og_locale":"pt_BR","og_type":"article","og_title":"Ilhas de calor s\u00e3o mais prejudiciais para pessoas negras, aponta estudo - Jornal Fatos e Not\u00edcias","og_description":"Pesquisadores da Universidade Estadual do Arizona, nos Estados Unidos, conclu\u00edram que as ilhas de calor afetam mais as pessoas negras em compara\u00e7\u00e3o com as\u00a0brancas. Usando dados de temperatura fornecidos pelo governo e o \u00faltimo censo realizado nos EUA, os cientistas descobriram que em quase todas as grandes\u00a0\u00e1reas urbanas, os bairros com mais moradores negros possu\u00edam [&hellip;]","og_url":"https:\/\/jornalfatosenoticias.com.br\/index.php\/2021\/05\/26\/ilhas-de-calor-sao-mais-prejudiciais-para-pessoas-negras-aponta-estudo\/","og_site_name":"Jornal Fatos e Not\u00edcias","article_published_time":"2021-05-26T13:03:29+00:00","og_image":[{"width":1000,"height":666,"url":"https:\/\/jornalfatosenoticias.com.br\/wp-content\/uploads\/2021\/05\/Ilha-de-Calor.jpg","type":"image\/jpeg"}],"author":"Luzimara Fernandes","twitter_card":"summary_large_image","twitter_misc":{"Escrito por":"Luzimara Fernandes","Est. tempo de leitura":"2 minutos"},"schema":{"@context":"https:\/\/schema.org","@graph":[{"@type":"Article","@id":"https:\/\/jornalfatosenoticias.com.br\/index.php\/2021\/05\/26\/ilhas-de-calor-sao-mais-prejudiciais-para-pessoas-negras-aponta-estudo\/#article","isPartOf":{"@id":"https:\/\/jornalfatosenoticias.com.br\/index.php\/2021\/05\/26\/ilhas-de-calor-sao-mais-prejudiciais-para-pessoas-negras-aponta-estudo\/"},"author":{"name":"Luzimara Fernandes","@id":"https:\/\/jornalfatosenoticias.com.br\/#\/schema\/person\/d63837fa13ac8666eb9e74e0985d6f81"},"headline":"Ilhas de calor s\u00e3o mais prejudiciais para pessoas negras, aponta estudo","datePublished":"2021-05-26T13:03:29+00:00","mainEntityOfPage":{"@id":"https:\/\/jornalfatosenoticias.com.br\/index.php\/2021\/05\/26\/ilhas-de-calor-sao-mais-prejudiciais-para-pessoas-negras-aponta-estudo\/"},"wordCount":312,"commentCount":0,"publisher":{"@id":"https:\/\/jornalfatosenoticias.com.br\/#organization"},"image":{"@id":"https:\/\/jornalfatosenoticias.com.br\/index.php\/2021\/05\/26\/ilhas-de-calor-sao-mais-prejudiciais-para-pessoas-negras-aponta-estudo\/#primaryimage"},"thumbnailUrl":"https:\/\/jornalfatosenoticias.com.br\/wp-content\/uploads\/2021\/05\/Ilha-de-Calor.jpg","keywords":["aquecimento global","ilhas de calor","mudan\u00e7as clim\u00e1ticas","negros"],"articleSection":["Geral"],"inLanguage":"pt-BR","potentialAction":[{"@type":"CommentAction","name":"Comment","target":["https:\/\/jornalfatosenoticias.com.br\/index.php\/2021\/05\/26\/ilhas-de-calor-sao-mais-prejudiciais-para-pessoas-negras-aponta-estudo\/#respond"]}]},{"@type":"WebPage","@id":"https:\/\/jornalfatosenoticias.com.br\/index.php\/2021\/05\/26\/ilhas-de-calor-sao-mais-prejudiciais-para-pessoas-negras-aponta-estudo\/","url":"https:\/\/jornalfatosenoticias.com.br\/index.php\/2021\/05\/26\/ilhas-de-calor-sao-mais-prejudiciais-para-pessoas-negras-aponta-estudo\/","name":"Ilhas de calor s\u00e3o mais prejudiciais para pessoas negras, aponta estudo - Jornal Fatos e Not\u00edcias","isPartOf":{"@id":"https:\/\/jornalfatosenoticias.com.br\/#website"},"primaryImageOfPage":{"@id":"https:\/\/jornalfatosenoticias.com.br\/index.php\/2021\/05\/26\/ilhas-de-calor-sao-mais-prejudiciais-para-pessoas-negras-aponta-estudo\/#primaryimage"},"image":{"@id":"https:\/\/jornalfatosenoticias.com.br\/index.php\/2021\/05\/26\/ilhas-de-calor-sao-mais-prejudiciais-para-pessoas-negras-aponta-estudo\/#primaryimage"},"thumbnailUrl":"https:\/\/jornalfatosenoticias.com.br\/wp-content\/uploads\/2021\/05\/Ilha-de-Calor.jpg","datePublished":"2021-05-26T13:03:29+00:00","breadcrumb":{"@id":"https:\/\/jornalfatosenoticias.com.br\/index.php\/2021\/05\/26\/ilhas-de-calor-sao-mais-prejudiciais-para-pessoas-negras-aponta-estudo\/#breadcrumb"},"inLanguage":"pt-BR","potentialAction":[{"@type":"ReadAction","target":["https:\/\/jornalfatosenoticias.com.br\/index.php\/2021\/05\/26\/ilhas-de-calor-sao-mais-prejudiciais-para-pessoas-negras-aponta-estudo\/"]}]},{"@type":"ImageObject","inLanguage":"pt-BR","@id":"https:\/\/jornalfatosenoticias.com.br\/index.php\/2021\/05\/26\/ilhas-de-calor-sao-mais-prejudiciais-para-pessoas-negras-aponta-estudo\/#primaryimage","url":"https:\/\/jornalfatosenoticias.com.br\/wp-content\/uploads\/2021\/05\/Ilha-de-Calor.jpg","contentUrl":"https:\/\/jornalfatosenoticias.com.br\/wp-content\/uploads\/2021\/05\/Ilha-de-Calor.jpg","width":1000,"height":666,"caption":"Aerial view of Shanghai at sunset, China"},{"@type":"BreadcrumbList","@id":"https:\/\/jornalfatosenoticias.com.br\/index.php\/2021\/05\/26\/ilhas-de-calor-sao-mais-prejudiciais-para-pessoas-negras-aponta-estudo\/#breadcrumb","itemListElement":[{"@type":"ListItem","position":1,"name":"In\u00edcio","item":"https:\/\/jornalfatosenoticias.com.br\/"},{"@type":"ListItem","position":2,"name":"Ilhas de calor s\u00e3o mais prejudiciais para pessoas negras, aponta estudo"}]},{"@type":"WebSite","@id":"https:\/\/jornalfatosenoticias.com.br\/#website","url":"https:\/\/jornalfatosenoticias.com.br\/","name":"Jornal Fatos e Not\u00edcias","description":"Not\u00edcias em geral","publisher":{"@id":"https:\/\/jornalfatosenoticias.com.br\/#organization"},"potentialAction":[{"@type":"SearchAction","target":{"@type":"EntryPoint","urlTemplate":"https:\/\/jornalfatosenoticias.com.br\/?s={search_term_string}"},"query-input":{"@type":"PropertyValueSpecification","valueRequired":true,"valueName":"search_term_string"}}],"inLanguage":"pt-BR"},{"@type":"Organization","@id":"https:\/\/jornalfatosenoticias.com.br\/#organization","name":"Jornal Fatos e Not\u00edcias","url":"https:\/\/jornalfatosenoticias.com.br\/","logo":{"@type":"ImageObject","inLanguage":"pt-BR","@id":"https:\/\/jornalfatosenoticias.com.br\/#\/schema\/logo\/image\/","url":"https:\/\/jornalfatosenoticias.com.br\/wp-content\/uploads\/2020\/02\/logo120.png","contentUrl":"https:\/\/jornalfatosenoticias.com.br\/wp-content\/uploads\/2020\/02\/logo120.png","width":1227,"height":120,"caption":"Jornal Fatos e Not\u00edcias"},"image":{"@id":"https:\/\/jornalfatosenoticias.com.br\/#\/schema\/logo\/image\/"}},{"@type":"Person","@id":"https:\/\/jornalfatosenoticias.com.br\/#\/schema\/person\/d63837fa13ac8666eb9e74e0985d6f81","name":"Luzimara Fernandes","image":{"@type":"ImageObject","inLanguage":"pt-BR","@id":"https:\/\/jornalfatosenoticias.com.br\/#\/schema\/person\/image\/","url":"https:\/\/jornalfatosenoticias.com.br\/wp-content\/uploads\/2025\/05\/EU_portal.jpg","contentUrl":"https:\/\/jornalfatosenoticias.com.br\/wp-content\/uploads\/2025\/05\/EU_portal.jpg","caption":"Luzimara Fernandes"},"description":"Jornalista MTB 2358-ES","sameAs":["https:\/\/jornalfatosenoticias.com.br"],"url":"https:\/\/jornalfatosenoticias.com.br\/index.php\/author\/luzimara\/"}]}},"cc_featured_image_caption":{"caption_text":"(Foto: Oleksandr Dibrova\/Fotolia)","source_text":"","source_url":""},"jetpack_featured_media_url":"https:\/\/jornalfatosenoticias.com.br\/wp-content\/uploads\/2021\/05\/Ilha-de-Calor.jpg","_links":{"self":[{"href":"https:\/\/jornalfatosenoticias.com.br\/index.php\/wp-json\/wp\/v2\/posts\/18593","targetHints":{"allow":["GET"]}}],"collection":[{"href":"https:\/\/jornalfatosenoticias.com.br\/index.php\/wp-json\/wp\/v2\/posts"}],"about":[{"href":"https:\/\/jornalfatosenoticias.com.br\/index.php\/wp-json\/wp\/v2\/types\/post"}],"author":[{"embeddable":true,"href":"https:\/\/jornalfatosenoticias.com.br\/index.php\/wp-json\/wp\/v2\/users\/2"}],"replies":[{"embeddable":true,"href":"https:\/\/jornalfatosenoticias.com.br\/index.php\/wp-json\/wp\/v2\/comments?post=18593"}],"version-history":[{"count":0,"href":"https:\/\/jornalfatosenoticias.com.br\/index.php\/wp-json\/wp\/v2\/posts\/18593\/revisions"}],"wp:featuredmedia":[{"embeddable":true,"href":"https:\/\/jornalfatosenoticias.com.br\/index.php\/wp-json\/wp\/v2\/media\/18594"}],"wp:attachment":[{"href":"https:\/\/jornalfatosenoticias.com.br\/index.php\/wp-json\/wp\/v2\/media?parent=18593"}],"wp:term":[{"taxonomy":"category","embeddable":true,"href":"https:\/\/jornalfatosenoticias.com.br\/index.php\/wp-json\/wp\/v2\/categories?post=18593"},{"taxonomy":"post_tag","embeddable":true,"href":"https:\/\/jornalfatosenoticias.com.br\/index.php\/wp-json\/wp\/v2\/tags?post=18593"}],"curies":[{"name":"wp","href":"https:\/\/api.w.org\/{rel}","templated":true}]}}