{"id":18602,"date":"2021-05-26T11:06:50","date_gmt":"2021-05-26T14:06:50","guid":{"rendered":"https:\/\/jornalfatosenoticias.com.br\/?p=18602"},"modified":"2021-05-26T11:06:55","modified_gmt":"2021-05-26T14:06:55","slug":"ha-124-anos-bram-stoker-lancava-o-classico-dracula","status":"publish","type":"post","link":"https:\/\/jornalfatosenoticias.com.br\/index.php\/2021\/05\/26\/ha-124-anos-bram-stoker-lancava-o-classico-dracula\/","title":{"rendered":"H\u00e1 124 anos, Bram Stoker lan\u00e7ava o cl\u00e1ssico Dr\u00e1cula"},"content":{"rendered":"\n<p><em><span class=\"has-inline-color has-black-color\">O romance de terror g\u00f3tico do autor irland\u00eas foi respons\u00e1vel por inovar o g\u00eanero liter\u00e1rio<\/span><\/em><\/p>\n\n\n\n<p>Publicada originalmente em 1897, a famosa obra <a href=\"https:\/\/aventurasnahistoria.uol.com.br\/noticias\/reportagem\/muitos-antes-de-dracula-conheca-nosferatu-o-primeiro-filme-de-vampiro-que-foi-banido.phtml\" rel=\"noreferrer noopener\" target=\"_blank\">Dr\u00e1cula<\/a>, do escritor irland\u00eas <strong>Bram Stoker<\/strong>, ainda hoje \u00e9 considerada um dos maiores cl\u00e1ssicos de terror da literatura mundial.<br>Ao longo dos anos, ela foi adaptada para os cinemas e influenciou a cultura popular ao redor do mundo, sendo amplamente reverenciada desde o s\u00e9culo 19, quando o livro foi publicado pela primeira vez.<br>Considerado um dos mais brilhantes romancistas de sua gera\u00e7\u00e3o, <a href=\"https:\/\/aventurasnahistoria.uol.com.br\/noticias\/almanaque\/exumacao-real-influencia-de-jack-o-estripador5-curiosidades-sobre-obra-dracula.phtml\" rel=\"noreferrer noopener\" target=\"_blank\"><strong>Bram Stoker<\/strong><\/a> estava prestes a completar 50 anos, quando lan\u00e7ou o cl\u00e1ssico Dr\u00e1cula, que conta a hist\u00f3ria de um tenebroso vampiro.<br>Nascido em Dublin, o escritor era formado em Matem\u00e1tica, mas nunca chegou a exercer a profiss\u00e3o. Desde cedo sua paix\u00e3o pelo teatro falou mais alto, o que o levou a se tornar cr\u00edtico teatral do Dublin Evening Mail.<\/p>\n\n\n\n<figure class=\"wp-block-image size-large\"><img loading=\"lazy\" decoding=\"async\" width=\"1000\" height=\"562\" src=\"https:\/\/jornalfatosenoticias.com.br\/wp-content\/uploads\/2021\/05\/bram_stoker.jpg\" alt=\"\" class=\"wp-image-18603\" srcset=\"https:\/\/jornalfatosenoticias.com.br\/wp-content\/uploads\/2021\/05\/bram_stoker.jpg 1000w, https:\/\/jornalfatosenoticias.com.br\/wp-content\/uploads\/2021\/05\/bram_stoker-300x169.jpg 300w, https:\/\/jornalfatosenoticias.com.br\/wp-content\/uploads\/2021\/05\/bram_stoker-768x432.jpg 768w\" sizes=\"auto, (max-width: 1000px) 100vw, 1000px\" \/><figcaption><em><span class=\"has-inline-color has-black-color\">Bram Stoker, autor de Dr\u00e1cula (Foto: Dom\u00ednio P\u00fablico)<\/span><\/em><\/figcaption><\/figure>\n\n\n\n<p>De acordo com a <a href=\"https:\/\/revistagalileu.globo.com\/Cultura\/noticia\/2017\/10\/dracula-tudo-que-voce-precisa-saber-sobre-obra-de-bram-stoker.html\" rel=\"noreferrer noopener\" target=\"_blank\">Galileu<\/a>, Dr\u00e1cula foi a quinta obra lan\u00e7ada pelo irland\u00eas. Escrito a partir de cartas, atualiza\u00e7\u00f5es em di\u00e1rios e de not\u00edcias em jornais, o livro apresenta uma hist\u00f3ria envolvente e eletrizante com teor sobrenatural.<br>Ainda segundo o site, a obra foi considerada violenta, escandalizando a sociedade daquele per\u00edodo. Na \u00e9poca, o jornal brit\u00e2nico Manchester Guardian chegou a classificar o livro como \u201cgrotesco demais\u201d e \u201cum erro art\u00edstico ao preencher todo um volume com horrores\u201d.<\/p>\n\n\n\n<p><strong><span class=\"has-inline-color has-black-color\">Dr\u00e1cula foi o primeiro a falar sobre vampiros?<br><\/span><\/strong>Conforme a Galileu, existem evid\u00eancias que mostram que o romance de <strong>Bram Stoker<\/strong> n\u00e3o foi o primeiro a retratar o universo de vampiros. Em 1872, o chefe do autor, <strong>Sheridan Le Fanu<\/strong>, j\u00e1 havia publicado uma novela de terror, intitulada \u201cCarmilla&#8221;. A trama conta a hist\u00f3ria da primeira vampira que se tem conhecimento.<\/p>\n\n\n\n<figure class=\"wp-block-image size-large\"><img loading=\"lazy\" decoding=\"async\" width=\"1000\" height=\"562\" src=\"https:\/\/jornalfatosenoticias.com.br\/wp-content\/uploads\/2021\/05\/dracula__2.jpg\" alt=\"\" class=\"wp-image-18604\" srcset=\"https:\/\/jornalfatosenoticias.com.br\/wp-content\/uploads\/2021\/05\/dracula__2.jpg 1000w, https:\/\/jornalfatosenoticias.com.br\/wp-content\/uploads\/2021\/05\/dracula__2-300x169.jpg 300w, https:\/\/jornalfatosenoticias.com.br\/wp-content\/uploads\/2021\/05\/dracula__2-768x432.jpg 768w\" sizes=\"auto, (max-width: 1000px) 100vw, 1000px\" \/><figcaption><em><span class=\"has-inline-color has-black-color\">Cena cl\u00e1ssica do filme Dr\u00e1cula (1931) (Foto: Divulga\u00e7\u00e3o\/Universal Pictures)<\/span><\/em><\/figcaption><\/figure>\n\n\n\n<p>Al\u00e9m disso, acredita-se que o m\u00e9dico londrino <strong>John Polidori<\/strong>, escreveu, em 1816, uma hist\u00f3ria sobre sugadores de sangue. Na ocasi\u00e3o, o poeta <strong>Lord Byron<\/strong> prop\u00f4s aos seus convidados \u2014 entre eles <strong>Mary Shelley<\/strong>, autora de <a href=\"Frankenstein: ou o Prometeu moderno\">Frankenstein: ou o Prometeu moderno<\/a> e o poeta <strong>Percy Shelley<\/strong> \u2014 que escrevessem uma hist\u00f3ria de terror.<br>Naquela noite de tempestade, todos escreveram hist\u00f3rias assustadoras, mas o anfitri\u00e3o <strong>Byron<\/strong> teria roubado a hist\u00f3ria de <strong>John Polidori<\/strong>. Mais tarde, a obra foi intitulada de \u201cO Vampiro\u201d.<br>Se voltarmos ainda mais no tempo, podemos perceber refer\u00eancias vampirescas ainda na Europa continental, com a obra \u201cA Noiva de Corinto\u201d, de <strong>Johann Wolfgang Von Goethe<\/strong>, publicada em 1797.<\/p>\n\n\n\n<p><strong><span class=\"has-inline-color has-black-color\">A real inspira\u00e7\u00e3o<br><\/span><\/strong>A influ\u00eancia de <strong>Bram Stoker<\/strong> para a literatura moderna \u00e9 inestim\u00e1vel. Portanto, ao longo dos s\u00e9culos, muito se especulou sobre a origem e inspira\u00e7\u00e3o para dar vida ao personagem principal.<\/p>\n\n\n\n<figure class=\"wp-block-image size-large\"><img loading=\"lazy\" decoding=\"async\" width=\"1000\" height=\"562\" src=\"https:\/\/jornalfatosenoticias.com.br\/wp-content\/uploads\/2021\/05\/dracula__3.jpg\" alt=\"\" class=\"wp-image-18605\" srcset=\"https:\/\/jornalfatosenoticias.com.br\/wp-content\/uploads\/2021\/05\/dracula__3.jpg 1000w, https:\/\/jornalfatosenoticias.com.br\/wp-content\/uploads\/2021\/05\/dracula__3-300x169.jpg 300w, https:\/\/jornalfatosenoticias.com.br\/wp-content\/uploads\/2021\/05\/dracula__3-768x432.jpg 768w\" sizes=\"auto, (max-width: 1000px) 100vw, 1000px\" \/><figcaption><em><span class=\"has-inline-color has-black-color\">Bela Lugosi, de conde Dr\u00e1cula (Foto: Divulga\u00e7\u00e3o\/Universal Pictures)<\/span><\/em><\/figcaption><\/figure>\n\n\n\n<p>Em 2020, o historiador e membro do grupo Sligo Stoker Society, <a href=\"https:\/\/aventurasnahistoria.uol.com.br\/noticias\/historia-hoje\/historiador-acredita-que-dracula-teria-sido-inspirado-em-uma-cruel-epidemia.phtml\" rel=\"noreferrer noopener\" target=\"_blank\"><strong>Marion McGarry<\/strong><\/a>, disse que o autor teria se inspirado no surto de c\u00f3lera ocorrido na Irlanda durante o s\u00e9culo 19. Para o especialista, a inspira\u00e7\u00e3o teria surgido a partir de uma sobrevivente da epidemia, chamada <strong>Charlotte Thornley<\/strong>.<br>Conforme as pesquisas do historiador, <strong>Stoker<\/strong> teria feito uma pesquisa minuciosa sobre o surto de c\u00f3lera, respons\u00e1vel por matar diversas pessoas na \u00e9poca.<br>J\u00e1 segundo a Galileu, o autor pode ter se inspirado em <strong><a href=\"https:\/\/aventurasnahistoria.uol.com.br\/noticias\/reportagem\/heroi-ou-tirano-quem-foi-o-conde-dracula.phtml\" rel=\"noreferrer noopener\" target=\"_blank\">Vlad Tepes<\/a><\/strong>, um sanguin\u00e1rio pr\u00edncipe da Val\u00e1quia \u2014 territ\u00f3rio que hoje em dia corresponde \u00e0 Rom\u00eania. Sabe-se que o tirano tinha o costume de matar seus prisioneiros de maneiras ins\u00f3litas.<br>Embora a verdadeira inspira\u00e7\u00e3o de Stoker ainda seja um mist\u00e9rio, sabe-se que sua influ\u00eancia para o g\u00eanero terror e suspense \u00e9 incompar\u00e1vel, motivo que o consagrou como um dos maiores escritores do s\u00e9culo 19.<\/p>\n\n\n\n<p><strong><em>Fonte: <a href=\"https:\/\/aventurasnahistoria.uol.com.br\/noticias\/reportagem\/ha-124-anos-bram-stoker-lancava-o-classico-dracula.phtml\">Aventuras na Hist\u00f3ria<\/a><\/em><\/strong><\/p>\n","protected":false},"excerpt":{"rendered":"<p>O romance de terror g\u00f3tico do autor irland\u00eas foi respons\u00e1vel por inovar o g\u00eanero liter\u00e1rio Publicada originalmente em 1897, a famosa obra Dr\u00e1cula, do escritor irland\u00eas Bram Stoker, ainda hoje \u00e9 considerada um dos maiores cl\u00e1ssicos de terror da literatura mundial.Ao longo dos anos, ela foi adaptada para os cinemas e influenciou a cultura popular [&hellip;]<\/p>\n","protected":false},"author":2,"featured_media":18606,"comment_status":"open","ping_status":"open","sticky":false,"template":"","format":"standard","meta":{"footnotes":""},"categories":[4],"tags":[9185,1387,713,9186,250,914,1217,1948,251],"class_list":["post-18602","post","type-post","status-publish","format-standard","has-post-thumbnail","hentry","category-cultura","tag-bram-stoker","tag-classico","tag-cultura","tag-dracula","tag-filme","tag-literatura","tag-livro","tag-obra","tag-terror"],"yoast_head":"<!-- This site is optimized with the Yoast SEO plugin v26.5 - https:\/\/yoast.com\/wordpress\/plugins\/seo\/ -->\n<title>H\u00e1 124 anos, Bram Stoker lan\u00e7ava o cl\u00e1ssico Dr\u00e1cula - Jornal Fatos e Not\u00edcias<\/title>\n<meta name=\"robots\" content=\"index, follow, max-snippet:-1, max-image-preview:large, max-video-preview:-1\" \/>\n<link rel=\"canonical\" href=\"https:\/\/jornalfatosenoticias.com.br\/index.php\/2021\/05\/26\/ha-124-anos-bram-stoker-lancava-o-classico-dracula\/\" \/>\n<meta property=\"og:locale\" content=\"pt_BR\" \/>\n<meta property=\"og:type\" content=\"article\" \/>\n<meta property=\"og:title\" content=\"H\u00e1 124 anos, Bram Stoker lan\u00e7ava o cl\u00e1ssico Dr\u00e1cula - Jornal Fatos e Not\u00edcias\" \/>\n<meta property=\"og:description\" content=\"O romance de terror g\u00f3tico do autor irland\u00eas foi respons\u00e1vel por inovar o g\u00eanero liter\u00e1rio Publicada originalmente em 1897, a famosa obra Dr\u00e1cula, do escritor irland\u00eas Bram Stoker, ainda hoje \u00e9 considerada um dos maiores cl\u00e1ssicos de terror da literatura mundial.Ao longo dos anos, ela foi adaptada para os cinemas e influenciou a cultura popular [&hellip;]\" \/>\n<meta property=\"og:url\" content=\"https:\/\/jornalfatosenoticias.com.br\/index.php\/2021\/05\/26\/ha-124-anos-bram-stoker-lancava-o-classico-dracula\/\" \/>\n<meta property=\"og:site_name\" content=\"Jornal Fatos e Not\u00edcias\" \/>\n<meta property=\"article:published_time\" content=\"2021-05-26T14:06:50+00:00\" \/>\n<meta property=\"article:modified_time\" content=\"2021-05-26T14:06:55+00:00\" \/>\n<meta property=\"og:image\" content=\"https:\/\/jornalfatosenoticias.com.br\/wp-content\/uploads\/2021\/05\/dracula_de-Bram-Stoker.jpg\" \/>\n\t<meta property=\"og:image:width\" content=\"1000\" \/>\n\t<meta property=\"og:image:height\" content=\"562\" \/>\n\t<meta property=\"og:image:type\" content=\"image\/jpeg\" \/>\n<meta name=\"author\" content=\"Luzimara Fernandes\" \/>\n<meta name=\"twitter:card\" content=\"summary_large_image\" \/>\n<meta name=\"twitter:label1\" content=\"Escrito por\" \/>\n\t<meta name=\"twitter:data1\" content=\"Luzimara Fernandes\" \/>\n\t<meta name=\"twitter:label2\" content=\"Est. tempo de leitura\" \/>\n\t<meta name=\"twitter:data2\" content=\"3 minutos\" \/>\n<script type=\"application\/ld+json\" class=\"yoast-schema-graph\">{\"@context\":\"https:\/\/schema.org\",\"@graph\":[{\"@type\":\"Article\",\"@id\":\"https:\/\/jornalfatosenoticias.com.br\/index.php\/2021\/05\/26\/ha-124-anos-bram-stoker-lancava-o-classico-dracula\/#article\",\"isPartOf\":{\"@id\":\"https:\/\/jornalfatosenoticias.com.br\/index.php\/2021\/05\/26\/ha-124-anos-bram-stoker-lancava-o-classico-dracula\/\"},\"author\":{\"name\":\"Luzimara Fernandes\",\"@id\":\"https:\/\/jornalfatosenoticias.com.br\/#\/schema\/person\/d63837fa13ac8666eb9e74e0985d6f81\"},\"headline\":\"H\u00e1 124 anos, Bram Stoker lan\u00e7ava o cl\u00e1ssico Dr\u00e1cula\",\"datePublished\":\"2021-05-26T14:06:50+00:00\",\"dateModified\":\"2021-05-26T14:06:55+00:00\",\"mainEntityOfPage\":{\"@id\":\"https:\/\/jornalfatosenoticias.com.br\/index.php\/2021\/05\/26\/ha-124-anos-bram-stoker-lancava-o-classico-dracula\/\"},\"wordCount\":667,\"commentCount\":0,\"publisher\":{\"@id\":\"https:\/\/jornalfatosenoticias.com.br\/#organization\"},\"image\":{\"@id\":\"https:\/\/jornalfatosenoticias.com.br\/index.php\/2021\/05\/26\/ha-124-anos-bram-stoker-lancava-o-classico-dracula\/#primaryimage\"},\"thumbnailUrl\":\"https:\/\/jornalfatosenoticias.com.br\/wp-content\/uploads\/2021\/05\/dracula_de-Bram-Stoker.jpg\",\"keywords\":[\"Bram Stoker\",\"cl\u00e1ssico\",\"cultura\",\"dr\u00e1cula\",\"filme\",\"literatura\",\"livro\",\"obra\",\"terror\"],\"articleSection\":[\"Cultura\"],\"inLanguage\":\"pt-BR\",\"potentialAction\":[{\"@type\":\"CommentAction\",\"name\":\"Comment\",\"target\":[\"https:\/\/jornalfatosenoticias.com.br\/index.php\/2021\/05\/26\/ha-124-anos-bram-stoker-lancava-o-classico-dracula\/#respond\"]}]},{\"@type\":\"WebPage\",\"@id\":\"https:\/\/jornalfatosenoticias.com.br\/index.php\/2021\/05\/26\/ha-124-anos-bram-stoker-lancava-o-classico-dracula\/\",\"url\":\"https:\/\/jornalfatosenoticias.com.br\/index.php\/2021\/05\/26\/ha-124-anos-bram-stoker-lancava-o-classico-dracula\/\",\"name\":\"H\u00e1 124 anos, Bram Stoker lan\u00e7ava o cl\u00e1ssico Dr\u00e1cula - Jornal Fatos e Not\u00edcias\",\"isPartOf\":{\"@id\":\"https:\/\/jornalfatosenoticias.com.br\/#website\"},\"primaryImageOfPage\":{\"@id\":\"https:\/\/jornalfatosenoticias.com.br\/index.php\/2021\/05\/26\/ha-124-anos-bram-stoker-lancava-o-classico-dracula\/#primaryimage\"},\"image\":{\"@id\":\"https:\/\/jornalfatosenoticias.com.br\/index.php\/2021\/05\/26\/ha-124-anos-bram-stoker-lancava-o-classico-dracula\/#primaryimage\"},\"thumbnailUrl\":\"https:\/\/jornalfatosenoticias.com.br\/wp-content\/uploads\/2021\/05\/dracula_de-Bram-Stoker.jpg\",\"datePublished\":\"2021-05-26T14:06:50+00:00\",\"dateModified\":\"2021-05-26T14:06:55+00:00\",\"breadcrumb\":{\"@id\":\"https:\/\/jornalfatosenoticias.com.br\/index.php\/2021\/05\/26\/ha-124-anos-bram-stoker-lancava-o-classico-dracula\/#breadcrumb\"},\"inLanguage\":\"pt-BR\",\"potentialAction\":[{\"@type\":\"ReadAction\",\"target\":[\"https:\/\/jornalfatosenoticias.com.br\/index.php\/2021\/05\/26\/ha-124-anos-bram-stoker-lancava-o-classico-dracula\/\"]}]},{\"@type\":\"ImageObject\",\"inLanguage\":\"pt-BR\",\"@id\":\"https:\/\/jornalfatosenoticias.com.br\/index.php\/2021\/05\/26\/ha-124-anos-bram-stoker-lancava-o-classico-dracula\/#primaryimage\",\"url\":\"https:\/\/jornalfatosenoticias.com.br\/wp-content\/uploads\/2021\/05\/dracula_de-Bram-Stoker.jpg\",\"contentUrl\":\"https:\/\/jornalfatosenoticias.com.br\/wp-content\/uploads\/2021\/05\/dracula_de-Bram-Stoker.jpg\",\"width\":1000,\"height\":562},{\"@type\":\"BreadcrumbList\",\"@id\":\"https:\/\/jornalfatosenoticias.com.br\/index.php\/2021\/05\/26\/ha-124-anos-bram-stoker-lancava-o-classico-dracula\/#breadcrumb\",\"itemListElement\":[{\"@type\":\"ListItem\",\"position\":1,\"name\":\"In\u00edcio\",\"item\":\"https:\/\/jornalfatosenoticias.com.br\/\"},{\"@type\":\"ListItem\",\"position\":2,\"name\":\"H\u00e1 124 anos, Bram Stoker lan\u00e7ava o cl\u00e1ssico Dr\u00e1cula\"}]},{\"@type\":\"WebSite\",\"@id\":\"https:\/\/jornalfatosenoticias.com.br\/#website\",\"url\":\"https:\/\/jornalfatosenoticias.com.br\/\",\"name\":\"Jornal Fatos e Not\u00edcias\",\"description\":\"Not\u00edcias em geral\",\"publisher\":{\"@id\":\"https:\/\/jornalfatosenoticias.com.br\/#organization\"},\"potentialAction\":[{\"@type\":\"SearchAction\",\"target\":{\"@type\":\"EntryPoint\",\"urlTemplate\":\"https:\/\/jornalfatosenoticias.com.br\/?s={search_term_string}\"},\"query-input\":{\"@type\":\"PropertyValueSpecification\",\"valueRequired\":true,\"valueName\":\"search_term_string\"}}],\"inLanguage\":\"pt-BR\"},{\"@type\":\"Organization\",\"@id\":\"https:\/\/jornalfatosenoticias.com.br\/#organization\",\"name\":\"Jornal Fatos e Not\u00edcias\",\"url\":\"https:\/\/jornalfatosenoticias.com.br\/\",\"logo\":{\"@type\":\"ImageObject\",\"inLanguage\":\"pt-BR\",\"@id\":\"https:\/\/jornalfatosenoticias.com.br\/#\/schema\/logo\/image\/\",\"url\":\"https:\/\/jornalfatosenoticias.com.br\/wp-content\/uploads\/2020\/02\/logo120.png\",\"contentUrl\":\"https:\/\/jornalfatosenoticias.com.br\/wp-content\/uploads\/2020\/02\/logo120.png\",\"width\":1227,\"height\":120,\"caption\":\"Jornal Fatos e Not\u00edcias\"},\"image\":{\"@id\":\"https:\/\/jornalfatosenoticias.com.br\/#\/schema\/logo\/image\/\"}},{\"@type\":\"Person\",\"@id\":\"https:\/\/jornalfatosenoticias.com.br\/#\/schema\/person\/d63837fa13ac8666eb9e74e0985d6f81\",\"name\":\"Luzimara Fernandes\",\"image\":{\"@type\":\"ImageObject\",\"inLanguage\":\"pt-BR\",\"@id\":\"https:\/\/jornalfatosenoticias.com.br\/#\/schema\/person\/image\/\",\"url\":\"https:\/\/jornalfatosenoticias.com.br\/wp-content\/uploads\/2025\/05\/EU_portal.jpg\",\"contentUrl\":\"https:\/\/jornalfatosenoticias.com.br\/wp-content\/uploads\/2025\/05\/EU_portal.jpg\",\"caption\":\"Luzimara Fernandes\"},\"description\":\"Jornalista MTB 2358-ES\",\"sameAs\":[\"https:\/\/jornalfatosenoticias.com.br\"],\"url\":\"https:\/\/jornalfatosenoticias.com.br\/index.php\/author\/luzimara\/\"}]}<\/script>\n<!-- \/ Yoast SEO plugin. -->","yoast_head_json":{"title":"H\u00e1 124 anos, Bram Stoker lan\u00e7ava o cl\u00e1ssico Dr\u00e1cula - Jornal Fatos e Not\u00edcias","robots":{"index":"index","follow":"follow","max-snippet":"max-snippet:-1","max-image-preview":"max-image-preview:large","max-video-preview":"max-video-preview:-1"},"canonical":"https:\/\/jornalfatosenoticias.com.br\/index.php\/2021\/05\/26\/ha-124-anos-bram-stoker-lancava-o-classico-dracula\/","og_locale":"pt_BR","og_type":"article","og_title":"H\u00e1 124 anos, Bram Stoker lan\u00e7ava o cl\u00e1ssico Dr\u00e1cula - Jornal Fatos e Not\u00edcias","og_description":"O romance de terror g\u00f3tico do autor irland\u00eas foi respons\u00e1vel por inovar o g\u00eanero liter\u00e1rio Publicada originalmente em 1897, a famosa obra Dr\u00e1cula, do escritor irland\u00eas Bram Stoker, ainda hoje \u00e9 considerada um dos maiores cl\u00e1ssicos de terror da literatura mundial.Ao longo dos anos, ela foi adaptada para os cinemas e influenciou a cultura popular [&hellip;]","og_url":"https:\/\/jornalfatosenoticias.com.br\/index.php\/2021\/05\/26\/ha-124-anos-bram-stoker-lancava-o-classico-dracula\/","og_site_name":"Jornal Fatos e Not\u00edcias","article_published_time":"2021-05-26T14:06:50+00:00","article_modified_time":"2021-05-26T14:06:55+00:00","og_image":[{"width":1000,"height":562,"url":"https:\/\/jornalfatosenoticias.com.br\/wp-content\/uploads\/2021\/05\/dracula_de-Bram-Stoker.jpg","type":"image\/jpeg"}],"author":"Luzimara Fernandes","twitter_card":"summary_large_image","twitter_misc":{"Escrito por":"Luzimara Fernandes","Est. tempo de leitura":"3 minutos"},"schema":{"@context":"https:\/\/schema.org","@graph":[{"@type":"Article","@id":"https:\/\/jornalfatosenoticias.com.br\/index.php\/2021\/05\/26\/ha-124-anos-bram-stoker-lancava-o-classico-dracula\/#article","isPartOf":{"@id":"https:\/\/jornalfatosenoticias.com.br\/index.php\/2021\/05\/26\/ha-124-anos-bram-stoker-lancava-o-classico-dracula\/"},"author":{"name":"Luzimara Fernandes","@id":"https:\/\/jornalfatosenoticias.com.br\/#\/schema\/person\/d63837fa13ac8666eb9e74e0985d6f81"},"headline":"H\u00e1 124 anos, Bram Stoker lan\u00e7ava o cl\u00e1ssico Dr\u00e1cula","datePublished":"2021-05-26T14:06:50+00:00","dateModified":"2021-05-26T14:06:55+00:00","mainEntityOfPage":{"@id":"https:\/\/jornalfatosenoticias.com.br\/index.php\/2021\/05\/26\/ha-124-anos-bram-stoker-lancava-o-classico-dracula\/"},"wordCount":667,"commentCount":0,"publisher":{"@id":"https:\/\/jornalfatosenoticias.com.br\/#organization"},"image":{"@id":"https:\/\/jornalfatosenoticias.com.br\/index.php\/2021\/05\/26\/ha-124-anos-bram-stoker-lancava-o-classico-dracula\/#primaryimage"},"thumbnailUrl":"https:\/\/jornalfatosenoticias.com.br\/wp-content\/uploads\/2021\/05\/dracula_de-Bram-Stoker.jpg","keywords":["Bram Stoker","cl\u00e1ssico","cultura","dr\u00e1cula","filme","literatura","livro","obra","terror"],"articleSection":["Cultura"],"inLanguage":"pt-BR","potentialAction":[{"@type":"CommentAction","name":"Comment","target":["https:\/\/jornalfatosenoticias.com.br\/index.php\/2021\/05\/26\/ha-124-anos-bram-stoker-lancava-o-classico-dracula\/#respond"]}]},{"@type":"WebPage","@id":"https:\/\/jornalfatosenoticias.com.br\/index.php\/2021\/05\/26\/ha-124-anos-bram-stoker-lancava-o-classico-dracula\/","url":"https:\/\/jornalfatosenoticias.com.br\/index.php\/2021\/05\/26\/ha-124-anos-bram-stoker-lancava-o-classico-dracula\/","name":"H\u00e1 124 anos, Bram Stoker lan\u00e7ava o cl\u00e1ssico Dr\u00e1cula - Jornal Fatos e Not\u00edcias","isPartOf":{"@id":"https:\/\/jornalfatosenoticias.com.br\/#website"},"primaryImageOfPage":{"@id":"https:\/\/jornalfatosenoticias.com.br\/index.php\/2021\/05\/26\/ha-124-anos-bram-stoker-lancava-o-classico-dracula\/#primaryimage"},"image":{"@id":"https:\/\/jornalfatosenoticias.com.br\/index.php\/2021\/05\/26\/ha-124-anos-bram-stoker-lancava-o-classico-dracula\/#primaryimage"},"thumbnailUrl":"https:\/\/jornalfatosenoticias.com.br\/wp-content\/uploads\/2021\/05\/dracula_de-Bram-Stoker.jpg","datePublished":"2021-05-26T14:06:50+00:00","dateModified":"2021-05-26T14:06:55+00:00","breadcrumb":{"@id":"https:\/\/jornalfatosenoticias.com.br\/index.php\/2021\/05\/26\/ha-124-anos-bram-stoker-lancava-o-classico-dracula\/#breadcrumb"},"inLanguage":"pt-BR","potentialAction":[{"@type":"ReadAction","target":["https:\/\/jornalfatosenoticias.com.br\/index.php\/2021\/05\/26\/ha-124-anos-bram-stoker-lancava-o-classico-dracula\/"]}]},{"@type":"ImageObject","inLanguage":"pt-BR","@id":"https:\/\/jornalfatosenoticias.com.br\/index.php\/2021\/05\/26\/ha-124-anos-bram-stoker-lancava-o-classico-dracula\/#primaryimage","url":"https:\/\/jornalfatosenoticias.com.br\/wp-content\/uploads\/2021\/05\/dracula_de-Bram-Stoker.jpg","contentUrl":"https:\/\/jornalfatosenoticias.com.br\/wp-content\/uploads\/2021\/05\/dracula_de-Bram-Stoker.jpg","width":1000,"height":562},{"@type":"BreadcrumbList","@id":"https:\/\/jornalfatosenoticias.com.br\/index.php\/2021\/05\/26\/ha-124-anos-bram-stoker-lancava-o-classico-dracula\/#breadcrumb","itemListElement":[{"@type":"ListItem","position":1,"name":"In\u00edcio","item":"https:\/\/jornalfatosenoticias.com.br\/"},{"@type":"ListItem","position":2,"name":"H\u00e1 124 anos, Bram Stoker lan\u00e7ava o cl\u00e1ssico Dr\u00e1cula"}]},{"@type":"WebSite","@id":"https:\/\/jornalfatosenoticias.com.br\/#website","url":"https:\/\/jornalfatosenoticias.com.br\/","name":"Jornal Fatos e Not\u00edcias","description":"Not\u00edcias em geral","publisher":{"@id":"https:\/\/jornalfatosenoticias.com.br\/#organization"},"potentialAction":[{"@type":"SearchAction","target":{"@type":"EntryPoint","urlTemplate":"https:\/\/jornalfatosenoticias.com.br\/?s={search_term_string}"},"query-input":{"@type":"PropertyValueSpecification","valueRequired":true,"valueName":"search_term_string"}}],"inLanguage":"pt-BR"},{"@type":"Organization","@id":"https:\/\/jornalfatosenoticias.com.br\/#organization","name":"Jornal Fatos e Not\u00edcias","url":"https:\/\/jornalfatosenoticias.com.br\/","logo":{"@type":"ImageObject","inLanguage":"pt-BR","@id":"https:\/\/jornalfatosenoticias.com.br\/#\/schema\/logo\/image\/","url":"https:\/\/jornalfatosenoticias.com.br\/wp-content\/uploads\/2020\/02\/logo120.png","contentUrl":"https:\/\/jornalfatosenoticias.com.br\/wp-content\/uploads\/2020\/02\/logo120.png","width":1227,"height":120,"caption":"Jornal Fatos e Not\u00edcias"},"image":{"@id":"https:\/\/jornalfatosenoticias.com.br\/#\/schema\/logo\/image\/"}},{"@type":"Person","@id":"https:\/\/jornalfatosenoticias.com.br\/#\/schema\/person\/d63837fa13ac8666eb9e74e0985d6f81","name":"Luzimara Fernandes","image":{"@type":"ImageObject","inLanguage":"pt-BR","@id":"https:\/\/jornalfatosenoticias.com.br\/#\/schema\/person\/image\/","url":"https:\/\/jornalfatosenoticias.com.br\/wp-content\/uploads\/2025\/05\/EU_portal.jpg","contentUrl":"https:\/\/jornalfatosenoticias.com.br\/wp-content\/uploads\/2025\/05\/EU_portal.jpg","caption":"Luzimara Fernandes"},"description":"Jornalista MTB 2358-ES","sameAs":["https:\/\/jornalfatosenoticias.com.br"],"url":"https:\/\/jornalfatosenoticias.com.br\/index.php\/author\/luzimara\/"}]}},"cc_featured_image_caption":{"caption_text":"(Foto: Divulga\u00e7\u00e3o\/Universal Pictures)","source_text":"","source_url":""},"jetpack_featured_media_url":"https:\/\/jornalfatosenoticias.com.br\/wp-content\/uploads\/2021\/05\/dracula_de-Bram-Stoker.jpg","_links":{"self":[{"href":"https:\/\/jornalfatosenoticias.com.br\/index.php\/wp-json\/wp\/v2\/posts\/18602","targetHints":{"allow":["GET"]}}],"collection":[{"href":"https:\/\/jornalfatosenoticias.com.br\/index.php\/wp-json\/wp\/v2\/posts"}],"about":[{"href":"https:\/\/jornalfatosenoticias.com.br\/index.php\/wp-json\/wp\/v2\/types\/post"}],"author":[{"embeddable":true,"href":"https:\/\/jornalfatosenoticias.com.br\/index.php\/wp-json\/wp\/v2\/users\/2"}],"replies":[{"embeddable":true,"href":"https:\/\/jornalfatosenoticias.com.br\/index.php\/wp-json\/wp\/v2\/comments?post=18602"}],"version-history":[{"count":0,"href":"https:\/\/jornalfatosenoticias.com.br\/index.php\/wp-json\/wp\/v2\/posts\/18602\/revisions"}],"wp:featuredmedia":[{"embeddable":true,"href":"https:\/\/jornalfatosenoticias.com.br\/index.php\/wp-json\/wp\/v2\/media\/18606"}],"wp:attachment":[{"href":"https:\/\/jornalfatosenoticias.com.br\/index.php\/wp-json\/wp\/v2\/media?parent=18602"}],"wp:term":[{"taxonomy":"category","embeddable":true,"href":"https:\/\/jornalfatosenoticias.com.br\/index.php\/wp-json\/wp\/v2\/categories?post=18602"},{"taxonomy":"post_tag","embeddable":true,"href":"https:\/\/jornalfatosenoticias.com.br\/index.php\/wp-json\/wp\/v2\/tags?post=18602"}],"curies":[{"name":"wp","href":"https:\/\/api.w.org\/{rel}","templated":true}]}}