{"id":18642,"date":"2021-05-27T16:48:55","date_gmt":"2021-05-27T19:48:55","guid":{"rendered":"https:\/\/jornalfatosenoticias.com.br\/?p=18642"},"modified":"2021-05-27T16:48:58","modified_gmt":"2021-05-27T19:48:58","slug":"salada-de-atum-pratica-e-saborosa","status":"publish","type":"post","link":"https:\/\/jornalfatosenoticias.com.br\/index.php\/2021\/05\/27\/salada-de-atum-pratica-e-saborosa\/","title":{"rendered":"Salada de atum pr\u00e1tica e saborosa"},"content":{"rendered":"\n<p>Varie a salada tradicional do dia a dia com uma deliciosa salada de atum pr\u00e1tica. O preparo \u00e9 muito simples e leva apenas 10 minutinhos para ficar pronta!<\/p>\n\n\n\n<p><strong><span class=\"has-inline-color has-black-color\">Ingredientes<br><\/span><\/strong>10 ovos de codorna cozidos e cortados no meio<br>1 beterraba ralada<br>1 abobrinha ralada<br>2 tomates sem sementes picados<br>2 x\u00edcaras (ch\u00e1) de queijo mu\u00e7arela picado<br>2 latas de atum s\u00f3lido escorrido<\/p>\n\n\n\n<p><strong><span class=\"has-inline-color has-black-color\">Molho<br><\/span><\/strong>\u00bd x\u00edcara (ch\u00e1) de azeite<br>2 colheres (sopa) de vinagre<br>\u00bd x\u00edcara (ch\u00e1) de hortel\u00e3 picada<br>Sal a gosto<\/p>\n\n\n\n<p><strong><span class=\"has-inline-color has-black-color\">Modo de preparo<br><\/span><\/strong>Para o molho, misture todos os ingredientes em uma tigela e reserve. Em uma travessa, disponha o ovo de codorna, a beterraba, a abobrinha, o tomate, a mu\u00e7arela e o atum. Sirva regada pelo molho.<\/p>\n\n\n\n<p><strong><em>Fonte: <a href=\"https:\/\/www.terra.com.br\/vida-e-estilo\/culinaria\/guia-da-cozinha\/salada-de-atum-pratica-e-saborosa,b1e01f4ac1e1ee7a31338acc7bd5683ap3nwlpxk.html\">Terra<\/a><\/em><\/strong><\/p>\n","protected":false},"excerpt":{"rendered":"<p>Varie a salada tradicional do dia a dia com uma deliciosa salada de atum pr\u00e1tica. O preparo \u00e9 muito simples e leva apenas 10 minutinhos para ficar pronta! Ingredientes10 ovos de codorna cozidos e cortados no meio1 beterraba ralada1 abobrinha ralada2 tomates sem sementes picados2 x\u00edcaras (ch\u00e1) de queijo mu\u00e7arela picado2 latas de atum s\u00f3lido [&hellip;]<\/p>\n","protected":false},"author":10,"featured_media":18643,"comment_status":"open","ping_status":"open","sticky":false,"template":"","format":"standard","meta":{"footnotes":""},"categories":[42],"tags":[3924,9202,552,9201],"class_list":["post-18642","post","type-post","status-publish","format-standard","has-post-thumbnail","hentry","category-bem-estar","tag-pratica","tag-saboro","tag-salada","tag-salada-de-atum"],"yoast_head":"<!-- This site is optimized with the Yoast SEO plugin v26.5 - https:\/\/yoast.com\/wordpress\/plugins\/seo\/ -->\n<title>Salada de atum pr\u00e1tica e saborosa - Jornal Fatos e Not\u00edcias<\/title>\n<meta name=\"robots\" content=\"index, follow, max-snippet:-1, max-image-preview:large, max-video-preview:-1\" \/>\n<link rel=\"canonical\" href=\"https:\/\/jornalfatosenoticias.com.br\/index.php\/2021\/05\/27\/salada-de-atum-pratica-e-saborosa\/\" \/>\n<meta property=\"og:locale\" content=\"pt_BR\" \/>\n<meta property=\"og:type\" content=\"article\" \/>\n<meta property=\"og:title\" content=\"Salada de atum pr\u00e1tica e saborosa - Jornal Fatos e Not\u00edcias\" \/>\n<meta property=\"og:description\" content=\"Varie a salada tradicional do dia a dia com uma deliciosa salada de atum pr\u00e1tica. O preparo \u00e9 muito simples e leva apenas 10 minutinhos para ficar pronta! Ingredientes10 ovos de codorna cozidos e cortados no meio1 beterraba ralada1 abobrinha ralada2 tomates sem sementes picados2 x\u00edcaras (ch\u00e1) de queijo mu\u00e7arela picado2 latas de atum s\u00f3lido [&hellip;]\" \/>\n<meta property=\"og:url\" content=\"https:\/\/jornalfatosenoticias.com.br\/index.php\/2021\/05\/27\/salada-de-atum-pratica-e-saborosa\/\" \/>\n<meta property=\"og:site_name\" content=\"Jornal Fatos e Not\u00edcias\" \/>\n<meta property=\"article:published_time\" content=\"2021-05-27T19:48:55+00:00\" \/>\n<meta property=\"article:modified_time\" content=\"2021-05-27T19:48:58+00:00\" \/>\n<meta property=\"og:image\" content=\"https:\/\/jornalfatosenoticias.com.br\/wp-content\/uploads\/2021\/05\/salada-de-atum-pratica.jpg\" \/>\n\t<meta property=\"og:image:width\" content=\"1000\" \/>\n\t<meta property=\"og:image:height\" content=\"666\" \/>\n\t<meta property=\"og:image:type\" content=\"image\/jpeg\" \/>\n<meta name=\"author\" content=\"Gabriela Messner Aresi Oliveira\" \/>\n<meta name=\"twitter:card\" content=\"summary_large_image\" \/>\n<meta name=\"twitter:label1\" content=\"Escrito por\" \/>\n\t<meta name=\"twitter:data1\" content=\"Gabriela Messner Aresi Oliveira\" \/>\n\t<meta name=\"twitter:label2\" content=\"Est. tempo de leitura\" \/>\n\t<meta name=\"twitter:data2\" content=\"1 minuto\" \/>\n<script type=\"application\/ld+json\" class=\"yoast-schema-graph\">{\"@context\":\"https:\/\/schema.org\",\"@graph\":[{\"@type\":\"Article\",\"@id\":\"https:\/\/jornalfatosenoticias.com.br\/index.php\/2021\/05\/27\/salada-de-atum-pratica-e-saborosa\/#article\",\"isPartOf\":{\"@id\":\"https:\/\/jornalfatosenoticias.com.br\/index.php\/2021\/05\/27\/salada-de-atum-pratica-e-saborosa\/\"},\"author\":{\"name\":\"Gabriela Messner Aresi Oliveira\",\"@id\":\"https:\/\/jornalfatosenoticias.com.br\/#\/schema\/person\/8e0fe72f7a2b1f60eecd0c7d1dc4d8f1\"},\"headline\":\"Salada de atum pr\u00e1tica e saborosa\",\"datePublished\":\"2021-05-27T19:48:55+00:00\",\"dateModified\":\"2021-05-27T19:48:58+00:00\",\"mainEntityOfPage\":{\"@id\":\"https:\/\/jornalfatosenoticias.com.br\/index.php\/2021\/05\/27\/salada-de-atum-pratica-e-saborosa\/\"},\"wordCount\":124,\"commentCount\":0,\"publisher\":{\"@id\":\"https:\/\/jornalfatosenoticias.com.br\/#organization\"},\"image\":{\"@id\":\"https:\/\/jornalfatosenoticias.com.br\/index.php\/2021\/05\/27\/salada-de-atum-pratica-e-saborosa\/#primaryimage\"},\"thumbnailUrl\":\"https:\/\/jornalfatosenoticias.com.br\/wp-content\/uploads\/2021\/05\/salada-de-atum-pratica.jpg\",\"keywords\":[\"pr\u00e1tica\",\"saboro\",\"salada\",\"salada de atum\"],\"articleSection\":[\"Bem-estar\"],\"inLanguage\":\"pt-BR\",\"potentialAction\":[{\"@type\":\"CommentAction\",\"name\":\"Comment\",\"target\":[\"https:\/\/jornalfatosenoticias.com.br\/index.php\/2021\/05\/27\/salada-de-atum-pratica-e-saborosa\/#respond\"]}]},{\"@type\":\"WebPage\",\"@id\":\"https:\/\/jornalfatosenoticias.com.br\/index.php\/2021\/05\/27\/salada-de-atum-pratica-e-saborosa\/\",\"url\":\"https:\/\/jornalfatosenoticias.com.br\/index.php\/2021\/05\/27\/salada-de-atum-pratica-e-saborosa\/\",\"name\":\"Salada de atum pr\u00e1tica e saborosa - Jornal Fatos e Not\u00edcias\",\"isPartOf\":{\"@id\":\"https:\/\/jornalfatosenoticias.com.br\/#website\"},\"primaryImageOfPage\":{\"@id\":\"https:\/\/jornalfatosenoticias.com.br\/index.php\/2021\/05\/27\/salada-de-atum-pratica-e-saborosa\/#primaryimage\"},\"image\":{\"@id\":\"https:\/\/jornalfatosenoticias.com.br\/index.php\/2021\/05\/27\/salada-de-atum-pratica-e-saborosa\/#primaryimage\"},\"thumbnailUrl\":\"https:\/\/jornalfatosenoticias.com.br\/wp-content\/uploads\/2021\/05\/salada-de-atum-pratica.jpg\",\"datePublished\":\"2021-05-27T19:48:55+00:00\",\"dateModified\":\"2021-05-27T19:48:58+00:00\",\"breadcrumb\":{\"@id\":\"https:\/\/jornalfatosenoticias.com.br\/index.php\/2021\/05\/27\/salada-de-atum-pratica-e-saborosa\/#breadcrumb\"},\"inLanguage\":\"pt-BR\",\"potentialAction\":[{\"@type\":\"ReadAction\",\"target\":[\"https:\/\/jornalfatosenoticias.com.br\/index.php\/2021\/05\/27\/salada-de-atum-pratica-e-saborosa\/\"]}]},{\"@type\":\"ImageObject\",\"inLanguage\":\"pt-BR\",\"@id\":\"https:\/\/jornalfatosenoticias.com.br\/index.php\/2021\/05\/27\/salada-de-atum-pratica-e-saborosa\/#primaryimage\",\"url\":\"https:\/\/jornalfatosenoticias.com.br\/wp-content\/uploads\/2021\/05\/salada-de-atum-pratica.jpg\",\"contentUrl\":\"https:\/\/jornalfatosenoticias.com.br\/wp-content\/uploads\/2021\/05\/salada-de-atum-pratica.jpg\",\"width\":1000,\"height\":666},{\"@type\":\"BreadcrumbList\",\"@id\":\"https:\/\/jornalfatosenoticias.com.br\/index.php\/2021\/05\/27\/salada-de-atum-pratica-e-saborosa\/#breadcrumb\",\"itemListElement\":[{\"@type\":\"ListItem\",\"position\":1,\"name\":\"In\u00edcio\",\"item\":\"https:\/\/jornalfatosenoticias.com.br\/\"},{\"@type\":\"ListItem\",\"position\":2,\"name\":\"Salada de atum pr\u00e1tica e saborosa\"}]},{\"@type\":\"WebSite\",\"@id\":\"https:\/\/jornalfatosenoticias.com.br\/#website\",\"url\":\"https:\/\/jornalfatosenoticias.com.br\/\",\"name\":\"Jornal Fatos e Not\u00edcias\",\"description\":\"Not\u00edcias em geral\",\"publisher\":{\"@id\":\"https:\/\/jornalfatosenoticias.com.br\/#organization\"},\"potentialAction\":[{\"@type\":\"SearchAction\",\"target\":{\"@type\":\"EntryPoint\",\"urlTemplate\":\"https:\/\/jornalfatosenoticias.com.br\/?s={search_term_string}\"},\"query-input\":{\"@type\":\"PropertyValueSpecification\",\"valueRequired\":true,\"valueName\":\"search_term_string\"}}],\"inLanguage\":\"pt-BR\"},{\"@type\":\"Organization\",\"@id\":\"https:\/\/jornalfatosenoticias.com.br\/#organization\",\"name\":\"Jornal Fatos e Not\u00edcias\",\"url\":\"https:\/\/jornalfatosenoticias.com.br\/\",\"logo\":{\"@type\":\"ImageObject\",\"inLanguage\":\"pt-BR\",\"@id\":\"https:\/\/jornalfatosenoticias.com.br\/#\/schema\/logo\/image\/\",\"url\":\"https:\/\/jornalfatosenoticias.com.br\/wp-content\/uploads\/2020\/02\/logo120.png\",\"contentUrl\":\"https:\/\/jornalfatosenoticias.com.br\/wp-content\/uploads\/2020\/02\/logo120.png\",\"width\":1227,\"height\":120,\"caption\":\"Jornal Fatos e Not\u00edcias\"},\"image\":{\"@id\":\"https:\/\/jornalfatosenoticias.com.br\/#\/schema\/logo\/image\/\"}},{\"@type\":\"Person\",\"@id\":\"https:\/\/jornalfatosenoticias.com.br\/#\/schema\/person\/8e0fe72f7a2b1f60eecd0c7d1dc4d8f1\",\"name\":\"Gabriela Messner Aresi Oliveira\",\"image\":{\"@type\":\"ImageObject\",\"inLanguage\":\"pt-BR\",\"@id\":\"https:\/\/jornalfatosenoticias.com.br\/#\/schema\/person\/image\/\",\"url\":\"https:\/\/jornalfatosenoticias.com.br\/wp-content\/uploads\/2020\/03\/Gabriela-messner-150x150.jpg\",\"contentUrl\":\"https:\/\/jornalfatosenoticias.com.br\/wp-content\/uploads\/2020\/03\/Gabriela-messner-150x150.jpg\",\"caption\":\"Gabriela Messner Aresi Oliveira\"},\"url\":\"https:\/\/jornalfatosenoticias.com.br\/index.php\/author\/gabriela\/\"}]}<\/script>\n<!-- \/ Yoast SEO plugin. -->","yoast_head_json":{"title":"Salada de atum pr\u00e1tica e saborosa - Jornal Fatos e Not\u00edcias","robots":{"index":"index","follow":"follow","max-snippet":"max-snippet:-1","max-image-preview":"max-image-preview:large","max-video-preview":"max-video-preview:-1"},"canonical":"https:\/\/jornalfatosenoticias.com.br\/index.php\/2021\/05\/27\/salada-de-atum-pratica-e-saborosa\/","og_locale":"pt_BR","og_type":"article","og_title":"Salada de atum pr\u00e1tica e saborosa - Jornal Fatos e Not\u00edcias","og_description":"Varie a salada tradicional do dia a dia com uma deliciosa salada de atum pr\u00e1tica. O preparo \u00e9 muito simples e leva apenas 10 minutinhos para ficar pronta! Ingredientes10 ovos de codorna cozidos e cortados no meio1 beterraba ralada1 abobrinha ralada2 tomates sem sementes picados2 x\u00edcaras (ch\u00e1) de queijo mu\u00e7arela picado2 latas de atum s\u00f3lido [&hellip;]","og_url":"https:\/\/jornalfatosenoticias.com.br\/index.php\/2021\/05\/27\/salada-de-atum-pratica-e-saborosa\/","og_site_name":"Jornal Fatos e Not\u00edcias","article_published_time":"2021-05-27T19:48:55+00:00","article_modified_time":"2021-05-27T19:48:58+00:00","og_image":[{"width":1000,"height":666,"url":"https:\/\/jornalfatosenoticias.com.br\/wp-content\/uploads\/2021\/05\/salada-de-atum-pratica.jpg","type":"image\/jpeg"}],"author":"Gabriela Messner Aresi Oliveira","twitter_card":"summary_large_image","twitter_misc":{"Escrito por":"Gabriela Messner Aresi Oliveira","Est. tempo de leitura":"1 minuto"},"schema":{"@context":"https:\/\/schema.org","@graph":[{"@type":"Article","@id":"https:\/\/jornalfatosenoticias.com.br\/index.php\/2021\/05\/27\/salada-de-atum-pratica-e-saborosa\/#article","isPartOf":{"@id":"https:\/\/jornalfatosenoticias.com.br\/index.php\/2021\/05\/27\/salada-de-atum-pratica-e-saborosa\/"},"author":{"name":"Gabriela Messner Aresi Oliveira","@id":"https:\/\/jornalfatosenoticias.com.br\/#\/schema\/person\/8e0fe72f7a2b1f60eecd0c7d1dc4d8f1"},"headline":"Salada de atum pr\u00e1tica e saborosa","datePublished":"2021-05-27T19:48:55+00:00","dateModified":"2021-05-27T19:48:58+00:00","mainEntityOfPage":{"@id":"https:\/\/jornalfatosenoticias.com.br\/index.php\/2021\/05\/27\/salada-de-atum-pratica-e-saborosa\/"},"wordCount":124,"commentCount":0,"publisher":{"@id":"https:\/\/jornalfatosenoticias.com.br\/#organization"},"image":{"@id":"https:\/\/jornalfatosenoticias.com.br\/index.php\/2021\/05\/27\/salada-de-atum-pratica-e-saborosa\/#primaryimage"},"thumbnailUrl":"https:\/\/jornalfatosenoticias.com.br\/wp-content\/uploads\/2021\/05\/salada-de-atum-pratica.jpg","keywords":["pr\u00e1tica","saboro","salada","salada de atum"],"articleSection":["Bem-estar"],"inLanguage":"pt-BR","potentialAction":[{"@type":"CommentAction","name":"Comment","target":["https:\/\/jornalfatosenoticias.com.br\/index.php\/2021\/05\/27\/salada-de-atum-pratica-e-saborosa\/#respond"]}]},{"@type":"WebPage","@id":"https:\/\/jornalfatosenoticias.com.br\/index.php\/2021\/05\/27\/salada-de-atum-pratica-e-saborosa\/","url":"https:\/\/jornalfatosenoticias.com.br\/index.php\/2021\/05\/27\/salada-de-atum-pratica-e-saborosa\/","name":"Salada de atum pr\u00e1tica e saborosa - Jornal Fatos e Not\u00edcias","isPartOf":{"@id":"https:\/\/jornalfatosenoticias.com.br\/#website"},"primaryImageOfPage":{"@id":"https:\/\/jornalfatosenoticias.com.br\/index.php\/2021\/05\/27\/salada-de-atum-pratica-e-saborosa\/#primaryimage"},"image":{"@id":"https:\/\/jornalfatosenoticias.com.br\/index.php\/2021\/05\/27\/salada-de-atum-pratica-e-saborosa\/#primaryimage"},"thumbnailUrl":"https:\/\/jornalfatosenoticias.com.br\/wp-content\/uploads\/2021\/05\/salada-de-atum-pratica.jpg","datePublished":"2021-05-27T19:48:55+00:00","dateModified":"2021-05-27T19:48:58+00:00","breadcrumb":{"@id":"https:\/\/jornalfatosenoticias.com.br\/index.php\/2021\/05\/27\/salada-de-atum-pratica-e-saborosa\/#breadcrumb"},"inLanguage":"pt-BR","potentialAction":[{"@type":"ReadAction","target":["https:\/\/jornalfatosenoticias.com.br\/index.php\/2021\/05\/27\/salada-de-atum-pratica-e-saborosa\/"]}]},{"@type":"ImageObject","inLanguage":"pt-BR","@id":"https:\/\/jornalfatosenoticias.com.br\/index.php\/2021\/05\/27\/salada-de-atum-pratica-e-saborosa\/#primaryimage","url":"https:\/\/jornalfatosenoticias.com.br\/wp-content\/uploads\/2021\/05\/salada-de-atum-pratica.jpg","contentUrl":"https:\/\/jornalfatosenoticias.com.br\/wp-content\/uploads\/2021\/05\/salada-de-atum-pratica.jpg","width":1000,"height":666},{"@type":"BreadcrumbList","@id":"https:\/\/jornalfatosenoticias.com.br\/index.php\/2021\/05\/27\/salada-de-atum-pratica-e-saborosa\/#breadcrumb","itemListElement":[{"@type":"ListItem","position":1,"name":"In\u00edcio","item":"https:\/\/jornalfatosenoticias.com.br\/"},{"@type":"ListItem","position":2,"name":"Salada de atum pr\u00e1tica e saborosa"}]},{"@type":"WebSite","@id":"https:\/\/jornalfatosenoticias.com.br\/#website","url":"https:\/\/jornalfatosenoticias.com.br\/","name":"Jornal Fatos e Not\u00edcias","description":"Not\u00edcias em geral","publisher":{"@id":"https:\/\/jornalfatosenoticias.com.br\/#organization"},"potentialAction":[{"@type":"SearchAction","target":{"@type":"EntryPoint","urlTemplate":"https:\/\/jornalfatosenoticias.com.br\/?s={search_term_string}"},"query-input":{"@type":"PropertyValueSpecification","valueRequired":true,"valueName":"search_term_string"}}],"inLanguage":"pt-BR"},{"@type":"Organization","@id":"https:\/\/jornalfatosenoticias.com.br\/#organization","name":"Jornal Fatos e Not\u00edcias","url":"https:\/\/jornalfatosenoticias.com.br\/","logo":{"@type":"ImageObject","inLanguage":"pt-BR","@id":"https:\/\/jornalfatosenoticias.com.br\/#\/schema\/logo\/image\/","url":"https:\/\/jornalfatosenoticias.com.br\/wp-content\/uploads\/2020\/02\/logo120.png","contentUrl":"https:\/\/jornalfatosenoticias.com.br\/wp-content\/uploads\/2020\/02\/logo120.png","width":1227,"height":120,"caption":"Jornal Fatos e Not\u00edcias"},"image":{"@id":"https:\/\/jornalfatosenoticias.com.br\/#\/schema\/logo\/image\/"}},{"@type":"Person","@id":"https:\/\/jornalfatosenoticias.com.br\/#\/schema\/person\/8e0fe72f7a2b1f60eecd0c7d1dc4d8f1","name":"Gabriela Messner Aresi Oliveira","image":{"@type":"ImageObject","inLanguage":"pt-BR","@id":"https:\/\/jornalfatosenoticias.com.br\/#\/schema\/person\/image\/","url":"https:\/\/jornalfatosenoticias.com.br\/wp-content\/uploads\/2020\/03\/Gabriela-messner-150x150.jpg","contentUrl":"https:\/\/jornalfatosenoticias.com.br\/wp-content\/uploads\/2020\/03\/Gabriela-messner-150x150.jpg","caption":"Gabriela Messner Aresi Oliveira"},"url":"https:\/\/jornalfatosenoticias.com.br\/index.php\/author\/gabriela\/"}]}},"cc_featured_image_caption":{"caption_text":"(Foto: Guia da Cozinha) ","source_text":"","source_url":""},"jetpack_featured_media_url":"https:\/\/jornalfatosenoticias.com.br\/wp-content\/uploads\/2021\/05\/salada-de-atum-pratica.jpg","_links":{"self":[{"href":"https:\/\/jornalfatosenoticias.com.br\/index.php\/wp-json\/wp\/v2\/posts\/18642","targetHints":{"allow":["GET"]}}],"collection":[{"href":"https:\/\/jornalfatosenoticias.com.br\/index.php\/wp-json\/wp\/v2\/posts"}],"about":[{"href":"https:\/\/jornalfatosenoticias.com.br\/index.php\/wp-json\/wp\/v2\/types\/post"}],"author":[{"embeddable":true,"href":"https:\/\/jornalfatosenoticias.com.br\/index.php\/wp-json\/wp\/v2\/users\/10"}],"replies":[{"embeddable":true,"href":"https:\/\/jornalfatosenoticias.com.br\/index.php\/wp-json\/wp\/v2\/comments?post=18642"}],"version-history":[{"count":0,"href":"https:\/\/jornalfatosenoticias.com.br\/index.php\/wp-json\/wp\/v2\/posts\/18642\/revisions"}],"wp:featuredmedia":[{"embeddable":true,"href":"https:\/\/jornalfatosenoticias.com.br\/index.php\/wp-json\/wp\/v2\/media\/18643"}],"wp:attachment":[{"href":"https:\/\/jornalfatosenoticias.com.br\/index.php\/wp-json\/wp\/v2\/media?parent=18642"}],"wp:term":[{"taxonomy":"category","embeddable":true,"href":"https:\/\/jornalfatosenoticias.com.br\/index.php\/wp-json\/wp\/v2\/categories?post=18642"},{"taxonomy":"post_tag","embeddable":true,"href":"https:\/\/jornalfatosenoticias.com.br\/index.php\/wp-json\/wp\/v2\/tags?post=18642"}],"curies":[{"name":"wp","href":"https:\/\/api.w.org\/{rel}","templated":true}]}}