{"id":18645,"date":"2021-05-27T16:53:14","date_gmt":"2021-05-27T19:53:14","guid":{"rendered":"https:\/\/jornalfatosenoticias.com.br\/?p=18645"},"modified":"2021-05-27T16:53:16","modified_gmt":"2021-05-27T19:53:16","slug":"iniciativa-recupera-florestas-de-mangue-degradadas","status":"publish","type":"post","link":"https:\/\/jornalfatosenoticias.com.br\/index.php\/2021\/05\/27\/iniciativa-recupera-florestas-de-mangue-degradadas\/","title":{"rendered":"Iniciativa recupera florestas de mangue degradadas"},"content":{"rendered":"\n<p><em><span class=\"has-inline-color has-black-color\">O projeto prev\u00ea recupera\u00e7\u00e3o de 12 hectares de manguezais j\u00e1 impactados, incluindo oferta de assist\u00eancia t\u00e9cnica e engajamento social, beneficiando diretamente em torno de 1,6 mil pessoas<\/span><\/em><\/p>\n\n\n\n<p>Com cerca de oito mil quil\u00f4metros quadrados de vegeta\u00e7\u00e3o nativa na zona costeira do Par\u00e1, Maranh\u00e3o e Amap\u00e1, os manguezais da Amaz\u00f4nia representam a maior faixa cont\u00ednua desse ecossistema em todo o mundo. E constituem campo f\u00e9rtil para o casamento entre a ci\u00eancia e o conhecimento tradicional, com o desenvolvimento de pesquisas acad\u00eamicas capazes de resultar no uso sustent\u00e1vel pelas popula\u00e7\u00f5es que dependem desse ambiente nas atividades de renda, cultura e lazer.<br>No Par\u00e1, florestas de mangue em locais j\u00e1 degradados come\u00e7aram a ser recuperadas, com a contribui\u00e7\u00e3o da ci\u00eancia, pelas a\u00e7\u00f5es do projeto \u201cMangues da Amaz\u00f4nia\u201d \u2014 iniciativa realizada pelo Instituto Peabiru e pela Associa\u00e7\u00e3o Sarambu\u00ed, em parceria com o Laborat\u00f3rio de Ecologia de Manguezal (Lama), da Universidade Federal do Par\u00e1 (UFPA), com patroc\u00ednio da Petrobras, atrav\u00e9s do Programa Petrobras Socioambiental.<br>\u201cNa Amaz\u00f4nia, os manguezais, ber\u00e7o da biodiversidade marinha e fonte de renda \u00e0 pesca e extrativismo, est\u00e3o em bom n\u00edvel de conserva\u00e7\u00e3o comparativamente aos do Nordeste e Sudeste\u201d, afirma o pesquisador Marcus Fernandes, coordenador do Lama. No entanto, h\u00e1 riscos como a retirada de madeira sem crit\u00e9rios ambientais, al\u00e9m da captura predat\u00f3ria de caranguejo e press\u00f5es do desmatamento e queimadas em terra firme do entorno.<\/p>\n\n\n\n<p><strong><span class=\"has-inline-color has-vivid-green-cyan-color\">Recupera\u00e7\u00e3o<br><\/span><\/strong>O projeto prev\u00ea recupera\u00e7\u00e3o de 12 hectares de manguezais j\u00e1 impactados, incluindo oferta de assist\u00eancia t\u00e9cnica e engajamento social, beneficiando diretamente em torno de 1,6 mil pessoas, entre os 6 mil comunit\u00e1rios mobilizados em tr\u00eas reservas extrativistas dos munic\u00edpios de Augusto Corr\u00eaa, Bragan\u00e7a e Tracuateua, no Par\u00e1. Em dois anos, o plano \u00e9 realizar o plantio de 60 mil mudas das tr\u00eas esp\u00e9cies de \u00e1rvores de mangue dominantes na regi\u00e3o, com constru\u00e7\u00e3o de viveiro e monitoramento.<br>Em paralelo, ser\u00e3o desenvolvidas pesquisas cient\u00edficas em diferentes campos, com destaque para os estudos destinados a preencher lacunas no conhecimento sobre o papel dos manguezais nas mudan\u00e7as clim\u00e1ticas. \u201cQueremos entender como o reflorestamento de \u00e1reas degradadas influencia o balan\u00e7o de carbono\u201d, revela Fernandes, ao lembrar que, em geral, os manguezais da Amaz\u00f4nia ret\u00eam grande quantidade de mat\u00e9ria org\u00e2nica no solo e biomassa das \u00e1rvores, de porte bem mais alto em compara\u00e7\u00e3o \u00e0s demais regi\u00f5es do Pa\u00eds.<br>\u201cQueremos dar visibilidade a essas \u00e1reas amaz\u00f4nicas com base na ci\u00eancia, fortalecendo a organiza\u00e7\u00e3o social e a qualidade de vida de comunidades locais, guardi\u00e3s dos mangues como fonte de seguran\u00e7a alimentar e renda\u201d, afirma Jo\u00e3o Meirelles Filho, diretor do Instituto Peabiru, em Bel\u00e9m.<\/p>\n\n\n\n<p><strong><span class=\"has-inline-color has-vivid-green-cyan-color\">Qual a import\u00e2ncia dos manguezais?<br><\/span><\/strong>Os <a href=\"https:\/\/www.pensamentoverde.com.br\/sustentabilidade\/protecao-dos-manguezais\/\" rel=\"noreferrer noopener\" target=\"_blank\">manguezais<\/a> fornecem servi\u00e7os ecossist\u00eamicos essenciais \u00e0 humanidade: al\u00e9m da regula\u00e7\u00e3o clim\u00e1tica e da diversidade biol\u00f3gica, s\u00e3o espa\u00e7os de lazer e fontes de conhecimento tradicionais. \u201cNosso objetivo foi primeiro mapear esses servi\u00e7os com participa\u00e7\u00e3o das comunidades, para depois propor estrat\u00e9gias de conserva\u00e7\u00e3o baseadas no conhecimento tradicional\u201d, ressalta a pesquisadora Indira Eyzaguirre, coordenadora de estudos cient\u00edficos transversais aos temas apoiados pelo projeto Mangues da Amaz\u00f4nia.<br>Entre as pesquisas acad\u00eamicas previstas est\u00e3o as an\u00e1lises destinadas a propor novas regras de uso sustent\u00e1vel dos manguezais, tanto para o plano de manejo do mangue branco \u2014 esp\u00e9cie de \u00e1rvore cortada para fazer currais de pesca e outros fins \u2014 como para a captura do caranguejo-u\u00e7\u00e1, explorado em n\u00edveis possivelmente acima dos limites de suporte para venda em diversas regi\u00f5es do Pa\u00eds.<br>Ao reunir mais de 30 pesquisadores, com a produ\u00e7\u00e3o de teses de mestrado e doutorado, o Lama\/UFPA desenvolver\u00e1 estudos de apoio do projeto Mangues da Amaz\u00f4nia tamb\u00e9m em temas sociais e culturais, a exemplo da transmiss\u00e3o dos saberes da pesca do caranguejo-u\u00e7\u00e1 entre gera\u00e7\u00f5es nas comunidades tradicionais do Nordeste paraense. Na regi\u00e3o, outra pesquisa analisar\u00e1 os mecanismos legais para a concess\u00e3o do seguro defeso a esses pescadores, al\u00e9m de estudos para mapeamento das express\u00f5es art\u00edstico-culturais associadas aos manguezais.<\/p>\n\n\n\n<p><strong><em>Fonte: <a href=\"https:\/\/www.pensamentoverde.com.br\/meio-ambiente\/iniciativa-recupera-florestas-de-mangue-degradadas\/\">Pensamento Verde<\/a><\/em><\/strong><\/p>\n","protected":false},"excerpt":{"rendered":"<p>O projeto prev\u00ea recupera\u00e7\u00e3o de 12 hectares de manguezais j\u00e1 impactados, incluindo oferta de assist\u00eancia t\u00e9cnica e engajamento social, beneficiando diretamente em torno de 1,6 mil pessoas Com cerca de oito mil quil\u00f4metros quadrados de vegeta\u00e7\u00e3o nativa na zona costeira do Par\u00e1, Maranh\u00e3o e Amap\u00e1, os manguezais da Amaz\u00f4nia representam a maior faixa cont\u00ednua desse [&hellip;]<\/p>\n","protected":false},"author":2,"featured_media":18646,"comment_status":"open","ping_status":"open","sticky":false,"template":"","format":"standard","meta":{"footnotes":""},"categories":[8],"tags":[5605,9203,9204,5131,5176,3459],"class_list":["post-18645","post","type-post","status-publish","format-standard","has-post-thumbnail","hentry","category-meio-ambiente","tag-degradacao","tag-engajamento-social","tag-florestas-de-mangue","tag-mangue","tag-manguezais","tag-recuperacao"],"yoast_head":"<!-- This site is optimized with the Yoast SEO plugin v26.5 - https:\/\/yoast.com\/wordpress\/plugins\/seo\/ -->\n<title>Iniciativa recupera florestas de mangue degradadas - Jornal Fatos e Not\u00edcias<\/title>\n<meta name=\"robots\" content=\"index, follow, max-snippet:-1, max-image-preview:large, max-video-preview:-1\" \/>\n<link rel=\"canonical\" href=\"https:\/\/jornalfatosenoticias.com.br\/index.php\/2021\/05\/27\/iniciativa-recupera-florestas-de-mangue-degradadas\/\" \/>\n<meta property=\"og:locale\" content=\"pt_BR\" \/>\n<meta property=\"og:type\" content=\"article\" \/>\n<meta property=\"og:title\" content=\"Iniciativa recupera florestas de mangue degradadas - Jornal Fatos e Not\u00edcias\" \/>\n<meta property=\"og:description\" content=\"O projeto prev\u00ea recupera\u00e7\u00e3o de 12 hectares de manguezais j\u00e1 impactados, incluindo oferta de assist\u00eancia t\u00e9cnica e engajamento social, beneficiando diretamente em torno de 1,6 mil pessoas Com cerca de oito mil quil\u00f4metros quadrados de vegeta\u00e7\u00e3o nativa na zona costeira do Par\u00e1, Maranh\u00e3o e Amap\u00e1, os manguezais da Amaz\u00f4nia representam a maior faixa cont\u00ednua desse [&hellip;]\" \/>\n<meta property=\"og:url\" content=\"https:\/\/jornalfatosenoticias.com.br\/index.php\/2021\/05\/27\/iniciativa-recupera-florestas-de-mangue-degradadas\/\" \/>\n<meta property=\"og:site_name\" content=\"Jornal Fatos e Not\u00edcias\" \/>\n<meta property=\"article:published_time\" content=\"2021-05-27T19:53:14+00:00\" \/>\n<meta property=\"article:modified_time\" content=\"2021-05-27T19:53:16+00:00\" \/>\n<meta property=\"og:image\" content=\"https:\/\/jornalfatosenoticias.com.br\/wp-content\/uploads\/2021\/05\/floresta-mangue-getty-images.jpg\" \/>\n\t<meta property=\"og:image:width\" content=\"1000\" \/>\n\t<meta property=\"og:image:height\" content=\"562\" \/>\n\t<meta property=\"og:image:type\" content=\"image\/jpeg\" \/>\n<meta name=\"author\" content=\"Luzimara Fernandes\" \/>\n<meta name=\"twitter:card\" content=\"summary_large_image\" \/>\n<meta name=\"twitter:label1\" content=\"Escrito por\" \/>\n\t<meta name=\"twitter:data1\" content=\"Luzimara Fernandes\" \/>\n\t<meta name=\"twitter:label2\" content=\"Est. tempo de leitura\" \/>\n\t<meta name=\"twitter:data2\" content=\"4 minutos\" \/>\n<script type=\"application\/ld+json\" class=\"yoast-schema-graph\">{\"@context\":\"https:\/\/schema.org\",\"@graph\":[{\"@type\":\"Article\",\"@id\":\"https:\/\/jornalfatosenoticias.com.br\/index.php\/2021\/05\/27\/iniciativa-recupera-florestas-de-mangue-degradadas\/#article\",\"isPartOf\":{\"@id\":\"https:\/\/jornalfatosenoticias.com.br\/index.php\/2021\/05\/27\/iniciativa-recupera-florestas-de-mangue-degradadas\/\"},\"author\":{\"name\":\"Luzimara Fernandes\",\"@id\":\"https:\/\/jornalfatosenoticias.com.br\/#\/schema\/person\/d63837fa13ac8666eb9e74e0985d6f81\"},\"headline\":\"Iniciativa recupera florestas de mangue degradadas\",\"datePublished\":\"2021-05-27T19:53:14+00:00\",\"dateModified\":\"2021-05-27T19:53:16+00:00\",\"mainEntityOfPage\":{\"@id\":\"https:\/\/jornalfatosenoticias.com.br\/index.php\/2021\/05\/27\/iniciativa-recupera-florestas-de-mangue-degradadas\/\"},\"wordCount\":723,\"commentCount\":0,\"publisher\":{\"@id\":\"https:\/\/jornalfatosenoticias.com.br\/#organization\"},\"image\":{\"@id\":\"https:\/\/jornalfatosenoticias.com.br\/index.php\/2021\/05\/27\/iniciativa-recupera-florestas-de-mangue-degradadas\/#primaryimage\"},\"thumbnailUrl\":\"https:\/\/jornalfatosenoticias.com.br\/wp-content\/uploads\/2021\/05\/floresta-mangue-getty-images.jpg\",\"keywords\":[\"degrada\u00e7\u00e3o\",\"engajamento social\",\"florestas de mangue\",\"mangue\",\"manguezais\",\"recupera\u00e7\u00e3o\"],\"articleSection\":[\"Meio ambiente\"],\"inLanguage\":\"pt-BR\",\"potentialAction\":[{\"@type\":\"CommentAction\",\"name\":\"Comment\",\"target\":[\"https:\/\/jornalfatosenoticias.com.br\/index.php\/2021\/05\/27\/iniciativa-recupera-florestas-de-mangue-degradadas\/#respond\"]}]},{\"@type\":\"WebPage\",\"@id\":\"https:\/\/jornalfatosenoticias.com.br\/index.php\/2021\/05\/27\/iniciativa-recupera-florestas-de-mangue-degradadas\/\",\"url\":\"https:\/\/jornalfatosenoticias.com.br\/index.php\/2021\/05\/27\/iniciativa-recupera-florestas-de-mangue-degradadas\/\",\"name\":\"Iniciativa recupera florestas de mangue degradadas - Jornal Fatos e Not\u00edcias\",\"isPartOf\":{\"@id\":\"https:\/\/jornalfatosenoticias.com.br\/#website\"},\"primaryImageOfPage\":{\"@id\":\"https:\/\/jornalfatosenoticias.com.br\/index.php\/2021\/05\/27\/iniciativa-recupera-florestas-de-mangue-degradadas\/#primaryimage\"},\"image\":{\"@id\":\"https:\/\/jornalfatosenoticias.com.br\/index.php\/2021\/05\/27\/iniciativa-recupera-florestas-de-mangue-degradadas\/#primaryimage\"},\"thumbnailUrl\":\"https:\/\/jornalfatosenoticias.com.br\/wp-content\/uploads\/2021\/05\/floresta-mangue-getty-images.jpg\",\"datePublished\":\"2021-05-27T19:53:14+00:00\",\"dateModified\":\"2021-05-27T19:53:16+00:00\",\"breadcrumb\":{\"@id\":\"https:\/\/jornalfatosenoticias.com.br\/index.php\/2021\/05\/27\/iniciativa-recupera-florestas-de-mangue-degradadas\/#breadcrumb\"},\"inLanguage\":\"pt-BR\",\"potentialAction\":[{\"@type\":\"ReadAction\",\"target\":[\"https:\/\/jornalfatosenoticias.com.br\/index.php\/2021\/05\/27\/iniciativa-recupera-florestas-de-mangue-degradadas\/\"]}]},{\"@type\":\"ImageObject\",\"inLanguage\":\"pt-BR\",\"@id\":\"https:\/\/jornalfatosenoticias.com.br\/index.php\/2021\/05\/27\/iniciativa-recupera-florestas-de-mangue-degradadas\/#primaryimage\",\"url\":\"https:\/\/jornalfatosenoticias.com.br\/wp-content\/uploads\/2021\/05\/floresta-mangue-getty-images.jpg\",\"contentUrl\":\"https:\/\/jornalfatosenoticias.com.br\/wp-content\/uploads\/2021\/05\/floresta-mangue-getty-images.jpg\",\"width\":1000,\"height\":562},{\"@type\":\"BreadcrumbList\",\"@id\":\"https:\/\/jornalfatosenoticias.com.br\/index.php\/2021\/05\/27\/iniciativa-recupera-florestas-de-mangue-degradadas\/#breadcrumb\",\"itemListElement\":[{\"@type\":\"ListItem\",\"position\":1,\"name\":\"In\u00edcio\",\"item\":\"https:\/\/jornalfatosenoticias.com.br\/\"},{\"@type\":\"ListItem\",\"position\":2,\"name\":\"Iniciativa recupera florestas de mangue degradadas\"}]},{\"@type\":\"WebSite\",\"@id\":\"https:\/\/jornalfatosenoticias.com.br\/#website\",\"url\":\"https:\/\/jornalfatosenoticias.com.br\/\",\"name\":\"Jornal Fatos e Not\u00edcias\",\"description\":\"Not\u00edcias em geral\",\"publisher\":{\"@id\":\"https:\/\/jornalfatosenoticias.com.br\/#organization\"},\"potentialAction\":[{\"@type\":\"SearchAction\",\"target\":{\"@type\":\"EntryPoint\",\"urlTemplate\":\"https:\/\/jornalfatosenoticias.com.br\/?s={search_term_string}\"},\"query-input\":{\"@type\":\"PropertyValueSpecification\",\"valueRequired\":true,\"valueName\":\"search_term_string\"}}],\"inLanguage\":\"pt-BR\"},{\"@type\":\"Organization\",\"@id\":\"https:\/\/jornalfatosenoticias.com.br\/#organization\",\"name\":\"Jornal Fatos e Not\u00edcias\",\"url\":\"https:\/\/jornalfatosenoticias.com.br\/\",\"logo\":{\"@type\":\"ImageObject\",\"inLanguage\":\"pt-BR\",\"@id\":\"https:\/\/jornalfatosenoticias.com.br\/#\/schema\/logo\/image\/\",\"url\":\"https:\/\/jornalfatosenoticias.com.br\/wp-content\/uploads\/2020\/02\/logo120.png\",\"contentUrl\":\"https:\/\/jornalfatosenoticias.com.br\/wp-content\/uploads\/2020\/02\/logo120.png\",\"width\":1227,\"height\":120,\"caption\":\"Jornal Fatos e Not\u00edcias\"},\"image\":{\"@id\":\"https:\/\/jornalfatosenoticias.com.br\/#\/schema\/logo\/image\/\"}},{\"@type\":\"Person\",\"@id\":\"https:\/\/jornalfatosenoticias.com.br\/#\/schema\/person\/d63837fa13ac8666eb9e74e0985d6f81\",\"name\":\"Luzimara Fernandes\",\"image\":{\"@type\":\"ImageObject\",\"inLanguage\":\"pt-BR\",\"@id\":\"https:\/\/jornalfatosenoticias.com.br\/#\/schema\/person\/image\/\",\"url\":\"https:\/\/jornalfatosenoticias.com.br\/wp-content\/uploads\/2025\/05\/EU_portal.jpg\",\"contentUrl\":\"https:\/\/jornalfatosenoticias.com.br\/wp-content\/uploads\/2025\/05\/EU_portal.jpg\",\"caption\":\"Luzimara Fernandes\"},\"description\":\"Jornalista MTB 2358-ES\",\"sameAs\":[\"https:\/\/jornalfatosenoticias.com.br\"],\"url\":\"https:\/\/jornalfatosenoticias.com.br\/index.php\/author\/luzimara\/\"}]}<\/script>\n<!-- \/ Yoast SEO plugin. -->","yoast_head_json":{"title":"Iniciativa recupera florestas de mangue degradadas - Jornal Fatos e Not\u00edcias","robots":{"index":"index","follow":"follow","max-snippet":"max-snippet:-1","max-image-preview":"max-image-preview:large","max-video-preview":"max-video-preview:-1"},"canonical":"https:\/\/jornalfatosenoticias.com.br\/index.php\/2021\/05\/27\/iniciativa-recupera-florestas-de-mangue-degradadas\/","og_locale":"pt_BR","og_type":"article","og_title":"Iniciativa recupera florestas de mangue degradadas - Jornal Fatos e Not\u00edcias","og_description":"O projeto prev\u00ea recupera\u00e7\u00e3o de 12 hectares de manguezais j\u00e1 impactados, incluindo oferta de assist\u00eancia t\u00e9cnica e engajamento social, beneficiando diretamente em torno de 1,6 mil pessoas Com cerca de oito mil quil\u00f4metros quadrados de vegeta\u00e7\u00e3o nativa na zona costeira do Par\u00e1, Maranh\u00e3o e Amap\u00e1, os manguezais da Amaz\u00f4nia representam a maior faixa cont\u00ednua desse [&hellip;]","og_url":"https:\/\/jornalfatosenoticias.com.br\/index.php\/2021\/05\/27\/iniciativa-recupera-florestas-de-mangue-degradadas\/","og_site_name":"Jornal Fatos e Not\u00edcias","article_published_time":"2021-05-27T19:53:14+00:00","article_modified_time":"2021-05-27T19:53:16+00:00","og_image":[{"width":1000,"height":562,"url":"https:\/\/jornalfatosenoticias.com.br\/wp-content\/uploads\/2021\/05\/floresta-mangue-getty-images.jpg","type":"image\/jpeg"}],"author":"Luzimara Fernandes","twitter_card":"summary_large_image","twitter_misc":{"Escrito por":"Luzimara Fernandes","Est. tempo de leitura":"4 minutos"},"schema":{"@context":"https:\/\/schema.org","@graph":[{"@type":"Article","@id":"https:\/\/jornalfatosenoticias.com.br\/index.php\/2021\/05\/27\/iniciativa-recupera-florestas-de-mangue-degradadas\/#article","isPartOf":{"@id":"https:\/\/jornalfatosenoticias.com.br\/index.php\/2021\/05\/27\/iniciativa-recupera-florestas-de-mangue-degradadas\/"},"author":{"name":"Luzimara Fernandes","@id":"https:\/\/jornalfatosenoticias.com.br\/#\/schema\/person\/d63837fa13ac8666eb9e74e0985d6f81"},"headline":"Iniciativa recupera florestas de mangue degradadas","datePublished":"2021-05-27T19:53:14+00:00","dateModified":"2021-05-27T19:53:16+00:00","mainEntityOfPage":{"@id":"https:\/\/jornalfatosenoticias.com.br\/index.php\/2021\/05\/27\/iniciativa-recupera-florestas-de-mangue-degradadas\/"},"wordCount":723,"commentCount":0,"publisher":{"@id":"https:\/\/jornalfatosenoticias.com.br\/#organization"},"image":{"@id":"https:\/\/jornalfatosenoticias.com.br\/index.php\/2021\/05\/27\/iniciativa-recupera-florestas-de-mangue-degradadas\/#primaryimage"},"thumbnailUrl":"https:\/\/jornalfatosenoticias.com.br\/wp-content\/uploads\/2021\/05\/floresta-mangue-getty-images.jpg","keywords":["degrada\u00e7\u00e3o","engajamento social","florestas de mangue","mangue","manguezais","recupera\u00e7\u00e3o"],"articleSection":["Meio ambiente"],"inLanguage":"pt-BR","potentialAction":[{"@type":"CommentAction","name":"Comment","target":["https:\/\/jornalfatosenoticias.com.br\/index.php\/2021\/05\/27\/iniciativa-recupera-florestas-de-mangue-degradadas\/#respond"]}]},{"@type":"WebPage","@id":"https:\/\/jornalfatosenoticias.com.br\/index.php\/2021\/05\/27\/iniciativa-recupera-florestas-de-mangue-degradadas\/","url":"https:\/\/jornalfatosenoticias.com.br\/index.php\/2021\/05\/27\/iniciativa-recupera-florestas-de-mangue-degradadas\/","name":"Iniciativa recupera florestas de mangue degradadas - Jornal Fatos e Not\u00edcias","isPartOf":{"@id":"https:\/\/jornalfatosenoticias.com.br\/#website"},"primaryImageOfPage":{"@id":"https:\/\/jornalfatosenoticias.com.br\/index.php\/2021\/05\/27\/iniciativa-recupera-florestas-de-mangue-degradadas\/#primaryimage"},"image":{"@id":"https:\/\/jornalfatosenoticias.com.br\/index.php\/2021\/05\/27\/iniciativa-recupera-florestas-de-mangue-degradadas\/#primaryimage"},"thumbnailUrl":"https:\/\/jornalfatosenoticias.com.br\/wp-content\/uploads\/2021\/05\/floresta-mangue-getty-images.jpg","datePublished":"2021-05-27T19:53:14+00:00","dateModified":"2021-05-27T19:53:16+00:00","breadcrumb":{"@id":"https:\/\/jornalfatosenoticias.com.br\/index.php\/2021\/05\/27\/iniciativa-recupera-florestas-de-mangue-degradadas\/#breadcrumb"},"inLanguage":"pt-BR","potentialAction":[{"@type":"ReadAction","target":["https:\/\/jornalfatosenoticias.com.br\/index.php\/2021\/05\/27\/iniciativa-recupera-florestas-de-mangue-degradadas\/"]}]},{"@type":"ImageObject","inLanguage":"pt-BR","@id":"https:\/\/jornalfatosenoticias.com.br\/index.php\/2021\/05\/27\/iniciativa-recupera-florestas-de-mangue-degradadas\/#primaryimage","url":"https:\/\/jornalfatosenoticias.com.br\/wp-content\/uploads\/2021\/05\/floresta-mangue-getty-images.jpg","contentUrl":"https:\/\/jornalfatosenoticias.com.br\/wp-content\/uploads\/2021\/05\/floresta-mangue-getty-images.jpg","width":1000,"height":562},{"@type":"BreadcrumbList","@id":"https:\/\/jornalfatosenoticias.com.br\/index.php\/2021\/05\/27\/iniciativa-recupera-florestas-de-mangue-degradadas\/#breadcrumb","itemListElement":[{"@type":"ListItem","position":1,"name":"In\u00edcio","item":"https:\/\/jornalfatosenoticias.com.br\/"},{"@type":"ListItem","position":2,"name":"Iniciativa recupera florestas de mangue degradadas"}]},{"@type":"WebSite","@id":"https:\/\/jornalfatosenoticias.com.br\/#website","url":"https:\/\/jornalfatosenoticias.com.br\/","name":"Jornal Fatos e Not\u00edcias","description":"Not\u00edcias em geral","publisher":{"@id":"https:\/\/jornalfatosenoticias.com.br\/#organization"},"potentialAction":[{"@type":"SearchAction","target":{"@type":"EntryPoint","urlTemplate":"https:\/\/jornalfatosenoticias.com.br\/?s={search_term_string}"},"query-input":{"@type":"PropertyValueSpecification","valueRequired":true,"valueName":"search_term_string"}}],"inLanguage":"pt-BR"},{"@type":"Organization","@id":"https:\/\/jornalfatosenoticias.com.br\/#organization","name":"Jornal Fatos e Not\u00edcias","url":"https:\/\/jornalfatosenoticias.com.br\/","logo":{"@type":"ImageObject","inLanguage":"pt-BR","@id":"https:\/\/jornalfatosenoticias.com.br\/#\/schema\/logo\/image\/","url":"https:\/\/jornalfatosenoticias.com.br\/wp-content\/uploads\/2020\/02\/logo120.png","contentUrl":"https:\/\/jornalfatosenoticias.com.br\/wp-content\/uploads\/2020\/02\/logo120.png","width":1227,"height":120,"caption":"Jornal Fatos e Not\u00edcias"},"image":{"@id":"https:\/\/jornalfatosenoticias.com.br\/#\/schema\/logo\/image\/"}},{"@type":"Person","@id":"https:\/\/jornalfatosenoticias.com.br\/#\/schema\/person\/d63837fa13ac8666eb9e74e0985d6f81","name":"Luzimara Fernandes","image":{"@type":"ImageObject","inLanguage":"pt-BR","@id":"https:\/\/jornalfatosenoticias.com.br\/#\/schema\/person\/image\/","url":"https:\/\/jornalfatosenoticias.com.br\/wp-content\/uploads\/2025\/05\/EU_portal.jpg","contentUrl":"https:\/\/jornalfatosenoticias.com.br\/wp-content\/uploads\/2025\/05\/EU_portal.jpg","caption":"Luzimara Fernandes"},"description":"Jornalista MTB 2358-ES","sameAs":["https:\/\/jornalfatosenoticias.com.br"],"url":"https:\/\/jornalfatosenoticias.com.br\/index.php\/author\/luzimara\/"}]}},"cc_featured_image_caption":{"caption_text":"(Foto: Getty Images) ","source_text":"","source_url":""},"jetpack_featured_media_url":"https:\/\/jornalfatosenoticias.com.br\/wp-content\/uploads\/2021\/05\/floresta-mangue-getty-images.jpg","_links":{"self":[{"href":"https:\/\/jornalfatosenoticias.com.br\/index.php\/wp-json\/wp\/v2\/posts\/18645","targetHints":{"allow":["GET"]}}],"collection":[{"href":"https:\/\/jornalfatosenoticias.com.br\/index.php\/wp-json\/wp\/v2\/posts"}],"about":[{"href":"https:\/\/jornalfatosenoticias.com.br\/index.php\/wp-json\/wp\/v2\/types\/post"}],"author":[{"embeddable":true,"href":"https:\/\/jornalfatosenoticias.com.br\/index.php\/wp-json\/wp\/v2\/users\/2"}],"replies":[{"embeddable":true,"href":"https:\/\/jornalfatosenoticias.com.br\/index.php\/wp-json\/wp\/v2\/comments?post=18645"}],"version-history":[{"count":0,"href":"https:\/\/jornalfatosenoticias.com.br\/index.php\/wp-json\/wp\/v2\/posts\/18645\/revisions"}],"wp:featuredmedia":[{"embeddable":true,"href":"https:\/\/jornalfatosenoticias.com.br\/index.php\/wp-json\/wp\/v2\/media\/18646"}],"wp:attachment":[{"href":"https:\/\/jornalfatosenoticias.com.br\/index.php\/wp-json\/wp\/v2\/media?parent=18645"}],"wp:term":[{"taxonomy":"category","embeddable":true,"href":"https:\/\/jornalfatosenoticias.com.br\/index.php\/wp-json\/wp\/v2\/categories?post=18645"},{"taxonomy":"post_tag","embeddable":true,"href":"https:\/\/jornalfatosenoticias.com.br\/index.php\/wp-json\/wp\/v2\/tags?post=18645"}],"curies":[{"name":"wp","href":"https:\/\/api.w.org\/{rel}","templated":true}]}}