{"id":18769,"date":"2021-05-31T15:34:29","date_gmt":"2021-05-31T18:34:29","guid":{"rendered":"https:\/\/jornalfatosenoticias.com.br\/?p=18769"},"modified":"2021-05-31T15:34:34","modified_gmt":"2021-05-31T18:34:34","slug":"cabo-submarino-que-conecta-brasil-a-europa-comeca-a-funcionar-nesta-terca-feira","status":"publish","type":"post","link":"https:\/\/jornalfatosenoticias.com.br\/index.php\/2021\/05\/31\/cabo-submarino-que-conecta-brasil-a-europa-comeca-a-funcionar-nesta-terca-feira\/","title":{"rendered":"Cabo submarino que conecta Brasil \u00e0 Europa come\u00e7a a funcionar nesta ter\u00e7a-feira"},"content":{"rendered":"\n<p>O <a href=\"https:\/\/olhardigital.com.br\/2021\/03\/12\/internet-e-redes-sociais\/cabo-submarino-vindo-de-portugal-e-ancorado-em-fortaleza\/\" target=\"_blank\" rel=\"noreferrer noopener\">Minist\u00e9rio de Ci\u00eancia, Tecnologia e Inova\u00e7\u00f5es\u00a0<\/a>(MCTI) anunciou que o primeiro cabo submarino de alta capacidade que liga o<a href=\"https:\/\/olhardigital.com.br\/2021\/02\/17\/internet-e-redes-sociais\/cabo-submarino-que-ligara-brasil-e-europa-ja-esta-em-cabo-verde-na-africa\/\" target=\"_blank\" rel=\"noreferrer noopener\">\u00a0Brasil ao continente europeu\u00a0<\/a>vai come\u00e7ar a funcionar nesta ter\u00e7a-feira (1\u00ba). Uma cerim\u00f4nia vai ocorrer em Portugal para marcar o in\u00edcio das opera\u00e7\u00f5es. O ministro Marcos Pontes estar\u00e1 presente no evento.<br>O cabo constru\u00eddo pela <a rel=\"noreferrer noopener\" href=\"https:\/\/olhardigital.com.br\/2020\/12\/14\/noticias\/cabo-submarino-brasil-europa-ancorado-fortaleza\/\" target=\"_blank\">EllaLink<\/a> conta apoio da Rede Nacional de Ensino e Pesquisa (RNP) e teve o custo estimado em US$ 185 milh\u00f5es. O equipamento deve conectar Fortaleza, no Brasil, com Sines, em Portugal, com passagens ainda pela Guiana Francesa, Ilha da Madeira, Ilhas Can\u00e1rias e Cabo Verde.<\/p>\n\n\n\n<p><strong><span class=\"has-inline-color has-black-color\">Cabo submarino brasileiro<br><\/span><\/strong>Uma das principais vantagens do <a href=\"https:\/\/olhardigital.com.br\/2019\/07\/11\/internet-e-redes-sociais\/o-que-sao-cabos-submarinos-veja-aqui\/\" target=\"_blank\" rel=\"noreferrer noopener\">cabo<\/a>, apontada pelo minist\u00e9rio, \u00e9 o fato de as informa\u00e7\u00f5es n\u00e3o precisarem passar pelos Estados Unidos para chegarem na Europa, como ocorre atualmente com a maior parte das transmiss\u00f5es. No total, o cabo submarino possui seis mil quil\u00f4metros de extens\u00e3o.<br>A EllaLink diz que o sistema garante \u201cacesso de alta qualidade aos servi\u00e7os e aplica\u00e7\u00f5es de telecomunica\u00e7\u00f5es, por meio de uma conex\u00e3o direta de alta velocidade e baix\u00edssima lat\u00eancia\u201d. A infraestrutura ser\u00e1 usada para educa\u00e7\u00e3o e pesquisa, mas tamb\u00e9m para servi\u00e7os e nuvem e neg\u00f3cios digitais.<br>A empresa diz que o cabo \u00e9 capaz de reduzir em 50% a lat\u00eancia da conex\u00e3o atual. Al\u00e9m da rota pela \u00e1gua, conex\u00f5es por terra devem ligar o cabo a estados como S\u00e3o Paulo e Rio de Janeiro. Al\u00e9m de Madrid, na Espanha e Marselha, na Fran\u00e7a. O projeto do cabo submarino come\u00e7ou a ser pensado em 2013 e o processo de constru\u00e7\u00e3o teve in\u00edcio em 2018.<\/p>\n\n\n\n<figure class=\"wp-block-image size-large\"><img loading=\"lazy\" decoding=\"async\" width=\"1000\" height=\"666\" src=\"https:\/\/jornalfatosenoticias.com.br\/wp-content\/uploads\/2021\/05\/mcti.jpg\" alt=\"\" class=\"wp-image-18770\" srcset=\"https:\/\/jornalfatosenoticias.com.br\/wp-content\/uploads\/2021\/05\/mcti.jpg 1000w, https:\/\/jornalfatosenoticias.com.br\/wp-content\/uploads\/2021\/05\/mcti-300x200.jpg 300w, https:\/\/jornalfatosenoticias.com.br\/wp-content\/uploads\/2021\/05\/mcti-768x511.jpg 768w\" sizes=\"auto, (max-width: 1000px) 100vw, 1000px\" \/><figcaption><em><span class=\"has-inline-color has-black-color\">Apresenta\u00e7\u00e3o do projeto ao Minist\u00e9rio de Ci\u00eancia, Tecnologia e Inova\u00e7\u00f5es (Foto: MCTI)<\/span><\/em><\/figcaption><\/figure>\n\n\n\n<p><strong><span class=\"has-inline-color has-black-color\">Estrutura de cabo submarino no Brasil<br><\/span><\/strong>No <a href=\"https:\/\/olhardigital.com.br\/2021\/05\/24\/pro\/banco-central-divulga-diretrizes-para-emissao-de-moeda-digital-para-o-brasil\/\" target=\"_blank\" rel=\"noreferrer noopener\">Brasil<\/a>, o primeiro cabo submarino foi inaugurado em 1857. Ele fez parte da primeira linha telegr\u00e1fica brasileira e interligava a Praia da Sa\u00fade, no Rio de Janeiro, \u00e0 cidade de Petr\u00f3polis. Eram 15 km de cabo submarino em uma linha cuja extens\u00e3o total era de 50 km.<br>Em 1874, veio o primeiro cabo totalmente submarino do pa\u00eds; inaugurado por D. Pedro II, ele conectava Rio de Janeiro, Salvador, Recife e Bel\u00e9m. No ano seguinte, foi criada a linha para ligar Recife, Jo\u00e3o Pessoa e Natal. Ainda em 1875, Irineu Evangelista de Souza, o Bar\u00e3o de Mau\u00e1, participou da organiza\u00e7\u00e3o e do financiamento da instala\u00e7\u00e3o do primeiro cabo submarino internacional no pa\u00eds; instalado pela British Eastern Telegraph Company, ele conectou o Brasil a Portugal.<br>Em anos recentes, outros cabos submarinos foram lan\u00e7ados para interligar o Brasil a v\u00e1rias partes do mundo. Os apresentados na figura acima s\u00e3o os principais deles.<br>Os cabos submarinos atuais s\u00e3o de fibra \u00f3ptica e permitem o transporte de todo tipo de informa\u00e7\u00e3o digital \u2014 ou seja, telefone, internet e demais dados. Geralmente, eles t\u00eam 69 mm de di\u00e2metro e pesam cerca de 10 kg por metro. Para \u00e1guas profundas, no entanto, s\u00e3o usados cabos mais finos e leves. Todos os continentes, exceto a <a href=\"https:\/\/olhardigital.com.br\/2021\/04\/15\/internet-e-redes-sociais\/cabo-submarino-ligando-antartica-e-australia-icebergs-sao-empecilhos\/\" target=\"_blank\" rel=\"noreferrer noopener\">Ant\u00e1rtida<\/a>, s\u00e3o ligados por eles.<\/p>\n\n\n\n<figure class=\"wp-block-embed-youtube wp-block-embed is-type-video is-provider-youtube wp-embed-aspect-16-9 wp-has-aspect-ratio\"><div class=\"wp-block-embed__wrapper\">\n<iframe loading=\"lazy\" title=\"Cabo submarino que ligar\u00e1 Brasil e Europa \u00e9 ancorado em Fortaleza\" width=\"660\" height=\"371\" src=\"https:\/\/www.youtube.com\/embed\/1E37AvLLgC4?feature=oembed\" frameborder=\"0\" allow=\"accelerometer; autoplay; clipboard-write; encrypted-media; gyroscope; picture-in-picture; web-share\" referrerpolicy=\"strict-origin-when-cross-origin\" allowfullscreen><\/iframe>\n<\/div><\/figure>\n\n\n\n<p><strong><em>Fonte: <a href=\"https:\/\/olhardigital.com.br\/2021\/05\/31\/internet-e-redes-sociais\/cabo-submarino-que-conecta-brasil-a-europa-comeca-a-funcionar-na-terca-feira\/\">Olhar Digital<\/a><\/em><\/strong><\/p>\n","protected":false},"excerpt":{"rendered":"<p>O Minist\u00e9rio de Ci\u00eancia, Tecnologia e Inova\u00e7\u00f5es\u00a0(MCTI) anunciou que o primeiro cabo submarino de alta capacidade que liga o\u00a0Brasil ao continente europeu\u00a0vai come\u00e7ar a funcionar nesta ter\u00e7a-feira (1\u00ba). Uma cerim\u00f4nia vai ocorrer em Portugal para marcar o in\u00edcio das opera\u00e7\u00f5es. O ministro Marcos Pontes estar\u00e1 presente no evento.O cabo constru\u00eddo pela EllaLink conta apoio da [&hellip;]<\/p>\n","protected":false},"author":2,"featured_media":18771,"comment_status":"open","ping_status":"open","sticky":false,"template":"","format":"standard","meta":{"footnotes":""},"categories":[3],"tags":[597,9263,9264,125,949,4529],"class_list":["post-18769","post","type-post","status-publish","format-standard","has-post-thumbnail","hentry","category-tecnologia","tag-brasil","tag-cabo-submarino","tag-ellalink","tag-europa","tag-fibra-otica","tag-mcti"],"yoast_head":"<!-- This site is optimized with the Yoast SEO plugin v26.5 - https:\/\/yoast.com\/wordpress\/plugins\/seo\/ -->\n<title>Cabo submarino que conecta Brasil \u00e0 Europa come\u00e7a a funcionar nesta ter\u00e7a-feira - Jornal Fatos e Not\u00edcias<\/title>\n<meta name=\"robots\" content=\"index, follow, max-snippet:-1, max-image-preview:large, max-video-preview:-1\" \/>\n<link rel=\"canonical\" href=\"https:\/\/jornalfatosenoticias.com.br\/index.php\/2021\/05\/31\/cabo-submarino-que-conecta-brasil-a-europa-comeca-a-funcionar-nesta-terca-feira\/\" \/>\n<meta property=\"og:locale\" content=\"pt_BR\" \/>\n<meta property=\"og:type\" content=\"article\" \/>\n<meta property=\"og:title\" content=\"Cabo submarino que conecta Brasil \u00e0 Europa come\u00e7a a funcionar nesta ter\u00e7a-feira - Jornal Fatos e Not\u00edcias\" \/>\n<meta property=\"og:description\" content=\"O Minist\u00e9rio de Ci\u00eancia, Tecnologia e Inova\u00e7\u00f5es\u00a0(MCTI) anunciou que o primeiro cabo submarino de alta capacidade que liga o\u00a0Brasil ao continente europeu\u00a0vai come\u00e7ar a funcionar nesta ter\u00e7a-feira (1\u00ba). Uma cerim\u00f4nia vai ocorrer em Portugal para marcar o in\u00edcio das opera\u00e7\u00f5es. O ministro Marcos Pontes estar\u00e1 presente no evento.O cabo constru\u00eddo pela EllaLink conta apoio da [&hellip;]\" \/>\n<meta property=\"og:url\" content=\"https:\/\/jornalfatosenoticias.com.br\/index.php\/2021\/05\/31\/cabo-submarino-que-conecta-brasil-a-europa-comeca-a-funcionar-nesta-terca-feira\/\" \/>\n<meta property=\"og:site_name\" content=\"Jornal Fatos e Not\u00edcias\" \/>\n<meta property=\"article:published_time\" content=\"2021-05-31T18:34:29+00:00\" \/>\n<meta property=\"article:modified_time\" content=\"2021-05-31T18:34:34+00:00\" \/>\n<meta property=\"og:image\" content=\"https:\/\/jornalfatosenoticias.com.br\/wp-content\/uploads\/2021\/05\/cabo-submarino_internet.jpg\" \/>\n\t<meta property=\"og:image:width\" content=\"1000\" \/>\n\t<meta property=\"og:image:height\" content=\"358\" \/>\n\t<meta property=\"og:image:type\" content=\"image\/jpeg\" \/>\n<meta name=\"author\" content=\"Luzimara Fernandes\" \/>\n<meta name=\"twitter:card\" content=\"summary_large_image\" \/>\n<meta name=\"twitter:label1\" content=\"Escrito por\" \/>\n\t<meta name=\"twitter:data1\" content=\"Luzimara Fernandes\" \/>\n\t<meta name=\"twitter:label2\" content=\"Est. tempo de leitura\" \/>\n\t<meta name=\"twitter:data2\" content=\"3 minutos\" \/>\n<script type=\"application\/ld+json\" class=\"yoast-schema-graph\">{\"@context\":\"https:\/\/schema.org\",\"@graph\":[{\"@type\":\"Article\",\"@id\":\"https:\/\/jornalfatosenoticias.com.br\/index.php\/2021\/05\/31\/cabo-submarino-que-conecta-brasil-a-europa-comeca-a-funcionar-nesta-terca-feira\/#article\",\"isPartOf\":{\"@id\":\"https:\/\/jornalfatosenoticias.com.br\/index.php\/2021\/05\/31\/cabo-submarino-que-conecta-brasil-a-europa-comeca-a-funcionar-nesta-terca-feira\/\"},\"author\":{\"name\":\"Luzimara Fernandes\",\"@id\":\"https:\/\/jornalfatosenoticias.com.br\/#\/schema\/person\/d63837fa13ac8666eb9e74e0985d6f81\"},\"headline\":\"Cabo submarino que conecta Brasil \u00e0 Europa come\u00e7a a funcionar nesta ter\u00e7a-feira\",\"datePublished\":\"2021-05-31T18:34:29+00:00\",\"dateModified\":\"2021-05-31T18:34:34+00:00\",\"mainEntityOfPage\":{\"@id\":\"https:\/\/jornalfatosenoticias.com.br\/index.php\/2021\/05\/31\/cabo-submarino-que-conecta-brasil-a-europa-comeca-a-funcionar-nesta-terca-feira\/\"},\"wordCount\":566,\"commentCount\":0,\"publisher\":{\"@id\":\"https:\/\/jornalfatosenoticias.com.br\/#organization\"},\"image\":{\"@id\":\"https:\/\/jornalfatosenoticias.com.br\/index.php\/2021\/05\/31\/cabo-submarino-que-conecta-brasil-a-europa-comeca-a-funcionar-nesta-terca-feira\/#primaryimage\"},\"thumbnailUrl\":\"https:\/\/jornalfatosenoticias.com.br\/wp-content\/uploads\/2021\/05\/cabo-submarino_internet.jpg\",\"keywords\":[\"Brasil\",\"cabo submarino\",\"EllaLink\",\"Europa\",\"fibra \u00f3tica\",\"MCTI\"],\"articleSection\":[\"Tecnologia &amp; Inova\u00e7\u00e3o\"],\"inLanguage\":\"pt-BR\",\"potentialAction\":[{\"@type\":\"CommentAction\",\"name\":\"Comment\",\"target\":[\"https:\/\/jornalfatosenoticias.com.br\/index.php\/2021\/05\/31\/cabo-submarino-que-conecta-brasil-a-europa-comeca-a-funcionar-nesta-terca-feira\/#respond\"]}]},{\"@type\":\"WebPage\",\"@id\":\"https:\/\/jornalfatosenoticias.com.br\/index.php\/2021\/05\/31\/cabo-submarino-que-conecta-brasil-a-europa-comeca-a-funcionar-nesta-terca-feira\/\",\"url\":\"https:\/\/jornalfatosenoticias.com.br\/index.php\/2021\/05\/31\/cabo-submarino-que-conecta-brasil-a-europa-comeca-a-funcionar-nesta-terca-feira\/\",\"name\":\"Cabo submarino que conecta Brasil \u00e0 Europa come\u00e7a a funcionar nesta ter\u00e7a-feira - Jornal Fatos e Not\u00edcias\",\"isPartOf\":{\"@id\":\"https:\/\/jornalfatosenoticias.com.br\/#website\"},\"primaryImageOfPage\":{\"@id\":\"https:\/\/jornalfatosenoticias.com.br\/index.php\/2021\/05\/31\/cabo-submarino-que-conecta-brasil-a-europa-comeca-a-funcionar-nesta-terca-feira\/#primaryimage\"},\"image\":{\"@id\":\"https:\/\/jornalfatosenoticias.com.br\/index.php\/2021\/05\/31\/cabo-submarino-que-conecta-brasil-a-europa-comeca-a-funcionar-nesta-terca-feira\/#primaryimage\"},\"thumbnailUrl\":\"https:\/\/jornalfatosenoticias.com.br\/wp-content\/uploads\/2021\/05\/cabo-submarino_internet.jpg\",\"datePublished\":\"2021-05-31T18:34:29+00:00\",\"dateModified\":\"2021-05-31T18:34:34+00:00\",\"breadcrumb\":{\"@id\":\"https:\/\/jornalfatosenoticias.com.br\/index.php\/2021\/05\/31\/cabo-submarino-que-conecta-brasil-a-europa-comeca-a-funcionar-nesta-terca-feira\/#breadcrumb\"},\"inLanguage\":\"pt-BR\",\"potentialAction\":[{\"@type\":\"ReadAction\",\"target\":[\"https:\/\/jornalfatosenoticias.com.br\/index.php\/2021\/05\/31\/cabo-submarino-que-conecta-brasil-a-europa-comeca-a-funcionar-nesta-terca-feira\/\"]}]},{\"@type\":\"ImageObject\",\"inLanguage\":\"pt-BR\",\"@id\":\"https:\/\/jornalfatosenoticias.com.br\/index.php\/2021\/05\/31\/cabo-submarino-que-conecta-brasil-a-europa-comeca-a-funcionar-nesta-terca-feira\/#primaryimage\",\"url\":\"https:\/\/jornalfatosenoticias.com.br\/wp-content\/uploads\/2021\/05\/cabo-submarino_internet.jpg\",\"contentUrl\":\"https:\/\/jornalfatosenoticias.com.br\/wp-content\/uploads\/2021\/05\/cabo-submarino_internet.jpg\",\"width\":1000,\"height\":358},{\"@type\":\"BreadcrumbList\",\"@id\":\"https:\/\/jornalfatosenoticias.com.br\/index.php\/2021\/05\/31\/cabo-submarino-que-conecta-brasil-a-europa-comeca-a-funcionar-nesta-terca-feira\/#breadcrumb\",\"itemListElement\":[{\"@type\":\"ListItem\",\"position\":1,\"name\":\"In\u00edcio\",\"item\":\"https:\/\/jornalfatosenoticias.com.br\/\"},{\"@type\":\"ListItem\",\"position\":2,\"name\":\"Cabo submarino que conecta Brasil \u00e0 Europa come\u00e7a a funcionar nesta ter\u00e7a-feira\"}]},{\"@type\":\"WebSite\",\"@id\":\"https:\/\/jornalfatosenoticias.com.br\/#website\",\"url\":\"https:\/\/jornalfatosenoticias.com.br\/\",\"name\":\"Jornal Fatos e Not\u00edcias\",\"description\":\"Not\u00edcias em geral\",\"publisher\":{\"@id\":\"https:\/\/jornalfatosenoticias.com.br\/#organization\"},\"potentialAction\":[{\"@type\":\"SearchAction\",\"target\":{\"@type\":\"EntryPoint\",\"urlTemplate\":\"https:\/\/jornalfatosenoticias.com.br\/?s={search_term_string}\"},\"query-input\":{\"@type\":\"PropertyValueSpecification\",\"valueRequired\":true,\"valueName\":\"search_term_string\"}}],\"inLanguage\":\"pt-BR\"},{\"@type\":\"Organization\",\"@id\":\"https:\/\/jornalfatosenoticias.com.br\/#organization\",\"name\":\"Jornal Fatos e Not\u00edcias\",\"url\":\"https:\/\/jornalfatosenoticias.com.br\/\",\"logo\":{\"@type\":\"ImageObject\",\"inLanguage\":\"pt-BR\",\"@id\":\"https:\/\/jornalfatosenoticias.com.br\/#\/schema\/logo\/image\/\",\"url\":\"https:\/\/jornalfatosenoticias.com.br\/wp-content\/uploads\/2020\/02\/logo120.png\",\"contentUrl\":\"https:\/\/jornalfatosenoticias.com.br\/wp-content\/uploads\/2020\/02\/logo120.png\",\"width\":1227,\"height\":120,\"caption\":\"Jornal Fatos e Not\u00edcias\"},\"image\":{\"@id\":\"https:\/\/jornalfatosenoticias.com.br\/#\/schema\/logo\/image\/\"}},{\"@type\":\"Person\",\"@id\":\"https:\/\/jornalfatosenoticias.com.br\/#\/schema\/person\/d63837fa13ac8666eb9e74e0985d6f81\",\"name\":\"Luzimara Fernandes\",\"image\":{\"@type\":\"ImageObject\",\"inLanguage\":\"pt-BR\",\"@id\":\"https:\/\/jornalfatosenoticias.com.br\/#\/schema\/person\/image\/\",\"url\":\"https:\/\/jornalfatosenoticias.com.br\/wp-content\/uploads\/2025\/05\/EU_portal.jpg\",\"contentUrl\":\"https:\/\/jornalfatosenoticias.com.br\/wp-content\/uploads\/2025\/05\/EU_portal.jpg\",\"caption\":\"Luzimara Fernandes\"},\"description\":\"Jornalista MTB 2358-ES\",\"sameAs\":[\"https:\/\/jornalfatosenoticias.com.br\"],\"url\":\"https:\/\/jornalfatosenoticias.com.br\/index.php\/author\/luzimara\/\"}]}<\/script>\n<!-- \/ Yoast SEO plugin. -->","yoast_head_json":{"title":"Cabo submarino que conecta Brasil \u00e0 Europa come\u00e7a a funcionar nesta ter\u00e7a-feira - Jornal Fatos e Not\u00edcias","robots":{"index":"index","follow":"follow","max-snippet":"max-snippet:-1","max-image-preview":"max-image-preview:large","max-video-preview":"max-video-preview:-1"},"canonical":"https:\/\/jornalfatosenoticias.com.br\/index.php\/2021\/05\/31\/cabo-submarino-que-conecta-brasil-a-europa-comeca-a-funcionar-nesta-terca-feira\/","og_locale":"pt_BR","og_type":"article","og_title":"Cabo submarino que conecta Brasil \u00e0 Europa come\u00e7a a funcionar nesta ter\u00e7a-feira - Jornal Fatos e Not\u00edcias","og_description":"O Minist\u00e9rio de Ci\u00eancia, Tecnologia e Inova\u00e7\u00f5es\u00a0(MCTI) anunciou que o primeiro cabo submarino de alta capacidade que liga o\u00a0Brasil ao continente europeu\u00a0vai come\u00e7ar a funcionar nesta ter\u00e7a-feira (1\u00ba). Uma cerim\u00f4nia vai ocorrer em Portugal para marcar o in\u00edcio das opera\u00e7\u00f5es. O ministro Marcos Pontes estar\u00e1 presente no evento.O cabo constru\u00eddo pela EllaLink conta apoio da [&hellip;]","og_url":"https:\/\/jornalfatosenoticias.com.br\/index.php\/2021\/05\/31\/cabo-submarino-que-conecta-brasil-a-europa-comeca-a-funcionar-nesta-terca-feira\/","og_site_name":"Jornal Fatos e Not\u00edcias","article_published_time":"2021-05-31T18:34:29+00:00","article_modified_time":"2021-05-31T18:34:34+00:00","og_image":[{"width":1000,"height":358,"url":"https:\/\/jornalfatosenoticias.com.br\/wp-content\/uploads\/2021\/05\/cabo-submarino_internet.jpg","type":"image\/jpeg"}],"author":"Luzimara Fernandes","twitter_card":"summary_large_image","twitter_misc":{"Escrito por":"Luzimara Fernandes","Est. tempo de leitura":"3 minutos"},"schema":{"@context":"https:\/\/schema.org","@graph":[{"@type":"Article","@id":"https:\/\/jornalfatosenoticias.com.br\/index.php\/2021\/05\/31\/cabo-submarino-que-conecta-brasil-a-europa-comeca-a-funcionar-nesta-terca-feira\/#article","isPartOf":{"@id":"https:\/\/jornalfatosenoticias.com.br\/index.php\/2021\/05\/31\/cabo-submarino-que-conecta-brasil-a-europa-comeca-a-funcionar-nesta-terca-feira\/"},"author":{"name":"Luzimara Fernandes","@id":"https:\/\/jornalfatosenoticias.com.br\/#\/schema\/person\/d63837fa13ac8666eb9e74e0985d6f81"},"headline":"Cabo submarino que conecta Brasil \u00e0 Europa come\u00e7a a funcionar nesta ter\u00e7a-feira","datePublished":"2021-05-31T18:34:29+00:00","dateModified":"2021-05-31T18:34:34+00:00","mainEntityOfPage":{"@id":"https:\/\/jornalfatosenoticias.com.br\/index.php\/2021\/05\/31\/cabo-submarino-que-conecta-brasil-a-europa-comeca-a-funcionar-nesta-terca-feira\/"},"wordCount":566,"commentCount":0,"publisher":{"@id":"https:\/\/jornalfatosenoticias.com.br\/#organization"},"image":{"@id":"https:\/\/jornalfatosenoticias.com.br\/index.php\/2021\/05\/31\/cabo-submarino-que-conecta-brasil-a-europa-comeca-a-funcionar-nesta-terca-feira\/#primaryimage"},"thumbnailUrl":"https:\/\/jornalfatosenoticias.com.br\/wp-content\/uploads\/2021\/05\/cabo-submarino_internet.jpg","keywords":["Brasil","cabo submarino","EllaLink","Europa","fibra \u00f3tica","MCTI"],"articleSection":["Tecnologia &amp; Inova\u00e7\u00e3o"],"inLanguage":"pt-BR","potentialAction":[{"@type":"CommentAction","name":"Comment","target":["https:\/\/jornalfatosenoticias.com.br\/index.php\/2021\/05\/31\/cabo-submarino-que-conecta-brasil-a-europa-comeca-a-funcionar-nesta-terca-feira\/#respond"]}]},{"@type":"WebPage","@id":"https:\/\/jornalfatosenoticias.com.br\/index.php\/2021\/05\/31\/cabo-submarino-que-conecta-brasil-a-europa-comeca-a-funcionar-nesta-terca-feira\/","url":"https:\/\/jornalfatosenoticias.com.br\/index.php\/2021\/05\/31\/cabo-submarino-que-conecta-brasil-a-europa-comeca-a-funcionar-nesta-terca-feira\/","name":"Cabo submarino que conecta Brasil \u00e0 Europa come\u00e7a a funcionar nesta ter\u00e7a-feira - Jornal Fatos e Not\u00edcias","isPartOf":{"@id":"https:\/\/jornalfatosenoticias.com.br\/#website"},"primaryImageOfPage":{"@id":"https:\/\/jornalfatosenoticias.com.br\/index.php\/2021\/05\/31\/cabo-submarino-que-conecta-brasil-a-europa-comeca-a-funcionar-nesta-terca-feira\/#primaryimage"},"image":{"@id":"https:\/\/jornalfatosenoticias.com.br\/index.php\/2021\/05\/31\/cabo-submarino-que-conecta-brasil-a-europa-comeca-a-funcionar-nesta-terca-feira\/#primaryimage"},"thumbnailUrl":"https:\/\/jornalfatosenoticias.com.br\/wp-content\/uploads\/2021\/05\/cabo-submarino_internet.jpg","datePublished":"2021-05-31T18:34:29+00:00","dateModified":"2021-05-31T18:34:34+00:00","breadcrumb":{"@id":"https:\/\/jornalfatosenoticias.com.br\/index.php\/2021\/05\/31\/cabo-submarino-que-conecta-brasil-a-europa-comeca-a-funcionar-nesta-terca-feira\/#breadcrumb"},"inLanguage":"pt-BR","potentialAction":[{"@type":"ReadAction","target":["https:\/\/jornalfatosenoticias.com.br\/index.php\/2021\/05\/31\/cabo-submarino-que-conecta-brasil-a-europa-comeca-a-funcionar-nesta-terca-feira\/"]}]},{"@type":"ImageObject","inLanguage":"pt-BR","@id":"https:\/\/jornalfatosenoticias.com.br\/index.php\/2021\/05\/31\/cabo-submarino-que-conecta-brasil-a-europa-comeca-a-funcionar-nesta-terca-feira\/#primaryimage","url":"https:\/\/jornalfatosenoticias.com.br\/wp-content\/uploads\/2021\/05\/cabo-submarino_internet.jpg","contentUrl":"https:\/\/jornalfatosenoticias.com.br\/wp-content\/uploads\/2021\/05\/cabo-submarino_internet.jpg","width":1000,"height":358},{"@type":"BreadcrumbList","@id":"https:\/\/jornalfatosenoticias.com.br\/index.php\/2021\/05\/31\/cabo-submarino-que-conecta-brasil-a-europa-comeca-a-funcionar-nesta-terca-feira\/#breadcrumb","itemListElement":[{"@type":"ListItem","position":1,"name":"In\u00edcio","item":"https:\/\/jornalfatosenoticias.com.br\/"},{"@type":"ListItem","position":2,"name":"Cabo submarino que conecta Brasil \u00e0 Europa come\u00e7a a funcionar nesta ter\u00e7a-feira"}]},{"@type":"WebSite","@id":"https:\/\/jornalfatosenoticias.com.br\/#website","url":"https:\/\/jornalfatosenoticias.com.br\/","name":"Jornal Fatos e Not\u00edcias","description":"Not\u00edcias em geral","publisher":{"@id":"https:\/\/jornalfatosenoticias.com.br\/#organization"},"potentialAction":[{"@type":"SearchAction","target":{"@type":"EntryPoint","urlTemplate":"https:\/\/jornalfatosenoticias.com.br\/?s={search_term_string}"},"query-input":{"@type":"PropertyValueSpecification","valueRequired":true,"valueName":"search_term_string"}}],"inLanguage":"pt-BR"},{"@type":"Organization","@id":"https:\/\/jornalfatosenoticias.com.br\/#organization","name":"Jornal Fatos e Not\u00edcias","url":"https:\/\/jornalfatosenoticias.com.br\/","logo":{"@type":"ImageObject","inLanguage":"pt-BR","@id":"https:\/\/jornalfatosenoticias.com.br\/#\/schema\/logo\/image\/","url":"https:\/\/jornalfatosenoticias.com.br\/wp-content\/uploads\/2020\/02\/logo120.png","contentUrl":"https:\/\/jornalfatosenoticias.com.br\/wp-content\/uploads\/2020\/02\/logo120.png","width":1227,"height":120,"caption":"Jornal Fatos e Not\u00edcias"},"image":{"@id":"https:\/\/jornalfatosenoticias.com.br\/#\/schema\/logo\/image\/"}},{"@type":"Person","@id":"https:\/\/jornalfatosenoticias.com.br\/#\/schema\/person\/d63837fa13ac8666eb9e74e0985d6f81","name":"Luzimara Fernandes","image":{"@type":"ImageObject","inLanguage":"pt-BR","@id":"https:\/\/jornalfatosenoticias.com.br\/#\/schema\/person\/image\/","url":"https:\/\/jornalfatosenoticias.com.br\/wp-content\/uploads\/2025\/05\/EU_portal.jpg","contentUrl":"https:\/\/jornalfatosenoticias.com.br\/wp-content\/uploads\/2025\/05\/EU_portal.jpg","caption":"Luzimara Fernandes"},"description":"Jornalista MTB 2358-ES","sameAs":["https:\/\/jornalfatosenoticias.com.br"],"url":"https:\/\/jornalfatosenoticias.com.br\/index.php\/author\/luzimara\/"}]}},"cc_featured_image_caption":{"caption_text":"(Foto: Reprodu\u00e7\u00e3o) ","source_text":"","source_url":""},"jetpack_featured_media_url":"https:\/\/jornalfatosenoticias.com.br\/wp-content\/uploads\/2021\/05\/cabo-submarino_internet.jpg","_links":{"self":[{"href":"https:\/\/jornalfatosenoticias.com.br\/index.php\/wp-json\/wp\/v2\/posts\/18769","targetHints":{"allow":["GET"]}}],"collection":[{"href":"https:\/\/jornalfatosenoticias.com.br\/index.php\/wp-json\/wp\/v2\/posts"}],"about":[{"href":"https:\/\/jornalfatosenoticias.com.br\/index.php\/wp-json\/wp\/v2\/types\/post"}],"author":[{"embeddable":true,"href":"https:\/\/jornalfatosenoticias.com.br\/index.php\/wp-json\/wp\/v2\/users\/2"}],"replies":[{"embeddable":true,"href":"https:\/\/jornalfatosenoticias.com.br\/index.php\/wp-json\/wp\/v2\/comments?post=18769"}],"version-history":[{"count":0,"href":"https:\/\/jornalfatosenoticias.com.br\/index.php\/wp-json\/wp\/v2\/posts\/18769\/revisions"}],"wp:featuredmedia":[{"embeddable":true,"href":"https:\/\/jornalfatosenoticias.com.br\/index.php\/wp-json\/wp\/v2\/media\/18771"}],"wp:attachment":[{"href":"https:\/\/jornalfatosenoticias.com.br\/index.php\/wp-json\/wp\/v2\/media?parent=18769"}],"wp:term":[{"taxonomy":"category","embeddable":true,"href":"https:\/\/jornalfatosenoticias.com.br\/index.php\/wp-json\/wp\/v2\/categories?post=18769"},{"taxonomy":"post_tag","embeddable":true,"href":"https:\/\/jornalfatosenoticias.com.br\/index.php\/wp-json\/wp\/v2\/tags?post=18769"}],"curies":[{"name":"wp","href":"https:\/\/api.w.org\/{rel}","templated":true}]}}