{"id":18774,"date":"2021-05-31T15:59:35","date_gmt":"2021-05-31T18:59:35","guid":{"rendered":"https:\/\/jornalfatosenoticias.com.br\/?p=18774"},"modified":"2021-05-31T15:59:40","modified_gmt":"2021-05-31T18:59:40","slug":"curon-a-vila-italiana-que-ressurgiu-apos-70-anos-submersa","status":"publish","type":"post","link":"https:\/\/jornalfatosenoticias.com.br\/index.php\/2021\/05\/31\/curon-a-vila-italiana-que-ressurgiu-apos-70-anos-submersa\/","title":{"rendered":"Curon, a vila italiana que ressurgiu ap\u00f3s 70 anos submersa"},"content":{"rendered":"\n<p><em><span class=\"has-inline-color has-black-color\">O territ\u00f3rio que um dia pertenceu ao Imp\u00e9rio Austro-H\u00fangaro, inspirou uma s\u00e9rie de suspense da Netflix, lan\u00e7ada em 2020<\/span><\/em><\/p>\n\n\n\n<p>Uma antiga <a href=\"https:\/\/aventurasnahistoria.uol.com.br\/noticias\/historia-hoje\/vila-italiana-ira-emergir-da-agua-depois-de-27-anos-inundada.phtml\">vila italiana<\/a>\u00a0chamada Curon, que estava debaixo d&#8217;\u00e1gua desde 1950, voltou a aparecer ap\u00f3s sete d\u00e9cadas. De acordo com informa\u00e7\u00f5es da rede BBC, o territ\u00f3rio foi inundado pelo governo italiano nos anos que se seguiram ao fim da<a href=\"https:\/\/aventurasnahistoria.uol.com.br\/noticias\/galeria\/historia-foto-dia-d-desembarque-normandia-segunda-guerra.phtml\">\u00a0Segunda Guerra Mundial<\/a>\u00a0para que fossem criados um lago artificial e uma<a href=\"https:\/\/aventurasnahistoria.uol.com.br\/noticias\/acervo\/ultimas-foto-selo-hidreletrica-436057.phtml\">\u00a0usina hidrel\u00e9trica<\/a>.<br>O reaparecimento do vilarejo nos presentes dias se deu em raz\u00e3o da necessidade de uma obra de reparo. Para realiz\u00e1-la, foi preciso drenar temporariamente o trecho chamado Lago Resia, onde \u00e9 poss\u00edvel avistar uma torre de sino do s\u00e9culo 14. Esta mesma <a href=\"https:\/\/aventurasnahistoria.uol.com.br\/noticias\/historia-hoje\/torre-de-babel-era-real-afirma-professor-da-universidade-de-londres.phtml\">torre<\/a> aparece na s\u00e9rie da plataforma de streaming Netflix &#8220;Curon&#8221;, lan\u00e7ada em 2020.<\/p>\n\n\n\n<h4 class=\"wp-block-heading\"><span class=\"has-inline-color has-black-color\">Uma nova paisagem<\/span><\/h4>\n\n\n\n<figure class=\"wp-block-image size-large\"><img loading=\"lazy\" decoding=\"async\" width=\"1000\" height=\"562\" src=\"https:\/\/jornalfatosenoticias.com.br\/wp-content\/uploads\/2021\/05\/curon_italia.jpg\" alt=\"\" class=\"wp-image-18776\" srcset=\"https:\/\/jornalfatosenoticias.com.br\/wp-content\/uploads\/2021\/05\/curon_italia.jpg 1000w, https:\/\/jornalfatosenoticias.com.br\/wp-content\/uploads\/2021\/05\/curon_italia-300x169.jpg 300w, https:\/\/jornalfatosenoticias.com.br\/wp-content\/uploads\/2021\/05\/curon_italia-768x432.jpg 768w\" sizes=\"auto, (max-width: 1000px) 100vw, 1000px\" \/><figcaption><em><span class=\"has-inline-color has-black-color\">O local inspirou uma s\u00e9rie de lendas (Foto: Divulga\u00e7\u00e3o\/Twitter\/@AvventuraII)<\/span><\/em><\/figcaption><\/figure>\n\n\n\n<p>Desde que o processo de drenagem foi realizado, uma s\u00e9rie de publica\u00e7\u00f5es sobre o local, realizadas, em sua maioria, por moradores das redondezas, surgiu nas redes sociais.<br>Pessoas que, antes, poderiam ver apenas uma antiga torre em meio a um lago, de repente puderam notar a presen\u00e7a de degraus, por\u00f5es, paredes entre outros resqu\u00edcios de constru\u00e7\u00f5es de outra \u00e9poca.<br>\u201cQue sensa\u00e7\u00e3o estranha andar pelos <a href=\"https:\/\/aventurasnahistoria.uol.com.br\/noticias\/reportagem\/15-dias-sobrevivendo-sob-escombros-saga-de-darlene-etienne.phtml\">escombros das casas<\/a>\u201d, escreveu a moradora da regi\u00e3o, <strong>Luisa Azzolini<\/strong>, em uma publica\u00e7\u00e3o no Twitter.<br>O site enfatiza, no entanto, que esta n\u00e3o \u00e9 a primeira vez que o lago sofre um processo de drenagem: no ano de 2009, foi necess\u00e1ria outra reforma para consertar rachaduras que haviam surgido na torre. Contudo, a retirada teria sido apenas parcial.<\/p>\n\n\n\n<h4 class=\"wp-block-heading\"><span class=\"has-inline-color has-black-color\">Localiza\u00e7\u00e3o e hist\u00f3ria<\/span><\/h4>\n\n\n\n<figure class=\"wp-block-image size-large\"><img loading=\"lazy\" decoding=\"async\" width=\"1000\" height=\"750\" src=\"https:\/\/jornalfatosenoticias.com.br\/wp-content\/uploads\/2021\/05\/vila-de-curon.jpg\" alt=\"\" class=\"wp-image-18775\" srcset=\"https:\/\/jornalfatosenoticias.com.br\/wp-content\/uploads\/2021\/05\/vila-de-curon.jpg 1000w, https:\/\/jornalfatosenoticias.com.br\/wp-content\/uploads\/2021\/05\/vila-de-curon-300x225.jpg 300w, https:\/\/jornalfatosenoticias.com.br\/wp-content\/uploads\/2021\/05\/vila-de-curon-768x576.jpg 768w\" sizes=\"auto, (max-width: 1000px) 100vw, 1000px\" \/><figcaption><em><span class=\"has-inline-color has-black-color\">A vila de Curon finalmente ressurgiu (Foto: Divulga\u00e7\u00e3o\/Twitter\/@AvventuraII)<\/span><\/em><\/figcaption><\/figure>\n\n\n\n<p>Um fato um tanto curioso \u00e9 que grande parte dos moradores da regi\u00e3o fala a l\u00edngua alem\u00e3. Isso ocorre porque a prov\u00edncia de Tirol do Sul, onde est\u00e1 localizada a vila, antigamente fazia parte do <a href=\"https:\/\/aventurasnahistoria.uol.com.br\/noticias\/reportagem\/francisco-ferdinando-uniforme-relembra-o-assassinato-que-causou-a-morte-de-20-milhoes-de-pessoas.phtml\">Imp\u00e9rio Austro-H\u00fangaro<\/a>.<br>A situa\u00e7\u00e3o permaneceu desta maneira at\u00e9 o fim da <a href=\"https:\/\/aventurasnahistoria.uol.com.br\/noticias\/almanaque\/de-mascaras-faciais-escassez-de-alimentos-primeira-guerra-em-5-fatos-curiosos.phtml\">Primeira Guerra Mundial<\/a>, em 1919, quando o territ\u00f3rio foi anexado \u00e0 It\u00e1lia.<br>Mais tarde, quando o pa\u00eds estava sob o comando de <a href=\"https:\/\/aventurasnahistoria.uol.com.br\/noticias\/reportagem\/mussolini-antes-de-ser-adepto-do-fascismo-era-um-militante-socialista-de-esquerda.phtml\"><strong>Benito Mussolini<\/strong><\/a>, o governo criou um plano que daria origem ao Lago Resia. Contudo, o projeto da usina hidrel\u00e9trica, seria conclu\u00eddo somente ap\u00f3s o fim da Segunda Guerra Mundial.<br>A lagoa artificial foi constru\u00edda com base nos lagos di Resia, Curon e tamb\u00e9m no Lago di San Valentino alla Muta. Para a realiza\u00e7\u00e3o do projeto, por\u00e9m, foi preciso que as cerca de mil pessoas que ali viviam se retirassem do local.<br>Conforme o site de turismo da regi\u00e3o italiana de Passo de R\u00e9cia, todos eles receberam uma quantia que seria o suficiente para a realiza\u00e7\u00e3o da mudan\u00e7a para uma cidade pr\u00f3xima.<br>O vilarejo ainda \u00e9 citado em um livro do escritor italiano <strong>Marco Balzano<\/strong> chamado &#8216;Daqui n\u00e3o Saio&#8217;. O romance serviu como base para o roteiro da s\u00e9rie de suspense da Netflix, Curon, que estreou em 2020 na plataforma de streaming.<\/p>\n\n\n\n<figure class=\"wp-block-embed-youtube wp-block-embed is-type-video is-provider-youtube wp-embed-aspect-16-9 wp-has-aspect-ratio\"><div class=\"wp-block-embed__wrapper\">\n<iframe loading=\"lazy\" title=\"Curon | Trailer oficial | Netflix\" width=\"660\" height=\"371\" src=\"https:\/\/www.youtube.com\/embed\/5IgdyeF3a60?feature=oembed\" frameborder=\"0\" allow=\"accelerometer; autoplay; clipboard-write; encrypted-media; gyroscope; picture-in-picture; web-share\" referrerpolicy=\"strict-origin-when-cross-origin\" allowfullscreen><\/iframe>\n<\/div><\/figure>\n\n\n\n<p><em><span class=\"has-inline-color has-black-color\"><strong>Foto de capa: <\/strong>Wikimedia Commons\/Gregorini Demetrio<\/span><\/em><\/p>\n\n\n\n<p><strong><em>Fonte: <a href=\"https:\/\/aventurasnahistoria.uol.com.br\/noticias\/reportagem\/curon-vila-italiana-que-ressurgiu-apos-70-anos-submersa.phtml\">Aventuras na Hist\u00f3ria<\/a><\/em><\/strong><\/p>\n","protected":false},"excerpt":{"rendered":"<p>O territ\u00f3rio que um dia pertenceu ao Imp\u00e9rio Austro-H\u00fangaro, inspirou uma s\u00e9rie de suspense da Netflix, lan\u00e7ada em 2020 Uma antiga vila italiana\u00a0chamada Curon, que estava debaixo d&#8217;\u00e1gua desde 1950, voltou a aparecer ap\u00f3s sete d\u00e9cadas. De acordo com informa\u00e7\u00f5es da rede BBC, o territ\u00f3rio foi inundado pelo governo italiano nos anos que se seguiram [&hellip;]<\/p>\n","protected":false},"author":2,"featured_media":18777,"comment_status":"open","ping_status":"open","sticky":false,"template":"","format":"standard","meta":{"footnotes":""},"categories":[746],"tags":[1478,9265,124,4126,9266,2970,9267,9268,9269],"class_list":["post-18774","post","type-post","status-publish","format-standard","has-post-thumbnail","hentry","category-turismo","tag-arqueologia","tag-curon","tag-italia","tag-lago-titicaca","tag-ressurge","tag-serie","tag-submersa","tag-vila","tag-vilarejo"],"yoast_head":"<!-- This site is optimized with the Yoast SEO plugin v26.5 - https:\/\/yoast.com\/wordpress\/plugins\/seo\/ -->\n<title>Curon, a vila italiana que ressurgiu ap\u00f3s 70 anos submersa - Jornal Fatos e Not\u00edcias<\/title>\n<meta name=\"robots\" content=\"index, follow, max-snippet:-1, max-image-preview:large, max-video-preview:-1\" \/>\n<link rel=\"canonical\" href=\"https:\/\/jornalfatosenoticias.com.br\/index.php\/2021\/05\/31\/curon-a-vila-italiana-que-ressurgiu-apos-70-anos-submersa\/\" \/>\n<meta property=\"og:locale\" content=\"pt_BR\" \/>\n<meta property=\"og:type\" content=\"article\" \/>\n<meta property=\"og:title\" content=\"Curon, a vila italiana que ressurgiu ap\u00f3s 70 anos submersa - Jornal Fatos e Not\u00edcias\" \/>\n<meta property=\"og:description\" content=\"O territ\u00f3rio que um dia pertenceu ao Imp\u00e9rio Austro-H\u00fangaro, inspirou uma s\u00e9rie de suspense da Netflix, lan\u00e7ada em 2020 Uma antiga vila italiana\u00a0chamada Curon, que estava debaixo d&#8217;\u00e1gua desde 1950, voltou a aparecer ap\u00f3s sete d\u00e9cadas. De acordo com informa\u00e7\u00f5es da rede BBC, o territ\u00f3rio foi inundado pelo governo italiano nos anos que se seguiram [&hellip;]\" \/>\n<meta property=\"og:url\" content=\"https:\/\/jornalfatosenoticias.com.br\/index.php\/2021\/05\/31\/curon-a-vila-italiana-que-ressurgiu-apos-70-anos-submersa\/\" \/>\n<meta property=\"og:site_name\" content=\"Jornal Fatos e Not\u00edcias\" \/>\n<meta property=\"article:published_time\" content=\"2021-05-31T18:59:35+00:00\" \/>\n<meta property=\"article:modified_time\" content=\"2021-05-31T18:59:40+00:00\" \/>\n<meta property=\"og:image\" content=\"https:\/\/jornalfatosenoticias.com.br\/wp-content\/uploads\/2021\/05\/curon_venosta.jpg\" \/>\n\t<meta property=\"og:image:width\" content=\"1000\" \/>\n\t<meta property=\"og:image:height\" content=\"562\" \/>\n\t<meta property=\"og:image:type\" content=\"image\/jpeg\" \/>\n<meta name=\"author\" content=\"Luzimara Fernandes\" \/>\n<meta name=\"twitter:card\" content=\"summary_large_image\" \/>\n<meta name=\"twitter:label1\" content=\"Escrito por\" \/>\n\t<meta name=\"twitter:data1\" content=\"Luzimara Fernandes\" \/>\n\t<meta name=\"twitter:label2\" content=\"Est. tempo de leitura\" \/>\n\t<meta name=\"twitter:data2\" content=\"3 minutos\" \/>\n<script type=\"application\/ld+json\" class=\"yoast-schema-graph\">{\"@context\":\"https:\/\/schema.org\",\"@graph\":[{\"@type\":\"Article\",\"@id\":\"https:\/\/jornalfatosenoticias.com.br\/index.php\/2021\/05\/31\/curon-a-vila-italiana-que-ressurgiu-apos-70-anos-submersa\/#article\",\"isPartOf\":{\"@id\":\"https:\/\/jornalfatosenoticias.com.br\/index.php\/2021\/05\/31\/curon-a-vila-italiana-que-ressurgiu-apos-70-anos-submersa\/\"},\"author\":{\"name\":\"Luzimara Fernandes\",\"@id\":\"https:\/\/jornalfatosenoticias.com.br\/#\/schema\/person\/d63837fa13ac8666eb9e74e0985d6f81\"},\"headline\":\"Curon, a vila italiana que ressurgiu ap\u00f3s 70 anos submersa\",\"datePublished\":\"2021-05-31T18:59:35+00:00\",\"dateModified\":\"2021-05-31T18:59:40+00:00\",\"mainEntityOfPage\":{\"@id\":\"https:\/\/jornalfatosenoticias.com.br\/index.php\/2021\/05\/31\/curon-a-vila-italiana-que-ressurgiu-apos-70-anos-submersa\/\"},\"wordCount\":565,\"commentCount\":0,\"publisher\":{\"@id\":\"https:\/\/jornalfatosenoticias.com.br\/#organization\"},\"image\":{\"@id\":\"https:\/\/jornalfatosenoticias.com.br\/index.php\/2021\/05\/31\/curon-a-vila-italiana-que-ressurgiu-apos-70-anos-submersa\/#primaryimage\"},\"thumbnailUrl\":\"https:\/\/jornalfatosenoticias.com.br\/wp-content\/uploads\/2021\/05\/curon_venosta.jpg\",\"keywords\":[\"arqueologia\",\"Curon\",\"It\u00e1lia\",\"lago Titicaca\",\"ressurge\",\"s\u00e9rie\",\"submersa\",\"vila\",\"vilarejo\"],\"articleSection\":[\"Turismo\"],\"inLanguage\":\"pt-BR\",\"potentialAction\":[{\"@type\":\"CommentAction\",\"name\":\"Comment\",\"target\":[\"https:\/\/jornalfatosenoticias.com.br\/index.php\/2021\/05\/31\/curon-a-vila-italiana-que-ressurgiu-apos-70-anos-submersa\/#respond\"]}]},{\"@type\":\"WebPage\",\"@id\":\"https:\/\/jornalfatosenoticias.com.br\/index.php\/2021\/05\/31\/curon-a-vila-italiana-que-ressurgiu-apos-70-anos-submersa\/\",\"url\":\"https:\/\/jornalfatosenoticias.com.br\/index.php\/2021\/05\/31\/curon-a-vila-italiana-que-ressurgiu-apos-70-anos-submersa\/\",\"name\":\"Curon, a vila italiana que ressurgiu ap\u00f3s 70 anos submersa - Jornal Fatos e Not\u00edcias\",\"isPartOf\":{\"@id\":\"https:\/\/jornalfatosenoticias.com.br\/#website\"},\"primaryImageOfPage\":{\"@id\":\"https:\/\/jornalfatosenoticias.com.br\/index.php\/2021\/05\/31\/curon-a-vila-italiana-que-ressurgiu-apos-70-anos-submersa\/#primaryimage\"},\"image\":{\"@id\":\"https:\/\/jornalfatosenoticias.com.br\/index.php\/2021\/05\/31\/curon-a-vila-italiana-que-ressurgiu-apos-70-anos-submersa\/#primaryimage\"},\"thumbnailUrl\":\"https:\/\/jornalfatosenoticias.com.br\/wp-content\/uploads\/2021\/05\/curon_venosta.jpg\",\"datePublished\":\"2021-05-31T18:59:35+00:00\",\"dateModified\":\"2021-05-31T18:59:40+00:00\",\"breadcrumb\":{\"@id\":\"https:\/\/jornalfatosenoticias.com.br\/index.php\/2021\/05\/31\/curon-a-vila-italiana-que-ressurgiu-apos-70-anos-submersa\/#breadcrumb\"},\"inLanguage\":\"pt-BR\",\"potentialAction\":[{\"@type\":\"ReadAction\",\"target\":[\"https:\/\/jornalfatosenoticias.com.br\/index.php\/2021\/05\/31\/curon-a-vila-italiana-que-ressurgiu-apos-70-anos-submersa\/\"]}]},{\"@type\":\"ImageObject\",\"inLanguage\":\"pt-BR\",\"@id\":\"https:\/\/jornalfatosenoticias.com.br\/index.php\/2021\/05\/31\/curon-a-vila-italiana-que-ressurgiu-apos-70-anos-submersa\/#primaryimage\",\"url\":\"https:\/\/jornalfatosenoticias.com.br\/wp-content\/uploads\/2021\/05\/curon_venosta.jpg\",\"contentUrl\":\"https:\/\/jornalfatosenoticias.com.br\/wp-content\/uploads\/2021\/05\/curon_venosta.jpg\",\"width\":1000,\"height\":562},{\"@type\":\"BreadcrumbList\",\"@id\":\"https:\/\/jornalfatosenoticias.com.br\/index.php\/2021\/05\/31\/curon-a-vila-italiana-que-ressurgiu-apos-70-anos-submersa\/#breadcrumb\",\"itemListElement\":[{\"@type\":\"ListItem\",\"position\":1,\"name\":\"In\u00edcio\",\"item\":\"https:\/\/jornalfatosenoticias.com.br\/\"},{\"@type\":\"ListItem\",\"position\":2,\"name\":\"Curon, a vila italiana que ressurgiu ap\u00f3s 70 anos submersa\"}]},{\"@type\":\"WebSite\",\"@id\":\"https:\/\/jornalfatosenoticias.com.br\/#website\",\"url\":\"https:\/\/jornalfatosenoticias.com.br\/\",\"name\":\"Jornal Fatos e Not\u00edcias\",\"description\":\"Not\u00edcias em geral\",\"publisher\":{\"@id\":\"https:\/\/jornalfatosenoticias.com.br\/#organization\"},\"potentialAction\":[{\"@type\":\"SearchAction\",\"target\":{\"@type\":\"EntryPoint\",\"urlTemplate\":\"https:\/\/jornalfatosenoticias.com.br\/?s={search_term_string}\"},\"query-input\":{\"@type\":\"PropertyValueSpecification\",\"valueRequired\":true,\"valueName\":\"search_term_string\"}}],\"inLanguage\":\"pt-BR\"},{\"@type\":\"Organization\",\"@id\":\"https:\/\/jornalfatosenoticias.com.br\/#organization\",\"name\":\"Jornal Fatos e Not\u00edcias\",\"url\":\"https:\/\/jornalfatosenoticias.com.br\/\",\"logo\":{\"@type\":\"ImageObject\",\"inLanguage\":\"pt-BR\",\"@id\":\"https:\/\/jornalfatosenoticias.com.br\/#\/schema\/logo\/image\/\",\"url\":\"https:\/\/jornalfatosenoticias.com.br\/wp-content\/uploads\/2020\/02\/logo120.png\",\"contentUrl\":\"https:\/\/jornalfatosenoticias.com.br\/wp-content\/uploads\/2020\/02\/logo120.png\",\"width\":1227,\"height\":120,\"caption\":\"Jornal Fatos e Not\u00edcias\"},\"image\":{\"@id\":\"https:\/\/jornalfatosenoticias.com.br\/#\/schema\/logo\/image\/\"}},{\"@type\":\"Person\",\"@id\":\"https:\/\/jornalfatosenoticias.com.br\/#\/schema\/person\/d63837fa13ac8666eb9e74e0985d6f81\",\"name\":\"Luzimara Fernandes\",\"image\":{\"@type\":\"ImageObject\",\"inLanguage\":\"pt-BR\",\"@id\":\"https:\/\/jornalfatosenoticias.com.br\/#\/schema\/person\/image\/\",\"url\":\"https:\/\/jornalfatosenoticias.com.br\/wp-content\/uploads\/2025\/05\/EU_portal.jpg\",\"contentUrl\":\"https:\/\/jornalfatosenoticias.com.br\/wp-content\/uploads\/2025\/05\/EU_portal.jpg\",\"caption\":\"Luzimara Fernandes\"},\"description\":\"Jornalista MTB 2358-ES\",\"sameAs\":[\"https:\/\/jornalfatosenoticias.com.br\"],\"url\":\"https:\/\/jornalfatosenoticias.com.br\/index.php\/author\/luzimara\/\"}]}<\/script>\n<!-- \/ Yoast SEO plugin. -->","yoast_head_json":{"title":"Curon, a vila italiana que ressurgiu ap\u00f3s 70 anos submersa - Jornal Fatos e Not\u00edcias","robots":{"index":"index","follow":"follow","max-snippet":"max-snippet:-1","max-image-preview":"max-image-preview:large","max-video-preview":"max-video-preview:-1"},"canonical":"https:\/\/jornalfatosenoticias.com.br\/index.php\/2021\/05\/31\/curon-a-vila-italiana-que-ressurgiu-apos-70-anos-submersa\/","og_locale":"pt_BR","og_type":"article","og_title":"Curon, a vila italiana que ressurgiu ap\u00f3s 70 anos submersa - Jornal Fatos e Not\u00edcias","og_description":"O territ\u00f3rio que um dia pertenceu ao Imp\u00e9rio Austro-H\u00fangaro, inspirou uma s\u00e9rie de suspense da Netflix, lan\u00e7ada em 2020 Uma antiga vila italiana\u00a0chamada Curon, que estava debaixo d&#8217;\u00e1gua desde 1950, voltou a aparecer ap\u00f3s sete d\u00e9cadas. De acordo com informa\u00e7\u00f5es da rede BBC, o territ\u00f3rio foi inundado pelo governo italiano nos anos que se seguiram [&hellip;]","og_url":"https:\/\/jornalfatosenoticias.com.br\/index.php\/2021\/05\/31\/curon-a-vila-italiana-que-ressurgiu-apos-70-anos-submersa\/","og_site_name":"Jornal Fatos e Not\u00edcias","article_published_time":"2021-05-31T18:59:35+00:00","article_modified_time":"2021-05-31T18:59:40+00:00","og_image":[{"width":1000,"height":562,"url":"https:\/\/jornalfatosenoticias.com.br\/wp-content\/uploads\/2021\/05\/curon_venosta.jpg","type":"image\/jpeg"}],"author":"Luzimara Fernandes","twitter_card":"summary_large_image","twitter_misc":{"Escrito por":"Luzimara Fernandes","Est. tempo de leitura":"3 minutos"},"schema":{"@context":"https:\/\/schema.org","@graph":[{"@type":"Article","@id":"https:\/\/jornalfatosenoticias.com.br\/index.php\/2021\/05\/31\/curon-a-vila-italiana-que-ressurgiu-apos-70-anos-submersa\/#article","isPartOf":{"@id":"https:\/\/jornalfatosenoticias.com.br\/index.php\/2021\/05\/31\/curon-a-vila-italiana-que-ressurgiu-apos-70-anos-submersa\/"},"author":{"name":"Luzimara Fernandes","@id":"https:\/\/jornalfatosenoticias.com.br\/#\/schema\/person\/d63837fa13ac8666eb9e74e0985d6f81"},"headline":"Curon, a vila italiana que ressurgiu ap\u00f3s 70 anos submersa","datePublished":"2021-05-31T18:59:35+00:00","dateModified":"2021-05-31T18:59:40+00:00","mainEntityOfPage":{"@id":"https:\/\/jornalfatosenoticias.com.br\/index.php\/2021\/05\/31\/curon-a-vila-italiana-que-ressurgiu-apos-70-anos-submersa\/"},"wordCount":565,"commentCount":0,"publisher":{"@id":"https:\/\/jornalfatosenoticias.com.br\/#organization"},"image":{"@id":"https:\/\/jornalfatosenoticias.com.br\/index.php\/2021\/05\/31\/curon-a-vila-italiana-que-ressurgiu-apos-70-anos-submersa\/#primaryimage"},"thumbnailUrl":"https:\/\/jornalfatosenoticias.com.br\/wp-content\/uploads\/2021\/05\/curon_venosta.jpg","keywords":["arqueologia","Curon","It\u00e1lia","lago Titicaca","ressurge","s\u00e9rie","submersa","vila","vilarejo"],"articleSection":["Turismo"],"inLanguage":"pt-BR","potentialAction":[{"@type":"CommentAction","name":"Comment","target":["https:\/\/jornalfatosenoticias.com.br\/index.php\/2021\/05\/31\/curon-a-vila-italiana-que-ressurgiu-apos-70-anos-submersa\/#respond"]}]},{"@type":"WebPage","@id":"https:\/\/jornalfatosenoticias.com.br\/index.php\/2021\/05\/31\/curon-a-vila-italiana-que-ressurgiu-apos-70-anos-submersa\/","url":"https:\/\/jornalfatosenoticias.com.br\/index.php\/2021\/05\/31\/curon-a-vila-italiana-que-ressurgiu-apos-70-anos-submersa\/","name":"Curon, a vila italiana que ressurgiu ap\u00f3s 70 anos submersa - Jornal Fatos e Not\u00edcias","isPartOf":{"@id":"https:\/\/jornalfatosenoticias.com.br\/#website"},"primaryImageOfPage":{"@id":"https:\/\/jornalfatosenoticias.com.br\/index.php\/2021\/05\/31\/curon-a-vila-italiana-que-ressurgiu-apos-70-anos-submersa\/#primaryimage"},"image":{"@id":"https:\/\/jornalfatosenoticias.com.br\/index.php\/2021\/05\/31\/curon-a-vila-italiana-que-ressurgiu-apos-70-anos-submersa\/#primaryimage"},"thumbnailUrl":"https:\/\/jornalfatosenoticias.com.br\/wp-content\/uploads\/2021\/05\/curon_venosta.jpg","datePublished":"2021-05-31T18:59:35+00:00","dateModified":"2021-05-31T18:59:40+00:00","breadcrumb":{"@id":"https:\/\/jornalfatosenoticias.com.br\/index.php\/2021\/05\/31\/curon-a-vila-italiana-que-ressurgiu-apos-70-anos-submersa\/#breadcrumb"},"inLanguage":"pt-BR","potentialAction":[{"@type":"ReadAction","target":["https:\/\/jornalfatosenoticias.com.br\/index.php\/2021\/05\/31\/curon-a-vila-italiana-que-ressurgiu-apos-70-anos-submersa\/"]}]},{"@type":"ImageObject","inLanguage":"pt-BR","@id":"https:\/\/jornalfatosenoticias.com.br\/index.php\/2021\/05\/31\/curon-a-vila-italiana-que-ressurgiu-apos-70-anos-submersa\/#primaryimage","url":"https:\/\/jornalfatosenoticias.com.br\/wp-content\/uploads\/2021\/05\/curon_venosta.jpg","contentUrl":"https:\/\/jornalfatosenoticias.com.br\/wp-content\/uploads\/2021\/05\/curon_venosta.jpg","width":1000,"height":562},{"@type":"BreadcrumbList","@id":"https:\/\/jornalfatosenoticias.com.br\/index.php\/2021\/05\/31\/curon-a-vila-italiana-que-ressurgiu-apos-70-anos-submersa\/#breadcrumb","itemListElement":[{"@type":"ListItem","position":1,"name":"In\u00edcio","item":"https:\/\/jornalfatosenoticias.com.br\/"},{"@type":"ListItem","position":2,"name":"Curon, a vila italiana que ressurgiu ap\u00f3s 70 anos submersa"}]},{"@type":"WebSite","@id":"https:\/\/jornalfatosenoticias.com.br\/#website","url":"https:\/\/jornalfatosenoticias.com.br\/","name":"Jornal Fatos e Not\u00edcias","description":"Not\u00edcias em geral","publisher":{"@id":"https:\/\/jornalfatosenoticias.com.br\/#organization"},"potentialAction":[{"@type":"SearchAction","target":{"@type":"EntryPoint","urlTemplate":"https:\/\/jornalfatosenoticias.com.br\/?s={search_term_string}"},"query-input":{"@type":"PropertyValueSpecification","valueRequired":true,"valueName":"search_term_string"}}],"inLanguage":"pt-BR"},{"@type":"Organization","@id":"https:\/\/jornalfatosenoticias.com.br\/#organization","name":"Jornal Fatos e Not\u00edcias","url":"https:\/\/jornalfatosenoticias.com.br\/","logo":{"@type":"ImageObject","inLanguage":"pt-BR","@id":"https:\/\/jornalfatosenoticias.com.br\/#\/schema\/logo\/image\/","url":"https:\/\/jornalfatosenoticias.com.br\/wp-content\/uploads\/2020\/02\/logo120.png","contentUrl":"https:\/\/jornalfatosenoticias.com.br\/wp-content\/uploads\/2020\/02\/logo120.png","width":1227,"height":120,"caption":"Jornal Fatos e Not\u00edcias"},"image":{"@id":"https:\/\/jornalfatosenoticias.com.br\/#\/schema\/logo\/image\/"}},{"@type":"Person","@id":"https:\/\/jornalfatosenoticias.com.br\/#\/schema\/person\/d63837fa13ac8666eb9e74e0985d6f81","name":"Luzimara Fernandes","image":{"@type":"ImageObject","inLanguage":"pt-BR","@id":"https:\/\/jornalfatosenoticias.com.br\/#\/schema\/person\/image\/","url":"https:\/\/jornalfatosenoticias.com.br\/wp-content\/uploads\/2025\/05\/EU_portal.jpg","contentUrl":"https:\/\/jornalfatosenoticias.com.br\/wp-content\/uploads\/2025\/05\/EU_portal.jpg","caption":"Luzimara Fernandes"},"description":"Jornalista MTB 2358-ES","sameAs":["https:\/\/jornalfatosenoticias.com.br"],"url":"https:\/\/jornalfatosenoticias.com.br\/index.php\/author\/luzimara\/"}]}},"cc_featured_image_caption":{"caption_text":"Vista de Curon","source_text":"","source_url":""},"jetpack_featured_media_url":"https:\/\/jornalfatosenoticias.com.br\/wp-content\/uploads\/2021\/05\/curon_venosta.jpg","_links":{"self":[{"href":"https:\/\/jornalfatosenoticias.com.br\/index.php\/wp-json\/wp\/v2\/posts\/18774","targetHints":{"allow":["GET"]}}],"collection":[{"href":"https:\/\/jornalfatosenoticias.com.br\/index.php\/wp-json\/wp\/v2\/posts"}],"about":[{"href":"https:\/\/jornalfatosenoticias.com.br\/index.php\/wp-json\/wp\/v2\/types\/post"}],"author":[{"embeddable":true,"href":"https:\/\/jornalfatosenoticias.com.br\/index.php\/wp-json\/wp\/v2\/users\/2"}],"replies":[{"embeddable":true,"href":"https:\/\/jornalfatosenoticias.com.br\/index.php\/wp-json\/wp\/v2\/comments?post=18774"}],"version-history":[{"count":0,"href":"https:\/\/jornalfatosenoticias.com.br\/index.php\/wp-json\/wp\/v2\/posts\/18774\/revisions"}],"wp:featuredmedia":[{"embeddable":true,"href":"https:\/\/jornalfatosenoticias.com.br\/index.php\/wp-json\/wp\/v2\/media\/18777"}],"wp:attachment":[{"href":"https:\/\/jornalfatosenoticias.com.br\/index.php\/wp-json\/wp\/v2\/media?parent=18774"}],"wp:term":[{"taxonomy":"category","embeddable":true,"href":"https:\/\/jornalfatosenoticias.com.br\/index.php\/wp-json\/wp\/v2\/categories?post=18774"},{"taxonomy":"post_tag","embeddable":true,"href":"https:\/\/jornalfatosenoticias.com.br\/index.php\/wp-json\/wp\/v2\/tags?post=18774"}],"curies":[{"name":"wp","href":"https:\/\/api.w.org\/{rel}","templated":true}]}}