{"id":18783,"date":"2021-06-01T09:41:25","date_gmt":"2021-06-01T12:41:25","guid":{"rendered":"https:\/\/jornalfatosenoticias.com.br\/?p=18783"},"modified":"2021-06-01T09:41:30","modified_gmt":"2021-06-01T12:41:30","slug":"rover-curiosity-captura-imagens-de-nuvens-brilhantes-no-ceu-de-marte","status":"publish","type":"post","link":"https:\/\/jornalfatosenoticias.com.br\/index.php\/2021\/06\/01\/rover-curiosity-captura-imagens-de-nuvens-brilhantes-no-ceu-de-marte\/","title":{"rendered":"Rover Curiosity captura imagens de nuvens brilhantes no c\u00e9u de Marte"},"content":{"rendered":"\n<p>O <a href=\"https:\/\/olhardigital.com.br\/2020\/11\/16\/ciencia-e-espaco\/rover-curiosity-manda-nova-selfie-feita-em-marte\/\">Rover Curiosity<\/a>, da Nasa, capturou imagens de nuvens brilhantes no c\u00e9u de Marte, algo considerado raro durante este per\u00edodo do ano marciano. Os dias nublados s\u00e3o relativamente raros no\u00a0<a href=\"https:\/\/olhardigital.com.br\/2021\/05\/25\/ciencia-e-espaco\/nasa-sais-organicos-marte\/\">planeta vermelho<\/a>, que tem uma atmosfera fina e seca.<br>Sendo assim, as nuvens costumam aparecer na \u00e9poca mais fria do ano marciano, que tem uma dura\u00e7\u00e3o correspondente a dois anos terrestres. Por isso, as imagens capturadas pelo <a href=\"https:\/\/olhardigital.com.br\/2020\/08\/05\/ciencia-e-espaco\/rover-curiosity-completa-oito-anos-em-marte\/\">rover mais antigo<\/a> em atividade em Marte s\u00e3o especiais.<br>Os cientistas come\u00e7aram a se preparar para documentar essas nuvens desde o primeiro aparecimento delas, que ocorreu no final de janeiro. O resultado foram algumas imagens de pequenas nuvens cheias de <a href=\"https:\/\/olhardigital.com.br\/2021\/03\/31\/ciencia-e-espaco\/flocos-de-neve-de-uranio-causam-explosoes-em-anas-brancas\/\">cristais de gelo<\/a> que refletem a luz conforme o Sol se p\u00f5e, algumas delas com um brilho colorido. Essas imagens podem ajudar os cientistas a entender a forma\u00e7\u00e3o das nuvens em Marte e o porqu\u00ea de essas mais recentes terem se formado antes.<br>O que se sabe at\u00e9 o momento \u00e9 que as nuvens que chegam mais cedo est\u00e3o em altitudes mais altas do que o normal, que \u00e9 de em torno de 60 quil\u00f4metros no c\u00e9u, e s\u00e3o compostas por gelo de \u00e1gua. As nuvens capturadas pelo Curiosity est\u00e3o em um local mais elevado, onde a temperatura \u00e9 muito fria, indicando que elas podem ser feitas de di\u00f3xido de carbono ou gelo seco.<\/p>\n\n\n\n<p><strong><span class=\"has-inline-color has-black-color\">Pr\u00f3ximo passo<br><\/span><\/strong>Agora, os cientistas v\u00e3o procurar por pistas para estabelecer a altitude de uma nuvem. Al\u00e9m disso, ser\u00e3o necess\u00e1rias mais an\u00e1lises das imagens mais recentes do Curiosity para que seja poss\u00edvel definir quais nuvens s\u00e3o de <a href=\"https:\/\/olhardigital.com.br\/2021\/04\/08\/videos\/parabens-para-ela-sonda-odyssey-completa-20-anos-de-missao-em-marte\/\">gelo de \u00e1gua<\/a> e quais s\u00e3o de gelo seco.<br>Por suas estruturas finas e onduladas, essas nuvens s\u00e3o mais facilmente vis\u00edveis com as imagens das c\u00e2meras de navega\u00e7\u00e3o em preto e branco do Curiosity. Por\u00e9m, s\u00e3o as imagens coloridas da Mast Camera (Mastcam) que brilham de fato. Quando vistos ap\u00f3s o p\u00f4r do sol, os cristais de gelo nas nuvens captam uma luz fraca, o que faz com que pare\u00e7am brilhar contra o c\u00e9u que est\u00e1 escurecendo.<\/p>\n\n\n\n<p><strong><em>Fonte: <a href=\"https:\/\/olhardigital.com.br\/2021\/05\/31\/ciencia-e-espaco\/rover-curiosity-captura-imagens-de-nuvens-brilhantes-no-ceu-de-marte\/\">Olhar Digital<\/a><\/em><\/strong><\/p>\n","protected":false},"excerpt":{"rendered":"<p>O Rover Curiosity, da Nasa, capturou imagens de nuvens brilhantes no c\u00e9u de Marte, algo considerado raro durante este per\u00edodo do ano marciano. Os dias nublados s\u00e3o relativamente raros no\u00a0planeta vermelho, que tem uma atmosfera fina e seca.Sendo assim, as nuvens costumam aparecer na \u00e9poca mais fria do ano marciano, que tem uma dura\u00e7\u00e3o correspondente [&hellip;]<\/p>\n","protected":false},"author":2,"featured_media":18784,"comment_status":"open","ping_status":"open","sticky":false,"template":"","format":"standard","meta":{"footnotes":""},"categories":[2],"tags":[433,7760,434,2740,1233,7761],"class_list":["post-18783","post","type-post","status-publish","format-standard","has-post-thumbnail","hentry","category-ciencia","tag-curiosity","tag-exploracao-de-marte","tag-marte","tag-nuvens","tag-planeta-vermelho","tag-rover"],"yoast_head":"<!-- This site is optimized with the Yoast SEO plugin v26.5 - https:\/\/yoast.com\/wordpress\/plugins\/seo\/ -->\n<title>Rover Curiosity captura imagens de nuvens brilhantes no c\u00e9u de Marte - Jornal Fatos e Not\u00edcias<\/title>\n<meta name=\"robots\" content=\"index, follow, max-snippet:-1, max-image-preview:large, max-video-preview:-1\" \/>\n<link rel=\"canonical\" href=\"https:\/\/jornalfatosenoticias.com.br\/index.php\/2021\/06\/01\/rover-curiosity-captura-imagens-de-nuvens-brilhantes-no-ceu-de-marte\/\" \/>\n<meta property=\"og:locale\" content=\"pt_BR\" \/>\n<meta property=\"og:type\" content=\"article\" \/>\n<meta property=\"og:title\" content=\"Rover Curiosity captura imagens de nuvens brilhantes no c\u00e9u de Marte - Jornal Fatos e Not\u00edcias\" \/>\n<meta property=\"og:description\" content=\"O Rover Curiosity, da Nasa, capturou imagens de nuvens brilhantes no c\u00e9u de Marte, algo considerado raro durante este per\u00edodo do ano marciano. Os dias nublados s\u00e3o relativamente raros no\u00a0planeta vermelho, que tem uma atmosfera fina e seca.Sendo assim, as nuvens costumam aparecer na \u00e9poca mais fria do ano marciano, que tem uma dura\u00e7\u00e3o correspondente [&hellip;]\" \/>\n<meta property=\"og:url\" content=\"https:\/\/jornalfatosenoticias.com.br\/index.php\/2021\/06\/01\/rover-curiosity-captura-imagens-de-nuvens-brilhantes-no-ceu-de-marte\/\" \/>\n<meta property=\"og:site_name\" content=\"Jornal Fatos e Not\u00edcias\" \/>\n<meta property=\"article:published_time\" content=\"2021-06-01T12:41:25+00:00\" \/>\n<meta property=\"article:modified_time\" content=\"2021-06-01T12:41:30+00:00\" \/>\n<meta property=\"og:image\" content=\"https:\/\/jornalfatosenoticias.com.br\/wp-content\/uploads\/2021\/06\/Nuvens-Brilhantes-Curiosity.gif\" \/>\n\t<meta property=\"og:image:width\" content=\"1000\" \/>\n\t<meta property=\"og:image:height\" content=\"610\" \/>\n\t<meta property=\"og:image:type\" content=\"image\/gif\" \/>\n<meta name=\"author\" content=\"Luzimara Fernandes\" \/>\n<meta name=\"twitter:card\" content=\"summary_large_image\" \/>\n<meta name=\"twitter:label1\" content=\"Escrito por\" \/>\n\t<meta name=\"twitter:data1\" content=\"Luzimara Fernandes\" \/>\n\t<meta name=\"twitter:label2\" content=\"Est. tempo de leitura\" \/>\n\t<meta name=\"twitter:data2\" content=\"2 minutos\" \/>\n<script type=\"application\/ld+json\" class=\"yoast-schema-graph\">{\"@context\":\"https:\/\/schema.org\",\"@graph\":[{\"@type\":\"Article\",\"@id\":\"https:\/\/jornalfatosenoticias.com.br\/index.php\/2021\/06\/01\/rover-curiosity-captura-imagens-de-nuvens-brilhantes-no-ceu-de-marte\/#article\",\"isPartOf\":{\"@id\":\"https:\/\/jornalfatosenoticias.com.br\/index.php\/2021\/06\/01\/rover-curiosity-captura-imagens-de-nuvens-brilhantes-no-ceu-de-marte\/\"},\"author\":{\"name\":\"Luzimara Fernandes\",\"@id\":\"https:\/\/jornalfatosenoticias.com.br\/#\/schema\/person\/d63837fa13ac8666eb9e74e0985d6f81\"},\"headline\":\"Rover Curiosity captura imagens de nuvens brilhantes no c\u00e9u de Marte\",\"datePublished\":\"2021-06-01T12:41:25+00:00\",\"dateModified\":\"2021-06-01T12:41:30+00:00\",\"mainEntityOfPage\":{\"@id\":\"https:\/\/jornalfatosenoticias.com.br\/index.php\/2021\/06\/01\/rover-curiosity-captura-imagens-de-nuvens-brilhantes-no-ceu-de-marte\/\"},\"wordCount\":379,\"commentCount\":0,\"publisher\":{\"@id\":\"https:\/\/jornalfatosenoticias.com.br\/#organization\"},\"image\":{\"@id\":\"https:\/\/jornalfatosenoticias.com.br\/index.php\/2021\/06\/01\/rover-curiosity-captura-imagens-de-nuvens-brilhantes-no-ceu-de-marte\/#primaryimage\"},\"thumbnailUrl\":\"https:\/\/jornalfatosenoticias.com.br\/wp-content\/uploads\/2021\/06\/Nuvens-Brilhantes-Curiosity.gif\",\"keywords\":[\"Curiosity\",\"explora\u00e7\u00e3o de Marte\",\"Marte\",\"nuvens\",\"Planeta Vermelho\",\"Rover\"],\"articleSection\":[\"Ci\u00eancia\"],\"inLanguage\":\"pt-BR\",\"potentialAction\":[{\"@type\":\"CommentAction\",\"name\":\"Comment\",\"target\":[\"https:\/\/jornalfatosenoticias.com.br\/index.php\/2021\/06\/01\/rover-curiosity-captura-imagens-de-nuvens-brilhantes-no-ceu-de-marte\/#respond\"]}]},{\"@type\":\"WebPage\",\"@id\":\"https:\/\/jornalfatosenoticias.com.br\/index.php\/2021\/06\/01\/rover-curiosity-captura-imagens-de-nuvens-brilhantes-no-ceu-de-marte\/\",\"url\":\"https:\/\/jornalfatosenoticias.com.br\/index.php\/2021\/06\/01\/rover-curiosity-captura-imagens-de-nuvens-brilhantes-no-ceu-de-marte\/\",\"name\":\"Rover Curiosity captura imagens de nuvens brilhantes no c\u00e9u de Marte - Jornal Fatos e Not\u00edcias\",\"isPartOf\":{\"@id\":\"https:\/\/jornalfatosenoticias.com.br\/#website\"},\"primaryImageOfPage\":{\"@id\":\"https:\/\/jornalfatosenoticias.com.br\/index.php\/2021\/06\/01\/rover-curiosity-captura-imagens-de-nuvens-brilhantes-no-ceu-de-marte\/#primaryimage\"},\"image\":{\"@id\":\"https:\/\/jornalfatosenoticias.com.br\/index.php\/2021\/06\/01\/rover-curiosity-captura-imagens-de-nuvens-brilhantes-no-ceu-de-marte\/#primaryimage\"},\"thumbnailUrl\":\"https:\/\/jornalfatosenoticias.com.br\/wp-content\/uploads\/2021\/06\/Nuvens-Brilhantes-Curiosity.gif\",\"datePublished\":\"2021-06-01T12:41:25+00:00\",\"dateModified\":\"2021-06-01T12:41:30+00:00\",\"breadcrumb\":{\"@id\":\"https:\/\/jornalfatosenoticias.com.br\/index.php\/2021\/06\/01\/rover-curiosity-captura-imagens-de-nuvens-brilhantes-no-ceu-de-marte\/#breadcrumb\"},\"inLanguage\":\"pt-BR\",\"potentialAction\":[{\"@type\":\"ReadAction\",\"target\":[\"https:\/\/jornalfatosenoticias.com.br\/index.php\/2021\/06\/01\/rover-curiosity-captura-imagens-de-nuvens-brilhantes-no-ceu-de-marte\/\"]}]},{\"@type\":\"ImageObject\",\"inLanguage\":\"pt-BR\",\"@id\":\"https:\/\/jornalfatosenoticias.com.br\/index.php\/2021\/06\/01\/rover-curiosity-captura-imagens-de-nuvens-brilhantes-no-ceu-de-marte\/#primaryimage\",\"url\":\"https:\/\/jornalfatosenoticias.com.br\/wp-content\/uploads\/2021\/06\/Nuvens-Brilhantes-Curiosity.gif\",\"contentUrl\":\"https:\/\/jornalfatosenoticias.com.br\/wp-content\/uploads\/2021\/06\/Nuvens-Brilhantes-Curiosity.gif\",\"width\":1000,\"height\":610},{\"@type\":\"BreadcrumbList\",\"@id\":\"https:\/\/jornalfatosenoticias.com.br\/index.php\/2021\/06\/01\/rover-curiosity-captura-imagens-de-nuvens-brilhantes-no-ceu-de-marte\/#breadcrumb\",\"itemListElement\":[{\"@type\":\"ListItem\",\"position\":1,\"name\":\"In\u00edcio\",\"item\":\"https:\/\/jornalfatosenoticias.com.br\/\"},{\"@type\":\"ListItem\",\"position\":2,\"name\":\"Rover Curiosity captura imagens de nuvens brilhantes no c\u00e9u de Marte\"}]},{\"@type\":\"WebSite\",\"@id\":\"https:\/\/jornalfatosenoticias.com.br\/#website\",\"url\":\"https:\/\/jornalfatosenoticias.com.br\/\",\"name\":\"Jornal Fatos e Not\u00edcias\",\"description\":\"Not\u00edcias em geral\",\"publisher\":{\"@id\":\"https:\/\/jornalfatosenoticias.com.br\/#organization\"},\"potentialAction\":[{\"@type\":\"SearchAction\",\"target\":{\"@type\":\"EntryPoint\",\"urlTemplate\":\"https:\/\/jornalfatosenoticias.com.br\/?s={search_term_string}\"},\"query-input\":{\"@type\":\"PropertyValueSpecification\",\"valueRequired\":true,\"valueName\":\"search_term_string\"}}],\"inLanguage\":\"pt-BR\"},{\"@type\":\"Organization\",\"@id\":\"https:\/\/jornalfatosenoticias.com.br\/#organization\",\"name\":\"Jornal Fatos e Not\u00edcias\",\"url\":\"https:\/\/jornalfatosenoticias.com.br\/\",\"logo\":{\"@type\":\"ImageObject\",\"inLanguage\":\"pt-BR\",\"@id\":\"https:\/\/jornalfatosenoticias.com.br\/#\/schema\/logo\/image\/\",\"url\":\"https:\/\/jornalfatosenoticias.com.br\/wp-content\/uploads\/2020\/02\/logo120.png\",\"contentUrl\":\"https:\/\/jornalfatosenoticias.com.br\/wp-content\/uploads\/2020\/02\/logo120.png\",\"width\":1227,\"height\":120,\"caption\":\"Jornal Fatos e Not\u00edcias\"},\"image\":{\"@id\":\"https:\/\/jornalfatosenoticias.com.br\/#\/schema\/logo\/image\/\"}},{\"@type\":\"Person\",\"@id\":\"https:\/\/jornalfatosenoticias.com.br\/#\/schema\/person\/d63837fa13ac8666eb9e74e0985d6f81\",\"name\":\"Luzimara Fernandes\",\"image\":{\"@type\":\"ImageObject\",\"inLanguage\":\"pt-BR\",\"@id\":\"https:\/\/jornalfatosenoticias.com.br\/#\/schema\/person\/image\/\",\"url\":\"https:\/\/jornalfatosenoticias.com.br\/wp-content\/uploads\/2025\/05\/EU_portal.jpg\",\"contentUrl\":\"https:\/\/jornalfatosenoticias.com.br\/wp-content\/uploads\/2025\/05\/EU_portal.jpg\",\"caption\":\"Luzimara Fernandes\"},\"description\":\"Jornalista MTB 2358-ES\",\"sameAs\":[\"https:\/\/jornalfatosenoticias.com.br\"],\"url\":\"https:\/\/jornalfatosenoticias.com.br\/index.php\/author\/luzimara\/\"}]}<\/script>\n<!-- \/ Yoast SEO plugin. -->","yoast_head_json":{"title":"Rover Curiosity captura imagens de nuvens brilhantes no c\u00e9u de Marte - Jornal Fatos e Not\u00edcias","robots":{"index":"index","follow":"follow","max-snippet":"max-snippet:-1","max-image-preview":"max-image-preview:large","max-video-preview":"max-video-preview:-1"},"canonical":"https:\/\/jornalfatosenoticias.com.br\/index.php\/2021\/06\/01\/rover-curiosity-captura-imagens-de-nuvens-brilhantes-no-ceu-de-marte\/","og_locale":"pt_BR","og_type":"article","og_title":"Rover Curiosity captura imagens de nuvens brilhantes no c\u00e9u de Marte - Jornal Fatos e Not\u00edcias","og_description":"O Rover Curiosity, da Nasa, capturou imagens de nuvens brilhantes no c\u00e9u de Marte, algo considerado raro durante este per\u00edodo do ano marciano. Os dias nublados s\u00e3o relativamente raros no\u00a0planeta vermelho, que tem uma atmosfera fina e seca.Sendo assim, as nuvens costumam aparecer na \u00e9poca mais fria do ano marciano, que tem uma dura\u00e7\u00e3o correspondente [&hellip;]","og_url":"https:\/\/jornalfatosenoticias.com.br\/index.php\/2021\/06\/01\/rover-curiosity-captura-imagens-de-nuvens-brilhantes-no-ceu-de-marte\/","og_site_name":"Jornal Fatos e Not\u00edcias","article_published_time":"2021-06-01T12:41:25+00:00","article_modified_time":"2021-06-01T12:41:30+00:00","og_image":[{"width":1000,"height":610,"url":"https:\/\/jornalfatosenoticias.com.br\/wp-content\/uploads\/2021\/06\/Nuvens-Brilhantes-Curiosity.gif","type":"image\/gif"}],"author":"Luzimara Fernandes","twitter_card":"summary_large_image","twitter_misc":{"Escrito por":"Luzimara Fernandes","Est. tempo de leitura":"2 minutos"},"schema":{"@context":"https:\/\/schema.org","@graph":[{"@type":"Article","@id":"https:\/\/jornalfatosenoticias.com.br\/index.php\/2021\/06\/01\/rover-curiosity-captura-imagens-de-nuvens-brilhantes-no-ceu-de-marte\/#article","isPartOf":{"@id":"https:\/\/jornalfatosenoticias.com.br\/index.php\/2021\/06\/01\/rover-curiosity-captura-imagens-de-nuvens-brilhantes-no-ceu-de-marte\/"},"author":{"name":"Luzimara Fernandes","@id":"https:\/\/jornalfatosenoticias.com.br\/#\/schema\/person\/d63837fa13ac8666eb9e74e0985d6f81"},"headline":"Rover Curiosity captura imagens de nuvens brilhantes no c\u00e9u de Marte","datePublished":"2021-06-01T12:41:25+00:00","dateModified":"2021-06-01T12:41:30+00:00","mainEntityOfPage":{"@id":"https:\/\/jornalfatosenoticias.com.br\/index.php\/2021\/06\/01\/rover-curiosity-captura-imagens-de-nuvens-brilhantes-no-ceu-de-marte\/"},"wordCount":379,"commentCount":0,"publisher":{"@id":"https:\/\/jornalfatosenoticias.com.br\/#organization"},"image":{"@id":"https:\/\/jornalfatosenoticias.com.br\/index.php\/2021\/06\/01\/rover-curiosity-captura-imagens-de-nuvens-brilhantes-no-ceu-de-marte\/#primaryimage"},"thumbnailUrl":"https:\/\/jornalfatosenoticias.com.br\/wp-content\/uploads\/2021\/06\/Nuvens-Brilhantes-Curiosity.gif","keywords":["Curiosity","explora\u00e7\u00e3o de Marte","Marte","nuvens","Planeta Vermelho","Rover"],"articleSection":["Ci\u00eancia"],"inLanguage":"pt-BR","potentialAction":[{"@type":"CommentAction","name":"Comment","target":["https:\/\/jornalfatosenoticias.com.br\/index.php\/2021\/06\/01\/rover-curiosity-captura-imagens-de-nuvens-brilhantes-no-ceu-de-marte\/#respond"]}]},{"@type":"WebPage","@id":"https:\/\/jornalfatosenoticias.com.br\/index.php\/2021\/06\/01\/rover-curiosity-captura-imagens-de-nuvens-brilhantes-no-ceu-de-marte\/","url":"https:\/\/jornalfatosenoticias.com.br\/index.php\/2021\/06\/01\/rover-curiosity-captura-imagens-de-nuvens-brilhantes-no-ceu-de-marte\/","name":"Rover Curiosity captura imagens de nuvens brilhantes no c\u00e9u de Marte - Jornal Fatos e Not\u00edcias","isPartOf":{"@id":"https:\/\/jornalfatosenoticias.com.br\/#website"},"primaryImageOfPage":{"@id":"https:\/\/jornalfatosenoticias.com.br\/index.php\/2021\/06\/01\/rover-curiosity-captura-imagens-de-nuvens-brilhantes-no-ceu-de-marte\/#primaryimage"},"image":{"@id":"https:\/\/jornalfatosenoticias.com.br\/index.php\/2021\/06\/01\/rover-curiosity-captura-imagens-de-nuvens-brilhantes-no-ceu-de-marte\/#primaryimage"},"thumbnailUrl":"https:\/\/jornalfatosenoticias.com.br\/wp-content\/uploads\/2021\/06\/Nuvens-Brilhantes-Curiosity.gif","datePublished":"2021-06-01T12:41:25+00:00","dateModified":"2021-06-01T12:41:30+00:00","breadcrumb":{"@id":"https:\/\/jornalfatosenoticias.com.br\/index.php\/2021\/06\/01\/rover-curiosity-captura-imagens-de-nuvens-brilhantes-no-ceu-de-marte\/#breadcrumb"},"inLanguage":"pt-BR","potentialAction":[{"@type":"ReadAction","target":["https:\/\/jornalfatosenoticias.com.br\/index.php\/2021\/06\/01\/rover-curiosity-captura-imagens-de-nuvens-brilhantes-no-ceu-de-marte\/"]}]},{"@type":"ImageObject","inLanguage":"pt-BR","@id":"https:\/\/jornalfatosenoticias.com.br\/index.php\/2021\/06\/01\/rover-curiosity-captura-imagens-de-nuvens-brilhantes-no-ceu-de-marte\/#primaryimage","url":"https:\/\/jornalfatosenoticias.com.br\/wp-content\/uploads\/2021\/06\/Nuvens-Brilhantes-Curiosity.gif","contentUrl":"https:\/\/jornalfatosenoticias.com.br\/wp-content\/uploads\/2021\/06\/Nuvens-Brilhantes-Curiosity.gif","width":1000,"height":610},{"@type":"BreadcrumbList","@id":"https:\/\/jornalfatosenoticias.com.br\/index.php\/2021\/06\/01\/rover-curiosity-captura-imagens-de-nuvens-brilhantes-no-ceu-de-marte\/#breadcrumb","itemListElement":[{"@type":"ListItem","position":1,"name":"In\u00edcio","item":"https:\/\/jornalfatosenoticias.com.br\/"},{"@type":"ListItem","position":2,"name":"Rover Curiosity captura imagens de nuvens brilhantes no c\u00e9u de Marte"}]},{"@type":"WebSite","@id":"https:\/\/jornalfatosenoticias.com.br\/#website","url":"https:\/\/jornalfatosenoticias.com.br\/","name":"Jornal Fatos e Not\u00edcias","description":"Not\u00edcias em geral","publisher":{"@id":"https:\/\/jornalfatosenoticias.com.br\/#organization"},"potentialAction":[{"@type":"SearchAction","target":{"@type":"EntryPoint","urlTemplate":"https:\/\/jornalfatosenoticias.com.br\/?s={search_term_string}"},"query-input":{"@type":"PropertyValueSpecification","valueRequired":true,"valueName":"search_term_string"}}],"inLanguage":"pt-BR"},{"@type":"Organization","@id":"https:\/\/jornalfatosenoticias.com.br\/#organization","name":"Jornal Fatos e Not\u00edcias","url":"https:\/\/jornalfatosenoticias.com.br\/","logo":{"@type":"ImageObject","inLanguage":"pt-BR","@id":"https:\/\/jornalfatosenoticias.com.br\/#\/schema\/logo\/image\/","url":"https:\/\/jornalfatosenoticias.com.br\/wp-content\/uploads\/2020\/02\/logo120.png","contentUrl":"https:\/\/jornalfatosenoticias.com.br\/wp-content\/uploads\/2020\/02\/logo120.png","width":1227,"height":120,"caption":"Jornal Fatos e Not\u00edcias"},"image":{"@id":"https:\/\/jornalfatosenoticias.com.br\/#\/schema\/logo\/image\/"}},{"@type":"Person","@id":"https:\/\/jornalfatosenoticias.com.br\/#\/schema\/person\/d63837fa13ac8666eb9e74e0985d6f81","name":"Luzimara Fernandes","image":{"@type":"ImageObject","inLanguage":"pt-BR","@id":"https:\/\/jornalfatosenoticias.com.br\/#\/schema\/person\/image\/","url":"https:\/\/jornalfatosenoticias.com.br\/wp-content\/uploads\/2025\/05\/EU_portal.jpg","contentUrl":"https:\/\/jornalfatosenoticias.com.br\/wp-content\/uploads\/2025\/05\/EU_portal.jpg","caption":"Luzimara Fernandes"},"description":"Jornalista MTB 2358-ES","sameAs":["https:\/\/jornalfatosenoticias.com.br"],"url":"https:\/\/jornalfatosenoticias.com.br\/index.php\/author\/luzimara\/"}]}},"cc_featured_image_caption":{"caption_text":"(Foto: Divulga\u00e7\u00e3o\/Nasa)","source_text":"","source_url":""},"jetpack_featured_media_url":"https:\/\/jornalfatosenoticias.com.br\/wp-content\/uploads\/2021\/06\/Nuvens-Brilhantes-Curiosity.gif","_links":{"self":[{"href":"https:\/\/jornalfatosenoticias.com.br\/index.php\/wp-json\/wp\/v2\/posts\/18783","targetHints":{"allow":["GET"]}}],"collection":[{"href":"https:\/\/jornalfatosenoticias.com.br\/index.php\/wp-json\/wp\/v2\/posts"}],"about":[{"href":"https:\/\/jornalfatosenoticias.com.br\/index.php\/wp-json\/wp\/v2\/types\/post"}],"author":[{"embeddable":true,"href":"https:\/\/jornalfatosenoticias.com.br\/index.php\/wp-json\/wp\/v2\/users\/2"}],"replies":[{"embeddable":true,"href":"https:\/\/jornalfatosenoticias.com.br\/index.php\/wp-json\/wp\/v2\/comments?post=18783"}],"version-history":[{"count":0,"href":"https:\/\/jornalfatosenoticias.com.br\/index.php\/wp-json\/wp\/v2\/posts\/18783\/revisions"}],"wp:featuredmedia":[{"embeddable":true,"href":"https:\/\/jornalfatosenoticias.com.br\/index.php\/wp-json\/wp\/v2\/media\/18784"}],"wp:attachment":[{"href":"https:\/\/jornalfatosenoticias.com.br\/index.php\/wp-json\/wp\/v2\/media?parent=18783"}],"wp:term":[{"taxonomy":"category","embeddable":true,"href":"https:\/\/jornalfatosenoticias.com.br\/index.php\/wp-json\/wp\/v2\/categories?post=18783"},{"taxonomy":"post_tag","embeddable":true,"href":"https:\/\/jornalfatosenoticias.com.br\/index.php\/wp-json\/wp\/v2\/tags?post=18783"}],"curies":[{"name":"wp","href":"https:\/\/api.w.org\/{rel}","templated":true}]}}