{"id":18893,"date":"2021-06-03T10:28:28","date_gmt":"2021-06-03T13:28:28","guid":{"rendered":"https:\/\/jornalfatosenoticias.com.br\/?p=18893"},"modified":"2021-06-03T10:28:33","modified_gmt":"2021-06-03T13:28:33","slug":"scooter-eletrica-ultrafuturista-da-bmw-faz-testes-ao-publico-antes-de-entrar-em-producao","status":"publish","type":"post","link":"https:\/\/jornalfatosenoticias.com.br\/index.php\/2021\/06\/03\/scooter-eletrica-ultrafuturista-da-bmw-faz-testes-ao-publico-antes-de-entrar-em-producao\/","title":{"rendered":"Scooter el\u00e9trica ultrafuturista da BMW faz testes ao p\u00fablico antes de entrar em produ\u00e7\u00e3o"},"content":{"rendered":"\n<p>A moto conceito \u201cultrafuturista\u201d da BMW, batizada de CE 04, \u00e9 a grande aposta da empresa para <a href=\"https:\/\/olhardigital.com.br\/tag\/moto-eletrica\/\" target=\"_blank\" rel=\"noreferrer noopener\">motocicletas el\u00e9tricas<\/a>\u00a0e todos os sinais apontam que a\u00a0<a href=\"https:\/\/olhardigital.com.br\/2021\/04\/01\/carros-e-tecnologia\/bmw-scooter-eletrica-producao\/\" target=\"_blank\" rel=\"noreferrer noopener\">produ\u00e7\u00e3o come\u00e7ar\u00e1 em breve<\/a>. No entanto, parece que o ve\u00edculo j\u00e1 est\u00e1 \u201cdando as caras\u201d em Madrid, na Espanha, visto que fotos tiradas pelo p\u00fablico mostram a apar\u00eancia da vers\u00e3o final da scooter.<br>Revelado pela primeira vez como um <a href=\"https:\/\/olhardigital.com.br\/2020\/11\/12\/noticias\/bmw-apresenta-novo-conceito-de-scooter-eletrica\/\" target=\"_blank\" rel=\"noreferrer noopener\">conceito em novembro de 2020,<\/a>\u00a0a BMW CE 04 chamou logo a aten\u00e7\u00e3o pela apar\u00eancia marcante, que atualizou o design \u201cum tanto cansado\u201d da C Evolution. Em abril,<a href=\"https:\/\/olhardigital.com.br\/2021\/04\/01\/videos\/eletricidade-em-duas-rodas-bmw-prepara-o-lancamento-de-scooter-eletrica-ce-04\/\" target=\"_blank\" rel=\"noreferrer noopener\">\u00a0novos registros de design para a vers\u00e3o de produ\u00e7\u00e3o foram divulgados<\/a>, e foi poss\u00edvel notar que a marca eliminou alguns dos elementos \u201cmais loucos\u201d do estilo por conta de praticidade, desempenho na estrada e, claro, visando baratear o pre\u00e7o.<\/p>\n\n\n\n<figure class=\"wp-block-image size-large\"><img loading=\"lazy\" decoding=\"async\" width=\"1000\" height=\"613\" src=\"https:\/\/jornalfatosenoticias.com.br\/wp-content\/uploads\/2021\/06\/BMW-CE-04_2.png\" alt=\"\" class=\"wp-image-18894\" srcset=\"https:\/\/jornalfatosenoticias.com.br\/wp-content\/uploads\/2021\/06\/BMW-CE-04_2.png 1000w, https:\/\/jornalfatosenoticias.com.br\/wp-content\/uploads\/2021\/06\/BMW-CE-04_2-300x184.png 300w, https:\/\/jornalfatosenoticias.com.br\/wp-content\/uploads\/2021\/06\/BMW-CE-04_2-768x471.png 768w\" sizes=\"auto, (max-width: 1000px) 100vw, 1000px\" \/><figcaption><em><span class=\"has-inline-color has-black-color\">Veja detalhes da vers\u00e3o final da scooter el\u00e9trica da BMW, a CE 04 (Foto: motorcycle.com\/Reprodu\u00e7\u00e3o)<\/span><\/em><\/figcaption><\/figure>\n\n\n\n<p>Nas imagens (n\u00e3o t\u00e3o boas) publicadas no <a rel=\"noreferrer noopener\" href=\"https:\/\/olhardigital.com.br\/tag\/Instagram\" target=\"_blank\">Instagram<\/a>, a scooter \u00e9 testada por um motoqueiro. O ve\u00edculo, provavelmente um prot\u00f3tipo de produ\u00e7\u00e3o, segue praticamente igual \u00e0s \u00faltimas atualiza\u00e7\u00f5es de design vazadas e n\u00e3o revelam muitos detalhes novos, a n\u00e3o ser que \u00e9, de fato, a moto \u201csuperfuturista\u201d da BMW.<br>Entre algumas altera\u00e7\u00f5es vistas, sujeitas a maus coment\u00e1rios ou n\u00e3o, est\u00e1 a do para-choque traseiro. No design de produ\u00e7\u00e3o, a pe\u00e7a era do tipo \u201cbarbatana de tubar\u00e3o\u201d, mas parece que foi substitu\u00edda por um para-choque de scooter mais realista. Tamb\u00e9m podemos ver que novas luzes e piscas foram adicionados, al\u00e9m de um novo par de espelhos.<br>Ainda n\u00e3o h\u00e1 informa\u00e7\u00f5es oficiais da BMW sobre os pre\u00e7os, data de lan\u00e7amento e\/ou especifica\u00e7\u00f5es t\u00e9cnicas da BMW CE 04.<\/p>\n\n\n\n<figure class=\"wp-block-embed-youtube wp-block-embed is-type-video is-provider-youtube wp-embed-aspect-16-9 wp-has-aspect-ratio\"><div class=\"wp-block-embed__wrapper\">\n<iframe loading=\"lazy\" title=\"CE 04: scooter el\u00e9trica da BMW deve ser lan\u00e7ada em breve\" width=\"660\" height=\"371\" src=\"https:\/\/www.youtube.com\/embed\/LsokeRlRS_U?feature=oembed\" frameborder=\"0\" allow=\"accelerometer; autoplay; clipboard-write; encrypted-media; gyroscope; picture-in-picture; web-share\" referrerpolicy=\"strict-origin-when-cross-origin\" allowfullscreen><\/iframe>\n<\/div><\/figure>\n\n\n\n<p><strong><em>Fonte: <a href=\"https:\/\/olhardigital.com.br\/2021\/05\/19\/carros-e-tecnologia\/bmw-ce-04-scooter-eletrica-ultrafuturista-faz-testes-ao-publico-antes-de-entrar-em-producao\/\">Olhar Digital<\/a><\/em><\/strong><\/p>\n","protected":false},"excerpt":{"rendered":"<p>A moto conceito \u201cultrafuturista\u201d da BMW, batizada de CE 04, \u00e9 a grande aposta da empresa para motocicletas el\u00e9tricas\u00a0e todos os sinais apontam que a\u00a0produ\u00e7\u00e3o come\u00e7ar\u00e1 em breve. No entanto, parece que o ve\u00edculo j\u00e1 est\u00e1 \u201cdando as caras\u201d em Madrid, na Espanha, visto que fotos tiradas pelo p\u00fablico mostram a apar\u00eancia da vers\u00e3o final [&hellip;]<\/p>\n","protected":false},"author":2,"featured_media":18895,"comment_status":"open","ping_status":"open","sticky":false,"template":"","format":"standard","meta":{"footnotes":""},"categories":[3],"tags":[5781,9309,3837,5660,3050],"class_list":["post-18893","post","type-post","status-publish","format-standard","has-post-thumbnail","hentry","category-tecnologia","tag-bmw","tag-bmw-ce-04","tag-moto-eletrica","tag-scooter","tag-veiculo-eletrico"],"yoast_head":"<!-- This site is optimized with the Yoast SEO plugin v26.5 - https:\/\/yoast.com\/wordpress\/plugins\/seo\/ -->\n<title>Scooter el\u00e9trica ultrafuturista da BMW faz testes ao p\u00fablico antes de entrar em produ\u00e7\u00e3o - Jornal Fatos e Not\u00edcias<\/title>\n<meta name=\"robots\" content=\"index, follow, max-snippet:-1, max-image-preview:large, max-video-preview:-1\" \/>\n<link rel=\"canonical\" href=\"https:\/\/jornalfatosenoticias.com.br\/index.php\/2021\/06\/03\/scooter-eletrica-ultrafuturista-da-bmw-faz-testes-ao-publico-antes-de-entrar-em-producao\/\" \/>\n<meta property=\"og:locale\" content=\"pt_BR\" \/>\n<meta property=\"og:type\" content=\"article\" \/>\n<meta property=\"og:title\" content=\"Scooter el\u00e9trica ultrafuturista da BMW faz testes ao p\u00fablico antes de entrar em produ\u00e7\u00e3o - Jornal Fatos e Not\u00edcias\" \/>\n<meta property=\"og:description\" content=\"A moto conceito \u201cultrafuturista\u201d da BMW, batizada de CE 04, \u00e9 a grande aposta da empresa para motocicletas el\u00e9tricas\u00a0e todos os sinais apontam que a\u00a0produ\u00e7\u00e3o come\u00e7ar\u00e1 em breve. No entanto, parece que o ve\u00edculo j\u00e1 est\u00e1 \u201cdando as caras\u201d em Madrid, na Espanha, visto que fotos tiradas pelo p\u00fablico mostram a apar\u00eancia da vers\u00e3o final [&hellip;]\" \/>\n<meta property=\"og:url\" content=\"https:\/\/jornalfatosenoticias.com.br\/index.php\/2021\/06\/03\/scooter-eletrica-ultrafuturista-da-bmw-faz-testes-ao-publico-antes-de-entrar-em-producao\/\" \/>\n<meta property=\"og:site_name\" content=\"Jornal Fatos e Not\u00edcias\" \/>\n<meta property=\"article:published_time\" content=\"2021-06-03T13:28:28+00:00\" \/>\n<meta property=\"article:modified_time\" content=\"2021-06-03T13:28:33+00:00\" \/>\n<meta property=\"og:image\" content=\"https:\/\/jornalfatosenoticias.com.br\/wp-content\/uploads\/2021\/06\/Versao-inicial-da-Scooter-Eletrica-BMW-Motorrad-Definition-CE-04-capa.jpg\" \/>\n\t<meta property=\"og:image:width\" content=\"1000\" \/>\n\t<meta property=\"og:image:height\" content=\"667\" \/>\n\t<meta property=\"og:image:type\" content=\"image\/jpeg\" \/>\n<meta name=\"author\" content=\"Luzimara Fernandes\" \/>\n<meta name=\"twitter:card\" content=\"summary_large_image\" \/>\n<meta name=\"twitter:label1\" content=\"Escrito por\" \/>\n\t<meta name=\"twitter:data1\" content=\"Luzimara Fernandes\" \/>\n\t<meta name=\"twitter:label2\" content=\"Est. tempo de leitura\" \/>\n\t<meta name=\"twitter:data2\" content=\"2 minutos\" \/>\n<script type=\"application\/ld+json\" class=\"yoast-schema-graph\">{\"@context\":\"https:\/\/schema.org\",\"@graph\":[{\"@type\":\"Article\",\"@id\":\"https:\/\/jornalfatosenoticias.com.br\/index.php\/2021\/06\/03\/scooter-eletrica-ultrafuturista-da-bmw-faz-testes-ao-publico-antes-de-entrar-em-producao\/#article\",\"isPartOf\":{\"@id\":\"https:\/\/jornalfatosenoticias.com.br\/index.php\/2021\/06\/03\/scooter-eletrica-ultrafuturista-da-bmw-faz-testes-ao-publico-antes-de-entrar-em-producao\/\"},\"author\":{\"name\":\"Luzimara Fernandes\",\"@id\":\"https:\/\/jornalfatosenoticias.com.br\/#\/schema\/person\/d63837fa13ac8666eb9e74e0985d6f81\"},\"headline\":\"Scooter el\u00e9trica ultrafuturista da BMW faz testes ao p\u00fablico antes de entrar em produ\u00e7\u00e3o\",\"datePublished\":\"2021-06-03T13:28:28+00:00\",\"dateModified\":\"2021-06-03T13:28:33+00:00\",\"mainEntityOfPage\":{\"@id\":\"https:\/\/jornalfatosenoticias.com.br\/index.php\/2021\/06\/03\/scooter-eletrica-ultrafuturista-da-bmw-faz-testes-ao-publico-antes-de-entrar-em-producao\/\"},\"wordCount\":338,\"commentCount\":0,\"publisher\":{\"@id\":\"https:\/\/jornalfatosenoticias.com.br\/#organization\"},\"image\":{\"@id\":\"https:\/\/jornalfatosenoticias.com.br\/index.php\/2021\/06\/03\/scooter-eletrica-ultrafuturista-da-bmw-faz-testes-ao-publico-antes-de-entrar-em-producao\/#primaryimage\"},\"thumbnailUrl\":\"https:\/\/jornalfatosenoticias.com.br\/wp-content\/uploads\/2021\/06\/Versao-inicial-da-Scooter-Eletrica-BMW-Motorrad-Definition-CE-04-capa.jpg\",\"keywords\":[\"BMW\",\"BMW CE 04\",\"moto el\u00e9trica\",\"scooter\",\"ve\u00edculo el\u00e9trico\"],\"articleSection\":[\"Tecnologia &amp; Inova\u00e7\u00e3o\"],\"inLanguage\":\"pt-BR\",\"potentialAction\":[{\"@type\":\"CommentAction\",\"name\":\"Comment\",\"target\":[\"https:\/\/jornalfatosenoticias.com.br\/index.php\/2021\/06\/03\/scooter-eletrica-ultrafuturista-da-bmw-faz-testes-ao-publico-antes-de-entrar-em-producao\/#respond\"]}]},{\"@type\":\"WebPage\",\"@id\":\"https:\/\/jornalfatosenoticias.com.br\/index.php\/2021\/06\/03\/scooter-eletrica-ultrafuturista-da-bmw-faz-testes-ao-publico-antes-de-entrar-em-producao\/\",\"url\":\"https:\/\/jornalfatosenoticias.com.br\/index.php\/2021\/06\/03\/scooter-eletrica-ultrafuturista-da-bmw-faz-testes-ao-publico-antes-de-entrar-em-producao\/\",\"name\":\"Scooter el\u00e9trica ultrafuturista da BMW faz testes ao p\u00fablico antes de entrar em produ\u00e7\u00e3o - Jornal Fatos e Not\u00edcias\",\"isPartOf\":{\"@id\":\"https:\/\/jornalfatosenoticias.com.br\/#website\"},\"primaryImageOfPage\":{\"@id\":\"https:\/\/jornalfatosenoticias.com.br\/index.php\/2021\/06\/03\/scooter-eletrica-ultrafuturista-da-bmw-faz-testes-ao-publico-antes-de-entrar-em-producao\/#primaryimage\"},\"image\":{\"@id\":\"https:\/\/jornalfatosenoticias.com.br\/index.php\/2021\/06\/03\/scooter-eletrica-ultrafuturista-da-bmw-faz-testes-ao-publico-antes-de-entrar-em-producao\/#primaryimage\"},\"thumbnailUrl\":\"https:\/\/jornalfatosenoticias.com.br\/wp-content\/uploads\/2021\/06\/Versao-inicial-da-Scooter-Eletrica-BMW-Motorrad-Definition-CE-04-capa.jpg\",\"datePublished\":\"2021-06-03T13:28:28+00:00\",\"dateModified\":\"2021-06-03T13:28:33+00:00\",\"breadcrumb\":{\"@id\":\"https:\/\/jornalfatosenoticias.com.br\/index.php\/2021\/06\/03\/scooter-eletrica-ultrafuturista-da-bmw-faz-testes-ao-publico-antes-de-entrar-em-producao\/#breadcrumb\"},\"inLanguage\":\"pt-BR\",\"potentialAction\":[{\"@type\":\"ReadAction\",\"target\":[\"https:\/\/jornalfatosenoticias.com.br\/index.php\/2021\/06\/03\/scooter-eletrica-ultrafuturista-da-bmw-faz-testes-ao-publico-antes-de-entrar-em-producao\/\"]}]},{\"@type\":\"ImageObject\",\"inLanguage\":\"pt-BR\",\"@id\":\"https:\/\/jornalfatosenoticias.com.br\/index.php\/2021\/06\/03\/scooter-eletrica-ultrafuturista-da-bmw-faz-testes-ao-publico-antes-de-entrar-em-producao\/#primaryimage\",\"url\":\"https:\/\/jornalfatosenoticias.com.br\/wp-content\/uploads\/2021\/06\/Versao-inicial-da-Scooter-Eletrica-BMW-Motorrad-Definition-CE-04-capa.jpg\",\"contentUrl\":\"https:\/\/jornalfatosenoticias.com.br\/wp-content\/uploads\/2021\/06\/Versao-inicial-da-Scooter-Eletrica-BMW-Motorrad-Definition-CE-04-capa.jpg\",\"width\":1000,\"height\":667},{\"@type\":\"BreadcrumbList\",\"@id\":\"https:\/\/jornalfatosenoticias.com.br\/index.php\/2021\/06\/03\/scooter-eletrica-ultrafuturista-da-bmw-faz-testes-ao-publico-antes-de-entrar-em-producao\/#breadcrumb\",\"itemListElement\":[{\"@type\":\"ListItem\",\"position\":1,\"name\":\"In\u00edcio\",\"item\":\"https:\/\/jornalfatosenoticias.com.br\/\"},{\"@type\":\"ListItem\",\"position\":2,\"name\":\"Scooter el\u00e9trica ultrafuturista da BMW faz testes ao p\u00fablico antes de entrar em produ\u00e7\u00e3o\"}]},{\"@type\":\"WebSite\",\"@id\":\"https:\/\/jornalfatosenoticias.com.br\/#website\",\"url\":\"https:\/\/jornalfatosenoticias.com.br\/\",\"name\":\"Jornal Fatos e Not\u00edcias\",\"description\":\"Not\u00edcias em geral\",\"publisher\":{\"@id\":\"https:\/\/jornalfatosenoticias.com.br\/#organization\"},\"potentialAction\":[{\"@type\":\"SearchAction\",\"target\":{\"@type\":\"EntryPoint\",\"urlTemplate\":\"https:\/\/jornalfatosenoticias.com.br\/?s={search_term_string}\"},\"query-input\":{\"@type\":\"PropertyValueSpecification\",\"valueRequired\":true,\"valueName\":\"search_term_string\"}}],\"inLanguage\":\"pt-BR\"},{\"@type\":\"Organization\",\"@id\":\"https:\/\/jornalfatosenoticias.com.br\/#organization\",\"name\":\"Jornal Fatos e Not\u00edcias\",\"url\":\"https:\/\/jornalfatosenoticias.com.br\/\",\"logo\":{\"@type\":\"ImageObject\",\"inLanguage\":\"pt-BR\",\"@id\":\"https:\/\/jornalfatosenoticias.com.br\/#\/schema\/logo\/image\/\",\"url\":\"https:\/\/jornalfatosenoticias.com.br\/wp-content\/uploads\/2020\/02\/logo120.png\",\"contentUrl\":\"https:\/\/jornalfatosenoticias.com.br\/wp-content\/uploads\/2020\/02\/logo120.png\",\"width\":1227,\"height\":120,\"caption\":\"Jornal Fatos e Not\u00edcias\"},\"image\":{\"@id\":\"https:\/\/jornalfatosenoticias.com.br\/#\/schema\/logo\/image\/\"}},{\"@type\":\"Person\",\"@id\":\"https:\/\/jornalfatosenoticias.com.br\/#\/schema\/person\/d63837fa13ac8666eb9e74e0985d6f81\",\"name\":\"Luzimara Fernandes\",\"image\":{\"@type\":\"ImageObject\",\"inLanguage\":\"pt-BR\",\"@id\":\"https:\/\/jornalfatosenoticias.com.br\/#\/schema\/person\/image\/\",\"url\":\"https:\/\/jornalfatosenoticias.com.br\/wp-content\/uploads\/2025\/05\/EU_portal.jpg\",\"contentUrl\":\"https:\/\/jornalfatosenoticias.com.br\/wp-content\/uploads\/2025\/05\/EU_portal.jpg\",\"caption\":\"Luzimara Fernandes\"},\"description\":\"Jornalista MTB 2358-ES\",\"sameAs\":[\"https:\/\/jornalfatosenoticias.com.br\"],\"url\":\"https:\/\/jornalfatosenoticias.com.br\/index.php\/author\/luzimara\/\"}]}<\/script>\n<!-- \/ Yoast SEO plugin. -->","yoast_head_json":{"title":"Scooter el\u00e9trica ultrafuturista da BMW faz testes ao p\u00fablico antes de entrar em produ\u00e7\u00e3o - Jornal Fatos e Not\u00edcias","robots":{"index":"index","follow":"follow","max-snippet":"max-snippet:-1","max-image-preview":"max-image-preview:large","max-video-preview":"max-video-preview:-1"},"canonical":"https:\/\/jornalfatosenoticias.com.br\/index.php\/2021\/06\/03\/scooter-eletrica-ultrafuturista-da-bmw-faz-testes-ao-publico-antes-de-entrar-em-producao\/","og_locale":"pt_BR","og_type":"article","og_title":"Scooter el\u00e9trica ultrafuturista da BMW faz testes ao p\u00fablico antes de entrar em produ\u00e7\u00e3o - Jornal Fatos e Not\u00edcias","og_description":"A moto conceito \u201cultrafuturista\u201d da BMW, batizada de CE 04, \u00e9 a grande aposta da empresa para motocicletas el\u00e9tricas\u00a0e todos os sinais apontam que a\u00a0produ\u00e7\u00e3o come\u00e7ar\u00e1 em breve. No entanto, parece que o ve\u00edculo j\u00e1 est\u00e1 \u201cdando as caras\u201d em Madrid, na Espanha, visto que fotos tiradas pelo p\u00fablico mostram a apar\u00eancia da vers\u00e3o final [&hellip;]","og_url":"https:\/\/jornalfatosenoticias.com.br\/index.php\/2021\/06\/03\/scooter-eletrica-ultrafuturista-da-bmw-faz-testes-ao-publico-antes-de-entrar-em-producao\/","og_site_name":"Jornal Fatos e Not\u00edcias","article_published_time":"2021-06-03T13:28:28+00:00","article_modified_time":"2021-06-03T13:28:33+00:00","og_image":[{"width":1000,"height":667,"url":"https:\/\/jornalfatosenoticias.com.br\/wp-content\/uploads\/2021\/06\/Versao-inicial-da-Scooter-Eletrica-BMW-Motorrad-Definition-CE-04-capa.jpg","type":"image\/jpeg"}],"author":"Luzimara Fernandes","twitter_card":"summary_large_image","twitter_misc":{"Escrito por":"Luzimara Fernandes","Est. tempo de leitura":"2 minutos"},"schema":{"@context":"https:\/\/schema.org","@graph":[{"@type":"Article","@id":"https:\/\/jornalfatosenoticias.com.br\/index.php\/2021\/06\/03\/scooter-eletrica-ultrafuturista-da-bmw-faz-testes-ao-publico-antes-de-entrar-em-producao\/#article","isPartOf":{"@id":"https:\/\/jornalfatosenoticias.com.br\/index.php\/2021\/06\/03\/scooter-eletrica-ultrafuturista-da-bmw-faz-testes-ao-publico-antes-de-entrar-em-producao\/"},"author":{"name":"Luzimara Fernandes","@id":"https:\/\/jornalfatosenoticias.com.br\/#\/schema\/person\/d63837fa13ac8666eb9e74e0985d6f81"},"headline":"Scooter el\u00e9trica ultrafuturista da BMW faz testes ao p\u00fablico antes de entrar em produ\u00e7\u00e3o","datePublished":"2021-06-03T13:28:28+00:00","dateModified":"2021-06-03T13:28:33+00:00","mainEntityOfPage":{"@id":"https:\/\/jornalfatosenoticias.com.br\/index.php\/2021\/06\/03\/scooter-eletrica-ultrafuturista-da-bmw-faz-testes-ao-publico-antes-de-entrar-em-producao\/"},"wordCount":338,"commentCount":0,"publisher":{"@id":"https:\/\/jornalfatosenoticias.com.br\/#organization"},"image":{"@id":"https:\/\/jornalfatosenoticias.com.br\/index.php\/2021\/06\/03\/scooter-eletrica-ultrafuturista-da-bmw-faz-testes-ao-publico-antes-de-entrar-em-producao\/#primaryimage"},"thumbnailUrl":"https:\/\/jornalfatosenoticias.com.br\/wp-content\/uploads\/2021\/06\/Versao-inicial-da-Scooter-Eletrica-BMW-Motorrad-Definition-CE-04-capa.jpg","keywords":["BMW","BMW CE 04","moto el\u00e9trica","scooter","ve\u00edculo el\u00e9trico"],"articleSection":["Tecnologia &amp; Inova\u00e7\u00e3o"],"inLanguage":"pt-BR","potentialAction":[{"@type":"CommentAction","name":"Comment","target":["https:\/\/jornalfatosenoticias.com.br\/index.php\/2021\/06\/03\/scooter-eletrica-ultrafuturista-da-bmw-faz-testes-ao-publico-antes-de-entrar-em-producao\/#respond"]}]},{"@type":"WebPage","@id":"https:\/\/jornalfatosenoticias.com.br\/index.php\/2021\/06\/03\/scooter-eletrica-ultrafuturista-da-bmw-faz-testes-ao-publico-antes-de-entrar-em-producao\/","url":"https:\/\/jornalfatosenoticias.com.br\/index.php\/2021\/06\/03\/scooter-eletrica-ultrafuturista-da-bmw-faz-testes-ao-publico-antes-de-entrar-em-producao\/","name":"Scooter el\u00e9trica ultrafuturista da BMW faz testes ao p\u00fablico antes de entrar em produ\u00e7\u00e3o - Jornal Fatos e Not\u00edcias","isPartOf":{"@id":"https:\/\/jornalfatosenoticias.com.br\/#website"},"primaryImageOfPage":{"@id":"https:\/\/jornalfatosenoticias.com.br\/index.php\/2021\/06\/03\/scooter-eletrica-ultrafuturista-da-bmw-faz-testes-ao-publico-antes-de-entrar-em-producao\/#primaryimage"},"image":{"@id":"https:\/\/jornalfatosenoticias.com.br\/index.php\/2021\/06\/03\/scooter-eletrica-ultrafuturista-da-bmw-faz-testes-ao-publico-antes-de-entrar-em-producao\/#primaryimage"},"thumbnailUrl":"https:\/\/jornalfatosenoticias.com.br\/wp-content\/uploads\/2021\/06\/Versao-inicial-da-Scooter-Eletrica-BMW-Motorrad-Definition-CE-04-capa.jpg","datePublished":"2021-06-03T13:28:28+00:00","dateModified":"2021-06-03T13:28:33+00:00","breadcrumb":{"@id":"https:\/\/jornalfatosenoticias.com.br\/index.php\/2021\/06\/03\/scooter-eletrica-ultrafuturista-da-bmw-faz-testes-ao-publico-antes-de-entrar-em-producao\/#breadcrumb"},"inLanguage":"pt-BR","potentialAction":[{"@type":"ReadAction","target":["https:\/\/jornalfatosenoticias.com.br\/index.php\/2021\/06\/03\/scooter-eletrica-ultrafuturista-da-bmw-faz-testes-ao-publico-antes-de-entrar-em-producao\/"]}]},{"@type":"ImageObject","inLanguage":"pt-BR","@id":"https:\/\/jornalfatosenoticias.com.br\/index.php\/2021\/06\/03\/scooter-eletrica-ultrafuturista-da-bmw-faz-testes-ao-publico-antes-de-entrar-em-producao\/#primaryimage","url":"https:\/\/jornalfatosenoticias.com.br\/wp-content\/uploads\/2021\/06\/Versao-inicial-da-Scooter-Eletrica-BMW-Motorrad-Definition-CE-04-capa.jpg","contentUrl":"https:\/\/jornalfatosenoticias.com.br\/wp-content\/uploads\/2021\/06\/Versao-inicial-da-Scooter-Eletrica-BMW-Motorrad-Definition-CE-04-capa.jpg","width":1000,"height":667},{"@type":"BreadcrumbList","@id":"https:\/\/jornalfatosenoticias.com.br\/index.php\/2021\/06\/03\/scooter-eletrica-ultrafuturista-da-bmw-faz-testes-ao-publico-antes-de-entrar-em-producao\/#breadcrumb","itemListElement":[{"@type":"ListItem","position":1,"name":"In\u00edcio","item":"https:\/\/jornalfatosenoticias.com.br\/"},{"@type":"ListItem","position":2,"name":"Scooter el\u00e9trica ultrafuturista da BMW faz testes ao p\u00fablico antes de entrar em produ\u00e7\u00e3o"}]},{"@type":"WebSite","@id":"https:\/\/jornalfatosenoticias.com.br\/#website","url":"https:\/\/jornalfatosenoticias.com.br\/","name":"Jornal Fatos e Not\u00edcias","description":"Not\u00edcias em geral","publisher":{"@id":"https:\/\/jornalfatosenoticias.com.br\/#organization"},"potentialAction":[{"@type":"SearchAction","target":{"@type":"EntryPoint","urlTemplate":"https:\/\/jornalfatosenoticias.com.br\/?s={search_term_string}"},"query-input":{"@type":"PropertyValueSpecification","valueRequired":true,"valueName":"search_term_string"}}],"inLanguage":"pt-BR"},{"@type":"Organization","@id":"https:\/\/jornalfatosenoticias.com.br\/#organization","name":"Jornal Fatos e Not\u00edcias","url":"https:\/\/jornalfatosenoticias.com.br\/","logo":{"@type":"ImageObject","inLanguage":"pt-BR","@id":"https:\/\/jornalfatosenoticias.com.br\/#\/schema\/logo\/image\/","url":"https:\/\/jornalfatosenoticias.com.br\/wp-content\/uploads\/2020\/02\/logo120.png","contentUrl":"https:\/\/jornalfatosenoticias.com.br\/wp-content\/uploads\/2020\/02\/logo120.png","width":1227,"height":120,"caption":"Jornal Fatos e Not\u00edcias"},"image":{"@id":"https:\/\/jornalfatosenoticias.com.br\/#\/schema\/logo\/image\/"}},{"@type":"Person","@id":"https:\/\/jornalfatosenoticias.com.br\/#\/schema\/person\/d63837fa13ac8666eb9e74e0985d6f81","name":"Luzimara Fernandes","image":{"@type":"ImageObject","inLanguage":"pt-BR","@id":"https:\/\/jornalfatosenoticias.com.br\/#\/schema\/person\/image\/","url":"https:\/\/jornalfatosenoticias.com.br\/wp-content\/uploads\/2025\/05\/EU_portal.jpg","contentUrl":"https:\/\/jornalfatosenoticias.com.br\/wp-content\/uploads\/2025\/05\/EU_portal.jpg","caption":"Luzimara Fernandes"},"description":"Jornalista MTB 2358-ES","sameAs":["https:\/\/jornalfatosenoticias.com.br"],"url":"https:\/\/jornalfatosenoticias.com.br\/index.php\/author\/luzimara\/"}]}},"cc_featured_image_caption":{"caption_text":"(Foto: BMW Group) ","source_text":"","source_url":""},"jetpack_featured_media_url":"https:\/\/jornalfatosenoticias.com.br\/wp-content\/uploads\/2021\/06\/Versao-inicial-da-Scooter-Eletrica-BMW-Motorrad-Definition-CE-04-capa.jpg","_links":{"self":[{"href":"https:\/\/jornalfatosenoticias.com.br\/index.php\/wp-json\/wp\/v2\/posts\/18893","targetHints":{"allow":["GET"]}}],"collection":[{"href":"https:\/\/jornalfatosenoticias.com.br\/index.php\/wp-json\/wp\/v2\/posts"}],"about":[{"href":"https:\/\/jornalfatosenoticias.com.br\/index.php\/wp-json\/wp\/v2\/types\/post"}],"author":[{"embeddable":true,"href":"https:\/\/jornalfatosenoticias.com.br\/index.php\/wp-json\/wp\/v2\/users\/2"}],"replies":[{"embeddable":true,"href":"https:\/\/jornalfatosenoticias.com.br\/index.php\/wp-json\/wp\/v2\/comments?post=18893"}],"version-history":[{"count":0,"href":"https:\/\/jornalfatosenoticias.com.br\/index.php\/wp-json\/wp\/v2\/posts\/18893\/revisions"}],"wp:featuredmedia":[{"embeddable":true,"href":"https:\/\/jornalfatosenoticias.com.br\/index.php\/wp-json\/wp\/v2\/media\/18895"}],"wp:attachment":[{"href":"https:\/\/jornalfatosenoticias.com.br\/index.php\/wp-json\/wp\/v2\/media?parent=18893"}],"wp:term":[{"taxonomy":"category","embeddable":true,"href":"https:\/\/jornalfatosenoticias.com.br\/index.php\/wp-json\/wp\/v2\/categories?post=18893"},{"taxonomy":"post_tag","embeddable":true,"href":"https:\/\/jornalfatosenoticias.com.br\/index.php\/wp-json\/wp\/v2\/tags?post=18893"}],"curies":[{"name":"wp","href":"https:\/\/api.w.org\/{rel}","templated":true}]}}