{"id":1891,"date":"2020-03-10T18:16:58","date_gmt":"2020-03-10T21:16:58","guid":{"rendered":"https:\/\/jornalfatosenoticias.com.br\/?p=1891"},"modified":"2020-03-10T18:17:03","modified_gmt":"2020-03-10T21:17:03","slug":"coronavirus-numero-de-casos-confirmados-sobe-para-34-no-brasil","status":"publish","type":"post","link":"https:\/\/jornalfatosenoticias.com.br\/index.php\/2020\/03\/10\/coronavirus-numero-de-casos-confirmados-sobe-para-34-no-brasil\/","title":{"rendered":"Coronav\u00edrus: n\u00famero de casos confirmados sobe para 34 no Brasil"},"content":{"rendered":"\n<h6 class=\"wp-block-heading\"><em>Rio Grande do Sul registra o primeiro caso confirmado de Covid-19<\/em><\/h6>\n\n\n\n<p>O n\u00famero de casos confirmados do novo coronav\u00edrus (Covid-19) subiu para 34 no Pa\u00eds, com nove novos pacientes infectados em rela\u00e7\u00e3o a ontem (9). O boletim foi divulgado pelo Minist\u00e9rio da Sa\u00fade hoje (10), em Bras\u00edlia. A contamina\u00e7\u00e3o voltou a subir ap\u00f3s ter ficado est\u00e1vel entre domingo e segunda.<br>\nAl\u00e9m dos pacientes confirmados, foram registrados ainda 893 casos suspeitos, uma redu\u00e7\u00e3o em rela\u00e7\u00e3o a ontem, quando o Minist\u00e9rio da Sa\u00fade contabilizou 930 pessoas nessa situa\u00e7\u00e3o. J\u00e1 os pacientes com infec\u00e7\u00e3o descartada pelas autoridades de sa\u00fade ficaram em 780.<br>\nS\u00e3o Paulo segue liderando, com 19 casos. Al\u00e9m dos epis\u00f3dios no estado, foram identificados oito no Rio de Janeiro, dois na Bahia, um no Esp\u00edrito Santo, um no Distrito Federal, um em Minas Gerais, um em Alagoas e um no Rio Grande do Sul.<br>\nJ\u00e1 no tocante aos casos suspeitos, S\u00e3o Paulo tamb\u00e9m est\u00e1 \u00e0 frente (302), seguido de Minas Gerais (122) e do Rio de Janeiro (119), Rio Grande do Sul (70) e Distrito Federal (59). No recorte por regi\u00e3o, o Sudeste concentra o maior n\u00famero de pacientes com suspeitas (544), seguido do Sul (145) e Nordeste (111).<br>\nApenas tr\u00eas estados n\u00e3o possuem casos confirmados ou suspeitos: Roraima, Amap\u00e1 e Tocantins. O Maranh\u00e3o, que estava nesta condi\u00e7\u00e3o at\u00e9 ontem, registrou dois casos suspeitos e dois pacientes com a infec\u00e7\u00e3o descartada.<\/p>\n\n\n\n<h4 class=\"wp-block-heading\">Coronav\u00edrus no Distrito Federal<\/h4>\n\n\n\n<p>No Distrito Federal, a paciente infectada ap\u00f3s uma viagem para o Reino Unido est\u00e1 internada no Hospital Regional da Asa Norte (HRAN). Segundo a Secretaria de Sa\u00fade da capital, ela apresenta quadro grave e inst\u00e1vel e teve piora desde ontem, com febre e s\u00edndrome respirat\u00f3ria aguda severa.<br>\nAl\u00e9m disso, o marido foi obrigado, ap\u00f3s decis\u00e3o judicial, a realizar teste para a doen\u00e7a e se manter isolado o que, conforme a Secretaria do DF, foi cumprido. Ainda n\u00e3o h\u00e1 resposta sobre o resultado do exame.<\/p>\n\n\n\n<h4 class=\"wp-block-heading\">Coronav\u00edrus no Mundo<\/h4>\n\n\n\n<figure class=\"wp-block-image size-large\"><img loading=\"lazy\" decoding=\"async\" width=\"980\" height=\"652\" src=\"https:\/\/jornalfatosenoticias.com.br\/wp-content\/uploads\/2020\/03\/barcelona_coronavirus_liga_campeoes.jpg\" alt=\"\" class=\"wp-image-1892\" srcset=\"https:\/\/jornalfatosenoticias.com.br\/wp-content\/uploads\/2020\/03\/barcelona_coronavirus_liga_campeoes.jpg 980w, https:\/\/jornalfatosenoticias.com.br\/wp-content\/uploads\/2020\/03\/barcelona_coronavirus_liga_campeoes-300x200.jpg 300w, https:\/\/jornalfatosenoticias.com.br\/wp-content\/uploads\/2020\/03\/barcelona_coronavirus_liga_campeoes-768x511.jpg 768w\" sizes=\"auto, (max-width: 980px) 100vw, 980px\" \/><figcaption><em>Avan\u00e7o do coronav\u00edrus faz Barcelona decidir realizar com port\u00f5es fechados o jogo contra o Napoli pela Liga dos Campe\u00f5es (Foto: \u00a9Reuters\/Nacho Doce\/Direitos reservados)<\/em><\/figcaption><\/figure>\n\n\n\n<p>O Minist\u00e9rio da Sa\u00fade tamb\u00e9m divulgou a atualiza\u00e7\u00e3o dos casos em todo o mundo, considerando informa\u00e7\u00f5es at\u00e9 ontem no fim da tarde. No total, foram mapeados 109,5 mil casos, al\u00e9m de 3,8 mil mortes. A taxa de letalidade, que estava em 3,39%, subiu para 3,48% em compara\u00e7\u00e3o com o balan\u00e7o anterior, com contabiliza\u00e7\u00f5es de domingo.<br>\nA China concentra o maior n\u00famero de casos (80,9 mil), seguida da Coreia do Sul (7,38 mil), It\u00e1lia (7,37 mil), Ir\u00e3 (6,5 mil) e Fran\u00e7a (1,1 mil). J\u00e1 no tocante \u00e0s taxas de letalidade, os Estados Unidos lideram (5,16%), seguidos da It\u00e1lia (4,96%), China (3,86%) e Ir\u00e3 (2,95%).<\/p>\n\n\n\n<p><strong><em>Fonte: Ag\u00eancia Brasil<\/em><\/strong><\/p>\n","protected":false},"excerpt":{"rendered":"<p>Rio Grande do Sul registra o primeiro caso confirmado de Covid-19 O n\u00famero de casos confirmados do novo coronav\u00edrus (Covid-19) subiu para 34 no Pa\u00eds, com nove novos pacientes infectados em rela\u00e7\u00e3o a ontem (9). O boletim foi divulgado pelo Minist\u00e9rio da Sa\u00fade hoje (10), em Bras\u00edlia. A contamina\u00e7\u00e3o voltou a subir ap\u00f3s ter ficado [&hellip;]<\/p>\n","protected":false},"author":2,"featured_media":1893,"comment_status":"open","ping_status":"open","sticky":false,"template":"","format":"standard","meta":{"footnotes":""},"categories":[11],"tags":[73,447],"class_list":["post-1891","post","type-post","status-publish","format-standard","has-post-thumbnail","hentry","category-saude","tag-coronavirus","tag-ministerio-da-saude"],"yoast_head":"<!-- This site is optimized with the Yoast SEO plugin v26.5 - https:\/\/yoast.com\/wordpress\/plugins\/seo\/ -->\n<title>Coronav\u00edrus: n\u00famero de casos confirmados sobe para 34 no Brasil - Jornal Fatos e Not\u00edcias<\/title>\n<meta name=\"robots\" content=\"index, follow, max-snippet:-1, max-image-preview:large, max-video-preview:-1\" \/>\n<link rel=\"canonical\" href=\"https:\/\/jornalfatosenoticias.com.br\/index.php\/2020\/03\/10\/coronavirus-numero-de-casos-confirmados-sobe-para-34-no-brasil\/\" \/>\n<meta property=\"og:locale\" content=\"pt_BR\" \/>\n<meta property=\"og:type\" content=\"article\" \/>\n<meta property=\"og:title\" content=\"Coronav\u00edrus: n\u00famero de casos confirmados sobe para 34 no Brasil - Jornal Fatos e Not\u00edcias\" \/>\n<meta property=\"og:description\" content=\"Rio Grande do Sul registra o primeiro caso confirmado de Covid-19 O n\u00famero de casos confirmados do novo coronav\u00edrus (Covid-19) subiu para 34 no Pa\u00eds, com nove novos pacientes infectados em rela\u00e7\u00e3o a ontem (9). O boletim foi divulgado pelo Minist\u00e9rio da Sa\u00fade hoje (10), em Bras\u00edlia. A contamina\u00e7\u00e3o voltou a subir ap\u00f3s ter ficado [&hellip;]\" \/>\n<meta property=\"og:url\" content=\"https:\/\/jornalfatosenoticias.com.br\/index.php\/2020\/03\/10\/coronavirus-numero-de-casos-confirmados-sobe-para-34-no-brasil\/\" \/>\n<meta property=\"og:site_name\" content=\"Jornal Fatos e Not\u00edcias\" \/>\n<meta property=\"article:published_time\" content=\"2020-03-10T21:16:58+00:00\" \/>\n<meta property=\"article:modified_time\" content=\"2020-03-10T21:17:03+00:00\" \/>\n<meta property=\"og:image\" content=\"https:\/\/jornalfatosenoticias.com.br\/wp-content\/uploads\/2020\/03\/coronavirus-brazil.jpg\" \/>\n\t<meta property=\"og:image:width\" content=\"1170\" \/>\n\t<meta property=\"og:image:height\" content=\"700\" \/>\n\t<meta property=\"og:image:type\" content=\"image\/jpeg\" \/>\n<meta name=\"author\" content=\"Luzimara Fernandes\" \/>\n<meta name=\"twitter:card\" content=\"summary_large_image\" \/>\n<meta name=\"twitter:label1\" content=\"Escrito por\" \/>\n\t<meta name=\"twitter:data1\" content=\"Luzimara Fernandes\" \/>\n\t<meta name=\"twitter:label2\" content=\"Est. tempo de leitura\" \/>\n\t<meta name=\"twitter:data2\" content=\"2 minutos\" \/>\n<script type=\"application\/ld+json\" class=\"yoast-schema-graph\">{\"@context\":\"https:\/\/schema.org\",\"@graph\":[{\"@type\":\"Article\",\"@id\":\"https:\/\/jornalfatosenoticias.com.br\/index.php\/2020\/03\/10\/coronavirus-numero-de-casos-confirmados-sobe-para-34-no-brasil\/#article\",\"isPartOf\":{\"@id\":\"https:\/\/jornalfatosenoticias.com.br\/index.php\/2020\/03\/10\/coronavirus-numero-de-casos-confirmados-sobe-para-34-no-brasil\/\"},\"author\":{\"name\":\"Luzimara Fernandes\",\"@id\":\"https:\/\/jornalfatosenoticias.com.br\/#\/schema\/person\/d63837fa13ac8666eb9e74e0985d6f81\"},\"headline\":\"Coronav\u00edrus: n\u00famero de casos confirmados sobe para 34 no Brasil\",\"datePublished\":\"2020-03-10T21:16:58+00:00\",\"dateModified\":\"2020-03-10T21:17:03+00:00\",\"mainEntityOfPage\":{\"@id\":\"https:\/\/jornalfatosenoticias.com.br\/index.php\/2020\/03\/10\/coronavirus-numero-de-casos-confirmados-sobe-para-34-no-brasil\/\"},\"wordCount\":495,\"commentCount\":0,\"publisher\":{\"@id\":\"https:\/\/jornalfatosenoticias.com.br\/#organization\"},\"image\":{\"@id\":\"https:\/\/jornalfatosenoticias.com.br\/index.php\/2020\/03\/10\/coronavirus-numero-de-casos-confirmados-sobe-para-34-no-brasil\/#primaryimage\"},\"thumbnailUrl\":\"https:\/\/jornalfatosenoticias.com.br\/wp-content\/uploads\/2020\/03\/coronavirus-brazil.jpg\",\"keywords\":[\"coronav\u00edrus\",\"Minist\u00e9rio da Sa\u00fade\"],\"articleSection\":[\"Sa\u00fade\"],\"inLanguage\":\"pt-BR\",\"potentialAction\":[{\"@type\":\"CommentAction\",\"name\":\"Comment\",\"target\":[\"https:\/\/jornalfatosenoticias.com.br\/index.php\/2020\/03\/10\/coronavirus-numero-de-casos-confirmados-sobe-para-34-no-brasil\/#respond\"]}]},{\"@type\":\"WebPage\",\"@id\":\"https:\/\/jornalfatosenoticias.com.br\/index.php\/2020\/03\/10\/coronavirus-numero-de-casos-confirmados-sobe-para-34-no-brasil\/\",\"url\":\"https:\/\/jornalfatosenoticias.com.br\/index.php\/2020\/03\/10\/coronavirus-numero-de-casos-confirmados-sobe-para-34-no-brasil\/\",\"name\":\"Coronav\u00edrus: n\u00famero de casos confirmados sobe para 34 no Brasil - Jornal Fatos e Not\u00edcias\",\"isPartOf\":{\"@id\":\"https:\/\/jornalfatosenoticias.com.br\/#website\"},\"primaryImageOfPage\":{\"@id\":\"https:\/\/jornalfatosenoticias.com.br\/index.php\/2020\/03\/10\/coronavirus-numero-de-casos-confirmados-sobe-para-34-no-brasil\/#primaryimage\"},\"image\":{\"@id\":\"https:\/\/jornalfatosenoticias.com.br\/index.php\/2020\/03\/10\/coronavirus-numero-de-casos-confirmados-sobe-para-34-no-brasil\/#primaryimage\"},\"thumbnailUrl\":\"https:\/\/jornalfatosenoticias.com.br\/wp-content\/uploads\/2020\/03\/coronavirus-brazil.jpg\",\"datePublished\":\"2020-03-10T21:16:58+00:00\",\"dateModified\":\"2020-03-10T21:17:03+00:00\",\"breadcrumb\":{\"@id\":\"https:\/\/jornalfatosenoticias.com.br\/index.php\/2020\/03\/10\/coronavirus-numero-de-casos-confirmados-sobe-para-34-no-brasil\/#breadcrumb\"},\"inLanguage\":\"pt-BR\",\"potentialAction\":[{\"@type\":\"ReadAction\",\"target\":[\"https:\/\/jornalfatosenoticias.com.br\/index.php\/2020\/03\/10\/coronavirus-numero-de-casos-confirmados-sobe-para-34-no-brasil\/\"]}]},{\"@type\":\"ImageObject\",\"inLanguage\":\"pt-BR\",\"@id\":\"https:\/\/jornalfatosenoticias.com.br\/index.php\/2020\/03\/10\/coronavirus-numero-de-casos-confirmados-sobe-para-34-no-brasil\/#primaryimage\",\"url\":\"https:\/\/jornalfatosenoticias.com.br\/wp-content\/uploads\/2020\/03\/coronavirus-brazil.jpg\",\"contentUrl\":\"https:\/\/jornalfatosenoticias.com.br\/wp-content\/uploads\/2020\/03\/coronavirus-brazil.jpg\",\"width\":1170,\"height\":700},{\"@type\":\"BreadcrumbList\",\"@id\":\"https:\/\/jornalfatosenoticias.com.br\/index.php\/2020\/03\/10\/coronavirus-numero-de-casos-confirmados-sobe-para-34-no-brasil\/#breadcrumb\",\"itemListElement\":[{\"@type\":\"ListItem\",\"position\":1,\"name\":\"In\u00edcio\",\"item\":\"https:\/\/jornalfatosenoticias.com.br\/\"},{\"@type\":\"ListItem\",\"position\":2,\"name\":\"Coronav\u00edrus: n\u00famero de casos confirmados sobe para 34 no Brasil\"}]},{\"@type\":\"WebSite\",\"@id\":\"https:\/\/jornalfatosenoticias.com.br\/#website\",\"url\":\"https:\/\/jornalfatosenoticias.com.br\/\",\"name\":\"Jornal Fatos e Not\u00edcias\",\"description\":\"Not\u00edcias em geral\",\"publisher\":{\"@id\":\"https:\/\/jornalfatosenoticias.com.br\/#organization\"},\"potentialAction\":[{\"@type\":\"SearchAction\",\"target\":{\"@type\":\"EntryPoint\",\"urlTemplate\":\"https:\/\/jornalfatosenoticias.com.br\/?s={search_term_string}\"},\"query-input\":{\"@type\":\"PropertyValueSpecification\",\"valueRequired\":true,\"valueName\":\"search_term_string\"}}],\"inLanguage\":\"pt-BR\"},{\"@type\":\"Organization\",\"@id\":\"https:\/\/jornalfatosenoticias.com.br\/#organization\",\"name\":\"Jornal Fatos e Not\u00edcias\",\"url\":\"https:\/\/jornalfatosenoticias.com.br\/\",\"logo\":{\"@type\":\"ImageObject\",\"inLanguage\":\"pt-BR\",\"@id\":\"https:\/\/jornalfatosenoticias.com.br\/#\/schema\/logo\/image\/\",\"url\":\"https:\/\/jornalfatosenoticias.com.br\/wp-content\/uploads\/2020\/02\/logo120.png\",\"contentUrl\":\"https:\/\/jornalfatosenoticias.com.br\/wp-content\/uploads\/2020\/02\/logo120.png\",\"width\":1227,\"height\":120,\"caption\":\"Jornal Fatos e Not\u00edcias\"},\"image\":{\"@id\":\"https:\/\/jornalfatosenoticias.com.br\/#\/schema\/logo\/image\/\"}},{\"@type\":\"Person\",\"@id\":\"https:\/\/jornalfatosenoticias.com.br\/#\/schema\/person\/d63837fa13ac8666eb9e74e0985d6f81\",\"name\":\"Luzimara Fernandes\",\"image\":{\"@type\":\"ImageObject\",\"inLanguage\":\"pt-BR\",\"@id\":\"https:\/\/jornalfatosenoticias.com.br\/#\/schema\/person\/image\/\",\"url\":\"https:\/\/jornalfatosenoticias.com.br\/wp-content\/uploads\/2025\/05\/EU_portal.jpg\",\"contentUrl\":\"https:\/\/jornalfatosenoticias.com.br\/wp-content\/uploads\/2025\/05\/EU_portal.jpg\",\"caption\":\"Luzimara Fernandes\"},\"description\":\"Jornalista MTB 2358-ES\",\"sameAs\":[\"https:\/\/jornalfatosenoticias.com.br\"],\"url\":\"https:\/\/jornalfatosenoticias.com.br\/index.php\/author\/luzimara\/\"}]}<\/script>\n<!-- \/ Yoast SEO plugin. -->","yoast_head_json":{"title":"Coronav\u00edrus: n\u00famero de casos confirmados sobe para 34 no Brasil - Jornal Fatos e Not\u00edcias","robots":{"index":"index","follow":"follow","max-snippet":"max-snippet:-1","max-image-preview":"max-image-preview:large","max-video-preview":"max-video-preview:-1"},"canonical":"https:\/\/jornalfatosenoticias.com.br\/index.php\/2020\/03\/10\/coronavirus-numero-de-casos-confirmados-sobe-para-34-no-brasil\/","og_locale":"pt_BR","og_type":"article","og_title":"Coronav\u00edrus: n\u00famero de casos confirmados sobe para 34 no Brasil - Jornal Fatos e Not\u00edcias","og_description":"Rio Grande do Sul registra o primeiro caso confirmado de Covid-19 O n\u00famero de casos confirmados do novo coronav\u00edrus (Covid-19) subiu para 34 no Pa\u00eds, com nove novos pacientes infectados em rela\u00e7\u00e3o a ontem (9). O boletim foi divulgado pelo Minist\u00e9rio da Sa\u00fade hoje (10), em Bras\u00edlia. A contamina\u00e7\u00e3o voltou a subir ap\u00f3s ter ficado [&hellip;]","og_url":"https:\/\/jornalfatosenoticias.com.br\/index.php\/2020\/03\/10\/coronavirus-numero-de-casos-confirmados-sobe-para-34-no-brasil\/","og_site_name":"Jornal Fatos e Not\u00edcias","article_published_time":"2020-03-10T21:16:58+00:00","article_modified_time":"2020-03-10T21:17:03+00:00","og_image":[{"width":1170,"height":700,"url":"https:\/\/jornalfatosenoticias.com.br\/wp-content\/uploads\/2020\/03\/coronavirus-brazil.jpg","type":"image\/jpeg"}],"author":"Luzimara Fernandes","twitter_card":"summary_large_image","twitter_misc":{"Escrito por":"Luzimara Fernandes","Est. tempo de leitura":"2 minutos"},"schema":{"@context":"https:\/\/schema.org","@graph":[{"@type":"Article","@id":"https:\/\/jornalfatosenoticias.com.br\/index.php\/2020\/03\/10\/coronavirus-numero-de-casos-confirmados-sobe-para-34-no-brasil\/#article","isPartOf":{"@id":"https:\/\/jornalfatosenoticias.com.br\/index.php\/2020\/03\/10\/coronavirus-numero-de-casos-confirmados-sobe-para-34-no-brasil\/"},"author":{"name":"Luzimara Fernandes","@id":"https:\/\/jornalfatosenoticias.com.br\/#\/schema\/person\/d63837fa13ac8666eb9e74e0985d6f81"},"headline":"Coronav\u00edrus: n\u00famero de casos confirmados sobe para 34 no Brasil","datePublished":"2020-03-10T21:16:58+00:00","dateModified":"2020-03-10T21:17:03+00:00","mainEntityOfPage":{"@id":"https:\/\/jornalfatosenoticias.com.br\/index.php\/2020\/03\/10\/coronavirus-numero-de-casos-confirmados-sobe-para-34-no-brasil\/"},"wordCount":495,"commentCount":0,"publisher":{"@id":"https:\/\/jornalfatosenoticias.com.br\/#organization"},"image":{"@id":"https:\/\/jornalfatosenoticias.com.br\/index.php\/2020\/03\/10\/coronavirus-numero-de-casos-confirmados-sobe-para-34-no-brasil\/#primaryimage"},"thumbnailUrl":"https:\/\/jornalfatosenoticias.com.br\/wp-content\/uploads\/2020\/03\/coronavirus-brazil.jpg","keywords":["coronav\u00edrus","Minist\u00e9rio da Sa\u00fade"],"articleSection":["Sa\u00fade"],"inLanguage":"pt-BR","potentialAction":[{"@type":"CommentAction","name":"Comment","target":["https:\/\/jornalfatosenoticias.com.br\/index.php\/2020\/03\/10\/coronavirus-numero-de-casos-confirmados-sobe-para-34-no-brasil\/#respond"]}]},{"@type":"WebPage","@id":"https:\/\/jornalfatosenoticias.com.br\/index.php\/2020\/03\/10\/coronavirus-numero-de-casos-confirmados-sobe-para-34-no-brasil\/","url":"https:\/\/jornalfatosenoticias.com.br\/index.php\/2020\/03\/10\/coronavirus-numero-de-casos-confirmados-sobe-para-34-no-brasil\/","name":"Coronav\u00edrus: n\u00famero de casos confirmados sobe para 34 no Brasil - Jornal Fatos e Not\u00edcias","isPartOf":{"@id":"https:\/\/jornalfatosenoticias.com.br\/#website"},"primaryImageOfPage":{"@id":"https:\/\/jornalfatosenoticias.com.br\/index.php\/2020\/03\/10\/coronavirus-numero-de-casos-confirmados-sobe-para-34-no-brasil\/#primaryimage"},"image":{"@id":"https:\/\/jornalfatosenoticias.com.br\/index.php\/2020\/03\/10\/coronavirus-numero-de-casos-confirmados-sobe-para-34-no-brasil\/#primaryimage"},"thumbnailUrl":"https:\/\/jornalfatosenoticias.com.br\/wp-content\/uploads\/2020\/03\/coronavirus-brazil.jpg","datePublished":"2020-03-10T21:16:58+00:00","dateModified":"2020-03-10T21:17:03+00:00","breadcrumb":{"@id":"https:\/\/jornalfatosenoticias.com.br\/index.php\/2020\/03\/10\/coronavirus-numero-de-casos-confirmados-sobe-para-34-no-brasil\/#breadcrumb"},"inLanguage":"pt-BR","potentialAction":[{"@type":"ReadAction","target":["https:\/\/jornalfatosenoticias.com.br\/index.php\/2020\/03\/10\/coronavirus-numero-de-casos-confirmados-sobe-para-34-no-brasil\/"]}]},{"@type":"ImageObject","inLanguage":"pt-BR","@id":"https:\/\/jornalfatosenoticias.com.br\/index.php\/2020\/03\/10\/coronavirus-numero-de-casos-confirmados-sobe-para-34-no-brasil\/#primaryimage","url":"https:\/\/jornalfatosenoticias.com.br\/wp-content\/uploads\/2020\/03\/coronavirus-brazil.jpg","contentUrl":"https:\/\/jornalfatosenoticias.com.br\/wp-content\/uploads\/2020\/03\/coronavirus-brazil.jpg","width":1170,"height":700},{"@type":"BreadcrumbList","@id":"https:\/\/jornalfatosenoticias.com.br\/index.php\/2020\/03\/10\/coronavirus-numero-de-casos-confirmados-sobe-para-34-no-brasil\/#breadcrumb","itemListElement":[{"@type":"ListItem","position":1,"name":"In\u00edcio","item":"https:\/\/jornalfatosenoticias.com.br\/"},{"@type":"ListItem","position":2,"name":"Coronav\u00edrus: n\u00famero de casos confirmados sobe para 34 no Brasil"}]},{"@type":"WebSite","@id":"https:\/\/jornalfatosenoticias.com.br\/#website","url":"https:\/\/jornalfatosenoticias.com.br\/","name":"Jornal Fatos e Not\u00edcias","description":"Not\u00edcias em geral","publisher":{"@id":"https:\/\/jornalfatosenoticias.com.br\/#organization"},"potentialAction":[{"@type":"SearchAction","target":{"@type":"EntryPoint","urlTemplate":"https:\/\/jornalfatosenoticias.com.br\/?s={search_term_string}"},"query-input":{"@type":"PropertyValueSpecification","valueRequired":true,"valueName":"search_term_string"}}],"inLanguage":"pt-BR"},{"@type":"Organization","@id":"https:\/\/jornalfatosenoticias.com.br\/#organization","name":"Jornal Fatos e Not\u00edcias","url":"https:\/\/jornalfatosenoticias.com.br\/","logo":{"@type":"ImageObject","inLanguage":"pt-BR","@id":"https:\/\/jornalfatosenoticias.com.br\/#\/schema\/logo\/image\/","url":"https:\/\/jornalfatosenoticias.com.br\/wp-content\/uploads\/2020\/02\/logo120.png","contentUrl":"https:\/\/jornalfatosenoticias.com.br\/wp-content\/uploads\/2020\/02\/logo120.png","width":1227,"height":120,"caption":"Jornal Fatos e Not\u00edcias"},"image":{"@id":"https:\/\/jornalfatosenoticias.com.br\/#\/schema\/logo\/image\/"}},{"@type":"Person","@id":"https:\/\/jornalfatosenoticias.com.br\/#\/schema\/person\/d63837fa13ac8666eb9e74e0985d6f81","name":"Luzimara Fernandes","image":{"@type":"ImageObject","inLanguage":"pt-BR","@id":"https:\/\/jornalfatosenoticias.com.br\/#\/schema\/person\/image\/","url":"https:\/\/jornalfatosenoticias.com.br\/wp-content\/uploads\/2025\/05\/EU_portal.jpg","contentUrl":"https:\/\/jornalfatosenoticias.com.br\/wp-content\/uploads\/2025\/05\/EU_portal.jpg","caption":"Luzimara Fernandes"},"description":"Jornalista MTB 2358-ES","sameAs":["https:\/\/jornalfatosenoticias.com.br"],"url":"https:\/\/jornalfatosenoticias.com.br\/index.php\/author\/luzimara\/"}]}},"cc_featured_image_caption":{"caption_text":"A contamina\u00e7\u00e3o voltou a subir ap\u00f3s ter ficado est\u00e1vel (Foto: \u00a9Reuters\/Rahel Patrasso\/Direitos reservados)","source_text":"","source_url":""},"jetpack_featured_media_url":"https:\/\/jornalfatosenoticias.com.br\/wp-content\/uploads\/2020\/03\/coronavirus-brazil.jpg","_links":{"self":[{"href":"https:\/\/jornalfatosenoticias.com.br\/index.php\/wp-json\/wp\/v2\/posts\/1891","targetHints":{"allow":["GET"]}}],"collection":[{"href":"https:\/\/jornalfatosenoticias.com.br\/index.php\/wp-json\/wp\/v2\/posts"}],"about":[{"href":"https:\/\/jornalfatosenoticias.com.br\/index.php\/wp-json\/wp\/v2\/types\/post"}],"author":[{"embeddable":true,"href":"https:\/\/jornalfatosenoticias.com.br\/index.php\/wp-json\/wp\/v2\/users\/2"}],"replies":[{"embeddable":true,"href":"https:\/\/jornalfatosenoticias.com.br\/index.php\/wp-json\/wp\/v2\/comments?post=1891"}],"version-history":[{"count":0,"href":"https:\/\/jornalfatosenoticias.com.br\/index.php\/wp-json\/wp\/v2\/posts\/1891\/revisions"}],"wp:featuredmedia":[{"embeddable":true,"href":"https:\/\/jornalfatosenoticias.com.br\/index.php\/wp-json\/wp\/v2\/media\/1893"}],"wp:attachment":[{"href":"https:\/\/jornalfatosenoticias.com.br\/index.php\/wp-json\/wp\/v2\/media?parent=1891"}],"wp:term":[{"taxonomy":"category","embeddable":true,"href":"https:\/\/jornalfatosenoticias.com.br\/index.php\/wp-json\/wp\/v2\/categories?post=1891"},{"taxonomy":"post_tag","embeddable":true,"href":"https:\/\/jornalfatosenoticias.com.br\/index.php\/wp-json\/wp\/v2\/tags?post=1891"}],"curies":[{"name":"wp","href":"https:\/\/api.w.org\/{rel}","templated":true}]}}