{"id":18935,"date":"2021-06-03T11:14:18","date_gmt":"2021-06-03T14:14:18","guid":{"rendered":"https:\/\/jornalfatosenoticias.com.br\/?p=18935"},"modified":"2021-06-03T11:14:23","modified_gmt":"2021-06-03T14:14:23","slug":"favorito-das-feiras-livres-como-surgiu-o-pastel","status":"publish","type":"post","link":"https:\/\/jornalfatosenoticias.com.br\/index.php\/2021\/06\/03\/favorito-das-feiras-livres-como-surgiu-o-pastel\/","title":{"rendered":"Favorito das feiras livres, como surgiu o pastel?"},"content":{"rendered":"\n<p><em><span class=\"has-inline-color has-black-color\">Uma das mais amadas comidas dos brasileiros pode ter vindo de longe<\/span><\/em><\/p>\n\n\n\n<p>Embora tenha ganhado forma, textura e os <a href=\"https:\/\/aventurasnahistoria.uol.com.br\/noticias\/almanaque\/sopa-paraguaia-conheca-origens-do-prato-que-nao-e-sopa.phtml\">ingredientes locais<\/a>\u00a0(mu\u00e7arela, frango e carne mo\u00edda, por exemplo), o pastel foi inserido\u00a0<a href=\"https:\/\/aventurasnahistoria.uol.com.br\/noticias\/almanaque\/estrogonofe-o-prato-que-nasceu-na-russia-dos-czares-do-seculo-19.phtml\">na nossa cultura<\/a> por imigrantes do Extremo Oriente. Ou essa \u00e9 a <a href=\"https:\/\/aventurasnahistoria.uol.com.br\/noticias\/almanaque\/pouco-tempo-atras-pessoas-usavam-maos-para-pegar-comida-do-prato.phtml\">hip\u00f3tese<\/a> mais aceita. A origem exata da receita n\u00e3o foi registrada, nem foi muito pesquisada, como relatou o coordenador do Centro de Pesquisas em Gastronomia Brasileira da Universidade Anhembi Morumbi, Ricardo Maranh\u00e3o.<br>A ideia \u00e9 que o pastel teria se originado do chun juan, o rolinho primavera. O prato chin\u00eas \u00e9 feito com massa de farinha, recheio de vegetal e assado em uma frigideira untada. Por volta de 1890, imigrantes chineses j\u00e1 vendiam os rolinhos no Brasil, por vezes com os recheios adaptados ao paladar local, como a carne mo\u00edda.<br>E simplificando a massa folhada para uma camada s\u00f3, esse pr\u00e9-pastel ainda n\u00e3o era popular. A ascens\u00e3o veio com a persegui\u00e7\u00e3o aos japoneses na Segunda Guerra.<br>Com vergonha e medo de serem escorra\u00e7ados, j\u00e1 que o Brasil fez parte dos Aliados, os japoneses aproveitaram a ignor\u00e2ncia ocidental em rela\u00e7\u00e3o \u00e0 diferen\u00e7a entre sua cultura e a dos chineses, e se camuflaram nos h\u00e1bitos dos outros. Eles, assim, assumiram a batuta do preparo e venda de past\u00e9is. A comunidade japonesa no Brasil j\u00e1 ent\u00e3o era muito maior que a chinesa.<br>Isso permitiu ao pastel se popularizar. Come\u00e7aram a surgir pastelarias por S\u00e3o Paulo, e tamb\u00e9m as barraquinhas na feira, j\u00e1 que muitos japoneses tamb\u00e9m eram feirantes, produzindo no cintur\u00e3o verde da capital paulista.<br>De S\u00e3o Paulo, chegaria ao Rio de Janeiro, Belo Horizonte, e, enfim, ao Pa\u00eds inteiro. Com varia\u00e7\u00f5es locais, o pastel deixou de ser uma especialidade ex\u00f3tica para ganhar o status de genu\u00edna cria\u00e7\u00e3o brasileira.<\/p>\n\n\n\n<p><strong><em>Fonte: <a href=\"https:\/\/aventurasnahistoria.uol.com.br\/noticias\/almanaque\/como-surgiu-o-pastel.phtml\">Aventuras na Hist\u00f3ria<\/a><\/em><\/strong><\/p>\n","protected":false},"excerpt":{"rendered":"<p>Uma das mais amadas comidas dos brasileiros pode ter vindo de longe Embora tenha ganhado forma, textura e os ingredientes locais\u00a0(mu\u00e7arela, frango e carne mo\u00edda, por exemplo), o pastel foi inserido\u00a0na nossa cultura por imigrantes do Extremo Oriente. Ou essa \u00e9 a hip\u00f3tese mais aceita. A origem exata da receita n\u00e3o foi registrada, nem foi [&hellip;]<\/p>\n","protected":false},"author":2,"featured_media":18936,"comment_status":"open","ping_status":"open","sticky":false,"template":"","format":"standard","meta":{"footnotes":""},"categories":[5],"tags":[597,2716,9330,9331,6390],"class_list":["post-18935","post","type-post","status-publish","format-standard","has-post-thumbnail","hentry","category-geral","tag-brasil","tag-comida","tag-feiras","tag-pastel","tag-refeicao"],"yoast_head":"<!-- This site is optimized with the Yoast SEO plugin v26.5 - https:\/\/yoast.com\/wordpress\/plugins\/seo\/ -->\n<title>Favorito das feiras livres, como surgiu o pastel? - Jornal Fatos e Not\u00edcias<\/title>\n<meta name=\"robots\" content=\"index, follow, max-snippet:-1, max-image-preview:large, max-video-preview:-1\" \/>\n<link rel=\"canonical\" href=\"https:\/\/jornalfatosenoticias.com.br\/index.php\/2021\/06\/03\/favorito-das-feiras-livres-como-surgiu-o-pastel\/\" \/>\n<meta property=\"og:locale\" content=\"pt_BR\" \/>\n<meta property=\"og:type\" content=\"article\" \/>\n<meta property=\"og:title\" content=\"Favorito das feiras livres, como surgiu o pastel? - Jornal Fatos e Not\u00edcias\" \/>\n<meta property=\"og:description\" content=\"Uma das mais amadas comidas dos brasileiros pode ter vindo de longe Embora tenha ganhado forma, textura e os ingredientes locais\u00a0(mu\u00e7arela, frango e carne mo\u00edda, por exemplo), o pastel foi inserido\u00a0na nossa cultura por imigrantes do Extremo Oriente. Ou essa \u00e9 a hip\u00f3tese mais aceita. A origem exata da receita n\u00e3o foi registrada, nem foi [&hellip;]\" \/>\n<meta property=\"og:url\" content=\"https:\/\/jornalfatosenoticias.com.br\/index.php\/2021\/06\/03\/favorito-das-feiras-livres-como-surgiu-o-pastel\/\" \/>\n<meta property=\"og:site_name\" content=\"Jornal Fatos e Not\u00edcias\" \/>\n<meta property=\"article:published_time\" content=\"2021-06-03T14:14:18+00:00\" \/>\n<meta property=\"article:modified_time\" content=\"2021-06-03T14:14:23+00:00\" \/>\n<meta property=\"og:image\" content=\"https:\/\/jornalfatosenoticias.com.br\/wp-content\/uploads\/2021\/06\/pastel_CURIOSIDADE.jpg\" \/>\n\t<meta property=\"og:image:width\" content=\"1000\" \/>\n\t<meta property=\"og:image:height\" content=\"613\" \/>\n\t<meta property=\"og:image:type\" content=\"image\/jpeg\" \/>\n<meta name=\"author\" content=\"Luzimara Fernandes\" \/>\n<meta name=\"twitter:card\" content=\"summary_large_image\" \/>\n<meta name=\"twitter:label1\" content=\"Escrito por\" \/>\n\t<meta name=\"twitter:data1\" content=\"Luzimara Fernandes\" \/>\n\t<meta name=\"twitter:label2\" content=\"Est. tempo de leitura\" \/>\n\t<meta name=\"twitter:data2\" content=\"2 minutos\" \/>\n<script type=\"application\/ld+json\" class=\"yoast-schema-graph\">{\"@context\":\"https:\/\/schema.org\",\"@graph\":[{\"@type\":\"Article\",\"@id\":\"https:\/\/jornalfatosenoticias.com.br\/index.php\/2021\/06\/03\/favorito-das-feiras-livres-como-surgiu-o-pastel\/#article\",\"isPartOf\":{\"@id\":\"https:\/\/jornalfatosenoticias.com.br\/index.php\/2021\/06\/03\/favorito-das-feiras-livres-como-surgiu-o-pastel\/\"},\"author\":{\"name\":\"Luzimara Fernandes\",\"@id\":\"https:\/\/jornalfatosenoticias.com.br\/#\/schema\/person\/d63837fa13ac8666eb9e74e0985d6f81\"},\"headline\":\"Favorito das feiras livres, como surgiu o pastel?\",\"datePublished\":\"2021-06-03T14:14:18+00:00\",\"dateModified\":\"2021-06-03T14:14:23+00:00\",\"mainEntityOfPage\":{\"@id\":\"https:\/\/jornalfatosenoticias.com.br\/index.php\/2021\/06\/03\/favorito-das-feiras-livres-como-surgiu-o-pastel\/\"},\"wordCount\":327,\"commentCount\":0,\"publisher\":{\"@id\":\"https:\/\/jornalfatosenoticias.com.br\/#organization\"},\"image\":{\"@id\":\"https:\/\/jornalfatosenoticias.com.br\/index.php\/2021\/06\/03\/favorito-das-feiras-livres-como-surgiu-o-pastel\/#primaryimage\"},\"thumbnailUrl\":\"https:\/\/jornalfatosenoticias.com.br\/wp-content\/uploads\/2021\/06\/pastel_CURIOSIDADE.jpg\",\"keywords\":[\"Brasil\",\"comida\",\"feiras\",\"pastel\",\"refei\u00e7\u00e3o\"],\"articleSection\":[\"Geral\"],\"inLanguage\":\"pt-BR\",\"potentialAction\":[{\"@type\":\"CommentAction\",\"name\":\"Comment\",\"target\":[\"https:\/\/jornalfatosenoticias.com.br\/index.php\/2021\/06\/03\/favorito-das-feiras-livres-como-surgiu-o-pastel\/#respond\"]}]},{\"@type\":\"WebPage\",\"@id\":\"https:\/\/jornalfatosenoticias.com.br\/index.php\/2021\/06\/03\/favorito-das-feiras-livres-como-surgiu-o-pastel\/\",\"url\":\"https:\/\/jornalfatosenoticias.com.br\/index.php\/2021\/06\/03\/favorito-das-feiras-livres-como-surgiu-o-pastel\/\",\"name\":\"Favorito das feiras livres, como surgiu o pastel? - Jornal Fatos e Not\u00edcias\",\"isPartOf\":{\"@id\":\"https:\/\/jornalfatosenoticias.com.br\/#website\"},\"primaryImageOfPage\":{\"@id\":\"https:\/\/jornalfatosenoticias.com.br\/index.php\/2021\/06\/03\/favorito-das-feiras-livres-como-surgiu-o-pastel\/#primaryimage\"},\"image\":{\"@id\":\"https:\/\/jornalfatosenoticias.com.br\/index.php\/2021\/06\/03\/favorito-das-feiras-livres-como-surgiu-o-pastel\/#primaryimage\"},\"thumbnailUrl\":\"https:\/\/jornalfatosenoticias.com.br\/wp-content\/uploads\/2021\/06\/pastel_CURIOSIDADE.jpg\",\"datePublished\":\"2021-06-03T14:14:18+00:00\",\"dateModified\":\"2021-06-03T14:14:23+00:00\",\"breadcrumb\":{\"@id\":\"https:\/\/jornalfatosenoticias.com.br\/index.php\/2021\/06\/03\/favorito-das-feiras-livres-como-surgiu-o-pastel\/#breadcrumb\"},\"inLanguage\":\"pt-BR\",\"potentialAction\":[{\"@type\":\"ReadAction\",\"target\":[\"https:\/\/jornalfatosenoticias.com.br\/index.php\/2021\/06\/03\/favorito-das-feiras-livres-como-surgiu-o-pastel\/\"]}]},{\"@type\":\"ImageObject\",\"inLanguage\":\"pt-BR\",\"@id\":\"https:\/\/jornalfatosenoticias.com.br\/index.php\/2021\/06\/03\/favorito-das-feiras-livres-como-surgiu-o-pastel\/#primaryimage\",\"url\":\"https:\/\/jornalfatosenoticias.com.br\/wp-content\/uploads\/2021\/06\/pastel_CURIOSIDADE.jpg\",\"contentUrl\":\"https:\/\/jornalfatosenoticias.com.br\/wp-content\/uploads\/2021\/06\/pastel_CURIOSIDADE.jpg\",\"width\":1000,\"height\":613},{\"@type\":\"BreadcrumbList\",\"@id\":\"https:\/\/jornalfatosenoticias.com.br\/index.php\/2021\/06\/03\/favorito-das-feiras-livres-como-surgiu-o-pastel\/#breadcrumb\",\"itemListElement\":[{\"@type\":\"ListItem\",\"position\":1,\"name\":\"In\u00edcio\",\"item\":\"https:\/\/jornalfatosenoticias.com.br\/\"},{\"@type\":\"ListItem\",\"position\":2,\"name\":\"Favorito das feiras livres, como surgiu o pastel?\"}]},{\"@type\":\"WebSite\",\"@id\":\"https:\/\/jornalfatosenoticias.com.br\/#website\",\"url\":\"https:\/\/jornalfatosenoticias.com.br\/\",\"name\":\"Jornal Fatos e Not\u00edcias\",\"description\":\"Not\u00edcias em geral\",\"publisher\":{\"@id\":\"https:\/\/jornalfatosenoticias.com.br\/#organization\"},\"potentialAction\":[{\"@type\":\"SearchAction\",\"target\":{\"@type\":\"EntryPoint\",\"urlTemplate\":\"https:\/\/jornalfatosenoticias.com.br\/?s={search_term_string}\"},\"query-input\":{\"@type\":\"PropertyValueSpecification\",\"valueRequired\":true,\"valueName\":\"search_term_string\"}}],\"inLanguage\":\"pt-BR\"},{\"@type\":\"Organization\",\"@id\":\"https:\/\/jornalfatosenoticias.com.br\/#organization\",\"name\":\"Jornal Fatos e Not\u00edcias\",\"url\":\"https:\/\/jornalfatosenoticias.com.br\/\",\"logo\":{\"@type\":\"ImageObject\",\"inLanguage\":\"pt-BR\",\"@id\":\"https:\/\/jornalfatosenoticias.com.br\/#\/schema\/logo\/image\/\",\"url\":\"https:\/\/jornalfatosenoticias.com.br\/wp-content\/uploads\/2020\/02\/logo120.png\",\"contentUrl\":\"https:\/\/jornalfatosenoticias.com.br\/wp-content\/uploads\/2020\/02\/logo120.png\",\"width\":1227,\"height\":120,\"caption\":\"Jornal Fatos e Not\u00edcias\"},\"image\":{\"@id\":\"https:\/\/jornalfatosenoticias.com.br\/#\/schema\/logo\/image\/\"}},{\"@type\":\"Person\",\"@id\":\"https:\/\/jornalfatosenoticias.com.br\/#\/schema\/person\/d63837fa13ac8666eb9e74e0985d6f81\",\"name\":\"Luzimara Fernandes\",\"image\":{\"@type\":\"ImageObject\",\"inLanguage\":\"pt-BR\",\"@id\":\"https:\/\/jornalfatosenoticias.com.br\/#\/schema\/person\/image\/\",\"url\":\"https:\/\/jornalfatosenoticias.com.br\/wp-content\/uploads\/2025\/05\/EU_portal.jpg\",\"contentUrl\":\"https:\/\/jornalfatosenoticias.com.br\/wp-content\/uploads\/2025\/05\/EU_portal.jpg\",\"caption\":\"Luzimara Fernandes\"},\"description\":\"Jornalista MTB 2358-ES\",\"sameAs\":[\"https:\/\/jornalfatosenoticias.com.br\"],\"url\":\"https:\/\/jornalfatosenoticias.com.br\/index.php\/author\/luzimara\/\"}]}<\/script>\n<!-- \/ Yoast SEO plugin. -->","yoast_head_json":{"title":"Favorito das feiras livres, como surgiu o pastel? - Jornal Fatos e Not\u00edcias","robots":{"index":"index","follow":"follow","max-snippet":"max-snippet:-1","max-image-preview":"max-image-preview:large","max-video-preview":"max-video-preview:-1"},"canonical":"https:\/\/jornalfatosenoticias.com.br\/index.php\/2021\/06\/03\/favorito-das-feiras-livres-como-surgiu-o-pastel\/","og_locale":"pt_BR","og_type":"article","og_title":"Favorito das feiras livres, como surgiu o pastel? - Jornal Fatos e Not\u00edcias","og_description":"Uma das mais amadas comidas dos brasileiros pode ter vindo de longe Embora tenha ganhado forma, textura e os ingredientes locais\u00a0(mu\u00e7arela, frango e carne mo\u00edda, por exemplo), o pastel foi inserido\u00a0na nossa cultura por imigrantes do Extremo Oriente. Ou essa \u00e9 a hip\u00f3tese mais aceita. A origem exata da receita n\u00e3o foi registrada, nem foi [&hellip;]","og_url":"https:\/\/jornalfatosenoticias.com.br\/index.php\/2021\/06\/03\/favorito-das-feiras-livres-como-surgiu-o-pastel\/","og_site_name":"Jornal Fatos e Not\u00edcias","article_published_time":"2021-06-03T14:14:18+00:00","article_modified_time":"2021-06-03T14:14:23+00:00","og_image":[{"width":1000,"height":613,"url":"https:\/\/jornalfatosenoticias.com.br\/wp-content\/uploads\/2021\/06\/pastel_CURIOSIDADE.jpg","type":"image\/jpeg"}],"author":"Luzimara Fernandes","twitter_card":"summary_large_image","twitter_misc":{"Escrito por":"Luzimara Fernandes","Est. tempo de leitura":"2 minutos"},"schema":{"@context":"https:\/\/schema.org","@graph":[{"@type":"Article","@id":"https:\/\/jornalfatosenoticias.com.br\/index.php\/2021\/06\/03\/favorito-das-feiras-livres-como-surgiu-o-pastel\/#article","isPartOf":{"@id":"https:\/\/jornalfatosenoticias.com.br\/index.php\/2021\/06\/03\/favorito-das-feiras-livres-como-surgiu-o-pastel\/"},"author":{"name":"Luzimara Fernandes","@id":"https:\/\/jornalfatosenoticias.com.br\/#\/schema\/person\/d63837fa13ac8666eb9e74e0985d6f81"},"headline":"Favorito das feiras livres, como surgiu o pastel?","datePublished":"2021-06-03T14:14:18+00:00","dateModified":"2021-06-03T14:14:23+00:00","mainEntityOfPage":{"@id":"https:\/\/jornalfatosenoticias.com.br\/index.php\/2021\/06\/03\/favorito-das-feiras-livres-como-surgiu-o-pastel\/"},"wordCount":327,"commentCount":0,"publisher":{"@id":"https:\/\/jornalfatosenoticias.com.br\/#organization"},"image":{"@id":"https:\/\/jornalfatosenoticias.com.br\/index.php\/2021\/06\/03\/favorito-das-feiras-livres-como-surgiu-o-pastel\/#primaryimage"},"thumbnailUrl":"https:\/\/jornalfatosenoticias.com.br\/wp-content\/uploads\/2021\/06\/pastel_CURIOSIDADE.jpg","keywords":["Brasil","comida","feiras","pastel","refei\u00e7\u00e3o"],"articleSection":["Geral"],"inLanguage":"pt-BR","potentialAction":[{"@type":"CommentAction","name":"Comment","target":["https:\/\/jornalfatosenoticias.com.br\/index.php\/2021\/06\/03\/favorito-das-feiras-livres-como-surgiu-o-pastel\/#respond"]}]},{"@type":"WebPage","@id":"https:\/\/jornalfatosenoticias.com.br\/index.php\/2021\/06\/03\/favorito-das-feiras-livres-como-surgiu-o-pastel\/","url":"https:\/\/jornalfatosenoticias.com.br\/index.php\/2021\/06\/03\/favorito-das-feiras-livres-como-surgiu-o-pastel\/","name":"Favorito das feiras livres, como surgiu o pastel? - Jornal Fatos e Not\u00edcias","isPartOf":{"@id":"https:\/\/jornalfatosenoticias.com.br\/#website"},"primaryImageOfPage":{"@id":"https:\/\/jornalfatosenoticias.com.br\/index.php\/2021\/06\/03\/favorito-das-feiras-livres-como-surgiu-o-pastel\/#primaryimage"},"image":{"@id":"https:\/\/jornalfatosenoticias.com.br\/index.php\/2021\/06\/03\/favorito-das-feiras-livres-como-surgiu-o-pastel\/#primaryimage"},"thumbnailUrl":"https:\/\/jornalfatosenoticias.com.br\/wp-content\/uploads\/2021\/06\/pastel_CURIOSIDADE.jpg","datePublished":"2021-06-03T14:14:18+00:00","dateModified":"2021-06-03T14:14:23+00:00","breadcrumb":{"@id":"https:\/\/jornalfatosenoticias.com.br\/index.php\/2021\/06\/03\/favorito-das-feiras-livres-como-surgiu-o-pastel\/#breadcrumb"},"inLanguage":"pt-BR","potentialAction":[{"@type":"ReadAction","target":["https:\/\/jornalfatosenoticias.com.br\/index.php\/2021\/06\/03\/favorito-das-feiras-livres-como-surgiu-o-pastel\/"]}]},{"@type":"ImageObject","inLanguage":"pt-BR","@id":"https:\/\/jornalfatosenoticias.com.br\/index.php\/2021\/06\/03\/favorito-das-feiras-livres-como-surgiu-o-pastel\/#primaryimage","url":"https:\/\/jornalfatosenoticias.com.br\/wp-content\/uploads\/2021\/06\/pastel_CURIOSIDADE.jpg","contentUrl":"https:\/\/jornalfatosenoticias.com.br\/wp-content\/uploads\/2021\/06\/pastel_CURIOSIDADE.jpg","width":1000,"height":613},{"@type":"BreadcrumbList","@id":"https:\/\/jornalfatosenoticias.com.br\/index.php\/2021\/06\/03\/favorito-das-feiras-livres-como-surgiu-o-pastel\/#breadcrumb","itemListElement":[{"@type":"ListItem","position":1,"name":"In\u00edcio","item":"https:\/\/jornalfatosenoticias.com.br\/"},{"@type":"ListItem","position":2,"name":"Favorito das feiras livres, como surgiu o pastel?"}]},{"@type":"WebSite","@id":"https:\/\/jornalfatosenoticias.com.br\/#website","url":"https:\/\/jornalfatosenoticias.com.br\/","name":"Jornal Fatos e Not\u00edcias","description":"Not\u00edcias em geral","publisher":{"@id":"https:\/\/jornalfatosenoticias.com.br\/#organization"},"potentialAction":[{"@type":"SearchAction","target":{"@type":"EntryPoint","urlTemplate":"https:\/\/jornalfatosenoticias.com.br\/?s={search_term_string}"},"query-input":{"@type":"PropertyValueSpecification","valueRequired":true,"valueName":"search_term_string"}}],"inLanguage":"pt-BR"},{"@type":"Organization","@id":"https:\/\/jornalfatosenoticias.com.br\/#organization","name":"Jornal Fatos e Not\u00edcias","url":"https:\/\/jornalfatosenoticias.com.br\/","logo":{"@type":"ImageObject","inLanguage":"pt-BR","@id":"https:\/\/jornalfatosenoticias.com.br\/#\/schema\/logo\/image\/","url":"https:\/\/jornalfatosenoticias.com.br\/wp-content\/uploads\/2020\/02\/logo120.png","contentUrl":"https:\/\/jornalfatosenoticias.com.br\/wp-content\/uploads\/2020\/02\/logo120.png","width":1227,"height":120,"caption":"Jornal Fatos e Not\u00edcias"},"image":{"@id":"https:\/\/jornalfatosenoticias.com.br\/#\/schema\/logo\/image\/"}},{"@type":"Person","@id":"https:\/\/jornalfatosenoticias.com.br\/#\/schema\/person\/d63837fa13ac8666eb9e74e0985d6f81","name":"Luzimara Fernandes","image":{"@type":"ImageObject","inLanguage":"pt-BR","@id":"https:\/\/jornalfatosenoticias.com.br\/#\/schema\/person\/image\/","url":"https:\/\/jornalfatosenoticias.com.br\/wp-content\/uploads\/2025\/05\/EU_portal.jpg","contentUrl":"https:\/\/jornalfatosenoticias.com.br\/wp-content\/uploads\/2025\/05\/EU_portal.jpg","caption":"Luzimara Fernandes"},"description":"Jornalista MTB 2358-ES","sameAs":["https:\/\/jornalfatosenoticias.com.br"],"url":"https:\/\/jornalfatosenoticias.com.br\/index.php\/author\/luzimara\/"}]}},"cc_featured_image_caption":{"caption_text":"(Foto: iStock)","source_text":"","source_url":""},"jetpack_featured_media_url":"https:\/\/jornalfatosenoticias.com.br\/wp-content\/uploads\/2021\/06\/pastel_CURIOSIDADE.jpg","_links":{"self":[{"href":"https:\/\/jornalfatosenoticias.com.br\/index.php\/wp-json\/wp\/v2\/posts\/18935","targetHints":{"allow":["GET"]}}],"collection":[{"href":"https:\/\/jornalfatosenoticias.com.br\/index.php\/wp-json\/wp\/v2\/posts"}],"about":[{"href":"https:\/\/jornalfatosenoticias.com.br\/index.php\/wp-json\/wp\/v2\/types\/post"}],"author":[{"embeddable":true,"href":"https:\/\/jornalfatosenoticias.com.br\/index.php\/wp-json\/wp\/v2\/users\/2"}],"replies":[{"embeddable":true,"href":"https:\/\/jornalfatosenoticias.com.br\/index.php\/wp-json\/wp\/v2\/comments?post=18935"}],"version-history":[{"count":0,"href":"https:\/\/jornalfatosenoticias.com.br\/index.php\/wp-json\/wp\/v2\/posts\/18935\/revisions"}],"wp:featuredmedia":[{"embeddable":true,"href":"https:\/\/jornalfatosenoticias.com.br\/index.php\/wp-json\/wp\/v2\/media\/18936"}],"wp:attachment":[{"href":"https:\/\/jornalfatosenoticias.com.br\/index.php\/wp-json\/wp\/v2\/media?parent=18935"}],"wp:term":[{"taxonomy":"category","embeddable":true,"href":"https:\/\/jornalfatosenoticias.com.br\/index.php\/wp-json\/wp\/v2\/categories?post=18935"},{"taxonomy":"post_tag","embeddable":true,"href":"https:\/\/jornalfatosenoticias.com.br\/index.php\/wp-json\/wp\/v2\/tags?post=18935"}],"curies":[{"name":"wp","href":"https:\/\/api.w.org\/{rel}","templated":true}]}}