{"id":18947,"date":"2021-06-03T16:50:58","date_gmt":"2021-06-03T19:50:58","guid":{"rendered":"https:\/\/jornalfatosenoticias.com.br\/?p=18947"},"modified":"2021-06-03T16:51:03","modified_gmt":"2021-06-03T19:51:03","slug":"mourao-brasil-caminha-para-independencia-na-producao-de-vacinas","status":"publish","type":"post","link":"https:\/\/jornalfatosenoticias.com.br\/index.php\/2021\/06\/03\/mourao-brasil-caminha-para-independencia-na-producao-de-vacinas\/","title":{"rendered":"Mour\u00e3o: Brasil caminha para independ\u00eancia na produ\u00e7\u00e3o de vacinas"},"content":{"rendered":"\n<p><em><span class=\"has-inline-color has-black-color\">Vice-presidente publicou artigo sobre perspectiva de vacina\u00e7\u00e3o<\/span><\/em><\/p>\n\n\n\n<p>O vice-presidente da Rep\u00fablica, Hamilton Mour\u00e3o, publicou ontem (2) em suas redes sociais, artigo em que defende que o Brasil caminha para a conten\u00e7\u00e3o da pandemia de covid-19.<br>Entre os argumentos apresentados pelo vice-presidente est\u00e1 o avan\u00e7o da vacina\u00e7\u00e3o no Pa\u00eds. De acordo com Mour\u00e3o, &#8220;em maio, o Minist\u00e9rio da Sa\u00fade bateu recorde de distribui\u00e7\u00e3o de vacinas com mais de 33 milh\u00f5es de doses entregues e em junho deve superar esse recorde, com mais de 40 milh\u00f5es de doses distribu\u00eddas para todo o Brasil\u201d. Ele destacou a marca de <strong><a href=\"https:\/\/agenciabrasil.ebc.com.br\/saude\/noticia\/2021-06\/governo-diz-que-distribuiu-mais-100-milhoes-de-vacinas-contra-covid-19\" target=\"_blank\" rel=\"noreferrer noopener\">100 milh\u00f5es de doses distribu\u00eddas<\/a><\/strong> aos estados brasileiros alcan\u00e7ada nesta quarta-feira (2).<br>Hamilton Mour\u00e3o tamb\u00e9m disse que o Brasil dever\u00e1 se tornar refer\u00eancia na produ\u00e7\u00e3o de imunizantes com insumos nacionais. Destacou o acordo assinado com a AstraZeneca na ter\u00e7a-feira (1\u00ba). A <strong><a href=\"https:\/\/agenciabrasil.ebc.com.br\/saude\/noticia\/2021-06\/governo-formaliza-contrato-com-fiocruz-para-vacina-de-oxford\" target=\"_blank\" rel=\"noreferrer noopener\">transfer\u00eancia de tecnologia<\/a>\u00a0<\/strong>permitir\u00e1 ao Brasil produzir o Ingrediente Farmac\u00eautico Ativo (IFA) e, com isso, o Pa\u00eds se tornar\u00e1 independente na produ\u00e7\u00e3o do imunizante.<br>As vacinas 100% nacionais come\u00e7am a ser produzidas em junho e as primeiras doses ser\u00e3o entregues em outubro.<\/p>\n\n\n\n<blockquote class=\"wp-block-quote is-layout-flow wp-block-quote-is-layout-flow\"><p><span class=\"has-inline-color has-luminous-vivid-orange-color\">\u201cO dom\u00ednio da tecnologia e do processo de desenvolvimento dos imunizantes proporcionar\u00e1 ao Brasil independ\u00eancia, redu\u00e7\u00e3o de custos e agilidade no combate ao v\u00edrus e a muta\u00e7\u00f5es que porventura surjam no Pa\u00eds\u201d, disse.<\/span><\/p><\/blockquote>\n\n\n\n<p>Segundo o vice-presidente, \u201ccom a encomenda de mais de 600 milh\u00f5es de doses e o ritmo acelerado de entregas, a expectativa do Minist\u00e9rio da Sa\u00fade \u00e9 de que, at\u00e9 o final deste ano, toda a popula\u00e7\u00e3o brasileira acima de 18 anos seja vacinada\u201d.<\/p>\n\n\n\n<p><strong><span class=\"has-inline-color has-black-color\">Retomada econ\u00f4mica<br><\/span><\/strong>Outro ponto destacado pelo vice-presidente em seu artigo \u00e9 a recupera\u00e7\u00e3o da economia brasileira. Segundo Mour\u00e3o, est\u00edmulos fiscais e o aux\u00edlio emergencial repassado \u00e0 popula\u00e7\u00e3o mais vulner\u00e1vel compensaram a perda de rendimentos e permitiram que a queda do Produto Interno Bruto (PIB) fosse menor que a de outros pa\u00edses da Am\u00e9rica Latina e do continente europeu. Nesta semana o IBGE divulgou que o PIB brasileiro apresentou <strong><a href=\"https:\/\/agenciabrasil.ebc.com.br\/economia\/noticia\/2021-06\/pib-tem-alta-de-12-no-primeiro-trimestre-de-2021-0\" target=\"_blank\" rel=\"noreferrer noopener\">crescimento de 1,2% no primeiro trimestre<\/a><\/strong> do ano.<br>Hamilton Mour\u00e3o tamb\u00e9m destacou o Benef\u00edcio Emergencial de Preserva\u00e7\u00e3o do Emprego e da Renda (BEm 2021), que, segundo ele, evitou mais de 10 milh\u00f5es de demiss\u00f5es.<\/p>\n\n\n\n<blockquote class=\"wp-block-quote is-layout-flow wp-block-quote-is-layout-flow\"><p><span class=\"has-inline-color has-luminous-vivid-orange-color\">\u201cSomos um dos poucos pa\u00edses que terminaram o ano de 2020 com gera\u00e7\u00e3o de milhares de empregos formais. De janeiro a abril deste ano, j\u00e1 temos mais de 950 mil novas carteiras assinadas\u201d, comemora.<\/span><\/p><\/blockquote>\n\n\n\n<p><strong><span class=\"has-inline-color has-black-color\">Perdas<br><\/span><\/strong>Embora encoraje as pessoas a serem otimistas e a verem o \u201ccopo cheio\u201d, o vice-presidente da rep\u00fablica n\u00e3o deixa de lamentar as mortes causadas pela covid-19.<\/p>\n\n\n\n<blockquote class=\"wp-block-quote is-layout-flow wp-block-quote-is-layout-flow\"><p><span class=\"has-inline-color has-luminous-vivid-orange-color\">\u201cAs vidas perdidas jamais ser\u00e3o esquecidas; d\u00f3i em nossos cora\u00e7\u00f5es e mem\u00f3rias, mas o dia da vit\u00f3ria tamb\u00e9m ser\u00e1 para sempre lembrado\u201d.<\/span><\/p><\/blockquote>\n\n\n\n<p>Mour\u00e3o tamb\u00e9m alerta que os brasileiros fiquem atentos \u00e0s fake news \u201ccaso receba alguma mensagem duvidosa, n\u00e3o hesite em consultar os dados no site do Minist\u00e9rio da Sa\u00fade antes de compartilh\u00e1-la\u201d.<br>Por fim, o vice-presidente lembra que, mesmo vacinados, os brasileiros precisam continuar com as medidas de prote\u00e7\u00e3o, como uso de m\u00e1scaras, distanciamento social e higieniza\u00e7\u00e3o com \u00e1lcool gel.<\/p>\n\n\n\n<p><strong><em>Fonte: <a href=\"https:\/\/agenciabrasil.ebc.com.br\/politica\/noticia\/2021-06\/mourao-brasil-caminha-para-independencia-na-producao-de-vacinas\">Ag\u00eancia Brasil<\/a><\/em><\/strong><\/p>\n","protected":false},"excerpt":{"rendered":"<p>Vice-presidente publicou artigo sobre perspectiva de vacina\u00e7\u00e3o O vice-presidente da Rep\u00fablica, Hamilton Mour\u00e3o, publicou ontem (2) em suas redes sociais, artigo em que defende que o Brasil caminha para a conten\u00e7\u00e3o da pandemia de covid-19.Entre os argumentos apresentados pelo vice-presidente est\u00e1 o avan\u00e7o da vacina\u00e7\u00e3o no Pa\u00eds. De acordo com Mour\u00e3o, &#8220;em maio, o Minist\u00e9rio [&hellip;]<\/p>\n","protected":false},"author":2,"featured_media":18948,"comment_status":"open","ping_status":"open","sticky":false,"template":"","format":"standard","meta":{"footnotes":""},"categories":[10],"tags":[73,273,9339,330,545],"class_list":["post-18947","post","type-post","status-publish","format-standard","has-post-thumbnail","hentry","category-politica","tag-coronavirus","tag-covid-19","tag-hamilton-mourao","tag-pandemia","tag-politica"],"yoast_head":"<!-- This site is optimized with the Yoast SEO plugin v26.5 - https:\/\/yoast.com\/wordpress\/plugins\/seo\/ -->\n<title>Mour\u00e3o: Brasil caminha para independ\u00eancia na produ\u00e7\u00e3o de vacinas - Jornal Fatos e Not\u00edcias<\/title>\n<meta name=\"robots\" content=\"index, follow, max-snippet:-1, max-image-preview:large, max-video-preview:-1\" \/>\n<link rel=\"canonical\" href=\"https:\/\/jornalfatosenoticias.com.br\/index.php\/2021\/06\/03\/mourao-brasil-caminha-para-independencia-na-producao-de-vacinas\/\" \/>\n<meta property=\"og:locale\" content=\"pt_BR\" \/>\n<meta property=\"og:type\" content=\"article\" \/>\n<meta property=\"og:title\" content=\"Mour\u00e3o: Brasil caminha para independ\u00eancia na produ\u00e7\u00e3o de vacinas - Jornal Fatos e Not\u00edcias\" \/>\n<meta property=\"og:description\" content=\"Vice-presidente publicou artigo sobre perspectiva de vacina\u00e7\u00e3o O vice-presidente da Rep\u00fablica, Hamilton Mour\u00e3o, publicou ontem (2) em suas redes sociais, artigo em que defende que o Brasil caminha para a conten\u00e7\u00e3o da pandemia de covid-19.Entre os argumentos apresentados pelo vice-presidente est\u00e1 o avan\u00e7o da vacina\u00e7\u00e3o no Pa\u00eds. De acordo com Mour\u00e3o, &#8220;em maio, o Minist\u00e9rio [&hellip;]\" \/>\n<meta property=\"og:url\" content=\"https:\/\/jornalfatosenoticias.com.br\/index.php\/2021\/06\/03\/mourao-brasil-caminha-para-independencia-na-producao-de-vacinas\/\" \/>\n<meta property=\"og:site_name\" content=\"Jornal Fatos e Not\u00edcias\" \/>\n<meta property=\"article:published_time\" content=\"2021-06-03T19:50:58+00:00\" \/>\n<meta property=\"article:modified_time\" content=\"2021-06-03T19:51:03+00:00\" \/>\n<meta property=\"og:image\" content=\"https:\/\/jornalfatosenoticias.com.br\/wp-content\/uploads\/2021\/06\/MOURAO.jpg\" \/>\n\t<meta property=\"og:image:width\" content=\"1000\" \/>\n\t<meta property=\"og:image:height\" content=\"598\" \/>\n\t<meta property=\"og:image:type\" content=\"image\/jpeg\" \/>\n<meta name=\"author\" content=\"Luzimara Fernandes\" \/>\n<meta name=\"twitter:card\" content=\"summary_large_image\" \/>\n<meta name=\"twitter:label1\" content=\"Escrito por\" \/>\n\t<meta name=\"twitter:data1\" content=\"Luzimara Fernandes\" \/>\n\t<meta name=\"twitter:label2\" content=\"Est. tempo de leitura\" \/>\n\t<meta name=\"twitter:data2\" content=\"3 minutos\" \/>\n<script type=\"application\/ld+json\" class=\"yoast-schema-graph\">{\"@context\":\"https:\/\/schema.org\",\"@graph\":[{\"@type\":\"Article\",\"@id\":\"https:\/\/jornalfatosenoticias.com.br\/index.php\/2021\/06\/03\/mourao-brasil-caminha-para-independencia-na-producao-de-vacinas\/#article\",\"isPartOf\":{\"@id\":\"https:\/\/jornalfatosenoticias.com.br\/index.php\/2021\/06\/03\/mourao-brasil-caminha-para-independencia-na-producao-de-vacinas\/\"},\"author\":{\"name\":\"Luzimara Fernandes\",\"@id\":\"https:\/\/jornalfatosenoticias.com.br\/#\/schema\/person\/d63837fa13ac8666eb9e74e0985d6f81\"},\"headline\":\"Mour\u00e3o: Brasil caminha para independ\u00eancia na produ\u00e7\u00e3o de vacinas\",\"datePublished\":\"2021-06-03T19:50:58+00:00\",\"dateModified\":\"2021-06-03T19:51:03+00:00\",\"mainEntityOfPage\":{\"@id\":\"https:\/\/jornalfatosenoticias.com.br\/index.php\/2021\/06\/03\/mourao-brasil-caminha-para-independencia-na-producao-de-vacinas\/\"},\"wordCount\":570,\"commentCount\":0,\"publisher\":{\"@id\":\"https:\/\/jornalfatosenoticias.com.br\/#organization\"},\"image\":{\"@id\":\"https:\/\/jornalfatosenoticias.com.br\/index.php\/2021\/06\/03\/mourao-brasil-caminha-para-independencia-na-producao-de-vacinas\/#primaryimage\"},\"thumbnailUrl\":\"https:\/\/jornalfatosenoticias.com.br\/wp-content\/uploads\/2021\/06\/MOURAO.jpg\",\"keywords\":[\"coronav\u00edrus\",\"covid-19\",\"Hamilton Mour\u00e3o\",\"pandemia\",\"pol\u00edtica\"],\"articleSection\":[\"Pol\u00edtica\"],\"inLanguage\":\"pt-BR\",\"potentialAction\":[{\"@type\":\"CommentAction\",\"name\":\"Comment\",\"target\":[\"https:\/\/jornalfatosenoticias.com.br\/index.php\/2021\/06\/03\/mourao-brasil-caminha-para-independencia-na-producao-de-vacinas\/#respond\"]}]},{\"@type\":\"WebPage\",\"@id\":\"https:\/\/jornalfatosenoticias.com.br\/index.php\/2021\/06\/03\/mourao-brasil-caminha-para-independencia-na-producao-de-vacinas\/\",\"url\":\"https:\/\/jornalfatosenoticias.com.br\/index.php\/2021\/06\/03\/mourao-brasil-caminha-para-independencia-na-producao-de-vacinas\/\",\"name\":\"Mour\u00e3o: Brasil caminha para independ\u00eancia na produ\u00e7\u00e3o de vacinas - Jornal Fatos e Not\u00edcias\",\"isPartOf\":{\"@id\":\"https:\/\/jornalfatosenoticias.com.br\/#website\"},\"primaryImageOfPage\":{\"@id\":\"https:\/\/jornalfatosenoticias.com.br\/index.php\/2021\/06\/03\/mourao-brasil-caminha-para-independencia-na-producao-de-vacinas\/#primaryimage\"},\"image\":{\"@id\":\"https:\/\/jornalfatosenoticias.com.br\/index.php\/2021\/06\/03\/mourao-brasil-caminha-para-independencia-na-producao-de-vacinas\/#primaryimage\"},\"thumbnailUrl\":\"https:\/\/jornalfatosenoticias.com.br\/wp-content\/uploads\/2021\/06\/MOURAO.jpg\",\"datePublished\":\"2021-06-03T19:50:58+00:00\",\"dateModified\":\"2021-06-03T19:51:03+00:00\",\"breadcrumb\":{\"@id\":\"https:\/\/jornalfatosenoticias.com.br\/index.php\/2021\/06\/03\/mourao-brasil-caminha-para-independencia-na-producao-de-vacinas\/#breadcrumb\"},\"inLanguage\":\"pt-BR\",\"potentialAction\":[{\"@type\":\"ReadAction\",\"target\":[\"https:\/\/jornalfatosenoticias.com.br\/index.php\/2021\/06\/03\/mourao-brasil-caminha-para-independencia-na-producao-de-vacinas\/\"]}]},{\"@type\":\"ImageObject\",\"inLanguage\":\"pt-BR\",\"@id\":\"https:\/\/jornalfatosenoticias.com.br\/index.php\/2021\/06\/03\/mourao-brasil-caminha-para-independencia-na-producao-de-vacinas\/#primaryimage\",\"url\":\"https:\/\/jornalfatosenoticias.com.br\/wp-content\/uploads\/2021\/06\/MOURAO.jpg\",\"contentUrl\":\"https:\/\/jornalfatosenoticias.com.br\/wp-content\/uploads\/2021\/06\/MOURAO.jpg\",\"width\":1000,\"height\":598,\"caption\":\"O vice-presidente da Rep\u00fablica, Hamilton Mour\u00e3o, participa da abertura do semin\u00e1rio \u201cAgro em Quest\u00e3o\u201d.\"},{\"@type\":\"BreadcrumbList\",\"@id\":\"https:\/\/jornalfatosenoticias.com.br\/index.php\/2021\/06\/03\/mourao-brasil-caminha-para-independencia-na-producao-de-vacinas\/#breadcrumb\",\"itemListElement\":[{\"@type\":\"ListItem\",\"position\":1,\"name\":\"In\u00edcio\",\"item\":\"https:\/\/jornalfatosenoticias.com.br\/\"},{\"@type\":\"ListItem\",\"position\":2,\"name\":\"Mour\u00e3o: Brasil caminha para independ\u00eancia na produ\u00e7\u00e3o de vacinas\"}]},{\"@type\":\"WebSite\",\"@id\":\"https:\/\/jornalfatosenoticias.com.br\/#website\",\"url\":\"https:\/\/jornalfatosenoticias.com.br\/\",\"name\":\"Jornal Fatos e Not\u00edcias\",\"description\":\"Not\u00edcias em geral\",\"publisher\":{\"@id\":\"https:\/\/jornalfatosenoticias.com.br\/#organization\"},\"potentialAction\":[{\"@type\":\"SearchAction\",\"target\":{\"@type\":\"EntryPoint\",\"urlTemplate\":\"https:\/\/jornalfatosenoticias.com.br\/?s={search_term_string}\"},\"query-input\":{\"@type\":\"PropertyValueSpecification\",\"valueRequired\":true,\"valueName\":\"search_term_string\"}}],\"inLanguage\":\"pt-BR\"},{\"@type\":\"Organization\",\"@id\":\"https:\/\/jornalfatosenoticias.com.br\/#organization\",\"name\":\"Jornal Fatos e Not\u00edcias\",\"url\":\"https:\/\/jornalfatosenoticias.com.br\/\",\"logo\":{\"@type\":\"ImageObject\",\"inLanguage\":\"pt-BR\",\"@id\":\"https:\/\/jornalfatosenoticias.com.br\/#\/schema\/logo\/image\/\",\"url\":\"https:\/\/jornalfatosenoticias.com.br\/wp-content\/uploads\/2020\/02\/logo120.png\",\"contentUrl\":\"https:\/\/jornalfatosenoticias.com.br\/wp-content\/uploads\/2020\/02\/logo120.png\",\"width\":1227,\"height\":120,\"caption\":\"Jornal Fatos e Not\u00edcias\"},\"image\":{\"@id\":\"https:\/\/jornalfatosenoticias.com.br\/#\/schema\/logo\/image\/\"}},{\"@type\":\"Person\",\"@id\":\"https:\/\/jornalfatosenoticias.com.br\/#\/schema\/person\/d63837fa13ac8666eb9e74e0985d6f81\",\"name\":\"Luzimara Fernandes\",\"image\":{\"@type\":\"ImageObject\",\"inLanguage\":\"pt-BR\",\"@id\":\"https:\/\/jornalfatosenoticias.com.br\/#\/schema\/person\/image\/\",\"url\":\"https:\/\/jornalfatosenoticias.com.br\/wp-content\/uploads\/2025\/05\/EU_portal.jpg\",\"contentUrl\":\"https:\/\/jornalfatosenoticias.com.br\/wp-content\/uploads\/2025\/05\/EU_portal.jpg\",\"caption\":\"Luzimara Fernandes\"},\"description\":\"Jornalista MTB 2358-ES\",\"sameAs\":[\"https:\/\/jornalfatosenoticias.com.br\"],\"url\":\"https:\/\/jornalfatosenoticias.com.br\/index.php\/author\/luzimara\/\"}]}<\/script>\n<!-- \/ Yoast SEO plugin. -->","yoast_head_json":{"title":"Mour\u00e3o: Brasil caminha para independ\u00eancia na produ\u00e7\u00e3o de vacinas - Jornal Fatos e Not\u00edcias","robots":{"index":"index","follow":"follow","max-snippet":"max-snippet:-1","max-image-preview":"max-image-preview:large","max-video-preview":"max-video-preview:-1"},"canonical":"https:\/\/jornalfatosenoticias.com.br\/index.php\/2021\/06\/03\/mourao-brasil-caminha-para-independencia-na-producao-de-vacinas\/","og_locale":"pt_BR","og_type":"article","og_title":"Mour\u00e3o: Brasil caminha para independ\u00eancia na produ\u00e7\u00e3o de vacinas - Jornal Fatos e Not\u00edcias","og_description":"Vice-presidente publicou artigo sobre perspectiva de vacina\u00e7\u00e3o O vice-presidente da Rep\u00fablica, Hamilton Mour\u00e3o, publicou ontem (2) em suas redes sociais, artigo em que defende que o Brasil caminha para a conten\u00e7\u00e3o da pandemia de covid-19.Entre os argumentos apresentados pelo vice-presidente est\u00e1 o avan\u00e7o da vacina\u00e7\u00e3o no Pa\u00eds. De acordo com Mour\u00e3o, &#8220;em maio, o Minist\u00e9rio [&hellip;]","og_url":"https:\/\/jornalfatosenoticias.com.br\/index.php\/2021\/06\/03\/mourao-brasil-caminha-para-independencia-na-producao-de-vacinas\/","og_site_name":"Jornal Fatos e Not\u00edcias","article_published_time":"2021-06-03T19:50:58+00:00","article_modified_time":"2021-06-03T19:51:03+00:00","og_image":[{"width":1000,"height":598,"url":"https:\/\/jornalfatosenoticias.com.br\/wp-content\/uploads\/2021\/06\/MOURAO.jpg","type":"image\/jpeg"}],"author":"Luzimara Fernandes","twitter_card":"summary_large_image","twitter_misc":{"Escrito por":"Luzimara Fernandes","Est. tempo de leitura":"3 minutos"},"schema":{"@context":"https:\/\/schema.org","@graph":[{"@type":"Article","@id":"https:\/\/jornalfatosenoticias.com.br\/index.php\/2021\/06\/03\/mourao-brasil-caminha-para-independencia-na-producao-de-vacinas\/#article","isPartOf":{"@id":"https:\/\/jornalfatosenoticias.com.br\/index.php\/2021\/06\/03\/mourao-brasil-caminha-para-independencia-na-producao-de-vacinas\/"},"author":{"name":"Luzimara Fernandes","@id":"https:\/\/jornalfatosenoticias.com.br\/#\/schema\/person\/d63837fa13ac8666eb9e74e0985d6f81"},"headline":"Mour\u00e3o: Brasil caminha para independ\u00eancia na produ\u00e7\u00e3o de vacinas","datePublished":"2021-06-03T19:50:58+00:00","dateModified":"2021-06-03T19:51:03+00:00","mainEntityOfPage":{"@id":"https:\/\/jornalfatosenoticias.com.br\/index.php\/2021\/06\/03\/mourao-brasil-caminha-para-independencia-na-producao-de-vacinas\/"},"wordCount":570,"commentCount":0,"publisher":{"@id":"https:\/\/jornalfatosenoticias.com.br\/#organization"},"image":{"@id":"https:\/\/jornalfatosenoticias.com.br\/index.php\/2021\/06\/03\/mourao-brasil-caminha-para-independencia-na-producao-de-vacinas\/#primaryimage"},"thumbnailUrl":"https:\/\/jornalfatosenoticias.com.br\/wp-content\/uploads\/2021\/06\/MOURAO.jpg","keywords":["coronav\u00edrus","covid-19","Hamilton Mour\u00e3o","pandemia","pol\u00edtica"],"articleSection":["Pol\u00edtica"],"inLanguage":"pt-BR","potentialAction":[{"@type":"CommentAction","name":"Comment","target":["https:\/\/jornalfatosenoticias.com.br\/index.php\/2021\/06\/03\/mourao-brasil-caminha-para-independencia-na-producao-de-vacinas\/#respond"]}]},{"@type":"WebPage","@id":"https:\/\/jornalfatosenoticias.com.br\/index.php\/2021\/06\/03\/mourao-brasil-caminha-para-independencia-na-producao-de-vacinas\/","url":"https:\/\/jornalfatosenoticias.com.br\/index.php\/2021\/06\/03\/mourao-brasil-caminha-para-independencia-na-producao-de-vacinas\/","name":"Mour\u00e3o: Brasil caminha para independ\u00eancia na produ\u00e7\u00e3o de vacinas - Jornal Fatos e Not\u00edcias","isPartOf":{"@id":"https:\/\/jornalfatosenoticias.com.br\/#website"},"primaryImageOfPage":{"@id":"https:\/\/jornalfatosenoticias.com.br\/index.php\/2021\/06\/03\/mourao-brasil-caminha-para-independencia-na-producao-de-vacinas\/#primaryimage"},"image":{"@id":"https:\/\/jornalfatosenoticias.com.br\/index.php\/2021\/06\/03\/mourao-brasil-caminha-para-independencia-na-producao-de-vacinas\/#primaryimage"},"thumbnailUrl":"https:\/\/jornalfatosenoticias.com.br\/wp-content\/uploads\/2021\/06\/MOURAO.jpg","datePublished":"2021-06-03T19:50:58+00:00","dateModified":"2021-06-03T19:51:03+00:00","breadcrumb":{"@id":"https:\/\/jornalfatosenoticias.com.br\/index.php\/2021\/06\/03\/mourao-brasil-caminha-para-independencia-na-producao-de-vacinas\/#breadcrumb"},"inLanguage":"pt-BR","potentialAction":[{"@type":"ReadAction","target":["https:\/\/jornalfatosenoticias.com.br\/index.php\/2021\/06\/03\/mourao-brasil-caminha-para-independencia-na-producao-de-vacinas\/"]}]},{"@type":"ImageObject","inLanguage":"pt-BR","@id":"https:\/\/jornalfatosenoticias.com.br\/index.php\/2021\/06\/03\/mourao-brasil-caminha-para-independencia-na-producao-de-vacinas\/#primaryimage","url":"https:\/\/jornalfatosenoticias.com.br\/wp-content\/uploads\/2021\/06\/MOURAO.jpg","contentUrl":"https:\/\/jornalfatosenoticias.com.br\/wp-content\/uploads\/2021\/06\/MOURAO.jpg","width":1000,"height":598,"caption":"O vice-presidente da Rep\u00fablica, Hamilton Mour\u00e3o, participa da abertura do semin\u00e1rio \u201cAgro em Quest\u00e3o\u201d."},{"@type":"BreadcrumbList","@id":"https:\/\/jornalfatosenoticias.com.br\/index.php\/2021\/06\/03\/mourao-brasil-caminha-para-independencia-na-producao-de-vacinas\/#breadcrumb","itemListElement":[{"@type":"ListItem","position":1,"name":"In\u00edcio","item":"https:\/\/jornalfatosenoticias.com.br\/"},{"@type":"ListItem","position":2,"name":"Mour\u00e3o: Brasil caminha para independ\u00eancia na produ\u00e7\u00e3o de vacinas"}]},{"@type":"WebSite","@id":"https:\/\/jornalfatosenoticias.com.br\/#website","url":"https:\/\/jornalfatosenoticias.com.br\/","name":"Jornal Fatos e Not\u00edcias","description":"Not\u00edcias em geral","publisher":{"@id":"https:\/\/jornalfatosenoticias.com.br\/#organization"},"potentialAction":[{"@type":"SearchAction","target":{"@type":"EntryPoint","urlTemplate":"https:\/\/jornalfatosenoticias.com.br\/?s={search_term_string}"},"query-input":{"@type":"PropertyValueSpecification","valueRequired":true,"valueName":"search_term_string"}}],"inLanguage":"pt-BR"},{"@type":"Organization","@id":"https:\/\/jornalfatosenoticias.com.br\/#organization","name":"Jornal Fatos e Not\u00edcias","url":"https:\/\/jornalfatosenoticias.com.br\/","logo":{"@type":"ImageObject","inLanguage":"pt-BR","@id":"https:\/\/jornalfatosenoticias.com.br\/#\/schema\/logo\/image\/","url":"https:\/\/jornalfatosenoticias.com.br\/wp-content\/uploads\/2020\/02\/logo120.png","contentUrl":"https:\/\/jornalfatosenoticias.com.br\/wp-content\/uploads\/2020\/02\/logo120.png","width":1227,"height":120,"caption":"Jornal Fatos e Not\u00edcias"},"image":{"@id":"https:\/\/jornalfatosenoticias.com.br\/#\/schema\/logo\/image\/"}},{"@type":"Person","@id":"https:\/\/jornalfatosenoticias.com.br\/#\/schema\/person\/d63837fa13ac8666eb9e74e0985d6f81","name":"Luzimara Fernandes","image":{"@type":"ImageObject","inLanguage":"pt-BR","@id":"https:\/\/jornalfatosenoticias.com.br\/#\/schema\/person\/image\/","url":"https:\/\/jornalfatosenoticias.com.br\/wp-content\/uploads\/2025\/05\/EU_portal.jpg","contentUrl":"https:\/\/jornalfatosenoticias.com.br\/wp-content\/uploads\/2025\/05\/EU_portal.jpg","caption":"Luzimara Fernandes"},"description":"Jornalista MTB 2358-ES","sameAs":["https:\/\/jornalfatosenoticias.com.br"],"url":"https:\/\/jornalfatosenoticias.com.br\/index.php\/author\/luzimara\/"}]}},"cc_featured_image_caption":{"caption_text":"(Foto: Marcelo Camargo\/Ag\u00eancia Brasil) ","source_text":"","source_url":""},"jetpack_featured_media_url":"https:\/\/jornalfatosenoticias.com.br\/wp-content\/uploads\/2021\/06\/MOURAO.jpg","_links":{"self":[{"href":"https:\/\/jornalfatosenoticias.com.br\/index.php\/wp-json\/wp\/v2\/posts\/18947","targetHints":{"allow":["GET"]}}],"collection":[{"href":"https:\/\/jornalfatosenoticias.com.br\/index.php\/wp-json\/wp\/v2\/posts"}],"about":[{"href":"https:\/\/jornalfatosenoticias.com.br\/index.php\/wp-json\/wp\/v2\/types\/post"}],"author":[{"embeddable":true,"href":"https:\/\/jornalfatosenoticias.com.br\/index.php\/wp-json\/wp\/v2\/users\/2"}],"replies":[{"embeddable":true,"href":"https:\/\/jornalfatosenoticias.com.br\/index.php\/wp-json\/wp\/v2\/comments?post=18947"}],"version-history":[{"count":0,"href":"https:\/\/jornalfatosenoticias.com.br\/index.php\/wp-json\/wp\/v2\/posts\/18947\/revisions"}],"wp:featuredmedia":[{"embeddable":true,"href":"https:\/\/jornalfatosenoticias.com.br\/index.php\/wp-json\/wp\/v2\/media\/18948"}],"wp:attachment":[{"href":"https:\/\/jornalfatosenoticias.com.br\/index.php\/wp-json\/wp\/v2\/media?parent=18947"}],"wp:term":[{"taxonomy":"category","embeddable":true,"href":"https:\/\/jornalfatosenoticias.com.br\/index.php\/wp-json\/wp\/v2\/categories?post=18947"},{"taxonomy":"post_tag","embeddable":true,"href":"https:\/\/jornalfatosenoticias.com.br\/index.php\/wp-json\/wp\/v2\/tags?post=18947"}],"curies":[{"name":"wp","href":"https:\/\/api.w.org\/{rel}","templated":true}]}}