{"id":18954,"date":"2021-06-03T17:53:03","date_gmt":"2021-06-03T20:53:03","guid":{"rendered":"https:\/\/jornalfatosenoticias.com.br\/?p=18954"},"modified":"2021-06-03T17:53:08","modified_gmt":"2021-06-03T20:53:08","slug":"a-historia-da-ave-perdida-da-mata-atlantica","status":"publish","type":"post","link":"https:\/\/jornalfatosenoticias.com.br\/index.php\/2021\/06\/03\/a-historia-da-ave-perdida-da-mata-atlantica\/","title":{"rendered":"A hist\u00f3ria da ave perdida da Mata Atl\u00e2ntica"},"content":{"rendered":"\n<p><em><span class=\"has-inline-color has-black-color\">O pararu-espelho \u00e9 considerado provavelmente extinto, contudo, agora, especialistas t\u00eam esperan\u00e7as de encontrar remanescentes da esp\u00e9cie<\/span><\/em><\/p>\n\n\n\n<p>A hist\u00f3ria da pomba Paraclaravis geoffroyi, popularmente conhecida como pararu-espelho, est\u00e1 envolta em in\u00fameros mist\u00e9rios que se tornaram alvo de pesquisas para especialistas em p\u00e1ssaros.<br>Essa ave t\u00edpica da <a href=\"https:\/\/aventurasnahistoria.uol.com.br\/noticias\/historia-hoje\/cientistas-brasileiros-encontram-nova-especie-de-sapo-fluorescente.phtml\" rel=\"noreferrer noopener\" target=\"_blank\">Mata Atl\u00e2ntica<\/a>\u00a0est\u00e1 desaparecida da natureza h\u00e1 muitos anos, considerada criticamente amea\u00e7ada de extin\u00e7\u00e3o desde 1994, como revelou uma reportagem da\u00a0<a href=\"https:\/\/revistagalileu.globo.com\/Ciencia\/Biologia\/noticia\/2021\/05\/estudo-aumenta-esperanca-de-encontrar-ave-perdida-da-mata-atlantica.html\" rel=\"noreferrer noopener\" target=\"_blank\">revista Galileu<\/a>.<br>De acordo com uma reportagem publicada pelo <a href=\"https:\/\/g1.globo.com\/sp\/campinas-regiao\/terra-da-gente\/noticia\/2020\/08\/24\/pararu-espelho-a-pomba-que-esta-desaparecida-na-natureza.ghtml\" rel=\"noreferrer noopener\" target=\"_blank\">G1<\/a>, a preocupa\u00e7\u00e3o com o sumi\u00e7o da ave come\u00e7ou na d\u00e9cada de 1980. Desde ent\u00e3o, os pesquisadores basicamente j\u00e1 n\u00e3o tinham mais esperan\u00e7as de encontrar remanescentes da esp\u00e9cie, que tinha tudo para entrar para a triste lista de animais extintos. Contudo, a incerteza da extin\u00e7\u00e3o total ainda gera esperan\u00e7as de que essas aves ainda existam.<br>Para os especialistas, o sumi\u00e7o desses p\u00e1ssaros da natureza pode estar relacionado \u00e0 devasta\u00e7\u00e3o de seu habitat natural, mas, at\u00e9 o momento, s\u00f3 existem especula\u00e7\u00f5es sobre o caso.<br>Outra teoria \u00e9 a de que a proibi\u00e7\u00e3o da cria\u00e7\u00e3o da esp\u00e9cie em cativeiro tenha contribu\u00eddo para o decl\u00ednio. Contudo, o desaparecimento de tal ave ainda \u00e9 um enigma para a comunidade cient\u00edfica.<\/p>\n\n\n\n<h4 class=\"wp-block-heading\"><span class=\"has-inline-color has-black-color\">A busca continua<\/span><\/h4>\n\n\n\n<figure class=\"wp-block-image size-large\"><img loading=\"lazy\" decoding=\"async\" width=\"1000\" height=\"562\" src=\"https:\/\/jornalfatosenoticias.com.br\/wp-content\/uploads\/2021\/06\/mata_atlantica.jpg\" alt=\"\" class=\"wp-image-18955\" srcset=\"https:\/\/jornalfatosenoticias.com.br\/wp-content\/uploads\/2021\/06\/mata_atlantica.jpg 1000w, https:\/\/jornalfatosenoticias.com.br\/wp-content\/uploads\/2021\/06\/mata_atlantica-300x169.jpg 300w, https:\/\/jornalfatosenoticias.com.br\/wp-content\/uploads\/2021\/06\/mata_atlantica-768x432.jpg 768w\" sizes=\"auto, (max-width: 1000px) 100vw, 1000px\" \/><figcaption><em><span class=\"has-inline-color has-black-color\">Mapa da ecorregi\u00e3o da Mata Atl\u00e2ntica (Foto: Wikimedia Commons\/Nasa\/Miguel Rangel Jr)<\/span><\/em><\/figcaption><\/figure>\n\n\n\n<p>Enquanto alguns pesquisadores acreditam que a esp\u00e9cie j\u00e1 n\u00e3o exista mais na natureza, outros se dedicam a encontr\u00e1-la. \u00c9 o caso de estudiosos da Universidade Metropolitana de Manchester, com integrantes argentinos e brasileiros na equipe.<br>Em uma recente pesquisa publicada pelo jornal cient\u00edfico <a href=\"https:\/\/www.frontiersin.org\/articles\/10.3389\/fevo.2021.624959\/full\" rel=\"noreferrer noopener\" target=\"_blank\">Frontiers in Ecology and Evolution<\/a>, os pesquisadores reuniram alguns dados pouco explorados das \u00faltimas vezes em que o pararu-espelho foi visto e chegaram a algumas conclus\u00f5es.<br>De acordo com o estudo, nas \u00faltimas vezes em que as <a href=\"https:\/\/aventurasnahistoria.uol.com.br\/noticias\/reportagem\/matematico-e-piadista-alex-trajetoria-do-papagaio-mais-inteligente-da-historia.phtml\" rel=\"noreferrer noopener\" target=\"_blank\">aves<\/a> foram vistas, n\u00e3o foram registados sons nem imagens. Por esse motivo, os pesquisadores se dedicaram a encontrar registros feitos por pessoas que mantinham esses p\u00e1ssaros em cativeiro, quando a pr\u00e1tica ainda n\u00e3o era proibida.<br>Com esfor\u00e7o, os especialistas conseguiram resgatar v\u00eddeos dessas aves, e assim, pela primeira vez foi poss\u00edvel identificar como \u00e9 o som emitido por esses p\u00e1ssaros. De acordo com o l\u00edder do estudo, <strong>Alexander Lees<\/strong>, essa descoberta contribui na busca por esses animais:<br>\u201cNossas chances de ouvir a esp\u00e9cie s\u00e3o obviamente baixas, mas implantar dezenas de gravadores de som aut\u00f4nomos perto de planta\u00e7\u00f5es de <a href=\"https:\/\/aventurasnahistoria.uol.com.br\/noticias\/almanaque\/indicacao-para-o-domingo-a-ponte-de-bambu.phtml\" rel=\"noreferrer noopener\" target=\"_blank\">bambu<\/a> e procurar as vocaliza\u00e7\u00f5es ao longo das grava\u00e7\u00f5es leva o esfor\u00e7o de busca a um n\u00edvel totalmente novo\u201d.<\/p>\n\n\n\n<h4 class=\"wp-block-heading\"><strong><span class=\"has-inline-color has-black-color\">Ainda h\u00e1 esperan\u00e7a<\/span><\/strong><\/h4>\n\n\n\n<figure class=\"wp-block-image size-large\"><img loading=\"lazy\" decoding=\"async\" width=\"1000\" height=\"562\" src=\"https:\/\/jornalfatosenoticias.com.br\/wp-content\/uploads\/2021\/06\/passaro_perdido-da-mata-atlantica.jpg\" alt=\"\" class=\"wp-image-18956\" srcset=\"https:\/\/jornalfatosenoticias.com.br\/wp-content\/uploads\/2021\/06\/passaro_perdido-da-mata-atlantica.jpg 1000w, https:\/\/jornalfatosenoticias.com.br\/wp-content\/uploads\/2021\/06\/passaro_perdido-da-mata-atlantica-300x169.jpg 300w, https:\/\/jornalfatosenoticias.com.br\/wp-content\/uploads\/2021\/06\/passaro_perdido-da-mata-atlantica-768x432.jpg 768w\" sizes=\"auto, (max-width: 1000px) 100vw, 1000px\" \/><figcaption><em><span class=\"has-inline-color has-black-color\">Ilustra\u00e7\u00e3o da pomba Paraclaravis geoffroyi, popularmente conhecida como pararu-espelho (Foto: Divulga\u00e7\u00e3o\/Rosana Arraes)<\/span><\/em><\/figcaption><\/figure>\n\n\n\n<p>Com os novos dados, os especialistas chegaram \u00e0 conclus\u00e3o de que \u00e9 poss\u00edvel de que ainda existam remanescentes dessa esp\u00e9cie em uma floresta tropical no norte da Argentina.<br>\u201cMinha esperan\u00e7a \u00e9 que, embora esta seja uma esp\u00e9cie quase imposs\u00edvel de ver, ela ainda esteja l\u00e1 fora e, esperan\u00e7osamente, nossa pesquisa e os modelos que criamos possam ajudar a orientar as pesquisas para os lugares mais prov\u00e1veis em que ela ainda possa estar aguentando&#8221;, revelou <strong>Keller<\/strong>.<br>Agora, os estudiosos continuar\u00e3o nas buscas pela ave perdida, e caso encontrem, pretendem criar um programa de reprodu\u00e7\u00e3o para salvar a esp\u00e9cie. Confira a pesquisa completa <a href=\"https:\/\/www.frontiersin.org\/articles\/10.3389\/fevo.2021.624959\/full\" rel=\"noreferrer noopener\" target=\"_blank\">aqui<\/a>.<\/p>\n\n\n\n<p><em><span class=\"has-inline-color has-black-color\"><strong>Foto de capa:<\/strong> Wikimedia Commons\/Iconographia Zoologica<\/span><\/em><\/p>\n\n\n\n<p><em><strong>Fonte: <a href=\"https:\/\/aventurasnahistoria.uol.com.br\/noticias\/almanaque\/entenda-historia-da-ave-perdida-da-mata-atlantica.phtml\">Aventuras na Hist\u00f3ria<\/a><\/strong><\/em><\/p>\n","protected":false},"excerpt":{"rendered":"<p>O pararu-espelho \u00e9 considerado provavelmente extinto, contudo, agora, especialistas t\u00eam esperan\u00e7as de encontrar remanescentes da esp\u00e9cie A hist\u00f3ria da pomba Paraclaravis geoffroyi, popularmente conhecida como pararu-espelho, est\u00e1 envolta em in\u00fameros mist\u00e9rios que se tornaram alvo de pesquisas para especialistas em p\u00e1ssaros.Essa ave t\u00edpica da Mata Atl\u00e2ntica\u00a0est\u00e1 desaparecida da natureza h\u00e1 muitos anos, considerada criticamente amea\u00e7ada [&hellip;]<\/p>\n","protected":false},"author":2,"featured_media":18957,"comment_status":"open","ping_status":"open","sticky":false,"template":"","format":"standard","meta":{"footnotes":""},"categories":[8],"tags":[1264,321,337,258,9340,180,9341],"class_list":["post-18954","post","type-post","status-publish","format-standard","has-post-thumbnail","hentry","category-meio-ambiente","tag-animais","tag-aves","tag-especie","tag-mata-atlantica","tag-pararu-espelho","tag-passaros","tag-pombos"],"yoast_head":"<!-- This site is optimized with the Yoast SEO plugin v26.5 - https:\/\/yoast.com\/wordpress\/plugins\/seo\/ -->\n<title>A hist\u00f3ria da ave perdida da Mata Atl\u00e2ntica - Jornal Fatos e Not\u00edcias<\/title>\n<meta name=\"robots\" content=\"index, follow, max-snippet:-1, max-image-preview:large, max-video-preview:-1\" \/>\n<link rel=\"canonical\" href=\"https:\/\/jornalfatosenoticias.com.br\/index.php\/2021\/06\/03\/a-historia-da-ave-perdida-da-mata-atlantica\/\" \/>\n<meta property=\"og:locale\" content=\"pt_BR\" \/>\n<meta property=\"og:type\" content=\"article\" \/>\n<meta property=\"og:title\" content=\"A hist\u00f3ria da ave perdida da Mata Atl\u00e2ntica - Jornal Fatos e Not\u00edcias\" \/>\n<meta property=\"og:description\" content=\"O pararu-espelho \u00e9 considerado provavelmente extinto, contudo, agora, especialistas t\u00eam esperan\u00e7as de encontrar remanescentes da esp\u00e9cie A hist\u00f3ria da pomba Paraclaravis geoffroyi, popularmente conhecida como pararu-espelho, est\u00e1 envolta em in\u00fameros mist\u00e9rios que se tornaram alvo de pesquisas para especialistas em p\u00e1ssaros.Essa ave t\u00edpica da Mata Atl\u00e2ntica\u00a0est\u00e1 desaparecida da natureza h\u00e1 muitos anos, considerada criticamente amea\u00e7ada [&hellip;]\" \/>\n<meta property=\"og:url\" content=\"https:\/\/jornalfatosenoticias.com.br\/index.php\/2021\/06\/03\/a-historia-da-ave-perdida-da-mata-atlantica\/\" \/>\n<meta property=\"og:site_name\" content=\"Jornal Fatos e Not\u00edcias\" \/>\n<meta property=\"article:published_time\" content=\"2021-06-03T20:53:03+00:00\" \/>\n<meta property=\"article:modified_time\" content=\"2021-06-03T20:53:08+00:00\" \/>\n<meta property=\"og:image\" content=\"https:\/\/jornalfatosenoticias.com.br\/wp-content\/uploads\/2021\/06\/ilustracao_passaro-perdido-da-mata-atlantica2.jpg\" \/>\n\t<meta property=\"og:image:width\" content=\"1000\" \/>\n\t<meta property=\"og:image:height\" content=\"562\" \/>\n\t<meta property=\"og:image:type\" content=\"image\/jpeg\" \/>\n<meta name=\"author\" content=\"Luzimara Fernandes\" \/>\n<meta name=\"twitter:card\" content=\"summary_large_image\" \/>\n<meta name=\"twitter:label1\" content=\"Escrito por\" \/>\n\t<meta name=\"twitter:data1\" content=\"Luzimara Fernandes\" \/>\n\t<meta name=\"twitter:label2\" content=\"Est. tempo de leitura\" \/>\n\t<meta name=\"twitter:data2\" content=\"3 minutos\" \/>\n<script type=\"application\/ld+json\" class=\"yoast-schema-graph\">{\"@context\":\"https:\/\/schema.org\",\"@graph\":[{\"@type\":\"Article\",\"@id\":\"https:\/\/jornalfatosenoticias.com.br\/index.php\/2021\/06\/03\/a-historia-da-ave-perdida-da-mata-atlantica\/#article\",\"isPartOf\":{\"@id\":\"https:\/\/jornalfatosenoticias.com.br\/index.php\/2021\/06\/03\/a-historia-da-ave-perdida-da-mata-atlantica\/\"},\"author\":{\"name\":\"Luzimara Fernandes\",\"@id\":\"https:\/\/jornalfatosenoticias.com.br\/#\/schema\/person\/d63837fa13ac8666eb9e74e0985d6f81\"},\"headline\":\"A hist\u00f3ria da ave perdida da Mata Atl\u00e2ntica\",\"datePublished\":\"2021-06-03T20:53:03+00:00\",\"dateModified\":\"2021-06-03T20:53:08+00:00\",\"mainEntityOfPage\":{\"@id\":\"https:\/\/jornalfatosenoticias.com.br\/index.php\/2021\/06\/03\/a-historia-da-ave-perdida-da-mata-atlantica\/\"},\"wordCount\":602,\"commentCount\":0,\"publisher\":{\"@id\":\"https:\/\/jornalfatosenoticias.com.br\/#organization\"},\"image\":{\"@id\":\"https:\/\/jornalfatosenoticias.com.br\/index.php\/2021\/06\/03\/a-historia-da-ave-perdida-da-mata-atlantica\/#primaryimage\"},\"thumbnailUrl\":\"https:\/\/jornalfatosenoticias.com.br\/wp-content\/uploads\/2021\/06\/ilustracao_passaro-perdido-da-mata-atlantica2.jpg\",\"keywords\":[\"animais\",\"aves\",\"esp\u00e9cie\",\"mata atl\u00e2ntica\",\"pararu-espelho\",\"p\u00e1ssaros\",\"pombos\"],\"articleSection\":[\"Meio ambiente\"],\"inLanguage\":\"pt-BR\",\"potentialAction\":[{\"@type\":\"CommentAction\",\"name\":\"Comment\",\"target\":[\"https:\/\/jornalfatosenoticias.com.br\/index.php\/2021\/06\/03\/a-historia-da-ave-perdida-da-mata-atlantica\/#respond\"]}]},{\"@type\":\"WebPage\",\"@id\":\"https:\/\/jornalfatosenoticias.com.br\/index.php\/2021\/06\/03\/a-historia-da-ave-perdida-da-mata-atlantica\/\",\"url\":\"https:\/\/jornalfatosenoticias.com.br\/index.php\/2021\/06\/03\/a-historia-da-ave-perdida-da-mata-atlantica\/\",\"name\":\"A hist\u00f3ria da ave perdida da Mata Atl\u00e2ntica - Jornal Fatos e Not\u00edcias\",\"isPartOf\":{\"@id\":\"https:\/\/jornalfatosenoticias.com.br\/#website\"},\"primaryImageOfPage\":{\"@id\":\"https:\/\/jornalfatosenoticias.com.br\/index.php\/2021\/06\/03\/a-historia-da-ave-perdida-da-mata-atlantica\/#primaryimage\"},\"image\":{\"@id\":\"https:\/\/jornalfatosenoticias.com.br\/index.php\/2021\/06\/03\/a-historia-da-ave-perdida-da-mata-atlantica\/#primaryimage\"},\"thumbnailUrl\":\"https:\/\/jornalfatosenoticias.com.br\/wp-content\/uploads\/2021\/06\/ilustracao_passaro-perdido-da-mata-atlantica2.jpg\",\"datePublished\":\"2021-06-03T20:53:03+00:00\",\"dateModified\":\"2021-06-03T20:53:08+00:00\",\"breadcrumb\":{\"@id\":\"https:\/\/jornalfatosenoticias.com.br\/index.php\/2021\/06\/03\/a-historia-da-ave-perdida-da-mata-atlantica\/#breadcrumb\"},\"inLanguage\":\"pt-BR\",\"potentialAction\":[{\"@type\":\"ReadAction\",\"target\":[\"https:\/\/jornalfatosenoticias.com.br\/index.php\/2021\/06\/03\/a-historia-da-ave-perdida-da-mata-atlantica\/\"]}]},{\"@type\":\"ImageObject\",\"inLanguage\":\"pt-BR\",\"@id\":\"https:\/\/jornalfatosenoticias.com.br\/index.php\/2021\/06\/03\/a-historia-da-ave-perdida-da-mata-atlantica\/#primaryimage\",\"url\":\"https:\/\/jornalfatosenoticias.com.br\/wp-content\/uploads\/2021\/06\/ilustracao_passaro-perdido-da-mata-atlantica2.jpg\",\"contentUrl\":\"https:\/\/jornalfatosenoticias.com.br\/wp-content\/uploads\/2021\/06\/ilustracao_passaro-perdido-da-mata-atlantica2.jpg\",\"width\":1000,\"height\":562},{\"@type\":\"BreadcrumbList\",\"@id\":\"https:\/\/jornalfatosenoticias.com.br\/index.php\/2021\/06\/03\/a-historia-da-ave-perdida-da-mata-atlantica\/#breadcrumb\",\"itemListElement\":[{\"@type\":\"ListItem\",\"position\":1,\"name\":\"In\u00edcio\",\"item\":\"https:\/\/jornalfatosenoticias.com.br\/\"},{\"@type\":\"ListItem\",\"position\":2,\"name\":\"A hist\u00f3ria da ave perdida da Mata Atl\u00e2ntica\"}]},{\"@type\":\"WebSite\",\"@id\":\"https:\/\/jornalfatosenoticias.com.br\/#website\",\"url\":\"https:\/\/jornalfatosenoticias.com.br\/\",\"name\":\"Jornal Fatos e Not\u00edcias\",\"description\":\"Not\u00edcias em geral\",\"publisher\":{\"@id\":\"https:\/\/jornalfatosenoticias.com.br\/#organization\"},\"potentialAction\":[{\"@type\":\"SearchAction\",\"target\":{\"@type\":\"EntryPoint\",\"urlTemplate\":\"https:\/\/jornalfatosenoticias.com.br\/?s={search_term_string}\"},\"query-input\":{\"@type\":\"PropertyValueSpecification\",\"valueRequired\":true,\"valueName\":\"search_term_string\"}}],\"inLanguage\":\"pt-BR\"},{\"@type\":\"Organization\",\"@id\":\"https:\/\/jornalfatosenoticias.com.br\/#organization\",\"name\":\"Jornal Fatos e Not\u00edcias\",\"url\":\"https:\/\/jornalfatosenoticias.com.br\/\",\"logo\":{\"@type\":\"ImageObject\",\"inLanguage\":\"pt-BR\",\"@id\":\"https:\/\/jornalfatosenoticias.com.br\/#\/schema\/logo\/image\/\",\"url\":\"https:\/\/jornalfatosenoticias.com.br\/wp-content\/uploads\/2020\/02\/logo120.png\",\"contentUrl\":\"https:\/\/jornalfatosenoticias.com.br\/wp-content\/uploads\/2020\/02\/logo120.png\",\"width\":1227,\"height\":120,\"caption\":\"Jornal Fatos e Not\u00edcias\"},\"image\":{\"@id\":\"https:\/\/jornalfatosenoticias.com.br\/#\/schema\/logo\/image\/\"}},{\"@type\":\"Person\",\"@id\":\"https:\/\/jornalfatosenoticias.com.br\/#\/schema\/person\/d63837fa13ac8666eb9e74e0985d6f81\",\"name\":\"Luzimara Fernandes\",\"image\":{\"@type\":\"ImageObject\",\"inLanguage\":\"pt-BR\",\"@id\":\"https:\/\/jornalfatosenoticias.com.br\/#\/schema\/person\/image\/\",\"url\":\"https:\/\/jornalfatosenoticias.com.br\/wp-content\/uploads\/2025\/05\/EU_portal.jpg\",\"contentUrl\":\"https:\/\/jornalfatosenoticias.com.br\/wp-content\/uploads\/2025\/05\/EU_portal.jpg\",\"caption\":\"Luzimara Fernandes\"},\"description\":\"Jornalista MTB 2358-ES\",\"sameAs\":[\"https:\/\/jornalfatosenoticias.com.br\"],\"url\":\"https:\/\/jornalfatosenoticias.com.br\/index.php\/author\/luzimara\/\"}]}<\/script>\n<!-- \/ Yoast SEO plugin. -->","yoast_head_json":{"title":"A hist\u00f3ria da ave perdida da Mata Atl\u00e2ntica - Jornal Fatos e Not\u00edcias","robots":{"index":"index","follow":"follow","max-snippet":"max-snippet:-1","max-image-preview":"max-image-preview:large","max-video-preview":"max-video-preview:-1"},"canonical":"https:\/\/jornalfatosenoticias.com.br\/index.php\/2021\/06\/03\/a-historia-da-ave-perdida-da-mata-atlantica\/","og_locale":"pt_BR","og_type":"article","og_title":"A hist\u00f3ria da ave perdida da Mata Atl\u00e2ntica - Jornal Fatos e Not\u00edcias","og_description":"O pararu-espelho \u00e9 considerado provavelmente extinto, contudo, agora, especialistas t\u00eam esperan\u00e7as de encontrar remanescentes da esp\u00e9cie A hist\u00f3ria da pomba Paraclaravis geoffroyi, popularmente conhecida como pararu-espelho, est\u00e1 envolta em in\u00fameros mist\u00e9rios que se tornaram alvo de pesquisas para especialistas em p\u00e1ssaros.Essa ave t\u00edpica da Mata Atl\u00e2ntica\u00a0est\u00e1 desaparecida da natureza h\u00e1 muitos anos, considerada criticamente amea\u00e7ada [&hellip;]","og_url":"https:\/\/jornalfatosenoticias.com.br\/index.php\/2021\/06\/03\/a-historia-da-ave-perdida-da-mata-atlantica\/","og_site_name":"Jornal Fatos e Not\u00edcias","article_published_time":"2021-06-03T20:53:03+00:00","article_modified_time":"2021-06-03T20:53:08+00:00","og_image":[{"width":1000,"height":562,"url":"https:\/\/jornalfatosenoticias.com.br\/wp-content\/uploads\/2021\/06\/ilustracao_passaro-perdido-da-mata-atlantica2.jpg","type":"image\/jpeg"}],"author":"Luzimara Fernandes","twitter_card":"summary_large_image","twitter_misc":{"Escrito por":"Luzimara Fernandes","Est. tempo de leitura":"3 minutos"},"schema":{"@context":"https:\/\/schema.org","@graph":[{"@type":"Article","@id":"https:\/\/jornalfatosenoticias.com.br\/index.php\/2021\/06\/03\/a-historia-da-ave-perdida-da-mata-atlantica\/#article","isPartOf":{"@id":"https:\/\/jornalfatosenoticias.com.br\/index.php\/2021\/06\/03\/a-historia-da-ave-perdida-da-mata-atlantica\/"},"author":{"name":"Luzimara Fernandes","@id":"https:\/\/jornalfatosenoticias.com.br\/#\/schema\/person\/d63837fa13ac8666eb9e74e0985d6f81"},"headline":"A hist\u00f3ria da ave perdida da Mata Atl\u00e2ntica","datePublished":"2021-06-03T20:53:03+00:00","dateModified":"2021-06-03T20:53:08+00:00","mainEntityOfPage":{"@id":"https:\/\/jornalfatosenoticias.com.br\/index.php\/2021\/06\/03\/a-historia-da-ave-perdida-da-mata-atlantica\/"},"wordCount":602,"commentCount":0,"publisher":{"@id":"https:\/\/jornalfatosenoticias.com.br\/#organization"},"image":{"@id":"https:\/\/jornalfatosenoticias.com.br\/index.php\/2021\/06\/03\/a-historia-da-ave-perdida-da-mata-atlantica\/#primaryimage"},"thumbnailUrl":"https:\/\/jornalfatosenoticias.com.br\/wp-content\/uploads\/2021\/06\/ilustracao_passaro-perdido-da-mata-atlantica2.jpg","keywords":["animais","aves","esp\u00e9cie","mata atl\u00e2ntica","pararu-espelho","p\u00e1ssaros","pombos"],"articleSection":["Meio ambiente"],"inLanguage":"pt-BR","potentialAction":[{"@type":"CommentAction","name":"Comment","target":["https:\/\/jornalfatosenoticias.com.br\/index.php\/2021\/06\/03\/a-historia-da-ave-perdida-da-mata-atlantica\/#respond"]}]},{"@type":"WebPage","@id":"https:\/\/jornalfatosenoticias.com.br\/index.php\/2021\/06\/03\/a-historia-da-ave-perdida-da-mata-atlantica\/","url":"https:\/\/jornalfatosenoticias.com.br\/index.php\/2021\/06\/03\/a-historia-da-ave-perdida-da-mata-atlantica\/","name":"A hist\u00f3ria da ave perdida da Mata Atl\u00e2ntica - Jornal Fatos e Not\u00edcias","isPartOf":{"@id":"https:\/\/jornalfatosenoticias.com.br\/#website"},"primaryImageOfPage":{"@id":"https:\/\/jornalfatosenoticias.com.br\/index.php\/2021\/06\/03\/a-historia-da-ave-perdida-da-mata-atlantica\/#primaryimage"},"image":{"@id":"https:\/\/jornalfatosenoticias.com.br\/index.php\/2021\/06\/03\/a-historia-da-ave-perdida-da-mata-atlantica\/#primaryimage"},"thumbnailUrl":"https:\/\/jornalfatosenoticias.com.br\/wp-content\/uploads\/2021\/06\/ilustracao_passaro-perdido-da-mata-atlantica2.jpg","datePublished":"2021-06-03T20:53:03+00:00","dateModified":"2021-06-03T20:53:08+00:00","breadcrumb":{"@id":"https:\/\/jornalfatosenoticias.com.br\/index.php\/2021\/06\/03\/a-historia-da-ave-perdida-da-mata-atlantica\/#breadcrumb"},"inLanguage":"pt-BR","potentialAction":[{"@type":"ReadAction","target":["https:\/\/jornalfatosenoticias.com.br\/index.php\/2021\/06\/03\/a-historia-da-ave-perdida-da-mata-atlantica\/"]}]},{"@type":"ImageObject","inLanguage":"pt-BR","@id":"https:\/\/jornalfatosenoticias.com.br\/index.php\/2021\/06\/03\/a-historia-da-ave-perdida-da-mata-atlantica\/#primaryimage","url":"https:\/\/jornalfatosenoticias.com.br\/wp-content\/uploads\/2021\/06\/ilustracao_passaro-perdido-da-mata-atlantica2.jpg","contentUrl":"https:\/\/jornalfatosenoticias.com.br\/wp-content\/uploads\/2021\/06\/ilustracao_passaro-perdido-da-mata-atlantica2.jpg","width":1000,"height":562},{"@type":"BreadcrumbList","@id":"https:\/\/jornalfatosenoticias.com.br\/index.php\/2021\/06\/03\/a-historia-da-ave-perdida-da-mata-atlantica\/#breadcrumb","itemListElement":[{"@type":"ListItem","position":1,"name":"In\u00edcio","item":"https:\/\/jornalfatosenoticias.com.br\/"},{"@type":"ListItem","position":2,"name":"A hist\u00f3ria da ave perdida da Mata Atl\u00e2ntica"}]},{"@type":"WebSite","@id":"https:\/\/jornalfatosenoticias.com.br\/#website","url":"https:\/\/jornalfatosenoticias.com.br\/","name":"Jornal Fatos e Not\u00edcias","description":"Not\u00edcias em geral","publisher":{"@id":"https:\/\/jornalfatosenoticias.com.br\/#organization"},"potentialAction":[{"@type":"SearchAction","target":{"@type":"EntryPoint","urlTemplate":"https:\/\/jornalfatosenoticias.com.br\/?s={search_term_string}"},"query-input":{"@type":"PropertyValueSpecification","valueRequired":true,"valueName":"search_term_string"}}],"inLanguage":"pt-BR"},{"@type":"Organization","@id":"https:\/\/jornalfatosenoticias.com.br\/#organization","name":"Jornal Fatos e Not\u00edcias","url":"https:\/\/jornalfatosenoticias.com.br\/","logo":{"@type":"ImageObject","inLanguage":"pt-BR","@id":"https:\/\/jornalfatosenoticias.com.br\/#\/schema\/logo\/image\/","url":"https:\/\/jornalfatosenoticias.com.br\/wp-content\/uploads\/2020\/02\/logo120.png","contentUrl":"https:\/\/jornalfatosenoticias.com.br\/wp-content\/uploads\/2020\/02\/logo120.png","width":1227,"height":120,"caption":"Jornal Fatos e Not\u00edcias"},"image":{"@id":"https:\/\/jornalfatosenoticias.com.br\/#\/schema\/logo\/image\/"}},{"@type":"Person","@id":"https:\/\/jornalfatosenoticias.com.br\/#\/schema\/person\/d63837fa13ac8666eb9e74e0985d6f81","name":"Luzimara Fernandes","image":{"@type":"ImageObject","inLanguage":"pt-BR","@id":"https:\/\/jornalfatosenoticias.com.br\/#\/schema\/person\/image\/","url":"https:\/\/jornalfatosenoticias.com.br\/wp-content\/uploads\/2025\/05\/EU_portal.jpg","contentUrl":"https:\/\/jornalfatosenoticias.com.br\/wp-content\/uploads\/2025\/05\/EU_portal.jpg","caption":"Luzimara Fernandes"},"description":"Jornalista MTB 2358-ES","sameAs":["https:\/\/jornalfatosenoticias.com.br"],"url":"https:\/\/jornalfatosenoticias.com.br\/index.php\/author\/luzimara\/"}]}},"cc_featured_image_caption":{"caption_text":"Pararu-espelho ","source_text":"","source_url":""},"jetpack_featured_media_url":"https:\/\/jornalfatosenoticias.com.br\/wp-content\/uploads\/2021\/06\/ilustracao_passaro-perdido-da-mata-atlantica2.jpg","_links":{"self":[{"href":"https:\/\/jornalfatosenoticias.com.br\/index.php\/wp-json\/wp\/v2\/posts\/18954","targetHints":{"allow":["GET"]}}],"collection":[{"href":"https:\/\/jornalfatosenoticias.com.br\/index.php\/wp-json\/wp\/v2\/posts"}],"about":[{"href":"https:\/\/jornalfatosenoticias.com.br\/index.php\/wp-json\/wp\/v2\/types\/post"}],"author":[{"embeddable":true,"href":"https:\/\/jornalfatosenoticias.com.br\/index.php\/wp-json\/wp\/v2\/users\/2"}],"replies":[{"embeddable":true,"href":"https:\/\/jornalfatosenoticias.com.br\/index.php\/wp-json\/wp\/v2\/comments?post=18954"}],"version-history":[{"count":0,"href":"https:\/\/jornalfatosenoticias.com.br\/index.php\/wp-json\/wp\/v2\/posts\/18954\/revisions"}],"wp:featuredmedia":[{"embeddable":true,"href":"https:\/\/jornalfatosenoticias.com.br\/index.php\/wp-json\/wp\/v2\/media\/18957"}],"wp:attachment":[{"href":"https:\/\/jornalfatosenoticias.com.br\/index.php\/wp-json\/wp\/v2\/media?parent=18954"}],"wp:term":[{"taxonomy":"category","embeddable":true,"href":"https:\/\/jornalfatosenoticias.com.br\/index.php\/wp-json\/wp\/v2\/categories?post=18954"},{"taxonomy":"post_tag","embeddable":true,"href":"https:\/\/jornalfatosenoticias.com.br\/index.php\/wp-json\/wp\/v2\/tags?post=18954"}],"curies":[{"name":"wp","href":"https:\/\/api.w.org\/{rel}","templated":true}]}}