{"id":18975,"date":"2021-06-04T09:27:33","date_gmt":"2021-06-04T12:27:33","guid":{"rendered":"https:\/\/jornalfatosenoticias.com.br\/?p=18975"},"modified":"2021-06-04T09:27:38","modified_gmt":"2021-06-04T12:27:38","slug":"united-airlines-fecha-acordo-para-voltar-com-voos-supersonicos","status":"publish","type":"post","link":"https:\/\/jornalfatosenoticias.com.br\/index.php\/2021\/06\/04\/united-airlines-fecha-acordo-para-voltar-com-voos-supersonicos\/","title":{"rendered":"United Airlines fecha acordo para voltar com voos supers\u00f4nicos"},"content":{"rendered":"\n<p>Em acordo assinado com a Boom Supersonic, <a rel=\"noreferrer noopener\" href=\"https:\/\/olhardigital.com.br\/2020\/12\/14\/noticias\/united-airlines-100-verde-2050\/\" target=\"_blank\">a United Airlines<\/a> anunciou a compra de 15 avi\u00f5es comerciais supers\u00f4nicos Overture, podendo estender o contrato para mais 35 aeronaves. Com o contrato, a empresa a\u00e9rea ser\u00e1 a primeira dos Estados Unidos a voltar com os voos comerciais supers\u00f4nicos e com emiss\u00e3o zero de carbono.<br>Para atender aos requisitos de seguran\u00e7a, opera\u00e7\u00e3o e sustentabilidade, as empresas trabalhar\u00e3o em conjunto antes da entrega das <a rel=\"noreferrer noopener\" href=\"https:\/\/olhardigital.com.br\/2020\/10\/21\/pro\/novo-aplicativo-traz-servicos-essenciais-para-aeronaves-particulares\/\" target=\"_blank\">aeronaves<\/a>. O lan\u00e7amento oficial deve acontecer em 2025 e o primeiro voo oficial em 2026. J\u00e1 o transporte de passageiros est\u00e1 previsto para come\u00e7ar em 2029.<\/p>\n\n\n\n<figure class=\"wp-block-image size-large\"><img loading=\"lazy\" decoding=\"async\" width=\"1000\" height=\"562\" src=\"https:\/\/jornalfatosenoticias.com.br\/wp-content\/uploads\/2021\/06\/United-Airlines-Supersonic-Jet.jpg\" alt=\"\" class=\"wp-image-18976\" srcset=\"https:\/\/jornalfatosenoticias.com.br\/wp-content\/uploads\/2021\/06\/United-Airlines-Supersonic-Jet.jpg 1000w, https:\/\/jornalfatosenoticias.com.br\/wp-content\/uploads\/2021\/06\/United-Airlines-Supersonic-Jet-300x169.jpg 300w, https:\/\/jornalfatosenoticias.com.br\/wp-content\/uploads\/2021\/06\/United-Airlines-Supersonic-Jet-768x432.jpg 768w\" sizes=\"auto, (max-width: 1000px) 100vw, 1000px\" \/><figcaption><em><span class=\"has-inline-color has-black-color\">(Foto: Divulga\u00e7\u00e3o\/United Airlines)<\/span><\/em><\/figcaption><\/figure>\n\n\n\n<p><strong><span class=\"has-inline-color has-black-color\">Rapidez<br><\/span><\/strong>O modelo de avi\u00e3o atinge uma velocidade de mach 1,7, o que corresponde a cerca de 2.100 quil\u00f4metros por hora, podendo transportar de 65 a 88 passageiros. Nessa velocidade, seria poss\u00edvel ir de Nova York a Londres em apenas tr\u00eas horas e 30 minutos. Nos modelos convencionais de avi\u00f5es, a viagem demora seis horas e 30 minutos, ou seja, o dobro do tempo gasto com um <a rel=\"noreferrer noopener\" href=\"https:\/\/olhardigital.com.br\/2019\/07\/11\/noticias\/os-desafios-para-a-volta-dos-voos-comerciais-supersonicos\/\" target=\"_blank\">supers\u00f4nico<\/a>.<\/p>\n\n\n\n<p><strong><span class=\"has-inline-color has-black-color\">Sustentabilidade<br><\/span><\/strong>O Overture ser\u00e1 produzido com todas as recomenda\u00e7\u00f5es de sustentabilidade e ir\u00e1 voar com 100% de combust\u00edvel de avia\u00e7\u00e3o sustent\u00e1vel (SAF), com zero de <a rel=\"noreferrer noopener\" href=\"https:\/\/olhardigital.com.br\/2021\/02\/17\/pro\/estudo-da-ibm-visa-atingir-carbono-zero-ate-203\/\" target=\"_blank\">emiss\u00e3o de carbono<\/a>. Em\u00a0<a href=\"https:\/\/boomsupersonic.com\/united\" target=\"_blank\" rel=\"noreferrer noopener\">nota oficial<\/a> da United Airlines, o CEO Scott Kirby afirmou que a meta da companhia \u00e9 construir uma empresa a\u00e9rea mais inovadora e sustent\u00e1vel.<br>\u201cOs avan\u00e7os da tecnologia est\u00e3o tornando mais vi\u00e1vel a inclus\u00e3o de avi\u00f5es supers\u00f4nicos\u201d, disse. Segundo ele, a experi\u00eancia dos passageiros ser\u00e1 comparada a uma viagem interestelar.<\/p>\n\n\n\n<figure class=\"wp-block-embed-youtube wp-block-embed is-type-video is-provider-youtube wp-embed-aspect-16-9 wp-has-aspect-ratio\"><div class=\"wp-block-embed__wrapper\">\n<iframe loading=\"lazy\" title=\"Conhe\u00e7a os novos avi\u00f5es supers\u00f4nicos de passageiros em desenvolvimento\" width=\"660\" height=\"371\" src=\"https:\/\/www.youtube.com\/embed\/B7rG1iEUyNs?feature=oembed\" frameborder=\"0\" allow=\"accelerometer; autoplay; clipboard-write; encrypted-media; gyroscope; picture-in-picture; web-share\" referrerpolicy=\"strict-origin-when-cross-origin\" allowfullscreen><\/iframe>\n<\/div><\/figure>\n\n\n\n<p><strong><span class=\"has-inline-color has-black-color\">Rotas<br><\/span><\/strong>Quando os supers\u00f4nicos forem entregues pela Boom, sediada em Denver, v\u00e1rias rotas a\u00e9reas poder\u00e3o contar com a rapidez dessas aeronaves. Entre elas est\u00e3o Newark para Londres (3h30), Newark para Frankfurt (4h) e S\u00e3o Francisco para T\u00f3quio (6h). \u201cA primeira encomenda mundial de aeronaves supers\u00f4nicas com zero carbono marca um passo significativo em dire\u00e7\u00e3o \u00e0 nossa miss\u00e3o de criar um mundo mais acess\u00edvel\u201d, declarou fundador e CEO da Boom Supersonic, Blake Scholl.<\/p>\n\n\n\n<figure class=\"wp-block-embed-youtube wp-block-embed is-type-video is-provider-youtube wp-embed-aspect-16-9 wp-has-aspect-ratio\"><div class=\"wp-block-embed__wrapper\">\n<iframe loading=\"lazy\" title=\"United goes supersonic | Boom Supersonic\" width=\"660\" height=\"371\" src=\"https:\/\/www.youtube.com\/embed\/xcaqYcdhbIg?feature=oembed\" frameborder=\"0\" allow=\"accelerometer; autoplay; clipboard-write; encrypted-media; gyroscope; picture-in-picture; web-share\" referrerpolicy=\"strict-origin-when-cross-origin\" allowfullscreen><\/iframe>\n<\/div><\/figure>\n\n\n\n<p><strong><em>Fonte: <a href=\"https:\/\/olhardigital.com.br\/2021\/06\/03\/carros-e-tecnologia\/united-airlines-fecha-acordo-com-para-voltar-com-voos-supersonicos\/\">Olhar Digital<\/a><\/em><\/strong><\/p>\n","protected":false},"excerpt":{"rendered":"<p>Em acordo assinado com a Boom Supersonic, a United Airlines anunciou a compra de 15 avi\u00f5es comerciais supers\u00f4nicos Overture, podendo estender o contrato para mais 35 aeronaves. Com o contrato, a empresa a\u00e9rea ser\u00e1 a primeira dos Estados Unidos a voltar com os voos comerciais supers\u00f4nicos e com emiss\u00e3o zero de carbono.Para atender aos requisitos [&hellip;]<\/p>\n","protected":false},"author":2,"featured_media":18977,"comment_status":"open","ping_status":"open","sticky":false,"template":"","format":"standard","meta":{"footnotes":""},"categories":[3],"tags":[7891,2089,4199,734,9348],"class_list":["post-18975","post","type-post","status-publish","format-standard","has-post-thumbnail","hentry","category-tecnologia","tag-avioes","tag-carbono","tag-supersonico","tag-sustentabilidade","tag-united-airlines"],"yoast_head":"<!-- This site is optimized with the Yoast SEO plugin v26.5 - https:\/\/yoast.com\/wordpress\/plugins\/seo\/ -->\n<title>United Airlines fecha acordo para voltar com voos supers\u00f4nicos - Jornal Fatos e Not\u00edcias<\/title>\n<meta name=\"robots\" content=\"index, follow, max-snippet:-1, max-image-preview:large, max-video-preview:-1\" \/>\n<link rel=\"canonical\" href=\"https:\/\/jornalfatosenoticias.com.br\/index.php\/2021\/06\/04\/united-airlines-fecha-acordo-para-voltar-com-voos-supersonicos\/\" \/>\n<meta property=\"og:locale\" content=\"pt_BR\" \/>\n<meta property=\"og:type\" content=\"article\" \/>\n<meta property=\"og:title\" content=\"United Airlines fecha acordo para voltar com voos supers\u00f4nicos - Jornal Fatos e Not\u00edcias\" \/>\n<meta property=\"og:description\" content=\"Em acordo assinado com a Boom Supersonic, a United Airlines anunciou a compra de 15 avi\u00f5es comerciais supers\u00f4nicos Overture, podendo estender o contrato para mais 35 aeronaves. Com o contrato, a empresa a\u00e9rea ser\u00e1 a primeira dos Estados Unidos a voltar com os voos comerciais supers\u00f4nicos e com emiss\u00e3o zero de carbono.Para atender aos requisitos [&hellip;]\" \/>\n<meta property=\"og:url\" content=\"https:\/\/jornalfatosenoticias.com.br\/index.php\/2021\/06\/04\/united-airlines-fecha-acordo-para-voltar-com-voos-supersonicos\/\" \/>\n<meta property=\"og:site_name\" content=\"Jornal Fatos e Not\u00edcias\" \/>\n<meta property=\"article:published_time\" content=\"2021-06-04T12:27:33+00:00\" \/>\n<meta property=\"article:modified_time\" content=\"2021-06-04T12:27:38+00:00\" \/>\n<meta property=\"og:image\" content=\"https:\/\/jornalfatosenoticias.com.br\/wp-content\/uploads\/2021\/06\/United-Airlines-Supersonic-Jets-2.jpg\" \/>\n\t<meta property=\"og:image:width\" content=\"1000\" \/>\n\t<meta property=\"og:image:height\" content=\"666\" \/>\n\t<meta property=\"og:image:type\" content=\"image\/jpeg\" \/>\n<meta name=\"author\" content=\"Luzimara Fernandes\" \/>\n<meta name=\"twitter:card\" content=\"summary_large_image\" \/>\n<meta name=\"twitter:label1\" content=\"Escrito por\" \/>\n\t<meta name=\"twitter:data1\" content=\"Luzimara Fernandes\" \/>\n\t<meta name=\"twitter:label2\" content=\"Est. tempo de leitura\" \/>\n\t<meta name=\"twitter:data2\" content=\"2 minutos\" \/>\n<script type=\"application\/ld+json\" class=\"yoast-schema-graph\">{\"@context\":\"https:\/\/schema.org\",\"@graph\":[{\"@type\":\"Article\",\"@id\":\"https:\/\/jornalfatosenoticias.com.br\/index.php\/2021\/06\/04\/united-airlines-fecha-acordo-para-voltar-com-voos-supersonicos\/#article\",\"isPartOf\":{\"@id\":\"https:\/\/jornalfatosenoticias.com.br\/index.php\/2021\/06\/04\/united-airlines-fecha-acordo-para-voltar-com-voos-supersonicos\/\"},\"author\":{\"name\":\"Luzimara Fernandes\",\"@id\":\"https:\/\/jornalfatosenoticias.com.br\/#\/schema\/person\/d63837fa13ac8666eb9e74e0985d6f81\"},\"headline\":\"United Airlines fecha acordo para voltar com voos supers\u00f4nicos\",\"datePublished\":\"2021-06-04T12:27:33+00:00\",\"dateModified\":\"2021-06-04T12:27:38+00:00\",\"mainEntityOfPage\":{\"@id\":\"https:\/\/jornalfatosenoticias.com.br\/index.php\/2021\/06\/04\/united-airlines-fecha-acordo-para-voltar-com-voos-supersonicos\/\"},\"wordCount\":376,\"commentCount\":0,\"publisher\":{\"@id\":\"https:\/\/jornalfatosenoticias.com.br\/#organization\"},\"image\":{\"@id\":\"https:\/\/jornalfatosenoticias.com.br\/index.php\/2021\/06\/04\/united-airlines-fecha-acordo-para-voltar-com-voos-supersonicos\/#primaryimage\"},\"thumbnailUrl\":\"https:\/\/jornalfatosenoticias.com.br\/wp-content\/uploads\/2021\/06\/United-Airlines-Supersonic-Jets-2.jpg\",\"keywords\":[\"avi\u00f5es\",\"carbono\",\"supers\u00f4nico\",\"sustentabilidade\",\"United Airlines\"],\"articleSection\":[\"Tecnologia &amp; Inova\u00e7\u00e3o\"],\"inLanguage\":\"pt-BR\",\"potentialAction\":[{\"@type\":\"CommentAction\",\"name\":\"Comment\",\"target\":[\"https:\/\/jornalfatosenoticias.com.br\/index.php\/2021\/06\/04\/united-airlines-fecha-acordo-para-voltar-com-voos-supersonicos\/#respond\"]}]},{\"@type\":\"WebPage\",\"@id\":\"https:\/\/jornalfatosenoticias.com.br\/index.php\/2021\/06\/04\/united-airlines-fecha-acordo-para-voltar-com-voos-supersonicos\/\",\"url\":\"https:\/\/jornalfatosenoticias.com.br\/index.php\/2021\/06\/04\/united-airlines-fecha-acordo-para-voltar-com-voos-supersonicos\/\",\"name\":\"United Airlines fecha acordo para voltar com voos supers\u00f4nicos - Jornal Fatos e Not\u00edcias\",\"isPartOf\":{\"@id\":\"https:\/\/jornalfatosenoticias.com.br\/#website\"},\"primaryImageOfPage\":{\"@id\":\"https:\/\/jornalfatosenoticias.com.br\/index.php\/2021\/06\/04\/united-airlines-fecha-acordo-para-voltar-com-voos-supersonicos\/#primaryimage\"},\"image\":{\"@id\":\"https:\/\/jornalfatosenoticias.com.br\/index.php\/2021\/06\/04\/united-airlines-fecha-acordo-para-voltar-com-voos-supersonicos\/#primaryimage\"},\"thumbnailUrl\":\"https:\/\/jornalfatosenoticias.com.br\/wp-content\/uploads\/2021\/06\/United-Airlines-Supersonic-Jets-2.jpg\",\"datePublished\":\"2021-06-04T12:27:33+00:00\",\"dateModified\":\"2021-06-04T12:27:38+00:00\",\"breadcrumb\":{\"@id\":\"https:\/\/jornalfatosenoticias.com.br\/index.php\/2021\/06\/04\/united-airlines-fecha-acordo-para-voltar-com-voos-supersonicos\/#breadcrumb\"},\"inLanguage\":\"pt-BR\",\"potentialAction\":[{\"@type\":\"ReadAction\",\"target\":[\"https:\/\/jornalfatosenoticias.com.br\/index.php\/2021\/06\/04\/united-airlines-fecha-acordo-para-voltar-com-voos-supersonicos\/\"]}]},{\"@type\":\"ImageObject\",\"inLanguage\":\"pt-BR\",\"@id\":\"https:\/\/jornalfatosenoticias.com.br\/index.php\/2021\/06\/04\/united-airlines-fecha-acordo-para-voltar-com-voos-supersonicos\/#primaryimage\",\"url\":\"https:\/\/jornalfatosenoticias.com.br\/wp-content\/uploads\/2021\/06\/United-Airlines-Supersonic-Jets-2.jpg\",\"contentUrl\":\"https:\/\/jornalfatosenoticias.com.br\/wp-content\/uploads\/2021\/06\/United-Airlines-Supersonic-Jets-2.jpg\",\"width\":1000,\"height\":666},{\"@type\":\"BreadcrumbList\",\"@id\":\"https:\/\/jornalfatosenoticias.com.br\/index.php\/2021\/06\/04\/united-airlines-fecha-acordo-para-voltar-com-voos-supersonicos\/#breadcrumb\",\"itemListElement\":[{\"@type\":\"ListItem\",\"position\":1,\"name\":\"In\u00edcio\",\"item\":\"https:\/\/jornalfatosenoticias.com.br\/\"},{\"@type\":\"ListItem\",\"position\":2,\"name\":\"United Airlines fecha acordo para voltar com voos supers\u00f4nicos\"}]},{\"@type\":\"WebSite\",\"@id\":\"https:\/\/jornalfatosenoticias.com.br\/#website\",\"url\":\"https:\/\/jornalfatosenoticias.com.br\/\",\"name\":\"Jornal Fatos e Not\u00edcias\",\"description\":\"Not\u00edcias em geral\",\"publisher\":{\"@id\":\"https:\/\/jornalfatosenoticias.com.br\/#organization\"},\"potentialAction\":[{\"@type\":\"SearchAction\",\"target\":{\"@type\":\"EntryPoint\",\"urlTemplate\":\"https:\/\/jornalfatosenoticias.com.br\/?s={search_term_string}\"},\"query-input\":{\"@type\":\"PropertyValueSpecification\",\"valueRequired\":true,\"valueName\":\"search_term_string\"}}],\"inLanguage\":\"pt-BR\"},{\"@type\":\"Organization\",\"@id\":\"https:\/\/jornalfatosenoticias.com.br\/#organization\",\"name\":\"Jornal Fatos e Not\u00edcias\",\"url\":\"https:\/\/jornalfatosenoticias.com.br\/\",\"logo\":{\"@type\":\"ImageObject\",\"inLanguage\":\"pt-BR\",\"@id\":\"https:\/\/jornalfatosenoticias.com.br\/#\/schema\/logo\/image\/\",\"url\":\"https:\/\/jornalfatosenoticias.com.br\/wp-content\/uploads\/2020\/02\/logo120.png\",\"contentUrl\":\"https:\/\/jornalfatosenoticias.com.br\/wp-content\/uploads\/2020\/02\/logo120.png\",\"width\":1227,\"height\":120,\"caption\":\"Jornal Fatos e Not\u00edcias\"},\"image\":{\"@id\":\"https:\/\/jornalfatosenoticias.com.br\/#\/schema\/logo\/image\/\"}},{\"@type\":\"Person\",\"@id\":\"https:\/\/jornalfatosenoticias.com.br\/#\/schema\/person\/d63837fa13ac8666eb9e74e0985d6f81\",\"name\":\"Luzimara Fernandes\",\"image\":{\"@type\":\"ImageObject\",\"inLanguage\":\"pt-BR\",\"@id\":\"https:\/\/jornalfatosenoticias.com.br\/#\/schema\/person\/image\/\",\"url\":\"https:\/\/jornalfatosenoticias.com.br\/wp-content\/uploads\/2025\/05\/EU_portal.jpg\",\"contentUrl\":\"https:\/\/jornalfatosenoticias.com.br\/wp-content\/uploads\/2025\/05\/EU_portal.jpg\",\"caption\":\"Luzimara Fernandes\"},\"description\":\"Jornalista MTB 2358-ES\",\"sameAs\":[\"https:\/\/jornalfatosenoticias.com.br\"],\"url\":\"https:\/\/jornalfatosenoticias.com.br\/index.php\/author\/luzimara\/\"}]}<\/script>\n<!-- \/ Yoast SEO plugin. -->","yoast_head_json":{"title":"United Airlines fecha acordo para voltar com voos supers\u00f4nicos - Jornal Fatos e Not\u00edcias","robots":{"index":"index","follow":"follow","max-snippet":"max-snippet:-1","max-image-preview":"max-image-preview:large","max-video-preview":"max-video-preview:-1"},"canonical":"https:\/\/jornalfatosenoticias.com.br\/index.php\/2021\/06\/04\/united-airlines-fecha-acordo-para-voltar-com-voos-supersonicos\/","og_locale":"pt_BR","og_type":"article","og_title":"United Airlines fecha acordo para voltar com voos supers\u00f4nicos - Jornal Fatos e Not\u00edcias","og_description":"Em acordo assinado com a Boom Supersonic, a United Airlines anunciou a compra de 15 avi\u00f5es comerciais supers\u00f4nicos Overture, podendo estender o contrato para mais 35 aeronaves. Com o contrato, a empresa a\u00e9rea ser\u00e1 a primeira dos Estados Unidos a voltar com os voos comerciais supers\u00f4nicos e com emiss\u00e3o zero de carbono.Para atender aos requisitos [&hellip;]","og_url":"https:\/\/jornalfatosenoticias.com.br\/index.php\/2021\/06\/04\/united-airlines-fecha-acordo-para-voltar-com-voos-supersonicos\/","og_site_name":"Jornal Fatos e Not\u00edcias","article_published_time":"2021-06-04T12:27:33+00:00","article_modified_time":"2021-06-04T12:27:38+00:00","og_image":[{"width":1000,"height":666,"url":"https:\/\/jornalfatosenoticias.com.br\/wp-content\/uploads\/2021\/06\/United-Airlines-Supersonic-Jets-2.jpg","type":"image\/jpeg"}],"author":"Luzimara Fernandes","twitter_card":"summary_large_image","twitter_misc":{"Escrito por":"Luzimara Fernandes","Est. tempo de leitura":"2 minutos"},"schema":{"@context":"https:\/\/schema.org","@graph":[{"@type":"Article","@id":"https:\/\/jornalfatosenoticias.com.br\/index.php\/2021\/06\/04\/united-airlines-fecha-acordo-para-voltar-com-voos-supersonicos\/#article","isPartOf":{"@id":"https:\/\/jornalfatosenoticias.com.br\/index.php\/2021\/06\/04\/united-airlines-fecha-acordo-para-voltar-com-voos-supersonicos\/"},"author":{"name":"Luzimara Fernandes","@id":"https:\/\/jornalfatosenoticias.com.br\/#\/schema\/person\/d63837fa13ac8666eb9e74e0985d6f81"},"headline":"United Airlines fecha acordo para voltar com voos supers\u00f4nicos","datePublished":"2021-06-04T12:27:33+00:00","dateModified":"2021-06-04T12:27:38+00:00","mainEntityOfPage":{"@id":"https:\/\/jornalfatosenoticias.com.br\/index.php\/2021\/06\/04\/united-airlines-fecha-acordo-para-voltar-com-voos-supersonicos\/"},"wordCount":376,"commentCount":0,"publisher":{"@id":"https:\/\/jornalfatosenoticias.com.br\/#organization"},"image":{"@id":"https:\/\/jornalfatosenoticias.com.br\/index.php\/2021\/06\/04\/united-airlines-fecha-acordo-para-voltar-com-voos-supersonicos\/#primaryimage"},"thumbnailUrl":"https:\/\/jornalfatosenoticias.com.br\/wp-content\/uploads\/2021\/06\/United-Airlines-Supersonic-Jets-2.jpg","keywords":["avi\u00f5es","carbono","supers\u00f4nico","sustentabilidade","United Airlines"],"articleSection":["Tecnologia &amp; Inova\u00e7\u00e3o"],"inLanguage":"pt-BR","potentialAction":[{"@type":"CommentAction","name":"Comment","target":["https:\/\/jornalfatosenoticias.com.br\/index.php\/2021\/06\/04\/united-airlines-fecha-acordo-para-voltar-com-voos-supersonicos\/#respond"]}]},{"@type":"WebPage","@id":"https:\/\/jornalfatosenoticias.com.br\/index.php\/2021\/06\/04\/united-airlines-fecha-acordo-para-voltar-com-voos-supersonicos\/","url":"https:\/\/jornalfatosenoticias.com.br\/index.php\/2021\/06\/04\/united-airlines-fecha-acordo-para-voltar-com-voos-supersonicos\/","name":"United Airlines fecha acordo para voltar com voos supers\u00f4nicos - Jornal Fatos e Not\u00edcias","isPartOf":{"@id":"https:\/\/jornalfatosenoticias.com.br\/#website"},"primaryImageOfPage":{"@id":"https:\/\/jornalfatosenoticias.com.br\/index.php\/2021\/06\/04\/united-airlines-fecha-acordo-para-voltar-com-voos-supersonicos\/#primaryimage"},"image":{"@id":"https:\/\/jornalfatosenoticias.com.br\/index.php\/2021\/06\/04\/united-airlines-fecha-acordo-para-voltar-com-voos-supersonicos\/#primaryimage"},"thumbnailUrl":"https:\/\/jornalfatosenoticias.com.br\/wp-content\/uploads\/2021\/06\/United-Airlines-Supersonic-Jets-2.jpg","datePublished":"2021-06-04T12:27:33+00:00","dateModified":"2021-06-04T12:27:38+00:00","breadcrumb":{"@id":"https:\/\/jornalfatosenoticias.com.br\/index.php\/2021\/06\/04\/united-airlines-fecha-acordo-para-voltar-com-voos-supersonicos\/#breadcrumb"},"inLanguage":"pt-BR","potentialAction":[{"@type":"ReadAction","target":["https:\/\/jornalfatosenoticias.com.br\/index.php\/2021\/06\/04\/united-airlines-fecha-acordo-para-voltar-com-voos-supersonicos\/"]}]},{"@type":"ImageObject","inLanguage":"pt-BR","@id":"https:\/\/jornalfatosenoticias.com.br\/index.php\/2021\/06\/04\/united-airlines-fecha-acordo-para-voltar-com-voos-supersonicos\/#primaryimage","url":"https:\/\/jornalfatosenoticias.com.br\/wp-content\/uploads\/2021\/06\/United-Airlines-Supersonic-Jets-2.jpg","contentUrl":"https:\/\/jornalfatosenoticias.com.br\/wp-content\/uploads\/2021\/06\/United-Airlines-Supersonic-Jets-2.jpg","width":1000,"height":666},{"@type":"BreadcrumbList","@id":"https:\/\/jornalfatosenoticias.com.br\/index.php\/2021\/06\/04\/united-airlines-fecha-acordo-para-voltar-com-voos-supersonicos\/#breadcrumb","itemListElement":[{"@type":"ListItem","position":1,"name":"In\u00edcio","item":"https:\/\/jornalfatosenoticias.com.br\/"},{"@type":"ListItem","position":2,"name":"United Airlines fecha acordo para voltar com voos supers\u00f4nicos"}]},{"@type":"WebSite","@id":"https:\/\/jornalfatosenoticias.com.br\/#website","url":"https:\/\/jornalfatosenoticias.com.br\/","name":"Jornal Fatos e Not\u00edcias","description":"Not\u00edcias em geral","publisher":{"@id":"https:\/\/jornalfatosenoticias.com.br\/#organization"},"potentialAction":[{"@type":"SearchAction","target":{"@type":"EntryPoint","urlTemplate":"https:\/\/jornalfatosenoticias.com.br\/?s={search_term_string}"},"query-input":{"@type":"PropertyValueSpecification","valueRequired":true,"valueName":"search_term_string"}}],"inLanguage":"pt-BR"},{"@type":"Organization","@id":"https:\/\/jornalfatosenoticias.com.br\/#organization","name":"Jornal Fatos e Not\u00edcias","url":"https:\/\/jornalfatosenoticias.com.br\/","logo":{"@type":"ImageObject","inLanguage":"pt-BR","@id":"https:\/\/jornalfatosenoticias.com.br\/#\/schema\/logo\/image\/","url":"https:\/\/jornalfatosenoticias.com.br\/wp-content\/uploads\/2020\/02\/logo120.png","contentUrl":"https:\/\/jornalfatosenoticias.com.br\/wp-content\/uploads\/2020\/02\/logo120.png","width":1227,"height":120,"caption":"Jornal Fatos e Not\u00edcias"},"image":{"@id":"https:\/\/jornalfatosenoticias.com.br\/#\/schema\/logo\/image\/"}},{"@type":"Person","@id":"https:\/\/jornalfatosenoticias.com.br\/#\/schema\/person\/d63837fa13ac8666eb9e74e0985d6f81","name":"Luzimara Fernandes","image":{"@type":"ImageObject","inLanguage":"pt-BR","@id":"https:\/\/jornalfatosenoticias.com.br\/#\/schema\/person\/image\/","url":"https:\/\/jornalfatosenoticias.com.br\/wp-content\/uploads\/2025\/05\/EU_portal.jpg","contentUrl":"https:\/\/jornalfatosenoticias.com.br\/wp-content\/uploads\/2025\/05\/EU_portal.jpg","caption":"Luzimara Fernandes"},"description":"Jornalista MTB 2358-ES","sameAs":["https:\/\/jornalfatosenoticias.com.br"],"url":"https:\/\/jornalfatosenoticias.com.br\/index.php\/author\/luzimara\/"}]}},"cc_featured_image_caption":{"caption_text":"(Foto: Divulga\u00e7\u00e3o\/United Airlines) ","source_text":"","source_url":""},"jetpack_featured_media_url":"https:\/\/jornalfatosenoticias.com.br\/wp-content\/uploads\/2021\/06\/United-Airlines-Supersonic-Jets-2.jpg","_links":{"self":[{"href":"https:\/\/jornalfatosenoticias.com.br\/index.php\/wp-json\/wp\/v2\/posts\/18975","targetHints":{"allow":["GET"]}}],"collection":[{"href":"https:\/\/jornalfatosenoticias.com.br\/index.php\/wp-json\/wp\/v2\/posts"}],"about":[{"href":"https:\/\/jornalfatosenoticias.com.br\/index.php\/wp-json\/wp\/v2\/types\/post"}],"author":[{"embeddable":true,"href":"https:\/\/jornalfatosenoticias.com.br\/index.php\/wp-json\/wp\/v2\/users\/2"}],"replies":[{"embeddable":true,"href":"https:\/\/jornalfatosenoticias.com.br\/index.php\/wp-json\/wp\/v2\/comments?post=18975"}],"version-history":[{"count":0,"href":"https:\/\/jornalfatosenoticias.com.br\/index.php\/wp-json\/wp\/v2\/posts\/18975\/revisions"}],"wp:featuredmedia":[{"embeddable":true,"href":"https:\/\/jornalfatosenoticias.com.br\/index.php\/wp-json\/wp\/v2\/media\/18977"}],"wp:attachment":[{"href":"https:\/\/jornalfatosenoticias.com.br\/index.php\/wp-json\/wp\/v2\/media?parent=18975"}],"wp:term":[{"taxonomy":"category","embeddable":true,"href":"https:\/\/jornalfatosenoticias.com.br\/index.php\/wp-json\/wp\/v2\/categories?post=18975"},{"taxonomy":"post_tag","embeddable":true,"href":"https:\/\/jornalfatosenoticias.com.br\/index.php\/wp-json\/wp\/v2\/tags?post=18975"}],"curies":[{"name":"wp","href":"https:\/\/api.w.org\/{rel}","templated":true}]}}