{"id":1898,"date":"2020-03-10T18:36:20","date_gmt":"2020-03-10T21:36:20","guid":{"rendered":"https:\/\/jornalfatosenoticias.com.br\/?p=1898"},"modified":"2020-03-10T18:36:25","modified_gmt":"2020-03-10T21:36:25","slug":"arqueologos-identificam-ossos-de-eansvida-princesa-e-santa-do-seculo-7","status":"publish","type":"post","link":"https:\/\/jornalfatosenoticias.com.br\/index.php\/2020\/03\/10\/arqueologos-identificam-ossos-de-eansvida-princesa-e-santa-do-seculo-7\/","title":{"rendered":"Arque\u00f3logos identificam ossos de Eansvida, princesa e santa do s\u00e9culo 7"},"content":{"rendered":"\n<h6 class=\"wp-block-heading\"><em>Restos humanos foram encontrados em 1885 em uma igreja na Inglaterra, mas s\u00f3 agora os especialistas os identificaram. Cad\u00e1ver pertenceu \u00e0 primeira santa do pa\u00eds<\/em><\/h6>\n\n\n\n<p>Restos humanos encontrados em uma igreja na cidade de Folkestone, em Kent, na Inglaterra, foram confirmados como pertencentes \u00e0 princesa anglo-sax\u00f4nica Eansvida, que viveu entre os anos de 614 e 640. Analisando os ossos e os dentes encontrados no local, especialistas conclu\u00edram que o corpo era da mulher, que tamb\u00e9m \u00e9 conhecida como sendo a primeira santa inglesa.<br>\nSegundo os especialistas, os restos mortais foram encontrados em 1885 na Igreja de Santa Maria e Santa Eansvida, mas an\u00e1lises de radiocarbono s\u00f3 puderam ser feitas recentemente \u2014 o que confirmou a identidade do cad\u00e1ver. \u201cFolkestone \u00e9 um lugar extremamente antigo, mas grande parte de sua heran\u00e7a foi apagada durante o desenvolvimento nos s\u00e9culos 19 e 20&#8243;, pontuou Lesley Hardy, uma das pesquisadoras, ao The Guardian. <\/p>\n\n\n\n<figure class=\"wp-block-image size-large\"><img loading=\"lazy\" decoding=\"async\" width=\"768\" height=\"1024\" src=\"https:\/\/jornalfatosenoticias.com.br\/wp-content\/uploads\/2020\/03\/Eansvida.jpg\" alt=\"\" class=\"wp-image-1899\" srcset=\"https:\/\/jornalfatosenoticias.com.br\/wp-content\/uploads\/2020\/03\/Eansvida.jpg 768w, https:\/\/jornalfatosenoticias.com.br\/wp-content\/uploads\/2020\/03\/Eansvida-225x300.jpg 225w\" sizes=\"auto, (max-width: 768px) 100vw, 768px\" \/><figcaption><em>Segundo especialistas, cad\u00e1ver pertenceu \u00e0 primeira santa do pa\u00eds, Eansvida (Foto: Wikimedia commons)<\/em><\/figcaption><\/figure>\n\n\n\n<p>&#8220;Eansvida estava no centro da comunidade, pois as pessoas a viam como uma hero\u00edna local. Traz\u00ea-la de volta \u00e0 luz \u00e9 algo bastante especial&#8221;.<br>\nEansvida era filha de Eadbald, que governou como rei de Kent de 616 a 640, e neta de Ethelbert, o primeiro rei ingl\u00eas a se converter ao cristianismo. Al\u00e9m disso, ela fundou uma das primeiras comunidades mon\u00e1sticas crist\u00e3s para mulheres na regi\u00e3o: acredita-se que ela era a abadessa do local e tamb\u00e9m uma &#8220;milagreira&#8221;.<br>\nA santa morreu muito jovem e ningu\u00e9m sabe ao certo por qu\u00ea, mas sua vida foi intensa o suficiente para ela ser canonizada e reconhecida como uma santidade nas principais denomina\u00e7\u00f5es crist\u00e3s. &#8220;An\u00e1lises cient\u00edficas adicionais est\u00e3o em andamento, e espera-se que em breve possamos saber mais sobre essa jovem, que \u00e9 uma parte t\u00e3o importante da hist\u00f3ria da Folkestone&#8221;, afirmou Ellie Williams, que participou da pesquisa, ao Kent Online.<\/p>\n\n\n\n<figure class=\"wp-block-image size-large\"><img loading=\"lazy\" decoding=\"async\" width=\"962\" height=\"606\" src=\"https:\/\/jornalfatosenoticias.com.br\/wp-content\/uploads\/2020\/03\/Igreja-de-Santa-Maria-e-Santa-Eansvida.jpg\" alt=\"\" class=\"wp-image-1900\" srcset=\"https:\/\/jornalfatosenoticias.com.br\/wp-content\/uploads\/2020\/03\/Igreja-de-Santa-Maria-e-Santa-Eansvida.jpg 962w, https:\/\/jornalfatosenoticias.com.br\/wp-content\/uploads\/2020\/03\/Igreja-de-Santa-Maria-e-Santa-Eansvida-300x189.jpg 300w, https:\/\/jornalfatosenoticias.com.br\/wp-content\/uploads\/2020\/03\/Igreja-de-Santa-Maria-e-Santa-Eansvida-768x484.jpg 768w, https:\/\/jornalfatosenoticias.com.br\/wp-content\/uploads\/2020\/03\/Igreja-de-Santa-Maria-e-Santa-Eansvida-350x220.jpg 350w\" sizes=\"auto, (max-width: 962px) 100vw, 962px\" \/><figcaption><em>Igreja de Santa Maria e Santa Eansvida, em Folkestone, na Inglaterra (Foto: Google\/Reprodu\u00e7\u00e3o)<\/em><\/figcaption><\/figure>\n\n\n\n<p><strong><em>Fonte: Galileu.com<\/em><\/strong><\/p>\n","protected":false},"excerpt":{"rendered":"<p>Restos humanos foram encontrados em 1885 em uma igreja na Inglaterra, mas s\u00f3 agora os especialistas os identificaram. Cad\u00e1ver pertenceu \u00e0 primeira santa do pa\u00eds Restos humanos encontrados em uma igreja na cidade de Folkestone, em Kent, na Inglaterra, foram confirmados como pertencentes \u00e0 princesa anglo-sax\u00f4nica Eansvida, que viveu entre os anos de 614 e [&hellip;]<\/p>\n","protected":false},"author":2,"featured_media":1901,"comment_status":"open","ping_status":"open","sticky":false,"template":"","format":"standard","meta":{"footnotes":""},"categories":[2],"tags":[456,457,458,459,460],"class_list":["post-1898","post","type-post","status-publish","format-standard","has-post-thumbnail","hentry","category-ciencia","tag-eansvida","tag-inglaterra","tag-princesa","tag-santa","tag-the-guardian"],"yoast_head":"<!-- This site is optimized with the Yoast SEO plugin v26.5 - https:\/\/yoast.com\/wordpress\/plugins\/seo\/ -->\n<title>Arque\u00f3logos identificam ossos de Eansvida, princesa e santa do s\u00e9culo 7 - Jornal Fatos e Not\u00edcias<\/title>\n<meta name=\"robots\" content=\"index, follow, max-snippet:-1, max-image-preview:large, max-video-preview:-1\" \/>\n<link rel=\"canonical\" href=\"https:\/\/jornalfatosenoticias.com.br\/index.php\/2020\/03\/10\/arqueologos-identificam-ossos-de-eansvida-princesa-e-santa-do-seculo-7\/\" \/>\n<meta property=\"og:locale\" content=\"pt_BR\" \/>\n<meta property=\"og:type\" content=\"article\" \/>\n<meta property=\"og:title\" content=\"Arque\u00f3logos identificam ossos de Eansvida, princesa e santa do s\u00e9culo 7 - Jornal Fatos e Not\u00edcias\" \/>\n<meta property=\"og:description\" content=\"Restos humanos foram encontrados em 1885 em uma igreja na Inglaterra, mas s\u00f3 agora os especialistas os identificaram. Cad\u00e1ver pertenceu \u00e0 primeira santa do pa\u00eds Restos humanos encontrados em uma igreja na cidade de Folkestone, em Kent, na Inglaterra, foram confirmados como pertencentes \u00e0 princesa anglo-sax\u00f4nica Eansvida, que viveu entre os anos de 614 e [&hellip;]\" \/>\n<meta property=\"og:url\" content=\"https:\/\/jornalfatosenoticias.com.br\/index.php\/2020\/03\/10\/arqueologos-identificam-ossos-de-eansvida-princesa-e-santa-do-seculo-7\/\" \/>\n<meta property=\"og:site_name\" content=\"Jornal Fatos e Not\u00edcias\" \/>\n<meta property=\"article:published_time\" content=\"2020-03-10T21:36:20+00:00\" \/>\n<meta property=\"article:modified_time\" content=\"2020-03-10T21:36:25+00:00\" \/>\n<meta property=\"og:image\" content=\"https:\/\/jornalfatosenoticias.com.br\/wp-content\/uploads\/2020\/03\/Eansvida_capa.jpg\" \/>\n\t<meta property=\"og:image:width\" content=\"980\" \/>\n\t<meta property=\"og:image:height\" content=\"737\" \/>\n\t<meta property=\"og:image:type\" content=\"image\/jpeg\" \/>\n<meta name=\"author\" content=\"Luzimara Fernandes\" \/>\n<meta name=\"twitter:card\" content=\"summary_large_image\" \/>\n<meta name=\"twitter:label1\" content=\"Escrito por\" \/>\n\t<meta name=\"twitter:data1\" content=\"Luzimara Fernandes\" \/>\n\t<meta name=\"twitter:label2\" content=\"Est. tempo de leitura\" \/>\n\t<meta name=\"twitter:data2\" content=\"2 minutos\" \/>\n<script type=\"application\/ld+json\" class=\"yoast-schema-graph\">{\"@context\":\"https:\/\/schema.org\",\"@graph\":[{\"@type\":\"Article\",\"@id\":\"https:\/\/jornalfatosenoticias.com.br\/index.php\/2020\/03\/10\/arqueologos-identificam-ossos-de-eansvida-princesa-e-santa-do-seculo-7\/#article\",\"isPartOf\":{\"@id\":\"https:\/\/jornalfatosenoticias.com.br\/index.php\/2020\/03\/10\/arqueologos-identificam-ossos-de-eansvida-princesa-e-santa-do-seculo-7\/\"},\"author\":{\"name\":\"Luzimara Fernandes\",\"@id\":\"https:\/\/jornalfatosenoticias.com.br\/#\/schema\/person\/d63837fa13ac8666eb9e74e0985d6f81\"},\"headline\":\"Arque\u00f3logos identificam ossos de Eansvida, princesa e santa do s\u00e9culo 7\",\"datePublished\":\"2020-03-10T21:36:20+00:00\",\"dateModified\":\"2020-03-10T21:36:25+00:00\",\"mainEntityOfPage\":{\"@id\":\"https:\/\/jornalfatosenoticias.com.br\/index.php\/2020\/03\/10\/arqueologos-identificam-ossos-de-eansvida-princesa-e-santa-do-seculo-7\/\"},\"wordCount\":349,\"commentCount\":0,\"publisher\":{\"@id\":\"https:\/\/jornalfatosenoticias.com.br\/#organization\"},\"image\":{\"@id\":\"https:\/\/jornalfatosenoticias.com.br\/index.php\/2020\/03\/10\/arqueologos-identificam-ossos-de-eansvida-princesa-e-santa-do-seculo-7\/#primaryimage\"},\"thumbnailUrl\":\"https:\/\/jornalfatosenoticias.com.br\/wp-content\/uploads\/2020\/03\/Eansvida_capa.jpg\",\"keywords\":[\"Eansvida\",\"Inglaterra\",\"princesa\",\"santa\",\"The Guardian\"],\"articleSection\":[\"Ci\u00eancia\"],\"inLanguage\":\"pt-BR\",\"potentialAction\":[{\"@type\":\"CommentAction\",\"name\":\"Comment\",\"target\":[\"https:\/\/jornalfatosenoticias.com.br\/index.php\/2020\/03\/10\/arqueologos-identificam-ossos-de-eansvida-princesa-e-santa-do-seculo-7\/#respond\"]}]},{\"@type\":\"WebPage\",\"@id\":\"https:\/\/jornalfatosenoticias.com.br\/index.php\/2020\/03\/10\/arqueologos-identificam-ossos-de-eansvida-princesa-e-santa-do-seculo-7\/\",\"url\":\"https:\/\/jornalfatosenoticias.com.br\/index.php\/2020\/03\/10\/arqueologos-identificam-ossos-de-eansvida-princesa-e-santa-do-seculo-7\/\",\"name\":\"Arque\u00f3logos identificam ossos de Eansvida, princesa e santa do s\u00e9culo 7 - Jornal Fatos e Not\u00edcias\",\"isPartOf\":{\"@id\":\"https:\/\/jornalfatosenoticias.com.br\/#website\"},\"primaryImageOfPage\":{\"@id\":\"https:\/\/jornalfatosenoticias.com.br\/index.php\/2020\/03\/10\/arqueologos-identificam-ossos-de-eansvida-princesa-e-santa-do-seculo-7\/#primaryimage\"},\"image\":{\"@id\":\"https:\/\/jornalfatosenoticias.com.br\/index.php\/2020\/03\/10\/arqueologos-identificam-ossos-de-eansvida-princesa-e-santa-do-seculo-7\/#primaryimage\"},\"thumbnailUrl\":\"https:\/\/jornalfatosenoticias.com.br\/wp-content\/uploads\/2020\/03\/Eansvida_capa.jpg\",\"datePublished\":\"2020-03-10T21:36:20+00:00\",\"dateModified\":\"2020-03-10T21:36:25+00:00\",\"breadcrumb\":{\"@id\":\"https:\/\/jornalfatosenoticias.com.br\/index.php\/2020\/03\/10\/arqueologos-identificam-ossos-de-eansvida-princesa-e-santa-do-seculo-7\/#breadcrumb\"},\"inLanguage\":\"pt-BR\",\"potentialAction\":[{\"@type\":\"ReadAction\",\"target\":[\"https:\/\/jornalfatosenoticias.com.br\/index.php\/2020\/03\/10\/arqueologos-identificam-ossos-de-eansvida-princesa-e-santa-do-seculo-7\/\"]}]},{\"@type\":\"ImageObject\",\"inLanguage\":\"pt-BR\",\"@id\":\"https:\/\/jornalfatosenoticias.com.br\/index.php\/2020\/03\/10\/arqueologos-identificam-ossos-de-eansvida-princesa-e-santa-do-seculo-7\/#primaryimage\",\"url\":\"https:\/\/jornalfatosenoticias.com.br\/wp-content\/uploads\/2020\/03\/Eansvida_capa.jpg\",\"contentUrl\":\"https:\/\/jornalfatosenoticias.com.br\/wp-content\/uploads\/2020\/03\/Eansvida_capa.jpg\",\"width\":980,\"height\":737},{\"@type\":\"BreadcrumbList\",\"@id\":\"https:\/\/jornalfatosenoticias.com.br\/index.php\/2020\/03\/10\/arqueologos-identificam-ossos-de-eansvida-princesa-e-santa-do-seculo-7\/#breadcrumb\",\"itemListElement\":[{\"@type\":\"ListItem\",\"position\":1,\"name\":\"In\u00edcio\",\"item\":\"https:\/\/jornalfatosenoticias.com.br\/\"},{\"@type\":\"ListItem\",\"position\":2,\"name\":\"Arque\u00f3logos identificam ossos de Eansvida, princesa e santa do s\u00e9culo 7\"}]},{\"@type\":\"WebSite\",\"@id\":\"https:\/\/jornalfatosenoticias.com.br\/#website\",\"url\":\"https:\/\/jornalfatosenoticias.com.br\/\",\"name\":\"Jornal Fatos e Not\u00edcias\",\"description\":\"Not\u00edcias em geral\",\"publisher\":{\"@id\":\"https:\/\/jornalfatosenoticias.com.br\/#organization\"},\"potentialAction\":[{\"@type\":\"SearchAction\",\"target\":{\"@type\":\"EntryPoint\",\"urlTemplate\":\"https:\/\/jornalfatosenoticias.com.br\/?s={search_term_string}\"},\"query-input\":{\"@type\":\"PropertyValueSpecification\",\"valueRequired\":true,\"valueName\":\"search_term_string\"}}],\"inLanguage\":\"pt-BR\"},{\"@type\":\"Organization\",\"@id\":\"https:\/\/jornalfatosenoticias.com.br\/#organization\",\"name\":\"Jornal Fatos e Not\u00edcias\",\"url\":\"https:\/\/jornalfatosenoticias.com.br\/\",\"logo\":{\"@type\":\"ImageObject\",\"inLanguage\":\"pt-BR\",\"@id\":\"https:\/\/jornalfatosenoticias.com.br\/#\/schema\/logo\/image\/\",\"url\":\"https:\/\/jornalfatosenoticias.com.br\/wp-content\/uploads\/2020\/02\/logo120.png\",\"contentUrl\":\"https:\/\/jornalfatosenoticias.com.br\/wp-content\/uploads\/2020\/02\/logo120.png\",\"width\":1227,\"height\":120,\"caption\":\"Jornal Fatos e Not\u00edcias\"},\"image\":{\"@id\":\"https:\/\/jornalfatosenoticias.com.br\/#\/schema\/logo\/image\/\"}},{\"@type\":\"Person\",\"@id\":\"https:\/\/jornalfatosenoticias.com.br\/#\/schema\/person\/d63837fa13ac8666eb9e74e0985d6f81\",\"name\":\"Luzimara Fernandes\",\"image\":{\"@type\":\"ImageObject\",\"inLanguage\":\"pt-BR\",\"@id\":\"https:\/\/jornalfatosenoticias.com.br\/#\/schema\/person\/image\/\",\"url\":\"https:\/\/jornalfatosenoticias.com.br\/wp-content\/uploads\/2025\/05\/EU_portal.jpg\",\"contentUrl\":\"https:\/\/jornalfatosenoticias.com.br\/wp-content\/uploads\/2025\/05\/EU_portal.jpg\",\"caption\":\"Luzimara Fernandes\"},\"description\":\"Jornalista MTB 2358-ES\",\"sameAs\":[\"https:\/\/jornalfatosenoticias.com.br\"],\"url\":\"https:\/\/jornalfatosenoticias.com.br\/index.php\/author\/luzimara\/\"}]}<\/script>\n<!-- \/ Yoast SEO plugin. -->","yoast_head_json":{"title":"Arque\u00f3logos identificam ossos de Eansvida, princesa e santa do s\u00e9culo 7 - Jornal Fatos e Not\u00edcias","robots":{"index":"index","follow":"follow","max-snippet":"max-snippet:-1","max-image-preview":"max-image-preview:large","max-video-preview":"max-video-preview:-1"},"canonical":"https:\/\/jornalfatosenoticias.com.br\/index.php\/2020\/03\/10\/arqueologos-identificam-ossos-de-eansvida-princesa-e-santa-do-seculo-7\/","og_locale":"pt_BR","og_type":"article","og_title":"Arque\u00f3logos identificam ossos de Eansvida, princesa e santa do s\u00e9culo 7 - Jornal Fatos e Not\u00edcias","og_description":"Restos humanos foram encontrados em 1885 em uma igreja na Inglaterra, mas s\u00f3 agora os especialistas os identificaram. Cad\u00e1ver pertenceu \u00e0 primeira santa do pa\u00eds Restos humanos encontrados em uma igreja na cidade de Folkestone, em Kent, na Inglaterra, foram confirmados como pertencentes \u00e0 princesa anglo-sax\u00f4nica Eansvida, que viveu entre os anos de 614 e [&hellip;]","og_url":"https:\/\/jornalfatosenoticias.com.br\/index.php\/2020\/03\/10\/arqueologos-identificam-ossos-de-eansvida-princesa-e-santa-do-seculo-7\/","og_site_name":"Jornal Fatos e Not\u00edcias","article_published_time":"2020-03-10T21:36:20+00:00","article_modified_time":"2020-03-10T21:36:25+00:00","og_image":[{"width":980,"height":737,"url":"https:\/\/jornalfatosenoticias.com.br\/wp-content\/uploads\/2020\/03\/Eansvida_capa.jpg","type":"image\/jpeg"}],"author":"Luzimara Fernandes","twitter_card":"summary_large_image","twitter_misc":{"Escrito por":"Luzimara Fernandes","Est. tempo de leitura":"2 minutos"},"schema":{"@context":"https:\/\/schema.org","@graph":[{"@type":"Article","@id":"https:\/\/jornalfatosenoticias.com.br\/index.php\/2020\/03\/10\/arqueologos-identificam-ossos-de-eansvida-princesa-e-santa-do-seculo-7\/#article","isPartOf":{"@id":"https:\/\/jornalfatosenoticias.com.br\/index.php\/2020\/03\/10\/arqueologos-identificam-ossos-de-eansvida-princesa-e-santa-do-seculo-7\/"},"author":{"name":"Luzimara Fernandes","@id":"https:\/\/jornalfatosenoticias.com.br\/#\/schema\/person\/d63837fa13ac8666eb9e74e0985d6f81"},"headline":"Arque\u00f3logos identificam ossos de Eansvida, princesa e santa do s\u00e9culo 7","datePublished":"2020-03-10T21:36:20+00:00","dateModified":"2020-03-10T21:36:25+00:00","mainEntityOfPage":{"@id":"https:\/\/jornalfatosenoticias.com.br\/index.php\/2020\/03\/10\/arqueologos-identificam-ossos-de-eansvida-princesa-e-santa-do-seculo-7\/"},"wordCount":349,"commentCount":0,"publisher":{"@id":"https:\/\/jornalfatosenoticias.com.br\/#organization"},"image":{"@id":"https:\/\/jornalfatosenoticias.com.br\/index.php\/2020\/03\/10\/arqueologos-identificam-ossos-de-eansvida-princesa-e-santa-do-seculo-7\/#primaryimage"},"thumbnailUrl":"https:\/\/jornalfatosenoticias.com.br\/wp-content\/uploads\/2020\/03\/Eansvida_capa.jpg","keywords":["Eansvida","Inglaterra","princesa","santa","The Guardian"],"articleSection":["Ci\u00eancia"],"inLanguage":"pt-BR","potentialAction":[{"@type":"CommentAction","name":"Comment","target":["https:\/\/jornalfatosenoticias.com.br\/index.php\/2020\/03\/10\/arqueologos-identificam-ossos-de-eansvida-princesa-e-santa-do-seculo-7\/#respond"]}]},{"@type":"WebPage","@id":"https:\/\/jornalfatosenoticias.com.br\/index.php\/2020\/03\/10\/arqueologos-identificam-ossos-de-eansvida-princesa-e-santa-do-seculo-7\/","url":"https:\/\/jornalfatosenoticias.com.br\/index.php\/2020\/03\/10\/arqueologos-identificam-ossos-de-eansvida-princesa-e-santa-do-seculo-7\/","name":"Arque\u00f3logos identificam ossos de Eansvida, princesa e santa do s\u00e9culo 7 - Jornal Fatos e Not\u00edcias","isPartOf":{"@id":"https:\/\/jornalfatosenoticias.com.br\/#website"},"primaryImageOfPage":{"@id":"https:\/\/jornalfatosenoticias.com.br\/index.php\/2020\/03\/10\/arqueologos-identificam-ossos-de-eansvida-princesa-e-santa-do-seculo-7\/#primaryimage"},"image":{"@id":"https:\/\/jornalfatosenoticias.com.br\/index.php\/2020\/03\/10\/arqueologos-identificam-ossos-de-eansvida-princesa-e-santa-do-seculo-7\/#primaryimage"},"thumbnailUrl":"https:\/\/jornalfatosenoticias.com.br\/wp-content\/uploads\/2020\/03\/Eansvida_capa.jpg","datePublished":"2020-03-10T21:36:20+00:00","dateModified":"2020-03-10T21:36:25+00:00","breadcrumb":{"@id":"https:\/\/jornalfatosenoticias.com.br\/index.php\/2020\/03\/10\/arqueologos-identificam-ossos-de-eansvida-princesa-e-santa-do-seculo-7\/#breadcrumb"},"inLanguage":"pt-BR","potentialAction":[{"@type":"ReadAction","target":["https:\/\/jornalfatosenoticias.com.br\/index.php\/2020\/03\/10\/arqueologos-identificam-ossos-de-eansvida-princesa-e-santa-do-seculo-7\/"]}]},{"@type":"ImageObject","inLanguage":"pt-BR","@id":"https:\/\/jornalfatosenoticias.com.br\/index.php\/2020\/03\/10\/arqueologos-identificam-ossos-de-eansvida-princesa-e-santa-do-seculo-7\/#primaryimage","url":"https:\/\/jornalfatosenoticias.com.br\/wp-content\/uploads\/2020\/03\/Eansvida_capa.jpg","contentUrl":"https:\/\/jornalfatosenoticias.com.br\/wp-content\/uploads\/2020\/03\/Eansvida_capa.jpg","width":980,"height":737},{"@type":"BreadcrumbList","@id":"https:\/\/jornalfatosenoticias.com.br\/index.php\/2020\/03\/10\/arqueologos-identificam-ossos-de-eansvida-princesa-e-santa-do-seculo-7\/#breadcrumb","itemListElement":[{"@type":"ListItem","position":1,"name":"In\u00edcio","item":"https:\/\/jornalfatosenoticias.com.br\/"},{"@type":"ListItem","position":2,"name":"Arque\u00f3logos identificam ossos de Eansvida, princesa e santa do s\u00e9culo 7"}]},{"@type":"WebSite","@id":"https:\/\/jornalfatosenoticias.com.br\/#website","url":"https:\/\/jornalfatosenoticias.com.br\/","name":"Jornal Fatos e Not\u00edcias","description":"Not\u00edcias em geral","publisher":{"@id":"https:\/\/jornalfatosenoticias.com.br\/#organization"},"potentialAction":[{"@type":"SearchAction","target":{"@type":"EntryPoint","urlTemplate":"https:\/\/jornalfatosenoticias.com.br\/?s={search_term_string}"},"query-input":{"@type":"PropertyValueSpecification","valueRequired":true,"valueName":"search_term_string"}}],"inLanguage":"pt-BR"},{"@type":"Organization","@id":"https:\/\/jornalfatosenoticias.com.br\/#organization","name":"Jornal Fatos e Not\u00edcias","url":"https:\/\/jornalfatosenoticias.com.br\/","logo":{"@type":"ImageObject","inLanguage":"pt-BR","@id":"https:\/\/jornalfatosenoticias.com.br\/#\/schema\/logo\/image\/","url":"https:\/\/jornalfatosenoticias.com.br\/wp-content\/uploads\/2020\/02\/logo120.png","contentUrl":"https:\/\/jornalfatosenoticias.com.br\/wp-content\/uploads\/2020\/02\/logo120.png","width":1227,"height":120,"caption":"Jornal Fatos e Not\u00edcias"},"image":{"@id":"https:\/\/jornalfatosenoticias.com.br\/#\/schema\/logo\/image\/"}},{"@type":"Person","@id":"https:\/\/jornalfatosenoticias.com.br\/#\/schema\/person\/d63837fa13ac8666eb9e74e0985d6f81","name":"Luzimara Fernandes","image":{"@type":"ImageObject","inLanguage":"pt-BR","@id":"https:\/\/jornalfatosenoticias.com.br\/#\/schema\/person\/image\/","url":"https:\/\/jornalfatosenoticias.com.br\/wp-content\/uploads\/2025\/05\/EU_portal.jpg","contentUrl":"https:\/\/jornalfatosenoticias.com.br\/wp-content\/uploads\/2025\/05\/EU_portal.jpg","caption":"Luzimara Fernandes"},"description":"Jornalista MTB 2358-ES","sameAs":["https:\/\/jornalfatosenoticias.com.br"],"url":"https:\/\/jornalfatosenoticias.com.br\/index.php\/author\/luzimara\/"}]}},"cc_featured_image_caption":{"caption_text":"Eansvida (Foto: Wikimedia commons)","source_text":"","source_url":""},"jetpack_featured_media_url":"https:\/\/jornalfatosenoticias.com.br\/wp-content\/uploads\/2020\/03\/Eansvida_capa.jpg","_links":{"self":[{"href":"https:\/\/jornalfatosenoticias.com.br\/index.php\/wp-json\/wp\/v2\/posts\/1898","targetHints":{"allow":["GET"]}}],"collection":[{"href":"https:\/\/jornalfatosenoticias.com.br\/index.php\/wp-json\/wp\/v2\/posts"}],"about":[{"href":"https:\/\/jornalfatosenoticias.com.br\/index.php\/wp-json\/wp\/v2\/types\/post"}],"author":[{"embeddable":true,"href":"https:\/\/jornalfatosenoticias.com.br\/index.php\/wp-json\/wp\/v2\/users\/2"}],"replies":[{"embeddable":true,"href":"https:\/\/jornalfatosenoticias.com.br\/index.php\/wp-json\/wp\/v2\/comments?post=1898"}],"version-history":[{"count":0,"href":"https:\/\/jornalfatosenoticias.com.br\/index.php\/wp-json\/wp\/v2\/posts\/1898\/revisions"}],"wp:featuredmedia":[{"embeddable":true,"href":"https:\/\/jornalfatosenoticias.com.br\/index.php\/wp-json\/wp\/v2\/media\/1901"}],"wp:attachment":[{"href":"https:\/\/jornalfatosenoticias.com.br\/index.php\/wp-json\/wp\/v2\/media?parent=1898"}],"wp:term":[{"taxonomy":"category","embeddable":true,"href":"https:\/\/jornalfatosenoticias.com.br\/index.php\/wp-json\/wp\/v2\/categories?post=1898"},{"taxonomy":"post_tag","embeddable":true,"href":"https:\/\/jornalfatosenoticias.com.br\/index.php\/wp-json\/wp\/v2\/tags?post=1898"}],"curies":[{"name":"wp","href":"https:\/\/api.w.org\/{rel}","templated":true}]}}