{"id":18981,"date":"2021-06-04T09:40:28","date_gmt":"2021-06-04T12:40:28","guid":{"rendered":"https:\/\/jornalfatosenoticias.com.br\/?p=18981"},"modified":"2021-06-04T09:40:32","modified_gmt":"2021-06-04T12:40:32","slug":"cientistas-dizem-ter-criado-um-doce-que-fortalece-os-dentes","status":"publish","type":"post","link":"https:\/\/jornalfatosenoticias.com.br\/index.php\/2021\/06\/04\/cientistas-dizem-ter-criado-um-doce-que-fortalece-os-dentes\/","title":{"rendered":"Cientistas dizem ter criado um doce que fortalece os dentes"},"content":{"rendered":"\n<p>Uma equipe de pesquisadores da Universidade de <a href=\"https:\/\/olhardigital.com.br\/2021\/04\/02\/ciencia-e-espaco\/pedacos-de-foguete-da-spacex-caem-em-fazenda-em-washington\/\">Washington<\/a>, nos Estados Unidos, afirma ter conseguido criar um doce experimental, similar a uma pastilha de hortel\u00e3, que fortalece os dentes. Os cientistas agora est\u00e3o se preparando para realizar\u00a0<a href=\"https:\/\/olhardigital.com.br\/2021\/06\/02\/coronavirus\/hcor-comeca-esse-mes-testes-clinicos-com-vacina-da-usp-de-ribeirao-preto\/\">ensaios cl\u00ednicos<\/a> das novas balas, que s\u00e3o revestidas com blocos de constru\u00e7\u00e3o de prote\u00edna geneticamente modificados. A expectativa \u00e9 que esse blocos se liguem aos dentes do usu\u00e1rio e adicionem uma pequena camada de esmalte fresco.<br>Segundo a equipe, caso funcione, esse pode ser o primeiro tratamento que faz o esmalte dental crescer novamente, ao inv\u00e9s de apenas preservar e reparar o que n\u00e3o foi perdido. At\u00e9 o momento, o doce foi testado em dentes extra\u00eddos de humanos, <a href=\"https:\/\/olhardigital.com.br\/2021\/05\/14\/ciencia-e-espaco\/porcos-e-roedores-podem-respirar-pelo-intestino\/\">porcos<\/a>\u00a0e ratos, al\u00e9m de\u00a0<a href=\"https:\/\/olhardigital.com.br\/2021\/05\/27\/ciencia-e-espaco\/ratos-invadem-cidades-do-leste-da-australia-e-aterrorizam-moradores\/\">ratos vivos<\/a>. Durante esta etapa, eles analisaram que uma pastilha por dia poderia manter o esmalte dos dentes em face do desgaste normal.<br>Al\u00e9m disso, os cientistas acreditam que uma segunda bala seria capaz de reintroduzir uma pequena quantidade de novo esmalte nos dentes, revertendo os danos. Por\u00e9m, apenas os ensaios cl\u00ednicos poder\u00e3o comprovar se essa teoria realmente se sustenta. \u201cCada estudo levar\u00e1 duas semanas e esperamos que esses testes n\u00e3o levem mais do que tr\u00eas meses\u201d, disse o dentista da Universidade de Washington Sami Dogan, ao <a href=\"https:\/\/futurism.com\/neoscope\/candy-heals-tooth-enamel\"><em>Futurism<\/em><\/a>.<\/p>\n\n\n\n<h4 class=\"wp-block-heading\"><strong><span class=\"has-inline-color has-black-color\">Outros produtos<\/span><\/strong><\/h4>\n\n\n\n<figure class=\"wp-block-image size-large\"><img loading=\"lazy\" decoding=\"async\" width=\"1000\" height=\"666\" src=\"https:\/\/jornalfatosenoticias.com.br\/wp-content\/uploads\/2021\/06\/Creme-Dental.jpg\" alt=\"\" class=\"wp-image-18982\" srcset=\"https:\/\/jornalfatosenoticias.com.br\/wp-content\/uploads\/2021\/06\/Creme-Dental.jpg 1000w, https:\/\/jornalfatosenoticias.com.br\/wp-content\/uploads\/2021\/06\/Creme-Dental-300x200.jpg 300w, https:\/\/jornalfatosenoticias.com.br\/wp-content\/uploads\/2021\/06\/Creme-Dental-768x511.jpg 768w\" sizes=\"auto, (max-width: 1000px) 100vw, 1000px\" \/><figcaption><em><span class=\"has-inline-color has-black-color\">Equipe de Washington tamb\u00e9m trabalha para desenvolver um creme dental (Foto: Px Here)<\/span><\/em><\/figcaption><\/figure>\n\n\n\n<p>Al\u00e9m das balas, a equipe tamb\u00e9m trabalha no desenvolvimento de um creme dental que tenha um funcionamento similar na recupera\u00e7\u00e3o do esmalte dental. Caso esses produtos cheguem ao mercado, podem representar um grande salto nos cuidados e na manuten\u00e7\u00e3o odontol\u00f3gica, uma vez que mudam o foco da preserva\u00e7\u00e3o do esmalte dos dentes para a sua restaura\u00e7\u00e3o.<br>Para se ter uma ideia, at\u00e9 mesmo as tiras de clareamento e os alvejantes projetados para dar uma apar\u00eancia mais brilhante aos dentes, podem danificar ainda mais o esmalte dos dentes e deix\u00e1-los mais expostos. A capacidade de regenera\u00e7\u00e3o do esmalte tem potencial de melhorar bastante a m\u00e9dia da <a href=\"https:\/\/olhardigital.com.br\/2021\/04\/02\/medicina-e-saude\/tratamento-japones-promete-regeneracao-dos-dentes-perdidos\/\">sa\u00fade bucal<\/a> da popula\u00e7\u00e3o.<\/p>\n\n\n\n<p><em><strong>Fonte: <a href=\"https:\/\/olhardigital.com.br\/2021\/06\/03\/medicina-e-saude\/cientistas-dizem-ter-criado-um-doce-que-fortalece-os-dentes\/\">Olhar Digital<\/a><\/strong><\/em><\/p>\n","protected":false},"excerpt":{"rendered":"<p>Uma equipe de pesquisadores da Universidade de Washington, nos Estados Unidos, afirma ter conseguido criar um doce experimental, similar a uma pastilha de hortel\u00e3, que fortalece os dentes. Os cientistas agora est\u00e3o se preparando para realizar\u00a0ensaios cl\u00ednicos das novas balas, que s\u00e3o revestidas com blocos de constru\u00e7\u00e3o de prote\u00edna geneticamente modificados. A expectativa \u00e9 que [&hellip;]<\/p>\n","protected":false},"author":2,"featured_media":18983,"comment_status":"open","ping_status":"open","sticky":false,"template":"","format":"standard","meta":{"footnotes":""},"categories":[2],"tags":[9349,9350,9351,9352,4200],"class_list":["post-18981","post","type-post","status-publish","format-standard","has-post-thumbnail","hentry","category-ciencia","tag-dentes","tag-dentista","tag-novos-materiais","tag-saude-bucal","tag-tratamentos"],"yoast_head":"<!-- This site is optimized with the Yoast SEO plugin v26.5 - https:\/\/yoast.com\/wordpress\/plugins\/seo\/ -->\n<title>Cientistas dizem ter criado um doce que fortalece os dentes - Jornal Fatos e Not\u00edcias<\/title>\n<meta name=\"robots\" content=\"index, follow, max-snippet:-1, max-image-preview:large, max-video-preview:-1\" \/>\n<link rel=\"canonical\" href=\"https:\/\/jornalfatosenoticias.com.br\/index.php\/2021\/06\/04\/cientistas-dizem-ter-criado-um-doce-que-fortalece-os-dentes\/\" \/>\n<meta property=\"og:locale\" content=\"pt_BR\" \/>\n<meta property=\"og:type\" content=\"article\" \/>\n<meta property=\"og:title\" content=\"Cientistas dizem ter criado um doce que fortalece os dentes - Jornal Fatos e Not\u00edcias\" \/>\n<meta property=\"og:description\" content=\"Uma equipe de pesquisadores da Universidade de Washington, nos Estados Unidos, afirma ter conseguido criar um doce experimental, similar a uma pastilha de hortel\u00e3, que fortalece os dentes. Os cientistas agora est\u00e3o se preparando para realizar\u00a0ensaios cl\u00ednicos das novas balas, que s\u00e3o revestidas com blocos de constru\u00e7\u00e3o de prote\u00edna geneticamente modificados. A expectativa \u00e9 que [&hellip;]\" \/>\n<meta property=\"og:url\" content=\"https:\/\/jornalfatosenoticias.com.br\/index.php\/2021\/06\/04\/cientistas-dizem-ter-criado-um-doce-que-fortalece-os-dentes\/\" \/>\n<meta property=\"og:site_name\" content=\"Jornal Fatos e Not\u00edcias\" \/>\n<meta property=\"article:published_time\" content=\"2021-06-04T12:40:28+00:00\" \/>\n<meta property=\"article:modified_time\" content=\"2021-06-04T12:40:32+00:00\" \/>\n<meta property=\"og:image\" content=\"https:\/\/jornalfatosenoticias.com.br\/wp-content\/uploads\/2021\/06\/dentes.jpg\" \/>\n\t<meta property=\"og:image:width\" content=\"1000\" \/>\n\t<meta property=\"og:image:height\" content=\"450\" \/>\n\t<meta property=\"og:image:type\" content=\"image\/jpeg\" \/>\n<meta name=\"author\" content=\"Luzimara Fernandes\" \/>\n<meta name=\"twitter:card\" content=\"summary_large_image\" \/>\n<meta name=\"twitter:label1\" content=\"Escrito por\" \/>\n\t<meta name=\"twitter:data1\" content=\"Luzimara Fernandes\" \/>\n\t<meta name=\"twitter:label2\" content=\"Est. tempo de leitura\" \/>\n\t<meta name=\"twitter:data2\" content=\"2 minutos\" \/>\n<script type=\"application\/ld+json\" class=\"yoast-schema-graph\">{\"@context\":\"https:\/\/schema.org\",\"@graph\":[{\"@type\":\"Article\",\"@id\":\"https:\/\/jornalfatosenoticias.com.br\/index.php\/2021\/06\/04\/cientistas-dizem-ter-criado-um-doce-que-fortalece-os-dentes\/#article\",\"isPartOf\":{\"@id\":\"https:\/\/jornalfatosenoticias.com.br\/index.php\/2021\/06\/04\/cientistas-dizem-ter-criado-um-doce-que-fortalece-os-dentes\/\"},\"author\":{\"name\":\"Luzimara Fernandes\",\"@id\":\"https:\/\/jornalfatosenoticias.com.br\/#\/schema\/person\/d63837fa13ac8666eb9e74e0985d6f81\"},\"headline\":\"Cientistas dizem ter criado um doce que fortalece os dentes\",\"datePublished\":\"2021-06-04T12:40:28+00:00\",\"dateModified\":\"2021-06-04T12:40:32+00:00\",\"mainEntityOfPage\":{\"@id\":\"https:\/\/jornalfatosenoticias.com.br\/index.php\/2021\/06\/04\/cientistas-dizem-ter-criado-um-doce-que-fortalece-os-dentes\/\"},\"wordCount\":373,\"commentCount\":0,\"publisher\":{\"@id\":\"https:\/\/jornalfatosenoticias.com.br\/#organization\"},\"image\":{\"@id\":\"https:\/\/jornalfatosenoticias.com.br\/index.php\/2021\/06\/04\/cientistas-dizem-ter-criado-um-doce-que-fortalece-os-dentes\/#primaryimage\"},\"thumbnailUrl\":\"https:\/\/jornalfatosenoticias.com.br\/wp-content\/uploads\/2021\/06\/dentes.jpg\",\"keywords\":[\"dentes\",\"dentista\",\"novos materiais\",\"sa\u00fade bucal\",\"tratamentos\"],\"articleSection\":[\"Ci\u00eancia\"],\"inLanguage\":\"pt-BR\",\"potentialAction\":[{\"@type\":\"CommentAction\",\"name\":\"Comment\",\"target\":[\"https:\/\/jornalfatosenoticias.com.br\/index.php\/2021\/06\/04\/cientistas-dizem-ter-criado-um-doce-que-fortalece-os-dentes\/#respond\"]}]},{\"@type\":\"WebPage\",\"@id\":\"https:\/\/jornalfatosenoticias.com.br\/index.php\/2021\/06\/04\/cientistas-dizem-ter-criado-um-doce-que-fortalece-os-dentes\/\",\"url\":\"https:\/\/jornalfatosenoticias.com.br\/index.php\/2021\/06\/04\/cientistas-dizem-ter-criado-um-doce-que-fortalece-os-dentes\/\",\"name\":\"Cientistas dizem ter criado um doce que fortalece os dentes - Jornal Fatos e Not\u00edcias\",\"isPartOf\":{\"@id\":\"https:\/\/jornalfatosenoticias.com.br\/#website\"},\"primaryImageOfPage\":{\"@id\":\"https:\/\/jornalfatosenoticias.com.br\/index.php\/2021\/06\/04\/cientistas-dizem-ter-criado-um-doce-que-fortalece-os-dentes\/#primaryimage\"},\"image\":{\"@id\":\"https:\/\/jornalfatosenoticias.com.br\/index.php\/2021\/06\/04\/cientistas-dizem-ter-criado-um-doce-que-fortalece-os-dentes\/#primaryimage\"},\"thumbnailUrl\":\"https:\/\/jornalfatosenoticias.com.br\/wp-content\/uploads\/2021\/06\/dentes.jpg\",\"datePublished\":\"2021-06-04T12:40:28+00:00\",\"dateModified\":\"2021-06-04T12:40:32+00:00\",\"breadcrumb\":{\"@id\":\"https:\/\/jornalfatosenoticias.com.br\/index.php\/2021\/06\/04\/cientistas-dizem-ter-criado-um-doce-que-fortalece-os-dentes\/#breadcrumb\"},\"inLanguage\":\"pt-BR\",\"potentialAction\":[{\"@type\":\"ReadAction\",\"target\":[\"https:\/\/jornalfatosenoticias.com.br\/index.php\/2021\/06\/04\/cientistas-dizem-ter-criado-um-doce-que-fortalece-os-dentes\/\"]}]},{\"@type\":\"ImageObject\",\"inLanguage\":\"pt-BR\",\"@id\":\"https:\/\/jornalfatosenoticias.com.br\/index.php\/2021\/06\/04\/cientistas-dizem-ter-criado-um-doce-que-fortalece-os-dentes\/#primaryimage\",\"url\":\"https:\/\/jornalfatosenoticias.com.br\/wp-content\/uploads\/2021\/06\/dentes.jpg\",\"contentUrl\":\"https:\/\/jornalfatosenoticias.com.br\/wp-content\/uploads\/2021\/06\/dentes.jpg\",\"width\":1000,\"height\":450},{\"@type\":\"BreadcrumbList\",\"@id\":\"https:\/\/jornalfatosenoticias.com.br\/index.php\/2021\/06\/04\/cientistas-dizem-ter-criado-um-doce-que-fortalece-os-dentes\/#breadcrumb\",\"itemListElement\":[{\"@type\":\"ListItem\",\"position\":1,\"name\":\"In\u00edcio\",\"item\":\"https:\/\/jornalfatosenoticias.com.br\/\"},{\"@type\":\"ListItem\",\"position\":2,\"name\":\"Cientistas dizem ter criado um doce que fortalece os dentes\"}]},{\"@type\":\"WebSite\",\"@id\":\"https:\/\/jornalfatosenoticias.com.br\/#website\",\"url\":\"https:\/\/jornalfatosenoticias.com.br\/\",\"name\":\"Jornal Fatos e Not\u00edcias\",\"description\":\"Not\u00edcias em geral\",\"publisher\":{\"@id\":\"https:\/\/jornalfatosenoticias.com.br\/#organization\"},\"potentialAction\":[{\"@type\":\"SearchAction\",\"target\":{\"@type\":\"EntryPoint\",\"urlTemplate\":\"https:\/\/jornalfatosenoticias.com.br\/?s={search_term_string}\"},\"query-input\":{\"@type\":\"PropertyValueSpecification\",\"valueRequired\":true,\"valueName\":\"search_term_string\"}}],\"inLanguage\":\"pt-BR\"},{\"@type\":\"Organization\",\"@id\":\"https:\/\/jornalfatosenoticias.com.br\/#organization\",\"name\":\"Jornal Fatos e Not\u00edcias\",\"url\":\"https:\/\/jornalfatosenoticias.com.br\/\",\"logo\":{\"@type\":\"ImageObject\",\"inLanguage\":\"pt-BR\",\"@id\":\"https:\/\/jornalfatosenoticias.com.br\/#\/schema\/logo\/image\/\",\"url\":\"https:\/\/jornalfatosenoticias.com.br\/wp-content\/uploads\/2020\/02\/logo120.png\",\"contentUrl\":\"https:\/\/jornalfatosenoticias.com.br\/wp-content\/uploads\/2020\/02\/logo120.png\",\"width\":1227,\"height\":120,\"caption\":\"Jornal Fatos e Not\u00edcias\"},\"image\":{\"@id\":\"https:\/\/jornalfatosenoticias.com.br\/#\/schema\/logo\/image\/\"}},{\"@type\":\"Person\",\"@id\":\"https:\/\/jornalfatosenoticias.com.br\/#\/schema\/person\/d63837fa13ac8666eb9e74e0985d6f81\",\"name\":\"Luzimara Fernandes\",\"image\":{\"@type\":\"ImageObject\",\"inLanguage\":\"pt-BR\",\"@id\":\"https:\/\/jornalfatosenoticias.com.br\/#\/schema\/person\/image\/\",\"url\":\"https:\/\/jornalfatosenoticias.com.br\/wp-content\/uploads\/2025\/05\/EU_portal.jpg\",\"contentUrl\":\"https:\/\/jornalfatosenoticias.com.br\/wp-content\/uploads\/2025\/05\/EU_portal.jpg\",\"caption\":\"Luzimara Fernandes\"},\"description\":\"Jornalista MTB 2358-ES\",\"sameAs\":[\"https:\/\/jornalfatosenoticias.com.br\"],\"url\":\"https:\/\/jornalfatosenoticias.com.br\/index.php\/author\/luzimara\/\"}]}<\/script>\n<!-- \/ Yoast SEO plugin. -->","yoast_head_json":{"title":"Cientistas dizem ter criado um doce que fortalece os dentes - Jornal Fatos e Not\u00edcias","robots":{"index":"index","follow":"follow","max-snippet":"max-snippet:-1","max-image-preview":"max-image-preview:large","max-video-preview":"max-video-preview:-1"},"canonical":"https:\/\/jornalfatosenoticias.com.br\/index.php\/2021\/06\/04\/cientistas-dizem-ter-criado-um-doce-que-fortalece-os-dentes\/","og_locale":"pt_BR","og_type":"article","og_title":"Cientistas dizem ter criado um doce que fortalece os dentes - Jornal Fatos e Not\u00edcias","og_description":"Uma equipe de pesquisadores da Universidade de Washington, nos Estados Unidos, afirma ter conseguido criar um doce experimental, similar a uma pastilha de hortel\u00e3, que fortalece os dentes. Os cientistas agora est\u00e3o se preparando para realizar\u00a0ensaios cl\u00ednicos das novas balas, que s\u00e3o revestidas com blocos de constru\u00e7\u00e3o de prote\u00edna geneticamente modificados. A expectativa \u00e9 que [&hellip;]","og_url":"https:\/\/jornalfatosenoticias.com.br\/index.php\/2021\/06\/04\/cientistas-dizem-ter-criado-um-doce-que-fortalece-os-dentes\/","og_site_name":"Jornal Fatos e Not\u00edcias","article_published_time":"2021-06-04T12:40:28+00:00","article_modified_time":"2021-06-04T12:40:32+00:00","og_image":[{"width":1000,"height":450,"url":"https:\/\/jornalfatosenoticias.com.br\/wp-content\/uploads\/2021\/06\/dentes.jpg","type":"image\/jpeg"}],"author":"Luzimara Fernandes","twitter_card":"summary_large_image","twitter_misc":{"Escrito por":"Luzimara Fernandes","Est. tempo de leitura":"2 minutos"},"schema":{"@context":"https:\/\/schema.org","@graph":[{"@type":"Article","@id":"https:\/\/jornalfatosenoticias.com.br\/index.php\/2021\/06\/04\/cientistas-dizem-ter-criado-um-doce-que-fortalece-os-dentes\/#article","isPartOf":{"@id":"https:\/\/jornalfatosenoticias.com.br\/index.php\/2021\/06\/04\/cientistas-dizem-ter-criado-um-doce-que-fortalece-os-dentes\/"},"author":{"name":"Luzimara Fernandes","@id":"https:\/\/jornalfatosenoticias.com.br\/#\/schema\/person\/d63837fa13ac8666eb9e74e0985d6f81"},"headline":"Cientistas dizem ter criado um doce que fortalece os dentes","datePublished":"2021-06-04T12:40:28+00:00","dateModified":"2021-06-04T12:40:32+00:00","mainEntityOfPage":{"@id":"https:\/\/jornalfatosenoticias.com.br\/index.php\/2021\/06\/04\/cientistas-dizem-ter-criado-um-doce-que-fortalece-os-dentes\/"},"wordCount":373,"commentCount":0,"publisher":{"@id":"https:\/\/jornalfatosenoticias.com.br\/#organization"},"image":{"@id":"https:\/\/jornalfatosenoticias.com.br\/index.php\/2021\/06\/04\/cientistas-dizem-ter-criado-um-doce-que-fortalece-os-dentes\/#primaryimage"},"thumbnailUrl":"https:\/\/jornalfatosenoticias.com.br\/wp-content\/uploads\/2021\/06\/dentes.jpg","keywords":["dentes","dentista","novos materiais","sa\u00fade bucal","tratamentos"],"articleSection":["Ci\u00eancia"],"inLanguage":"pt-BR","potentialAction":[{"@type":"CommentAction","name":"Comment","target":["https:\/\/jornalfatosenoticias.com.br\/index.php\/2021\/06\/04\/cientistas-dizem-ter-criado-um-doce-que-fortalece-os-dentes\/#respond"]}]},{"@type":"WebPage","@id":"https:\/\/jornalfatosenoticias.com.br\/index.php\/2021\/06\/04\/cientistas-dizem-ter-criado-um-doce-que-fortalece-os-dentes\/","url":"https:\/\/jornalfatosenoticias.com.br\/index.php\/2021\/06\/04\/cientistas-dizem-ter-criado-um-doce-que-fortalece-os-dentes\/","name":"Cientistas dizem ter criado um doce que fortalece os dentes - Jornal Fatos e Not\u00edcias","isPartOf":{"@id":"https:\/\/jornalfatosenoticias.com.br\/#website"},"primaryImageOfPage":{"@id":"https:\/\/jornalfatosenoticias.com.br\/index.php\/2021\/06\/04\/cientistas-dizem-ter-criado-um-doce-que-fortalece-os-dentes\/#primaryimage"},"image":{"@id":"https:\/\/jornalfatosenoticias.com.br\/index.php\/2021\/06\/04\/cientistas-dizem-ter-criado-um-doce-que-fortalece-os-dentes\/#primaryimage"},"thumbnailUrl":"https:\/\/jornalfatosenoticias.com.br\/wp-content\/uploads\/2021\/06\/dentes.jpg","datePublished":"2021-06-04T12:40:28+00:00","dateModified":"2021-06-04T12:40:32+00:00","breadcrumb":{"@id":"https:\/\/jornalfatosenoticias.com.br\/index.php\/2021\/06\/04\/cientistas-dizem-ter-criado-um-doce-que-fortalece-os-dentes\/#breadcrumb"},"inLanguage":"pt-BR","potentialAction":[{"@type":"ReadAction","target":["https:\/\/jornalfatosenoticias.com.br\/index.php\/2021\/06\/04\/cientistas-dizem-ter-criado-um-doce-que-fortalece-os-dentes\/"]}]},{"@type":"ImageObject","inLanguage":"pt-BR","@id":"https:\/\/jornalfatosenoticias.com.br\/index.php\/2021\/06\/04\/cientistas-dizem-ter-criado-um-doce-que-fortalece-os-dentes\/#primaryimage","url":"https:\/\/jornalfatosenoticias.com.br\/wp-content\/uploads\/2021\/06\/dentes.jpg","contentUrl":"https:\/\/jornalfatosenoticias.com.br\/wp-content\/uploads\/2021\/06\/dentes.jpg","width":1000,"height":450},{"@type":"BreadcrumbList","@id":"https:\/\/jornalfatosenoticias.com.br\/index.php\/2021\/06\/04\/cientistas-dizem-ter-criado-um-doce-que-fortalece-os-dentes\/#breadcrumb","itemListElement":[{"@type":"ListItem","position":1,"name":"In\u00edcio","item":"https:\/\/jornalfatosenoticias.com.br\/"},{"@type":"ListItem","position":2,"name":"Cientistas dizem ter criado um doce que fortalece os dentes"}]},{"@type":"WebSite","@id":"https:\/\/jornalfatosenoticias.com.br\/#website","url":"https:\/\/jornalfatosenoticias.com.br\/","name":"Jornal Fatos e Not\u00edcias","description":"Not\u00edcias em geral","publisher":{"@id":"https:\/\/jornalfatosenoticias.com.br\/#organization"},"potentialAction":[{"@type":"SearchAction","target":{"@type":"EntryPoint","urlTemplate":"https:\/\/jornalfatosenoticias.com.br\/?s={search_term_string}"},"query-input":{"@type":"PropertyValueSpecification","valueRequired":true,"valueName":"search_term_string"}}],"inLanguage":"pt-BR"},{"@type":"Organization","@id":"https:\/\/jornalfatosenoticias.com.br\/#organization","name":"Jornal Fatos e Not\u00edcias","url":"https:\/\/jornalfatosenoticias.com.br\/","logo":{"@type":"ImageObject","inLanguage":"pt-BR","@id":"https:\/\/jornalfatosenoticias.com.br\/#\/schema\/logo\/image\/","url":"https:\/\/jornalfatosenoticias.com.br\/wp-content\/uploads\/2020\/02\/logo120.png","contentUrl":"https:\/\/jornalfatosenoticias.com.br\/wp-content\/uploads\/2020\/02\/logo120.png","width":1227,"height":120,"caption":"Jornal Fatos e Not\u00edcias"},"image":{"@id":"https:\/\/jornalfatosenoticias.com.br\/#\/schema\/logo\/image\/"}},{"@type":"Person","@id":"https:\/\/jornalfatosenoticias.com.br\/#\/schema\/person\/d63837fa13ac8666eb9e74e0985d6f81","name":"Luzimara Fernandes","image":{"@type":"ImageObject","inLanguage":"pt-BR","@id":"https:\/\/jornalfatosenoticias.com.br\/#\/schema\/person\/image\/","url":"https:\/\/jornalfatosenoticias.com.br\/wp-content\/uploads\/2025\/05\/EU_portal.jpg","contentUrl":"https:\/\/jornalfatosenoticias.com.br\/wp-content\/uploads\/2025\/05\/EU_portal.jpg","caption":"Luzimara Fernandes"},"description":"Jornalista MTB 2358-ES","sameAs":["https:\/\/jornalfatosenoticias.com.br"],"url":"https:\/\/jornalfatosenoticias.com.br\/index.php\/author\/luzimara\/"}]}},"cc_featured_image_caption":{"caption_text":"(Foto: Shutterstock) \r\n","source_text":"","source_url":""},"jetpack_featured_media_url":"https:\/\/jornalfatosenoticias.com.br\/wp-content\/uploads\/2021\/06\/dentes.jpg","_links":{"self":[{"href":"https:\/\/jornalfatosenoticias.com.br\/index.php\/wp-json\/wp\/v2\/posts\/18981","targetHints":{"allow":["GET"]}}],"collection":[{"href":"https:\/\/jornalfatosenoticias.com.br\/index.php\/wp-json\/wp\/v2\/posts"}],"about":[{"href":"https:\/\/jornalfatosenoticias.com.br\/index.php\/wp-json\/wp\/v2\/types\/post"}],"author":[{"embeddable":true,"href":"https:\/\/jornalfatosenoticias.com.br\/index.php\/wp-json\/wp\/v2\/users\/2"}],"replies":[{"embeddable":true,"href":"https:\/\/jornalfatosenoticias.com.br\/index.php\/wp-json\/wp\/v2\/comments?post=18981"}],"version-history":[{"count":0,"href":"https:\/\/jornalfatosenoticias.com.br\/index.php\/wp-json\/wp\/v2\/posts\/18981\/revisions"}],"wp:featuredmedia":[{"embeddable":true,"href":"https:\/\/jornalfatosenoticias.com.br\/index.php\/wp-json\/wp\/v2\/media\/18983"}],"wp:attachment":[{"href":"https:\/\/jornalfatosenoticias.com.br\/index.php\/wp-json\/wp\/v2\/media?parent=18981"}],"wp:term":[{"taxonomy":"category","embeddable":true,"href":"https:\/\/jornalfatosenoticias.com.br\/index.php\/wp-json\/wp\/v2\/categories?post=18981"},{"taxonomy":"post_tag","embeddable":true,"href":"https:\/\/jornalfatosenoticias.com.br\/index.php\/wp-json\/wp\/v2\/tags?post=18981"}],"curies":[{"name":"wp","href":"https:\/\/api.w.org\/{rel}","templated":true}]}}