{"id":19014,"date":"2021-06-04T12:00:12","date_gmt":"2021-06-04T15:00:12","guid":{"rendered":"https:\/\/jornalfatosenoticias.com.br\/?p=19014"},"modified":"2021-06-04T12:00:15","modified_gmt":"2021-06-04T15:00:15","slug":"cannabis-medicinal-legal-e-defendida-por-78-da-populacao","status":"publish","type":"post","link":"https:\/\/jornalfatosenoticias.com.br\/index.php\/2021\/06\/04\/cannabis-medicinal-legal-e-defendida-por-78-da-populacao\/","title":{"rendered":"Cannabis medicinal legal \u00e9 defendida por 78% da popula\u00e7\u00e3o"},"content":{"rendered":"\n<p>Uma pesquisa recente, encomendada pela revista Exame junto ao Instituto Ideia, mostrou que <strong>78% da popula\u00e7\u00e3o brasileira<\/strong> s\u00e3o favor\u00e1veis \u00e0 legaliza\u00e7\u00e3o da maconha medicinal, que est\u00e1 sendo discutida na C\u00e2mara dos Deputados no PL 399\/2015. Al\u00e9m disso, a pesquisa aponta que 77% dos brasileiros tomariam rem\u00e9dios derivados da maconha, caso recebam orienta\u00e7\u00e3o de um profissional de sa\u00fade.<br>A pesquisa, realizada com 1238 pessoas, deu conta de que <strong>eleitores do presidente Jair Bolsonaro tamb\u00e9m n\u00e3o possuem restri\u00e7\u00f5es grandes com o uso da maconha medicinal<\/strong>. Os dados obtidos pelo instituto Ideia mostram que, entre a faixa da popula\u00e7\u00e3o ligada ao presidente conservador, algo entre 72% e 78% aceitariam tomar rem\u00e9dios de maconha medicinal e s\u00e3o a favor da legaliza\u00e7\u00e3o da subst\u00e2ncia.<br>Entre brasileiros que julgam a gest\u00e3o do presidente p\u00e9ssima (50%), o n\u00edvel de aceita\u00e7\u00e3o da droga \u00e9 ainda maior: 82% apoiam a legaliza\u00e7\u00e3o e o uso da subst\u00e2ncia. \u201cO dado sobre canabidiol mostra que temos uma sociedade que majoritariamente apoia o tema, quando questionada sobre o uso medicinal especificamente\u201d, diz o pesquisador Maur\u00edcio Moura, fundador e presidente do Ideia, \u00e0 Exame.<\/p>\n\n\n\n<figure class=\"wp-block-image size-large\"><img loading=\"lazy\" decoding=\"async\" width=\"1000\" height=\"600\" src=\"https:\/\/jornalfatosenoticias.com.br\/wp-content\/uploads\/2021\/06\/Maconha-medicinal-2.jpg\" alt=\"\" class=\"wp-image-19015\" srcset=\"https:\/\/jornalfatosenoticias.com.br\/wp-content\/uploads\/2021\/06\/Maconha-medicinal-2.jpg 1000w, https:\/\/jornalfatosenoticias.com.br\/wp-content\/uploads\/2021\/06\/Maconha-medicinal-2-300x180.jpg 300w, https:\/\/jornalfatosenoticias.com.br\/wp-content\/uploads\/2021\/06\/Maconha-medicinal-2-768x461.jpg 768w\" sizes=\"auto, (max-width: 1000px) 100vw, 1000px\" \/><figcaption><em><span class=\"has-inline-color has-black-color\">Maconha medicinal n\u00e3o \u00e9 mais tabu para popula\u00e7\u00e3o brasileira (Foto: Getty Images)<\/span><\/em><\/figcaption><\/figure>\n\n\n\n<p>\u201cA pesquisa mostra que a cannabis para fins medicinais j\u00e1 \u00e9 uma \u2018n\u00e3o pol\u00eamica\u2019\u201d, completa Tarso Ara\u00fajo, diretor-executivo da Associa\u00e7\u00e3o Brasileira da Ind\u00fastria de Canabinoides (BRCann).<\/p>\n\n\n\n<blockquote class=\"wp-block-quote is-layout-flow wp-block-quote-is-layout-flow\"><p><span class=\"has-inline-color has-luminous-vivid-orange-color\">\u201cChegamos a um certo grau de conscientiza\u00e7\u00e3o e informa\u00e7\u00e3o que \u00e9 suficiente para derrubar o preconceito hist\u00f3rico\u201d.<\/span><\/p><\/blockquote>\n\n\n\n<p>A base do governo deseja bloquear o projeto, que prev\u00ea a permiss\u00e3o do plantio da maconha medicinal para pessoas jur\u00eddicas e amplia a possibilidade de prescri\u00e7\u00e3o m\u00e9dica para rem\u00e9dios derivados da cannabis, como o \u00f3leo de canabidiol, utilizado para o tratamento de epilepsia, alzheimer e dores cr\u00f4nicas.<\/p>\n\n\n\n<p><strong><em>Fonte: <a href=\"https:\/\/www.hypeness.com.br\/2021\/06\/cannabis-medicinal-legal-e-defendida-por-78-da-populacao\/\">Hypeness<\/a><\/em><\/strong><\/p>\n","protected":false},"excerpt":{"rendered":"<p>Uma pesquisa recente, encomendada pela revista Exame junto ao Instituto Ideia, mostrou que 78% da popula\u00e7\u00e3o brasileira s\u00e3o favor\u00e1veis \u00e0 legaliza\u00e7\u00e3o da maconha medicinal, que est\u00e1 sendo discutida na C\u00e2mara dos Deputados no PL 399\/2015. Al\u00e9m disso, a pesquisa aponta que 77% dos brasileiros tomariam rem\u00e9dios derivados da maconha, caso recebam orienta\u00e7\u00e3o de um profissional [&hellip;]<\/p>\n","protected":false},"author":2,"featured_media":19016,"comment_status":"open","ping_status":"open","sticky":false,"template":"","format":"standard","meta":{"footnotes":""},"categories":[11],"tags":[3830,9365,364,9366,74],"class_list":["post-19014","post","type-post","status-publish","format-standard","has-post-thumbnail","hentry","category-saude","tag-canabidiol","tag-cdb","tag-maconha","tag-maconha-medicinal","tag-saude"],"yoast_head":"<!-- This site is optimized with the Yoast SEO plugin v26.5 - https:\/\/yoast.com\/wordpress\/plugins\/seo\/ -->\n<title>Cannabis medicinal legal \u00e9 defendida por 78% da popula\u00e7\u00e3o - Jornal Fatos e Not\u00edcias<\/title>\n<meta name=\"robots\" content=\"index, follow, max-snippet:-1, max-image-preview:large, max-video-preview:-1\" \/>\n<link rel=\"canonical\" href=\"https:\/\/jornalfatosenoticias.com.br\/index.php\/2021\/06\/04\/cannabis-medicinal-legal-e-defendida-por-78-da-populacao\/\" \/>\n<meta property=\"og:locale\" content=\"pt_BR\" \/>\n<meta property=\"og:type\" content=\"article\" \/>\n<meta property=\"og:title\" content=\"Cannabis medicinal legal \u00e9 defendida por 78% da popula\u00e7\u00e3o - Jornal Fatos e Not\u00edcias\" \/>\n<meta property=\"og:description\" content=\"Uma pesquisa recente, encomendada pela revista Exame junto ao Instituto Ideia, mostrou que 78% da popula\u00e7\u00e3o brasileira s\u00e3o favor\u00e1veis \u00e0 legaliza\u00e7\u00e3o da maconha medicinal, que est\u00e1 sendo discutida na C\u00e2mara dos Deputados no PL 399\/2015. Al\u00e9m disso, a pesquisa aponta que 77% dos brasileiros tomariam rem\u00e9dios derivados da maconha, caso recebam orienta\u00e7\u00e3o de um profissional [&hellip;]\" \/>\n<meta property=\"og:url\" content=\"https:\/\/jornalfatosenoticias.com.br\/index.php\/2021\/06\/04\/cannabis-medicinal-legal-e-defendida-por-78-da-populacao\/\" \/>\n<meta property=\"og:site_name\" content=\"Jornal Fatos e Not\u00edcias\" \/>\n<meta property=\"article:published_time\" content=\"2021-06-04T15:00:12+00:00\" \/>\n<meta property=\"article:modified_time\" content=\"2021-06-04T15:00:15+00:00\" \/>\n<meta property=\"og:image\" content=\"https:\/\/jornalfatosenoticias.com.br\/wp-content\/uploads\/2021\/06\/maconha-1.jpg\" \/>\n\t<meta property=\"og:image:width\" content=\"1000\" \/>\n\t<meta property=\"og:image:height\" content=\"695\" \/>\n\t<meta property=\"og:image:type\" content=\"image\/jpeg\" \/>\n<meta name=\"author\" content=\"Luzimara Fernandes\" \/>\n<meta name=\"twitter:card\" content=\"summary_large_image\" \/>\n<meta name=\"twitter:label1\" content=\"Escrito por\" \/>\n\t<meta name=\"twitter:data1\" content=\"Luzimara Fernandes\" \/>\n\t<meta name=\"twitter:label2\" content=\"Est. tempo de leitura\" \/>\n\t<meta name=\"twitter:data2\" content=\"2 minutos\" \/>\n<script type=\"application\/ld+json\" class=\"yoast-schema-graph\">{\"@context\":\"https:\/\/schema.org\",\"@graph\":[{\"@type\":\"Article\",\"@id\":\"https:\/\/jornalfatosenoticias.com.br\/index.php\/2021\/06\/04\/cannabis-medicinal-legal-e-defendida-por-78-da-populacao\/#article\",\"isPartOf\":{\"@id\":\"https:\/\/jornalfatosenoticias.com.br\/index.php\/2021\/06\/04\/cannabis-medicinal-legal-e-defendida-por-78-da-populacao\/\"},\"author\":{\"name\":\"Luzimara Fernandes\",\"@id\":\"https:\/\/jornalfatosenoticias.com.br\/#\/schema\/person\/d63837fa13ac8666eb9e74e0985d6f81\"},\"headline\":\"Cannabis medicinal legal \u00e9 defendida por 78% da popula\u00e7\u00e3o\",\"datePublished\":\"2021-06-04T15:00:12+00:00\",\"dateModified\":\"2021-06-04T15:00:15+00:00\",\"mainEntityOfPage\":{\"@id\":\"https:\/\/jornalfatosenoticias.com.br\/index.php\/2021\/06\/04\/cannabis-medicinal-legal-e-defendida-por-78-da-populacao\/\"},\"wordCount\":318,\"commentCount\":0,\"publisher\":{\"@id\":\"https:\/\/jornalfatosenoticias.com.br\/#organization\"},\"image\":{\"@id\":\"https:\/\/jornalfatosenoticias.com.br\/index.php\/2021\/06\/04\/cannabis-medicinal-legal-e-defendida-por-78-da-populacao\/#primaryimage\"},\"thumbnailUrl\":\"https:\/\/jornalfatosenoticias.com.br\/wp-content\/uploads\/2021\/06\/maconha-1.jpg\",\"keywords\":[\"canabidiol\",\"cdb\",\"maconha\",\"maconha medicinal\",\"sa\u00fade\"],\"articleSection\":[\"Sa\u00fade\"],\"inLanguage\":\"pt-BR\",\"potentialAction\":[{\"@type\":\"CommentAction\",\"name\":\"Comment\",\"target\":[\"https:\/\/jornalfatosenoticias.com.br\/index.php\/2021\/06\/04\/cannabis-medicinal-legal-e-defendida-por-78-da-populacao\/#respond\"]}]},{\"@type\":\"WebPage\",\"@id\":\"https:\/\/jornalfatosenoticias.com.br\/index.php\/2021\/06\/04\/cannabis-medicinal-legal-e-defendida-por-78-da-populacao\/\",\"url\":\"https:\/\/jornalfatosenoticias.com.br\/index.php\/2021\/06\/04\/cannabis-medicinal-legal-e-defendida-por-78-da-populacao\/\",\"name\":\"Cannabis medicinal legal \u00e9 defendida por 78% da popula\u00e7\u00e3o - Jornal Fatos e Not\u00edcias\",\"isPartOf\":{\"@id\":\"https:\/\/jornalfatosenoticias.com.br\/#website\"},\"primaryImageOfPage\":{\"@id\":\"https:\/\/jornalfatosenoticias.com.br\/index.php\/2021\/06\/04\/cannabis-medicinal-legal-e-defendida-por-78-da-populacao\/#primaryimage\"},\"image\":{\"@id\":\"https:\/\/jornalfatosenoticias.com.br\/index.php\/2021\/06\/04\/cannabis-medicinal-legal-e-defendida-por-78-da-populacao\/#primaryimage\"},\"thumbnailUrl\":\"https:\/\/jornalfatosenoticias.com.br\/wp-content\/uploads\/2021\/06\/maconha-1.jpg\",\"datePublished\":\"2021-06-04T15:00:12+00:00\",\"dateModified\":\"2021-06-04T15:00:15+00:00\",\"breadcrumb\":{\"@id\":\"https:\/\/jornalfatosenoticias.com.br\/index.php\/2021\/06\/04\/cannabis-medicinal-legal-e-defendida-por-78-da-populacao\/#breadcrumb\"},\"inLanguage\":\"pt-BR\",\"potentialAction\":[{\"@type\":\"ReadAction\",\"target\":[\"https:\/\/jornalfatosenoticias.com.br\/index.php\/2021\/06\/04\/cannabis-medicinal-legal-e-defendida-por-78-da-populacao\/\"]}]},{\"@type\":\"ImageObject\",\"inLanguage\":\"pt-BR\",\"@id\":\"https:\/\/jornalfatosenoticias.com.br\/index.php\/2021\/06\/04\/cannabis-medicinal-legal-e-defendida-por-78-da-populacao\/#primaryimage\",\"url\":\"https:\/\/jornalfatosenoticias.com.br\/wp-content\/uploads\/2021\/06\/maconha-1.jpg\",\"contentUrl\":\"https:\/\/jornalfatosenoticias.com.br\/wp-content\/uploads\/2021\/06\/maconha-1.jpg\",\"width\":1000,\"height\":695,\"caption\":\"LOS ANGELES, CA - OCTOBER 19: Dave Warden, a bud tender at Private Organic Therapy (P.O.T.), a non-profit co-operative medical marijuana dispensary, displays various types of marijuana available to patients on October 19, 2009 in Los Angeles, California. Attorney General Eric Holder announced new guidelines today for federal prosecutors in states where the use of marijuana for medicinal purposes is allowed under state law. Federal prosecutors will no longer trump the state with raids on the southern California dispensaries as they had been doing, but Los Angeles County District Attorney Steve Cooley recently began a crackdown campaign that will include raids against the facilities. Cooley maintains that virtually all marijuana dispensaries are in violation of the law because they profit from their product. The city of LA has been slow to come to agreement on how to regulate its 800 to 1,000 dispensaries. Californians voted to allow sick people with referrals from doctors to consume cannabis with the passage of state ballot Proposition 215 in 1996 and a total of 14 states now allow the medicinal use of marijuana. (Photo by David McNew\/Getty Images)\"},{\"@type\":\"BreadcrumbList\",\"@id\":\"https:\/\/jornalfatosenoticias.com.br\/index.php\/2021\/06\/04\/cannabis-medicinal-legal-e-defendida-por-78-da-populacao\/#breadcrumb\",\"itemListElement\":[{\"@type\":\"ListItem\",\"position\":1,\"name\":\"In\u00edcio\",\"item\":\"https:\/\/jornalfatosenoticias.com.br\/\"},{\"@type\":\"ListItem\",\"position\":2,\"name\":\"Cannabis medicinal legal \u00e9 defendida por 78% da popula\u00e7\u00e3o\"}]},{\"@type\":\"WebSite\",\"@id\":\"https:\/\/jornalfatosenoticias.com.br\/#website\",\"url\":\"https:\/\/jornalfatosenoticias.com.br\/\",\"name\":\"Jornal Fatos e Not\u00edcias\",\"description\":\"Not\u00edcias em geral\",\"publisher\":{\"@id\":\"https:\/\/jornalfatosenoticias.com.br\/#organization\"},\"potentialAction\":[{\"@type\":\"SearchAction\",\"target\":{\"@type\":\"EntryPoint\",\"urlTemplate\":\"https:\/\/jornalfatosenoticias.com.br\/?s={search_term_string}\"},\"query-input\":{\"@type\":\"PropertyValueSpecification\",\"valueRequired\":true,\"valueName\":\"search_term_string\"}}],\"inLanguage\":\"pt-BR\"},{\"@type\":\"Organization\",\"@id\":\"https:\/\/jornalfatosenoticias.com.br\/#organization\",\"name\":\"Jornal Fatos e Not\u00edcias\",\"url\":\"https:\/\/jornalfatosenoticias.com.br\/\",\"logo\":{\"@type\":\"ImageObject\",\"inLanguage\":\"pt-BR\",\"@id\":\"https:\/\/jornalfatosenoticias.com.br\/#\/schema\/logo\/image\/\",\"url\":\"https:\/\/jornalfatosenoticias.com.br\/wp-content\/uploads\/2020\/02\/logo120.png\",\"contentUrl\":\"https:\/\/jornalfatosenoticias.com.br\/wp-content\/uploads\/2020\/02\/logo120.png\",\"width\":1227,\"height\":120,\"caption\":\"Jornal Fatos e Not\u00edcias\"},\"image\":{\"@id\":\"https:\/\/jornalfatosenoticias.com.br\/#\/schema\/logo\/image\/\"}},{\"@type\":\"Person\",\"@id\":\"https:\/\/jornalfatosenoticias.com.br\/#\/schema\/person\/d63837fa13ac8666eb9e74e0985d6f81\",\"name\":\"Luzimara Fernandes\",\"image\":{\"@type\":\"ImageObject\",\"inLanguage\":\"pt-BR\",\"@id\":\"https:\/\/jornalfatosenoticias.com.br\/#\/schema\/person\/image\/\",\"url\":\"https:\/\/jornalfatosenoticias.com.br\/wp-content\/uploads\/2025\/05\/EU_portal.jpg\",\"contentUrl\":\"https:\/\/jornalfatosenoticias.com.br\/wp-content\/uploads\/2025\/05\/EU_portal.jpg\",\"caption\":\"Luzimara Fernandes\"},\"description\":\"Jornalista MTB 2358-ES\",\"sameAs\":[\"https:\/\/jornalfatosenoticias.com.br\"],\"url\":\"https:\/\/jornalfatosenoticias.com.br\/index.php\/author\/luzimara\/\"}]}<\/script>\n<!-- \/ Yoast SEO plugin. -->","yoast_head_json":{"title":"Cannabis medicinal legal \u00e9 defendida por 78% da popula\u00e7\u00e3o - Jornal Fatos e Not\u00edcias","robots":{"index":"index","follow":"follow","max-snippet":"max-snippet:-1","max-image-preview":"max-image-preview:large","max-video-preview":"max-video-preview:-1"},"canonical":"https:\/\/jornalfatosenoticias.com.br\/index.php\/2021\/06\/04\/cannabis-medicinal-legal-e-defendida-por-78-da-populacao\/","og_locale":"pt_BR","og_type":"article","og_title":"Cannabis medicinal legal \u00e9 defendida por 78% da popula\u00e7\u00e3o - Jornal Fatos e Not\u00edcias","og_description":"Uma pesquisa recente, encomendada pela revista Exame junto ao Instituto Ideia, mostrou que 78% da popula\u00e7\u00e3o brasileira s\u00e3o favor\u00e1veis \u00e0 legaliza\u00e7\u00e3o da maconha medicinal, que est\u00e1 sendo discutida na C\u00e2mara dos Deputados no PL 399\/2015. Al\u00e9m disso, a pesquisa aponta que 77% dos brasileiros tomariam rem\u00e9dios derivados da maconha, caso recebam orienta\u00e7\u00e3o de um profissional [&hellip;]","og_url":"https:\/\/jornalfatosenoticias.com.br\/index.php\/2021\/06\/04\/cannabis-medicinal-legal-e-defendida-por-78-da-populacao\/","og_site_name":"Jornal Fatos e Not\u00edcias","article_published_time":"2021-06-04T15:00:12+00:00","article_modified_time":"2021-06-04T15:00:15+00:00","og_image":[{"width":1000,"height":695,"url":"https:\/\/jornalfatosenoticias.com.br\/wp-content\/uploads\/2021\/06\/maconha-1.jpg","type":"image\/jpeg"}],"author":"Luzimara Fernandes","twitter_card":"summary_large_image","twitter_misc":{"Escrito por":"Luzimara Fernandes","Est. tempo de leitura":"2 minutos"},"schema":{"@context":"https:\/\/schema.org","@graph":[{"@type":"Article","@id":"https:\/\/jornalfatosenoticias.com.br\/index.php\/2021\/06\/04\/cannabis-medicinal-legal-e-defendida-por-78-da-populacao\/#article","isPartOf":{"@id":"https:\/\/jornalfatosenoticias.com.br\/index.php\/2021\/06\/04\/cannabis-medicinal-legal-e-defendida-por-78-da-populacao\/"},"author":{"name":"Luzimara Fernandes","@id":"https:\/\/jornalfatosenoticias.com.br\/#\/schema\/person\/d63837fa13ac8666eb9e74e0985d6f81"},"headline":"Cannabis medicinal legal \u00e9 defendida por 78% da popula\u00e7\u00e3o","datePublished":"2021-06-04T15:00:12+00:00","dateModified":"2021-06-04T15:00:15+00:00","mainEntityOfPage":{"@id":"https:\/\/jornalfatosenoticias.com.br\/index.php\/2021\/06\/04\/cannabis-medicinal-legal-e-defendida-por-78-da-populacao\/"},"wordCount":318,"commentCount":0,"publisher":{"@id":"https:\/\/jornalfatosenoticias.com.br\/#organization"},"image":{"@id":"https:\/\/jornalfatosenoticias.com.br\/index.php\/2021\/06\/04\/cannabis-medicinal-legal-e-defendida-por-78-da-populacao\/#primaryimage"},"thumbnailUrl":"https:\/\/jornalfatosenoticias.com.br\/wp-content\/uploads\/2021\/06\/maconha-1.jpg","keywords":["canabidiol","cdb","maconha","maconha medicinal","sa\u00fade"],"articleSection":["Sa\u00fade"],"inLanguage":"pt-BR","potentialAction":[{"@type":"CommentAction","name":"Comment","target":["https:\/\/jornalfatosenoticias.com.br\/index.php\/2021\/06\/04\/cannabis-medicinal-legal-e-defendida-por-78-da-populacao\/#respond"]}]},{"@type":"WebPage","@id":"https:\/\/jornalfatosenoticias.com.br\/index.php\/2021\/06\/04\/cannabis-medicinal-legal-e-defendida-por-78-da-populacao\/","url":"https:\/\/jornalfatosenoticias.com.br\/index.php\/2021\/06\/04\/cannabis-medicinal-legal-e-defendida-por-78-da-populacao\/","name":"Cannabis medicinal legal \u00e9 defendida por 78% da popula\u00e7\u00e3o - Jornal Fatos e Not\u00edcias","isPartOf":{"@id":"https:\/\/jornalfatosenoticias.com.br\/#website"},"primaryImageOfPage":{"@id":"https:\/\/jornalfatosenoticias.com.br\/index.php\/2021\/06\/04\/cannabis-medicinal-legal-e-defendida-por-78-da-populacao\/#primaryimage"},"image":{"@id":"https:\/\/jornalfatosenoticias.com.br\/index.php\/2021\/06\/04\/cannabis-medicinal-legal-e-defendida-por-78-da-populacao\/#primaryimage"},"thumbnailUrl":"https:\/\/jornalfatosenoticias.com.br\/wp-content\/uploads\/2021\/06\/maconha-1.jpg","datePublished":"2021-06-04T15:00:12+00:00","dateModified":"2021-06-04T15:00:15+00:00","breadcrumb":{"@id":"https:\/\/jornalfatosenoticias.com.br\/index.php\/2021\/06\/04\/cannabis-medicinal-legal-e-defendida-por-78-da-populacao\/#breadcrumb"},"inLanguage":"pt-BR","potentialAction":[{"@type":"ReadAction","target":["https:\/\/jornalfatosenoticias.com.br\/index.php\/2021\/06\/04\/cannabis-medicinal-legal-e-defendida-por-78-da-populacao\/"]}]},{"@type":"ImageObject","inLanguage":"pt-BR","@id":"https:\/\/jornalfatosenoticias.com.br\/index.php\/2021\/06\/04\/cannabis-medicinal-legal-e-defendida-por-78-da-populacao\/#primaryimage","url":"https:\/\/jornalfatosenoticias.com.br\/wp-content\/uploads\/2021\/06\/maconha-1.jpg","contentUrl":"https:\/\/jornalfatosenoticias.com.br\/wp-content\/uploads\/2021\/06\/maconha-1.jpg","width":1000,"height":695,"caption":"LOS ANGELES, CA - OCTOBER 19: Dave Warden, a bud tender at Private Organic Therapy (P.O.T.), a non-profit co-operative medical marijuana dispensary, displays various types of marijuana available to patients on October 19, 2009 in Los Angeles, California. Attorney General Eric Holder announced new guidelines today for federal prosecutors in states where the use of marijuana for medicinal purposes is allowed under state law. Federal prosecutors will no longer trump the state with raids on the southern California dispensaries as they had been doing, but Los Angeles County District Attorney Steve Cooley recently began a crackdown campaign that will include raids against the facilities. Cooley maintains that virtually all marijuana dispensaries are in violation of the law because they profit from their product. The city of LA has been slow to come to agreement on how to regulate its 800 to 1,000 dispensaries. Californians voted to allow sick people with referrals from doctors to consume cannabis with the passage of state ballot Proposition 215 in 1996 and a total of 14 states now allow the medicinal use of marijuana. (Photo by David McNew\/Getty Images)"},{"@type":"BreadcrumbList","@id":"https:\/\/jornalfatosenoticias.com.br\/index.php\/2021\/06\/04\/cannabis-medicinal-legal-e-defendida-por-78-da-populacao\/#breadcrumb","itemListElement":[{"@type":"ListItem","position":1,"name":"In\u00edcio","item":"https:\/\/jornalfatosenoticias.com.br\/"},{"@type":"ListItem","position":2,"name":"Cannabis medicinal legal \u00e9 defendida por 78% da popula\u00e7\u00e3o"}]},{"@type":"WebSite","@id":"https:\/\/jornalfatosenoticias.com.br\/#website","url":"https:\/\/jornalfatosenoticias.com.br\/","name":"Jornal Fatos e Not\u00edcias","description":"Not\u00edcias em geral","publisher":{"@id":"https:\/\/jornalfatosenoticias.com.br\/#organization"},"potentialAction":[{"@type":"SearchAction","target":{"@type":"EntryPoint","urlTemplate":"https:\/\/jornalfatosenoticias.com.br\/?s={search_term_string}"},"query-input":{"@type":"PropertyValueSpecification","valueRequired":true,"valueName":"search_term_string"}}],"inLanguage":"pt-BR"},{"@type":"Organization","@id":"https:\/\/jornalfatosenoticias.com.br\/#organization","name":"Jornal Fatos e Not\u00edcias","url":"https:\/\/jornalfatosenoticias.com.br\/","logo":{"@type":"ImageObject","inLanguage":"pt-BR","@id":"https:\/\/jornalfatosenoticias.com.br\/#\/schema\/logo\/image\/","url":"https:\/\/jornalfatosenoticias.com.br\/wp-content\/uploads\/2020\/02\/logo120.png","contentUrl":"https:\/\/jornalfatosenoticias.com.br\/wp-content\/uploads\/2020\/02\/logo120.png","width":1227,"height":120,"caption":"Jornal Fatos e Not\u00edcias"},"image":{"@id":"https:\/\/jornalfatosenoticias.com.br\/#\/schema\/logo\/image\/"}},{"@type":"Person","@id":"https:\/\/jornalfatosenoticias.com.br\/#\/schema\/person\/d63837fa13ac8666eb9e74e0985d6f81","name":"Luzimara Fernandes","image":{"@type":"ImageObject","inLanguage":"pt-BR","@id":"https:\/\/jornalfatosenoticias.com.br\/#\/schema\/person\/image\/","url":"https:\/\/jornalfatosenoticias.com.br\/wp-content\/uploads\/2025\/05\/EU_portal.jpg","contentUrl":"https:\/\/jornalfatosenoticias.com.br\/wp-content\/uploads\/2025\/05\/EU_portal.jpg","caption":"Luzimara Fernandes"},"description":"Jornalista MTB 2358-ES","sameAs":["https:\/\/jornalfatosenoticias.com.br"],"url":"https:\/\/jornalfatosenoticias.com.br\/index.php\/author\/luzimara\/"}]}},"cc_featured_image_caption":{"caption_text":"(Foto: Getty Images) ","source_text":"","source_url":""},"jetpack_featured_media_url":"https:\/\/jornalfatosenoticias.com.br\/wp-content\/uploads\/2021\/06\/maconha-1.jpg","_links":{"self":[{"href":"https:\/\/jornalfatosenoticias.com.br\/index.php\/wp-json\/wp\/v2\/posts\/19014","targetHints":{"allow":["GET"]}}],"collection":[{"href":"https:\/\/jornalfatosenoticias.com.br\/index.php\/wp-json\/wp\/v2\/posts"}],"about":[{"href":"https:\/\/jornalfatosenoticias.com.br\/index.php\/wp-json\/wp\/v2\/types\/post"}],"author":[{"embeddable":true,"href":"https:\/\/jornalfatosenoticias.com.br\/index.php\/wp-json\/wp\/v2\/users\/2"}],"replies":[{"embeddable":true,"href":"https:\/\/jornalfatosenoticias.com.br\/index.php\/wp-json\/wp\/v2\/comments?post=19014"}],"version-history":[{"count":0,"href":"https:\/\/jornalfatosenoticias.com.br\/index.php\/wp-json\/wp\/v2\/posts\/19014\/revisions"}],"wp:featuredmedia":[{"embeddable":true,"href":"https:\/\/jornalfatosenoticias.com.br\/index.php\/wp-json\/wp\/v2\/media\/19016"}],"wp:attachment":[{"href":"https:\/\/jornalfatosenoticias.com.br\/index.php\/wp-json\/wp\/v2\/media?parent=19014"}],"wp:term":[{"taxonomy":"category","embeddable":true,"href":"https:\/\/jornalfatosenoticias.com.br\/index.php\/wp-json\/wp\/v2\/categories?post=19014"},{"taxonomy":"post_tag","embeddable":true,"href":"https:\/\/jornalfatosenoticias.com.br\/index.php\/wp-json\/wp\/v2\/tags?post=19014"}],"curies":[{"name":"wp","href":"https:\/\/api.w.org\/{rel}","templated":true}]}}