{"id":1917,"date":"2020-03-11T09:00:48","date_gmt":"2020-03-11T12:00:48","guid":{"rendered":"https:\/\/jornalfatosenoticias.com.br\/?p=1917"},"modified":"2020-03-11T09:00:53","modified_gmt":"2020-03-11T12:00:53","slug":"em-oficio-ao-congresso-guedes-pede-reformas-para-conter-crise","status":"publish","type":"post","link":"https:\/\/jornalfatosenoticias.com.br\/index.php\/2020\/03\/11\/em-oficio-ao-congresso-guedes-pede-reformas-para-conter-crise\/","title":{"rendered":"Em of\u00edcio ao Congresso, Guedes pede reformas para conter crise"},"content":{"rendered":"\n<h6 class=\"wp-block-heading\"><em>Segundo ministro, aprova\u00e7\u00e3o ajudar\u00e1 a blindar Brasil de crise externa<\/em><\/h6>\n\n\n\n<p>Diante do agravamento da crise econ\u00f4mica internacional, o ministro da Economia, Paulo Guedes, enviou ontem (10) \u00e0 noite aos presidentes da C\u00e2mara dos Deputados, Rodrigo Maia (DEM-RJ), e do Senado, Davi Alcolumbe (DEM-AP), of\u00edcio em que pede a aprova\u00e7\u00e3o de propostas consideradas priorit\u00e1rias pela equipe econ\u00f4mica. Ao todo, Guedes listou 14 projetos de lei, tr\u00eas propostas de emenda \u00e0 Constitui\u00e7\u00e3o e duas medidas provis\u00f3rias em tramita\u00e7\u00e3o no Congresso.<br>\nNo documento, o ministro ressaltou a import\u00e2ncia da aprova\u00e7\u00e3o das propostas at\u00e9 a metade do ano. \u201cO esfor\u00e7o para a aprova\u00e7\u00e3o, neste semestre, das mat\u00e9rias listadas tem a capacidade de proteger o Brasil da crise externa\u201d, destacou. Segundo Guedes, somente com a continuidade de reformas estruturais que reduzam os gastos obrigat\u00f3rios, o governo ter\u00e1 espa\u00e7o no or\u00e7amento para estimular a economia.<br>\n\u201cCom a continuidade de reformas estruturais que o Pa\u00eds precisa, ser\u00e1 poss\u00edvel recuperar espa\u00e7o fiscal suficiente para a concess\u00e3o de outros est\u00edmulos \u00e0 economia\u201d, diz o of\u00edcio. O texto, no entanto, n\u00e3o detalha quais seriam esses est\u00edmulos. No texto, Guedes pediu aprova\u00e7\u00e3o r\u00e1pida das propostas para facilitar a \u201cblindagem\u201d da economia brasileira em meio \u00e0 crise econ\u00f4mica internacional.<br>\nNos \u00faltimos dias, diversos economistas t\u00eam pedido o aumento dos investimentos p\u00fablicos para fazer frente a uma poss\u00edvel recess\u00e3o econ\u00f4mica mundial, provocada pela dissemina\u00e7\u00e3o do coronav\u00edrus e pela guerra entre Ar\u00e1bia Saudita e R\u00fassia pelo pre\u00e7o internacional do petr\u00f3leo. Para aumentar os investimentos, no entanto, o governo precisaria flexibilizar o teto federal de gastos. Nessa ter\u00e7a-feira, o secret\u00e1rio especial de Fazenda, Waldery Rodrigues, descartou mudan\u00e7as no limite de gastos.<br>\nA resposta do Minist\u00e9rio da Economia ocorreu depois de Maia ter cobrado o envio das propostas de reforma tribut\u00e1ria e administrativa. Na segunda-feira (9), Guedes prometeu enviar a reforma administrativa ainda nesta semana e a tribut\u00e1ria nesta semana ou na pr\u00f3xima.<br>\nNo of\u00edcio, Guedes reiterou que as reformas administrativa e tribut\u00e1ria ser\u00e3o enviadas em breve, mas pediu que o Congresso agilize a tramita\u00e7\u00e3o das propostas do governo. \u201cConsiderando o agravamento da crise internacional em fun\u00e7\u00e3o da dissemina\u00e7\u00e3o do coronav\u00edrus e a necessidade de blindagem da economia brasileira, o Minist\u00e9rio da Economia prop\u00f5e acelerar a pauta que vem conduzindo junto ao Congresso Nacional\u201d, destacou.<br>\nO documentou listou as tr\u00eas PECs enviadas no fim do ano passado: reforma do pacto federativo (que descentraliza recursos da Uni\u00e3o para governos locais), PEC emergencial (com gatilhos para cortar temporariamente sal\u00e1rios de servidores em momentos de crise fiscal) e PEC dos fundos (que extingue fundos considerados desnecess\u00e1rios). No entanto, tamb\u00e9m cita projetos como a autonomia do Banco Central, a libera\u00e7\u00e3o do mercado de g\u00e1s e o Plano de Equil\u00edbrio Fiscal, que permite a ajuda a estados com dificuldades de caixa em troca de medidas de ajuste. As medidas provis\u00f3rias mencionadas s\u00e3o a do emprego verde-amarelo (que cria um programa especial para trabalhadores jovens) e a que autoriza a quebra do monop\u00f3lio da Casa da Moeda.<\/p>\n\n\n\n<h4 class=\"wp-block-heading\">Confira a lista das propostas que o Minist\u00e9rio da Economia considera priorit\u00e1rias:<\/h4>\n\n\n\n<p><strong>Na C\u00e2mara<br><\/strong> \u2022 PL 6407\/2013: nova Lei do G\u00e1s<br> \u2022 PLP 149\/2019: Plano de Equil\u00edbrio Fiscal<br> \u2022 PLP 200\/1989: autonomia do Banco Central<br> \u2022 PL 5877\/2019: privatiza\u00e7\u00e3o da Eletrobras<br> \u2022 PL 6229\/2005: recupera\u00e7\u00e3o judicial<br> \u2022 PL 5387\/2019: simplifica\u00e7\u00e3o da legisla\u00e7\u00e3o de c\u00e2mbio<br> \u2022 PL 3443\/2019: governo digital<br> \u2022 PL 7316\/2019: certifica\u00e7\u00e3o digital<br> \u2022 PLP 295\/2016: nova Lei de Finan\u00e7as P\u00fablicas<br> \u2022 PL 7063\/2017: Lei de Concess\u00f5es<\/p>\n\n\n\n<blockquote class=\"wp-block-quote is-layout-flow wp-block-quote-is-layout-flow\"><p><\/p><cite>Considerando o agravamento da crise internacional em fun\u00e7\u00e3o da dissemina\u00e7\u00e3o do coronav\u00edrus e a necessidade de blindagem da economia brasileira, o Minist\u00e9rio da Economia prop\u00f5e acelerar a pauta que vem conduzindo junto ao Congresso Nacional\u201d<\/cite><\/blockquote>\n\n\n\n<p><strong>No Senado<br><\/strong> \u2022 PEC 188\/2019: reforma do pacto federativo<br> \u2022 PEC 197\/2019: reforma dos fundos p\u00fablicos<br> \u2022 PEC 186\/2019: PEC emergencial<br> \u2022 PLS 232\/2016: Marco Legal do Setor El\u00e9trico<br> \u2022 PLS 261\/2018: Novo Marco Legal de Ferrovias<br> \u2022 PL 3261\/2019: Marco Legal do Saneamento B\u00e1sico<br> \u2022 PL 3178\/2019: altera\u00e7\u00e3o do regime de partilha<\/p>\n\n\n\n<p><strong>No Congresso<br><\/strong> \u2022 MP 902\/2019: quebra do monop\u00f3lio da Casa da Moeda<br> \u2022 MP 905\/2019: Programa Emprego Verde-Amarelo<\/p>\n\n\n\n<p><strong><em>Fonte: Ag\u00eancia Brasil<\/em><\/strong><\/p>\n","protected":false},"excerpt":{"rendered":"<p>Segundo ministro, aprova\u00e7\u00e3o ajudar\u00e1 a blindar Brasil de crise externa Diante do agravamento da crise econ\u00f4mica internacional, o ministro da Economia, Paulo Guedes, enviou ontem (10) \u00e0 noite aos presidentes da C\u00e2mara dos Deputados, Rodrigo Maia (DEM-RJ), e do Senado, Davi Alcolumbe (DEM-AP), of\u00edcio em que pede a aprova\u00e7\u00e3o de propostas consideradas priorit\u00e1rias pela equipe [&hellip;]<\/p>\n","protected":false},"author":2,"featured_media":1918,"comment_status":"open","ping_status":"open","sticky":false,"template":"","format":"standard","meta":{"footnotes":""},"categories":[9],"tags":[489,485,488,487,490,484,486],"class_list":["post-1917","post","type-post","status-publish","format-standard","has-post-thumbnail","hentry","category-economia","tag-banco-central","tag-camara","tag-casa-da-moeda","tag-congresso","tag-ministerio-da-economia","tag-pecs","tag-senado"],"yoast_head":"<!-- This site is optimized with the Yoast SEO plugin v26.5 - https:\/\/yoast.com\/wordpress\/plugins\/seo\/ -->\n<title>Em of\u00edcio ao Congresso, Guedes pede reformas para conter crise - Jornal Fatos e Not\u00edcias<\/title>\n<meta name=\"robots\" content=\"index, follow, max-snippet:-1, max-image-preview:large, max-video-preview:-1\" \/>\n<link rel=\"canonical\" href=\"https:\/\/jornalfatosenoticias.com.br\/index.php\/2020\/03\/11\/em-oficio-ao-congresso-guedes-pede-reformas-para-conter-crise\/\" \/>\n<meta property=\"og:locale\" content=\"pt_BR\" \/>\n<meta property=\"og:type\" content=\"article\" \/>\n<meta property=\"og:title\" content=\"Em of\u00edcio ao Congresso, Guedes pede reformas para conter crise - Jornal Fatos e Not\u00edcias\" \/>\n<meta property=\"og:description\" content=\"Segundo ministro, aprova\u00e7\u00e3o ajudar\u00e1 a blindar Brasil de crise externa Diante do agravamento da crise econ\u00f4mica internacional, o ministro da Economia, Paulo Guedes, enviou ontem (10) \u00e0 noite aos presidentes da C\u00e2mara dos Deputados, Rodrigo Maia (DEM-RJ), e do Senado, Davi Alcolumbe (DEM-AP), of\u00edcio em que pede a aprova\u00e7\u00e3o de propostas consideradas priorit\u00e1rias pela equipe [&hellip;]\" \/>\n<meta property=\"og:url\" content=\"https:\/\/jornalfatosenoticias.com.br\/index.php\/2020\/03\/11\/em-oficio-ao-congresso-guedes-pede-reformas-para-conter-crise\/\" \/>\n<meta property=\"og:site_name\" content=\"Jornal Fatos e Not\u00edcias\" \/>\n<meta property=\"article:published_time\" content=\"2020-03-11T12:00:48+00:00\" \/>\n<meta property=\"article:modified_time\" content=\"2020-03-11T12:00:53+00:00\" \/>\n<meta property=\"og:image\" content=\"https:\/\/jornalfatosenoticias.com.br\/wp-content\/uploads\/2020\/03\/economia_paulo-guedes.jpg\" \/>\n\t<meta property=\"og:image:width\" content=\"1170\" \/>\n\t<meta property=\"og:image:height\" content=\"700\" \/>\n\t<meta property=\"og:image:type\" content=\"image\/jpeg\" \/>\n<meta name=\"author\" content=\"Luzimara Fernandes\" \/>\n<meta name=\"twitter:card\" content=\"summary_large_image\" \/>\n<meta name=\"twitter:label1\" content=\"Escrito por\" \/>\n\t<meta name=\"twitter:data1\" content=\"Luzimara Fernandes\" \/>\n\t<meta name=\"twitter:label2\" content=\"Est. tempo de leitura\" \/>\n\t<meta name=\"twitter:data2\" content=\"4 minutos\" \/>\n<script type=\"application\/ld+json\" class=\"yoast-schema-graph\">{\"@context\":\"https:\/\/schema.org\",\"@graph\":[{\"@type\":\"Article\",\"@id\":\"https:\/\/jornalfatosenoticias.com.br\/index.php\/2020\/03\/11\/em-oficio-ao-congresso-guedes-pede-reformas-para-conter-crise\/#article\",\"isPartOf\":{\"@id\":\"https:\/\/jornalfatosenoticias.com.br\/index.php\/2020\/03\/11\/em-oficio-ao-congresso-guedes-pede-reformas-para-conter-crise\/\"},\"author\":{\"name\":\"Luzimara Fernandes\",\"@id\":\"https:\/\/jornalfatosenoticias.com.br\/#\/schema\/person\/d63837fa13ac8666eb9e74e0985d6f81\"},\"headline\":\"Em of\u00edcio ao Congresso, Guedes pede reformas para conter crise\",\"datePublished\":\"2020-03-11T12:00:48+00:00\",\"dateModified\":\"2020-03-11T12:00:53+00:00\",\"mainEntityOfPage\":{\"@id\":\"https:\/\/jornalfatosenoticias.com.br\/index.php\/2020\/03\/11\/em-oficio-ao-congresso-guedes-pede-reformas-para-conter-crise\/\"},\"wordCount\":731,\"commentCount\":0,\"publisher\":{\"@id\":\"https:\/\/jornalfatosenoticias.com.br\/#organization\"},\"image\":{\"@id\":\"https:\/\/jornalfatosenoticias.com.br\/index.php\/2020\/03\/11\/em-oficio-ao-congresso-guedes-pede-reformas-para-conter-crise\/#primaryimage\"},\"thumbnailUrl\":\"https:\/\/jornalfatosenoticias.com.br\/wp-content\/uploads\/2020\/03\/economia_paulo-guedes.jpg\",\"keywords\":[\"Banco Central\",\"C\u00e2mara\",\"Casa da Moeda\",\"Congresso\",\"Minist\u00e9rio da Economia\",\"PECs\",\"Senado\"],\"articleSection\":[\"Economia\"],\"inLanguage\":\"pt-BR\",\"potentialAction\":[{\"@type\":\"CommentAction\",\"name\":\"Comment\",\"target\":[\"https:\/\/jornalfatosenoticias.com.br\/index.php\/2020\/03\/11\/em-oficio-ao-congresso-guedes-pede-reformas-para-conter-crise\/#respond\"]}]},{\"@type\":\"WebPage\",\"@id\":\"https:\/\/jornalfatosenoticias.com.br\/index.php\/2020\/03\/11\/em-oficio-ao-congresso-guedes-pede-reformas-para-conter-crise\/\",\"url\":\"https:\/\/jornalfatosenoticias.com.br\/index.php\/2020\/03\/11\/em-oficio-ao-congresso-guedes-pede-reformas-para-conter-crise\/\",\"name\":\"Em of\u00edcio ao Congresso, Guedes pede reformas para conter crise - Jornal Fatos e Not\u00edcias\",\"isPartOf\":{\"@id\":\"https:\/\/jornalfatosenoticias.com.br\/#website\"},\"primaryImageOfPage\":{\"@id\":\"https:\/\/jornalfatosenoticias.com.br\/index.php\/2020\/03\/11\/em-oficio-ao-congresso-guedes-pede-reformas-para-conter-crise\/#primaryimage\"},\"image\":{\"@id\":\"https:\/\/jornalfatosenoticias.com.br\/index.php\/2020\/03\/11\/em-oficio-ao-congresso-guedes-pede-reformas-para-conter-crise\/#primaryimage\"},\"thumbnailUrl\":\"https:\/\/jornalfatosenoticias.com.br\/wp-content\/uploads\/2020\/03\/economia_paulo-guedes.jpg\",\"datePublished\":\"2020-03-11T12:00:48+00:00\",\"dateModified\":\"2020-03-11T12:00:53+00:00\",\"breadcrumb\":{\"@id\":\"https:\/\/jornalfatosenoticias.com.br\/index.php\/2020\/03\/11\/em-oficio-ao-congresso-guedes-pede-reformas-para-conter-crise\/#breadcrumb\"},\"inLanguage\":\"pt-BR\",\"potentialAction\":[{\"@type\":\"ReadAction\",\"target\":[\"https:\/\/jornalfatosenoticias.com.br\/index.php\/2020\/03\/11\/em-oficio-ao-congresso-guedes-pede-reformas-para-conter-crise\/\"]}]},{\"@type\":\"ImageObject\",\"inLanguage\":\"pt-BR\",\"@id\":\"https:\/\/jornalfatosenoticias.com.br\/index.php\/2020\/03\/11\/em-oficio-ao-congresso-guedes-pede-reformas-para-conter-crise\/#primaryimage\",\"url\":\"https:\/\/jornalfatosenoticias.com.br\/wp-content\/uploads\/2020\/03\/economia_paulo-guedes.jpg\",\"contentUrl\":\"https:\/\/jornalfatosenoticias.com.br\/wp-content\/uploads\/2020\/03\/economia_paulo-guedes.jpg\",\"width\":1170,\"height\":700,\"caption\":\"O ministro da Economia, Paulo Guedes, faz palestra de encerramento do Semin\u00e1rio de Abertura do Legislativo de 2020\"},{\"@type\":\"BreadcrumbList\",\"@id\":\"https:\/\/jornalfatosenoticias.com.br\/index.php\/2020\/03\/11\/em-oficio-ao-congresso-guedes-pede-reformas-para-conter-crise\/#breadcrumb\",\"itemListElement\":[{\"@type\":\"ListItem\",\"position\":1,\"name\":\"In\u00edcio\",\"item\":\"https:\/\/jornalfatosenoticias.com.br\/\"},{\"@type\":\"ListItem\",\"position\":2,\"name\":\"Em of\u00edcio ao Congresso, Guedes pede reformas para conter crise\"}]},{\"@type\":\"WebSite\",\"@id\":\"https:\/\/jornalfatosenoticias.com.br\/#website\",\"url\":\"https:\/\/jornalfatosenoticias.com.br\/\",\"name\":\"Jornal Fatos e Not\u00edcias\",\"description\":\"Not\u00edcias em geral\",\"publisher\":{\"@id\":\"https:\/\/jornalfatosenoticias.com.br\/#organization\"},\"potentialAction\":[{\"@type\":\"SearchAction\",\"target\":{\"@type\":\"EntryPoint\",\"urlTemplate\":\"https:\/\/jornalfatosenoticias.com.br\/?s={search_term_string}\"},\"query-input\":{\"@type\":\"PropertyValueSpecification\",\"valueRequired\":true,\"valueName\":\"search_term_string\"}}],\"inLanguage\":\"pt-BR\"},{\"@type\":\"Organization\",\"@id\":\"https:\/\/jornalfatosenoticias.com.br\/#organization\",\"name\":\"Jornal Fatos e Not\u00edcias\",\"url\":\"https:\/\/jornalfatosenoticias.com.br\/\",\"logo\":{\"@type\":\"ImageObject\",\"inLanguage\":\"pt-BR\",\"@id\":\"https:\/\/jornalfatosenoticias.com.br\/#\/schema\/logo\/image\/\",\"url\":\"https:\/\/jornalfatosenoticias.com.br\/wp-content\/uploads\/2020\/02\/logo120.png\",\"contentUrl\":\"https:\/\/jornalfatosenoticias.com.br\/wp-content\/uploads\/2020\/02\/logo120.png\",\"width\":1227,\"height\":120,\"caption\":\"Jornal Fatos e Not\u00edcias\"},\"image\":{\"@id\":\"https:\/\/jornalfatosenoticias.com.br\/#\/schema\/logo\/image\/\"}},{\"@type\":\"Person\",\"@id\":\"https:\/\/jornalfatosenoticias.com.br\/#\/schema\/person\/d63837fa13ac8666eb9e74e0985d6f81\",\"name\":\"Luzimara Fernandes\",\"image\":{\"@type\":\"ImageObject\",\"inLanguage\":\"pt-BR\",\"@id\":\"https:\/\/jornalfatosenoticias.com.br\/#\/schema\/person\/image\/\",\"url\":\"https:\/\/jornalfatosenoticias.com.br\/wp-content\/uploads\/2025\/05\/EU_portal.jpg\",\"contentUrl\":\"https:\/\/jornalfatosenoticias.com.br\/wp-content\/uploads\/2025\/05\/EU_portal.jpg\",\"caption\":\"Luzimara Fernandes\"},\"description\":\"Jornalista MTB 2358-ES\",\"sameAs\":[\"https:\/\/jornalfatosenoticias.com.br\"],\"url\":\"https:\/\/jornalfatosenoticias.com.br\/index.php\/author\/luzimara\/\"}]}<\/script>\n<!-- \/ Yoast SEO plugin. -->","yoast_head_json":{"title":"Em of\u00edcio ao Congresso, Guedes pede reformas para conter crise - Jornal Fatos e Not\u00edcias","robots":{"index":"index","follow":"follow","max-snippet":"max-snippet:-1","max-image-preview":"max-image-preview:large","max-video-preview":"max-video-preview:-1"},"canonical":"https:\/\/jornalfatosenoticias.com.br\/index.php\/2020\/03\/11\/em-oficio-ao-congresso-guedes-pede-reformas-para-conter-crise\/","og_locale":"pt_BR","og_type":"article","og_title":"Em of\u00edcio ao Congresso, Guedes pede reformas para conter crise - Jornal Fatos e Not\u00edcias","og_description":"Segundo ministro, aprova\u00e7\u00e3o ajudar\u00e1 a blindar Brasil de crise externa Diante do agravamento da crise econ\u00f4mica internacional, o ministro da Economia, Paulo Guedes, enviou ontem (10) \u00e0 noite aos presidentes da C\u00e2mara dos Deputados, Rodrigo Maia (DEM-RJ), e do Senado, Davi Alcolumbe (DEM-AP), of\u00edcio em que pede a aprova\u00e7\u00e3o de propostas consideradas priorit\u00e1rias pela equipe [&hellip;]","og_url":"https:\/\/jornalfatosenoticias.com.br\/index.php\/2020\/03\/11\/em-oficio-ao-congresso-guedes-pede-reformas-para-conter-crise\/","og_site_name":"Jornal Fatos e Not\u00edcias","article_published_time":"2020-03-11T12:00:48+00:00","article_modified_time":"2020-03-11T12:00:53+00:00","og_image":[{"width":1170,"height":700,"url":"https:\/\/jornalfatosenoticias.com.br\/wp-content\/uploads\/2020\/03\/economia_paulo-guedes.jpg","type":"image\/jpeg"}],"author":"Luzimara Fernandes","twitter_card":"summary_large_image","twitter_misc":{"Escrito por":"Luzimara Fernandes","Est. tempo de leitura":"4 minutos"},"schema":{"@context":"https:\/\/schema.org","@graph":[{"@type":"Article","@id":"https:\/\/jornalfatosenoticias.com.br\/index.php\/2020\/03\/11\/em-oficio-ao-congresso-guedes-pede-reformas-para-conter-crise\/#article","isPartOf":{"@id":"https:\/\/jornalfatosenoticias.com.br\/index.php\/2020\/03\/11\/em-oficio-ao-congresso-guedes-pede-reformas-para-conter-crise\/"},"author":{"name":"Luzimara Fernandes","@id":"https:\/\/jornalfatosenoticias.com.br\/#\/schema\/person\/d63837fa13ac8666eb9e74e0985d6f81"},"headline":"Em of\u00edcio ao Congresso, Guedes pede reformas para conter crise","datePublished":"2020-03-11T12:00:48+00:00","dateModified":"2020-03-11T12:00:53+00:00","mainEntityOfPage":{"@id":"https:\/\/jornalfatosenoticias.com.br\/index.php\/2020\/03\/11\/em-oficio-ao-congresso-guedes-pede-reformas-para-conter-crise\/"},"wordCount":731,"commentCount":0,"publisher":{"@id":"https:\/\/jornalfatosenoticias.com.br\/#organization"},"image":{"@id":"https:\/\/jornalfatosenoticias.com.br\/index.php\/2020\/03\/11\/em-oficio-ao-congresso-guedes-pede-reformas-para-conter-crise\/#primaryimage"},"thumbnailUrl":"https:\/\/jornalfatosenoticias.com.br\/wp-content\/uploads\/2020\/03\/economia_paulo-guedes.jpg","keywords":["Banco Central","C\u00e2mara","Casa da Moeda","Congresso","Minist\u00e9rio da Economia","PECs","Senado"],"articleSection":["Economia"],"inLanguage":"pt-BR","potentialAction":[{"@type":"CommentAction","name":"Comment","target":["https:\/\/jornalfatosenoticias.com.br\/index.php\/2020\/03\/11\/em-oficio-ao-congresso-guedes-pede-reformas-para-conter-crise\/#respond"]}]},{"@type":"WebPage","@id":"https:\/\/jornalfatosenoticias.com.br\/index.php\/2020\/03\/11\/em-oficio-ao-congresso-guedes-pede-reformas-para-conter-crise\/","url":"https:\/\/jornalfatosenoticias.com.br\/index.php\/2020\/03\/11\/em-oficio-ao-congresso-guedes-pede-reformas-para-conter-crise\/","name":"Em of\u00edcio ao Congresso, Guedes pede reformas para conter crise - Jornal Fatos e Not\u00edcias","isPartOf":{"@id":"https:\/\/jornalfatosenoticias.com.br\/#website"},"primaryImageOfPage":{"@id":"https:\/\/jornalfatosenoticias.com.br\/index.php\/2020\/03\/11\/em-oficio-ao-congresso-guedes-pede-reformas-para-conter-crise\/#primaryimage"},"image":{"@id":"https:\/\/jornalfatosenoticias.com.br\/index.php\/2020\/03\/11\/em-oficio-ao-congresso-guedes-pede-reformas-para-conter-crise\/#primaryimage"},"thumbnailUrl":"https:\/\/jornalfatosenoticias.com.br\/wp-content\/uploads\/2020\/03\/economia_paulo-guedes.jpg","datePublished":"2020-03-11T12:00:48+00:00","dateModified":"2020-03-11T12:00:53+00:00","breadcrumb":{"@id":"https:\/\/jornalfatosenoticias.com.br\/index.php\/2020\/03\/11\/em-oficio-ao-congresso-guedes-pede-reformas-para-conter-crise\/#breadcrumb"},"inLanguage":"pt-BR","potentialAction":[{"@type":"ReadAction","target":["https:\/\/jornalfatosenoticias.com.br\/index.php\/2020\/03\/11\/em-oficio-ao-congresso-guedes-pede-reformas-para-conter-crise\/"]}]},{"@type":"ImageObject","inLanguage":"pt-BR","@id":"https:\/\/jornalfatosenoticias.com.br\/index.php\/2020\/03\/11\/em-oficio-ao-congresso-guedes-pede-reformas-para-conter-crise\/#primaryimage","url":"https:\/\/jornalfatosenoticias.com.br\/wp-content\/uploads\/2020\/03\/economia_paulo-guedes.jpg","contentUrl":"https:\/\/jornalfatosenoticias.com.br\/wp-content\/uploads\/2020\/03\/economia_paulo-guedes.jpg","width":1170,"height":700,"caption":"O ministro da Economia, Paulo Guedes, faz palestra de encerramento do Semin\u00e1rio de Abertura do Legislativo de 2020"},{"@type":"BreadcrumbList","@id":"https:\/\/jornalfatosenoticias.com.br\/index.php\/2020\/03\/11\/em-oficio-ao-congresso-guedes-pede-reformas-para-conter-crise\/#breadcrumb","itemListElement":[{"@type":"ListItem","position":1,"name":"In\u00edcio","item":"https:\/\/jornalfatosenoticias.com.br\/"},{"@type":"ListItem","position":2,"name":"Em of\u00edcio ao Congresso, Guedes pede reformas para conter crise"}]},{"@type":"WebSite","@id":"https:\/\/jornalfatosenoticias.com.br\/#website","url":"https:\/\/jornalfatosenoticias.com.br\/","name":"Jornal Fatos e Not\u00edcias","description":"Not\u00edcias em geral","publisher":{"@id":"https:\/\/jornalfatosenoticias.com.br\/#organization"},"potentialAction":[{"@type":"SearchAction","target":{"@type":"EntryPoint","urlTemplate":"https:\/\/jornalfatosenoticias.com.br\/?s={search_term_string}"},"query-input":{"@type":"PropertyValueSpecification","valueRequired":true,"valueName":"search_term_string"}}],"inLanguage":"pt-BR"},{"@type":"Organization","@id":"https:\/\/jornalfatosenoticias.com.br\/#organization","name":"Jornal Fatos e Not\u00edcias","url":"https:\/\/jornalfatosenoticias.com.br\/","logo":{"@type":"ImageObject","inLanguage":"pt-BR","@id":"https:\/\/jornalfatosenoticias.com.br\/#\/schema\/logo\/image\/","url":"https:\/\/jornalfatosenoticias.com.br\/wp-content\/uploads\/2020\/02\/logo120.png","contentUrl":"https:\/\/jornalfatosenoticias.com.br\/wp-content\/uploads\/2020\/02\/logo120.png","width":1227,"height":120,"caption":"Jornal Fatos e Not\u00edcias"},"image":{"@id":"https:\/\/jornalfatosenoticias.com.br\/#\/schema\/logo\/image\/"}},{"@type":"Person","@id":"https:\/\/jornalfatosenoticias.com.br\/#\/schema\/person\/d63837fa13ac8666eb9e74e0985d6f81","name":"Luzimara Fernandes","image":{"@type":"ImageObject","inLanguage":"pt-BR","@id":"https:\/\/jornalfatosenoticias.com.br\/#\/schema\/person\/image\/","url":"https:\/\/jornalfatosenoticias.com.br\/wp-content\/uploads\/2025\/05\/EU_portal.jpg","contentUrl":"https:\/\/jornalfatosenoticias.com.br\/wp-content\/uploads\/2025\/05\/EU_portal.jpg","caption":"Luzimara Fernandes"},"description":"Jornalista MTB 2358-ES","sameAs":["https:\/\/jornalfatosenoticias.com.br"],"url":"https:\/\/jornalfatosenoticias.com.br\/index.php\/author\/luzimara\/"}]}},"cc_featured_image_caption":{"caption_text":"Guedes listou 14 projetos de lei (Foto: Wilson Dias\/Ag\u00eancia Brasil)","source_text":"","source_url":""},"jetpack_featured_media_url":"https:\/\/jornalfatosenoticias.com.br\/wp-content\/uploads\/2020\/03\/economia_paulo-guedes.jpg","_links":{"self":[{"href":"https:\/\/jornalfatosenoticias.com.br\/index.php\/wp-json\/wp\/v2\/posts\/1917","targetHints":{"allow":["GET"]}}],"collection":[{"href":"https:\/\/jornalfatosenoticias.com.br\/index.php\/wp-json\/wp\/v2\/posts"}],"about":[{"href":"https:\/\/jornalfatosenoticias.com.br\/index.php\/wp-json\/wp\/v2\/types\/post"}],"author":[{"embeddable":true,"href":"https:\/\/jornalfatosenoticias.com.br\/index.php\/wp-json\/wp\/v2\/users\/2"}],"replies":[{"embeddable":true,"href":"https:\/\/jornalfatosenoticias.com.br\/index.php\/wp-json\/wp\/v2\/comments?post=1917"}],"version-history":[{"count":0,"href":"https:\/\/jornalfatosenoticias.com.br\/index.php\/wp-json\/wp\/v2\/posts\/1917\/revisions"}],"wp:featuredmedia":[{"embeddable":true,"href":"https:\/\/jornalfatosenoticias.com.br\/index.php\/wp-json\/wp\/v2\/media\/1918"}],"wp:attachment":[{"href":"https:\/\/jornalfatosenoticias.com.br\/index.php\/wp-json\/wp\/v2\/media?parent=1917"}],"wp:term":[{"taxonomy":"category","embeddable":true,"href":"https:\/\/jornalfatosenoticias.com.br\/index.php\/wp-json\/wp\/v2\/categories?post=1917"},{"taxonomy":"post_tag","embeddable":true,"href":"https:\/\/jornalfatosenoticias.com.br\/index.php\/wp-json\/wp\/v2\/tags?post=1917"}],"curies":[{"name":"wp","href":"https:\/\/api.w.org\/{rel}","templated":true}]}}