{"id":1920,"date":"2020-03-11T09:10:24","date_gmt":"2020-03-11T12:10:24","guid":{"rendered":"https:\/\/jornalfatosenoticias.com.br\/?p=1920"},"modified":"2020-03-11T09:10:29","modified_gmt":"2020-03-11T12:10:29","slug":"tsunami-no-japao-completa-nove-anos-e-pais-homenageia-vitimas","status":"publish","type":"post","link":"https:\/\/jornalfatosenoticias.com.br\/index.php\/2020\/03\/11\/tsunami-no-japao-completa-nove-anos-e-pais-homenageia-vitimas\/","title":{"rendered":"Tsunami no Jap\u00e3o completa nove anos e pa\u00eds homenageia v\u00edtimas"},"content":{"rendered":"\n<h6 class=\"wp-block-heading\"><em>O terremoto provocou um tsunami e um acidente nuclear no Nordeste do pa\u00eds, na Usina de Fukushima<\/em><\/h6>\n\n\n\n<p>\u00c0s 14h46 (hor\u00e1rio local) desta quarta-feira (11), uma sirene soou para marcar o exato momento em que ocorreu o terremoto, seguido de tsunami, no Jap\u00e3o em 2011. Japoneses em todo o pa\u00eds fizeram um minuto de sil\u00eancio para homenagear as milhares de mortes de nove anos atr\u00e1s, quando um grande terremoto provocou um tsunami e um acidente nuclear no Nordeste do pa\u00eds, na Usina de Fukushima.<br>\nO desastre deixou 18.428 mortos ou desaparecidos, incluindo Maki, a \u00fanica filha da fam\u00edlia Okubo.<br>\nA mulher, de 27 anos, foi levada pelo tsunami. No ver\u00e3o passado, parte de seus restos mortais foi finalmente encontrada ao largo da costa da prov\u00edncia de Miyagi. O pai de Maki, Mitsuo Okubo, disse: &#8220;Este ano \u00e9 diferente. Podemos sentir a presen\u00e7a de minha filha pr\u00f3xima de n\u00f3s&#8221;.<br>\nMais 3.739 pessoas morreram nos anos que se seguiram ao terremoto de magnitude 9 na escala Richter. O tremor gerou um tsunami com mais de 10 metros de altura e provocou aquele que \u00e9 considerado o pior acidente nuclear desde Chernobyl.<br>\nO 11 de mar\u00e7o marca o acidente na Usina Nuclear Fukushima 1, que sofreu tr\u00eas derretimentos.<br>\nMilhares de pessoas foram for\u00e7adas a deixar suas casas por causa da radia\u00e7\u00e3o. Quase uma d\u00e9cada depois, diversos munic\u00edpios permanecem bloqueados. Quase 48 mil pessoas ainda n\u00e3o conseguiram voltar para casa.<br>\nA vida foi retomada em certas comunidades. Uma ordem de evacua\u00e7\u00e3o foi parcialmente suspensa nesta semana para uma pequena \u00e1rea de uma localidade pr\u00f3xima \u00e0 usina nuclear danificada.<br>\nUm morador diz: &#8220;Somente tr\u00eas de 60 fam\u00edlias em minha vizinhan\u00e7a retornaram e todas elas s\u00e3o pessoas com mais de 70 anos. Eu quero que todos retornem&#8221;.<br>\nNo entanto, n\u00e3o se sabe quanto tempo vai levar para que isso ocorra. Os esfor\u00e7os de recupera\u00e7\u00e3o ainda est\u00e3o longe de serem conclu\u00eddos.<br>\nUm dos maiores desafios \u00e9 o que fazer com mais de um milh\u00e3o de toneladas de \u00e1gua contaminada, estocadas na Usina Fukushima 1. A \u00e1gua era empregada para esfriar o combust\u00edvel derretido no interior dos reatores destru\u00eddos. Cerca de 170 toneladas s\u00e3o produzidas diariamente, e o governo ainda n\u00e3o decidiu como vai descart\u00e1-las.<\/p>\n\n\n\n<p><strong><em>Fonte: Ag\u00eancia Brasil<\/em><\/strong><\/p>\n","protected":false},"excerpt":{"rendered":"<p>O terremoto provocou um tsunami e um acidente nuclear no Nordeste do pa\u00eds, na Usina de Fukushima \u00c0s 14h46 (hor\u00e1rio local) desta quarta-feira (11), uma sirene soou para marcar o exato momento em que ocorreu o terremoto, seguido de tsunami, no Jap\u00e3o em 2011. Japoneses em todo o pa\u00eds fizeram um minuto de sil\u00eancio para [&hellip;]<\/p>\n","protected":false},"author":2,"featured_media":1921,"comment_status":"open","ping_status":"open","sticky":false,"template":"","format":"standard","meta":{"footnotes":""},"categories":[41],"tags":[493,495,494,491,492],"class_list":["post-1920","post","type-post","status-publish","format-standard","has-post-thumbnail","hentry","category-internacional","tag-escala-richter","tag-terremoto","tag-tsunami","tag-usina-fukushima","tag-usina-nuclear"],"yoast_head":"<!-- This site is optimized with the Yoast SEO plugin v26.5 - https:\/\/yoast.com\/wordpress\/plugins\/seo\/ -->\n<title>Tsunami no Jap\u00e3o completa nove anos e pa\u00eds homenageia v\u00edtimas - Jornal Fatos e Not\u00edcias<\/title>\n<meta name=\"robots\" content=\"index, follow, max-snippet:-1, max-image-preview:large, max-video-preview:-1\" \/>\n<link rel=\"canonical\" href=\"https:\/\/jornalfatosenoticias.com.br\/index.php\/2020\/03\/11\/tsunami-no-japao-completa-nove-anos-e-pais-homenageia-vitimas\/\" \/>\n<meta property=\"og:locale\" content=\"pt_BR\" \/>\n<meta property=\"og:type\" content=\"article\" \/>\n<meta property=\"og:title\" content=\"Tsunami no Jap\u00e3o completa nove anos e pa\u00eds homenageia v\u00edtimas - Jornal Fatos e Not\u00edcias\" \/>\n<meta property=\"og:description\" content=\"O terremoto provocou um tsunami e um acidente nuclear no Nordeste do pa\u00eds, na Usina de Fukushima \u00c0s 14h46 (hor\u00e1rio local) desta quarta-feira (11), uma sirene soou para marcar o exato momento em que ocorreu o terremoto, seguido de tsunami, no Jap\u00e3o em 2011. Japoneses em todo o pa\u00eds fizeram um minuto de sil\u00eancio para [&hellip;]\" \/>\n<meta property=\"og:url\" content=\"https:\/\/jornalfatosenoticias.com.br\/index.php\/2020\/03\/11\/tsunami-no-japao-completa-nove-anos-e-pais-homenageia-vitimas\/\" \/>\n<meta property=\"og:site_name\" content=\"Jornal Fatos e Not\u00edcias\" \/>\n<meta property=\"article:published_time\" content=\"2020-03-11T12:10:24+00:00\" \/>\n<meta property=\"article:modified_time\" content=\"2020-03-11T12:10:29+00:00\" \/>\n<meta property=\"og:image\" content=\"https:\/\/jornalfatosenoticias.com.br\/wp-content\/uploads\/2020\/03\/tsunami_japao.jpg\" \/>\n\t<meta property=\"og:image:width\" content=\"1170\" \/>\n\t<meta property=\"og:image:height\" content=\"700\" \/>\n\t<meta property=\"og:image:type\" content=\"image\/jpeg\" \/>\n<meta name=\"author\" content=\"Luzimara Fernandes\" \/>\n<meta name=\"twitter:card\" content=\"summary_large_image\" \/>\n<meta name=\"twitter:label1\" content=\"Escrito por\" \/>\n\t<meta name=\"twitter:data1\" content=\"Luzimara Fernandes\" \/>\n\t<meta name=\"twitter:label2\" content=\"Est. tempo de leitura\" \/>\n\t<meta name=\"twitter:data2\" content=\"2 minutos\" \/>\n<script type=\"application\/ld+json\" class=\"yoast-schema-graph\">{\"@context\":\"https:\/\/schema.org\",\"@graph\":[{\"@type\":\"Article\",\"@id\":\"https:\/\/jornalfatosenoticias.com.br\/index.php\/2020\/03\/11\/tsunami-no-japao-completa-nove-anos-e-pais-homenageia-vitimas\/#article\",\"isPartOf\":{\"@id\":\"https:\/\/jornalfatosenoticias.com.br\/index.php\/2020\/03\/11\/tsunami-no-japao-completa-nove-anos-e-pais-homenageia-vitimas\/\"},\"author\":{\"name\":\"Luzimara Fernandes\",\"@id\":\"https:\/\/jornalfatosenoticias.com.br\/#\/schema\/person\/d63837fa13ac8666eb9e74e0985d6f81\"},\"headline\":\"Tsunami no Jap\u00e3o completa nove anos e pa\u00eds homenageia v\u00edtimas\",\"datePublished\":\"2020-03-11T12:10:24+00:00\",\"dateModified\":\"2020-03-11T12:10:29+00:00\",\"mainEntityOfPage\":{\"@id\":\"https:\/\/jornalfatosenoticias.com.br\/index.php\/2020\/03\/11\/tsunami-no-japao-completa-nove-anos-e-pais-homenageia-vitimas\/\"},\"wordCount\":402,\"commentCount\":0,\"publisher\":{\"@id\":\"https:\/\/jornalfatosenoticias.com.br\/#organization\"},\"image\":{\"@id\":\"https:\/\/jornalfatosenoticias.com.br\/index.php\/2020\/03\/11\/tsunami-no-japao-completa-nove-anos-e-pais-homenageia-vitimas\/#primaryimage\"},\"thumbnailUrl\":\"https:\/\/jornalfatosenoticias.com.br\/wp-content\/uploads\/2020\/03\/tsunami_japao.jpg\",\"keywords\":[\"escala Richter\",\"terremoto\",\"tsunami\",\"Usina Fukushima\",\"usina nuclear\"],\"articleSection\":[\"Internacional\"],\"inLanguage\":\"pt-BR\",\"potentialAction\":[{\"@type\":\"CommentAction\",\"name\":\"Comment\",\"target\":[\"https:\/\/jornalfatosenoticias.com.br\/index.php\/2020\/03\/11\/tsunami-no-japao-completa-nove-anos-e-pais-homenageia-vitimas\/#respond\"]}]},{\"@type\":\"WebPage\",\"@id\":\"https:\/\/jornalfatosenoticias.com.br\/index.php\/2020\/03\/11\/tsunami-no-japao-completa-nove-anos-e-pais-homenageia-vitimas\/\",\"url\":\"https:\/\/jornalfatosenoticias.com.br\/index.php\/2020\/03\/11\/tsunami-no-japao-completa-nove-anos-e-pais-homenageia-vitimas\/\",\"name\":\"Tsunami no Jap\u00e3o completa nove anos e pa\u00eds homenageia v\u00edtimas - Jornal Fatos e Not\u00edcias\",\"isPartOf\":{\"@id\":\"https:\/\/jornalfatosenoticias.com.br\/#website\"},\"primaryImageOfPage\":{\"@id\":\"https:\/\/jornalfatosenoticias.com.br\/index.php\/2020\/03\/11\/tsunami-no-japao-completa-nove-anos-e-pais-homenageia-vitimas\/#primaryimage\"},\"image\":{\"@id\":\"https:\/\/jornalfatosenoticias.com.br\/index.php\/2020\/03\/11\/tsunami-no-japao-completa-nove-anos-e-pais-homenageia-vitimas\/#primaryimage\"},\"thumbnailUrl\":\"https:\/\/jornalfatosenoticias.com.br\/wp-content\/uploads\/2020\/03\/tsunami_japao.jpg\",\"datePublished\":\"2020-03-11T12:10:24+00:00\",\"dateModified\":\"2020-03-11T12:10:29+00:00\",\"breadcrumb\":{\"@id\":\"https:\/\/jornalfatosenoticias.com.br\/index.php\/2020\/03\/11\/tsunami-no-japao-completa-nove-anos-e-pais-homenageia-vitimas\/#breadcrumb\"},\"inLanguage\":\"pt-BR\",\"potentialAction\":[{\"@type\":\"ReadAction\",\"target\":[\"https:\/\/jornalfatosenoticias.com.br\/index.php\/2020\/03\/11\/tsunami-no-japao-completa-nove-anos-e-pais-homenageia-vitimas\/\"]}]},{\"@type\":\"ImageObject\",\"inLanguage\":\"pt-BR\",\"@id\":\"https:\/\/jornalfatosenoticias.com.br\/index.php\/2020\/03\/11\/tsunami-no-japao-completa-nove-anos-e-pais-homenageia-vitimas\/#primaryimage\",\"url\":\"https:\/\/jornalfatosenoticias.com.br\/wp-content\/uploads\/2020\/03\/tsunami_japao.jpg\",\"contentUrl\":\"https:\/\/jornalfatosenoticias.com.br\/wp-content\/uploads\/2020\/03\/tsunami_japao.jpg\",\"width\":1170,\"height\":700},{\"@type\":\"BreadcrumbList\",\"@id\":\"https:\/\/jornalfatosenoticias.com.br\/index.php\/2020\/03\/11\/tsunami-no-japao-completa-nove-anos-e-pais-homenageia-vitimas\/#breadcrumb\",\"itemListElement\":[{\"@type\":\"ListItem\",\"position\":1,\"name\":\"In\u00edcio\",\"item\":\"https:\/\/jornalfatosenoticias.com.br\/\"},{\"@type\":\"ListItem\",\"position\":2,\"name\":\"Tsunami no Jap\u00e3o completa nove anos e pa\u00eds homenageia v\u00edtimas\"}]},{\"@type\":\"WebSite\",\"@id\":\"https:\/\/jornalfatosenoticias.com.br\/#website\",\"url\":\"https:\/\/jornalfatosenoticias.com.br\/\",\"name\":\"Jornal Fatos e Not\u00edcias\",\"description\":\"Not\u00edcias em geral\",\"publisher\":{\"@id\":\"https:\/\/jornalfatosenoticias.com.br\/#organization\"},\"potentialAction\":[{\"@type\":\"SearchAction\",\"target\":{\"@type\":\"EntryPoint\",\"urlTemplate\":\"https:\/\/jornalfatosenoticias.com.br\/?s={search_term_string}\"},\"query-input\":{\"@type\":\"PropertyValueSpecification\",\"valueRequired\":true,\"valueName\":\"search_term_string\"}}],\"inLanguage\":\"pt-BR\"},{\"@type\":\"Organization\",\"@id\":\"https:\/\/jornalfatosenoticias.com.br\/#organization\",\"name\":\"Jornal Fatos e Not\u00edcias\",\"url\":\"https:\/\/jornalfatosenoticias.com.br\/\",\"logo\":{\"@type\":\"ImageObject\",\"inLanguage\":\"pt-BR\",\"@id\":\"https:\/\/jornalfatosenoticias.com.br\/#\/schema\/logo\/image\/\",\"url\":\"https:\/\/jornalfatosenoticias.com.br\/wp-content\/uploads\/2020\/02\/logo120.png\",\"contentUrl\":\"https:\/\/jornalfatosenoticias.com.br\/wp-content\/uploads\/2020\/02\/logo120.png\",\"width\":1227,\"height\":120,\"caption\":\"Jornal Fatos e Not\u00edcias\"},\"image\":{\"@id\":\"https:\/\/jornalfatosenoticias.com.br\/#\/schema\/logo\/image\/\"}},{\"@type\":\"Person\",\"@id\":\"https:\/\/jornalfatosenoticias.com.br\/#\/schema\/person\/d63837fa13ac8666eb9e74e0985d6f81\",\"name\":\"Luzimara Fernandes\",\"image\":{\"@type\":\"ImageObject\",\"inLanguage\":\"pt-BR\",\"@id\":\"https:\/\/jornalfatosenoticias.com.br\/#\/schema\/person\/image\/\",\"url\":\"https:\/\/jornalfatosenoticias.com.br\/wp-content\/uploads\/2025\/05\/EU_portal.jpg\",\"contentUrl\":\"https:\/\/jornalfatosenoticias.com.br\/wp-content\/uploads\/2025\/05\/EU_portal.jpg\",\"caption\":\"Luzimara Fernandes\"},\"description\":\"Jornalista MTB 2358-ES\",\"sameAs\":[\"https:\/\/jornalfatosenoticias.com.br\"],\"url\":\"https:\/\/jornalfatosenoticias.com.br\/index.php\/author\/luzimara\/\"}]}<\/script>\n<!-- \/ Yoast SEO plugin. -->","yoast_head_json":{"title":"Tsunami no Jap\u00e3o completa nove anos e pa\u00eds homenageia v\u00edtimas - Jornal Fatos e Not\u00edcias","robots":{"index":"index","follow":"follow","max-snippet":"max-snippet:-1","max-image-preview":"max-image-preview:large","max-video-preview":"max-video-preview:-1"},"canonical":"https:\/\/jornalfatosenoticias.com.br\/index.php\/2020\/03\/11\/tsunami-no-japao-completa-nove-anos-e-pais-homenageia-vitimas\/","og_locale":"pt_BR","og_type":"article","og_title":"Tsunami no Jap\u00e3o completa nove anos e pa\u00eds homenageia v\u00edtimas - Jornal Fatos e Not\u00edcias","og_description":"O terremoto provocou um tsunami e um acidente nuclear no Nordeste do pa\u00eds, na Usina de Fukushima \u00c0s 14h46 (hor\u00e1rio local) desta quarta-feira (11), uma sirene soou para marcar o exato momento em que ocorreu o terremoto, seguido de tsunami, no Jap\u00e3o em 2011. Japoneses em todo o pa\u00eds fizeram um minuto de sil\u00eancio para [&hellip;]","og_url":"https:\/\/jornalfatosenoticias.com.br\/index.php\/2020\/03\/11\/tsunami-no-japao-completa-nove-anos-e-pais-homenageia-vitimas\/","og_site_name":"Jornal Fatos e Not\u00edcias","article_published_time":"2020-03-11T12:10:24+00:00","article_modified_time":"2020-03-11T12:10:29+00:00","og_image":[{"width":1170,"height":700,"url":"https:\/\/jornalfatosenoticias.com.br\/wp-content\/uploads\/2020\/03\/tsunami_japao.jpg","type":"image\/jpeg"}],"author":"Luzimara Fernandes","twitter_card":"summary_large_image","twitter_misc":{"Escrito por":"Luzimara Fernandes","Est. tempo de leitura":"2 minutos"},"schema":{"@context":"https:\/\/schema.org","@graph":[{"@type":"Article","@id":"https:\/\/jornalfatosenoticias.com.br\/index.php\/2020\/03\/11\/tsunami-no-japao-completa-nove-anos-e-pais-homenageia-vitimas\/#article","isPartOf":{"@id":"https:\/\/jornalfatosenoticias.com.br\/index.php\/2020\/03\/11\/tsunami-no-japao-completa-nove-anos-e-pais-homenageia-vitimas\/"},"author":{"name":"Luzimara Fernandes","@id":"https:\/\/jornalfatosenoticias.com.br\/#\/schema\/person\/d63837fa13ac8666eb9e74e0985d6f81"},"headline":"Tsunami no Jap\u00e3o completa nove anos e pa\u00eds homenageia v\u00edtimas","datePublished":"2020-03-11T12:10:24+00:00","dateModified":"2020-03-11T12:10:29+00:00","mainEntityOfPage":{"@id":"https:\/\/jornalfatosenoticias.com.br\/index.php\/2020\/03\/11\/tsunami-no-japao-completa-nove-anos-e-pais-homenageia-vitimas\/"},"wordCount":402,"commentCount":0,"publisher":{"@id":"https:\/\/jornalfatosenoticias.com.br\/#organization"},"image":{"@id":"https:\/\/jornalfatosenoticias.com.br\/index.php\/2020\/03\/11\/tsunami-no-japao-completa-nove-anos-e-pais-homenageia-vitimas\/#primaryimage"},"thumbnailUrl":"https:\/\/jornalfatosenoticias.com.br\/wp-content\/uploads\/2020\/03\/tsunami_japao.jpg","keywords":["escala Richter","terremoto","tsunami","Usina Fukushima","usina nuclear"],"articleSection":["Internacional"],"inLanguage":"pt-BR","potentialAction":[{"@type":"CommentAction","name":"Comment","target":["https:\/\/jornalfatosenoticias.com.br\/index.php\/2020\/03\/11\/tsunami-no-japao-completa-nove-anos-e-pais-homenageia-vitimas\/#respond"]}]},{"@type":"WebPage","@id":"https:\/\/jornalfatosenoticias.com.br\/index.php\/2020\/03\/11\/tsunami-no-japao-completa-nove-anos-e-pais-homenageia-vitimas\/","url":"https:\/\/jornalfatosenoticias.com.br\/index.php\/2020\/03\/11\/tsunami-no-japao-completa-nove-anos-e-pais-homenageia-vitimas\/","name":"Tsunami no Jap\u00e3o completa nove anos e pa\u00eds homenageia v\u00edtimas - Jornal Fatos e Not\u00edcias","isPartOf":{"@id":"https:\/\/jornalfatosenoticias.com.br\/#website"},"primaryImageOfPage":{"@id":"https:\/\/jornalfatosenoticias.com.br\/index.php\/2020\/03\/11\/tsunami-no-japao-completa-nove-anos-e-pais-homenageia-vitimas\/#primaryimage"},"image":{"@id":"https:\/\/jornalfatosenoticias.com.br\/index.php\/2020\/03\/11\/tsunami-no-japao-completa-nove-anos-e-pais-homenageia-vitimas\/#primaryimage"},"thumbnailUrl":"https:\/\/jornalfatosenoticias.com.br\/wp-content\/uploads\/2020\/03\/tsunami_japao.jpg","datePublished":"2020-03-11T12:10:24+00:00","dateModified":"2020-03-11T12:10:29+00:00","breadcrumb":{"@id":"https:\/\/jornalfatosenoticias.com.br\/index.php\/2020\/03\/11\/tsunami-no-japao-completa-nove-anos-e-pais-homenageia-vitimas\/#breadcrumb"},"inLanguage":"pt-BR","potentialAction":[{"@type":"ReadAction","target":["https:\/\/jornalfatosenoticias.com.br\/index.php\/2020\/03\/11\/tsunami-no-japao-completa-nove-anos-e-pais-homenageia-vitimas\/"]}]},{"@type":"ImageObject","inLanguage":"pt-BR","@id":"https:\/\/jornalfatosenoticias.com.br\/index.php\/2020\/03\/11\/tsunami-no-japao-completa-nove-anos-e-pais-homenageia-vitimas\/#primaryimage","url":"https:\/\/jornalfatosenoticias.com.br\/wp-content\/uploads\/2020\/03\/tsunami_japao.jpg","contentUrl":"https:\/\/jornalfatosenoticias.com.br\/wp-content\/uploads\/2020\/03\/tsunami_japao.jpg","width":1170,"height":700},{"@type":"BreadcrumbList","@id":"https:\/\/jornalfatosenoticias.com.br\/index.php\/2020\/03\/11\/tsunami-no-japao-completa-nove-anos-e-pais-homenageia-vitimas\/#breadcrumb","itemListElement":[{"@type":"ListItem","position":1,"name":"In\u00edcio","item":"https:\/\/jornalfatosenoticias.com.br\/"},{"@type":"ListItem","position":2,"name":"Tsunami no Jap\u00e3o completa nove anos e pa\u00eds homenageia v\u00edtimas"}]},{"@type":"WebSite","@id":"https:\/\/jornalfatosenoticias.com.br\/#website","url":"https:\/\/jornalfatosenoticias.com.br\/","name":"Jornal Fatos e Not\u00edcias","description":"Not\u00edcias em geral","publisher":{"@id":"https:\/\/jornalfatosenoticias.com.br\/#organization"},"potentialAction":[{"@type":"SearchAction","target":{"@type":"EntryPoint","urlTemplate":"https:\/\/jornalfatosenoticias.com.br\/?s={search_term_string}"},"query-input":{"@type":"PropertyValueSpecification","valueRequired":true,"valueName":"search_term_string"}}],"inLanguage":"pt-BR"},{"@type":"Organization","@id":"https:\/\/jornalfatosenoticias.com.br\/#organization","name":"Jornal Fatos e Not\u00edcias","url":"https:\/\/jornalfatosenoticias.com.br\/","logo":{"@type":"ImageObject","inLanguage":"pt-BR","@id":"https:\/\/jornalfatosenoticias.com.br\/#\/schema\/logo\/image\/","url":"https:\/\/jornalfatosenoticias.com.br\/wp-content\/uploads\/2020\/02\/logo120.png","contentUrl":"https:\/\/jornalfatosenoticias.com.br\/wp-content\/uploads\/2020\/02\/logo120.png","width":1227,"height":120,"caption":"Jornal Fatos e Not\u00edcias"},"image":{"@id":"https:\/\/jornalfatosenoticias.com.br\/#\/schema\/logo\/image\/"}},{"@type":"Person","@id":"https:\/\/jornalfatosenoticias.com.br\/#\/schema\/person\/d63837fa13ac8666eb9e74e0985d6f81","name":"Luzimara Fernandes","image":{"@type":"ImageObject","inLanguage":"pt-BR","@id":"https:\/\/jornalfatosenoticias.com.br\/#\/schema\/person\/image\/","url":"https:\/\/jornalfatosenoticias.com.br\/wp-content\/uploads\/2025\/05\/EU_portal.jpg","contentUrl":"https:\/\/jornalfatosenoticias.com.br\/wp-content\/uploads\/2025\/05\/EU_portal.jpg","caption":"Luzimara Fernandes"},"description":"Jornalista MTB 2358-ES","sameAs":["https:\/\/jornalfatosenoticias.com.br"],"url":"https:\/\/jornalfatosenoticias.com.br\/index.php\/author\/luzimara\/"}]}},"cc_featured_image_caption":{"caption_text":"\r\nDesastre em 2011 deixou 18.428 mortos ou desaparecidos (Foto: Reuters\/Kyodo\/Direitos reservados)","source_text":"","source_url":""},"jetpack_featured_media_url":"https:\/\/jornalfatosenoticias.com.br\/wp-content\/uploads\/2020\/03\/tsunami_japao.jpg","_links":{"self":[{"href":"https:\/\/jornalfatosenoticias.com.br\/index.php\/wp-json\/wp\/v2\/posts\/1920","targetHints":{"allow":["GET"]}}],"collection":[{"href":"https:\/\/jornalfatosenoticias.com.br\/index.php\/wp-json\/wp\/v2\/posts"}],"about":[{"href":"https:\/\/jornalfatosenoticias.com.br\/index.php\/wp-json\/wp\/v2\/types\/post"}],"author":[{"embeddable":true,"href":"https:\/\/jornalfatosenoticias.com.br\/index.php\/wp-json\/wp\/v2\/users\/2"}],"replies":[{"embeddable":true,"href":"https:\/\/jornalfatosenoticias.com.br\/index.php\/wp-json\/wp\/v2\/comments?post=1920"}],"version-history":[{"count":0,"href":"https:\/\/jornalfatosenoticias.com.br\/index.php\/wp-json\/wp\/v2\/posts\/1920\/revisions"}],"wp:featuredmedia":[{"embeddable":true,"href":"https:\/\/jornalfatosenoticias.com.br\/index.php\/wp-json\/wp\/v2\/media\/1921"}],"wp:attachment":[{"href":"https:\/\/jornalfatosenoticias.com.br\/index.php\/wp-json\/wp\/v2\/media?parent=1920"}],"wp:term":[{"taxonomy":"category","embeddable":true,"href":"https:\/\/jornalfatosenoticias.com.br\/index.php\/wp-json\/wp\/v2\/categories?post=1920"},{"taxonomy":"post_tag","embeddable":true,"href":"https:\/\/jornalfatosenoticias.com.br\/index.php\/wp-json\/wp\/v2\/tags?post=1920"}],"curies":[{"name":"wp","href":"https:\/\/api.w.org\/{rel}","templated":true}]}}