{"id":19229,"date":"2021-06-10T16:56:19","date_gmt":"2021-06-10T19:56:19","guid":{"rendered":"https:\/\/jornalfatosenoticias.com.br\/?p=19229"},"modified":"2021-06-10T16:56:24","modified_gmt":"2021-06-10T19:56:24","slug":"operacao-volatil-fatos-identificados-por-majeski-ja-apontavam-inconsistencias-no-contrato","status":"publish","type":"post","link":"https:\/\/jornalfatosenoticias.com.br\/index.php\/2021\/06\/10\/operacao-volatil-fatos-identificados-por-majeski-ja-apontavam-inconsistencias-no-contrato\/","title":{"rendered":"Opera\u00e7\u00e3o Vol\u00e1til \u2014 Fatos identificados por Majeski j\u00e1 apontavam inconsist\u00eancias no contrato"},"content":{"rendered":"\n<p><em><span class=\"has-inline-color has-black-color\">Em maio de 2020, os deputados criaram grupo para acompanhar como o Executivo Estadual e as prefeituras empregaram os recursos federais, estaduais e municipais destinados \u00e0 crise na sa\u00fade<\/span><\/em><\/p>\n\n\n\n<p>Secret\u00e1rio-executivo da <em><span class=\"has-inline-color has-black-color\">Frente Parlamentar de Acompanhamento e Fiscaliza\u00e7\u00e3o na Execu\u00e7\u00e3o de Despesas para o Combate \u00e0 Pandemia da Covid<\/span><\/em>, o deputado estadual <strong>S\u00e9rgio Majeski<\/strong> (PSB) utilizou a tribuna da <strong>Assembleia Legislativa<\/strong> para detalhar a den\u00fancia encaminhada ao <strong>Minist\u00e9rio P\u00fablico de Contas<\/strong> (MPC), em outubro de 2020, com as suspeitas no processo de compra de \u00e1lcool gel por parte da <strong>Secretaria de Estado da Sa\u00fade (Sesa)<\/strong>.<br>Nesta semana, a Pol\u00edcia Federal deflagrou a <em><strong><span class=\"has-inline-color has-black-color\">Opera\u00e7\u00e3o Vol\u00e1til<\/span><\/strong><\/em>, com o objetivo de investigar uma organiza\u00e7\u00e3o criminosa que forneceu o produto \u00e0 <strong>Sesa<\/strong>, em contrata\u00e7\u00e3o com ind\u00edcios de fraude e superfaturamento, envolvendo o uso de verba federal destinada ao combate \u00e0 covid-19.<\/p>\n\n\n\n<blockquote class=\"wp-block-quote is-layout-flow wp-block-quote-is-layout-flow\"><p><span class=\"has-inline-color has-luminous-vivid-orange-color\">\u201cNos causou estranheza como a empresa chegou at\u00e9 a Sesa. Observamos, fazendo uma simples busca pela internet que, nos \u00faltimos dez anos, a Tantum n\u00e3o tinha feito nenhum contrato com o Poder P\u00fablico\u201d<\/span><\/p><\/blockquote>\n\n\n\n<figure class=\"wp-block-image size-large\"><img loading=\"lazy\" decoding=\"async\" width=\"1000\" height=\"667\" src=\"https:\/\/jornalfatosenoticias.com.br\/wp-content\/uploads\/2021\/06\/alcool-gel.jpg\" alt=\"\" class=\"wp-image-19231\" srcset=\"https:\/\/jornalfatosenoticias.com.br\/wp-content\/uploads\/2021\/06\/alcool-gel.jpg 1000w, https:\/\/jornalfatosenoticias.com.br\/wp-content\/uploads\/2021\/06\/alcool-gel-300x200.jpg 300w, https:\/\/jornalfatosenoticias.com.br\/wp-content\/uploads\/2021\/06\/alcool-gel-768x512.jpg 768w\" sizes=\"auto, (max-width: 1000px) 100vw, 1000px\" \/><figcaption><em><span class=\"has-inline-color has-black-color\">PF investiga ind\u00edcios de fraude e superfaturamento, envolvendo o uso de verba federal destinada ao combate \u00e0 covid-19 no ES(Foto: Shutterstock)<\/span><\/em><\/figcaption><\/figure>\n\n\n\n<p>\u201cPrimeiro fizemos um requerimento de informa\u00e7\u00e3o junto \u00e0 <strong>Sesa<\/strong> e pedimos a c\u00f3pia integral do processo de compra. A resposta continha justificativa de que houve ampla regularidade no procedimento e todo o processo, algo em torno de 600 p\u00e1ginas. Com a nossa assessoria, averiguamos algumas quest\u00f5es e o problema n\u00e3o era apenas no valor. Nos causou estranheza como a empresa chegou at\u00e9 a <strong>Sesa<\/strong>. Observamos, fazendo uma simples busca pela internet que, nos \u00faltimos dez anos, a Tantum n\u00e3o tinha feito nenhum contrato com o Poder P\u00fablico\u201d, destacou <strong>Majeski<\/strong>.<\/p>\n\n\n\n<figure class=\"wp-block-image size-large\"><img loading=\"lazy\" decoding=\"async\" width=\"1000\" height=\"666\" src=\"https:\/\/jornalfatosenoticias.com.br\/wp-content\/uploads\/2021\/06\/POLICIA-FEDERAL.jpg\" alt=\"\" class=\"wp-image-19233\" srcset=\"https:\/\/jornalfatosenoticias.com.br\/wp-content\/uploads\/2021\/06\/POLICIA-FEDERAL.jpg 1000w, https:\/\/jornalfatosenoticias.com.br\/wp-content\/uploads\/2021\/06\/POLICIA-FEDERAL-300x200.jpg 300w, https:\/\/jornalfatosenoticias.com.br\/wp-content\/uploads\/2021\/06\/POLICIA-FEDERAL-768x511.jpg 768w\" sizes=\"auto, (max-width: 1000px) 100vw, 1000px\" \/><figcaption><em><span class=\"has-inline-color has-black-color\">Pol\u00edcia Federal deflagrou a Opera\u00e7\u00e3o Vol\u00e1til, com o objetivo de investigar uma organiza\u00e7\u00e3o criminosa que forneceu produto \u00e0 <strong>Sesa<\/strong> (Foto: Futura Press\/Folhapress)<\/span><\/em><\/figcaption><\/figure>\n\n\n\n<p>O parlamentar tamb\u00e9m questionou a idoneidade da empresa fornecedora do produto. \u201cOutra suspeita que n\u00f3s observamos foi o atestado de capacidade t\u00e9cnica apresentado. Identificamos que o documento foi fornecido pela Forte Constru\u00e7\u00f5es e Servi\u00e7os, cujo administrador era o dono da Tantum, pessoa que j\u00e1 havia sido investigada em 2014, na opera\u00e7\u00e3o <strong>Ave de Fogo<\/strong> tamb\u00e9m da <strong>Pol\u00edcia Federal<\/strong>, por fazer parte de um esquema de fraude e superfaturamento de licita\u00e7\u00e3o\u201d, alertou.<br>Com a <strong>Opera\u00e7\u00e3o Vol\u00e1til<\/strong>, foram cumpridos sete mandados de busca e apreens\u00e3o, expedidos pela 2\u00aa Vara Federal Criminal de Vit\u00f3ria, em resid\u00eancias e empresas nos munic\u00edpios de Vit\u00f3ria e Vila Velha, no Esp\u00edrito Santo, e nos munic\u00edpios de Maca\u00e9 e de S\u00e3o Fid\u00e9lis, no Rio de Janeiro, que culminaram na apreens\u00e3o de documentos e equipamentos de m\u00eddia em geral.<\/p>\n\n\n\n<p><em><span class=\"has-inline-color has-black-color\"><strong>Fonte: Assessoria de Comunica\u00e7\u00e3o<\/strong><\/span><\/em><\/p>\n","protected":false},"excerpt":{"rendered":"<p>Em maio de 2020, os deputados criaram grupo para acompanhar como o Executivo Estadual e as prefeituras empregaram os recursos federais, estaduais e municipais destinados \u00e0 crise na sa\u00fade Secret\u00e1rio-executivo da Frente Parlamentar de Acompanhamento e Fiscaliza\u00e7\u00e3o na Execu\u00e7\u00e3o de Despesas para o Combate \u00e0 Pandemia da Covid, o deputado estadual S\u00e9rgio Majeski (PSB) utilizou [&hellip;]<\/p>\n","protected":false},"author":3,"featured_media":19230,"comment_status":"open","ping_status":"open","sticky":false,"template":"","format":"standard","meta":{"footnotes":""},"categories":[10],"tags":[708,2132,9449,9450,2146,1691],"class_list":["post-19229","post","type-post","status-publish","format-standard","has-post-thumbnail","hentry","category-politica","tag-combate","tag-fraude","tag-operacao-volatil","tag-organizacao-criminosa","tag-policia-federal","tag-sesa"],"yoast_head":"<!-- This site is optimized with the Yoast SEO plugin v26.5 - https:\/\/yoast.com\/wordpress\/plugins\/seo\/ -->\n<title>Opera\u00e7\u00e3o Vol\u00e1til \u2014 Fatos identificados por Majeski j\u00e1 apontavam inconsist\u00eancias no contrato - Jornal Fatos e Not\u00edcias<\/title>\n<meta name=\"robots\" content=\"index, follow, max-snippet:-1, max-image-preview:large, max-video-preview:-1\" \/>\n<link rel=\"canonical\" href=\"https:\/\/jornalfatosenoticias.com.br\/index.php\/2021\/06\/10\/operacao-volatil-fatos-identificados-por-majeski-ja-apontavam-inconsistencias-no-contrato\/\" \/>\n<meta property=\"og:locale\" content=\"pt_BR\" \/>\n<meta property=\"og:type\" content=\"article\" \/>\n<meta property=\"og:title\" content=\"Opera\u00e7\u00e3o Vol\u00e1til \u2014 Fatos identificados por Majeski j\u00e1 apontavam inconsist\u00eancias no contrato - Jornal Fatos e Not\u00edcias\" \/>\n<meta property=\"og:description\" content=\"Em maio de 2020, os deputados criaram grupo para acompanhar como o Executivo Estadual e as prefeituras empregaram os recursos federais, estaduais e municipais destinados \u00e0 crise na sa\u00fade Secret\u00e1rio-executivo da Frente Parlamentar de Acompanhamento e Fiscaliza\u00e7\u00e3o na Execu\u00e7\u00e3o de Despesas para o Combate \u00e0 Pandemia da Covid, o deputado estadual S\u00e9rgio Majeski (PSB) utilizou [&hellip;]\" \/>\n<meta property=\"og:url\" content=\"https:\/\/jornalfatosenoticias.com.br\/index.php\/2021\/06\/10\/operacao-volatil-fatos-identificados-por-majeski-ja-apontavam-inconsistencias-no-contrato\/\" \/>\n<meta property=\"og:site_name\" content=\"Jornal Fatos e Not\u00edcias\" \/>\n<meta property=\"article:published_time\" content=\"2021-06-10T19:56:19+00:00\" \/>\n<meta property=\"article:modified_time\" content=\"2021-06-10T19:56:24+00:00\" \/>\n<meta property=\"og:image\" content=\"https:\/\/jornalfatosenoticias.com.br\/wp-content\/uploads\/2021\/06\/SM_Foto_Ellen-Campanharo.jpg\" \/>\n\t<meta property=\"og:image:width\" content=\"1000\" \/>\n\t<meta property=\"og:image:height\" content=\"667\" \/>\n\t<meta property=\"og:image:type\" content=\"image\/jpeg\" \/>\n<meta name=\"author\" content=\"Haroldo Filho\" \/>\n<meta name=\"twitter:card\" content=\"summary_large_image\" \/>\n<meta name=\"twitter:label1\" content=\"Escrito por\" \/>\n\t<meta name=\"twitter:data1\" content=\"Haroldo Filho\" \/>\n\t<meta name=\"twitter:label2\" content=\"Est. tempo de leitura\" \/>\n\t<meta name=\"twitter:data2\" content=\"2 minutos\" \/>\n<script type=\"application\/ld+json\" class=\"yoast-schema-graph\">{\"@context\":\"https:\/\/schema.org\",\"@graph\":[{\"@type\":\"Article\",\"@id\":\"https:\/\/jornalfatosenoticias.com.br\/index.php\/2021\/06\/10\/operacao-volatil-fatos-identificados-por-majeski-ja-apontavam-inconsistencias-no-contrato\/#article\",\"isPartOf\":{\"@id\":\"https:\/\/jornalfatosenoticias.com.br\/index.php\/2021\/06\/10\/operacao-volatil-fatos-identificados-por-majeski-ja-apontavam-inconsistencias-no-contrato\/\"},\"author\":{\"name\":\"Haroldo Filho\",\"@id\":\"https:\/\/jornalfatosenoticias.com.br\/#\/schema\/person\/05c46cc25b42a5c27e004fb0fa6b4965\"},\"headline\":\"Opera\u00e7\u00e3o Vol\u00e1til \u2014 Fatos identificados por Majeski j\u00e1 apontavam inconsist\u00eancias no contrato\",\"datePublished\":\"2021-06-10T19:56:19+00:00\",\"dateModified\":\"2021-06-10T19:56:24+00:00\",\"mainEntityOfPage\":{\"@id\":\"https:\/\/jornalfatosenoticias.com.br\/index.php\/2021\/06\/10\/operacao-volatil-fatos-identificados-por-majeski-ja-apontavam-inconsistencias-no-contrato\/\"},\"wordCount\":491,\"commentCount\":0,\"publisher\":{\"@id\":\"https:\/\/jornalfatosenoticias.com.br\/#organization\"},\"image\":{\"@id\":\"https:\/\/jornalfatosenoticias.com.br\/index.php\/2021\/06\/10\/operacao-volatil-fatos-identificados-por-majeski-ja-apontavam-inconsistencias-no-contrato\/#primaryimage\"},\"thumbnailUrl\":\"https:\/\/jornalfatosenoticias.com.br\/wp-content\/uploads\/2021\/06\/SM_Foto_Ellen-Campanharo.jpg\",\"keywords\":[\"combate\",\"fraude\",\"Opera\u00e7\u00e3o Vol\u00e1til\",\"organiza\u00e7\u00e3o criminosa\",\"Pol\u00edcia Federal\",\"Sesa\"],\"articleSection\":[\"Pol\u00edtica\"],\"inLanguage\":\"pt-BR\",\"potentialAction\":[{\"@type\":\"CommentAction\",\"name\":\"Comment\",\"target\":[\"https:\/\/jornalfatosenoticias.com.br\/index.php\/2021\/06\/10\/operacao-volatil-fatos-identificados-por-majeski-ja-apontavam-inconsistencias-no-contrato\/#respond\"]}]},{\"@type\":\"WebPage\",\"@id\":\"https:\/\/jornalfatosenoticias.com.br\/index.php\/2021\/06\/10\/operacao-volatil-fatos-identificados-por-majeski-ja-apontavam-inconsistencias-no-contrato\/\",\"url\":\"https:\/\/jornalfatosenoticias.com.br\/index.php\/2021\/06\/10\/operacao-volatil-fatos-identificados-por-majeski-ja-apontavam-inconsistencias-no-contrato\/\",\"name\":\"Opera\u00e7\u00e3o Vol\u00e1til \u2014 Fatos identificados por Majeski j\u00e1 apontavam inconsist\u00eancias no contrato - Jornal Fatos e Not\u00edcias\",\"isPartOf\":{\"@id\":\"https:\/\/jornalfatosenoticias.com.br\/#website\"},\"primaryImageOfPage\":{\"@id\":\"https:\/\/jornalfatosenoticias.com.br\/index.php\/2021\/06\/10\/operacao-volatil-fatos-identificados-por-majeski-ja-apontavam-inconsistencias-no-contrato\/#primaryimage\"},\"image\":{\"@id\":\"https:\/\/jornalfatosenoticias.com.br\/index.php\/2021\/06\/10\/operacao-volatil-fatos-identificados-por-majeski-ja-apontavam-inconsistencias-no-contrato\/#primaryimage\"},\"thumbnailUrl\":\"https:\/\/jornalfatosenoticias.com.br\/wp-content\/uploads\/2021\/06\/SM_Foto_Ellen-Campanharo.jpg\",\"datePublished\":\"2021-06-10T19:56:19+00:00\",\"dateModified\":\"2021-06-10T19:56:24+00:00\",\"breadcrumb\":{\"@id\":\"https:\/\/jornalfatosenoticias.com.br\/index.php\/2021\/06\/10\/operacao-volatil-fatos-identificados-por-majeski-ja-apontavam-inconsistencias-no-contrato\/#breadcrumb\"},\"inLanguage\":\"pt-BR\",\"potentialAction\":[{\"@type\":\"ReadAction\",\"target\":[\"https:\/\/jornalfatosenoticias.com.br\/index.php\/2021\/06\/10\/operacao-volatil-fatos-identificados-por-majeski-ja-apontavam-inconsistencias-no-contrato\/\"]}]},{\"@type\":\"ImageObject\",\"inLanguage\":\"pt-BR\",\"@id\":\"https:\/\/jornalfatosenoticias.com.br\/index.php\/2021\/06\/10\/operacao-volatil-fatos-identificados-por-majeski-ja-apontavam-inconsistencias-no-contrato\/#primaryimage\",\"url\":\"https:\/\/jornalfatosenoticias.com.br\/wp-content\/uploads\/2021\/06\/SM_Foto_Ellen-Campanharo.jpg\",\"contentUrl\":\"https:\/\/jornalfatosenoticias.com.br\/wp-content\/uploads\/2021\/06\/SM_Foto_Ellen-Campanharo.jpg\",\"width\":1000,\"height\":667},{\"@type\":\"BreadcrumbList\",\"@id\":\"https:\/\/jornalfatosenoticias.com.br\/index.php\/2021\/06\/10\/operacao-volatil-fatos-identificados-por-majeski-ja-apontavam-inconsistencias-no-contrato\/#breadcrumb\",\"itemListElement\":[{\"@type\":\"ListItem\",\"position\":1,\"name\":\"In\u00edcio\",\"item\":\"https:\/\/jornalfatosenoticias.com.br\/\"},{\"@type\":\"ListItem\",\"position\":2,\"name\":\"Opera\u00e7\u00e3o Vol\u00e1til \u2014 Fatos identificados por Majeski j\u00e1 apontavam inconsist\u00eancias no contrato\"}]},{\"@type\":\"WebSite\",\"@id\":\"https:\/\/jornalfatosenoticias.com.br\/#website\",\"url\":\"https:\/\/jornalfatosenoticias.com.br\/\",\"name\":\"Jornal Fatos e Not\u00edcias\",\"description\":\"Not\u00edcias em geral\",\"publisher\":{\"@id\":\"https:\/\/jornalfatosenoticias.com.br\/#organization\"},\"potentialAction\":[{\"@type\":\"SearchAction\",\"target\":{\"@type\":\"EntryPoint\",\"urlTemplate\":\"https:\/\/jornalfatosenoticias.com.br\/?s={search_term_string}\"},\"query-input\":{\"@type\":\"PropertyValueSpecification\",\"valueRequired\":true,\"valueName\":\"search_term_string\"}}],\"inLanguage\":\"pt-BR\"},{\"@type\":\"Organization\",\"@id\":\"https:\/\/jornalfatosenoticias.com.br\/#organization\",\"name\":\"Jornal Fatos e Not\u00edcias\",\"url\":\"https:\/\/jornalfatosenoticias.com.br\/\",\"logo\":{\"@type\":\"ImageObject\",\"inLanguage\":\"pt-BR\",\"@id\":\"https:\/\/jornalfatosenoticias.com.br\/#\/schema\/logo\/image\/\",\"url\":\"https:\/\/jornalfatosenoticias.com.br\/wp-content\/uploads\/2020\/02\/logo120.png\",\"contentUrl\":\"https:\/\/jornalfatosenoticias.com.br\/wp-content\/uploads\/2020\/02\/logo120.png\",\"width\":1227,\"height\":120,\"caption\":\"Jornal Fatos e Not\u00edcias\"},\"image\":{\"@id\":\"https:\/\/jornalfatosenoticias.com.br\/#\/schema\/logo\/image\/\"}},{\"@type\":\"Person\",\"@id\":\"https:\/\/jornalfatosenoticias.com.br\/#\/schema\/person\/05c46cc25b42a5c27e004fb0fa6b4965\",\"name\":\"Haroldo Filho\",\"image\":{\"@type\":\"ImageObject\",\"inLanguage\":\"pt-BR\",\"@id\":\"https:\/\/jornalfatosenoticias.com.br\/#\/schema\/person\/image\/\",\"url\":\"https:\/\/jornalfatosenoticias.com.br\/wp-content\/uploads\/2025\/08\/WhatsApp-Image-2025-08-18-at-15.30.28-150x150.jpeg\",\"contentUrl\":\"https:\/\/jornalfatosenoticias.com.br\/wp-content\/uploads\/2025\/08\/WhatsApp-Image-2025-08-18-at-15.30.28-150x150.jpeg\",\"caption\":\"Haroldo Filho\"},\"description\":\"Jornalista \u2013 DRT: 0003818\/ES Coordenador-geral da ONG Educar para Crescer\",\"url\":\"https:\/\/jornalfatosenoticias.com.br\/index.php\/author\/haroldo\/\"}]}<\/script>\n<!-- \/ Yoast SEO plugin. -->","yoast_head_json":{"title":"Opera\u00e7\u00e3o Vol\u00e1til \u2014 Fatos identificados por Majeski j\u00e1 apontavam inconsist\u00eancias no contrato - Jornal Fatos e Not\u00edcias","robots":{"index":"index","follow":"follow","max-snippet":"max-snippet:-1","max-image-preview":"max-image-preview:large","max-video-preview":"max-video-preview:-1"},"canonical":"https:\/\/jornalfatosenoticias.com.br\/index.php\/2021\/06\/10\/operacao-volatil-fatos-identificados-por-majeski-ja-apontavam-inconsistencias-no-contrato\/","og_locale":"pt_BR","og_type":"article","og_title":"Opera\u00e7\u00e3o Vol\u00e1til \u2014 Fatos identificados por Majeski j\u00e1 apontavam inconsist\u00eancias no contrato - Jornal Fatos e Not\u00edcias","og_description":"Em maio de 2020, os deputados criaram grupo para acompanhar como o Executivo Estadual e as prefeituras empregaram os recursos federais, estaduais e municipais destinados \u00e0 crise na sa\u00fade Secret\u00e1rio-executivo da Frente Parlamentar de Acompanhamento e Fiscaliza\u00e7\u00e3o na Execu\u00e7\u00e3o de Despesas para o Combate \u00e0 Pandemia da Covid, o deputado estadual S\u00e9rgio Majeski (PSB) utilizou [&hellip;]","og_url":"https:\/\/jornalfatosenoticias.com.br\/index.php\/2021\/06\/10\/operacao-volatil-fatos-identificados-por-majeski-ja-apontavam-inconsistencias-no-contrato\/","og_site_name":"Jornal Fatos e Not\u00edcias","article_published_time":"2021-06-10T19:56:19+00:00","article_modified_time":"2021-06-10T19:56:24+00:00","og_image":[{"width":1000,"height":667,"url":"https:\/\/jornalfatosenoticias.com.br\/wp-content\/uploads\/2021\/06\/SM_Foto_Ellen-Campanharo.jpg","type":"image\/jpeg"}],"author":"Haroldo Filho","twitter_card":"summary_large_image","twitter_misc":{"Escrito por":"Haroldo Filho","Est. tempo de leitura":"2 minutos"},"schema":{"@context":"https:\/\/schema.org","@graph":[{"@type":"Article","@id":"https:\/\/jornalfatosenoticias.com.br\/index.php\/2021\/06\/10\/operacao-volatil-fatos-identificados-por-majeski-ja-apontavam-inconsistencias-no-contrato\/#article","isPartOf":{"@id":"https:\/\/jornalfatosenoticias.com.br\/index.php\/2021\/06\/10\/operacao-volatil-fatos-identificados-por-majeski-ja-apontavam-inconsistencias-no-contrato\/"},"author":{"name":"Haroldo Filho","@id":"https:\/\/jornalfatosenoticias.com.br\/#\/schema\/person\/05c46cc25b42a5c27e004fb0fa6b4965"},"headline":"Opera\u00e7\u00e3o Vol\u00e1til \u2014 Fatos identificados por Majeski j\u00e1 apontavam inconsist\u00eancias no contrato","datePublished":"2021-06-10T19:56:19+00:00","dateModified":"2021-06-10T19:56:24+00:00","mainEntityOfPage":{"@id":"https:\/\/jornalfatosenoticias.com.br\/index.php\/2021\/06\/10\/operacao-volatil-fatos-identificados-por-majeski-ja-apontavam-inconsistencias-no-contrato\/"},"wordCount":491,"commentCount":0,"publisher":{"@id":"https:\/\/jornalfatosenoticias.com.br\/#organization"},"image":{"@id":"https:\/\/jornalfatosenoticias.com.br\/index.php\/2021\/06\/10\/operacao-volatil-fatos-identificados-por-majeski-ja-apontavam-inconsistencias-no-contrato\/#primaryimage"},"thumbnailUrl":"https:\/\/jornalfatosenoticias.com.br\/wp-content\/uploads\/2021\/06\/SM_Foto_Ellen-Campanharo.jpg","keywords":["combate","fraude","Opera\u00e7\u00e3o Vol\u00e1til","organiza\u00e7\u00e3o criminosa","Pol\u00edcia Federal","Sesa"],"articleSection":["Pol\u00edtica"],"inLanguage":"pt-BR","potentialAction":[{"@type":"CommentAction","name":"Comment","target":["https:\/\/jornalfatosenoticias.com.br\/index.php\/2021\/06\/10\/operacao-volatil-fatos-identificados-por-majeski-ja-apontavam-inconsistencias-no-contrato\/#respond"]}]},{"@type":"WebPage","@id":"https:\/\/jornalfatosenoticias.com.br\/index.php\/2021\/06\/10\/operacao-volatil-fatos-identificados-por-majeski-ja-apontavam-inconsistencias-no-contrato\/","url":"https:\/\/jornalfatosenoticias.com.br\/index.php\/2021\/06\/10\/operacao-volatil-fatos-identificados-por-majeski-ja-apontavam-inconsistencias-no-contrato\/","name":"Opera\u00e7\u00e3o Vol\u00e1til \u2014 Fatos identificados por Majeski j\u00e1 apontavam inconsist\u00eancias no contrato - Jornal Fatos e Not\u00edcias","isPartOf":{"@id":"https:\/\/jornalfatosenoticias.com.br\/#website"},"primaryImageOfPage":{"@id":"https:\/\/jornalfatosenoticias.com.br\/index.php\/2021\/06\/10\/operacao-volatil-fatos-identificados-por-majeski-ja-apontavam-inconsistencias-no-contrato\/#primaryimage"},"image":{"@id":"https:\/\/jornalfatosenoticias.com.br\/index.php\/2021\/06\/10\/operacao-volatil-fatos-identificados-por-majeski-ja-apontavam-inconsistencias-no-contrato\/#primaryimage"},"thumbnailUrl":"https:\/\/jornalfatosenoticias.com.br\/wp-content\/uploads\/2021\/06\/SM_Foto_Ellen-Campanharo.jpg","datePublished":"2021-06-10T19:56:19+00:00","dateModified":"2021-06-10T19:56:24+00:00","breadcrumb":{"@id":"https:\/\/jornalfatosenoticias.com.br\/index.php\/2021\/06\/10\/operacao-volatil-fatos-identificados-por-majeski-ja-apontavam-inconsistencias-no-contrato\/#breadcrumb"},"inLanguage":"pt-BR","potentialAction":[{"@type":"ReadAction","target":["https:\/\/jornalfatosenoticias.com.br\/index.php\/2021\/06\/10\/operacao-volatil-fatos-identificados-por-majeski-ja-apontavam-inconsistencias-no-contrato\/"]}]},{"@type":"ImageObject","inLanguage":"pt-BR","@id":"https:\/\/jornalfatosenoticias.com.br\/index.php\/2021\/06\/10\/operacao-volatil-fatos-identificados-por-majeski-ja-apontavam-inconsistencias-no-contrato\/#primaryimage","url":"https:\/\/jornalfatosenoticias.com.br\/wp-content\/uploads\/2021\/06\/SM_Foto_Ellen-Campanharo.jpg","contentUrl":"https:\/\/jornalfatosenoticias.com.br\/wp-content\/uploads\/2021\/06\/SM_Foto_Ellen-Campanharo.jpg","width":1000,"height":667},{"@type":"BreadcrumbList","@id":"https:\/\/jornalfatosenoticias.com.br\/index.php\/2021\/06\/10\/operacao-volatil-fatos-identificados-por-majeski-ja-apontavam-inconsistencias-no-contrato\/#breadcrumb","itemListElement":[{"@type":"ListItem","position":1,"name":"In\u00edcio","item":"https:\/\/jornalfatosenoticias.com.br\/"},{"@type":"ListItem","position":2,"name":"Opera\u00e7\u00e3o Vol\u00e1til \u2014 Fatos identificados por Majeski j\u00e1 apontavam inconsist\u00eancias no contrato"}]},{"@type":"WebSite","@id":"https:\/\/jornalfatosenoticias.com.br\/#website","url":"https:\/\/jornalfatosenoticias.com.br\/","name":"Jornal Fatos e Not\u00edcias","description":"Not\u00edcias em geral","publisher":{"@id":"https:\/\/jornalfatosenoticias.com.br\/#organization"},"potentialAction":[{"@type":"SearchAction","target":{"@type":"EntryPoint","urlTemplate":"https:\/\/jornalfatosenoticias.com.br\/?s={search_term_string}"},"query-input":{"@type":"PropertyValueSpecification","valueRequired":true,"valueName":"search_term_string"}}],"inLanguage":"pt-BR"},{"@type":"Organization","@id":"https:\/\/jornalfatosenoticias.com.br\/#organization","name":"Jornal Fatos e Not\u00edcias","url":"https:\/\/jornalfatosenoticias.com.br\/","logo":{"@type":"ImageObject","inLanguage":"pt-BR","@id":"https:\/\/jornalfatosenoticias.com.br\/#\/schema\/logo\/image\/","url":"https:\/\/jornalfatosenoticias.com.br\/wp-content\/uploads\/2020\/02\/logo120.png","contentUrl":"https:\/\/jornalfatosenoticias.com.br\/wp-content\/uploads\/2020\/02\/logo120.png","width":1227,"height":120,"caption":"Jornal Fatos e Not\u00edcias"},"image":{"@id":"https:\/\/jornalfatosenoticias.com.br\/#\/schema\/logo\/image\/"}},{"@type":"Person","@id":"https:\/\/jornalfatosenoticias.com.br\/#\/schema\/person\/05c46cc25b42a5c27e004fb0fa6b4965","name":"Haroldo Filho","image":{"@type":"ImageObject","inLanguage":"pt-BR","@id":"https:\/\/jornalfatosenoticias.com.br\/#\/schema\/person\/image\/","url":"https:\/\/jornalfatosenoticias.com.br\/wp-content\/uploads\/2025\/08\/WhatsApp-Image-2025-08-18-at-15.30.28-150x150.jpeg","contentUrl":"https:\/\/jornalfatosenoticias.com.br\/wp-content\/uploads\/2025\/08\/WhatsApp-Image-2025-08-18-at-15.30.28-150x150.jpeg","caption":"Haroldo Filho"},"description":"Jornalista \u2013 DRT: 0003818\/ES Coordenador-geral da ONG Educar para Crescer","url":"https:\/\/jornalfatosenoticias.com.br\/index.php\/author\/haroldo\/"}]}},"cc_featured_image_caption":{"caption_text":"(Foto: Ellen Campanharo\/Ales)","source_text":"","source_url":""},"jetpack_featured_media_url":"https:\/\/jornalfatosenoticias.com.br\/wp-content\/uploads\/2021\/06\/SM_Foto_Ellen-Campanharo.jpg","_links":{"self":[{"href":"https:\/\/jornalfatosenoticias.com.br\/index.php\/wp-json\/wp\/v2\/posts\/19229","targetHints":{"allow":["GET"]}}],"collection":[{"href":"https:\/\/jornalfatosenoticias.com.br\/index.php\/wp-json\/wp\/v2\/posts"}],"about":[{"href":"https:\/\/jornalfatosenoticias.com.br\/index.php\/wp-json\/wp\/v2\/types\/post"}],"author":[{"embeddable":true,"href":"https:\/\/jornalfatosenoticias.com.br\/index.php\/wp-json\/wp\/v2\/users\/3"}],"replies":[{"embeddable":true,"href":"https:\/\/jornalfatosenoticias.com.br\/index.php\/wp-json\/wp\/v2\/comments?post=19229"}],"version-history":[{"count":0,"href":"https:\/\/jornalfatosenoticias.com.br\/index.php\/wp-json\/wp\/v2\/posts\/19229\/revisions"}],"wp:featuredmedia":[{"embeddable":true,"href":"https:\/\/jornalfatosenoticias.com.br\/index.php\/wp-json\/wp\/v2\/media\/19230"}],"wp:attachment":[{"href":"https:\/\/jornalfatosenoticias.com.br\/index.php\/wp-json\/wp\/v2\/media?parent=19229"}],"wp:term":[{"taxonomy":"category","embeddable":true,"href":"https:\/\/jornalfatosenoticias.com.br\/index.php\/wp-json\/wp\/v2\/categories?post=19229"},{"taxonomy":"post_tag","embeddable":true,"href":"https:\/\/jornalfatosenoticias.com.br\/index.php\/wp-json\/wp\/v2\/tags?post=19229"}],"curies":[{"name":"wp","href":"https:\/\/api.w.org\/{rel}","templated":true}]}}