{"id":19299,"date":"2021-06-11T18:39:58","date_gmt":"2021-06-11T21:39:58","guid":{"rendered":"https:\/\/jornalfatosenoticias.com.br\/?p=19299"},"modified":"2021-06-11T18:40:00","modified_gmt":"2021-06-11T21:40:00","slug":"pedra-da-cebola-recebe-evento-de-adocao-de-animais-neste-sabado-12","status":"publish","type":"post","link":"https:\/\/jornalfatosenoticias.com.br\/index.php\/2021\/06\/11\/pedra-da-cebola-recebe-evento-de-adocao-de-animais-neste-sabado-12\/","title":{"rendered":"Pedra da Cebola recebe evento de ado\u00e7\u00e3o de animais neste s\u00e1bado (12)"},"content":{"rendered":"\n<p><em><span class=\"has-inline-color has-black-color\">C\u00e3es e gatos estar\u00e3o dispon\u00edveis para ado\u00e7\u00e3o no Parque Pedra da Cebola, das 9 \u00e0s 15 horas<\/span><\/em><\/p>\n\n\n\n<p>No Dia dos Namorados, que tal encontrar um novo amor em forma de um bichinho de estima\u00e7\u00e3o? A Secretaria Municipal de Sa\u00fade (Semus) promove, neste s\u00e1bado (12), o Evento de Ado\u00e7\u00e3o de Animais, no Parque Pedra da Cebola, das 9 \u00e0s 15 horas.<br>Para adotar um dos animais, \u00e9 necess\u00e1rio ter idade m\u00ednima de 18 anos e, no ato da ado\u00e7\u00e3o, apresentar CPF, RG e comprovante de resid\u00eancia.<br>Durante a a\u00e7\u00e3o, tamb\u00e9m ser\u00e1 montado um posto volante para vacina\u00e7\u00e3o contra a raiva para quem j\u00e1 tem c\u00e3es e gatos em casa.<br>O evento, que ser\u00e1 realizado em parceria com a Secretaria Municipal de Meio Ambiente (Semmam), seguir\u00e1 os protocolos de biosseguran\u00e7a para a preven\u00e7\u00e3o ao coronav\u00edrus, disponibilizando \u00e1lcool em gel e cumprindo a obrigatoriedade do uso de m\u00e1scaras e distanciamento.<\/p>\n\n\n\n<h4 class=\"wp-block-heading\"><strong><span class=\"has-inline-color has-black-color\">Crit\u00e9rios para recolhimento<\/span><\/strong><\/h4>\n\n\n\n<div class=\"wp-block-jetpack-slideshow aligncenter\" data-effect=\"slide\"><div class=\"wp-block-jetpack-slideshow_container swiper-container\"><ul class=\"wp-block-jetpack-slideshow_swiper-wrapper swiper-wrapper\"><li class=\"wp-block-jetpack-slideshow_slide swiper-slide\"><figure><img loading=\"lazy\" decoding=\"async\" width=\"1000\" height=\"562\" alt=\"\" class=\"wp-block-jetpack-slideshow_image wp-image-19300\" data-id=\"19300\" src=\"https:\/\/jornalfatosenoticias.com.br\/wp-content\/uploads\/2021\/06\/adocao-animais2.jpg\" srcset=\"https:\/\/jornalfatosenoticias.com.br\/wp-content\/uploads\/2021\/06\/adocao-animais2.jpg 1000w, https:\/\/jornalfatosenoticias.com.br\/wp-content\/uploads\/2021\/06\/adocao-animais2-300x169.jpg 300w, https:\/\/jornalfatosenoticias.com.br\/wp-content\/uploads\/2021\/06\/adocao-animais2-768x432.jpg 768w\" sizes=\"auto, (max-width: 1000px) 100vw, 1000px\" \/><figcaption class=\"wp-block-jetpack-slideshow_caption gallery-caption\">Evento contar\u00e1 com animais que foram recolhidos e tratados pelo Centro de Vigil\u00e2ncia em Sa\u00fade Ambiental (Foto: Andr\u00e9 Sobral)<\/figcaption><\/figure><\/li><li class=\"wp-block-jetpack-slideshow_slide swiper-slide\"><figure><img loading=\"lazy\" decoding=\"async\" width=\"1000\" height=\"562\" alt=\"\" class=\"wp-block-jetpack-slideshow_image wp-image-19301\" data-id=\"19301\" src=\"https:\/\/jornalfatosenoticias.com.br\/wp-content\/uploads\/2021\/06\/adocao-animais3.jpg\" srcset=\"https:\/\/jornalfatosenoticias.com.br\/wp-content\/uploads\/2021\/06\/adocao-animais3.jpg 1000w, https:\/\/jornalfatosenoticias.com.br\/wp-content\/uploads\/2021\/06\/adocao-animais3-300x169.jpg 300w, https:\/\/jornalfatosenoticias.com.br\/wp-content\/uploads\/2021\/06\/adocao-animais3-768x432.jpg 768w\" sizes=\"auto, (max-width: 1000px) 100vw, 1000px\" \/><figcaption class=\"wp-block-jetpack-slideshow_caption gallery-caption\">Evento contar\u00e1 com animais que foram recolhidos e tratados pelo Centro de Vigil\u00e2ncia em Sa\u00fade Ambiental (Foto: Andr\u00e9 Sobral)<\/figcaption><\/figure><\/li><li class=\"wp-block-jetpack-slideshow_slide swiper-slide\"><figure><img loading=\"lazy\" decoding=\"async\" width=\"1000\" height=\"563\" alt=\"\" class=\"wp-block-jetpack-slideshow_image wp-image-19302\" data-id=\"19302\" src=\"https:\/\/jornalfatosenoticias.com.br\/wp-content\/uploads\/2021\/06\/adocao-animais4.jpg\" srcset=\"https:\/\/jornalfatosenoticias.com.br\/wp-content\/uploads\/2021\/06\/adocao-animais4.jpg 1000w, https:\/\/jornalfatosenoticias.com.br\/wp-content\/uploads\/2021\/06\/adocao-animais4-300x169.jpg 300w, https:\/\/jornalfatosenoticias.com.br\/wp-content\/uploads\/2021\/06\/adocao-animais4-768x432.jpg 768w\" sizes=\"auto, (max-width: 1000px) 100vw, 1000px\" \/><figcaption class=\"wp-block-jetpack-slideshow_caption gallery-caption\">Evento contar\u00e1 com animais que foram recolhidos e tratados pelo Centro de Vigil\u00e2ncia em Sa\u00fade Ambiental (Foto: Andr\u00e9 Sobral)<\/figcaption><\/figure><\/li><\/ul><a class=\"wp-block-jetpack-slideshow_button-prev swiper-button-prev swiper-button-white\" role=\"button\"><\/a><a class=\"wp-block-jetpack-slideshow_button-next swiper-button-next swiper-button-white\" role=\"button\"><\/a><a aria-label=\"Pause Slideshow\" class=\"wp-block-jetpack-slideshow_button-pause\" role=\"button\"><\/a><div class=\"wp-block-jetpack-slideshow_pagination swiper-pagination swiper-pagination-white\"><\/div><\/div><\/div>\n\n\n\n<p>Os animais que estar\u00e3o no Parque Pedra da Cebola foram recolhidos pelo Centro de Vigil\u00e2ncia em Sa\u00fade Ambiental (CVSA) por trazerem risco \u00e0 sa\u00fade p\u00fablica.<br>Entre os crit\u00e9rios para recolhimento, est\u00e3o o fato de os animais manifestarem comportamento agressivo ou terem sido atropelados.<br>Todos os animais s\u00e3o submetidos a avalia\u00e7\u00e3o m\u00e9dica veterin\u00e1ria, tratamento, vermifuga\u00e7\u00e3o, vacina\u00e7\u00e3o e, quando maiores de seis meses de idade, s\u00e3o castrados, microchipados e liberados para ado\u00e7\u00e3o, ap\u00f3s ressocializa\u00e7\u00e3o.<\/p>\n\n\n\n<h4 class=\"wp-block-heading\"><strong><span class=\"has-inline-color has-black-color\">Benef\u00edcios de adotar um animal de estima\u00e7\u00e3o<\/span><\/strong><\/h4>\n\n\n\n<div class=\"wp-block-jetpack-slideshow aligncenter\" data-effect=\"slide\"><div class=\"wp-block-jetpack-slideshow_container swiper-container\"><ul class=\"wp-block-jetpack-slideshow_swiper-wrapper swiper-wrapper\"><li class=\"wp-block-jetpack-slideshow_slide swiper-slide\"><figure><img loading=\"lazy\" decoding=\"async\" width=\"1000\" height=\"562\" alt=\"\" class=\"wp-block-jetpack-slideshow_image wp-image-19303\" data-id=\"19303\" src=\"https:\/\/jornalfatosenoticias.com.br\/wp-content\/uploads\/2021\/06\/adocao-animais5.jpg\" srcset=\"https:\/\/jornalfatosenoticias.com.br\/wp-content\/uploads\/2021\/06\/adocao-animais5.jpg 1000w, https:\/\/jornalfatosenoticias.com.br\/wp-content\/uploads\/2021\/06\/adocao-animais5-300x169.jpg 300w, https:\/\/jornalfatosenoticias.com.br\/wp-content\/uploads\/2021\/06\/adocao-animais5-768x432.jpg 768w\" sizes=\"auto, (max-width: 1000px) 100vw, 1000px\" \/><figcaption class=\"wp-block-jetpack-slideshow_caption gallery-caption\">Evento contar\u00e1 com animais que foram recolhidos e tratados pelo Centro de Vigil\u00e2ncia em Sa\u00fade Ambiental (Foto: Andr\u00e9 Sobral)<\/figcaption><\/figure><\/li><li class=\"wp-block-jetpack-slideshow_slide swiper-slide\"><figure><img loading=\"lazy\" decoding=\"async\" width=\"1000\" height=\"562\" alt=\"\" class=\"wp-block-jetpack-slideshow_image wp-image-19304\" data-id=\"19304\" src=\"https:\/\/jornalfatosenoticias.com.br\/wp-content\/uploads\/2021\/06\/adocao-animais6.jpg\" srcset=\"https:\/\/jornalfatosenoticias.com.br\/wp-content\/uploads\/2021\/06\/adocao-animais6.jpg 1000w, https:\/\/jornalfatosenoticias.com.br\/wp-content\/uploads\/2021\/06\/adocao-animais6-300x169.jpg 300w, https:\/\/jornalfatosenoticias.com.br\/wp-content\/uploads\/2021\/06\/adocao-animais6-768x432.jpg 768w\" sizes=\"auto, (max-width: 1000px) 100vw, 1000px\" \/><figcaption class=\"wp-block-jetpack-slideshow_caption gallery-caption\">Evento contar\u00e1 com animais que foram recolhidos e tratados pelo Centro de Vigil\u00e2ncia em Sa\u00fade Ambiental (Foto: Andr\u00e9 Sobral)<\/figcaption><\/figure><\/li><li class=\"wp-block-jetpack-slideshow_slide swiper-slide\"><figure><img loading=\"lazy\" decoding=\"async\" width=\"1000\" height=\"562\" alt=\"\" class=\"wp-block-jetpack-slideshow_image wp-image-19305\" data-id=\"19305\" src=\"https:\/\/jornalfatosenoticias.com.br\/wp-content\/uploads\/2021\/06\/adocao-animais7.jpg\" srcset=\"https:\/\/jornalfatosenoticias.com.br\/wp-content\/uploads\/2021\/06\/adocao-animais7.jpg 1000w, https:\/\/jornalfatosenoticias.com.br\/wp-content\/uploads\/2021\/06\/adocao-animais7-300x169.jpg 300w, https:\/\/jornalfatosenoticias.com.br\/wp-content\/uploads\/2021\/06\/adocao-animais7-768x432.jpg 768w\" sizes=\"auto, (max-width: 1000px) 100vw, 1000px\" \/><figcaption class=\"wp-block-jetpack-slideshow_caption gallery-caption\">Evento contar\u00e1 com animais que foram recolhidos e tratados pelo Centro de Vigil\u00e2ncia em Sa\u00fade Ambiental (Foto: Andr\u00e9 Sobral)<\/figcaption><\/figure><\/li><\/ul><a class=\"wp-block-jetpack-slideshow_button-prev swiper-button-prev swiper-button-white\" role=\"button\"><\/a><a class=\"wp-block-jetpack-slideshow_button-next swiper-button-next swiper-button-white\" role=\"button\"><\/a><a aria-label=\"Pause Slideshow\" class=\"wp-block-jetpack-slideshow_button-pause\" role=\"button\"><\/a><div class=\"wp-block-jetpack-slideshow_pagination swiper-pagination swiper-pagination-white\"><\/div><\/div><\/div>\n\n\n\n<p>Segundo pesquisas de \u00f3rg\u00e3os como o Centro de Controle e Preven\u00e7\u00e3o de Doen\u00e7as (CDC) e do Instituto Nacional de Sa\u00fade (NIH), nos Estados Unidos, animais dom\u00e9sticos diminuem o estresse, reduzem a press\u00e3o sangu\u00ednea, previnem e ajudam no tratamento de doen\u00e7as como depress\u00e3o, alergias e at\u00e9 mesmo de doen\u00e7as cardiovasculares.<br>A ado\u00e7\u00e3o de animais tamb\u00e9m combate o abandono, a explora\u00e7\u00e3o e os maus-tratos aos animais.<\/p>\n\n\n\n<p><strong><em>Fonte: <a href=\"https:\/\/www.vitoria.es.gov.br\/noticia\/pedra-da-cebola-recebe-evento-de-adocao-de-animais-neste-sabado-42902\">PMV<\/a><\/em><\/strong><\/p>\n","protected":false},"excerpt":{"rendered":"<p>C\u00e3es e gatos estar\u00e3o dispon\u00edveis para ado\u00e7\u00e3o no Parque Pedra da Cebola, das 9 \u00e0s 15 horas No Dia dos Namorados, que tal encontrar um novo amor em forma de um bichinho de estima\u00e7\u00e3o? A Secretaria Municipal de Sa\u00fade (Semus) promove, neste s\u00e1bado (12), o Evento de Ado\u00e7\u00e3o de Animais, no Parque Pedra da Cebola, [&hellip;]<\/p>\n","protected":false},"author":2,"featured_media":19306,"comment_status":"open","ping_status":"open","sticky":false,"template":"","format":"standard","meta":{"footnotes":""},"categories":[5],"tags":[2878,4535,9470,9469],"class_list":["post-19299","post","type-post","status-publish","format-standard","has-post-thumbnail","hentry","category-geral","tag-adocao","tag-animais-de-estimacao","tag-centro-de-vigilancia-em-saude-ambiental","tag-parque-pedra-da-cebola"],"yoast_head":"<!-- This site is optimized with the Yoast SEO plugin v26.5 - https:\/\/yoast.com\/wordpress\/plugins\/seo\/ -->\n<title>Pedra da Cebola recebe evento de ado\u00e7\u00e3o de animais neste s\u00e1bado (12) - Jornal Fatos e Not\u00edcias<\/title>\n<meta name=\"robots\" content=\"index, follow, max-snippet:-1, max-image-preview:large, max-video-preview:-1\" \/>\n<link rel=\"canonical\" href=\"https:\/\/jornalfatosenoticias.com.br\/index.php\/2021\/06\/11\/pedra-da-cebola-recebe-evento-de-adocao-de-animais-neste-sabado-12\/\" \/>\n<meta property=\"og:locale\" content=\"pt_BR\" \/>\n<meta property=\"og:type\" content=\"article\" \/>\n<meta property=\"og:title\" content=\"Pedra da Cebola recebe evento de ado\u00e7\u00e3o de animais neste s\u00e1bado (12) - Jornal Fatos e Not\u00edcias\" \/>\n<meta property=\"og:description\" content=\"C\u00e3es e gatos estar\u00e3o dispon\u00edveis para ado\u00e7\u00e3o no Parque Pedra da Cebola, das 9 \u00e0s 15 horas No Dia dos Namorados, que tal encontrar um novo amor em forma de um bichinho de estima\u00e7\u00e3o? A Secretaria Municipal de Sa\u00fade (Semus) promove, neste s\u00e1bado (12), o Evento de Ado\u00e7\u00e3o de Animais, no Parque Pedra da Cebola, [&hellip;]\" \/>\n<meta property=\"og:url\" content=\"https:\/\/jornalfatosenoticias.com.br\/index.php\/2021\/06\/11\/pedra-da-cebola-recebe-evento-de-adocao-de-animais-neste-sabado-12\/\" \/>\n<meta property=\"og:site_name\" content=\"Jornal Fatos e Not\u00edcias\" \/>\n<meta property=\"article:published_time\" content=\"2021-06-11T21:39:58+00:00\" \/>\n<meta property=\"article:modified_time\" content=\"2021-06-11T21:40:00+00:00\" \/>\n<meta property=\"og:image\" content=\"https:\/\/jornalfatosenoticias.com.br\/wp-content\/uploads\/2021\/06\/adocao-animais.jpg\" \/>\n\t<meta property=\"og:image:width\" content=\"1000\" \/>\n\t<meta property=\"og:image:height\" content=\"361\" \/>\n\t<meta property=\"og:image:type\" content=\"image\/jpeg\" \/>\n<meta name=\"author\" content=\"Luzimara Fernandes\" \/>\n<meta name=\"twitter:card\" content=\"summary_large_image\" \/>\n<meta name=\"twitter:label1\" content=\"Escrito por\" \/>\n\t<meta name=\"twitter:data1\" content=\"Luzimara Fernandes\" \/>\n\t<meta name=\"twitter:label2\" content=\"Est. tempo de leitura\" \/>\n\t<meta name=\"twitter:data2\" content=\"2 minutos\" \/>\n<script type=\"application\/ld+json\" class=\"yoast-schema-graph\">{\"@context\":\"https:\/\/schema.org\",\"@graph\":[{\"@type\":\"Article\",\"@id\":\"https:\/\/jornalfatosenoticias.com.br\/index.php\/2021\/06\/11\/pedra-da-cebola-recebe-evento-de-adocao-de-animais-neste-sabado-12\/#article\",\"isPartOf\":{\"@id\":\"https:\/\/jornalfatosenoticias.com.br\/index.php\/2021\/06\/11\/pedra-da-cebola-recebe-evento-de-adocao-de-animais-neste-sabado-12\/\"},\"author\":{\"name\":\"Luzimara Fernandes\",\"@id\":\"https:\/\/jornalfatosenoticias.com.br\/#\/schema\/person\/d63837fa13ac8666eb9e74e0985d6f81\"},\"headline\":\"Pedra da Cebola recebe evento de ado\u00e7\u00e3o de animais neste s\u00e1bado (12)\",\"datePublished\":\"2021-06-11T21:39:58+00:00\",\"dateModified\":\"2021-06-11T21:40:00+00:00\",\"mainEntityOfPage\":{\"@id\":\"https:\/\/jornalfatosenoticias.com.br\/index.php\/2021\/06\/11\/pedra-da-cebola-recebe-evento-de-adocao-de-animais-neste-sabado-12\/\"},\"wordCount\":479,\"commentCount\":0,\"publisher\":{\"@id\":\"https:\/\/jornalfatosenoticias.com.br\/#organization\"},\"image\":{\"@id\":\"https:\/\/jornalfatosenoticias.com.br\/index.php\/2021\/06\/11\/pedra-da-cebola-recebe-evento-de-adocao-de-animais-neste-sabado-12\/#primaryimage\"},\"thumbnailUrl\":\"https:\/\/jornalfatosenoticias.com.br\/wp-content\/uploads\/2021\/06\/adocao-animais.jpg\",\"keywords\":[\"ado\u00e7\u00e3o\",\"animais de estima\u00e7\u00e3o\",\"Centro de Vigil\u00e2ncia em Sa\u00fade Ambiental\",\"Parque Pedra da Cebola\"],\"articleSection\":[\"Geral\"],\"inLanguage\":\"pt-BR\",\"potentialAction\":[{\"@type\":\"CommentAction\",\"name\":\"Comment\",\"target\":[\"https:\/\/jornalfatosenoticias.com.br\/index.php\/2021\/06\/11\/pedra-da-cebola-recebe-evento-de-adocao-de-animais-neste-sabado-12\/#respond\"]}]},{\"@type\":\"WebPage\",\"@id\":\"https:\/\/jornalfatosenoticias.com.br\/index.php\/2021\/06\/11\/pedra-da-cebola-recebe-evento-de-adocao-de-animais-neste-sabado-12\/\",\"url\":\"https:\/\/jornalfatosenoticias.com.br\/index.php\/2021\/06\/11\/pedra-da-cebola-recebe-evento-de-adocao-de-animais-neste-sabado-12\/\",\"name\":\"Pedra da Cebola recebe evento de ado\u00e7\u00e3o de animais neste s\u00e1bado (12) - Jornal Fatos e Not\u00edcias\",\"isPartOf\":{\"@id\":\"https:\/\/jornalfatosenoticias.com.br\/#website\"},\"primaryImageOfPage\":{\"@id\":\"https:\/\/jornalfatosenoticias.com.br\/index.php\/2021\/06\/11\/pedra-da-cebola-recebe-evento-de-adocao-de-animais-neste-sabado-12\/#primaryimage\"},\"image\":{\"@id\":\"https:\/\/jornalfatosenoticias.com.br\/index.php\/2021\/06\/11\/pedra-da-cebola-recebe-evento-de-adocao-de-animais-neste-sabado-12\/#primaryimage\"},\"thumbnailUrl\":\"https:\/\/jornalfatosenoticias.com.br\/wp-content\/uploads\/2021\/06\/adocao-animais.jpg\",\"datePublished\":\"2021-06-11T21:39:58+00:00\",\"dateModified\":\"2021-06-11T21:40:00+00:00\",\"breadcrumb\":{\"@id\":\"https:\/\/jornalfatosenoticias.com.br\/index.php\/2021\/06\/11\/pedra-da-cebola-recebe-evento-de-adocao-de-animais-neste-sabado-12\/#breadcrumb\"},\"inLanguage\":\"pt-BR\",\"potentialAction\":[{\"@type\":\"ReadAction\",\"target\":[\"https:\/\/jornalfatosenoticias.com.br\/index.php\/2021\/06\/11\/pedra-da-cebola-recebe-evento-de-adocao-de-animais-neste-sabado-12\/\"]}]},{\"@type\":\"ImageObject\",\"inLanguage\":\"pt-BR\",\"@id\":\"https:\/\/jornalfatosenoticias.com.br\/index.php\/2021\/06\/11\/pedra-da-cebola-recebe-evento-de-adocao-de-animais-neste-sabado-12\/#primaryimage\",\"url\":\"https:\/\/jornalfatosenoticias.com.br\/wp-content\/uploads\/2021\/06\/adocao-animais.jpg\",\"contentUrl\":\"https:\/\/jornalfatosenoticias.com.br\/wp-content\/uploads\/2021\/06\/adocao-animais.jpg\",\"width\":1000,\"height\":361},{\"@type\":\"BreadcrumbList\",\"@id\":\"https:\/\/jornalfatosenoticias.com.br\/index.php\/2021\/06\/11\/pedra-da-cebola-recebe-evento-de-adocao-de-animais-neste-sabado-12\/#breadcrumb\",\"itemListElement\":[{\"@type\":\"ListItem\",\"position\":1,\"name\":\"In\u00edcio\",\"item\":\"https:\/\/jornalfatosenoticias.com.br\/\"},{\"@type\":\"ListItem\",\"position\":2,\"name\":\"Pedra da Cebola recebe evento de ado\u00e7\u00e3o de animais neste s\u00e1bado (12)\"}]},{\"@type\":\"WebSite\",\"@id\":\"https:\/\/jornalfatosenoticias.com.br\/#website\",\"url\":\"https:\/\/jornalfatosenoticias.com.br\/\",\"name\":\"Jornal Fatos e Not\u00edcias\",\"description\":\"Not\u00edcias em geral\",\"publisher\":{\"@id\":\"https:\/\/jornalfatosenoticias.com.br\/#organization\"},\"potentialAction\":[{\"@type\":\"SearchAction\",\"target\":{\"@type\":\"EntryPoint\",\"urlTemplate\":\"https:\/\/jornalfatosenoticias.com.br\/?s={search_term_string}\"},\"query-input\":{\"@type\":\"PropertyValueSpecification\",\"valueRequired\":true,\"valueName\":\"search_term_string\"}}],\"inLanguage\":\"pt-BR\"},{\"@type\":\"Organization\",\"@id\":\"https:\/\/jornalfatosenoticias.com.br\/#organization\",\"name\":\"Jornal Fatos e Not\u00edcias\",\"url\":\"https:\/\/jornalfatosenoticias.com.br\/\",\"logo\":{\"@type\":\"ImageObject\",\"inLanguage\":\"pt-BR\",\"@id\":\"https:\/\/jornalfatosenoticias.com.br\/#\/schema\/logo\/image\/\",\"url\":\"https:\/\/jornalfatosenoticias.com.br\/wp-content\/uploads\/2020\/02\/logo120.png\",\"contentUrl\":\"https:\/\/jornalfatosenoticias.com.br\/wp-content\/uploads\/2020\/02\/logo120.png\",\"width\":1227,\"height\":120,\"caption\":\"Jornal Fatos e Not\u00edcias\"},\"image\":{\"@id\":\"https:\/\/jornalfatosenoticias.com.br\/#\/schema\/logo\/image\/\"}},{\"@type\":\"Person\",\"@id\":\"https:\/\/jornalfatosenoticias.com.br\/#\/schema\/person\/d63837fa13ac8666eb9e74e0985d6f81\",\"name\":\"Luzimara Fernandes\",\"image\":{\"@type\":\"ImageObject\",\"inLanguage\":\"pt-BR\",\"@id\":\"https:\/\/jornalfatosenoticias.com.br\/#\/schema\/person\/image\/\",\"url\":\"https:\/\/jornalfatosenoticias.com.br\/wp-content\/uploads\/2025\/05\/EU_portal.jpg\",\"contentUrl\":\"https:\/\/jornalfatosenoticias.com.br\/wp-content\/uploads\/2025\/05\/EU_portal.jpg\",\"caption\":\"Luzimara Fernandes\"},\"description\":\"Jornalista MTB 2358-ES\",\"sameAs\":[\"https:\/\/jornalfatosenoticias.com.br\"],\"url\":\"https:\/\/jornalfatosenoticias.com.br\/index.php\/author\/luzimara\/\"}]}<\/script>\n<!-- \/ Yoast SEO plugin. -->","yoast_head_json":{"title":"Pedra da Cebola recebe evento de ado\u00e7\u00e3o de animais neste s\u00e1bado (12) - Jornal Fatos e Not\u00edcias","robots":{"index":"index","follow":"follow","max-snippet":"max-snippet:-1","max-image-preview":"max-image-preview:large","max-video-preview":"max-video-preview:-1"},"canonical":"https:\/\/jornalfatosenoticias.com.br\/index.php\/2021\/06\/11\/pedra-da-cebola-recebe-evento-de-adocao-de-animais-neste-sabado-12\/","og_locale":"pt_BR","og_type":"article","og_title":"Pedra da Cebola recebe evento de ado\u00e7\u00e3o de animais neste s\u00e1bado (12) - Jornal Fatos e Not\u00edcias","og_description":"C\u00e3es e gatos estar\u00e3o dispon\u00edveis para ado\u00e7\u00e3o no Parque Pedra da Cebola, das 9 \u00e0s 15 horas No Dia dos Namorados, que tal encontrar um novo amor em forma de um bichinho de estima\u00e7\u00e3o? A Secretaria Municipal de Sa\u00fade (Semus) promove, neste s\u00e1bado (12), o Evento de Ado\u00e7\u00e3o de Animais, no Parque Pedra da Cebola, [&hellip;]","og_url":"https:\/\/jornalfatosenoticias.com.br\/index.php\/2021\/06\/11\/pedra-da-cebola-recebe-evento-de-adocao-de-animais-neste-sabado-12\/","og_site_name":"Jornal Fatos e Not\u00edcias","article_published_time":"2021-06-11T21:39:58+00:00","article_modified_time":"2021-06-11T21:40:00+00:00","og_image":[{"width":1000,"height":361,"url":"https:\/\/jornalfatosenoticias.com.br\/wp-content\/uploads\/2021\/06\/adocao-animais.jpg","type":"image\/jpeg"}],"author":"Luzimara Fernandes","twitter_card":"summary_large_image","twitter_misc":{"Escrito por":"Luzimara Fernandes","Est. tempo de leitura":"2 minutos"},"schema":{"@context":"https:\/\/schema.org","@graph":[{"@type":"Article","@id":"https:\/\/jornalfatosenoticias.com.br\/index.php\/2021\/06\/11\/pedra-da-cebola-recebe-evento-de-adocao-de-animais-neste-sabado-12\/#article","isPartOf":{"@id":"https:\/\/jornalfatosenoticias.com.br\/index.php\/2021\/06\/11\/pedra-da-cebola-recebe-evento-de-adocao-de-animais-neste-sabado-12\/"},"author":{"name":"Luzimara Fernandes","@id":"https:\/\/jornalfatosenoticias.com.br\/#\/schema\/person\/d63837fa13ac8666eb9e74e0985d6f81"},"headline":"Pedra da Cebola recebe evento de ado\u00e7\u00e3o de animais neste s\u00e1bado (12)","datePublished":"2021-06-11T21:39:58+00:00","dateModified":"2021-06-11T21:40:00+00:00","mainEntityOfPage":{"@id":"https:\/\/jornalfatosenoticias.com.br\/index.php\/2021\/06\/11\/pedra-da-cebola-recebe-evento-de-adocao-de-animais-neste-sabado-12\/"},"wordCount":479,"commentCount":0,"publisher":{"@id":"https:\/\/jornalfatosenoticias.com.br\/#organization"},"image":{"@id":"https:\/\/jornalfatosenoticias.com.br\/index.php\/2021\/06\/11\/pedra-da-cebola-recebe-evento-de-adocao-de-animais-neste-sabado-12\/#primaryimage"},"thumbnailUrl":"https:\/\/jornalfatosenoticias.com.br\/wp-content\/uploads\/2021\/06\/adocao-animais.jpg","keywords":["ado\u00e7\u00e3o","animais de estima\u00e7\u00e3o","Centro de Vigil\u00e2ncia em Sa\u00fade Ambiental","Parque Pedra da Cebola"],"articleSection":["Geral"],"inLanguage":"pt-BR","potentialAction":[{"@type":"CommentAction","name":"Comment","target":["https:\/\/jornalfatosenoticias.com.br\/index.php\/2021\/06\/11\/pedra-da-cebola-recebe-evento-de-adocao-de-animais-neste-sabado-12\/#respond"]}]},{"@type":"WebPage","@id":"https:\/\/jornalfatosenoticias.com.br\/index.php\/2021\/06\/11\/pedra-da-cebola-recebe-evento-de-adocao-de-animais-neste-sabado-12\/","url":"https:\/\/jornalfatosenoticias.com.br\/index.php\/2021\/06\/11\/pedra-da-cebola-recebe-evento-de-adocao-de-animais-neste-sabado-12\/","name":"Pedra da Cebola recebe evento de ado\u00e7\u00e3o de animais neste s\u00e1bado (12) - Jornal Fatos e Not\u00edcias","isPartOf":{"@id":"https:\/\/jornalfatosenoticias.com.br\/#website"},"primaryImageOfPage":{"@id":"https:\/\/jornalfatosenoticias.com.br\/index.php\/2021\/06\/11\/pedra-da-cebola-recebe-evento-de-adocao-de-animais-neste-sabado-12\/#primaryimage"},"image":{"@id":"https:\/\/jornalfatosenoticias.com.br\/index.php\/2021\/06\/11\/pedra-da-cebola-recebe-evento-de-adocao-de-animais-neste-sabado-12\/#primaryimage"},"thumbnailUrl":"https:\/\/jornalfatosenoticias.com.br\/wp-content\/uploads\/2021\/06\/adocao-animais.jpg","datePublished":"2021-06-11T21:39:58+00:00","dateModified":"2021-06-11T21:40:00+00:00","breadcrumb":{"@id":"https:\/\/jornalfatosenoticias.com.br\/index.php\/2021\/06\/11\/pedra-da-cebola-recebe-evento-de-adocao-de-animais-neste-sabado-12\/#breadcrumb"},"inLanguage":"pt-BR","potentialAction":[{"@type":"ReadAction","target":["https:\/\/jornalfatosenoticias.com.br\/index.php\/2021\/06\/11\/pedra-da-cebola-recebe-evento-de-adocao-de-animais-neste-sabado-12\/"]}]},{"@type":"ImageObject","inLanguage":"pt-BR","@id":"https:\/\/jornalfatosenoticias.com.br\/index.php\/2021\/06\/11\/pedra-da-cebola-recebe-evento-de-adocao-de-animais-neste-sabado-12\/#primaryimage","url":"https:\/\/jornalfatosenoticias.com.br\/wp-content\/uploads\/2021\/06\/adocao-animais.jpg","contentUrl":"https:\/\/jornalfatosenoticias.com.br\/wp-content\/uploads\/2021\/06\/adocao-animais.jpg","width":1000,"height":361},{"@type":"BreadcrumbList","@id":"https:\/\/jornalfatosenoticias.com.br\/index.php\/2021\/06\/11\/pedra-da-cebola-recebe-evento-de-adocao-de-animais-neste-sabado-12\/#breadcrumb","itemListElement":[{"@type":"ListItem","position":1,"name":"In\u00edcio","item":"https:\/\/jornalfatosenoticias.com.br\/"},{"@type":"ListItem","position":2,"name":"Pedra da Cebola recebe evento de ado\u00e7\u00e3o de animais neste s\u00e1bado (12)"}]},{"@type":"WebSite","@id":"https:\/\/jornalfatosenoticias.com.br\/#website","url":"https:\/\/jornalfatosenoticias.com.br\/","name":"Jornal Fatos e Not\u00edcias","description":"Not\u00edcias em geral","publisher":{"@id":"https:\/\/jornalfatosenoticias.com.br\/#organization"},"potentialAction":[{"@type":"SearchAction","target":{"@type":"EntryPoint","urlTemplate":"https:\/\/jornalfatosenoticias.com.br\/?s={search_term_string}"},"query-input":{"@type":"PropertyValueSpecification","valueRequired":true,"valueName":"search_term_string"}}],"inLanguage":"pt-BR"},{"@type":"Organization","@id":"https:\/\/jornalfatosenoticias.com.br\/#organization","name":"Jornal Fatos e Not\u00edcias","url":"https:\/\/jornalfatosenoticias.com.br\/","logo":{"@type":"ImageObject","inLanguage":"pt-BR","@id":"https:\/\/jornalfatosenoticias.com.br\/#\/schema\/logo\/image\/","url":"https:\/\/jornalfatosenoticias.com.br\/wp-content\/uploads\/2020\/02\/logo120.png","contentUrl":"https:\/\/jornalfatosenoticias.com.br\/wp-content\/uploads\/2020\/02\/logo120.png","width":1227,"height":120,"caption":"Jornal Fatos e Not\u00edcias"},"image":{"@id":"https:\/\/jornalfatosenoticias.com.br\/#\/schema\/logo\/image\/"}},{"@type":"Person","@id":"https:\/\/jornalfatosenoticias.com.br\/#\/schema\/person\/d63837fa13ac8666eb9e74e0985d6f81","name":"Luzimara Fernandes","image":{"@type":"ImageObject","inLanguage":"pt-BR","@id":"https:\/\/jornalfatosenoticias.com.br\/#\/schema\/person\/image\/","url":"https:\/\/jornalfatosenoticias.com.br\/wp-content\/uploads\/2025\/05\/EU_portal.jpg","contentUrl":"https:\/\/jornalfatosenoticias.com.br\/wp-content\/uploads\/2025\/05\/EU_portal.jpg","caption":"Luzimara Fernandes"},"description":"Jornalista MTB 2358-ES","sameAs":["https:\/\/jornalfatosenoticias.com.br"],"url":"https:\/\/jornalfatosenoticias.com.br\/index.php\/author\/luzimara\/"}]}},"cc_featured_image_caption":{"caption_text":"(Foto: Andr\u00e9 Sobral)","source_text":"","source_url":""},"jetpack_featured_media_url":"https:\/\/jornalfatosenoticias.com.br\/wp-content\/uploads\/2021\/06\/adocao-animais.jpg","_links":{"self":[{"href":"https:\/\/jornalfatosenoticias.com.br\/index.php\/wp-json\/wp\/v2\/posts\/19299","targetHints":{"allow":["GET"]}}],"collection":[{"href":"https:\/\/jornalfatosenoticias.com.br\/index.php\/wp-json\/wp\/v2\/posts"}],"about":[{"href":"https:\/\/jornalfatosenoticias.com.br\/index.php\/wp-json\/wp\/v2\/types\/post"}],"author":[{"embeddable":true,"href":"https:\/\/jornalfatosenoticias.com.br\/index.php\/wp-json\/wp\/v2\/users\/2"}],"replies":[{"embeddable":true,"href":"https:\/\/jornalfatosenoticias.com.br\/index.php\/wp-json\/wp\/v2\/comments?post=19299"}],"version-history":[{"count":0,"href":"https:\/\/jornalfatosenoticias.com.br\/index.php\/wp-json\/wp\/v2\/posts\/19299\/revisions"}],"wp:featuredmedia":[{"embeddable":true,"href":"https:\/\/jornalfatosenoticias.com.br\/index.php\/wp-json\/wp\/v2\/media\/19306"}],"wp:attachment":[{"href":"https:\/\/jornalfatosenoticias.com.br\/index.php\/wp-json\/wp\/v2\/media?parent=19299"}],"wp:term":[{"taxonomy":"category","embeddable":true,"href":"https:\/\/jornalfatosenoticias.com.br\/index.php\/wp-json\/wp\/v2\/categories?post=19299"},{"taxonomy":"post_tag","embeddable":true,"href":"https:\/\/jornalfatosenoticias.com.br\/index.php\/wp-json\/wp\/v2\/tags?post=19299"}],"curies":[{"name":"wp","href":"https:\/\/api.w.org\/{rel}","templated":true}]}}