{"id":19369,"date":"2021-06-14T15:04:48","date_gmt":"2021-06-14T18:04:48","guid":{"rendered":"https:\/\/jornalfatosenoticias.com.br\/?p=19369"},"modified":"2021-06-14T15:04:52","modified_gmt":"2021-06-14T18:04:52","slug":"albinismo-entenda-o-que-e-essa-anomalia-pigmentar","status":"publish","type":"post","link":"https:\/\/jornalfatosenoticias.com.br\/index.php\/2021\/06\/14\/albinismo-entenda-o-que-e-essa-anomalia-pigmentar\/","title":{"rendered":"Albinismo: entenda o que \u00e9 essa anomalia pigmentar"},"content":{"rendered":"\n<p><em><span class=\"has-inline-color has-black-color\">13 de junho \u00e9 o Dia da Conscientiza\u00e7\u00e3o Mundial sobre o Albinismo e, por isso, vamos explicar tudo sobre este dist\u00farbio<\/span><\/em><\/p>\n\n\n\n<p>Ao longo da vida, as pessoas com <strong>albinismos<\/strong> sofrem muitas discrimina\u00e7\u00f5es, seja no \u00e2mbito social, profissional ou pol\u00edtico, no quais s\u00e3o frequentemente invis\u00edveis. As exclus\u00f5es aumentam as chances de desenvolverem problemas de autoestima, ansiedade e depress\u00e3o.<br>Sendo uma rara condi\u00e7\u00e3o gen\u00e9tica e n\u00e3o contagiosa, o <strong>albinismo<\/strong> pode atingir ambos os g\u00eaneros, independentemente de etnia. O dist\u00farbio \u00e9 caracterizado pela falta de <strong>melanina<\/strong> (respons\u00e1vel pela pigmenta\u00e7\u00e3o dos cabelos, pele e olhos e pela prote\u00e7\u00e3o contra os raios ultravioletas).<br>Assim, o tom de pele varia do branco aos amarelados ou amarronzados, os cabelos podem ser completamente brancos, amarelados, avermelhados ou acastanhados. J\u00e1 a cor dos olhos pode variar de azul muito claro quase transparente a castanho, podendo ser, inclusive, vermelhos \u2014 quando a total aus\u00eancia de pigmento deixa vis\u00edveis os vasos da retina.<br>Por tanta singularidade, a <strong>Organiza\u00e7\u00e3o das Na\u00e7\u00f5es Unidas (ONU)<\/strong> tornou o dia 13 de junho o <strong>Dia Mundial da Conscientiza\u00e7\u00e3o sobre o Albinismo<\/strong>, para que se entenda melhor sobre esse dist\u00farbio e combata o preconceito acerca dele. O m\u00e9dico dermatologista <a href=\"https:\/\/instagram.com\/dr.rafaelsoares?utm_medium=copy_link\" rel=\"noreferrer noopener\" target=\"_blank\">Dr. Rafael Soares<\/a> explica mais sobre essa anomalia.<\/p>\n\n\n\n<blockquote class=\"wp-block-quote is-layout-flow wp-block-quote-is-layout-flow\"><p><span class=\"has-inline-color has-luminous-vivid-orange-color\">&#8220;Apesar de ser caracterizado por uma muta\u00e7\u00e3o gen\u00e9tica, as pessoas albinas, obrigatoriamente, n\u00e3o ter\u00e3o filhos com a mesma condi\u00e7\u00e3o, pois existem sete tipos de genes diferentes, relacionados a todas as pigmenta\u00e7\u00f5es do nosso corpo, o qual a muta\u00e7\u00e3o delas pode ser diferente se cruzada com outros&#8221;, iniciou.<\/span><\/p><\/blockquote>\n\n\n\n<p>&#8220;Isso porque a crian\u00e7a pode herdar os genes saud\u00e1veis dos dois e, mesmo se herdando o gene albino, ser\u00e1 compensado pelo saud\u00e1vel do c\u00f4njuge. Ent\u00e3o n\u00e3o \u00e9 certeza, pois se trata de uma muta\u00e7\u00e3o espor\u00e1dica, n\u00e3o sendo autoss\u00f4mica dominante&#8221;, completa.<\/p>\n\n\n\n<p><strong><span class=\"has-inline-color has-black-color\">Albinos s\u00e3o longevos? <\/span><\/strong>Pessoas com <strong>albinismo<\/strong> s\u00e3o mais suscet\u00edveis a doen\u00e7as, sendo a mais comum o surgimento de c\u00e2ncer de pele, devido ao fato de haver pouca ou nenhuma <strong>melanina<\/strong>. Mas n\u00e3o h\u00e1 uma idade m\u00ednima ou m\u00e1xima para dizer o tempo de vida de uma pessoa <strong>albina<\/strong>. O m\u00e9dico ressalta que esse fator vai depender do tipo de anomalia que o indiv\u00edduo porta.<\/p>\n\n\n\n<blockquote class=\"wp-block-quote is-layout-flow wp-block-quote-is-layout-flow\"><p><span class=\"has-inline-color has-luminous-vivid-orange-color\">&#8220;Se for apenas abismo cut\u00e2neo ou oculocut\u00e2neo, os indiv\u00edduos podem ter uma longevidade normal, desde que n\u00e3o se exponham ao sol, at\u00e9 mesmo para n\u00e3o acontecer de desenvolverem um c\u00e2ncer mais agressivo e acabar abreviando a vida deles&#8221;, explica.<\/span><\/p><\/blockquote>\n\n\n\n<p>Por isso o segredo da longevidade est\u00e1 nos cuidados. &#8220;O ideal \u00e9 que seja um protetor que funcione contra raios tipo UVA e UVB. Devem tamb\u00e9m usar blusa de manga longa e cal\u00e7a comprida para aumentar a prote\u00e7\u00e3o. Ressalto que as roupas longas devem ser associadas ao protetor tradicional, bem como alguns protetores solares orais&#8221;.<br>&#8220;Com rela\u00e7\u00e3o aos olhos, os \u00f3culos escuros s\u00e3o os mais indicados e eles tamb\u00e9m precisam ter lentes com certifica\u00e7\u00e3o de prote\u00e7\u00e3o UVA e UVB. Os <strong>albinos<\/strong> costumam ter avers\u00e3o a luz (fotofobia), ent\u00e3o a lente escura vai trazer mais conforto no dia a dia&#8221;, finalizou.<br><strong><span class=\"has-inline-color has-black-color\">Embora existam 10 tipos de classifica\u00e7\u00f5es de albinismo, abaixo listamos as tr\u00eas mais comuns<\/span><\/strong><\/p>\n\n\n\n<ol class=\"wp-block-list\"><li><span class=\"has-inline-color has-black-color\">Albinismo ocular, em que \u00e9 verificada aus\u00eancia total ou parcial de pigmenta\u00e7\u00e3o dos olhos;<\/span><\/li><li><span class=\"has-inline-color has-black-color\">Albinismo cut\u00e2neo, em que a pessoa tem pouca ou nenhuma melanina na pele e\/ou cabelos e pelos;<\/span><\/li><li><span class=\"has-inline-color has-black-color\">Albinismo oculocut\u00e2neo, em que \u00e9 verificada falta de pigmenta\u00e7\u00e3o em todo o corpo.<\/span><\/li><\/ol>\n\n\n\n<p><strong><em>Fonte: <a href=\"https:\/\/www.terra.com.br\/vida-e-estilo\/saude\/bem-estar\/albinismo-entenda-o-que-e-essa-anomalia-pigmentar,14108301b8c9256b55fc699891e85b0fdkhfnend.html\">Terra<\/a><\/em><\/strong><\/p>\n","protected":false},"excerpt":{"rendered":"<p>13 de junho \u00e9 o Dia da Conscientiza\u00e7\u00e3o Mundial sobre o Albinismo e, por isso, vamos explicar tudo sobre este dist\u00farbio Ao longo da vida, as pessoas com albinismos sofrem muitas discrimina\u00e7\u00f5es, seja no \u00e2mbito social, profissional ou pol\u00edtico, no quais s\u00e3o frequentemente invis\u00edveis. As exclus\u00f5es aumentam as chances de desenvolverem problemas de autoestima, ansiedade [&hellip;]<\/p>\n","protected":false},"author":2,"featured_media":19370,"comment_status":"open","ping_status":"open","sticky":false,"template":"","format":"standard","meta":{"footnotes":""},"categories":[42],"tags":[5794,9503,9502,6463,9501,2944,2585,3839],"class_list":["post-19369","post","type-post","status-publish","format-standard","has-post-thumbnail","hentry","category-bem-estar","tag-albinismo","tag-anomalia","tag-condicao-genetica-rara","tag-disturbio","tag-melanina","tag-olhos","tag-pele","tag-pigmento"],"yoast_head":"<!-- This site is optimized with the Yoast SEO plugin v26.5 - https:\/\/yoast.com\/wordpress\/plugins\/seo\/ -->\n<title>Albinismo: entenda o que \u00e9 essa anomalia pigmentar - Jornal Fatos e Not\u00edcias<\/title>\n<meta name=\"robots\" content=\"index, follow, max-snippet:-1, max-image-preview:large, max-video-preview:-1\" \/>\n<link rel=\"canonical\" href=\"https:\/\/jornalfatosenoticias.com.br\/index.php\/2021\/06\/14\/albinismo-entenda-o-que-e-essa-anomalia-pigmentar\/\" \/>\n<meta property=\"og:locale\" content=\"pt_BR\" \/>\n<meta property=\"og:type\" content=\"article\" \/>\n<meta property=\"og:title\" content=\"Albinismo: entenda o que \u00e9 essa anomalia pigmentar - Jornal Fatos e Not\u00edcias\" \/>\n<meta property=\"og:description\" content=\"13 de junho \u00e9 o Dia da Conscientiza\u00e7\u00e3o Mundial sobre o Albinismo e, por isso, vamos explicar tudo sobre este dist\u00farbio Ao longo da vida, as pessoas com albinismos sofrem muitas discrimina\u00e7\u00f5es, seja no \u00e2mbito social, profissional ou pol\u00edtico, no quais s\u00e3o frequentemente invis\u00edveis. As exclus\u00f5es aumentam as chances de desenvolverem problemas de autoestima, ansiedade [&hellip;]\" \/>\n<meta property=\"og:url\" content=\"https:\/\/jornalfatosenoticias.com.br\/index.php\/2021\/06\/14\/albinismo-entenda-o-que-e-essa-anomalia-pigmentar\/\" \/>\n<meta property=\"og:site_name\" content=\"Jornal Fatos e Not\u00edcias\" \/>\n<meta property=\"article:published_time\" content=\"2021-06-14T18:04:48+00:00\" \/>\n<meta property=\"article:modified_time\" content=\"2021-06-14T18:04:52+00:00\" \/>\n<meta property=\"og:image\" content=\"https:\/\/jornalfatosenoticias.com.br\/wp-content\/uploads\/2021\/06\/albinismo_Shutterstock.jpg\" \/>\n\t<meta property=\"og:image:width\" content=\"1000\" \/>\n\t<meta property=\"og:image:height\" content=\"667\" \/>\n\t<meta property=\"og:image:type\" content=\"image\/jpeg\" \/>\n<meta name=\"author\" content=\"Luzimara Fernandes\" \/>\n<meta name=\"twitter:card\" content=\"summary_large_image\" \/>\n<meta name=\"twitter:label1\" content=\"Escrito por\" \/>\n\t<meta name=\"twitter:data1\" content=\"Luzimara Fernandes\" \/>\n\t<meta name=\"twitter:label2\" content=\"Est. tempo de leitura\" \/>\n\t<meta name=\"twitter:data2\" content=\"3 minutos\" \/>\n<script type=\"application\/ld+json\" class=\"yoast-schema-graph\">{\"@context\":\"https:\/\/schema.org\",\"@graph\":[{\"@type\":\"Article\",\"@id\":\"https:\/\/jornalfatosenoticias.com.br\/index.php\/2021\/06\/14\/albinismo-entenda-o-que-e-essa-anomalia-pigmentar\/#article\",\"isPartOf\":{\"@id\":\"https:\/\/jornalfatosenoticias.com.br\/index.php\/2021\/06\/14\/albinismo-entenda-o-que-e-essa-anomalia-pigmentar\/\"},\"author\":{\"name\":\"Luzimara Fernandes\",\"@id\":\"https:\/\/jornalfatosenoticias.com.br\/#\/schema\/person\/d63837fa13ac8666eb9e74e0985d6f81\"},\"headline\":\"Albinismo: entenda o que \u00e9 essa anomalia pigmentar\",\"datePublished\":\"2021-06-14T18:04:48+00:00\",\"dateModified\":\"2021-06-14T18:04:52+00:00\",\"mainEntityOfPage\":{\"@id\":\"https:\/\/jornalfatosenoticias.com.br\/index.php\/2021\/06\/14\/albinismo-entenda-o-que-e-essa-anomalia-pigmentar\/\"},\"wordCount\":621,\"commentCount\":0,\"publisher\":{\"@id\":\"https:\/\/jornalfatosenoticias.com.br\/#organization\"},\"image\":{\"@id\":\"https:\/\/jornalfatosenoticias.com.br\/index.php\/2021\/06\/14\/albinismo-entenda-o-que-e-essa-anomalia-pigmentar\/#primaryimage\"},\"thumbnailUrl\":\"https:\/\/jornalfatosenoticias.com.br\/wp-content\/uploads\/2021\/06\/albinismo_Shutterstock.jpg\",\"keywords\":[\"albinismo\",\"anomalia\",\"condi\u00e7\u00e3o gen\u00e9tica rara\",\"dist\u00farbio\",\"melanina\",\"olhos\",\"pele\",\"pigmento\"],\"articleSection\":[\"Bem-estar\"],\"inLanguage\":\"pt-BR\",\"potentialAction\":[{\"@type\":\"CommentAction\",\"name\":\"Comment\",\"target\":[\"https:\/\/jornalfatosenoticias.com.br\/index.php\/2021\/06\/14\/albinismo-entenda-o-que-e-essa-anomalia-pigmentar\/#respond\"]}]},{\"@type\":\"WebPage\",\"@id\":\"https:\/\/jornalfatosenoticias.com.br\/index.php\/2021\/06\/14\/albinismo-entenda-o-que-e-essa-anomalia-pigmentar\/\",\"url\":\"https:\/\/jornalfatosenoticias.com.br\/index.php\/2021\/06\/14\/albinismo-entenda-o-que-e-essa-anomalia-pigmentar\/\",\"name\":\"Albinismo: entenda o que \u00e9 essa anomalia pigmentar - Jornal Fatos e Not\u00edcias\",\"isPartOf\":{\"@id\":\"https:\/\/jornalfatosenoticias.com.br\/#website\"},\"primaryImageOfPage\":{\"@id\":\"https:\/\/jornalfatosenoticias.com.br\/index.php\/2021\/06\/14\/albinismo-entenda-o-que-e-essa-anomalia-pigmentar\/#primaryimage\"},\"image\":{\"@id\":\"https:\/\/jornalfatosenoticias.com.br\/index.php\/2021\/06\/14\/albinismo-entenda-o-que-e-essa-anomalia-pigmentar\/#primaryimage\"},\"thumbnailUrl\":\"https:\/\/jornalfatosenoticias.com.br\/wp-content\/uploads\/2021\/06\/albinismo_Shutterstock.jpg\",\"datePublished\":\"2021-06-14T18:04:48+00:00\",\"dateModified\":\"2021-06-14T18:04:52+00:00\",\"breadcrumb\":{\"@id\":\"https:\/\/jornalfatosenoticias.com.br\/index.php\/2021\/06\/14\/albinismo-entenda-o-que-e-essa-anomalia-pigmentar\/#breadcrumb\"},\"inLanguage\":\"pt-BR\",\"potentialAction\":[{\"@type\":\"ReadAction\",\"target\":[\"https:\/\/jornalfatosenoticias.com.br\/index.php\/2021\/06\/14\/albinismo-entenda-o-que-e-essa-anomalia-pigmentar\/\"]}]},{\"@type\":\"ImageObject\",\"inLanguage\":\"pt-BR\",\"@id\":\"https:\/\/jornalfatosenoticias.com.br\/index.php\/2021\/06\/14\/albinismo-entenda-o-que-e-essa-anomalia-pigmentar\/#primaryimage\",\"url\":\"https:\/\/jornalfatosenoticias.com.br\/wp-content\/uploads\/2021\/06\/albinismo_Shutterstock.jpg\",\"contentUrl\":\"https:\/\/jornalfatosenoticias.com.br\/wp-content\/uploads\/2021\/06\/albinismo_Shutterstock.jpg\",\"width\":1000,\"height\":667},{\"@type\":\"BreadcrumbList\",\"@id\":\"https:\/\/jornalfatosenoticias.com.br\/index.php\/2021\/06\/14\/albinismo-entenda-o-que-e-essa-anomalia-pigmentar\/#breadcrumb\",\"itemListElement\":[{\"@type\":\"ListItem\",\"position\":1,\"name\":\"In\u00edcio\",\"item\":\"https:\/\/jornalfatosenoticias.com.br\/\"},{\"@type\":\"ListItem\",\"position\":2,\"name\":\"Albinismo: entenda o que \u00e9 essa anomalia pigmentar\"}]},{\"@type\":\"WebSite\",\"@id\":\"https:\/\/jornalfatosenoticias.com.br\/#website\",\"url\":\"https:\/\/jornalfatosenoticias.com.br\/\",\"name\":\"Jornal Fatos e Not\u00edcias\",\"description\":\"Not\u00edcias em geral\",\"publisher\":{\"@id\":\"https:\/\/jornalfatosenoticias.com.br\/#organization\"},\"potentialAction\":[{\"@type\":\"SearchAction\",\"target\":{\"@type\":\"EntryPoint\",\"urlTemplate\":\"https:\/\/jornalfatosenoticias.com.br\/?s={search_term_string}\"},\"query-input\":{\"@type\":\"PropertyValueSpecification\",\"valueRequired\":true,\"valueName\":\"search_term_string\"}}],\"inLanguage\":\"pt-BR\"},{\"@type\":\"Organization\",\"@id\":\"https:\/\/jornalfatosenoticias.com.br\/#organization\",\"name\":\"Jornal Fatos e Not\u00edcias\",\"url\":\"https:\/\/jornalfatosenoticias.com.br\/\",\"logo\":{\"@type\":\"ImageObject\",\"inLanguage\":\"pt-BR\",\"@id\":\"https:\/\/jornalfatosenoticias.com.br\/#\/schema\/logo\/image\/\",\"url\":\"https:\/\/jornalfatosenoticias.com.br\/wp-content\/uploads\/2020\/02\/logo120.png\",\"contentUrl\":\"https:\/\/jornalfatosenoticias.com.br\/wp-content\/uploads\/2020\/02\/logo120.png\",\"width\":1227,\"height\":120,\"caption\":\"Jornal Fatos e Not\u00edcias\"},\"image\":{\"@id\":\"https:\/\/jornalfatosenoticias.com.br\/#\/schema\/logo\/image\/\"}},{\"@type\":\"Person\",\"@id\":\"https:\/\/jornalfatosenoticias.com.br\/#\/schema\/person\/d63837fa13ac8666eb9e74e0985d6f81\",\"name\":\"Luzimara Fernandes\",\"image\":{\"@type\":\"ImageObject\",\"inLanguage\":\"pt-BR\",\"@id\":\"https:\/\/jornalfatosenoticias.com.br\/#\/schema\/person\/image\/\",\"url\":\"https:\/\/jornalfatosenoticias.com.br\/wp-content\/uploads\/2025\/05\/EU_portal.jpg\",\"contentUrl\":\"https:\/\/jornalfatosenoticias.com.br\/wp-content\/uploads\/2025\/05\/EU_portal.jpg\",\"caption\":\"Luzimara Fernandes\"},\"description\":\"Jornalista MTB 2358-ES\",\"sameAs\":[\"https:\/\/jornalfatosenoticias.com.br\"],\"url\":\"https:\/\/jornalfatosenoticias.com.br\/index.php\/author\/luzimara\/\"}]}<\/script>\n<!-- \/ Yoast SEO plugin. -->","yoast_head_json":{"title":"Albinismo: entenda o que \u00e9 essa anomalia pigmentar - Jornal Fatos e Not\u00edcias","robots":{"index":"index","follow":"follow","max-snippet":"max-snippet:-1","max-image-preview":"max-image-preview:large","max-video-preview":"max-video-preview:-1"},"canonical":"https:\/\/jornalfatosenoticias.com.br\/index.php\/2021\/06\/14\/albinismo-entenda-o-que-e-essa-anomalia-pigmentar\/","og_locale":"pt_BR","og_type":"article","og_title":"Albinismo: entenda o que \u00e9 essa anomalia pigmentar - Jornal Fatos e Not\u00edcias","og_description":"13 de junho \u00e9 o Dia da Conscientiza\u00e7\u00e3o Mundial sobre o Albinismo e, por isso, vamos explicar tudo sobre este dist\u00farbio Ao longo da vida, as pessoas com albinismos sofrem muitas discrimina\u00e7\u00f5es, seja no \u00e2mbito social, profissional ou pol\u00edtico, no quais s\u00e3o frequentemente invis\u00edveis. As exclus\u00f5es aumentam as chances de desenvolverem problemas de autoestima, ansiedade [&hellip;]","og_url":"https:\/\/jornalfatosenoticias.com.br\/index.php\/2021\/06\/14\/albinismo-entenda-o-que-e-essa-anomalia-pigmentar\/","og_site_name":"Jornal Fatos e Not\u00edcias","article_published_time":"2021-06-14T18:04:48+00:00","article_modified_time":"2021-06-14T18:04:52+00:00","og_image":[{"width":1000,"height":667,"url":"https:\/\/jornalfatosenoticias.com.br\/wp-content\/uploads\/2021\/06\/albinismo_Shutterstock.jpg","type":"image\/jpeg"}],"author":"Luzimara Fernandes","twitter_card":"summary_large_image","twitter_misc":{"Escrito por":"Luzimara Fernandes","Est. tempo de leitura":"3 minutos"},"schema":{"@context":"https:\/\/schema.org","@graph":[{"@type":"Article","@id":"https:\/\/jornalfatosenoticias.com.br\/index.php\/2021\/06\/14\/albinismo-entenda-o-que-e-essa-anomalia-pigmentar\/#article","isPartOf":{"@id":"https:\/\/jornalfatosenoticias.com.br\/index.php\/2021\/06\/14\/albinismo-entenda-o-que-e-essa-anomalia-pigmentar\/"},"author":{"name":"Luzimara Fernandes","@id":"https:\/\/jornalfatosenoticias.com.br\/#\/schema\/person\/d63837fa13ac8666eb9e74e0985d6f81"},"headline":"Albinismo: entenda o que \u00e9 essa anomalia pigmentar","datePublished":"2021-06-14T18:04:48+00:00","dateModified":"2021-06-14T18:04:52+00:00","mainEntityOfPage":{"@id":"https:\/\/jornalfatosenoticias.com.br\/index.php\/2021\/06\/14\/albinismo-entenda-o-que-e-essa-anomalia-pigmentar\/"},"wordCount":621,"commentCount":0,"publisher":{"@id":"https:\/\/jornalfatosenoticias.com.br\/#organization"},"image":{"@id":"https:\/\/jornalfatosenoticias.com.br\/index.php\/2021\/06\/14\/albinismo-entenda-o-que-e-essa-anomalia-pigmentar\/#primaryimage"},"thumbnailUrl":"https:\/\/jornalfatosenoticias.com.br\/wp-content\/uploads\/2021\/06\/albinismo_Shutterstock.jpg","keywords":["albinismo","anomalia","condi\u00e7\u00e3o gen\u00e9tica rara","dist\u00farbio","melanina","olhos","pele","pigmento"],"articleSection":["Bem-estar"],"inLanguage":"pt-BR","potentialAction":[{"@type":"CommentAction","name":"Comment","target":["https:\/\/jornalfatosenoticias.com.br\/index.php\/2021\/06\/14\/albinismo-entenda-o-que-e-essa-anomalia-pigmentar\/#respond"]}]},{"@type":"WebPage","@id":"https:\/\/jornalfatosenoticias.com.br\/index.php\/2021\/06\/14\/albinismo-entenda-o-que-e-essa-anomalia-pigmentar\/","url":"https:\/\/jornalfatosenoticias.com.br\/index.php\/2021\/06\/14\/albinismo-entenda-o-que-e-essa-anomalia-pigmentar\/","name":"Albinismo: entenda o que \u00e9 essa anomalia pigmentar - Jornal Fatos e Not\u00edcias","isPartOf":{"@id":"https:\/\/jornalfatosenoticias.com.br\/#website"},"primaryImageOfPage":{"@id":"https:\/\/jornalfatosenoticias.com.br\/index.php\/2021\/06\/14\/albinismo-entenda-o-que-e-essa-anomalia-pigmentar\/#primaryimage"},"image":{"@id":"https:\/\/jornalfatosenoticias.com.br\/index.php\/2021\/06\/14\/albinismo-entenda-o-que-e-essa-anomalia-pigmentar\/#primaryimage"},"thumbnailUrl":"https:\/\/jornalfatosenoticias.com.br\/wp-content\/uploads\/2021\/06\/albinismo_Shutterstock.jpg","datePublished":"2021-06-14T18:04:48+00:00","dateModified":"2021-06-14T18:04:52+00:00","breadcrumb":{"@id":"https:\/\/jornalfatosenoticias.com.br\/index.php\/2021\/06\/14\/albinismo-entenda-o-que-e-essa-anomalia-pigmentar\/#breadcrumb"},"inLanguage":"pt-BR","potentialAction":[{"@type":"ReadAction","target":["https:\/\/jornalfatosenoticias.com.br\/index.php\/2021\/06\/14\/albinismo-entenda-o-que-e-essa-anomalia-pigmentar\/"]}]},{"@type":"ImageObject","inLanguage":"pt-BR","@id":"https:\/\/jornalfatosenoticias.com.br\/index.php\/2021\/06\/14\/albinismo-entenda-o-que-e-essa-anomalia-pigmentar\/#primaryimage","url":"https:\/\/jornalfatosenoticias.com.br\/wp-content\/uploads\/2021\/06\/albinismo_Shutterstock.jpg","contentUrl":"https:\/\/jornalfatosenoticias.com.br\/wp-content\/uploads\/2021\/06\/albinismo_Shutterstock.jpg","width":1000,"height":667},{"@type":"BreadcrumbList","@id":"https:\/\/jornalfatosenoticias.com.br\/index.php\/2021\/06\/14\/albinismo-entenda-o-que-e-essa-anomalia-pigmentar\/#breadcrumb","itemListElement":[{"@type":"ListItem","position":1,"name":"In\u00edcio","item":"https:\/\/jornalfatosenoticias.com.br\/"},{"@type":"ListItem","position":2,"name":"Albinismo: entenda o que \u00e9 essa anomalia pigmentar"}]},{"@type":"WebSite","@id":"https:\/\/jornalfatosenoticias.com.br\/#website","url":"https:\/\/jornalfatosenoticias.com.br\/","name":"Jornal Fatos e Not\u00edcias","description":"Not\u00edcias em geral","publisher":{"@id":"https:\/\/jornalfatosenoticias.com.br\/#organization"},"potentialAction":[{"@type":"SearchAction","target":{"@type":"EntryPoint","urlTemplate":"https:\/\/jornalfatosenoticias.com.br\/?s={search_term_string}"},"query-input":{"@type":"PropertyValueSpecification","valueRequired":true,"valueName":"search_term_string"}}],"inLanguage":"pt-BR"},{"@type":"Organization","@id":"https:\/\/jornalfatosenoticias.com.br\/#organization","name":"Jornal Fatos e Not\u00edcias","url":"https:\/\/jornalfatosenoticias.com.br\/","logo":{"@type":"ImageObject","inLanguage":"pt-BR","@id":"https:\/\/jornalfatosenoticias.com.br\/#\/schema\/logo\/image\/","url":"https:\/\/jornalfatosenoticias.com.br\/wp-content\/uploads\/2020\/02\/logo120.png","contentUrl":"https:\/\/jornalfatosenoticias.com.br\/wp-content\/uploads\/2020\/02\/logo120.png","width":1227,"height":120,"caption":"Jornal Fatos e Not\u00edcias"},"image":{"@id":"https:\/\/jornalfatosenoticias.com.br\/#\/schema\/logo\/image\/"}},{"@type":"Person","@id":"https:\/\/jornalfatosenoticias.com.br\/#\/schema\/person\/d63837fa13ac8666eb9e74e0985d6f81","name":"Luzimara Fernandes","image":{"@type":"ImageObject","inLanguage":"pt-BR","@id":"https:\/\/jornalfatosenoticias.com.br\/#\/schema\/person\/image\/","url":"https:\/\/jornalfatosenoticias.com.br\/wp-content\/uploads\/2025\/05\/EU_portal.jpg","contentUrl":"https:\/\/jornalfatosenoticias.com.br\/wp-content\/uploads\/2025\/05\/EU_portal.jpg","caption":"Luzimara Fernandes"},"description":"Jornalista MTB 2358-ES","sameAs":["https:\/\/jornalfatosenoticias.com.br"],"url":"https:\/\/jornalfatosenoticias.com.br\/index.php\/author\/luzimara\/"}]}},"cc_featured_image_caption":{"caption_text":"(Foto: Shutterstock\/Sport Life) ","source_text":"","source_url":""},"jetpack_featured_media_url":"https:\/\/jornalfatosenoticias.com.br\/wp-content\/uploads\/2021\/06\/albinismo_Shutterstock.jpg","_links":{"self":[{"href":"https:\/\/jornalfatosenoticias.com.br\/index.php\/wp-json\/wp\/v2\/posts\/19369","targetHints":{"allow":["GET"]}}],"collection":[{"href":"https:\/\/jornalfatosenoticias.com.br\/index.php\/wp-json\/wp\/v2\/posts"}],"about":[{"href":"https:\/\/jornalfatosenoticias.com.br\/index.php\/wp-json\/wp\/v2\/types\/post"}],"author":[{"embeddable":true,"href":"https:\/\/jornalfatosenoticias.com.br\/index.php\/wp-json\/wp\/v2\/users\/2"}],"replies":[{"embeddable":true,"href":"https:\/\/jornalfatosenoticias.com.br\/index.php\/wp-json\/wp\/v2\/comments?post=19369"}],"version-history":[{"count":0,"href":"https:\/\/jornalfatosenoticias.com.br\/index.php\/wp-json\/wp\/v2\/posts\/19369\/revisions"}],"wp:featuredmedia":[{"embeddable":true,"href":"https:\/\/jornalfatosenoticias.com.br\/index.php\/wp-json\/wp\/v2\/media\/19370"}],"wp:attachment":[{"href":"https:\/\/jornalfatosenoticias.com.br\/index.php\/wp-json\/wp\/v2\/media?parent=19369"}],"wp:term":[{"taxonomy":"category","embeddable":true,"href":"https:\/\/jornalfatosenoticias.com.br\/index.php\/wp-json\/wp\/v2\/categories?post=19369"},{"taxonomy":"post_tag","embeddable":true,"href":"https:\/\/jornalfatosenoticias.com.br\/index.php\/wp-json\/wp\/v2\/tags?post=19369"}],"curies":[{"name":"wp","href":"https:\/\/api.w.org\/{rel}","templated":true}]}}