{"id":19381,"date":"2021-06-14T15:35:41","date_gmt":"2021-06-14T18:35:41","guid":{"rendered":"https:\/\/jornalfatosenoticias.com.br\/?p=19381"},"modified":"2021-06-14T15:35:45","modified_gmt":"2021-06-14T18:35:45","slug":"lenda-dos-rios-xingu-e-amazonas","status":"publish","type":"post","link":"https:\/\/jornalfatosenoticias.com.br\/index.php\/2021\/06\/14\/lenda-dos-rios-xingu-e-amazonas\/","title":{"rendered":"Lenda dos rios Xingu e Amazonas"},"content":{"rendered":"\n<p>A origem dos rios Xingu e Amazonas tamb\u00e9m faz parte do imagin\u00e1rio ind\u00edgena. Dizem que antigamente era tudo seco. Na Floresta Amaz\u00f4nica n\u00e3o tinha \u00e1gua nem rio. A ave Juriti era a dona da \u00e1gua e a guardava em tr\u00eas tambores.<br>Certo dia, os tr\u00eas filhos de Cina\u00e3 estavam com sede e foram pedir \u00e1gua para o passarinho. Ele n\u00e3o deu e disse: <em><span class=\"has-inline-color has-black-color\"><strong>&#8220;Seu pai \u00e9 Paj\u00e9 muito grande, por que n\u00e3o d\u00e1 \u00e1gua para voc\u00eas?&#8221;.<\/strong><\/span><\/em><br>Eles voltaram para casa chorando muito. Cina\u00e3 perguntou porque estavam chorando e eles contaram. Cina\u00e3 disse para eles n\u00e3o irem mais l\u00e1 que era perigoso, tinha peixe grande dentro dos tambores. Mas eles foram assim mesmo e quebraram os tambores. Quando a \u00e1gua saiu, Juriti virou bicho.<br>Os irm\u00e3os pularam longe, mas o peixe grande que estava l\u00e1 dentro engoliu Rubiat\u00e1 (um dos irm\u00e3os), que ficou com as pernas para fora da boca do peixe. Os outros dois irm\u00e3os come\u00e7aram a correr e foram fazendo rios e cachoeiras com a corrida. O peixe grande foi atr\u00e1s levando \u00e1gua e fazendo o rio Xingu.<br>Continuaram a correr at\u00e9 chegar ao Amazonas. L\u00e1 os irm\u00e3os pegaram Rubiat\u00e1, que estava morto. Cortaram suas pernas, pegaram o sangue e sopraram. Rubiat\u00e1 virou gente novamente. Depois eles sopraram a \u00e1gua l\u00e1 no Amazonas e o rio ficou muito largo.<br>Voltaram para casa e disseram que haviam quebrado os tambores e que teriam \u00e1gua por toda a vida para beber.<\/p>\n\n\n\n<p><strong><em>Fonte: <a href=\"https:\/\/portalamazonia.com\/amazonia-az\/letra-l\/lenda-dos-rios-xingu-e-amazonas\">Portal Amaz\u00f4nia<\/a><\/em><\/strong><\/p>\n","protected":false},"excerpt":{"rendered":"<p>A origem dos rios Xingu e Amazonas tamb\u00e9m faz parte do imagin\u00e1rio ind\u00edgena. Dizem que antigamente era tudo seco. Na Floresta Amaz\u00f4nica n\u00e3o tinha \u00e1gua nem rio. A ave Juriti era a dona da \u00e1gua e a guardava em tr\u00eas tambores.Certo dia, os tr\u00eas filhos de Cina\u00e3 estavam com sede e foram pedir \u00e1gua para [&hellip;]<\/p>\n","protected":false},"author":2,"featured_media":19382,"comment_status":"open","ping_status":"open","sticky":false,"template":"","format":"standard","meta":{"footnotes":""},"categories":[4],"tags":[9512,1896,9513,9514,1898,9515],"class_list":["post-19381","post","type-post","status-publish","format-standard","has-post-thumbnail","hentry","category-cultura","tag-bacia-amazonica","tag-floresta-amazonica","tag-maior-do-planeta","tag-realismo-fantastico","tag-rio-amazonas","tag-rio-xingu"],"yoast_head":"<!-- This site is optimized with the Yoast SEO plugin v26.5 - https:\/\/yoast.com\/wordpress\/plugins\/seo\/ -->\n<title>Lenda dos rios Xingu e Amazonas - Jornal Fatos e Not\u00edcias<\/title>\n<meta name=\"robots\" content=\"index, follow, max-snippet:-1, max-image-preview:large, max-video-preview:-1\" \/>\n<link rel=\"canonical\" href=\"https:\/\/jornalfatosenoticias.com.br\/index.php\/2021\/06\/14\/lenda-dos-rios-xingu-e-amazonas\/\" \/>\n<meta property=\"og:locale\" content=\"pt_BR\" \/>\n<meta property=\"og:type\" content=\"article\" \/>\n<meta property=\"og:title\" content=\"Lenda dos rios Xingu e Amazonas - Jornal Fatos e Not\u00edcias\" \/>\n<meta property=\"og:description\" content=\"A origem dos rios Xingu e Amazonas tamb\u00e9m faz parte do imagin\u00e1rio ind\u00edgena. Dizem que antigamente era tudo seco. Na Floresta Amaz\u00f4nica n\u00e3o tinha \u00e1gua nem rio. A ave Juriti era a dona da \u00e1gua e a guardava em tr\u00eas tambores.Certo dia, os tr\u00eas filhos de Cina\u00e3 estavam com sede e foram pedir \u00e1gua para [&hellip;]\" \/>\n<meta property=\"og:url\" content=\"https:\/\/jornalfatosenoticias.com.br\/index.php\/2021\/06\/14\/lenda-dos-rios-xingu-e-amazonas\/\" \/>\n<meta property=\"og:site_name\" content=\"Jornal Fatos e Not\u00edcias\" \/>\n<meta property=\"article:published_time\" content=\"2021-06-14T18:35:41+00:00\" \/>\n<meta property=\"article:modified_time\" content=\"2021-06-14T18:35:45+00:00\" \/>\n<meta property=\"og:image\" content=\"https:\/\/jornalfatosenoticias.com.br\/wp-content\/uploads\/2021\/06\/lenda-do-rio-amazonas.jpg\" \/>\n\t<meta property=\"og:image:width\" content=\"1000\" \/>\n\t<meta property=\"og:image:height\" content=\"651\" \/>\n\t<meta property=\"og:image:type\" content=\"image\/jpeg\" \/>\n<meta name=\"author\" content=\"Luzimara Fernandes\" \/>\n<meta name=\"twitter:card\" content=\"summary_large_image\" \/>\n<meta name=\"twitter:label1\" content=\"Escrito por\" \/>\n\t<meta name=\"twitter:data1\" content=\"Luzimara Fernandes\" \/>\n\t<meta name=\"twitter:label2\" content=\"Est. tempo de leitura\" \/>\n\t<meta name=\"twitter:data2\" content=\"1 minuto\" \/>\n<script type=\"application\/ld+json\" class=\"yoast-schema-graph\">{\"@context\":\"https:\/\/schema.org\",\"@graph\":[{\"@type\":\"Article\",\"@id\":\"https:\/\/jornalfatosenoticias.com.br\/index.php\/2021\/06\/14\/lenda-dos-rios-xingu-e-amazonas\/#article\",\"isPartOf\":{\"@id\":\"https:\/\/jornalfatosenoticias.com.br\/index.php\/2021\/06\/14\/lenda-dos-rios-xingu-e-amazonas\/\"},\"author\":{\"name\":\"Luzimara Fernandes\",\"@id\":\"https:\/\/jornalfatosenoticias.com.br\/#\/schema\/person\/d63837fa13ac8666eb9e74e0985d6f81\"},\"headline\":\"Lenda dos rios Xingu e Amazonas\",\"datePublished\":\"2021-06-14T18:35:41+00:00\",\"dateModified\":\"2021-06-14T18:35:45+00:00\",\"mainEntityOfPage\":{\"@id\":\"https:\/\/jornalfatosenoticias.com.br\/index.php\/2021\/06\/14\/lenda-dos-rios-xingu-e-amazonas\/\"},\"wordCount\":266,\"commentCount\":0,\"publisher\":{\"@id\":\"https:\/\/jornalfatosenoticias.com.br\/#organization\"},\"image\":{\"@id\":\"https:\/\/jornalfatosenoticias.com.br\/index.php\/2021\/06\/14\/lenda-dos-rios-xingu-e-amazonas\/#primaryimage\"},\"thumbnailUrl\":\"https:\/\/jornalfatosenoticias.com.br\/wp-content\/uploads\/2021\/06\/lenda-do-rio-amazonas.jpg\",\"keywords\":[\"bacia amaz\u00f4nica\",\"floresta amaz\u00f4nica\",\"maior do planeta\",\"realismo fant\u00e1stico\",\"Rio Amazonas\",\"Rio Xingu\"],\"articleSection\":[\"Cultura\"],\"inLanguage\":\"pt-BR\",\"potentialAction\":[{\"@type\":\"CommentAction\",\"name\":\"Comment\",\"target\":[\"https:\/\/jornalfatosenoticias.com.br\/index.php\/2021\/06\/14\/lenda-dos-rios-xingu-e-amazonas\/#respond\"]}]},{\"@type\":\"WebPage\",\"@id\":\"https:\/\/jornalfatosenoticias.com.br\/index.php\/2021\/06\/14\/lenda-dos-rios-xingu-e-amazonas\/\",\"url\":\"https:\/\/jornalfatosenoticias.com.br\/index.php\/2021\/06\/14\/lenda-dos-rios-xingu-e-amazonas\/\",\"name\":\"Lenda dos rios Xingu e Amazonas - Jornal Fatos e Not\u00edcias\",\"isPartOf\":{\"@id\":\"https:\/\/jornalfatosenoticias.com.br\/#website\"},\"primaryImageOfPage\":{\"@id\":\"https:\/\/jornalfatosenoticias.com.br\/index.php\/2021\/06\/14\/lenda-dos-rios-xingu-e-amazonas\/#primaryimage\"},\"image\":{\"@id\":\"https:\/\/jornalfatosenoticias.com.br\/index.php\/2021\/06\/14\/lenda-dos-rios-xingu-e-amazonas\/#primaryimage\"},\"thumbnailUrl\":\"https:\/\/jornalfatosenoticias.com.br\/wp-content\/uploads\/2021\/06\/lenda-do-rio-amazonas.jpg\",\"datePublished\":\"2021-06-14T18:35:41+00:00\",\"dateModified\":\"2021-06-14T18:35:45+00:00\",\"breadcrumb\":{\"@id\":\"https:\/\/jornalfatosenoticias.com.br\/index.php\/2021\/06\/14\/lenda-dos-rios-xingu-e-amazonas\/#breadcrumb\"},\"inLanguage\":\"pt-BR\",\"potentialAction\":[{\"@type\":\"ReadAction\",\"target\":[\"https:\/\/jornalfatosenoticias.com.br\/index.php\/2021\/06\/14\/lenda-dos-rios-xingu-e-amazonas\/\"]}]},{\"@type\":\"ImageObject\",\"inLanguage\":\"pt-BR\",\"@id\":\"https:\/\/jornalfatosenoticias.com.br\/index.php\/2021\/06\/14\/lenda-dos-rios-xingu-e-amazonas\/#primaryimage\",\"url\":\"https:\/\/jornalfatosenoticias.com.br\/wp-content\/uploads\/2021\/06\/lenda-do-rio-amazonas.jpg\",\"contentUrl\":\"https:\/\/jornalfatosenoticias.com.br\/wp-content\/uploads\/2021\/06\/lenda-do-rio-amazonas.jpg\",\"width\":1000,\"height\":651},{\"@type\":\"BreadcrumbList\",\"@id\":\"https:\/\/jornalfatosenoticias.com.br\/index.php\/2021\/06\/14\/lenda-dos-rios-xingu-e-amazonas\/#breadcrumb\",\"itemListElement\":[{\"@type\":\"ListItem\",\"position\":1,\"name\":\"In\u00edcio\",\"item\":\"https:\/\/jornalfatosenoticias.com.br\/\"},{\"@type\":\"ListItem\",\"position\":2,\"name\":\"Lenda dos rios Xingu e Amazonas\"}]},{\"@type\":\"WebSite\",\"@id\":\"https:\/\/jornalfatosenoticias.com.br\/#website\",\"url\":\"https:\/\/jornalfatosenoticias.com.br\/\",\"name\":\"Jornal Fatos e Not\u00edcias\",\"description\":\"Not\u00edcias em geral\",\"publisher\":{\"@id\":\"https:\/\/jornalfatosenoticias.com.br\/#organization\"},\"potentialAction\":[{\"@type\":\"SearchAction\",\"target\":{\"@type\":\"EntryPoint\",\"urlTemplate\":\"https:\/\/jornalfatosenoticias.com.br\/?s={search_term_string}\"},\"query-input\":{\"@type\":\"PropertyValueSpecification\",\"valueRequired\":true,\"valueName\":\"search_term_string\"}}],\"inLanguage\":\"pt-BR\"},{\"@type\":\"Organization\",\"@id\":\"https:\/\/jornalfatosenoticias.com.br\/#organization\",\"name\":\"Jornal Fatos e Not\u00edcias\",\"url\":\"https:\/\/jornalfatosenoticias.com.br\/\",\"logo\":{\"@type\":\"ImageObject\",\"inLanguage\":\"pt-BR\",\"@id\":\"https:\/\/jornalfatosenoticias.com.br\/#\/schema\/logo\/image\/\",\"url\":\"https:\/\/jornalfatosenoticias.com.br\/wp-content\/uploads\/2020\/02\/logo120.png\",\"contentUrl\":\"https:\/\/jornalfatosenoticias.com.br\/wp-content\/uploads\/2020\/02\/logo120.png\",\"width\":1227,\"height\":120,\"caption\":\"Jornal Fatos e Not\u00edcias\"},\"image\":{\"@id\":\"https:\/\/jornalfatosenoticias.com.br\/#\/schema\/logo\/image\/\"}},{\"@type\":\"Person\",\"@id\":\"https:\/\/jornalfatosenoticias.com.br\/#\/schema\/person\/d63837fa13ac8666eb9e74e0985d6f81\",\"name\":\"Luzimara Fernandes\",\"image\":{\"@type\":\"ImageObject\",\"inLanguage\":\"pt-BR\",\"@id\":\"https:\/\/jornalfatosenoticias.com.br\/#\/schema\/person\/image\/\",\"url\":\"https:\/\/jornalfatosenoticias.com.br\/wp-content\/uploads\/2025\/05\/EU_portal.jpg\",\"contentUrl\":\"https:\/\/jornalfatosenoticias.com.br\/wp-content\/uploads\/2025\/05\/EU_portal.jpg\",\"caption\":\"Luzimara Fernandes\"},\"description\":\"Jornalista MTB 2358-ES\",\"sameAs\":[\"https:\/\/jornalfatosenoticias.com.br\"],\"url\":\"https:\/\/jornalfatosenoticias.com.br\/index.php\/author\/luzimara\/\"}]}<\/script>\n<!-- \/ Yoast SEO plugin. -->","yoast_head_json":{"title":"Lenda dos rios Xingu e Amazonas - Jornal Fatos e Not\u00edcias","robots":{"index":"index","follow":"follow","max-snippet":"max-snippet:-1","max-image-preview":"max-image-preview:large","max-video-preview":"max-video-preview:-1"},"canonical":"https:\/\/jornalfatosenoticias.com.br\/index.php\/2021\/06\/14\/lenda-dos-rios-xingu-e-amazonas\/","og_locale":"pt_BR","og_type":"article","og_title":"Lenda dos rios Xingu e Amazonas - Jornal Fatos e Not\u00edcias","og_description":"A origem dos rios Xingu e Amazonas tamb\u00e9m faz parte do imagin\u00e1rio ind\u00edgena. Dizem que antigamente era tudo seco. Na Floresta Amaz\u00f4nica n\u00e3o tinha \u00e1gua nem rio. A ave Juriti era a dona da \u00e1gua e a guardava em tr\u00eas tambores.Certo dia, os tr\u00eas filhos de Cina\u00e3 estavam com sede e foram pedir \u00e1gua para [&hellip;]","og_url":"https:\/\/jornalfatosenoticias.com.br\/index.php\/2021\/06\/14\/lenda-dos-rios-xingu-e-amazonas\/","og_site_name":"Jornal Fatos e Not\u00edcias","article_published_time":"2021-06-14T18:35:41+00:00","article_modified_time":"2021-06-14T18:35:45+00:00","og_image":[{"width":1000,"height":651,"url":"https:\/\/jornalfatosenoticias.com.br\/wp-content\/uploads\/2021\/06\/lenda-do-rio-amazonas.jpg","type":"image\/jpeg"}],"author":"Luzimara Fernandes","twitter_card":"summary_large_image","twitter_misc":{"Escrito por":"Luzimara Fernandes","Est. tempo de leitura":"1 minuto"},"schema":{"@context":"https:\/\/schema.org","@graph":[{"@type":"Article","@id":"https:\/\/jornalfatosenoticias.com.br\/index.php\/2021\/06\/14\/lenda-dos-rios-xingu-e-amazonas\/#article","isPartOf":{"@id":"https:\/\/jornalfatosenoticias.com.br\/index.php\/2021\/06\/14\/lenda-dos-rios-xingu-e-amazonas\/"},"author":{"name":"Luzimara Fernandes","@id":"https:\/\/jornalfatosenoticias.com.br\/#\/schema\/person\/d63837fa13ac8666eb9e74e0985d6f81"},"headline":"Lenda dos rios Xingu e Amazonas","datePublished":"2021-06-14T18:35:41+00:00","dateModified":"2021-06-14T18:35:45+00:00","mainEntityOfPage":{"@id":"https:\/\/jornalfatosenoticias.com.br\/index.php\/2021\/06\/14\/lenda-dos-rios-xingu-e-amazonas\/"},"wordCount":266,"commentCount":0,"publisher":{"@id":"https:\/\/jornalfatosenoticias.com.br\/#organization"},"image":{"@id":"https:\/\/jornalfatosenoticias.com.br\/index.php\/2021\/06\/14\/lenda-dos-rios-xingu-e-amazonas\/#primaryimage"},"thumbnailUrl":"https:\/\/jornalfatosenoticias.com.br\/wp-content\/uploads\/2021\/06\/lenda-do-rio-amazonas.jpg","keywords":["bacia amaz\u00f4nica","floresta amaz\u00f4nica","maior do planeta","realismo fant\u00e1stico","Rio Amazonas","Rio Xingu"],"articleSection":["Cultura"],"inLanguage":"pt-BR","potentialAction":[{"@type":"CommentAction","name":"Comment","target":["https:\/\/jornalfatosenoticias.com.br\/index.php\/2021\/06\/14\/lenda-dos-rios-xingu-e-amazonas\/#respond"]}]},{"@type":"WebPage","@id":"https:\/\/jornalfatosenoticias.com.br\/index.php\/2021\/06\/14\/lenda-dos-rios-xingu-e-amazonas\/","url":"https:\/\/jornalfatosenoticias.com.br\/index.php\/2021\/06\/14\/lenda-dos-rios-xingu-e-amazonas\/","name":"Lenda dos rios Xingu e Amazonas - Jornal Fatos e Not\u00edcias","isPartOf":{"@id":"https:\/\/jornalfatosenoticias.com.br\/#website"},"primaryImageOfPage":{"@id":"https:\/\/jornalfatosenoticias.com.br\/index.php\/2021\/06\/14\/lenda-dos-rios-xingu-e-amazonas\/#primaryimage"},"image":{"@id":"https:\/\/jornalfatosenoticias.com.br\/index.php\/2021\/06\/14\/lenda-dos-rios-xingu-e-amazonas\/#primaryimage"},"thumbnailUrl":"https:\/\/jornalfatosenoticias.com.br\/wp-content\/uploads\/2021\/06\/lenda-do-rio-amazonas.jpg","datePublished":"2021-06-14T18:35:41+00:00","dateModified":"2021-06-14T18:35:45+00:00","breadcrumb":{"@id":"https:\/\/jornalfatosenoticias.com.br\/index.php\/2021\/06\/14\/lenda-dos-rios-xingu-e-amazonas\/#breadcrumb"},"inLanguage":"pt-BR","potentialAction":[{"@type":"ReadAction","target":["https:\/\/jornalfatosenoticias.com.br\/index.php\/2021\/06\/14\/lenda-dos-rios-xingu-e-amazonas\/"]}]},{"@type":"ImageObject","inLanguage":"pt-BR","@id":"https:\/\/jornalfatosenoticias.com.br\/index.php\/2021\/06\/14\/lenda-dos-rios-xingu-e-amazonas\/#primaryimage","url":"https:\/\/jornalfatosenoticias.com.br\/wp-content\/uploads\/2021\/06\/lenda-do-rio-amazonas.jpg","contentUrl":"https:\/\/jornalfatosenoticias.com.br\/wp-content\/uploads\/2021\/06\/lenda-do-rio-amazonas.jpg","width":1000,"height":651},{"@type":"BreadcrumbList","@id":"https:\/\/jornalfatosenoticias.com.br\/index.php\/2021\/06\/14\/lenda-dos-rios-xingu-e-amazonas\/#breadcrumb","itemListElement":[{"@type":"ListItem","position":1,"name":"In\u00edcio","item":"https:\/\/jornalfatosenoticias.com.br\/"},{"@type":"ListItem","position":2,"name":"Lenda dos rios Xingu e Amazonas"}]},{"@type":"WebSite","@id":"https:\/\/jornalfatosenoticias.com.br\/#website","url":"https:\/\/jornalfatosenoticias.com.br\/","name":"Jornal Fatos e Not\u00edcias","description":"Not\u00edcias em geral","publisher":{"@id":"https:\/\/jornalfatosenoticias.com.br\/#organization"},"potentialAction":[{"@type":"SearchAction","target":{"@type":"EntryPoint","urlTemplate":"https:\/\/jornalfatosenoticias.com.br\/?s={search_term_string}"},"query-input":{"@type":"PropertyValueSpecification","valueRequired":true,"valueName":"search_term_string"}}],"inLanguage":"pt-BR"},{"@type":"Organization","@id":"https:\/\/jornalfatosenoticias.com.br\/#organization","name":"Jornal Fatos e Not\u00edcias","url":"https:\/\/jornalfatosenoticias.com.br\/","logo":{"@type":"ImageObject","inLanguage":"pt-BR","@id":"https:\/\/jornalfatosenoticias.com.br\/#\/schema\/logo\/image\/","url":"https:\/\/jornalfatosenoticias.com.br\/wp-content\/uploads\/2020\/02\/logo120.png","contentUrl":"https:\/\/jornalfatosenoticias.com.br\/wp-content\/uploads\/2020\/02\/logo120.png","width":1227,"height":120,"caption":"Jornal Fatos e Not\u00edcias"},"image":{"@id":"https:\/\/jornalfatosenoticias.com.br\/#\/schema\/logo\/image\/"}},{"@type":"Person","@id":"https:\/\/jornalfatosenoticias.com.br\/#\/schema\/person\/d63837fa13ac8666eb9e74e0985d6f81","name":"Luzimara Fernandes","image":{"@type":"ImageObject","inLanguage":"pt-BR","@id":"https:\/\/jornalfatosenoticias.com.br\/#\/schema\/person\/image\/","url":"https:\/\/jornalfatosenoticias.com.br\/wp-content\/uploads\/2025\/05\/EU_portal.jpg","contentUrl":"https:\/\/jornalfatosenoticias.com.br\/wp-content\/uploads\/2025\/05\/EU_portal.jpg","caption":"Luzimara Fernandes"},"description":"Jornalista MTB 2358-ES","sameAs":["https:\/\/jornalfatosenoticias.com.br"],"url":"https:\/\/jornalfatosenoticias.com.br\/index.php\/author\/luzimara\/"}]}},"cc_featured_image_caption":{"caption_text":"(Foto: Reprodu\u00e7\u00e3o)","source_text":"","source_url":""},"jetpack_featured_media_url":"https:\/\/jornalfatosenoticias.com.br\/wp-content\/uploads\/2021\/06\/lenda-do-rio-amazonas.jpg","_links":{"self":[{"href":"https:\/\/jornalfatosenoticias.com.br\/index.php\/wp-json\/wp\/v2\/posts\/19381","targetHints":{"allow":["GET"]}}],"collection":[{"href":"https:\/\/jornalfatosenoticias.com.br\/index.php\/wp-json\/wp\/v2\/posts"}],"about":[{"href":"https:\/\/jornalfatosenoticias.com.br\/index.php\/wp-json\/wp\/v2\/types\/post"}],"author":[{"embeddable":true,"href":"https:\/\/jornalfatosenoticias.com.br\/index.php\/wp-json\/wp\/v2\/users\/2"}],"replies":[{"embeddable":true,"href":"https:\/\/jornalfatosenoticias.com.br\/index.php\/wp-json\/wp\/v2\/comments?post=19381"}],"version-history":[{"count":0,"href":"https:\/\/jornalfatosenoticias.com.br\/index.php\/wp-json\/wp\/v2\/posts\/19381\/revisions"}],"wp:featuredmedia":[{"embeddable":true,"href":"https:\/\/jornalfatosenoticias.com.br\/index.php\/wp-json\/wp\/v2\/media\/19382"}],"wp:attachment":[{"href":"https:\/\/jornalfatosenoticias.com.br\/index.php\/wp-json\/wp\/v2\/media?parent=19381"}],"wp:term":[{"taxonomy":"category","embeddable":true,"href":"https:\/\/jornalfatosenoticias.com.br\/index.php\/wp-json\/wp\/v2\/categories?post=19381"},{"taxonomy":"post_tag","embeddable":true,"href":"https:\/\/jornalfatosenoticias.com.br\/index.php\/wp-json\/wp\/v2\/tags?post=19381"}],"curies":[{"name":"wp","href":"https:\/\/api.w.org\/{rel}","templated":true}]}}