{"id":19395,"date":"2021-06-15T09:53:33","date_gmt":"2021-06-15T12:53:33","guid":{"rendered":"https:\/\/jornalfatosenoticias.com.br\/?p=19395"},"modified":"2021-06-15T09:53:37","modified_gmt":"2021-06-15T12:53:37","slug":"ministerio-da-saude-lanca-campanha-de-doacao-de-sangue","status":"publish","type":"post","link":"https:\/\/jornalfatosenoticias.com.br\/index.php\/2021\/06\/15\/ministerio-da-saude-lanca-campanha-de-doacao-de-sangue\/","title":{"rendered":"Minist\u00e9rio da Sa\u00fade lan\u00e7a campanha de doa\u00e7\u00e3o de sangue"},"content":{"rendered":"\n<p><em><span class=\"has-inline-color has-black-color\">Lan\u00e7amento ocorreu no Dia Mundial do Doador de Sangue<\/span><\/em><\/p>\n\n\n\n<p>Com o lema Doe Sangue Regularmente \u2014 com a Nossa Uni\u00e3o a Vida se Completa, o Minist\u00e9rio da Sa\u00fade lan\u00e7ou ontem (14) uma campanha para incentivar a popula\u00e7\u00e3o a doar sangue regularmente. O objetivo \u00e9 incrementar o estoque de sangue do Pa\u00eds, que teve uma redu\u00e7\u00e3o de 10% desde o in\u00edcio da pandemia de covid-19. O lan\u00e7amento ocorreu na data em que se comemora o Dia Mundial do Doador de Sangue.<br>Em 2019, foram realizadas 3.271.824 coletas de sangue no Pa\u00eds e em 2020 o n\u00famero caiu para 2.958.665. Segundo o minist\u00e9rio, a redu\u00e7\u00e3o se deu em raz\u00e3o da diminui\u00e7\u00e3o na circula\u00e7\u00e3o de pessoas por conta da covid-19. Apesar da redu\u00e7\u00e3o, a pasta n\u00e3o registrou desabastecimento.<\/p>\n\n\n\n<h4 class=\"wp-block-heading\"><span class=\"has-inline-color has-black-color\">Ou\u00e7a na Radioag\u00eancia Nacional<\/span><\/h4>\n\n\n\n<figure class=\"wp-block-audio\"><audio controls src=\"https:\/\/jornalfatosenoticias.com.br\/wp-content\/uploads\/2021\/06\/14-06-21_-_sayonara_moreno_-_campanha_doacao_sangue_ms_ra_rb.mp3\"><\/audio><\/figure>\n\n\n\n<p>Mesmo assim, durante a pandemia o minist\u00e9rio teve que acionar o Plano Nacional de Conting\u00eancia de Sangue que possibilitou o remanejamento de bolsas de sangue entre os estados conforme a demanda e oferta em cada local. Nove estados fizeram solicita\u00e7\u00f5es e foram atendidos: S\u00e3o Paulo, Minas Gerais, Piau\u00ed, Pernambuco, Sergipe, Amap\u00e1, Rond\u00f4nia, Paran\u00e1 e Santa Catarina.<\/p>\n\n\n\n<p><strong><strong>Ou\u00e7a:\u00a0<a href=\"https:\/\/agenciabrasil.ebc.com.br\/radioagencia-nacional\/geral\/audio\/2021-06\/saiba-o-que-e-preciso-para-se-tornar-um-doador-de-sangue\" target=\"_blank\" rel=\"noreferrer noopener\">Saiba o que \u00e9 preciso para se tornar um doador de sangue<\/a><\/strong><\/strong><\/p>\n\n\n\n<p>Em m\u00e9dia, a disponibiliza\u00e7\u00e3o do sangue para o destino final leva at\u00e9 oito horas, considerando a maior dist\u00e2ncia entre o estado solicitante e o que doa.<br>Neste ano, at\u00e9 o m\u00eas de mar\u00e7o foram coletadas 734.247 bolsas de sangue no Pa\u00eds. Durante o lan\u00e7amento da campanha, o ministro da Sa\u00fade, Marcelo Queiroga, lembrou que todo a manuten\u00e7\u00e3o do abastecimento dos hemocentros \u00e9 poss\u00edvel gra\u00e7as \u00e0 exist\u00eancia do Sistema \u00danico de Sa\u00fade (SUS).<\/p>\n\n\n\n<blockquote class=\"wp-block-quote is-layout-flow wp-block-quote-is-layout-flow\"><p><span class=\"has-inline-color has-luminous-vivid-orange-color\">\u201cVamos aproveitar essa oportunidade n\u00e3o s\u00f3 para reafirmar as a\u00e7\u00f5es de enfrentamento \u00e0 pandemia, mas tamb\u00e9m a necessidade cont\u00ednua da cumprir o preceito constitucional da sa\u00fade como direito fundamental\u201d, afirmou o ministro.<\/span><\/p><\/blockquote>\n\n\n\n<h4 class=\"wp-block-heading\"><span class=\"has-inline-color has-black-color\">Assista \u00e0 integra da transmiss\u00e3o:<\/span><\/h4>\n\n\n\n<figure class=\"wp-block-embed-youtube wp-block-embed is-type-video is-provider-youtube wp-embed-aspect-16-9 wp-has-aspect-ratio\"><div class=\"wp-block-embed__wrapper\">\nhttps:\/\/www.youtube.com\/watch?v=FL9KnYi80Q8&#038;feature=emb_imp_woyt\n<\/div><\/figure>\n\n\n\n<p>Para doar sangue, \u00e9 preciso ter de 16 a 69 anos, desde que a primeira doa\u00e7\u00e3o tenha sido feita at\u00e9 60 anos (menores de 18 anos devem apresentar consentimento formal do respons\u00e1vel legal); pesar no m\u00ednimo 50 quilos; e estar alimentado. No dia da coleta, o doador n\u00e3o deve ingerir alimentos gordurosos antes da doa\u00e7\u00e3o; deve ter dormido pelo menos seis horas nas \u00faltimas 24 horas; e apresentar documento oficial de identifica\u00e7\u00e3o com foto.<br>Uma \u00fanica doa\u00e7\u00e3o de sangue, de 450 mililitros, \u00e9 suficiente para salvar a vida de at\u00e9 quatro pessoas. Al\u00e9m disso, essa quantidade \u00e9 reposta no organismo em 24 horas.<br>A campanha deste ano tamb\u00e9m vai lan\u00e7ar m\u00e3o do aux\u00edlio da tecnologia, por meio do Facebook. Basta <strong><a href=\"http:\/\/facebook.com\/donateblood\" target=\"_blank\" rel=\"noreferrer noopener\">acessar a p\u00e1gina<\/a><\/strong> para se cadastrar como doador de sangue.<br>O ministro lembrou ainda que a doa\u00e7\u00e3o volunt\u00e1ria de sangue, al\u00e9m de um ato de amor \u00e9 um compromisso com a vida.<\/p>\n\n\n\n<blockquote class=\"wp-block-quote is-layout-flow wp-block-quote-is-layout-flow\"><p><span class=\"has-inline-color has-luminous-vivid-orange-color\">\u201cVamos nos unir para mantermos nos nossos bancos de sangue reservas suficientes para atender a popula\u00e7\u00e3o brasileira\u201d, pediu o ministro.<\/span><\/p><\/blockquote>\n\n\n\n<p><strong><em>Fonte: <strong><em><a href=\"https:\/\/agenciabrasil.ebc.com.br\/saude\/noticia\/2021-06\/ministerio-da-saude-lanca-campanha-de-doacao-de-sangue\">Ag\u00eancia Brasil<\/a><\/em><\/strong><\/em><\/strong><\/p>\n","protected":false},"excerpt":{"rendered":"<p>Lan\u00e7amento ocorreu no Dia Mundial do Doador de Sangue Com o lema Doe Sangue Regularmente \u2014 com a Nossa Uni\u00e3o a Vida se Completa, o Minist\u00e9rio da Sa\u00fade lan\u00e7ou ontem (14) uma campanha para incentivar a popula\u00e7\u00e3o a doar sangue regularmente. O objetivo \u00e9 incrementar o estoque de sangue do Pa\u00eds, que teve uma redu\u00e7\u00e3o [&hellip;]<\/p>\n","protected":false},"author":2,"featured_media":19397,"comment_status":"open","ping_status":"open","sticky":false,"template":"","format":"standard","meta":{"footnotes":""},"categories":[11],"tags":[829,9520,3309,447],"class_list":["post-19395","post","type-post","status-publish","format-standard","has-post-thumbnail","hentry","category-saude","tag-campanha","tag-dia-mundial-do-doador-de-sangue","tag-doacao-de-sangue","tag-ministerio-da-saude"],"yoast_head":"<!-- This site is optimized with the Yoast SEO plugin v26.5 - https:\/\/yoast.com\/wordpress\/plugins\/seo\/ -->\n<title>Minist\u00e9rio da Sa\u00fade lan\u00e7a campanha de doa\u00e7\u00e3o de sangue - Jornal Fatos e Not\u00edcias<\/title>\n<meta name=\"robots\" content=\"index, follow, max-snippet:-1, max-image-preview:large, max-video-preview:-1\" \/>\n<link rel=\"canonical\" href=\"https:\/\/jornalfatosenoticias.com.br\/index.php\/2021\/06\/15\/ministerio-da-saude-lanca-campanha-de-doacao-de-sangue\/\" \/>\n<meta property=\"og:locale\" content=\"pt_BR\" \/>\n<meta property=\"og:type\" content=\"article\" \/>\n<meta property=\"og:title\" content=\"Minist\u00e9rio da Sa\u00fade lan\u00e7a campanha de doa\u00e7\u00e3o de sangue - Jornal Fatos e Not\u00edcias\" \/>\n<meta property=\"og:description\" content=\"Lan\u00e7amento ocorreu no Dia Mundial do Doador de Sangue Com o lema Doe Sangue Regularmente \u2014 com a Nossa Uni\u00e3o a Vida se Completa, o Minist\u00e9rio da Sa\u00fade lan\u00e7ou ontem (14) uma campanha para incentivar a popula\u00e7\u00e3o a doar sangue regularmente. O objetivo \u00e9 incrementar o estoque de sangue do Pa\u00eds, que teve uma redu\u00e7\u00e3o [&hellip;]\" \/>\n<meta property=\"og:url\" content=\"https:\/\/jornalfatosenoticias.com.br\/index.php\/2021\/06\/15\/ministerio-da-saude-lanca-campanha-de-doacao-de-sangue\/\" \/>\n<meta property=\"og:site_name\" content=\"Jornal Fatos e Not\u00edcias\" \/>\n<meta property=\"article:published_time\" content=\"2021-06-15T12:53:33+00:00\" \/>\n<meta property=\"article:modified_time\" content=\"2021-06-15T12:53:37+00:00\" \/>\n<meta property=\"og:image\" content=\"https:\/\/jornalfatosenoticias.com.br\/wp-content\/uploads\/2021\/06\/campanha-doacao-sangue_mcamgo_abr.jpg\" \/>\n\t<meta property=\"og:image:width\" content=\"1000\" \/>\n\t<meta property=\"og:image:height\" content=\"598\" \/>\n\t<meta property=\"og:image:type\" content=\"image\/jpeg\" \/>\n<meta name=\"author\" content=\"Luzimara Fernandes\" \/>\n<meta name=\"twitter:card\" content=\"summary_large_image\" \/>\n<meta name=\"twitter:label1\" content=\"Escrito por\" \/>\n\t<meta name=\"twitter:data1\" content=\"Luzimara Fernandes\" \/>\n\t<meta name=\"twitter:label2\" content=\"Est. tempo de leitura\" \/>\n\t<meta name=\"twitter:data2\" content=\"3 minutos\" \/>\n<script type=\"application\/ld+json\" class=\"yoast-schema-graph\">{\"@context\":\"https:\/\/schema.org\",\"@graph\":[{\"@type\":\"Article\",\"@id\":\"https:\/\/jornalfatosenoticias.com.br\/index.php\/2021\/06\/15\/ministerio-da-saude-lanca-campanha-de-doacao-de-sangue\/#article\",\"isPartOf\":{\"@id\":\"https:\/\/jornalfatosenoticias.com.br\/index.php\/2021\/06\/15\/ministerio-da-saude-lanca-campanha-de-doacao-de-sangue\/\"},\"author\":{\"name\":\"Luzimara Fernandes\",\"@id\":\"https:\/\/jornalfatosenoticias.com.br\/#\/schema\/person\/d63837fa13ac8666eb9e74e0985d6f81\"},\"headline\":\"Minist\u00e9rio da Sa\u00fade lan\u00e7a campanha de doa\u00e7\u00e3o de sangue\",\"datePublished\":\"2021-06-15T12:53:33+00:00\",\"dateModified\":\"2021-06-15T12:53:37+00:00\",\"mainEntityOfPage\":{\"@id\":\"https:\/\/jornalfatosenoticias.com.br\/index.php\/2021\/06\/15\/ministerio-da-saude-lanca-campanha-de-doacao-de-sangue\/\"},\"wordCount\":547,\"commentCount\":0,\"publisher\":{\"@id\":\"https:\/\/jornalfatosenoticias.com.br\/#organization\"},\"image\":{\"@id\":\"https:\/\/jornalfatosenoticias.com.br\/index.php\/2021\/06\/15\/ministerio-da-saude-lanca-campanha-de-doacao-de-sangue\/#primaryimage\"},\"thumbnailUrl\":\"https:\/\/jornalfatosenoticias.com.br\/wp-content\/uploads\/2021\/06\/campanha-doacao-sangue_mcamgo_abr.jpg\",\"keywords\":[\"campanha\",\"Dia Mundial do Doador de Sangue\",\"doa\u00e7\u00e3o de sangue\",\"Minist\u00e9rio da Sa\u00fade\"],\"articleSection\":[\"Sa\u00fade\"],\"inLanguage\":\"pt-BR\",\"potentialAction\":[{\"@type\":\"CommentAction\",\"name\":\"Comment\",\"target\":[\"https:\/\/jornalfatosenoticias.com.br\/index.php\/2021\/06\/15\/ministerio-da-saude-lanca-campanha-de-doacao-de-sangue\/#respond\"]}]},{\"@type\":\"WebPage\",\"@id\":\"https:\/\/jornalfatosenoticias.com.br\/index.php\/2021\/06\/15\/ministerio-da-saude-lanca-campanha-de-doacao-de-sangue\/\",\"url\":\"https:\/\/jornalfatosenoticias.com.br\/index.php\/2021\/06\/15\/ministerio-da-saude-lanca-campanha-de-doacao-de-sangue\/\",\"name\":\"Minist\u00e9rio da Sa\u00fade lan\u00e7a campanha de doa\u00e7\u00e3o de sangue - Jornal Fatos e Not\u00edcias\",\"isPartOf\":{\"@id\":\"https:\/\/jornalfatosenoticias.com.br\/#website\"},\"primaryImageOfPage\":{\"@id\":\"https:\/\/jornalfatosenoticias.com.br\/index.php\/2021\/06\/15\/ministerio-da-saude-lanca-campanha-de-doacao-de-sangue\/#primaryimage\"},\"image\":{\"@id\":\"https:\/\/jornalfatosenoticias.com.br\/index.php\/2021\/06\/15\/ministerio-da-saude-lanca-campanha-de-doacao-de-sangue\/#primaryimage\"},\"thumbnailUrl\":\"https:\/\/jornalfatosenoticias.com.br\/wp-content\/uploads\/2021\/06\/campanha-doacao-sangue_mcamgo_abr.jpg\",\"datePublished\":\"2021-06-15T12:53:33+00:00\",\"dateModified\":\"2021-06-15T12:53:37+00:00\",\"breadcrumb\":{\"@id\":\"https:\/\/jornalfatosenoticias.com.br\/index.php\/2021\/06\/15\/ministerio-da-saude-lanca-campanha-de-doacao-de-sangue\/#breadcrumb\"},\"inLanguage\":\"pt-BR\",\"potentialAction\":[{\"@type\":\"ReadAction\",\"target\":[\"https:\/\/jornalfatosenoticias.com.br\/index.php\/2021\/06\/15\/ministerio-da-saude-lanca-campanha-de-doacao-de-sangue\/\"]}]},{\"@type\":\"ImageObject\",\"inLanguage\":\"pt-BR\",\"@id\":\"https:\/\/jornalfatosenoticias.com.br\/index.php\/2021\/06\/15\/ministerio-da-saude-lanca-campanha-de-doacao-de-sangue\/#primaryimage\",\"url\":\"https:\/\/jornalfatosenoticias.com.br\/wp-content\/uploads\/2021\/06\/campanha-doacao-sangue_mcamgo_abr.jpg\",\"contentUrl\":\"https:\/\/jornalfatosenoticias.com.br\/wp-content\/uploads\/2021\/06\/campanha-doacao-sangue_mcamgo_abr.jpg\",\"width\":1000,\"height\":598,\"caption\":\"O ministro da Sa\u00fade, Marcelo Queiroga, durante o lan\u00e7amento da campanha de doa\u00e7\u00e3o de sangue no Dia Mundial do Doador de Sangue.\"},{\"@type\":\"BreadcrumbList\",\"@id\":\"https:\/\/jornalfatosenoticias.com.br\/index.php\/2021\/06\/15\/ministerio-da-saude-lanca-campanha-de-doacao-de-sangue\/#breadcrumb\",\"itemListElement\":[{\"@type\":\"ListItem\",\"position\":1,\"name\":\"In\u00edcio\",\"item\":\"https:\/\/jornalfatosenoticias.com.br\/\"},{\"@type\":\"ListItem\",\"position\":2,\"name\":\"Minist\u00e9rio da Sa\u00fade lan\u00e7a campanha de doa\u00e7\u00e3o de sangue\"}]},{\"@type\":\"WebSite\",\"@id\":\"https:\/\/jornalfatosenoticias.com.br\/#website\",\"url\":\"https:\/\/jornalfatosenoticias.com.br\/\",\"name\":\"Jornal Fatos e Not\u00edcias\",\"description\":\"Not\u00edcias em geral\",\"publisher\":{\"@id\":\"https:\/\/jornalfatosenoticias.com.br\/#organization\"},\"potentialAction\":[{\"@type\":\"SearchAction\",\"target\":{\"@type\":\"EntryPoint\",\"urlTemplate\":\"https:\/\/jornalfatosenoticias.com.br\/?s={search_term_string}\"},\"query-input\":{\"@type\":\"PropertyValueSpecification\",\"valueRequired\":true,\"valueName\":\"search_term_string\"}}],\"inLanguage\":\"pt-BR\"},{\"@type\":\"Organization\",\"@id\":\"https:\/\/jornalfatosenoticias.com.br\/#organization\",\"name\":\"Jornal Fatos e Not\u00edcias\",\"url\":\"https:\/\/jornalfatosenoticias.com.br\/\",\"logo\":{\"@type\":\"ImageObject\",\"inLanguage\":\"pt-BR\",\"@id\":\"https:\/\/jornalfatosenoticias.com.br\/#\/schema\/logo\/image\/\",\"url\":\"https:\/\/jornalfatosenoticias.com.br\/wp-content\/uploads\/2020\/02\/logo120.png\",\"contentUrl\":\"https:\/\/jornalfatosenoticias.com.br\/wp-content\/uploads\/2020\/02\/logo120.png\",\"width\":1227,\"height\":120,\"caption\":\"Jornal Fatos e Not\u00edcias\"},\"image\":{\"@id\":\"https:\/\/jornalfatosenoticias.com.br\/#\/schema\/logo\/image\/\"}},{\"@type\":\"Person\",\"@id\":\"https:\/\/jornalfatosenoticias.com.br\/#\/schema\/person\/d63837fa13ac8666eb9e74e0985d6f81\",\"name\":\"Luzimara Fernandes\",\"image\":{\"@type\":\"ImageObject\",\"inLanguage\":\"pt-BR\",\"@id\":\"https:\/\/jornalfatosenoticias.com.br\/#\/schema\/person\/image\/\",\"url\":\"https:\/\/jornalfatosenoticias.com.br\/wp-content\/uploads\/2025\/05\/EU_portal.jpg\",\"contentUrl\":\"https:\/\/jornalfatosenoticias.com.br\/wp-content\/uploads\/2025\/05\/EU_portal.jpg\",\"caption\":\"Luzimara Fernandes\"},\"description\":\"Jornalista MTB 2358-ES\",\"sameAs\":[\"https:\/\/jornalfatosenoticias.com.br\"],\"url\":\"https:\/\/jornalfatosenoticias.com.br\/index.php\/author\/luzimara\/\"}]}<\/script>\n<!-- \/ Yoast SEO plugin. -->","yoast_head_json":{"title":"Minist\u00e9rio da Sa\u00fade lan\u00e7a campanha de doa\u00e7\u00e3o de sangue - Jornal Fatos e Not\u00edcias","robots":{"index":"index","follow":"follow","max-snippet":"max-snippet:-1","max-image-preview":"max-image-preview:large","max-video-preview":"max-video-preview:-1"},"canonical":"https:\/\/jornalfatosenoticias.com.br\/index.php\/2021\/06\/15\/ministerio-da-saude-lanca-campanha-de-doacao-de-sangue\/","og_locale":"pt_BR","og_type":"article","og_title":"Minist\u00e9rio da Sa\u00fade lan\u00e7a campanha de doa\u00e7\u00e3o de sangue - Jornal Fatos e Not\u00edcias","og_description":"Lan\u00e7amento ocorreu no Dia Mundial do Doador de Sangue Com o lema Doe Sangue Regularmente \u2014 com a Nossa Uni\u00e3o a Vida se Completa, o Minist\u00e9rio da Sa\u00fade lan\u00e7ou ontem (14) uma campanha para incentivar a popula\u00e7\u00e3o a doar sangue regularmente. O objetivo \u00e9 incrementar o estoque de sangue do Pa\u00eds, que teve uma redu\u00e7\u00e3o [&hellip;]","og_url":"https:\/\/jornalfatosenoticias.com.br\/index.php\/2021\/06\/15\/ministerio-da-saude-lanca-campanha-de-doacao-de-sangue\/","og_site_name":"Jornal Fatos e Not\u00edcias","article_published_time":"2021-06-15T12:53:33+00:00","article_modified_time":"2021-06-15T12:53:37+00:00","og_image":[{"width":1000,"height":598,"url":"https:\/\/jornalfatosenoticias.com.br\/wp-content\/uploads\/2021\/06\/campanha-doacao-sangue_mcamgo_abr.jpg","type":"image\/jpeg"}],"author":"Luzimara Fernandes","twitter_card":"summary_large_image","twitter_misc":{"Escrito por":"Luzimara Fernandes","Est. tempo de leitura":"3 minutos"},"schema":{"@context":"https:\/\/schema.org","@graph":[{"@type":"Article","@id":"https:\/\/jornalfatosenoticias.com.br\/index.php\/2021\/06\/15\/ministerio-da-saude-lanca-campanha-de-doacao-de-sangue\/#article","isPartOf":{"@id":"https:\/\/jornalfatosenoticias.com.br\/index.php\/2021\/06\/15\/ministerio-da-saude-lanca-campanha-de-doacao-de-sangue\/"},"author":{"name":"Luzimara Fernandes","@id":"https:\/\/jornalfatosenoticias.com.br\/#\/schema\/person\/d63837fa13ac8666eb9e74e0985d6f81"},"headline":"Minist\u00e9rio da Sa\u00fade lan\u00e7a campanha de doa\u00e7\u00e3o de sangue","datePublished":"2021-06-15T12:53:33+00:00","dateModified":"2021-06-15T12:53:37+00:00","mainEntityOfPage":{"@id":"https:\/\/jornalfatosenoticias.com.br\/index.php\/2021\/06\/15\/ministerio-da-saude-lanca-campanha-de-doacao-de-sangue\/"},"wordCount":547,"commentCount":0,"publisher":{"@id":"https:\/\/jornalfatosenoticias.com.br\/#organization"},"image":{"@id":"https:\/\/jornalfatosenoticias.com.br\/index.php\/2021\/06\/15\/ministerio-da-saude-lanca-campanha-de-doacao-de-sangue\/#primaryimage"},"thumbnailUrl":"https:\/\/jornalfatosenoticias.com.br\/wp-content\/uploads\/2021\/06\/campanha-doacao-sangue_mcamgo_abr.jpg","keywords":["campanha","Dia Mundial do Doador de Sangue","doa\u00e7\u00e3o de sangue","Minist\u00e9rio da Sa\u00fade"],"articleSection":["Sa\u00fade"],"inLanguage":"pt-BR","potentialAction":[{"@type":"CommentAction","name":"Comment","target":["https:\/\/jornalfatosenoticias.com.br\/index.php\/2021\/06\/15\/ministerio-da-saude-lanca-campanha-de-doacao-de-sangue\/#respond"]}]},{"@type":"WebPage","@id":"https:\/\/jornalfatosenoticias.com.br\/index.php\/2021\/06\/15\/ministerio-da-saude-lanca-campanha-de-doacao-de-sangue\/","url":"https:\/\/jornalfatosenoticias.com.br\/index.php\/2021\/06\/15\/ministerio-da-saude-lanca-campanha-de-doacao-de-sangue\/","name":"Minist\u00e9rio da Sa\u00fade lan\u00e7a campanha de doa\u00e7\u00e3o de sangue - Jornal Fatos e Not\u00edcias","isPartOf":{"@id":"https:\/\/jornalfatosenoticias.com.br\/#website"},"primaryImageOfPage":{"@id":"https:\/\/jornalfatosenoticias.com.br\/index.php\/2021\/06\/15\/ministerio-da-saude-lanca-campanha-de-doacao-de-sangue\/#primaryimage"},"image":{"@id":"https:\/\/jornalfatosenoticias.com.br\/index.php\/2021\/06\/15\/ministerio-da-saude-lanca-campanha-de-doacao-de-sangue\/#primaryimage"},"thumbnailUrl":"https:\/\/jornalfatosenoticias.com.br\/wp-content\/uploads\/2021\/06\/campanha-doacao-sangue_mcamgo_abr.jpg","datePublished":"2021-06-15T12:53:33+00:00","dateModified":"2021-06-15T12:53:37+00:00","breadcrumb":{"@id":"https:\/\/jornalfatosenoticias.com.br\/index.php\/2021\/06\/15\/ministerio-da-saude-lanca-campanha-de-doacao-de-sangue\/#breadcrumb"},"inLanguage":"pt-BR","potentialAction":[{"@type":"ReadAction","target":["https:\/\/jornalfatosenoticias.com.br\/index.php\/2021\/06\/15\/ministerio-da-saude-lanca-campanha-de-doacao-de-sangue\/"]}]},{"@type":"ImageObject","inLanguage":"pt-BR","@id":"https:\/\/jornalfatosenoticias.com.br\/index.php\/2021\/06\/15\/ministerio-da-saude-lanca-campanha-de-doacao-de-sangue\/#primaryimage","url":"https:\/\/jornalfatosenoticias.com.br\/wp-content\/uploads\/2021\/06\/campanha-doacao-sangue_mcamgo_abr.jpg","contentUrl":"https:\/\/jornalfatosenoticias.com.br\/wp-content\/uploads\/2021\/06\/campanha-doacao-sangue_mcamgo_abr.jpg","width":1000,"height":598,"caption":"O ministro da Sa\u00fade, Marcelo Queiroga, durante o lan\u00e7amento da campanha de doa\u00e7\u00e3o de sangue no Dia Mundial do Doador de Sangue."},{"@type":"BreadcrumbList","@id":"https:\/\/jornalfatosenoticias.com.br\/index.php\/2021\/06\/15\/ministerio-da-saude-lanca-campanha-de-doacao-de-sangue\/#breadcrumb","itemListElement":[{"@type":"ListItem","position":1,"name":"In\u00edcio","item":"https:\/\/jornalfatosenoticias.com.br\/"},{"@type":"ListItem","position":2,"name":"Minist\u00e9rio da Sa\u00fade lan\u00e7a campanha de doa\u00e7\u00e3o de sangue"}]},{"@type":"WebSite","@id":"https:\/\/jornalfatosenoticias.com.br\/#website","url":"https:\/\/jornalfatosenoticias.com.br\/","name":"Jornal Fatos e Not\u00edcias","description":"Not\u00edcias em geral","publisher":{"@id":"https:\/\/jornalfatosenoticias.com.br\/#organization"},"potentialAction":[{"@type":"SearchAction","target":{"@type":"EntryPoint","urlTemplate":"https:\/\/jornalfatosenoticias.com.br\/?s={search_term_string}"},"query-input":{"@type":"PropertyValueSpecification","valueRequired":true,"valueName":"search_term_string"}}],"inLanguage":"pt-BR"},{"@type":"Organization","@id":"https:\/\/jornalfatosenoticias.com.br\/#organization","name":"Jornal Fatos e Not\u00edcias","url":"https:\/\/jornalfatosenoticias.com.br\/","logo":{"@type":"ImageObject","inLanguage":"pt-BR","@id":"https:\/\/jornalfatosenoticias.com.br\/#\/schema\/logo\/image\/","url":"https:\/\/jornalfatosenoticias.com.br\/wp-content\/uploads\/2020\/02\/logo120.png","contentUrl":"https:\/\/jornalfatosenoticias.com.br\/wp-content\/uploads\/2020\/02\/logo120.png","width":1227,"height":120,"caption":"Jornal Fatos e Not\u00edcias"},"image":{"@id":"https:\/\/jornalfatosenoticias.com.br\/#\/schema\/logo\/image\/"}},{"@type":"Person","@id":"https:\/\/jornalfatosenoticias.com.br\/#\/schema\/person\/d63837fa13ac8666eb9e74e0985d6f81","name":"Luzimara Fernandes","image":{"@type":"ImageObject","inLanguage":"pt-BR","@id":"https:\/\/jornalfatosenoticias.com.br\/#\/schema\/person\/image\/","url":"https:\/\/jornalfatosenoticias.com.br\/wp-content\/uploads\/2025\/05\/EU_portal.jpg","contentUrl":"https:\/\/jornalfatosenoticias.com.br\/wp-content\/uploads\/2025\/05\/EU_portal.jpg","caption":"Luzimara Fernandes"},"description":"Jornalista MTB 2358-ES","sameAs":["https:\/\/jornalfatosenoticias.com.br"],"url":"https:\/\/jornalfatosenoticias.com.br\/index.php\/author\/luzimara\/"}]}},"cc_featured_image_caption":{"caption_text":"(Foto: Marcelo Camargo\/Ag\u00eancia Brasil) ","source_text":"","source_url":""},"jetpack_featured_media_url":"https:\/\/jornalfatosenoticias.com.br\/wp-content\/uploads\/2021\/06\/campanha-doacao-sangue_mcamgo_abr.jpg","_links":{"self":[{"href":"https:\/\/jornalfatosenoticias.com.br\/index.php\/wp-json\/wp\/v2\/posts\/19395","targetHints":{"allow":["GET"]}}],"collection":[{"href":"https:\/\/jornalfatosenoticias.com.br\/index.php\/wp-json\/wp\/v2\/posts"}],"about":[{"href":"https:\/\/jornalfatosenoticias.com.br\/index.php\/wp-json\/wp\/v2\/types\/post"}],"author":[{"embeddable":true,"href":"https:\/\/jornalfatosenoticias.com.br\/index.php\/wp-json\/wp\/v2\/users\/2"}],"replies":[{"embeddable":true,"href":"https:\/\/jornalfatosenoticias.com.br\/index.php\/wp-json\/wp\/v2\/comments?post=19395"}],"version-history":[{"count":0,"href":"https:\/\/jornalfatosenoticias.com.br\/index.php\/wp-json\/wp\/v2\/posts\/19395\/revisions"}],"wp:featuredmedia":[{"embeddable":true,"href":"https:\/\/jornalfatosenoticias.com.br\/index.php\/wp-json\/wp\/v2\/media\/19397"}],"wp:attachment":[{"href":"https:\/\/jornalfatosenoticias.com.br\/index.php\/wp-json\/wp\/v2\/media?parent=19395"}],"wp:term":[{"taxonomy":"category","embeddable":true,"href":"https:\/\/jornalfatosenoticias.com.br\/index.php\/wp-json\/wp\/v2\/categories?post=19395"},{"taxonomy":"post_tag","embeddable":true,"href":"https:\/\/jornalfatosenoticias.com.br\/index.php\/wp-json\/wp\/v2\/tags?post=19395"}],"curies":[{"name":"wp","href":"https:\/\/api.w.org\/{rel}","templated":true}]}}