{"id":1940,"date":"2020-03-11T10:33:20","date_gmt":"2020-03-11T13:33:20","guid":{"rendered":"https:\/\/jornalfatosenoticias.com.br\/?p=1940"},"modified":"2020-03-11T10:33:25","modified_gmt":"2020-03-11T13:33:25","slug":"dora-richter-a-primeira-pessoa-a-fazer-cirurgias-completas-de-troca-de-genero","status":"publish","type":"post","link":"https:\/\/jornalfatosenoticias.com.br\/index.php\/2020\/03\/11\/dora-richter-a-primeira-pessoa-a-fazer-cirurgias-completas-de-troca-de-genero\/","title":{"rendered":"Dora Richter, a primeira pessoa a fazer cirurgias completas de troca de g\u00eanero"},"content":{"rendered":"\n<h6 class=\"wp-block-heading\"><em>Entre 1920 e 1930, enquanto a influ\u00eancia do nazismo crescia na Alemanha, Dora tinha apenas um desejo: transformar seu corpo<\/em><\/h6>\n\n\n\n<p>Entre 1920 e 1930, o sex\u00f3logo alem\u00e3o Magnus Hirschfeld fazia diversas pesquisas no campo da sexualidade. Fundador do Comit\u00ea Cient\u00edfico-Humanit\u00e1rio, o especialista era defensor dos diretos dos homossexuais e dos transg\u00eaneros.<br>\nN\u00e3o \u00e0 toa, Magnus fez parte dos cientistas que cuidaram e estudaram pessoas trans no Instituto de Pesquisa Sexual de Berlim. Uma delas, que trabalhava no local como empregada dom\u00e9stica, foi Dora Richter, mais conhecida como D\u00f6rchen.<br>\nNascida em 1891, sob o nome de Richard, Dora nunca realmente sentiu-se um homem. Aos seis anos, inclusive, tentou arrancar o pr\u00f3prio p\u00eanis com um torniquete. Quando jovem, usava roupas tidas como femininas e se apresentava como mulher.<br>\nEla apenas usava seu nome masculino para conseguir trabalhos como gar\u00e7om em hot\u00e9is de Berlim. Quando estava na casa dos 30 anos, recebeu o aval da pol\u00edcia para que se vestisse como quisesse e passou a trabalhar no Instituto.<br>\nUma vez no local, Dora conheceu Magnus e foi convidada para fazer parte de uma pesquisa inovadora. Em 1922, como parte de um estudo de caso, ela foi submetida a uma orquiectomia \u2014 cirurgia de retirada dos test\u00edculos.<br>\nSempre sob os cuidados dos cientistas, Dora teve seu p\u00eanis removido em uma penectomia realizada por Dr. Ludwig Levy-Lenz, um m\u00e9dico do instituto. Meses mais tarde, a trans recebeu uma vagina artificial, que foi enxertada pelo cirurgi\u00e3o Prof. Dr. Erwing Gohrbandt, de Berlim.<br>\nDurante os estudos no Instituto, outras pessoas passaram pelos mesmos processos de Dora \u2014 como foi o caso de Lili Elbe. No entanto, D\u00f6rchen foi, de fato, a primeira pessoa a ser submetida a cirurgias de transi\u00e7\u00e3o de g\u00eanero na hist\u00f3ria.<br>\nO paradeiro de Dora, entretanto, nunca foi descoberto. Acredita-se que ela tenha sido v\u00edtima de estudantes nazistas que atacaram o instituto, em 1933. Na \u00e9poca, autoridades do estado queimaram todos os registros, inclusive os que falavam sobre a mulher trans.<\/p>\n\n\n\n<figure class=\"wp-block-image size-large\"><img loading=\"lazy\" decoding=\"async\" width=\"980\" height=\"705\" src=\"https:\/\/jornalfatosenoticias.com.br\/wp-content\/uploads\/2020\/03\/o_homem_por_tras_da_trans_Richard-Richter.jpg\" alt=\"\" class=\"wp-image-1941\" srcset=\"https:\/\/jornalfatosenoticias.com.br\/wp-content\/uploads\/2020\/03\/o_homem_por_tras_da_trans_Richard-Richter.jpg 980w, https:\/\/jornalfatosenoticias.com.br\/wp-content\/uploads\/2020\/03\/o_homem_por_tras_da_trans_Richard-Richter-300x216.jpg 300w, https:\/\/jornalfatosenoticias.com.br\/wp-content\/uploads\/2020\/03\/o_homem_por_tras_da_trans_Richard-Richter-768x552.jpg 768w\" sizes=\"auto, (max-width: 980px) 100vw, 980px\" \/><figcaption><em>Suposto Richard Richter antes de se tornar Dora (Foto: Wikimedia Commons)<\/em><\/figcaption><\/figure>\n\n\n\n<h4 class=\"wp-block-heading\">Institut f\u00fcr Sexualwissenschaft<\/h4>\n\n\n\n<p>Instalado n\u00e3o muito longe da casa de Magnus, o Instituto de Pesquisa Sexual de Berlim foi inaugurado em 6 de julho de 1919. A Alemanha vivia com os ares liberais da rec\u00e9m-fundada Rep\u00fablica de Weimar e o instituto abrigava centenas de arquivos sobre sexualidade.<br>\nCentro de pesquisas e estudos sobre o tema, o local ainda prestava servi\u00e7os educacionais e consultas m\u00e9dicas para homossexuais e transexuais. A equipe multidisciplinar do Instituto inclu\u00eda ginecologistas, dermatologistas e endocrinologistas.<br>\nA institui\u00e7\u00e3o ainda servia de moradia para diversas personalidades LGBTs da \u00e9poca, que reivindicavam os quartos gratuitos da casa alugada pelo sex\u00f3logo. O pr\u00f3prio Magnus, inclusive, morava no segundo andar do Instituto, na companhia de seu amante, Karl Giese, e sua irm\u00e3 Recha Tobias.<br>\nMagnus e Karl eram amplamente conhecidos no cen\u00e1rio gay de Berlim na \u00e9poca. Interessado por tudo que se relacionava ao mundo da sexualidade, o cientista adorava se vestir de forma cruzada e era popularmente conhecido como Tante Magnesia.<br>\nEm julho de 1932, Franz von Papen, chanceler alem\u00e3o, realizou um golpe que dep\u00f4s o governo Braun na Pr\u00fassia. Ap\u00f3s a mudan\u00e7a, o Instituto de Pesquisa Sexual de Berlim continuou aberto, mas sob o dom\u00ednio de Papen. Nesse momento, a pol\u00edcia passou a assediar qualquer um que estivesse associado \u00e0 institui\u00e7\u00e3o.<br>\nQuando o local foi invadido, em 1933, Magnus, fugiu do pa\u00eds enquanto via a influ\u00eancia nazista crescer na Alemanha. Desse momento em diante, diversas personalidades ficaram sem teto, incluindo Lili Elbe e Ernst Bloch, um fil\u00f3sofo marxista. Al\u00e9m deles, Willi M\u00fcnzenberg, membro do Parlamento alem\u00e3o e assessor de imprensa do Partido Comunista da Alemanha, que tamb\u00e9m morava no local.<br>\nMagnus morreu em 14 de maio de 1935, no dia que faria 67 anos. O sex\u00f3logo foi v\u00edtima de um ataque card\u00edaco em seu apartamento, em Nice, na Fran\u00e7a. Seu cad\u00e1ver foi cremado e as cinzas foram enterradas no cemit\u00e9rio de Caucade, na mesma cidade francesa. Na l\u00e1pide do cientista foram gravadas as palavras de seu lema em vida: &#8220;Per Scientiam ad Justitiam&#8221; (Da ci\u00eancia \u00e0 justi\u00e7a, em tradu\u00e7\u00e3o livre).<\/p>\n\n\n\n<figure class=\"wp-block-image size-large\"><img loading=\"lazy\" decoding=\"async\" width=\"980\" height=\"705\" src=\"https:\/\/jornalfatosenoticias.com.br\/wp-content\/uploads\/2020\/03\/Magnus-Hirschfeld.jpg\" alt=\"\" class=\"wp-image-1942\" srcset=\"https:\/\/jornalfatosenoticias.com.br\/wp-content\/uploads\/2020\/03\/Magnus-Hirschfeld.jpg 980w, https:\/\/jornalfatosenoticias.com.br\/wp-content\/uploads\/2020\/03\/Magnus-Hirschfeld-300x216.jpg 300w, https:\/\/jornalfatosenoticias.com.br\/wp-content\/uploads\/2020\/03\/Magnus-Hirschfeld-768x552.jpg 768w\" sizes=\"auto, (max-width: 980px) 100vw, 980px\" \/><figcaption><em>Magnus Hirschfeld, o sex\u00f3logo alem\u00e3o (Foto: Wikimedia Commons)<\/em><\/figcaption><\/figure>\n\n\n\n<p><strong><em>Fonte: Aventurasnahistoria.uol.com.br<\/em><\/strong><\/p>\n","protected":false},"excerpt":{"rendered":"<p>Entre 1920 e 1930, enquanto a influ\u00eancia do nazismo crescia na Alemanha, Dora tinha apenas um desejo: transformar seu corpo Entre 1920 e 1930, o sex\u00f3logo alem\u00e3o Magnus Hirschfeld fazia diversas pesquisas no campo da sexualidade. Fundador do Comit\u00ea Cient\u00edfico-Humanit\u00e1rio, o especialista era defensor dos diretos dos homossexuais e dos transg\u00eaneros. N\u00e3o \u00e0 toa, Magnus [&hellip;]<\/p>\n","protected":false},"author":2,"featured_media":1943,"comment_status":"open","ping_status":"open","sticky":false,"template":"","format":"standard","meta":{"footnotes":""},"categories":[5],"tags":[511,513,512,515,514],"class_list":["post-1940","post","type-post","status-publish","format-standard","has-post-thumbnail","hentry","category-geral","tag-dora-richter","tag-homossexuais","tag-nazismo","tag-republica-de-weimar","tag-transgeneros"],"yoast_head":"<!-- This site is optimized with the Yoast SEO plugin v26.5 - https:\/\/yoast.com\/wordpress\/plugins\/seo\/ -->\n<title>Dora Richter, a primeira pessoa a fazer cirurgias completas de troca de g\u00eanero - Jornal Fatos e Not\u00edcias<\/title>\n<meta name=\"robots\" content=\"index, follow, max-snippet:-1, max-image-preview:large, max-video-preview:-1\" \/>\n<link rel=\"canonical\" href=\"https:\/\/jornalfatosenoticias.com.br\/index.php\/2020\/03\/11\/dora-richter-a-primeira-pessoa-a-fazer-cirurgias-completas-de-troca-de-genero\/\" \/>\n<meta property=\"og:locale\" content=\"pt_BR\" \/>\n<meta property=\"og:type\" content=\"article\" \/>\n<meta property=\"og:title\" content=\"Dora Richter, a primeira pessoa a fazer cirurgias completas de troca de g\u00eanero - Jornal Fatos e Not\u00edcias\" \/>\n<meta property=\"og:description\" content=\"Entre 1920 e 1930, enquanto a influ\u00eancia do nazismo crescia na Alemanha, Dora tinha apenas um desejo: transformar seu corpo Entre 1920 e 1930, o sex\u00f3logo alem\u00e3o Magnus Hirschfeld fazia diversas pesquisas no campo da sexualidade. Fundador do Comit\u00ea Cient\u00edfico-Humanit\u00e1rio, o especialista era defensor dos diretos dos homossexuais e dos transg\u00eaneros. N\u00e3o \u00e0 toa, Magnus [&hellip;]\" \/>\n<meta property=\"og:url\" content=\"https:\/\/jornalfatosenoticias.com.br\/index.php\/2020\/03\/11\/dora-richter-a-primeira-pessoa-a-fazer-cirurgias-completas-de-troca-de-genero\/\" \/>\n<meta property=\"og:site_name\" content=\"Jornal Fatos e Not\u00edcias\" \/>\n<meta property=\"article:published_time\" content=\"2020-03-11T13:33:20+00:00\" \/>\n<meta property=\"article:modified_time\" content=\"2020-03-11T13:33:25+00:00\" \/>\n<meta property=\"og:image\" content=\"https:\/\/jornalfatosenoticias.com.br\/wp-content\/uploads\/2020\/03\/primeira_mulher_trans_Dora-Richter.jpg\" \/>\n\t<meta property=\"og:image:width\" content=\"980\" \/>\n\t<meta property=\"og:image:height\" content=\"551\" \/>\n\t<meta property=\"og:image:type\" content=\"image\/jpeg\" \/>\n<meta name=\"author\" content=\"Luzimara Fernandes\" \/>\n<meta name=\"twitter:card\" content=\"summary_large_image\" \/>\n<meta name=\"twitter:label1\" content=\"Escrito por\" \/>\n\t<meta name=\"twitter:data1\" content=\"Luzimara Fernandes\" \/>\n\t<meta name=\"twitter:label2\" content=\"Est. tempo de leitura\" \/>\n\t<meta name=\"twitter:data2\" content=\"4 minutos\" \/>\n<script type=\"application\/ld+json\" class=\"yoast-schema-graph\">{\"@context\":\"https:\/\/schema.org\",\"@graph\":[{\"@type\":\"Article\",\"@id\":\"https:\/\/jornalfatosenoticias.com.br\/index.php\/2020\/03\/11\/dora-richter-a-primeira-pessoa-a-fazer-cirurgias-completas-de-troca-de-genero\/#article\",\"isPartOf\":{\"@id\":\"https:\/\/jornalfatosenoticias.com.br\/index.php\/2020\/03\/11\/dora-richter-a-primeira-pessoa-a-fazer-cirurgias-completas-de-troca-de-genero\/\"},\"author\":{\"name\":\"Luzimara Fernandes\",\"@id\":\"https:\/\/jornalfatosenoticias.com.br\/#\/schema\/person\/d63837fa13ac8666eb9e74e0985d6f81\"},\"headline\":\"Dora Richter, a primeira pessoa a fazer cirurgias completas de troca de g\u00eanero\",\"datePublished\":\"2020-03-11T13:33:20+00:00\",\"dateModified\":\"2020-03-11T13:33:25+00:00\",\"mainEntityOfPage\":{\"@id\":\"https:\/\/jornalfatosenoticias.com.br\/index.php\/2020\/03\/11\/dora-richter-a-primeira-pessoa-a-fazer-cirurgias-completas-de-troca-de-genero\/\"},\"wordCount\":746,\"commentCount\":0,\"publisher\":{\"@id\":\"https:\/\/jornalfatosenoticias.com.br\/#organization\"},\"image\":{\"@id\":\"https:\/\/jornalfatosenoticias.com.br\/index.php\/2020\/03\/11\/dora-richter-a-primeira-pessoa-a-fazer-cirurgias-completas-de-troca-de-genero\/#primaryimage\"},\"thumbnailUrl\":\"https:\/\/jornalfatosenoticias.com.br\/wp-content\/uploads\/2020\/03\/primeira_mulher_trans_Dora-Richter.jpg\",\"keywords\":[\"Dora Richter\",\"homossexuais\",\"nazismo\",\"Rep\u00fablica de Weimar\",\"transg\u00eaneros\"],\"articleSection\":[\"Geral\"],\"inLanguage\":\"pt-BR\",\"potentialAction\":[{\"@type\":\"CommentAction\",\"name\":\"Comment\",\"target\":[\"https:\/\/jornalfatosenoticias.com.br\/index.php\/2020\/03\/11\/dora-richter-a-primeira-pessoa-a-fazer-cirurgias-completas-de-troca-de-genero\/#respond\"]}]},{\"@type\":\"WebPage\",\"@id\":\"https:\/\/jornalfatosenoticias.com.br\/index.php\/2020\/03\/11\/dora-richter-a-primeira-pessoa-a-fazer-cirurgias-completas-de-troca-de-genero\/\",\"url\":\"https:\/\/jornalfatosenoticias.com.br\/index.php\/2020\/03\/11\/dora-richter-a-primeira-pessoa-a-fazer-cirurgias-completas-de-troca-de-genero\/\",\"name\":\"Dora Richter, a primeira pessoa a fazer cirurgias completas de troca de g\u00eanero - Jornal Fatos e Not\u00edcias\",\"isPartOf\":{\"@id\":\"https:\/\/jornalfatosenoticias.com.br\/#website\"},\"primaryImageOfPage\":{\"@id\":\"https:\/\/jornalfatosenoticias.com.br\/index.php\/2020\/03\/11\/dora-richter-a-primeira-pessoa-a-fazer-cirurgias-completas-de-troca-de-genero\/#primaryimage\"},\"image\":{\"@id\":\"https:\/\/jornalfatosenoticias.com.br\/index.php\/2020\/03\/11\/dora-richter-a-primeira-pessoa-a-fazer-cirurgias-completas-de-troca-de-genero\/#primaryimage\"},\"thumbnailUrl\":\"https:\/\/jornalfatosenoticias.com.br\/wp-content\/uploads\/2020\/03\/primeira_mulher_trans_Dora-Richter.jpg\",\"datePublished\":\"2020-03-11T13:33:20+00:00\",\"dateModified\":\"2020-03-11T13:33:25+00:00\",\"breadcrumb\":{\"@id\":\"https:\/\/jornalfatosenoticias.com.br\/index.php\/2020\/03\/11\/dora-richter-a-primeira-pessoa-a-fazer-cirurgias-completas-de-troca-de-genero\/#breadcrumb\"},\"inLanguage\":\"pt-BR\",\"potentialAction\":[{\"@type\":\"ReadAction\",\"target\":[\"https:\/\/jornalfatosenoticias.com.br\/index.php\/2020\/03\/11\/dora-richter-a-primeira-pessoa-a-fazer-cirurgias-completas-de-troca-de-genero\/\"]}]},{\"@type\":\"ImageObject\",\"inLanguage\":\"pt-BR\",\"@id\":\"https:\/\/jornalfatosenoticias.com.br\/index.php\/2020\/03\/11\/dora-richter-a-primeira-pessoa-a-fazer-cirurgias-completas-de-troca-de-genero\/#primaryimage\",\"url\":\"https:\/\/jornalfatosenoticias.com.br\/wp-content\/uploads\/2020\/03\/primeira_mulher_trans_Dora-Richter.jpg\",\"contentUrl\":\"https:\/\/jornalfatosenoticias.com.br\/wp-content\/uploads\/2020\/03\/primeira_mulher_trans_Dora-Richter.jpg\",\"width\":980,\"height\":551},{\"@type\":\"BreadcrumbList\",\"@id\":\"https:\/\/jornalfatosenoticias.com.br\/index.php\/2020\/03\/11\/dora-richter-a-primeira-pessoa-a-fazer-cirurgias-completas-de-troca-de-genero\/#breadcrumb\",\"itemListElement\":[{\"@type\":\"ListItem\",\"position\":1,\"name\":\"In\u00edcio\",\"item\":\"https:\/\/jornalfatosenoticias.com.br\/\"},{\"@type\":\"ListItem\",\"position\":2,\"name\":\"Dora Richter, a primeira pessoa a fazer cirurgias completas de troca de g\u00eanero\"}]},{\"@type\":\"WebSite\",\"@id\":\"https:\/\/jornalfatosenoticias.com.br\/#website\",\"url\":\"https:\/\/jornalfatosenoticias.com.br\/\",\"name\":\"Jornal Fatos e Not\u00edcias\",\"description\":\"Not\u00edcias em geral\",\"publisher\":{\"@id\":\"https:\/\/jornalfatosenoticias.com.br\/#organization\"},\"potentialAction\":[{\"@type\":\"SearchAction\",\"target\":{\"@type\":\"EntryPoint\",\"urlTemplate\":\"https:\/\/jornalfatosenoticias.com.br\/?s={search_term_string}\"},\"query-input\":{\"@type\":\"PropertyValueSpecification\",\"valueRequired\":true,\"valueName\":\"search_term_string\"}}],\"inLanguage\":\"pt-BR\"},{\"@type\":\"Organization\",\"@id\":\"https:\/\/jornalfatosenoticias.com.br\/#organization\",\"name\":\"Jornal Fatos e Not\u00edcias\",\"url\":\"https:\/\/jornalfatosenoticias.com.br\/\",\"logo\":{\"@type\":\"ImageObject\",\"inLanguage\":\"pt-BR\",\"@id\":\"https:\/\/jornalfatosenoticias.com.br\/#\/schema\/logo\/image\/\",\"url\":\"https:\/\/jornalfatosenoticias.com.br\/wp-content\/uploads\/2020\/02\/logo120.png\",\"contentUrl\":\"https:\/\/jornalfatosenoticias.com.br\/wp-content\/uploads\/2020\/02\/logo120.png\",\"width\":1227,\"height\":120,\"caption\":\"Jornal Fatos e Not\u00edcias\"},\"image\":{\"@id\":\"https:\/\/jornalfatosenoticias.com.br\/#\/schema\/logo\/image\/\"}},{\"@type\":\"Person\",\"@id\":\"https:\/\/jornalfatosenoticias.com.br\/#\/schema\/person\/d63837fa13ac8666eb9e74e0985d6f81\",\"name\":\"Luzimara Fernandes\",\"image\":{\"@type\":\"ImageObject\",\"inLanguage\":\"pt-BR\",\"@id\":\"https:\/\/jornalfatosenoticias.com.br\/#\/schema\/person\/image\/\",\"url\":\"https:\/\/jornalfatosenoticias.com.br\/wp-content\/uploads\/2025\/05\/EU_portal.jpg\",\"contentUrl\":\"https:\/\/jornalfatosenoticias.com.br\/wp-content\/uploads\/2025\/05\/EU_portal.jpg\",\"caption\":\"Luzimara Fernandes\"},\"description\":\"Jornalista MTB 2358-ES\",\"sameAs\":[\"https:\/\/jornalfatosenoticias.com.br\"],\"url\":\"https:\/\/jornalfatosenoticias.com.br\/index.php\/author\/luzimara\/\"}]}<\/script>\n<!-- \/ Yoast SEO plugin. -->","yoast_head_json":{"title":"Dora Richter, a primeira pessoa a fazer cirurgias completas de troca de g\u00eanero - Jornal Fatos e Not\u00edcias","robots":{"index":"index","follow":"follow","max-snippet":"max-snippet:-1","max-image-preview":"max-image-preview:large","max-video-preview":"max-video-preview:-1"},"canonical":"https:\/\/jornalfatosenoticias.com.br\/index.php\/2020\/03\/11\/dora-richter-a-primeira-pessoa-a-fazer-cirurgias-completas-de-troca-de-genero\/","og_locale":"pt_BR","og_type":"article","og_title":"Dora Richter, a primeira pessoa a fazer cirurgias completas de troca de g\u00eanero - Jornal Fatos e Not\u00edcias","og_description":"Entre 1920 e 1930, enquanto a influ\u00eancia do nazismo crescia na Alemanha, Dora tinha apenas um desejo: transformar seu corpo Entre 1920 e 1930, o sex\u00f3logo alem\u00e3o Magnus Hirschfeld fazia diversas pesquisas no campo da sexualidade. Fundador do Comit\u00ea Cient\u00edfico-Humanit\u00e1rio, o especialista era defensor dos diretos dos homossexuais e dos transg\u00eaneros. N\u00e3o \u00e0 toa, Magnus [&hellip;]","og_url":"https:\/\/jornalfatosenoticias.com.br\/index.php\/2020\/03\/11\/dora-richter-a-primeira-pessoa-a-fazer-cirurgias-completas-de-troca-de-genero\/","og_site_name":"Jornal Fatos e Not\u00edcias","article_published_time":"2020-03-11T13:33:20+00:00","article_modified_time":"2020-03-11T13:33:25+00:00","og_image":[{"width":980,"height":551,"url":"https:\/\/jornalfatosenoticias.com.br\/wp-content\/uploads\/2020\/03\/primeira_mulher_trans_Dora-Richter.jpg","type":"image\/jpeg"}],"author":"Luzimara Fernandes","twitter_card":"summary_large_image","twitter_misc":{"Escrito por":"Luzimara Fernandes","Est. tempo de leitura":"4 minutos"},"schema":{"@context":"https:\/\/schema.org","@graph":[{"@type":"Article","@id":"https:\/\/jornalfatosenoticias.com.br\/index.php\/2020\/03\/11\/dora-richter-a-primeira-pessoa-a-fazer-cirurgias-completas-de-troca-de-genero\/#article","isPartOf":{"@id":"https:\/\/jornalfatosenoticias.com.br\/index.php\/2020\/03\/11\/dora-richter-a-primeira-pessoa-a-fazer-cirurgias-completas-de-troca-de-genero\/"},"author":{"name":"Luzimara Fernandes","@id":"https:\/\/jornalfatosenoticias.com.br\/#\/schema\/person\/d63837fa13ac8666eb9e74e0985d6f81"},"headline":"Dora Richter, a primeira pessoa a fazer cirurgias completas de troca de g\u00eanero","datePublished":"2020-03-11T13:33:20+00:00","dateModified":"2020-03-11T13:33:25+00:00","mainEntityOfPage":{"@id":"https:\/\/jornalfatosenoticias.com.br\/index.php\/2020\/03\/11\/dora-richter-a-primeira-pessoa-a-fazer-cirurgias-completas-de-troca-de-genero\/"},"wordCount":746,"commentCount":0,"publisher":{"@id":"https:\/\/jornalfatosenoticias.com.br\/#organization"},"image":{"@id":"https:\/\/jornalfatosenoticias.com.br\/index.php\/2020\/03\/11\/dora-richter-a-primeira-pessoa-a-fazer-cirurgias-completas-de-troca-de-genero\/#primaryimage"},"thumbnailUrl":"https:\/\/jornalfatosenoticias.com.br\/wp-content\/uploads\/2020\/03\/primeira_mulher_trans_Dora-Richter.jpg","keywords":["Dora Richter","homossexuais","nazismo","Rep\u00fablica de Weimar","transg\u00eaneros"],"articleSection":["Geral"],"inLanguage":"pt-BR","potentialAction":[{"@type":"CommentAction","name":"Comment","target":["https:\/\/jornalfatosenoticias.com.br\/index.php\/2020\/03\/11\/dora-richter-a-primeira-pessoa-a-fazer-cirurgias-completas-de-troca-de-genero\/#respond"]}]},{"@type":"WebPage","@id":"https:\/\/jornalfatosenoticias.com.br\/index.php\/2020\/03\/11\/dora-richter-a-primeira-pessoa-a-fazer-cirurgias-completas-de-troca-de-genero\/","url":"https:\/\/jornalfatosenoticias.com.br\/index.php\/2020\/03\/11\/dora-richter-a-primeira-pessoa-a-fazer-cirurgias-completas-de-troca-de-genero\/","name":"Dora Richter, a primeira pessoa a fazer cirurgias completas de troca de g\u00eanero - Jornal Fatos e Not\u00edcias","isPartOf":{"@id":"https:\/\/jornalfatosenoticias.com.br\/#website"},"primaryImageOfPage":{"@id":"https:\/\/jornalfatosenoticias.com.br\/index.php\/2020\/03\/11\/dora-richter-a-primeira-pessoa-a-fazer-cirurgias-completas-de-troca-de-genero\/#primaryimage"},"image":{"@id":"https:\/\/jornalfatosenoticias.com.br\/index.php\/2020\/03\/11\/dora-richter-a-primeira-pessoa-a-fazer-cirurgias-completas-de-troca-de-genero\/#primaryimage"},"thumbnailUrl":"https:\/\/jornalfatosenoticias.com.br\/wp-content\/uploads\/2020\/03\/primeira_mulher_trans_Dora-Richter.jpg","datePublished":"2020-03-11T13:33:20+00:00","dateModified":"2020-03-11T13:33:25+00:00","breadcrumb":{"@id":"https:\/\/jornalfatosenoticias.com.br\/index.php\/2020\/03\/11\/dora-richter-a-primeira-pessoa-a-fazer-cirurgias-completas-de-troca-de-genero\/#breadcrumb"},"inLanguage":"pt-BR","potentialAction":[{"@type":"ReadAction","target":["https:\/\/jornalfatosenoticias.com.br\/index.php\/2020\/03\/11\/dora-richter-a-primeira-pessoa-a-fazer-cirurgias-completas-de-troca-de-genero\/"]}]},{"@type":"ImageObject","inLanguage":"pt-BR","@id":"https:\/\/jornalfatosenoticias.com.br\/index.php\/2020\/03\/11\/dora-richter-a-primeira-pessoa-a-fazer-cirurgias-completas-de-troca-de-genero\/#primaryimage","url":"https:\/\/jornalfatosenoticias.com.br\/wp-content\/uploads\/2020\/03\/primeira_mulher_trans_Dora-Richter.jpg","contentUrl":"https:\/\/jornalfatosenoticias.com.br\/wp-content\/uploads\/2020\/03\/primeira_mulher_trans_Dora-Richter.jpg","width":980,"height":551},{"@type":"BreadcrumbList","@id":"https:\/\/jornalfatosenoticias.com.br\/index.php\/2020\/03\/11\/dora-richter-a-primeira-pessoa-a-fazer-cirurgias-completas-de-troca-de-genero\/#breadcrumb","itemListElement":[{"@type":"ListItem","position":1,"name":"In\u00edcio","item":"https:\/\/jornalfatosenoticias.com.br\/"},{"@type":"ListItem","position":2,"name":"Dora Richter, a primeira pessoa a fazer cirurgias completas de troca de g\u00eanero"}]},{"@type":"WebSite","@id":"https:\/\/jornalfatosenoticias.com.br\/#website","url":"https:\/\/jornalfatosenoticias.com.br\/","name":"Jornal Fatos e Not\u00edcias","description":"Not\u00edcias em geral","publisher":{"@id":"https:\/\/jornalfatosenoticias.com.br\/#organization"},"potentialAction":[{"@type":"SearchAction","target":{"@type":"EntryPoint","urlTemplate":"https:\/\/jornalfatosenoticias.com.br\/?s={search_term_string}"},"query-input":{"@type":"PropertyValueSpecification","valueRequired":true,"valueName":"search_term_string"}}],"inLanguage":"pt-BR"},{"@type":"Organization","@id":"https:\/\/jornalfatosenoticias.com.br\/#organization","name":"Jornal Fatos e Not\u00edcias","url":"https:\/\/jornalfatosenoticias.com.br\/","logo":{"@type":"ImageObject","inLanguage":"pt-BR","@id":"https:\/\/jornalfatosenoticias.com.br\/#\/schema\/logo\/image\/","url":"https:\/\/jornalfatosenoticias.com.br\/wp-content\/uploads\/2020\/02\/logo120.png","contentUrl":"https:\/\/jornalfatosenoticias.com.br\/wp-content\/uploads\/2020\/02\/logo120.png","width":1227,"height":120,"caption":"Jornal Fatos e Not\u00edcias"},"image":{"@id":"https:\/\/jornalfatosenoticias.com.br\/#\/schema\/logo\/image\/"}},{"@type":"Person","@id":"https:\/\/jornalfatosenoticias.com.br\/#\/schema\/person\/d63837fa13ac8666eb9e74e0985d6f81","name":"Luzimara Fernandes","image":{"@type":"ImageObject","inLanguage":"pt-BR","@id":"https:\/\/jornalfatosenoticias.com.br\/#\/schema\/person\/image\/","url":"https:\/\/jornalfatosenoticias.com.br\/wp-content\/uploads\/2025\/05\/EU_portal.jpg","contentUrl":"https:\/\/jornalfatosenoticias.com.br\/wp-content\/uploads\/2025\/05\/EU_portal.jpg","caption":"Luzimara Fernandes"},"description":"Jornalista MTB 2358-ES","sameAs":["https:\/\/jornalfatosenoticias.com.br"],"url":"https:\/\/jornalfatosenoticias.com.br\/index.php\/author\/luzimara\/"}]}},"cc_featured_image_caption":{"caption_text":"Dora Richter, a primeira pessoa a fazer uma cirurgia completa de troca de sexo(Foto: Wikimedia Commons)","source_text":"","source_url":""},"jetpack_featured_media_url":"https:\/\/jornalfatosenoticias.com.br\/wp-content\/uploads\/2020\/03\/primeira_mulher_trans_Dora-Richter.jpg","_links":{"self":[{"href":"https:\/\/jornalfatosenoticias.com.br\/index.php\/wp-json\/wp\/v2\/posts\/1940","targetHints":{"allow":["GET"]}}],"collection":[{"href":"https:\/\/jornalfatosenoticias.com.br\/index.php\/wp-json\/wp\/v2\/posts"}],"about":[{"href":"https:\/\/jornalfatosenoticias.com.br\/index.php\/wp-json\/wp\/v2\/types\/post"}],"author":[{"embeddable":true,"href":"https:\/\/jornalfatosenoticias.com.br\/index.php\/wp-json\/wp\/v2\/users\/2"}],"replies":[{"embeddable":true,"href":"https:\/\/jornalfatosenoticias.com.br\/index.php\/wp-json\/wp\/v2\/comments?post=1940"}],"version-history":[{"count":0,"href":"https:\/\/jornalfatosenoticias.com.br\/index.php\/wp-json\/wp\/v2\/posts\/1940\/revisions"}],"wp:featuredmedia":[{"embeddable":true,"href":"https:\/\/jornalfatosenoticias.com.br\/index.php\/wp-json\/wp\/v2\/media\/1943"}],"wp:attachment":[{"href":"https:\/\/jornalfatosenoticias.com.br\/index.php\/wp-json\/wp\/v2\/media?parent=1940"}],"wp:term":[{"taxonomy":"category","embeddable":true,"href":"https:\/\/jornalfatosenoticias.com.br\/index.php\/wp-json\/wp\/v2\/categories?post=1940"},{"taxonomy":"post_tag","embeddable":true,"href":"https:\/\/jornalfatosenoticias.com.br\/index.php\/wp-json\/wp\/v2\/tags?post=1940"}],"curies":[{"name":"wp","href":"https:\/\/api.w.org\/{rel}","templated":true}]}}