{"id":19400,"date":"2021-06-15T10:05:13","date_gmt":"2021-06-15T13:05:13","guid":{"rendered":"https:\/\/jornalfatosenoticias.com.br\/?p=19400"},"modified":"2021-06-15T10:05:13","modified_gmt":"2021-06-15T13:05:13","slug":"bicicleta-hibrida-tem-pedais-bateria-eletrica-e-painel-solar","status":"publish","type":"post","link":"https:\/\/jornalfatosenoticias.com.br\/index.php\/2021\/06\/15\/bicicleta-hibrida-tem-pedais-bateria-eletrica-e-painel-solar\/","title":{"rendered":"Bicicleta h\u00edbrida tem pedais, bateria el\u00e9trica e painel solar"},"content":{"rendered":"\n<p><em><span class=\"has-inline-color has-black-color\">Modelo permite deslocamentos com pedaladas e eletricidade e pode ser recarregado com luz solar<\/span><\/em><\/p>\n\n\n\n<p>Quando comparamos bicicletas e carros el\u00e9tricos, a transi\u00e7\u00e3o para as bikes podem fazer mais no combate \u00e0s mudan\u00e7as clim\u00e1ticas. Mas, muitas pessoas n\u00e3o t\u00eam energia para longas pedaladas ou t\u00eam receio de condi\u00e7\u00f5es clim\u00e1ticas ruins na hora de se locomover pelas cidades.<br>Nestes dois casos, a ELF pode ser o meio de transporte que faltava. A bicicleta el\u00e9trica lan\u00e7ada pela Organic Transport est\u00e1 fazendo sucesso nos Estados Unidos ao misturar pedais, motor el\u00e9trico e um painel solar. Tudo isso numa estrutura que protege quem est\u00e1 pedalando, ou simplesmente se deslocando com esta bike h\u00edbrida.<br>O slogan \u201cQueime calorias, n\u00e3o \u00f3leo\u201d chama a aten\u00e7\u00e3o para outro benef\u00edcio da ELF, desta vez para o meio ambiente, j\u00e1 que o deslocamento n\u00e3o gera emiss\u00f5es de CO2. Mas, nem sempre \u00e9 preciso queimar calorias, j\u00e1 que \u00e9 poss\u00edvel acionar o motor el\u00e9trico e parar de pedalar.<\/p>\n\n\n\n<div class=\"wp-block-jetpack-slideshow aligncenter\" data-effect=\"slide\"><div class=\"wp-block-jetpack-slideshow_container swiper-container\"><ul class=\"wp-block-jetpack-slideshow_swiper-wrapper swiper-wrapper\"><li class=\"wp-block-jetpack-slideshow_slide swiper-slide\"><figure><img loading=\"lazy\" decoding=\"async\" width=\"1000\" height=\"630\" alt=\"\" class=\"wp-block-jetpack-slideshow_image wp-image-19401\" data-id=\"19401\" src=\"https:\/\/jornalfatosenoticias.com.br\/wp-content\/uploads\/2021\/06\/bicicleta-hibrida-elf-2.jpg\" srcset=\"https:\/\/jornalfatosenoticias.com.br\/wp-content\/uploads\/2021\/06\/bicicleta-hibrida-elf-2.jpg 1000w, https:\/\/jornalfatosenoticias.com.br\/wp-content\/uploads\/2021\/06\/bicicleta-hibrida-elf-2-300x189.jpg 300w, https:\/\/jornalfatosenoticias.com.br\/wp-content\/uploads\/2021\/06\/bicicleta-hibrida-elf-2-768x484.jpg 768w, https:\/\/jornalfatosenoticias.com.br\/wp-content\/uploads\/2021\/06\/bicicleta-hibrida-elf-2-350x220.jpg 350w\" sizes=\"auto, (max-width: 1000px) 100vw, 1000px\" \/><figcaption class=\"wp-block-jetpack-slideshow_caption gallery-caption\"> (Foto: Facebook\/Organic Transport) <\/figcaption><\/figure><\/li><li class=\"wp-block-jetpack-slideshow_slide swiper-slide\"><figure><img loading=\"lazy\" decoding=\"async\" width=\"1000\" height=\"653\" alt=\"\" class=\"wp-block-jetpack-slideshow_image wp-image-19402\" data-id=\"19402\" src=\"https:\/\/jornalfatosenoticias.com.br\/wp-content\/uploads\/2021\/06\/bicicleta-hibrida-elf-3.jpg\" srcset=\"https:\/\/jornalfatosenoticias.com.br\/wp-content\/uploads\/2021\/06\/bicicleta-hibrida-elf-3.jpg 1000w, https:\/\/jornalfatosenoticias.com.br\/wp-content\/uploads\/2021\/06\/bicicleta-hibrida-elf-3-300x196.jpg 300w, https:\/\/jornalfatosenoticias.com.br\/wp-content\/uploads\/2021\/06\/bicicleta-hibrida-elf-3-768x502.jpg 768w\" sizes=\"auto, (max-width: 1000px) 100vw, 1000px\" \/><figcaption class=\"wp-block-jetpack-slideshow_caption gallery-caption\"> (Foto: Facebook\/Organic Transport) <\/figcaption><\/figure><\/li><\/ul><a class=\"wp-block-jetpack-slideshow_button-prev swiper-button-prev swiper-button-white\" role=\"button\"><\/a><a class=\"wp-block-jetpack-slideshow_button-next swiper-button-next swiper-button-white\" role=\"button\"><\/a><a aria-label=\"Pause Slideshow\" class=\"wp-block-jetpack-slideshow_button-pause\" role=\"button\"><\/a><div class=\"wp-block-jetpack-slideshow_pagination swiper-pagination swiper-pagination-white\"><\/div><\/div><\/div>\n\n\n\n<p>Sem o uso dos pedais, entra em a\u00e7\u00e3o um motor de 600 watts com baterias de 48V). Quando funciona sozinho, o motor tem autonomia de quase 29 quil\u00f4metros e, combinado com os pedais, pode rodar cerca de 50 pedalando. Segundo os fabricantes, a ELF pode atingir at\u00e9 48km\/h.<br>Outra novidade \u00e9 a possibilidade de carregamento das baterias por meio de um painel solar de embutido no teto da estrutura que envolve a bicicleta. Para a recarga completa s\u00e3o necess\u00e1rias oito horas de sol ou de duas a quatro horas na rede el\u00e9trica.<br>Considerada pelos seus idealizadores como o \u201cve\u00edculo mais eficiente do planeta\u201d, a ELF est\u00e1 sendo vendida nos Estados Unidos por cerca de US$ 8,9 mil e a fabricante afirma que tem recebido encomendas de outros pa\u00edses, como Austr\u00e1lia, Fiji, Alemanha e Holanda.<\/p>\n\n\n\n<div class=\"wp-block-jetpack-slideshow aligncenter\" data-effect=\"slide\"><div class=\"wp-block-jetpack-slideshow_container swiper-container\"><ul class=\"wp-block-jetpack-slideshow_swiper-wrapper swiper-wrapper\"><li class=\"wp-block-jetpack-slideshow_slide swiper-slide\"><figure><img loading=\"lazy\" decoding=\"async\" width=\"1000\" height=\"602\" alt=\"\" class=\"wp-block-jetpack-slideshow_image wp-image-19403\" data-id=\"19403\" src=\"https:\/\/jornalfatosenoticias.com.br\/wp-content\/uploads\/2021\/06\/bicicleta-hibrida-elf-4.jpg\" srcset=\"https:\/\/jornalfatosenoticias.com.br\/wp-content\/uploads\/2021\/06\/bicicleta-hibrida-elf-4.jpg 1000w, https:\/\/jornalfatosenoticias.com.br\/wp-content\/uploads\/2021\/06\/bicicleta-hibrida-elf-4-300x181.jpg 300w, https:\/\/jornalfatosenoticias.com.br\/wp-content\/uploads\/2021\/06\/bicicleta-hibrida-elf-4-768x462.jpg 768w\" sizes=\"auto, (max-width: 1000px) 100vw, 1000px\" \/><figcaption class=\"wp-block-jetpack-slideshow_caption gallery-caption\"> (Foto: Facebook\/Organic Transport) <\/figcaption><\/figure><\/li><li class=\"wp-block-jetpack-slideshow_slide swiper-slide\"><figure><img loading=\"lazy\" decoding=\"async\" width=\"1000\" height=\"708\" alt=\"\" class=\"wp-block-jetpack-slideshow_image wp-image-19404\" data-id=\"19404\" src=\"https:\/\/jornalfatosenoticias.com.br\/wp-content\/uploads\/2021\/06\/bicicleta-hibrida-elf-5.jpg\" srcset=\"https:\/\/jornalfatosenoticias.com.br\/wp-content\/uploads\/2021\/06\/bicicleta-hibrida-elf-5.jpg 1000w, https:\/\/jornalfatosenoticias.com.br\/wp-content\/uploads\/2021\/06\/bicicleta-hibrida-elf-5-300x212.jpg 300w, https:\/\/jornalfatosenoticias.com.br\/wp-content\/uploads\/2021\/06\/bicicleta-hibrida-elf-5-768x544.jpg 768w\" sizes=\"auto, (max-width: 1000px) 100vw, 1000px\" \/><figcaption class=\"wp-block-jetpack-slideshow_caption gallery-caption\"> (Foto: Facebook\/Organic Transport) <\/figcaption><\/figure><\/li><\/ul><a class=\"wp-block-jetpack-slideshow_button-prev swiper-button-prev swiper-button-white\" role=\"button\"><\/a><a class=\"wp-block-jetpack-slideshow_button-next swiper-button-next swiper-button-white\" role=\"button\"><\/a><a aria-label=\"Pause Slideshow\" class=\"wp-block-jetpack-slideshow_button-pause\" role=\"button\"><\/a><div class=\"wp-block-jetpack-slideshow_pagination swiper-pagination swiper-pagination-white\"><\/div><\/div><\/div>\n\n\n\n<p>A Organic Transport oferece tr\u00eas modelos diferentes: um individual, um com uma segunda fileira de bancos e um modelo para uso profissional, que pode ser usado para servi\u00e7os de vigil\u00e2ncia, gest\u00e3o de eventos ou manuten\u00e7\u00e3o.<br><strong>Para mais informa\u00e7\u00f5es acesse\u00a0<a href=\"https:\/\/organictransit.com\/\">organictransit.com<\/a>.<\/strong><\/p>\n\n\n\n<h4 class=\"wp-block-heading\"><em><span class=\"has-inline-color has-black-color\">Nesta reportagem (em ingl\u00eas) \u00e9 poss\u00edvel ver como as bicicletas funcionam<\/span><\/em><\/h4>\n\n\n\n<figure class=\"wp-block-embed-youtube wp-block-embed is-type-video is-provider-youtube wp-embed-aspect-16-9 wp-has-aspect-ratio\"><div class=\"wp-block-embed__wrapper\">\n<iframe loading=\"lazy\" title=\"A look at ELF, the solar-powered bicycle-car hybrid\" width=\"660\" height=\"371\" src=\"https:\/\/www.youtube.com\/embed\/LGDSkFQEOjo?feature=oembed\" frameborder=\"0\" allow=\"accelerometer; autoplay; clipboard-write; encrypted-media; gyroscope; picture-in-picture; web-share\" referrerpolicy=\"strict-origin-when-cross-origin\" allowfullscreen><\/iframe>\n<\/div><\/figure>\n\n\n\n<p><strong><em>Fonte: <a href=\"https:\/\/ciclovivo.com.br\/arq-urb\/mobilidade\/bicicleta-hibrida-tem-pedais-bateria-eletrica-e-painel-solar\/\">CicloVivo<\/a><\/em><\/strong><\/p>\n","protected":false},"excerpt":{"rendered":"<p>Modelo permite deslocamentos com pedaladas e eletricidade e pode ser recarregado com luz solar Quando comparamos bicicletas e carros el\u00e9tricos, a transi\u00e7\u00e3o para as bikes podem fazer mais no combate \u00e0s mudan\u00e7as clim\u00e1ticas. Mas, muitas pessoas n\u00e3o t\u00eam energia para longas pedaladas ou t\u00eam receio de condi\u00e7\u00f5es clim\u00e1ticas ruins na hora de se locomover pelas [&hellip;]<\/p>\n","protected":false},"author":2,"featured_media":19405,"comment_status":"open","ping_status":"open","sticky":false,"template":"","format":"standard","meta":{"footnotes":""},"categories":[3],"tags":[9522,9521,8631,9523,9524,3321],"class_list":["post-19400","post","type-post","status-publish","format-standard","has-post-thumbnail","hentry","category-tecnologia","tag-bateria-eletrica","tag-bicicleta-hibrida","tag-bikes-eletricas","tag-elf","tag-organic-transport","tag-painel-solar"],"yoast_head":"<!-- This site is optimized with the Yoast SEO plugin v26.5 - https:\/\/yoast.com\/wordpress\/plugins\/seo\/ -->\n<title>Bicicleta h\u00edbrida tem pedais, bateria el\u00e9trica e painel solar - Jornal Fatos e Not\u00edcias<\/title>\n<meta name=\"robots\" content=\"index, follow, max-snippet:-1, max-image-preview:large, max-video-preview:-1\" \/>\n<link rel=\"canonical\" href=\"https:\/\/jornalfatosenoticias.com.br\/index.php\/2021\/06\/15\/bicicleta-hibrida-tem-pedais-bateria-eletrica-e-painel-solar\/\" \/>\n<meta property=\"og:locale\" content=\"pt_BR\" \/>\n<meta property=\"og:type\" content=\"article\" \/>\n<meta property=\"og:title\" content=\"Bicicleta h\u00edbrida tem pedais, bateria el\u00e9trica e painel solar - Jornal Fatos e Not\u00edcias\" \/>\n<meta property=\"og:description\" content=\"Modelo permite deslocamentos com pedaladas e eletricidade e pode ser recarregado com luz solar Quando comparamos bicicletas e carros el\u00e9tricos, a transi\u00e7\u00e3o para as bikes podem fazer mais no combate \u00e0s mudan\u00e7as clim\u00e1ticas. Mas, muitas pessoas n\u00e3o t\u00eam energia para longas pedaladas ou t\u00eam receio de condi\u00e7\u00f5es clim\u00e1ticas ruins na hora de se locomover pelas [&hellip;]\" \/>\n<meta property=\"og:url\" content=\"https:\/\/jornalfatosenoticias.com.br\/index.php\/2021\/06\/15\/bicicleta-hibrida-tem-pedais-bateria-eletrica-e-painel-solar\/\" \/>\n<meta property=\"og:site_name\" content=\"Jornal Fatos e Not\u00edcias\" \/>\n<meta property=\"article:published_time\" content=\"2021-06-15T13:05:13+00:00\" \/>\n<meta property=\"og:image\" content=\"https:\/\/jornalfatosenoticias.com.br\/wp-content\/uploads\/2021\/06\/bicicleta-hibrida-elf.jpg\" \/>\n\t<meta property=\"og:image:width\" content=\"1000\" \/>\n\t<meta property=\"og:image:height\" content=\"651\" \/>\n\t<meta property=\"og:image:type\" content=\"image\/jpeg\" \/>\n<meta name=\"author\" content=\"Luzimara Fernandes\" \/>\n<meta name=\"twitter:card\" content=\"summary_large_image\" \/>\n<meta name=\"twitter:label1\" content=\"Escrito por\" \/>\n\t<meta name=\"twitter:data1\" content=\"Luzimara Fernandes\" \/>\n\t<meta name=\"twitter:label2\" content=\"Est. tempo de leitura\" \/>\n\t<meta name=\"twitter:data2\" content=\"2 minutos\" \/>\n<script type=\"application\/ld+json\" class=\"yoast-schema-graph\">{\"@context\":\"https:\/\/schema.org\",\"@graph\":[{\"@type\":\"Article\",\"@id\":\"https:\/\/jornalfatosenoticias.com.br\/index.php\/2021\/06\/15\/bicicleta-hibrida-tem-pedais-bateria-eletrica-e-painel-solar\/#article\",\"isPartOf\":{\"@id\":\"https:\/\/jornalfatosenoticias.com.br\/index.php\/2021\/06\/15\/bicicleta-hibrida-tem-pedais-bateria-eletrica-e-painel-solar\/\"},\"author\":{\"name\":\"Luzimara Fernandes\",\"@id\":\"https:\/\/jornalfatosenoticias.com.br\/#\/schema\/person\/d63837fa13ac8666eb9e74e0985d6f81\"},\"headline\":\"Bicicleta h\u00edbrida tem pedais, bateria el\u00e9trica e painel solar\",\"datePublished\":\"2021-06-15T13:05:13+00:00\",\"mainEntityOfPage\":{\"@id\":\"https:\/\/jornalfatosenoticias.com.br\/index.php\/2021\/06\/15\/bicicleta-hibrida-tem-pedais-bateria-eletrica-e-painel-solar\/\"},\"wordCount\":412,\"commentCount\":0,\"publisher\":{\"@id\":\"https:\/\/jornalfatosenoticias.com.br\/#organization\"},\"image\":{\"@id\":\"https:\/\/jornalfatosenoticias.com.br\/index.php\/2021\/06\/15\/bicicleta-hibrida-tem-pedais-bateria-eletrica-e-painel-solar\/#primaryimage\"},\"thumbnailUrl\":\"https:\/\/jornalfatosenoticias.com.br\/wp-content\/uploads\/2021\/06\/bicicleta-hibrida-elf.jpg\",\"keywords\":[\"bateria el\u00e9trica\",\"bicicleta h\u00edbrida\",\"bikes el\u00e9tricas\",\"ELF\",\"Organic Transport\",\"painel solar\"],\"articleSection\":[\"Tecnologia &amp; Inova\u00e7\u00e3o\"],\"inLanguage\":\"pt-BR\",\"potentialAction\":[{\"@type\":\"CommentAction\",\"name\":\"Comment\",\"target\":[\"https:\/\/jornalfatosenoticias.com.br\/index.php\/2021\/06\/15\/bicicleta-hibrida-tem-pedais-bateria-eletrica-e-painel-solar\/#respond\"]}]},{\"@type\":\"WebPage\",\"@id\":\"https:\/\/jornalfatosenoticias.com.br\/index.php\/2021\/06\/15\/bicicleta-hibrida-tem-pedais-bateria-eletrica-e-painel-solar\/\",\"url\":\"https:\/\/jornalfatosenoticias.com.br\/index.php\/2021\/06\/15\/bicicleta-hibrida-tem-pedais-bateria-eletrica-e-painel-solar\/\",\"name\":\"Bicicleta h\u00edbrida tem pedais, bateria el\u00e9trica e painel solar - Jornal Fatos e Not\u00edcias\",\"isPartOf\":{\"@id\":\"https:\/\/jornalfatosenoticias.com.br\/#website\"},\"primaryImageOfPage\":{\"@id\":\"https:\/\/jornalfatosenoticias.com.br\/index.php\/2021\/06\/15\/bicicleta-hibrida-tem-pedais-bateria-eletrica-e-painel-solar\/#primaryimage\"},\"image\":{\"@id\":\"https:\/\/jornalfatosenoticias.com.br\/index.php\/2021\/06\/15\/bicicleta-hibrida-tem-pedais-bateria-eletrica-e-painel-solar\/#primaryimage\"},\"thumbnailUrl\":\"https:\/\/jornalfatosenoticias.com.br\/wp-content\/uploads\/2021\/06\/bicicleta-hibrida-elf.jpg\",\"datePublished\":\"2021-06-15T13:05:13+00:00\",\"breadcrumb\":{\"@id\":\"https:\/\/jornalfatosenoticias.com.br\/index.php\/2021\/06\/15\/bicicleta-hibrida-tem-pedais-bateria-eletrica-e-painel-solar\/#breadcrumb\"},\"inLanguage\":\"pt-BR\",\"potentialAction\":[{\"@type\":\"ReadAction\",\"target\":[\"https:\/\/jornalfatosenoticias.com.br\/index.php\/2021\/06\/15\/bicicleta-hibrida-tem-pedais-bateria-eletrica-e-painel-solar\/\"]}]},{\"@type\":\"ImageObject\",\"inLanguage\":\"pt-BR\",\"@id\":\"https:\/\/jornalfatosenoticias.com.br\/index.php\/2021\/06\/15\/bicicleta-hibrida-tem-pedais-bateria-eletrica-e-painel-solar\/#primaryimage\",\"url\":\"https:\/\/jornalfatosenoticias.com.br\/wp-content\/uploads\/2021\/06\/bicicleta-hibrida-elf.jpg\",\"contentUrl\":\"https:\/\/jornalfatosenoticias.com.br\/wp-content\/uploads\/2021\/06\/bicicleta-hibrida-elf.jpg\",\"width\":1000,\"height\":651},{\"@type\":\"BreadcrumbList\",\"@id\":\"https:\/\/jornalfatosenoticias.com.br\/index.php\/2021\/06\/15\/bicicleta-hibrida-tem-pedais-bateria-eletrica-e-painel-solar\/#breadcrumb\",\"itemListElement\":[{\"@type\":\"ListItem\",\"position\":1,\"name\":\"In\u00edcio\",\"item\":\"https:\/\/jornalfatosenoticias.com.br\/\"},{\"@type\":\"ListItem\",\"position\":2,\"name\":\"Bicicleta h\u00edbrida tem pedais, bateria el\u00e9trica e painel solar\"}]},{\"@type\":\"WebSite\",\"@id\":\"https:\/\/jornalfatosenoticias.com.br\/#website\",\"url\":\"https:\/\/jornalfatosenoticias.com.br\/\",\"name\":\"Jornal Fatos e Not\u00edcias\",\"description\":\"Not\u00edcias em geral\",\"publisher\":{\"@id\":\"https:\/\/jornalfatosenoticias.com.br\/#organization\"},\"potentialAction\":[{\"@type\":\"SearchAction\",\"target\":{\"@type\":\"EntryPoint\",\"urlTemplate\":\"https:\/\/jornalfatosenoticias.com.br\/?s={search_term_string}\"},\"query-input\":{\"@type\":\"PropertyValueSpecification\",\"valueRequired\":true,\"valueName\":\"search_term_string\"}}],\"inLanguage\":\"pt-BR\"},{\"@type\":\"Organization\",\"@id\":\"https:\/\/jornalfatosenoticias.com.br\/#organization\",\"name\":\"Jornal Fatos e Not\u00edcias\",\"url\":\"https:\/\/jornalfatosenoticias.com.br\/\",\"logo\":{\"@type\":\"ImageObject\",\"inLanguage\":\"pt-BR\",\"@id\":\"https:\/\/jornalfatosenoticias.com.br\/#\/schema\/logo\/image\/\",\"url\":\"https:\/\/jornalfatosenoticias.com.br\/wp-content\/uploads\/2020\/02\/logo120.png\",\"contentUrl\":\"https:\/\/jornalfatosenoticias.com.br\/wp-content\/uploads\/2020\/02\/logo120.png\",\"width\":1227,\"height\":120,\"caption\":\"Jornal Fatos e Not\u00edcias\"},\"image\":{\"@id\":\"https:\/\/jornalfatosenoticias.com.br\/#\/schema\/logo\/image\/\"}},{\"@type\":\"Person\",\"@id\":\"https:\/\/jornalfatosenoticias.com.br\/#\/schema\/person\/d63837fa13ac8666eb9e74e0985d6f81\",\"name\":\"Luzimara Fernandes\",\"image\":{\"@type\":\"ImageObject\",\"inLanguage\":\"pt-BR\",\"@id\":\"https:\/\/jornalfatosenoticias.com.br\/#\/schema\/person\/image\/\",\"url\":\"https:\/\/jornalfatosenoticias.com.br\/wp-content\/uploads\/2025\/05\/EU_portal.jpg\",\"contentUrl\":\"https:\/\/jornalfatosenoticias.com.br\/wp-content\/uploads\/2025\/05\/EU_portal.jpg\",\"caption\":\"Luzimara Fernandes\"},\"description\":\"Jornalista MTB 2358-ES\",\"sameAs\":[\"https:\/\/jornalfatosenoticias.com.br\"],\"url\":\"https:\/\/jornalfatosenoticias.com.br\/index.php\/author\/luzimara\/\"}]}<\/script>\n<!-- \/ Yoast SEO plugin. -->","yoast_head_json":{"title":"Bicicleta h\u00edbrida tem pedais, bateria el\u00e9trica e painel solar - Jornal Fatos e Not\u00edcias","robots":{"index":"index","follow":"follow","max-snippet":"max-snippet:-1","max-image-preview":"max-image-preview:large","max-video-preview":"max-video-preview:-1"},"canonical":"https:\/\/jornalfatosenoticias.com.br\/index.php\/2021\/06\/15\/bicicleta-hibrida-tem-pedais-bateria-eletrica-e-painel-solar\/","og_locale":"pt_BR","og_type":"article","og_title":"Bicicleta h\u00edbrida tem pedais, bateria el\u00e9trica e painel solar - Jornal Fatos e Not\u00edcias","og_description":"Modelo permite deslocamentos com pedaladas e eletricidade e pode ser recarregado com luz solar Quando comparamos bicicletas e carros el\u00e9tricos, a transi\u00e7\u00e3o para as bikes podem fazer mais no combate \u00e0s mudan\u00e7as clim\u00e1ticas. Mas, muitas pessoas n\u00e3o t\u00eam energia para longas pedaladas ou t\u00eam receio de condi\u00e7\u00f5es clim\u00e1ticas ruins na hora de se locomover pelas [&hellip;]","og_url":"https:\/\/jornalfatosenoticias.com.br\/index.php\/2021\/06\/15\/bicicleta-hibrida-tem-pedais-bateria-eletrica-e-painel-solar\/","og_site_name":"Jornal Fatos e Not\u00edcias","article_published_time":"2021-06-15T13:05:13+00:00","og_image":[{"width":1000,"height":651,"url":"https:\/\/jornalfatosenoticias.com.br\/wp-content\/uploads\/2021\/06\/bicicleta-hibrida-elf.jpg","type":"image\/jpeg"}],"author":"Luzimara Fernandes","twitter_card":"summary_large_image","twitter_misc":{"Escrito por":"Luzimara Fernandes","Est. tempo de leitura":"2 minutos"},"schema":{"@context":"https:\/\/schema.org","@graph":[{"@type":"Article","@id":"https:\/\/jornalfatosenoticias.com.br\/index.php\/2021\/06\/15\/bicicleta-hibrida-tem-pedais-bateria-eletrica-e-painel-solar\/#article","isPartOf":{"@id":"https:\/\/jornalfatosenoticias.com.br\/index.php\/2021\/06\/15\/bicicleta-hibrida-tem-pedais-bateria-eletrica-e-painel-solar\/"},"author":{"name":"Luzimara Fernandes","@id":"https:\/\/jornalfatosenoticias.com.br\/#\/schema\/person\/d63837fa13ac8666eb9e74e0985d6f81"},"headline":"Bicicleta h\u00edbrida tem pedais, bateria el\u00e9trica e painel solar","datePublished":"2021-06-15T13:05:13+00:00","mainEntityOfPage":{"@id":"https:\/\/jornalfatosenoticias.com.br\/index.php\/2021\/06\/15\/bicicleta-hibrida-tem-pedais-bateria-eletrica-e-painel-solar\/"},"wordCount":412,"commentCount":0,"publisher":{"@id":"https:\/\/jornalfatosenoticias.com.br\/#organization"},"image":{"@id":"https:\/\/jornalfatosenoticias.com.br\/index.php\/2021\/06\/15\/bicicleta-hibrida-tem-pedais-bateria-eletrica-e-painel-solar\/#primaryimage"},"thumbnailUrl":"https:\/\/jornalfatosenoticias.com.br\/wp-content\/uploads\/2021\/06\/bicicleta-hibrida-elf.jpg","keywords":["bateria el\u00e9trica","bicicleta h\u00edbrida","bikes el\u00e9tricas","ELF","Organic Transport","painel solar"],"articleSection":["Tecnologia &amp; Inova\u00e7\u00e3o"],"inLanguage":"pt-BR","potentialAction":[{"@type":"CommentAction","name":"Comment","target":["https:\/\/jornalfatosenoticias.com.br\/index.php\/2021\/06\/15\/bicicleta-hibrida-tem-pedais-bateria-eletrica-e-painel-solar\/#respond"]}]},{"@type":"WebPage","@id":"https:\/\/jornalfatosenoticias.com.br\/index.php\/2021\/06\/15\/bicicleta-hibrida-tem-pedais-bateria-eletrica-e-painel-solar\/","url":"https:\/\/jornalfatosenoticias.com.br\/index.php\/2021\/06\/15\/bicicleta-hibrida-tem-pedais-bateria-eletrica-e-painel-solar\/","name":"Bicicleta h\u00edbrida tem pedais, bateria el\u00e9trica e painel solar - Jornal Fatos e Not\u00edcias","isPartOf":{"@id":"https:\/\/jornalfatosenoticias.com.br\/#website"},"primaryImageOfPage":{"@id":"https:\/\/jornalfatosenoticias.com.br\/index.php\/2021\/06\/15\/bicicleta-hibrida-tem-pedais-bateria-eletrica-e-painel-solar\/#primaryimage"},"image":{"@id":"https:\/\/jornalfatosenoticias.com.br\/index.php\/2021\/06\/15\/bicicleta-hibrida-tem-pedais-bateria-eletrica-e-painel-solar\/#primaryimage"},"thumbnailUrl":"https:\/\/jornalfatosenoticias.com.br\/wp-content\/uploads\/2021\/06\/bicicleta-hibrida-elf.jpg","datePublished":"2021-06-15T13:05:13+00:00","breadcrumb":{"@id":"https:\/\/jornalfatosenoticias.com.br\/index.php\/2021\/06\/15\/bicicleta-hibrida-tem-pedais-bateria-eletrica-e-painel-solar\/#breadcrumb"},"inLanguage":"pt-BR","potentialAction":[{"@type":"ReadAction","target":["https:\/\/jornalfatosenoticias.com.br\/index.php\/2021\/06\/15\/bicicleta-hibrida-tem-pedais-bateria-eletrica-e-painel-solar\/"]}]},{"@type":"ImageObject","inLanguage":"pt-BR","@id":"https:\/\/jornalfatosenoticias.com.br\/index.php\/2021\/06\/15\/bicicleta-hibrida-tem-pedais-bateria-eletrica-e-painel-solar\/#primaryimage","url":"https:\/\/jornalfatosenoticias.com.br\/wp-content\/uploads\/2021\/06\/bicicleta-hibrida-elf.jpg","contentUrl":"https:\/\/jornalfatosenoticias.com.br\/wp-content\/uploads\/2021\/06\/bicicleta-hibrida-elf.jpg","width":1000,"height":651},{"@type":"BreadcrumbList","@id":"https:\/\/jornalfatosenoticias.com.br\/index.php\/2021\/06\/15\/bicicleta-hibrida-tem-pedais-bateria-eletrica-e-painel-solar\/#breadcrumb","itemListElement":[{"@type":"ListItem","position":1,"name":"In\u00edcio","item":"https:\/\/jornalfatosenoticias.com.br\/"},{"@type":"ListItem","position":2,"name":"Bicicleta h\u00edbrida tem pedais, bateria el\u00e9trica e painel solar"}]},{"@type":"WebSite","@id":"https:\/\/jornalfatosenoticias.com.br\/#website","url":"https:\/\/jornalfatosenoticias.com.br\/","name":"Jornal Fatos e Not\u00edcias","description":"Not\u00edcias em geral","publisher":{"@id":"https:\/\/jornalfatosenoticias.com.br\/#organization"},"potentialAction":[{"@type":"SearchAction","target":{"@type":"EntryPoint","urlTemplate":"https:\/\/jornalfatosenoticias.com.br\/?s={search_term_string}"},"query-input":{"@type":"PropertyValueSpecification","valueRequired":true,"valueName":"search_term_string"}}],"inLanguage":"pt-BR"},{"@type":"Organization","@id":"https:\/\/jornalfatosenoticias.com.br\/#organization","name":"Jornal Fatos e Not\u00edcias","url":"https:\/\/jornalfatosenoticias.com.br\/","logo":{"@type":"ImageObject","inLanguage":"pt-BR","@id":"https:\/\/jornalfatosenoticias.com.br\/#\/schema\/logo\/image\/","url":"https:\/\/jornalfatosenoticias.com.br\/wp-content\/uploads\/2020\/02\/logo120.png","contentUrl":"https:\/\/jornalfatosenoticias.com.br\/wp-content\/uploads\/2020\/02\/logo120.png","width":1227,"height":120,"caption":"Jornal Fatos e Not\u00edcias"},"image":{"@id":"https:\/\/jornalfatosenoticias.com.br\/#\/schema\/logo\/image\/"}},{"@type":"Person","@id":"https:\/\/jornalfatosenoticias.com.br\/#\/schema\/person\/d63837fa13ac8666eb9e74e0985d6f81","name":"Luzimara Fernandes","image":{"@type":"ImageObject","inLanguage":"pt-BR","@id":"https:\/\/jornalfatosenoticias.com.br\/#\/schema\/person\/image\/","url":"https:\/\/jornalfatosenoticias.com.br\/wp-content\/uploads\/2025\/05\/EU_portal.jpg","contentUrl":"https:\/\/jornalfatosenoticias.com.br\/wp-content\/uploads\/2025\/05\/EU_portal.jpg","caption":"Luzimara Fernandes"},"description":"Jornalista MTB 2358-ES","sameAs":["https:\/\/jornalfatosenoticias.com.br"],"url":"https:\/\/jornalfatosenoticias.com.br\/index.php\/author\/luzimara\/"}]}},"cc_featured_image_caption":{"caption_text":"(Foto: Facebook\/Organic Transport) ","source_text":"","source_url":""},"jetpack_featured_media_url":"https:\/\/jornalfatosenoticias.com.br\/wp-content\/uploads\/2021\/06\/bicicleta-hibrida-elf.jpg","_links":{"self":[{"href":"https:\/\/jornalfatosenoticias.com.br\/index.php\/wp-json\/wp\/v2\/posts\/19400","targetHints":{"allow":["GET"]}}],"collection":[{"href":"https:\/\/jornalfatosenoticias.com.br\/index.php\/wp-json\/wp\/v2\/posts"}],"about":[{"href":"https:\/\/jornalfatosenoticias.com.br\/index.php\/wp-json\/wp\/v2\/types\/post"}],"author":[{"embeddable":true,"href":"https:\/\/jornalfatosenoticias.com.br\/index.php\/wp-json\/wp\/v2\/users\/2"}],"replies":[{"embeddable":true,"href":"https:\/\/jornalfatosenoticias.com.br\/index.php\/wp-json\/wp\/v2\/comments?post=19400"}],"version-history":[{"count":0,"href":"https:\/\/jornalfatosenoticias.com.br\/index.php\/wp-json\/wp\/v2\/posts\/19400\/revisions"}],"wp:featuredmedia":[{"embeddable":true,"href":"https:\/\/jornalfatosenoticias.com.br\/index.php\/wp-json\/wp\/v2\/media\/19405"}],"wp:attachment":[{"href":"https:\/\/jornalfatosenoticias.com.br\/index.php\/wp-json\/wp\/v2\/media?parent=19400"}],"wp:term":[{"taxonomy":"category","embeddable":true,"href":"https:\/\/jornalfatosenoticias.com.br\/index.php\/wp-json\/wp\/v2\/categories?post=19400"},{"taxonomy":"post_tag","embeddable":true,"href":"https:\/\/jornalfatosenoticias.com.br\/index.php\/wp-json\/wp\/v2\/tags?post=19400"}],"curies":[{"name":"wp","href":"https:\/\/api.w.org\/{rel}","templated":true}]}}