{"id":19431,"date":"2021-06-15T16:40:18","date_gmt":"2021-06-15T19:40:18","guid":{"rendered":"https:\/\/jornalfatosenoticias.com.br\/?p=19431"},"modified":"2021-06-15T16:40:23","modified_gmt":"2021-06-15T19:40:23","slug":"ponte-aerea-rio-sao-paulo-testa-reconhecimento-facial-em-passageiros","status":"publish","type":"post","link":"https:\/\/jornalfatosenoticias.com.br\/index.php\/2021\/06\/15\/ponte-aerea-rio-sao-paulo-testa-reconhecimento-facial-em-passageiros\/","title":{"rendered":"Ponte A\u00e9rea Rio-S\u00e3o Paulo testa reconhecimento facial em passageiros"},"content":{"rendered":"\n<p><em><span class=\"has-inline-color has-black-color\">O Projeto Embarque+Seguro 100% Digital j\u00e1 foi testado em quatro aeroportos<\/span><\/em><\/p>\n\n\n\n<p>Os passageiros da Ponte A\u00e9rea Rio-S\u00e3o Paulo participam, simultaneamente, hoje (15), no Aeroporto de Congonhas, na capital paulista, e no Aeroporto Santos Dumont, na capital fluminense, de um teste para o embarque com o uso de reconhecimento facial, sem a necessidade de apresentar cart\u00e3o de embarque e documento de identifica\u00e7\u00e3o. A liga\u00e7\u00e3o a\u00e9rea entre essas duas capitais \u00e9 a quinta de maior movimento no mundo.<br>O projeto Embarque + Seguro 100% Digital, desenvolvido do Minist\u00e9rio da Infraestrutura, em parceria com o Serpro e a Secretaria Especial de Desburocratiza\u00e7\u00e3o, Gest\u00e3o e Governo Digital do Minist\u00e9rio da Economia, j\u00e1 foi testado nos aeroportos de Florian\u00f3polis, Salvador, Rio de Janeiro (Santos Dumont) e Belo Horizonte (Confins). \u00c9 a primeira vez em que os passageiros desse trecho testam, ao mesmo tempo, o sistema de tecnologia de ponta a ponta.<br>Ao longo do dia, passageiros da Azul Linhas A\u00e9reas que se deslocarem entre os aeroportos de Congonhas e Santos Dumont ser\u00e3o convidados, no momento do check-in, a experimentarem a tecnologia de reconhecimento biom\u00e9trico facial para acessar as \u00e1reas de embarque e as aeronaves nos dois terminais. Quem concordar, recebe uma mensagem no celular solicitando autoriza\u00e7\u00e3o para obten\u00e7\u00e3o de seus dados, incluindo o CPF e uma foto.<br>Depois que o passageiro consentir, o atendente da companhia a\u00e9rea realiza a valida\u00e7\u00e3o biom\u00e9trica do passageiro utilizando o aplicativo do Serpro, que compara os dados e a foto tirada na hora com as informa\u00e7\u00f5es armazenadas nas bases do governo. Assim que validado, o passageiro \u00e9 liberado para entrar na sala de embarque e no avi\u00e3o, passando pelos controles biom\u00e9tricos, feito por meio de c\u00e2meras. O passageiro n\u00e3o precisa mais apresentar documentos.<br>De acordo com informa\u00e7\u00f5es do minist\u00e9rio, no projeto-piloto s\u00e3o medidos indicadores como redu\u00e7\u00e3o no tempo em filas, no acesso \u00e0 sala de embarque e \u00e0 aeronave e custos de opera\u00e7\u00e3o. O objetivo do governo federal \u00e9, ap\u00f3s a aprova\u00e7\u00e3o do projeto-piloto, implantar a tecnologia, que torna processo de embarque mais eficiente, \u00e1gil e seguro, nos principais aeroportos do pa\u00eds.<br>Segundo o Serpro, a ferramenta garante uma confer\u00eancia precisa da identidade dos passageiros e atende \u00e0 <a href=\"http:\/\/www.planalto.gov.br\/ccivil_03\/_ato2015-2018\/2018\/lei\/l13709.htm\" target=\"_blank\" rel=\"noreferrer noopener\"><strong>Lei Geral de Prote\u00e7\u00e3o de Dados (LGPD)<\/strong><\/a> e tem por premissa a seguran\u00e7a no tratamento dos dados pessoais contra uso indevido ou n\u00e3o autorizado.<\/p>\n\n\n\n<p><strong><em>Fonte: <a href=\"https:\/\/agenciabrasil.ebc.com.br\/geral\/noticia\/2021-06\/ponte-aerea-rio-sao-paulo-testa-reconhecimento-facial-em-passageiros\">Ag\u00eancia Brasil<\/a><\/em><\/strong><\/p>\n","protected":false},"excerpt":{"rendered":"<p>O Projeto Embarque+Seguro 100% Digital j\u00e1 foi testado em quatro aeroportos Os passageiros da Ponte A\u00e9rea Rio-S\u00e3o Paulo participam, simultaneamente, hoje (15), no Aeroporto de Congonhas, na capital paulista, e no Aeroporto Santos Dumont, na capital fluminense, de um teste para o embarque com o uso de reconhecimento facial, sem a necessidade de apresentar cart\u00e3o [&hellip;]<\/p>\n","protected":false},"author":2,"featured_media":19432,"comment_status":"open","ping_status":"open","sticky":false,"template":"","format":"standard","meta":{"footnotes":""},"categories":[5],"tags":[185,9531,9532,1658,6557,9533],"class_list":["post-19431","post","type-post","status-publish","format-standard","has-post-thumbnail","hentry","category-geral","tag-aeroportos","tag-congonhas","tag-ponte-aerea-rio-sao-paulo","tag-reconhecimento-facial","tag-santos-dumont","tag-serpro"],"yoast_head":"<!-- This site is optimized with the Yoast SEO plugin v26.5 - https:\/\/yoast.com\/wordpress\/plugins\/seo\/ -->\n<title>Ponte A\u00e9rea Rio-S\u00e3o Paulo testa reconhecimento facial em passageiros - Jornal Fatos e Not\u00edcias<\/title>\n<meta name=\"robots\" content=\"index, follow, max-snippet:-1, max-image-preview:large, max-video-preview:-1\" \/>\n<link rel=\"canonical\" href=\"https:\/\/jornalfatosenoticias.com.br\/index.php\/2021\/06\/15\/ponte-aerea-rio-sao-paulo-testa-reconhecimento-facial-em-passageiros\/\" \/>\n<meta property=\"og:locale\" content=\"pt_BR\" \/>\n<meta property=\"og:type\" content=\"article\" \/>\n<meta property=\"og:title\" content=\"Ponte A\u00e9rea Rio-S\u00e3o Paulo testa reconhecimento facial em passageiros - Jornal Fatos e Not\u00edcias\" \/>\n<meta property=\"og:description\" content=\"O Projeto Embarque+Seguro 100% Digital j\u00e1 foi testado em quatro aeroportos Os passageiros da Ponte A\u00e9rea Rio-S\u00e3o Paulo participam, simultaneamente, hoje (15), no Aeroporto de Congonhas, na capital paulista, e no Aeroporto Santos Dumont, na capital fluminense, de um teste para o embarque com o uso de reconhecimento facial, sem a necessidade de apresentar cart\u00e3o [&hellip;]\" \/>\n<meta property=\"og:url\" content=\"https:\/\/jornalfatosenoticias.com.br\/index.php\/2021\/06\/15\/ponte-aerea-rio-sao-paulo-testa-reconhecimento-facial-em-passageiros\/\" \/>\n<meta property=\"og:site_name\" content=\"Jornal Fatos e Not\u00edcias\" \/>\n<meta property=\"article:published_time\" content=\"2021-06-15T19:40:18+00:00\" \/>\n<meta property=\"article:modified_time\" content=\"2021-06-15T19:40:23+00:00\" \/>\n<meta property=\"og:image\" content=\"https:\/\/jornalfatosenoticias.com.br\/wp-content\/uploads\/2021\/06\/reconhecimento-facial-aeoportos-brasileiros.jpg\" \/>\n\t<meta property=\"og:image:width\" content=\"1000\" \/>\n\t<meta property=\"og:image:height\" content=\"598\" \/>\n\t<meta property=\"og:image:type\" content=\"image\/jpeg\" \/>\n<meta name=\"author\" content=\"Luzimara Fernandes\" \/>\n<meta name=\"twitter:card\" content=\"summary_large_image\" \/>\n<meta name=\"twitter:label1\" content=\"Escrito por\" \/>\n\t<meta name=\"twitter:data1\" content=\"Luzimara Fernandes\" \/>\n\t<meta name=\"twitter:label2\" content=\"Est. tempo de leitura\" \/>\n\t<meta name=\"twitter:data2\" content=\"2 minutos\" \/>\n<script type=\"application\/ld+json\" class=\"yoast-schema-graph\">{\"@context\":\"https:\/\/schema.org\",\"@graph\":[{\"@type\":\"Article\",\"@id\":\"https:\/\/jornalfatosenoticias.com.br\/index.php\/2021\/06\/15\/ponte-aerea-rio-sao-paulo-testa-reconhecimento-facial-em-passageiros\/#article\",\"isPartOf\":{\"@id\":\"https:\/\/jornalfatosenoticias.com.br\/index.php\/2021\/06\/15\/ponte-aerea-rio-sao-paulo-testa-reconhecimento-facial-em-passageiros\/\"},\"author\":{\"name\":\"Luzimara Fernandes\",\"@id\":\"https:\/\/jornalfatosenoticias.com.br\/#\/schema\/person\/d63837fa13ac8666eb9e74e0985d6f81\"},\"headline\":\"Ponte A\u00e9rea Rio-S\u00e3o Paulo testa reconhecimento facial em passageiros\",\"datePublished\":\"2021-06-15T19:40:18+00:00\",\"dateModified\":\"2021-06-15T19:40:23+00:00\",\"mainEntityOfPage\":{\"@id\":\"https:\/\/jornalfatosenoticias.com.br\/index.php\/2021\/06\/15\/ponte-aerea-rio-sao-paulo-testa-reconhecimento-facial-em-passageiros\/\"},\"wordCount\":423,\"commentCount\":0,\"publisher\":{\"@id\":\"https:\/\/jornalfatosenoticias.com.br\/#organization\"},\"image\":{\"@id\":\"https:\/\/jornalfatosenoticias.com.br\/index.php\/2021\/06\/15\/ponte-aerea-rio-sao-paulo-testa-reconhecimento-facial-em-passageiros\/#primaryimage\"},\"thumbnailUrl\":\"https:\/\/jornalfatosenoticias.com.br\/wp-content\/uploads\/2021\/06\/reconhecimento-facial-aeoportos-brasileiros.jpg\",\"keywords\":[\"aeroportos\",\"Congonhas\",\"Ponte A\u00e9rea Rio-S\u00e3o Paulo\",\"reconhecimento facial\",\"Santos Dumont\",\"Serpro\"],\"articleSection\":[\"Geral\"],\"inLanguage\":\"pt-BR\",\"potentialAction\":[{\"@type\":\"CommentAction\",\"name\":\"Comment\",\"target\":[\"https:\/\/jornalfatosenoticias.com.br\/index.php\/2021\/06\/15\/ponte-aerea-rio-sao-paulo-testa-reconhecimento-facial-em-passageiros\/#respond\"]}]},{\"@type\":\"WebPage\",\"@id\":\"https:\/\/jornalfatosenoticias.com.br\/index.php\/2021\/06\/15\/ponte-aerea-rio-sao-paulo-testa-reconhecimento-facial-em-passageiros\/\",\"url\":\"https:\/\/jornalfatosenoticias.com.br\/index.php\/2021\/06\/15\/ponte-aerea-rio-sao-paulo-testa-reconhecimento-facial-em-passageiros\/\",\"name\":\"Ponte A\u00e9rea Rio-S\u00e3o Paulo testa reconhecimento facial em passageiros - Jornal Fatos e Not\u00edcias\",\"isPartOf\":{\"@id\":\"https:\/\/jornalfatosenoticias.com.br\/#website\"},\"primaryImageOfPage\":{\"@id\":\"https:\/\/jornalfatosenoticias.com.br\/index.php\/2021\/06\/15\/ponte-aerea-rio-sao-paulo-testa-reconhecimento-facial-em-passageiros\/#primaryimage\"},\"image\":{\"@id\":\"https:\/\/jornalfatosenoticias.com.br\/index.php\/2021\/06\/15\/ponte-aerea-rio-sao-paulo-testa-reconhecimento-facial-em-passageiros\/#primaryimage\"},\"thumbnailUrl\":\"https:\/\/jornalfatosenoticias.com.br\/wp-content\/uploads\/2021\/06\/reconhecimento-facial-aeoportos-brasileiros.jpg\",\"datePublished\":\"2021-06-15T19:40:18+00:00\",\"dateModified\":\"2021-06-15T19:40:23+00:00\",\"breadcrumb\":{\"@id\":\"https:\/\/jornalfatosenoticias.com.br\/index.php\/2021\/06\/15\/ponte-aerea-rio-sao-paulo-testa-reconhecimento-facial-em-passageiros\/#breadcrumb\"},\"inLanguage\":\"pt-BR\",\"potentialAction\":[{\"@type\":\"ReadAction\",\"target\":[\"https:\/\/jornalfatosenoticias.com.br\/index.php\/2021\/06\/15\/ponte-aerea-rio-sao-paulo-testa-reconhecimento-facial-em-passageiros\/\"]}]},{\"@type\":\"ImageObject\",\"inLanguage\":\"pt-BR\",\"@id\":\"https:\/\/jornalfatosenoticias.com.br\/index.php\/2021\/06\/15\/ponte-aerea-rio-sao-paulo-testa-reconhecimento-facial-em-passageiros\/#primaryimage\",\"url\":\"https:\/\/jornalfatosenoticias.com.br\/wp-content\/uploads\/2021\/06\/reconhecimento-facial-aeoportos-brasileiros.jpg\",\"contentUrl\":\"https:\/\/jornalfatosenoticias.com.br\/wp-content\/uploads\/2021\/06\/reconhecimento-facial-aeoportos-brasileiros.jpg\",\"width\":1000,\"height\":598,\"caption\":\"Rio de Janeiro - Pouso e decolagem no aeroporto Santos Dumont.\"},{\"@type\":\"BreadcrumbList\",\"@id\":\"https:\/\/jornalfatosenoticias.com.br\/index.php\/2021\/06\/15\/ponte-aerea-rio-sao-paulo-testa-reconhecimento-facial-em-passageiros\/#breadcrumb\",\"itemListElement\":[{\"@type\":\"ListItem\",\"position\":1,\"name\":\"In\u00edcio\",\"item\":\"https:\/\/jornalfatosenoticias.com.br\/\"},{\"@type\":\"ListItem\",\"position\":2,\"name\":\"Ponte A\u00e9rea Rio-S\u00e3o Paulo testa reconhecimento facial em passageiros\"}]},{\"@type\":\"WebSite\",\"@id\":\"https:\/\/jornalfatosenoticias.com.br\/#website\",\"url\":\"https:\/\/jornalfatosenoticias.com.br\/\",\"name\":\"Jornal Fatos e Not\u00edcias\",\"description\":\"Not\u00edcias em geral\",\"publisher\":{\"@id\":\"https:\/\/jornalfatosenoticias.com.br\/#organization\"},\"potentialAction\":[{\"@type\":\"SearchAction\",\"target\":{\"@type\":\"EntryPoint\",\"urlTemplate\":\"https:\/\/jornalfatosenoticias.com.br\/?s={search_term_string}\"},\"query-input\":{\"@type\":\"PropertyValueSpecification\",\"valueRequired\":true,\"valueName\":\"search_term_string\"}}],\"inLanguage\":\"pt-BR\"},{\"@type\":\"Organization\",\"@id\":\"https:\/\/jornalfatosenoticias.com.br\/#organization\",\"name\":\"Jornal Fatos e Not\u00edcias\",\"url\":\"https:\/\/jornalfatosenoticias.com.br\/\",\"logo\":{\"@type\":\"ImageObject\",\"inLanguage\":\"pt-BR\",\"@id\":\"https:\/\/jornalfatosenoticias.com.br\/#\/schema\/logo\/image\/\",\"url\":\"https:\/\/jornalfatosenoticias.com.br\/wp-content\/uploads\/2020\/02\/logo120.png\",\"contentUrl\":\"https:\/\/jornalfatosenoticias.com.br\/wp-content\/uploads\/2020\/02\/logo120.png\",\"width\":1227,\"height\":120,\"caption\":\"Jornal Fatos e Not\u00edcias\"},\"image\":{\"@id\":\"https:\/\/jornalfatosenoticias.com.br\/#\/schema\/logo\/image\/\"}},{\"@type\":\"Person\",\"@id\":\"https:\/\/jornalfatosenoticias.com.br\/#\/schema\/person\/d63837fa13ac8666eb9e74e0985d6f81\",\"name\":\"Luzimara Fernandes\",\"image\":{\"@type\":\"ImageObject\",\"inLanguage\":\"pt-BR\",\"@id\":\"https:\/\/jornalfatosenoticias.com.br\/#\/schema\/person\/image\/\",\"url\":\"https:\/\/jornalfatosenoticias.com.br\/wp-content\/uploads\/2025\/05\/EU_portal.jpg\",\"contentUrl\":\"https:\/\/jornalfatosenoticias.com.br\/wp-content\/uploads\/2025\/05\/EU_portal.jpg\",\"caption\":\"Luzimara Fernandes\"},\"description\":\"Jornalista MTB 2358-ES\",\"sameAs\":[\"https:\/\/jornalfatosenoticias.com.br\"],\"url\":\"https:\/\/jornalfatosenoticias.com.br\/index.php\/author\/luzimara\/\"}]}<\/script>\n<!-- \/ Yoast SEO plugin. -->","yoast_head_json":{"title":"Ponte A\u00e9rea Rio-S\u00e3o Paulo testa reconhecimento facial em passageiros - Jornal Fatos e Not\u00edcias","robots":{"index":"index","follow":"follow","max-snippet":"max-snippet:-1","max-image-preview":"max-image-preview:large","max-video-preview":"max-video-preview:-1"},"canonical":"https:\/\/jornalfatosenoticias.com.br\/index.php\/2021\/06\/15\/ponte-aerea-rio-sao-paulo-testa-reconhecimento-facial-em-passageiros\/","og_locale":"pt_BR","og_type":"article","og_title":"Ponte A\u00e9rea Rio-S\u00e3o Paulo testa reconhecimento facial em passageiros - Jornal Fatos e Not\u00edcias","og_description":"O Projeto Embarque+Seguro 100% Digital j\u00e1 foi testado em quatro aeroportos Os passageiros da Ponte A\u00e9rea Rio-S\u00e3o Paulo participam, simultaneamente, hoje (15), no Aeroporto de Congonhas, na capital paulista, e no Aeroporto Santos Dumont, na capital fluminense, de um teste para o embarque com o uso de reconhecimento facial, sem a necessidade de apresentar cart\u00e3o [&hellip;]","og_url":"https:\/\/jornalfatosenoticias.com.br\/index.php\/2021\/06\/15\/ponte-aerea-rio-sao-paulo-testa-reconhecimento-facial-em-passageiros\/","og_site_name":"Jornal Fatos e Not\u00edcias","article_published_time":"2021-06-15T19:40:18+00:00","article_modified_time":"2021-06-15T19:40:23+00:00","og_image":[{"width":1000,"height":598,"url":"https:\/\/jornalfatosenoticias.com.br\/wp-content\/uploads\/2021\/06\/reconhecimento-facial-aeoportos-brasileiros.jpg","type":"image\/jpeg"}],"author":"Luzimara Fernandes","twitter_card":"summary_large_image","twitter_misc":{"Escrito por":"Luzimara Fernandes","Est. tempo de leitura":"2 minutos"},"schema":{"@context":"https:\/\/schema.org","@graph":[{"@type":"Article","@id":"https:\/\/jornalfatosenoticias.com.br\/index.php\/2021\/06\/15\/ponte-aerea-rio-sao-paulo-testa-reconhecimento-facial-em-passageiros\/#article","isPartOf":{"@id":"https:\/\/jornalfatosenoticias.com.br\/index.php\/2021\/06\/15\/ponte-aerea-rio-sao-paulo-testa-reconhecimento-facial-em-passageiros\/"},"author":{"name":"Luzimara Fernandes","@id":"https:\/\/jornalfatosenoticias.com.br\/#\/schema\/person\/d63837fa13ac8666eb9e74e0985d6f81"},"headline":"Ponte A\u00e9rea Rio-S\u00e3o Paulo testa reconhecimento facial em passageiros","datePublished":"2021-06-15T19:40:18+00:00","dateModified":"2021-06-15T19:40:23+00:00","mainEntityOfPage":{"@id":"https:\/\/jornalfatosenoticias.com.br\/index.php\/2021\/06\/15\/ponte-aerea-rio-sao-paulo-testa-reconhecimento-facial-em-passageiros\/"},"wordCount":423,"commentCount":0,"publisher":{"@id":"https:\/\/jornalfatosenoticias.com.br\/#organization"},"image":{"@id":"https:\/\/jornalfatosenoticias.com.br\/index.php\/2021\/06\/15\/ponte-aerea-rio-sao-paulo-testa-reconhecimento-facial-em-passageiros\/#primaryimage"},"thumbnailUrl":"https:\/\/jornalfatosenoticias.com.br\/wp-content\/uploads\/2021\/06\/reconhecimento-facial-aeoportos-brasileiros.jpg","keywords":["aeroportos","Congonhas","Ponte A\u00e9rea Rio-S\u00e3o Paulo","reconhecimento facial","Santos Dumont","Serpro"],"articleSection":["Geral"],"inLanguage":"pt-BR","potentialAction":[{"@type":"CommentAction","name":"Comment","target":["https:\/\/jornalfatosenoticias.com.br\/index.php\/2021\/06\/15\/ponte-aerea-rio-sao-paulo-testa-reconhecimento-facial-em-passageiros\/#respond"]}]},{"@type":"WebPage","@id":"https:\/\/jornalfatosenoticias.com.br\/index.php\/2021\/06\/15\/ponte-aerea-rio-sao-paulo-testa-reconhecimento-facial-em-passageiros\/","url":"https:\/\/jornalfatosenoticias.com.br\/index.php\/2021\/06\/15\/ponte-aerea-rio-sao-paulo-testa-reconhecimento-facial-em-passageiros\/","name":"Ponte A\u00e9rea Rio-S\u00e3o Paulo testa reconhecimento facial em passageiros - Jornal Fatos e Not\u00edcias","isPartOf":{"@id":"https:\/\/jornalfatosenoticias.com.br\/#website"},"primaryImageOfPage":{"@id":"https:\/\/jornalfatosenoticias.com.br\/index.php\/2021\/06\/15\/ponte-aerea-rio-sao-paulo-testa-reconhecimento-facial-em-passageiros\/#primaryimage"},"image":{"@id":"https:\/\/jornalfatosenoticias.com.br\/index.php\/2021\/06\/15\/ponte-aerea-rio-sao-paulo-testa-reconhecimento-facial-em-passageiros\/#primaryimage"},"thumbnailUrl":"https:\/\/jornalfatosenoticias.com.br\/wp-content\/uploads\/2021\/06\/reconhecimento-facial-aeoportos-brasileiros.jpg","datePublished":"2021-06-15T19:40:18+00:00","dateModified":"2021-06-15T19:40:23+00:00","breadcrumb":{"@id":"https:\/\/jornalfatosenoticias.com.br\/index.php\/2021\/06\/15\/ponte-aerea-rio-sao-paulo-testa-reconhecimento-facial-em-passageiros\/#breadcrumb"},"inLanguage":"pt-BR","potentialAction":[{"@type":"ReadAction","target":["https:\/\/jornalfatosenoticias.com.br\/index.php\/2021\/06\/15\/ponte-aerea-rio-sao-paulo-testa-reconhecimento-facial-em-passageiros\/"]}]},{"@type":"ImageObject","inLanguage":"pt-BR","@id":"https:\/\/jornalfatosenoticias.com.br\/index.php\/2021\/06\/15\/ponte-aerea-rio-sao-paulo-testa-reconhecimento-facial-em-passageiros\/#primaryimage","url":"https:\/\/jornalfatosenoticias.com.br\/wp-content\/uploads\/2021\/06\/reconhecimento-facial-aeoportos-brasileiros.jpg","contentUrl":"https:\/\/jornalfatosenoticias.com.br\/wp-content\/uploads\/2021\/06\/reconhecimento-facial-aeoportos-brasileiros.jpg","width":1000,"height":598,"caption":"Rio de Janeiro - Pouso e decolagem no aeroporto Santos Dumont."},{"@type":"BreadcrumbList","@id":"https:\/\/jornalfatosenoticias.com.br\/index.php\/2021\/06\/15\/ponte-aerea-rio-sao-paulo-testa-reconhecimento-facial-em-passageiros\/#breadcrumb","itemListElement":[{"@type":"ListItem","position":1,"name":"In\u00edcio","item":"https:\/\/jornalfatosenoticias.com.br\/"},{"@type":"ListItem","position":2,"name":"Ponte A\u00e9rea Rio-S\u00e3o Paulo testa reconhecimento facial em passageiros"}]},{"@type":"WebSite","@id":"https:\/\/jornalfatosenoticias.com.br\/#website","url":"https:\/\/jornalfatosenoticias.com.br\/","name":"Jornal Fatos e Not\u00edcias","description":"Not\u00edcias em geral","publisher":{"@id":"https:\/\/jornalfatosenoticias.com.br\/#organization"},"potentialAction":[{"@type":"SearchAction","target":{"@type":"EntryPoint","urlTemplate":"https:\/\/jornalfatosenoticias.com.br\/?s={search_term_string}"},"query-input":{"@type":"PropertyValueSpecification","valueRequired":true,"valueName":"search_term_string"}}],"inLanguage":"pt-BR"},{"@type":"Organization","@id":"https:\/\/jornalfatosenoticias.com.br\/#organization","name":"Jornal Fatos e Not\u00edcias","url":"https:\/\/jornalfatosenoticias.com.br\/","logo":{"@type":"ImageObject","inLanguage":"pt-BR","@id":"https:\/\/jornalfatosenoticias.com.br\/#\/schema\/logo\/image\/","url":"https:\/\/jornalfatosenoticias.com.br\/wp-content\/uploads\/2020\/02\/logo120.png","contentUrl":"https:\/\/jornalfatosenoticias.com.br\/wp-content\/uploads\/2020\/02\/logo120.png","width":1227,"height":120,"caption":"Jornal Fatos e Not\u00edcias"},"image":{"@id":"https:\/\/jornalfatosenoticias.com.br\/#\/schema\/logo\/image\/"}},{"@type":"Person","@id":"https:\/\/jornalfatosenoticias.com.br\/#\/schema\/person\/d63837fa13ac8666eb9e74e0985d6f81","name":"Luzimara Fernandes","image":{"@type":"ImageObject","inLanguage":"pt-BR","@id":"https:\/\/jornalfatosenoticias.com.br\/#\/schema\/person\/image\/","url":"https:\/\/jornalfatosenoticias.com.br\/wp-content\/uploads\/2025\/05\/EU_portal.jpg","contentUrl":"https:\/\/jornalfatosenoticias.com.br\/wp-content\/uploads\/2025\/05\/EU_portal.jpg","caption":"Luzimara Fernandes"},"description":"Jornalista MTB 2358-ES","sameAs":["https:\/\/jornalfatosenoticias.com.br"],"url":"https:\/\/jornalfatosenoticias.com.br\/index.php\/author\/luzimara\/"}]}},"cc_featured_image_caption":{"caption_text":"(Foto: Arquivo\/T\u00e2nia R\u00eago\/Ag\u00eancia Brasil) ","source_text":"","source_url":""},"jetpack_featured_media_url":"https:\/\/jornalfatosenoticias.com.br\/wp-content\/uploads\/2021\/06\/reconhecimento-facial-aeoportos-brasileiros.jpg","_links":{"self":[{"href":"https:\/\/jornalfatosenoticias.com.br\/index.php\/wp-json\/wp\/v2\/posts\/19431","targetHints":{"allow":["GET"]}}],"collection":[{"href":"https:\/\/jornalfatosenoticias.com.br\/index.php\/wp-json\/wp\/v2\/posts"}],"about":[{"href":"https:\/\/jornalfatosenoticias.com.br\/index.php\/wp-json\/wp\/v2\/types\/post"}],"author":[{"embeddable":true,"href":"https:\/\/jornalfatosenoticias.com.br\/index.php\/wp-json\/wp\/v2\/users\/2"}],"replies":[{"embeddable":true,"href":"https:\/\/jornalfatosenoticias.com.br\/index.php\/wp-json\/wp\/v2\/comments?post=19431"}],"version-history":[{"count":0,"href":"https:\/\/jornalfatosenoticias.com.br\/index.php\/wp-json\/wp\/v2\/posts\/19431\/revisions"}],"wp:featuredmedia":[{"embeddable":true,"href":"https:\/\/jornalfatosenoticias.com.br\/index.php\/wp-json\/wp\/v2\/media\/19432"}],"wp:attachment":[{"href":"https:\/\/jornalfatosenoticias.com.br\/index.php\/wp-json\/wp\/v2\/media?parent=19431"}],"wp:term":[{"taxonomy":"category","embeddable":true,"href":"https:\/\/jornalfatosenoticias.com.br\/index.php\/wp-json\/wp\/v2\/categories?post=19431"},{"taxonomy":"post_tag","embeddable":true,"href":"https:\/\/jornalfatosenoticias.com.br\/index.php\/wp-json\/wp\/v2\/tags?post=19431"}],"curies":[{"name":"wp","href":"https:\/\/api.w.org\/{rel}","templated":true}]}}