{"id":19434,"date":"2021-06-15T16:58:07","date_gmt":"2021-06-15T19:58:07","guid":{"rendered":"https:\/\/jornalfatosenoticias.com.br\/?p=19434"},"modified":"2021-06-15T16:58:08","modified_gmt":"2021-06-15T19:58:08","slug":"cientistas-encontram-marcadores-para-microcefalia-causada-por-zika","status":"publish","type":"post","link":"https:\/\/jornalfatosenoticias.com.br\/index.php\/2021\/06\/15\/cientistas-encontram-marcadores-para-microcefalia-causada-por-zika\/","title":{"rendered":"Cientistas encontram marcadores para microcefalia causada por zika"},"content":{"rendered":"\n<p><em><span class=\"has-inline-color has-black-color\">Resultados podem contribuir para o diagn\u00f3stico precoce da doen\u00e7a<\/span><\/em><\/p>\n\n\n\n<p>Cientistas do Instituto de Qu\u00edmica da Universidade de S\u00e3o Paulo (USP) e da Funda\u00e7\u00e3o Oswaldo Cruz (Fiocruz), do Rio de Janeiro e da Bahia, identificaram um poss\u00edvel biomarcador da microcefalia no plasma de rec\u00e9m-nascidos, expostos ao v\u00edrus Zika, quando ainda estavam na barriga da m\u00e3e. Biomarcadores s\u00e3o subst\u00e2ncias ou componentes usados como indicador de alguma doen\u00e7a.<br>A partir da identifica\u00e7\u00e3o de altera\u00e7\u00f5es lip\u00eddicas no plasma dos beb\u00eas, o estudo traz novas informa\u00e7\u00f5es sobre a origem e forma\u00e7\u00e3o da doen\u00e7a e a possibilidade do uso marcadores laboratoriais para acompanhamento e an\u00e1lise da gravidade dos casos. Os lip\u00eddios, tamb\u00e9m conhecidos como gorduras, s\u00e3o uma classe de mol\u00e9culas biol\u00f3gicas formadas por \u00e1cidos graxos e \u00e1lcool.<br>De acordo com o estudo, durante o desenvolvimento inicial do c\u00e9rebro, os lip\u00eddios desempenham um papel central no metabolismo, e altera\u00e7\u00f5es nessas estruturas podem afetar o desenvolvimento embrion\u00e1rio, especialmente do c\u00e9rebro e dos olhos.<br>Os resultados podem contribuir para o diagn\u00f3stico precoce e monitoramento da zika cong\u00eanita, tanto em beb\u00eas com microcefalia quanto nos assintom\u00e1ticos.<br>A zika cong\u00eanita \u00e9 caracterizada pela transmiss\u00e3o do v\u00edrus da m\u00e3e para o beb\u00ea durante a gesta\u00e7\u00e3o e se apresenta com uma diversidade de quadros cl\u00ednicos, que v\u00e3o de casos assintom\u00e1ticos \u00e0 microcefalia e outras anormalidades no desenvolvimento neurol\u00f3gico, manifestadas na primeira inf\u00e2ncia.<br>Rec\u00e9m-nascidos expostos ao v\u00edrus Zika que n\u00e3o apresentam microcefalia tamb\u00e9m podem desenvolver anormalidades de um a tr\u00eas anos e meio ap\u00f3s o nascimento, conforme revelado por imagens do c\u00e9rebro e avalia\u00e7\u00f5es de desenvolvimento neurol\u00f3gico.<br>Antes da covid 19, o zika foi a \u00faltima emerg\u00eancia mundial em sa\u00fade p\u00fablica. O Brasil foi o pa\u00eds com maior n\u00famero de casos da doen\u00e7a, entre 2015 e 2016. A epidemia afetou principalmente o nordeste brasileiro, onde milhares de beb\u00eas nascidos de m\u00e3es infectadas pelo v\u00edrus desenvolveram microcefalia associada \u00e0 doen\u00e7a.<\/p>\n\n\n\n<p><strong><em>Fonte: <a href=\"https:\/\/agenciabrasil.ebc.com.br\/saude\/noticia\/2021-06\/cientistas-encontram-marcadores-para-microcefalia-causada-por-zika\">Ag\u00eancia Brasil<\/a><\/em><\/strong><\/p>\n","protected":false},"excerpt":{"rendered":"<p>Resultados podem contribuir para o diagn\u00f3stico precoce da doen\u00e7a Cientistas do Instituto de Qu\u00edmica da Universidade de S\u00e3o Paulo (USP) e da Funda\u00e7\u00e3o Oswaldo Cruz (Fiocruz), do Rio de Janeiro e da Bahia, identificaram um poss\u00edvel biomarcador da microcefalia no plasma de rec\u00e9m-nascidos, expostos ao v\u00edrus Zika, quando ainda estavam na barriga da m\u00e3e. Biomarcadores [&hellip;]<\/p>\n","protected":false},"author":2,"featured_media":19435,"comment_status":"open","ping_status":"open","sticky":false,"template":"","format":"standard","meta":{"footnotes":""},"categories":[11],"tags":[9535,9536,9534,1164,1165],"class_list":["post-19434","post","type-post","status-publish","format-standard","has-post-thumbnail","hentry","category-saude","tag-anormalidades","tag-desenvolvimento-neurologico","tag-marcadores-biologicos","tag-microcefalia","tag-virus-zika"],"yoast_head":"<!-- This site is optimized with the Yoast SEO plugin v26.5 - https:\/\/yoast.com\/wordpress\/plugins\/seo\/ -->\n<title>Cientistas encontram marcadores para microcefalia causada por zika - Jornal Fatos e Not\u00edcias<\/title>\n<meta name=\"robots\" content=\"index, follow, max-snippet:-1, max-image-preview:large, max-video-preview:-1\" \/>\n<link rel=\"canonical\" href=\"https:\/\/jornalfatosenoticias.com.br\/index.php\/2021\/06\/15\/cientistas-encontram-marcadores-para-microcefalia-causada-por-zika\/\" \/>\n<meta property=\"og:locale\" content=\"pt_BR\" \/>\n<meta property=\"og:type\" content=\"article\" \/>\n<meta property=\"og:title\" content=\"Cientistas encontram marcadores para microcefalia causada por zika - Jornal Fatos e Not\u00edcias\" \/>\n<meta property=\"og:description\" content=\"Resultados podem contribuir para o diagn\u00f3stico precoce da doen\u00e7a Cientistas do Instituto de Qu\u00edmica da Universidade de S\u00e3o Paulo (USP) e da Funda\u00e7\u00e3o Oswaldo Cruz (Fiocruz), do Rio de Janeiro e da Bahia, identificaram um poss\u00edvel biomarcador da microcefalia no plasma de rec\u00e9m-nascidos, expostos ao v\u00edrus Zika, quando ainda estavam na barriga da m\u00e3e. Biomarcadores [&hellip;]\" \/>\n<meta property=\"og:url\" content=\"https:\/\/jornalfatosenoticias.com.br\/index.php\/2021\/06\/15\/cientistas-encontram-marcadores-para-microcefalia-causada-por-zika\/\" \/>\n<meta property=\"og:site_name\" content=\"Jornal Fatos e Not\u00edcias\" \/>\n<meta property=\"article:published_time\" content=\"2021-06-15T19:58:07+00:00\" \/>\n<meta property=\"article:modified_time\" content=\"2021-06-15T19:58:08+00:00\" \/>\n<meta property=\"og:image\" content=\"https:\/\/jornalfatosenoticias.com.br\/wp-content\/uploads\/2021\/06\/bebe_com_microcefalia.png\" \/>\n\t<meta property=\"og:image:width\" content=\"1000\" \/>\n\t<meta property=\"og:image:height\" content=\"598\" \/>\n\t<meta property=\"og:image:type\" content=\"image\/png\" \/>\n<meta name=\"author\" content=\"Luzimara Fernandes\" \/>\n<meta name=\"twitter:card\" content=\"summary_large_image\" \/>\n<meta name=\"twitter:label1\" content=\"Escrito por\" \/>\n\t<meta name=\"twitter:data1\" content=\"Luzimara Fernandes\" \/>\n\t<meta name=\"twitter:label2\" content=\"Est. tempo de leitura\" \/>\n\t<meta name=\"twitter:data2\" content=\"2 minutos\" \/>\n<script type=\"application\/ld+json\" class=\"yoast-schema-graph\">{\"@context\":\"https:\/\/schema.org\",\"@graph\":[{\"@type\":\"Article\",\"@id\":\"https:\/\/jornalfatosenoticias.com.br\/index.php\/2021\/06\/15\/cientistas-encontram-marcadores-para-microcefalia-causada-por-zika\/#article\",\"isPartOf\":{\"@id\":\"https:\/\/jornalfatosenoticias.com.br\/index.php\/2021\/06\/15\/cientistas-encontram-marcadores-para-microcefalia-causada-por-zika\/\"},\"author\":{\"name\":\"Luzimara Fernandes\",\"@id\":\"https:\/\/jornalfatosenoticias.com.br\/#\/schema\/person\/d63837fa13ac8666eb9e74e0985d6f81\"},\"headline\":\"Cientistas encontram marcadores para microcefalia causada por zika\",\"datePublished\":\"2021-06-15T19:58:07+00:00\",\"dateModified\":\"2021-06-15T19:58:08+00:00\",\"mainEntityOfPage\":{\"@id\":\"https:\/\/jornalfatosenoticias.com.br\/index.php\/2021\/06\/15\/cientistas-encontram-marcadores-para-microcefalia-causada-por-zika\/\"},\"wordCount\":374,\"commentCount\":0,\"publisher\":{\"@id\":\"https:\/\/jornalfatosenoticias.com.br\/#organization\"},\"image\":{\"@id\":\"https:\/\/jornalfatosenoticias.com.br\/index.php\/2021\/06\/15\/cientistas-encontram-marcadores-para-microcefalia-causada-por-zika\/#primaryimage\"},\"thumbnailUrl\":\"https:\/\/jornalfatosenoticias.com.br\/wp-content\/uploads\/2021\/06\/bebe_com_microcefalia.png\",\"keywords\":[\"anormalidades\",\"desenvolvimento neurol\u00f3gico\",\"marcadores biol\u00f3gicos\",\"microcefalia\",\"v\u00edrus Zika\"],\"articleSection\":[\"Sa\u00fade\"],\"inLanguage\":\"pt-BR\",\"potentialAction\":[{\"@type\":\"CommentAction\",\"name\":\"Comment\",\"target\":[\"https:\/\/jornalfatosenoticias.com.br\/index.php\/2021\/06\/15\/cientistas-encontram-marcadores-para-microcefalia-causada-por-zika\/#respond\"]}]},{\"@type\":\"WebPage\",\"@id\":\"https:\/\/jornalfatosenoticias.com.br\/index.php\/2021\/06\/15\/cientistas-encontram-marcadores-para-microcefalia-causada-por-zika\/\",\"url\":\"https:\/\/jornalfatosenoticias.com.br\/index.php\/2021\/06\/15\/cientistas-encontram-marcadores-para-microcefalia-causada-por-zika\/\",\"name\":\"Cientistas encontram marcadores para microcefalia causada por zika - Jornal Fatos e Not\u00edcias\",\"isPartOf\":{\"@id\":\"https:\/\/jornalfatosenoticias.com.br\/#website\"},\"primaryImageOfPage\":{\"@id\":\"https:\/\/jornalfatosenoticias.com.br\/index.php\/2021\/06\/15\/cientistas-encontram-marcadores-para-microcefalia-causada-por-zika\/#primaryimage\"},\"image\":{\"@id\":\"https:\/\/jornalfatosenoticias.com.br\/index.php\/2021\/06\/15\/cientistas-encontram-marcadores-para-microcefalia-causada-por-zika\/#primaryimage\"},\"thumbnailUrl\":\"https:\/\/jornalfatosenoticias.com.br\/wp-content\/uploads\/2021\/06\/bebe_com_microcefalia.png\",\"datePublished\":\"2021-06-15T19:58:07+00:00\",\"dateModified\":\"2021-06-15T19:58:08+00:00\",\"breadcrumb\":{\"@id\":\"https:\/\/jornalfatosenoticias.com.br\/index.php\/2021\/06\/15\/cientistas-encontram-marcadores-para-microcefalia-causada-por-zika\/#breadcrumb\"},\"inLanguage\":\"pt-BR\",\"potentialAction\":[{\"@type\":\"ReadAction\",\"target\":[\"https:\/\/jornalfatosenoticias.com.br\/index.php\/2021\/06\/15\/cientistas-encontram-marcadores-para-microcefalia-causada-por-zika\/\"]}]},{\"@type\":\"ImageObject\",\"inLanguage\":\"pt-BR\",\"@id\":\"https:\/\/jornalfatosenoticias.com.br\/index.php\/2021\/06\/15\/cientistas-encontram-marcadores-para-microcefalia-causada-por-zika\/#primaryimage\",\"url\":\"https:\/\/jornalfatosenoticias.com.br\/wp-content\/uploads\/2021\/06\/bebe_com_microcefalia.png\",\"contentUrl\":\"https:\/\/jornalfatosenoticias.com.br\/wp-content\/uploads\/2021\/06\/bebe_com_microcefalia.png\",\"width\":1000,\"height\":598},{\"@type\":\"BreadcrumbList\",\"@id\":\"https:\/\/jornalfatosenoticias.com.br\/index.php\/2021\/06\/15\/cientistas-encontram-marcadores-para-microcefalia-causada-por-zika\/#breadcrumb\",\"itemListElement\":[{\"@type\":\"ListItem\",\"position\":1,\"name\":\"In\u00edcio\",\"item\":\"https:\/\/jornalfatosenoticias.com.br\/\"},{\"@type\":\"ListItem\",\"position\":2,\"name\":\"Cientistas encontram marcadores para microcefalia causada por zika\"}]},{\"@type\":\"WebSite\",\"@id\":\"https:\/\/jornalfatosenoticias.com.br\/#website\",\"url\":\"https:\/\/jornalfatosenoticias.com.br\/\",\"name\":\"Jornal Fatos e Not\u00edcias\",\"description\":\"Not\u00edcias em geral\",\"publisher\":{\"@id\":\"https:\/\/jornalfatosenoticias.com.br\/#organization\"},\"potentialAction\":[{\"@type\":\"SearchAction\",\"target\":{\"@type\":\"EntryPoint\",\"urlTemplate\":\"https:\/\/jornalfatosenoticias.com.br\/?s={search_term_string}\"},\"query-input\":{\"@type\":\"PropertyValueSpecification\",\"valueRequired\":true,\"valueName\":\"search_term_string\"}}],\"inLanguage\":\"pt-BR\"},{\"@type\":\"Organization\",\"@id\":\"https:\/\/jornalfatosenoticias.com.br\/#organization\",\"name\":\"Jornal Fatos e Not\u00edcias\",\"url\":\"https:\/\/jornalfatosenoticias.com.br\/\",\"logo\":{\"@type\":\"ImageObject\",\"inLanguage\":\"pt-BR\",\"@id\":\"https:\/\/jornalfatosenoticias.com.br\/#\/schema\/logo\/image\/\",\"url\":\"https:\/\/jornalfatosenoticias.com.br\/wp-content\/uploads\/2020\/02\/logo120.png\",\"contentUrl\":\"https:\/\/jornalfatosenoticias.com.br\/wp-content\/uploads\/2020\/02\/logo120.png\",\"width\":1227,\"height\":120,\"caption\":\"Jornal Fatos e Not\u00edcias\"},\"image\":{\"@id\":\"https:\/\/jornalfatosenoticias.com.br\/#\/schema\/logo\/image\/\"}},{\"@type\":\"Person\",\"@id\":\"https:\/\/jornalfatosenoticias.com.br\/#\/schema\/person\/d63837fa13ac8666eb9e74e0985d6f81\",\"name\":\"Luzimara Fernandes\",\"image\":{\"@type\":\"ImageObject\",\"inLanguage\":\"pt-BR\",\"@id\":\"https:\/\/jornalfatosenoticias.com.br\/#\/schema\/person\/image\/\",\"url\":\"https:\/\/jornalfatosenoticias.com.br\/wp-content\/uploads\/2025\/05\/EU_portal.jpg\",\"contentUrl\":\"https:\/\/jornalfatosenoticias.com.br\/wp-content\/uploads\/2025\/05\/EU_portal.jpg\",\"caption\":\"Luzimara Fernandes\"},\"description\":\"Jornalista MTB 2358-ES\",\"sameAs\":[\"https:\/\/jornalfatosenoticias.com.br\"],\"url\":\"https:\/\/jornalfatosenoticias.com.br\/index.php\/author\/luzimara\/\"}]}<\/script>\n<!-- \/ Yoast SEO plugin. -->","yoast_head_json":{"title":"Cientistas encontram marcadores para microcefalia causada por zika - Jornal Fatos e Not\u00edcias","robots":{"index":"index","follow":"follow","max-snippet":"max-snippet:-1","max-image-preview":"max-image-preview:large","max-video-preview":"max-video-preview:-1"},"canonical":"https:\/\/jornalfatosenoticias.com.br\/index.php\/2021\/06\/15\/cientistas-encontram-marcadores-para-microcefalia-causada-por-zika\/","og_locale":"pt_BR","og_type":"article","og_title":"Cientistas encontram marcadores para microcefalia causada por zika - Jornal Fatos e Not\u00edcias","og_description":"Resultados podem contribuir para o diagn\u00f3stico precoce da doen\u00e7a Cientistas do Instituto de Qu\u00edmica da Universidade de S\u00e3o Paulo (USP) e da Funda\u00e7\u00e3o Oswaldo Cruz (Fiocruz), do Rio de Janeiro e da Bahia, identificaram um poss\u00edvel biomarcador da microcefalia no plasma de rec\u00e9m-nascidos, expostos ao v\u00edrus Zika, quando ainda estavam na barriga da m\u00e3e. Biomarcadores [&hellip;]","og_url":"https:\/\/jornalfatosenoticias.com.br\/index.php\/2021\/06\/15\/cientistas-encontram-marcadores-para-microcefalia-causada-por-zika\/","og_site_name":"Jornal Fatos e Not\u00edcias","article_published_time":"2021-06-15T19:58:07+00:00","article_modified_time":"2021-06-15T19:58:08+00:00","og_image":[{"width":1000,"height":598,"url":"https:\/\/jornalfatosenoticias.com.br\/wp-content\/uploads\/2021\/06\/bebe_com_microcefalia.png","type":"image\/png"}],"author":"Luzimara Fernandes","twitter_card":"summary_large_image","twitter_misc":{"Escrito por":"Luzimara Fernandes","Est. tempo de leitura":"2 minutos"},"schema":{"@context":"https:\/\/schema.org","@graph":[{"@type":"Article","@id":"https:\/\/jornalfatosenoticias.com.br\/index.php\/2021\/06\/15\/cientistas-encontram-marcadores-para-microcefalia-causada-por-zika\/#article","isPartOf":{"@id":"https:\/\/jornalfatosenoticias.com.br\/index.php\/2021\/06\/15\/cientistas-encontram-marcadores-para-microcefalia-causada-por-zika\/"},"author":{"name":"Luzimara Fernandes","@id":"https:\/\/jornalfatosenoticias.com.br\/#\/schema\/person\/d63837fa13ac8666eb9e74e0985d6f81"},"headline":"Cientistas encontram marcadores para microcefalia causada por zika","datePublished":"2021-06-15T19:58:07+00:00","dateModified":"2021-06-15T19:58:08+00:00","mainEntityOfPage":{"@id":"https:\/\/jornalfatosenoticias.com.br\/index.php\/2021\/06\/15\/cientistas-encontram-marcadores-para-microcefalia-causada-por-zika\/"},"wordCount":374,"commentCount":0,"publisher":{"@id":"https:\/\/jornalfatosenoticias.com.br\/#organization"},"image":{"@id":"https:\/\/jornalfatosenoticias.com.br\/index.php\/2021\/06\/15\/cientistas-encontram-marcadores-para-microcefalia-causada-por-zika\/#primaryimage"},"thumbnailUrl":"https:\/\/jornalfatosenoticias.com.br\/wp-content\/uploads\/2021\/06\/bebe_com_microcefalia.png","keywords":["anormalidades","desenvolvimento neurol\u00f3gico","marcadores biol\u00f3gicos","microcefalia","v\u00edrus Zika"],"articleSection":["Sa\u00fade"],"inLanguage":"pt-BR","potentialAction":[{"@type":"CommentAction","name":"Comment","target":["https:\/\/jornalfatosenoticias.com.br\/index.php\/2021\/06\/15\/cientistas-encontram-marcadores-para-microcefalia-causada-por-zika\/#respond"]}]},{"@type":"WebPage","@id":"https:\/\/jornalfatosenoticias.com.br\/index.php\/2021\/06\/15\/cientistas-encontram-marcadores-para-microcefalia-causada-por-zika\/","url":"https:\/\/jornalfatosenoticias.com.br\/index.php\/2021\/06\/15\/cientistas-encontram-marcadores-para-microcefalia-causada-por-zika\/","name":"Cientistas encontram marcadores para microcefalia causada por zika - Jornal Fatos e Not\u00edcias","isPartOf":{"@id":"https:\/\/jornalfatosenoticias.com.br\/#website"},"primaryImageOfPage":{"@id":"https:\/\/jornalfatosenoticias.com.br\/index.php\/2021\/06\/15\/cientistas-encontram-marcadores-para-microcefalia-causada-por-zika\/#primaryimage"},"image":{"@id":"https:\/\/jornalfatosenoticias.com.br\/index.php\/2021\/06\/15\/cientistas-encontram-marcadores-para-microcefalia-causada-por-zika\/#primaryimage"},"thumbnailUrl":"https:\/\/jornalfatosenoticias.com.br\/wp-content\/uploads\/2021\/06\/bebe_com_microcefalia.png","datePublished":"2021-06-15T19:58:07+00:00","dateModified":"2021-06-15T19:58:08+00:00","breadcrumb":{"@id":"https:\/\/jornalfatosenoticias.com.br\/index.php\/2021\/06\/15\/cientistas-encontram-marcadores-para-microcefalia-causada-por-zika\/#breadcrumb"},"inLanguage":"pt-BR","potentialAction":[{"@type":"ReadAction","target":["https:\/\/jornalfatosenoticias.com.br\/index.php\/2021\/06\/15\/cientistas-encontram-marcadores-para-microcefalia-causada-por-zika\/"]}]},{"@type":"ImageObject","inLanguage":"pt-BR","@id":"https:\/\/jornalfatosenoticias.com.br\/index.php\/2021\/06\/15\/cientistas-encontram-marcadores-para-microcefalia-causada-por-zika\/#primaryimage","url":"https:\/\/jornalfatosenoticias.com.br\/wp-content\/uploads\/2021\/06\/bebe_com_microcefalia.png","contentUrl":"https:\/\/jornalfatosenoticias.com.br\/wp-content\/uploads\/2021\/06\/bebe_com_microcefalia.png","width":1000,"height":598},{"@type":"BreadcrumbList","@id":"https:\/\/jornalfatosenoticias.com.br\/index.php\/2021\/06\/15\/cientistas-encontram-marcadores-para-microcefalia-causada-por-zika\/#breadcrumb","itemListElement":[{"@type":"ListItem","position":1,"name":"In\u00edcio","item":"https:\/\/jornalfatosenoticias.com.br\/"},{"@type":"ListItem","position":2,"name":"Cientistas encontram marcadores para microcefalia causada por zika"}]},{"@type":"WebSite","@id":"https:\/\/jornalfatosenoticias.com.br\/#website","url":"https:\/\/jornalfatosenoticias.com.br\/","name":"Jornal Fatos e Not\u00edcias","description":"Not\u00edcias em geral","publisher":{"@id":"https:\/\/jornalfatosenoticias.com.br\/#organization"},"potentialAction":[{"@type":"SearchAction","target":{"@type":"EntryPoint","urlTemplate":"https:\/\/jornalfatosenoticias.com.br\/?s={search_term_string}"},"query-input":{"@type":"PropertyValueSpecification","valueRequired":true,"valueName":"search_term_string"}}],"inLanguage":"pt-BR"},{"@type":"Organization","@id":"https:\/\/jornalfatosenoticias.com.br\/#organization","name":"Jornal Fatos e Not\u00edcias","url":"https:\/\/jornalfatosenoticias.com.br\/","logo":{"@type":"ImageObject","inLanguage":"pt-BR","@id":"https:\/\/jornalfatosenoticias.com.br\/#\/schema\/logo\/image\/","url":"https:\/\/jornalfatosenoticias.com.br\/wp-content\/uploads\/2020\/02\/logo120.png","contentUrl":"https:\/\/jornalfatosenoticias.com.br\/wp-content\/uploads\/2020\/02\/logo120.png","width":1227,"height":120,"caption":"Jornal Fatos e Not\u00edcias"},"image":{"@id":"https:\/\/jornalfatosenoticias.com.br\/#\/schema\/logo\/image\/"}},{"@type":"Person","@id":"https:\/\/jornalfatosenoticias.com.br\/#\/schema\/person\/d63837fa13ac8666eb9e74e0985d6f81","name":"Luzimara Fernandes","image":{"@type":"ImageObject","inLanguage":"pt-BR","@id":"https:\/\/jornalfatosenoticias.com.br\/#\/schema\/person\/image\/","url":"https:\/\/jornalfatosenoticias.com.br\/wp-content\/uploads\/2025\/05\/EU_portal.jpg","contentUrl":"https:\/\/jornalfatosenoticias.com.br\/wp-content\/uploads\/2025\/05\/EU_portal.jpg","caption":"Luzimara Fernandes"},"description":"Jornalista MTB 2358-ES","sameAs":["https:\/\/jornalfatosenoticias.com.br"],"url":"https:\/\/jornalfatosenoticias.com.br\/index.php\/author\/luzimara\/"}]}},"cc_featured_image_caption":{"caption_text":"(Foto: TV Brasil) ","source_text":"","source_url":""},"jetpack_featured_media_url":"https:\/\/jornalfatosenoticias.com.br\/wp-content\/uploads\/2021\/06\/bebe_com_microcefalia.png","_links":{"self":[{"href":"https:\/\/jornalfatosenoticias.com.br\/index.php\/wp-json\/wp\/v2\/posts\/19434","targetHints":{"allow":["GET"]}}],"collection":[{"href":"https:\/\/jornalfatosenoticias.com.br\/index.php\/wp-json\/wp\/v2\/posts"}],"about":[{"href":"https:\/\/jornalfatosenoticias.com.br\/index.php\/wp-json\/wp\/v2\/types\/post"}],"author":[{"embeddable":true,"href":"https:\/\/jornalfatosenoticias.com.br\/index.php\/wp-json\/wp\/v2\/users\/2"}],"replies":[{"embeddable":true,"href":"https:\/\/jornalfatosenoticias.com.br\/index.php\/wp-json\/wp\/v2\/comments?post=19434"}],"version-history":[{"count":0,"href":"https:\/\/jornalfatosenoticias.com.br\/index.php\/wp-json\/wp\/v2\/posts\/19434\/revisions"}],"wp:featuredmedia":[{"embeddable":true,"href":"https:\/\/jornalfatosenoticias.com.br\/index.php\/wp-json\/wp\/v2\/media\/19435"}],"wp:attachment":[{"href":"https:\/\/jornalfatosenoticias.com.br\/index.php\/wp-json\/wp\/v2\/media?parent=19434"}],"wp:term":[{"taxonomy":"category","embeddable":true,"href":"https:\/\/jornalfatosenoticias.com.br\/index.php\/wp-json\/wp\/v2\/categories?post=19434"},{"taxonomy":"post_tag","embeddable":true,"href":"https:\/\/jornalfatosenoticias.com.br\/index.php\/wp-json\/wp\/v2\/tags?post=19434"}],"curies":[{"name":"wp","href":"https:\/\/api.w.org\/{rel}","templated":true}]}}