{"id":19449,"date":"2021-06-16T08:35:23","date_gmt":"2021-06-16T11:35:23","guid":{"rendered":"https:\/\/jornalfatosenoticias.com.br\/?p=19449"},"modified":"2021-06-16T08:35:27","modified_gmt":"2021-06-16T11:35:27","slug":"clubes-anunciam-intencao-de-criar-liga-para-organizar-brasileiro","status":"publish","type":"post","link":"https:\/\/jornalfatosenoticias.com.br\/index.php\/2021\/06\/16\/clubes-anunciam-intencao-de-criar-liga-para-organizar-brasileiro\/","title":{"rendered":"Clubes anunciam inten\u00e7\u00e3o de criar liga para organizar Brasileiro"},"content":{"rendered":"\n<p><em><span class=\"has-inline-color has-black-color\">Iniciativa conta com o apoio de 19 dos 20 clubes da S\u00e9rie A<\/span><\/em><\/p>\n\n\n\n<p>Os principais clubes brasileiros de futebol anunciaram, nesta ter\u00e7a-feira (15), que t\u00eam a inten\u00e7\u00e3o de criar uma liga independente para comandar o campeonato nacional do Pa\u00eds, com 19 dos 20 clubes da S\u00e9rie A apoiando a decis\u00e3o de formar uma liga que possa lhes garantir mais controle do esporte.<br>Diferentemente de pa\u00edses como Inglaterra, Espanha e Alemanha, onde a liga \u00e9 comandada por um \u00f3rg\u00e3o separado da associa\u00e7\u00e3o nacional de futebol, as ligas profissionais no Brasil s\u00e3o controladas pela Confedera\u00e7\u00e3o Brasileira de Futebol (CBF).<br>\u201cH\u00e1 muito o que fazer, e isso come\u00e7a j\u00e1\u201d, disse o presidente do Bahia, Guilherme Bellintani, no Twitter. \u201cPor novo calend\u00e1rio, mais planejamento, investimentos e receitas. Por democracia, com equil\u00edbrio, uni\u00e3o e trabalho. Sem conflitos, sem ressentimentos\u201d, afirmou.<\/p>\n\n\n\n<figure class=\"wp-block-embed-twitter wp-block-embed is-type-rich is-provider-twitter\"><div class=\"wp-block-embed__wrapper\">\n<blockquote class=\"twitter-tweet\" data-width=\"550\" data-dnt=\"true\"><p lang=\"pt\" dir=\"ltr\">H\u00e1 muito o que fazer, e isso come\u00e7a j\u00e1. Por novo calend\u00e1rio, mais planejamento, investimentos e receitas. Por democracia, com equil\u00edbrio, uni\u00e3o e trabalho. Sem conflitos, sem ressentimentos. N\u00f3s, clubes de futebol, queremos chegar mais pr\u00f3ximo do que cada brasileiro espera de n\u00f3s <a href=\"https:\/\/t.co\/v3kdv6pmQ4\">pic.twitter.com\/v3kdv6pmQ4<\/a><\/p>&mdash; Guilherme Bellintani (@gcbellintani) <a href=\"https:\/\/twitter.com\/gcbellintani\/status\/1404873627959447553?ref_src=twsrc%5Etfw\">June 15, 2021<\/a><\/blockquote><script async src=\"https:\/\/platform.twitter.com\/widgets.js\" charset=\"utf-8\"><\/script>\n<\/div><\/figure>\n\n\n\n<p>Os 19 clubes brasileiros (o \u00fanico que n\u00e3o assinou o documento foi o Sport Recife, que est\u00e1 sem presidente) entregaram uma carta \u00e0 CBF expressando sua decis\u00e3o pela \u201ccria\u00e7\u00e3o imediata de uma Liga de Futebol do Brasil\u201d que ser\u00e1 fundada assim que poss\u00edvel.<br>A carta diz que a decis\u00e3o \u00e9 \u201cem raz\u00e3o de diversos acontecimentos que v\u00eam se acumulando ao longo dos anos e revelam um distanciamento total e absoluto\u201d entre os clubes e a CBF.<br>A decis\u00e3o acontece em um momento de insatisfa\u00e7\u00e3o generalizada com a confedera\u00e7\u00e3o que, em 31 de maio, aceitou sediar no Brasil a Copa Am\u00e9rica de 2021 com duas semanas de anteced\u00eancia, enquanto o Campeonato Brasileiro est\u00e1 acontecendo.<\/p>\n\n\n\n<figure class=\"wp-block-image size-large is-style-default\"><img loading=\"lazy\" decoding=\"async\" width=\"1000\" height=\"898\" src=\"https:\/\/jornalfatosenoticias.com.br\/wp-content\/uploads\/2021\/06\/times-brasileirao-serie-a.png\" alt=\"\" class=\"wp-image-19451\" srcset=\"https:\/\/jornalfatosenoticias.com.br\/wp-content\/uploads\/2021\/06\/times-brasileirao-serie-a.png 1000w, https:\/\/jornalfatosenoticias.com.br\/wp-content\/uploads\/2021\/06\/times-brasileirao-serie-a-300x269.png 300w, https:\/\/jornalfatosenoticias.com.br\/wp-content\/uploads\/2021\/06\/times-brasileirao-serie-a-768x690.png 768w\" sizes=\"auto, (max-width: 1000px) 100vw, 1000px\" \/><figcaption><em><span class=\"has-inline-color has-black-color\">Imagem: logodetimes.com<\/span><\/em><\/figcaption><\/figure>\n\n\n\n<p><span class=\"has-inline-color has-black-color\"><em><strong>Foto de capa: <\/strong>Lucas Figueiredo\/CBF\/Direitos Reservados<\/em><\/span><\/p>\n\n\n\n<p><strong><em>Fonte: <a href=\"https:\/\/agenciabrasil.ebc.com.br\/esportes\/noticia\/2021-06\/clubes-anunciam-intencao-de-criar-liga-para-organizar-brasileiro\">Ag\u00eancia Brasil<\/a><\/em><\/strong><\/p>\n","protected":false},"excerpt":{"rendered":"<p>Iniciativa conta com o apoio de 19 dos 20 clubes da S\u00e9rie A Os principais clubes brasileiros de futebol anunciaram, nesta ter\u00e7a-feira (15), que t\u00eam a inten\u00e7\u00e3o de criar uma liga independente para comandar o campeonato nacional do Pa\u00eds, com 19 dos 20 clubes da S\u00e9rie A apoiando a decis\u00e3o de formar uma liga que [&hellip;]<\/p>\n","protected":false},"author":2,"featured_media":19452,"comment_status":"open","ping_status":"open","sticky":false,"template":"","format":"standard","meta":{"footnotes":""},"categories":[12],"tags":[1737,1736,43,632],"class_list":["post-19449","post","type-post","status-publish","format-standard","has-post-thumbnail","hentry","category-esportes","tag-campeonato-brasileiro","tag-cbf","tag-esportes","tag-futebol"],"yoast_head":"<!-- This site is optimized with the Yoast SEO plugin v26.5 - https:\/\/yoast.com\/wordpress\/plugins\/seo\/ -->\n<title>Clubes anunciam inten\u00e7\u00e3o de criar liga para organizar Brasileiro - Jornal Fatos e Not\u00edcias<\/title>\n<meta name=\"robots\" content=\"index, follow, max-snippet:-1, max-image-preview:large, max-video-preview:-1\" \/>\n<link rel=\"canonical\" href=\"https:\/\/jornalfatosenoticias.com.br\/index.php\/2021\/06\/16\/clubes-anunciam-intencao-de-criar-liga-para-organizar-brasileiro\/\" \/>\n<meta property=\"og:locale\" content=\"pt_BR\" \/>\n<meta property=\"og:type\" content=\"article\" \/>\n<meta property=\"og:title\" content=\"Clubes anunciam inten\u00e7\u00e3o de criar liga para organizar Brasileiro - Jornal Fatos e Not\u00edcias\" \/>\n<meta property=\"og:description\" content=\"Iniciativa conta com o apoio de 19 dos 20 clubes da S\u00e9rie A Os principais clubes brasileiros de futebol anunciaram, nesta ter\u00e7a-feira (15), que t\u00eam a inten\u00e7\u00e3o de criar uma liga independente para comandar o campeonato nacional do Pa\u00eds, com 19 dos 20 clubes da S\u00e9rie A apoiando a decis\u00e3o de formar uma liga que [&hellip;]\" \/>\n<meta property=\"og:url\" content=\"https:\/\/jornalfatosenoticias.com.br\/index.php\/2021\/06\/16\/clubes-anunciam-intencao-de-criar-liga-para-organizar-brasileiro\/\" \/>\n<meta property=\"og:site_name\" content=\"Jornal Fatos e Not\u00edcias\" \/>\n<meta property=\"article:published_time\" content=\"2021-06-16T11:35:23+00:00\" \/>\n<meta property=\"article:modified_time\" content=\"2021-06-16T11:35:27+00:00\" \/>\n<meta property=\"og:image\" content=\"https:\/\/jornalfatosenoticias.com.br\/wp-content\/uploads\/2021\/06\/flamengo_palmeiras_supercopa.jpg\" \/>\n\t<meta property=\"og:image:width\" content=\"1000\" \/>\n\t<meta property=\"og:image:height\" content=\"598\" \/>\n\t<meta property=\"og:image:type\" content=\"image\/jpeg\" \/>\n<meta name=\"author\" content=\"Luzimara Fernandes\" \/>\n<meta name=\"twitter:card\" content=\"summary_large_image\" \/>\n<meta name=\"twitter:label1\" content=\"Escrito por\" \/>\n\t<meta name=\"twitter:data1\" content=\"Luzimara Fernandes\" \/>\n\t<meta name=\"twitter:label2\" content=\"Est. tempo de leitura\" \/>\n\t<meta name=\"twitter:data2\" content=\"2 minutos\" \/>\n<script type=\"application\/ld+json\" class=\"yoast-schema-graph\">{\"@context\":\"https:\/\/schema.org\",\"@graph\":[{\"@type\":\"Article\",\"@id\":\"https:\/\/jornalfatosenoticias.com.br\/index.php\/2021\/06\/16\/clubes-anunciam-intencao-de-criar-liga-para-organizar-brasileiro\/#article\",\"isPartOf\":{\"@id\":\"https:\/\/jornalfatosenoticias.com.br\/index.php\/2021\/06\/16\/clubes-anunciam-intencao-de-criar-liga-para-organizar-brasileiro\/\"},\"author\":{\"name\":\"Luzimara Fernandes\",\"@id\":\"https:\/\/jornalfatosenoticias.com.br\/#\/schema\/person\/d63837fa13ac8666eb9e74e0985d6f81\"},\"headline\":\"Clubes anunciam inten\u00e7\u00e3o de criar liga para organizar Brasileiro\",\"datePublished\":\"2021-06-16T11:35:23+00:00\",\"dateModified\":\"2021-06-16T11:35:27+00:00\",\"mainEntityOfPage\":{\"@id\":\"https:\/\/jornalfatosenoticias.com.br\/index.php\/2021\/06\/16\/clubes-anunciam-intencao-de-criar-liga-para-organizar-brasileiro\/\"},\"wordCount\":322,\"commentCount\":0,\"publisher\":{\"@id\":\"https:\/\/jornalfatosenoticias.com.br\/#organization\"},\"image\":{\"@id\":\"https:\/\/jornalfatosenoticias.com.br\/index.php\/2021\/06\/16\/clubes-anunciam-intencao-de-criar-liga-para-organizar-brasileiro\/#primaryimage\"},\"thumbnailUrl\":\"https:\/\/jornalfatosenoticias.com.br\/wp-content\/uploads\/2021\/06\/flamengo_palmeiras_supercopa.jpg\",\"keywords\":[\"campeonato brasileiro\",\"CBF\",\"esportes\",\"futebol\"],\"articleSection\":[\"Esportes\"],\"inLanguage\":\"pt-BR\",\"potentialAction\":[{\"@type\":\"CommentAction\",\"name\":\"Comment\",\"target\":[\"https:\/\/jornalfatosenoticias.com.br\/index.php\/2021\/06\/16\/clubes-anunciam-intencao-de-criar-liga-para-organizar-brasileiro\/#respond\"]}]},{\"@type\":\"WebPage\",\"@id\":\"https:\/\/jornalfatosenoticias.com.br\/index.php\/2021\/06\/16\/clubes-anunciam-intencao-de-criar-liga-para-organizar-brasileiro\/\",\"url\":\"https:\/\/jornalfatosenoticias.com.br\/index.php\/2021\/06\/16\/clubes-anunciam-intencao-de-criar-liga-para-organizar-brasileiro\/\",\"name\":\"Clubes anunciam inten\u00e7\u00e3o de criar liga para organizar Brasileiro - Jornal Fatos e Not\u00edcias\",\"isPartOf\":{\"@id\":\"https:\/\/jornalfatosenoticias.com.br\/#website\"},\"primaryImageOfPage\":{\"@id\":\"https:\/\/jornalfatosenoticias.com.br\/index.php\/2021\/06\/16\/clubes-anunciam-intencao-de-criar-liga-para-organizar-brasileiro\/#primaryimage\"},\"image\":{\"@id\":\"https:\/\/jornalfatosenoticias.com.br\/index.php\/2021\/06\/16\/clubes-anunciam-intencao-de-criar-liga-para-organizar-brasileiro\/#primaryimage\"},\"thumbnailUrl\":\"https:\/\/jornalfatosenoticias.com.br\/wp-content\/uploads\/2021\/06\/flamengo_palmeiras_supercopa.jpg\",\"datePublished\":\"2021-06-16T11:35:23+00:00\",\"dateModified\":\"2021-06-16T11:35:27+00:00\",\"breadcrumb\":{\"@id\":\"https:\/\/jornalfatosenoticias.com.br\/index.php\/2021\/06\/16\/clubes-anunciam-intencao-de-criar-liga-para-organizar-brasileiro\/#breadcrumb\"},\"inLanguage\":\"pt-BR\",\"potentialAction\":[{\"@type\":\"ReadAction\",\"target\":[\"https:\/\/jornalfatosenoticias.com.br\/index.php\/2021\/06\/16\/clubes-anunciam-intencao-de-criar-liga-para-organizar-brasileiro\/\"]}]},{\"@type\":\"ImageObject\",\"inLanguage\":\"pt-BR\",\"@id\":\"https:\/\/jornalfatosenoticias.com.br\/index.php\/2021\/06\/16\/clubes-anunciam-intencao-de-criar-liga-para-organizar-brasileiro\/#primaryimage\",\"url\":\"https:\/\/jornalfatosenoticias.com.br\/wp-content\/uploads\/2021\/06\/flamengo_palmeiras_supercopa.jpg\",\"contentUrl\":\"https:\/\/jornalfatosenoticias.com.br\/wp-content\/uploads\/2021\/06\/flamengo_palmeiras_supercopa.jpg\",\"width\":1000,\"height\":598},{\"@type\":\"BreadcrumbList\",\"@id\":\"https:\/\/jornalfatosenoticias.com.br\/index.php\/2021\/06\/16\/clubes-anunciam-intencao-de-criar-liga-para-organizar-brasileiro\/#breadcrumb\",\"itemListElement\":[{\"@type\":\"ListItem\",\"position\":1,\"name\":\"In\u00edcio\",\"item\":\"https:\/\/jornalfatosenoticias.com.br\/\"},{\"@type\":\"ListItem\",\"position\":2,\"name\":\"Clubes anunciam inten\u00e7\u00e3o de criar liga para organizar Brasileiro\"}]},{\"@type\":\"WebSite\",\"@id\":\"https:\/\/jornalfatosenoticias.com.br\/#website\",\"url\":\"https:\/\/jornalfatosenoticias.com.br\/\",\"name\":\"Jornal Fatos e Not\u00edcias\",\"description\":\"Not\u00edcias em geral\",\"publisher\":{\"@id\":\"https:\/\/jornalfatosenoticias.com.br\/#organization\"},\"potentialAction\":[{\"@type\":\"SearchAction\",\"target\":{\"@type\":\"EntryPoint\",\"urlTemplate\":\"https:\/\/jornalfatosenoticias.com.br\/?s={search_term_string}\"},\"query-input\":{\"@type\":\"PropertyValueSpecification\",\"valueRequired\":true,\"valueName\":\"search_term_string\"}}],\"inLanguage\":\"pt-BR\"},{\"@type\":\"Organization\",\"@id\":\"https:\/\/jornalfatosenoticias.com.br\/#organization\",\"name\":\"Jornal Fatos e Not\u00edcias\",\"url\":\"https:\/\/jornalfatosenoticias.com.br\/\",\"logo\":{\"@type\":\"ImageObject\",\"inLanguage\":\"pt-BR\",\"@id\":\"https:\/\/jornalfatosenoticias.com.br\/#\/schema\/logo\/image\/\",\"url\":\"https:\/\/jornalfatosenoticias.com.br\/wp-content\/uploads\/2020\/02\/logo120.png\",\"contentUrl\":\"https:\/\/jornalfatosenoticias.com.br\/wp-content\/uploads\/2020\/02\/logo120.png\",\"width\":1227,\"height\":120,\"caption\":\"Jornal Fatos e Not\u00edcias\"},\"image\":{\"@id\":\"https:\/\/jornalfatosenoticias.com.br\/#\/schema\/logo\/image\/\"}},{\"@type\":\"Person\",\"@id\":\"https:\/\/jornalfatosenoticias.com.br\/#\/schema\/person\/d63837fa13ac8666eb9e74e0985d6f81\",\"name\":\"Luzimara Fernandes\",\"image\":{\"@type\":\"ImageObject\",\"inLanguage\":\"pt-BR\",\"@id\":\"https:\/\/jornalfatosenoticias.com.br\/#\/schema\/person\/image\/\",\"url\":\"https:\/\/jornalfatosenoticias.com.br\/wp-content\/uploads\/2025\/05\/EU_portal.jpg\",\"contentUrl\":\"https:\/\/jornalfatosenoticias.com.br\/wp-content\/uploads\/2025\/05\/EU_portal.jpg\",\"caption\":\"Luzimara Fernandes\"},\"description\":\"Jornalista MTB 2358-ES\",\"sameAs\":[\"https:\/\/jornalfatosenoticias.com.br\"],\"url\":\"https:\/\/jornalfatosenoticias.com.br\/index.php\/author\/luzimara\/\"}]}<\/script>\n<!-- \/ Yoast SEO plugin. -->","yoast_head_json":{"title":"Clubes anunciam inten\u00e7\u00e3o de criar liga para organizar Brasileiro - Jornal Fatos e Not\u00edcias","robots":{"index":"index","follow":"follow","max-snippet":"max-snippet:-1","max-image-preview":"max-image-preview:large","max-video-preview":"max-video-preview:-1"},"canonical":"https:\/\/jornalfatosenoticias.com.br\/index.php\/2021\/06\/16\/clubes-anunciam-intencao-de-criar-liga-para-organizar-brasileiro\/","og_locale":"pt_BR","og_type":"article","og_title":"Clubes anunciam inten\u00e7\u00e3o de criar liga para organizar Brasileiro - Jornal Fatos e Not\u00edcias","og_description":"Iniciativa conta com o apoio de 19 dos 20 clubes da S\u00e9rie A Os principais clubes brasileiros de futebol anunciaram, nesta ter\u00e7a-feira (15), que t\u00eam a inten\u00e7\u00e3o de criar uma liga independente para comandar o campeonato nacional do Pa\u00eds, com 19 dos 20 clubes da S\u00e9rie A apoiando a decis\u00e3o de formar uma liga que [&hellip;]","og_url":"https:\/\/jornalfatosenoticias.com.br\/index.php\/2021\/06\/16\/clubes-anunciam-intencao-de-criar-liga-para-organizar-brasileiro\/","og_site_name":"Jornal Fatos e Not\u00edcias","article_published_time":"2021-06-16T11:35:23+00:00","article_modified_time":"2021-06-16T11:35:27+00:00","og_image":[{"width":1000,"height":598,"url":"https:\/\/jornalfatosenoticias.com.br\/wp-content\/uploads\/2021\/06\/flamengo_palmeiras_supercopa.jpg","type":"image\/jpeg"}],"author":"Luzimara Fernandes","twitter_card":"summary_large_image","twitter_misc":{"Escrito por":"Luzimara Fernandes","Est. tempo de leitura":"2 minutos"},"schema":{"@context":"https:\/\/schema.org","@graph":[{"@type":"Article","@id":"https:\/\/jornalfatosenoticias.com.br\/index.php\/2021\/06\/16\/clubes-anunciam-intencao-de-criar-liga-para-organizar-brasileiro\/#article","isPartOf":{"@id":"https:\/\/jornalfatosenoticias.com.br\/index.php\/2021\/06\/16\/clubes-anunciam-intencao-de-criar-liga-para-organizar-brasileiro\/"},"author":{"name":"Luzimara Fernandes","@id":"https:\/\/jornalfatosenoticias.com.br\/#\/schema\/person\/d63837fa13ac8666eb9e74e0985d6f81"},"headline":"Clubes anunciam inten\u00e7\u00e3o de criar liga para organizar Brasileiro","datePublished":"2021-06-16T11:35:23+00:00","dateModified":"2021-06-16T11:35:27+00:00","mainEntityOfPage":{"@id":"https:\/\/jornalfatosenoticias.com.br\/index.php\/2021\/06\/16\/clubes-anunciam-intencao-de-criar-liga-para-organizar-brasileiro\/"},"wordCount":322,"commentCount":0,"publisher":{"@id":"https:\/\/jornalfatosenoticias.com.br\/#organization"},"image":{"@id":"https:\/\/jornalfatosenoticias.com.br\/index.php\/2021\/06\/16\/clubes-anunciam-intencao-de-criar-liga-para-organizar-brasileiro\/#primaryimage"},"thumbnailUrl":"https:\/\/jornalfatosenoticias.com.br\/wp-content\/uploads\/2021\/06\/flamengo_palmeiras_supercopa.jpg","keywords":["campeonato brasileiro","CBF","esportes","futebol"],"articleSection":["Esportes"],"inLanguage":"pt-BR","potentialAction":[{"@type":"CommentAction","name":"Comment","target":["https:\/\/jornalfatosenoticias.com.br\/index.php\/2021\/06\/16\/clubes-anunciam-intencao-de-criar-liga-para-organizar-brasileiro\/#respond"]}]},{"@type":"WebPage","@id":"https:\/\/jornalfatosenoticias.com.br\/index.php\/2021\/06\/16\/clubes-anunciam-intencao-de-criar-liga-para-organizar-brasileiro\/","url":"https:\/\/jornalfatosenoticias.com.br\/index.php\/2021\/06\/16\/clubes-anunciam-intencao-de-criar-liga-para-organizar-brasileiro\/","name":"Clubes anunciam inten\u00e7\u00e3o de criar liga para organizar Brasileiro - Jornal Fatos e Not\u00edcias","isPartOf":{"@id":"https:\/\/jornalfatosenoticias.com.br\/#website"},"primaryImageOfPage":{"@id":"https:\/\/jornalfatosenoticias.com.br\/index.php\/2021\/06\/16\/clubes-anunciam-intencao-de-criar-liga-para-organizar-brasileiro\/#primaryimage"},"image":{"@id":"https:\/\/jornalfatosenoticias.com.br\/index.php\/2021\/06\/16\/clubes-anunciam-intencao-de-criar-liga-para-organizar-brasileiro\/#primaryimage"},"thumbnailUrl":"https:\/\/jornalfatosenoticias.com.br\/wp-content\/uploads\/2021\/06\/flamengo_palmeiras_supercopa.jpg","datePublished":"2021-06-16T11:35:23+00:00","dateModified":"2021-06-16T11:35:27+00:00","breadcrumb":{"@id":"https:\/\/jornalfatosenoticias.com.br\/index.php\/2021\/06\/16\/clubes-anunciam-intencao-de-criar-liga-para-organizar-brasileiro\/#breadcrumb"},"inLanguage":"pt-BR","potentialAction":[{"@type":"ReadAction","target":["https:\/\/jornalfatosenoticias.com.br\/index.php\/2021\/06\/16\/clubes-anunciam-intencao-de-criar-liga-para-organizar-brasileiro\/"]}]},{"@type":"ImageObject","inLanguage":"pt-BR","@id":"https:\/\/jornalfatosenoticias.com.br\/index.php\/2021\/06\/16\/clubes-anunciam-intencao-de-criar-liga-para-organizar-brasileiro\/#primaryimage","url":"https:\/\/jornalfatosenoticias.com.br\/wp-content\/uploads\/2021\/06\/flamengo_palmeiras_supercopa.jpg","contentUrl":"https:\/\/jornalfatosenoticias.com.br\/wp-content\/uploads\/2021\/06\/flamengo_palmeiras_supercopa.jpg","width":1000,"height":598},{"@type":"BreadcrumbList","@id":"https:\/\/jornalfatosenoticias.com.br\/index.php\/2021\/06\/16\/clubes-anunciam-intencao-de-criar-liga-para-organizar-brasileiro\/#breadcrumb","itemListElement":[{"@type":"ListItem","position":1,"name":"In\u00edcio","item":"https:\/\/jornalfatosenoticias.com.br\/"},{"@type":"ListItem","position":2,"name":"Clubes anunciam inten\u00e7\u00e3o de criar liga para organizar Brasileiro"}]},{"@type":"WebSite","@id":"https:\/\/jornalfatosenoticias.com.br\/#website","url":"https:\/\/jornalfatosenoticias.com.br\/","name":"Jornal Fatos e Not\u00edcias","description":"Not\u00edcias em geral","publisher":{"@id":"https:\/\/jornalfatosenoticias.com.br\/#organization"},"potentialAction":[{"@type":"SearchAction","target":{"@type":"EntryPoint","urlTemplate":"https:\/\/jornalfatosenoticias.com.br\/?s={search_term_string}"},"query-input":{"@type":"PropertyValueSpecification","valueRequired":true,"valueName":"search_term_string"}}],"inLanguage":"pt-BR"},{"@type":"Organization","@id":"https:\/\/jornalfatosenoticias.com.br\/#organization","name":"Jornal Fatos e Not\u00edcias","url":"https:\/\/jornalfatosenoticias.com.br\/","logo":{"@type":"ImageObject","inLanguage":"pt-BR","@id":"https:\/\/jornalfatosenoticias.com.br\/#\/schema\/logo\/image\/","url":"https:\/\/jornalfatosenoticias.com.br\/wp-content\/uploads\/2020\/02\/logo120.png","contentUrl":"https:\/\/jornalfatosenoticias.com.br\/wp-content\/uploads\/2020\/02\/logo120.png","width":1227,"height":120,"caption":"Jornal Fatos e Not\u00edcias"},"image":{"@id":"https:\/\/jornalfatosenoticias.com.br\/#\/schema\/logo\/image\/"}},{"@type":"Person","@id":"https:\/\/jornalfatosenoticias.com.br\/#\/schema\/person\/d63837fa13ac8666eb9e74e0985d6f81","name":"Luzimara Fernandes","image":{"@type":"ImageObject","inLanguage":"pt-BR","@id":"https:\/\/jornalfatosenoticias.com.br\/#\/schema\/person\/image\/","url":"https:\/\/jornalfatosenoticias.com.br\/wp-content\/uploads\/2025\/05\/EU_portal.jpg","contentUrl":"https:\/\/jornalfatosenoticias.com.br\/wp-content\/uploads\/2025\/05\/EU_portal.jpg","caption":"Luzimara Fernandes"},"description":"Jornalista MTB 2358-ES","sameAs":["https:\/\/jornalfatosenoticias.com.br"],"url":"https:\/\/jornalfatosenoticias.com.br\/index.php\/author\/luzimara\/"}]}},"cc_featured_image_caption":{"caption_text":"","source_text":"","source_url":""},"jetpack_featured_media_url":"https:\/\/jornalfatosenoticias.com.br\/wp-content\/uploads\/2021\/06\/flamengo_palmeiras_supercopa.jpg","_links":{"self":[{"href":"https:\/\/jornalfatosenoticias.com.br\/index.php\/wp-json\/wp\/v2\/posts\/19449","targetHints":{"allow":["GET"]}}],"collection":[{"href":"https:\/\/jornalfatosenoticias.com.br\/index.php\/wp-json\/wp\/v2\/posts"}],"about":[{"href":"https:\/\/jornalfatosenoticias.com.br\/index.php\/wp-json\/wp\/v2\/types\/post"}],"author":[{"embeddable":true,"href":"https:\/\/jornalfatosenoticias.com.br\/index.php\/wp-json\/wp\/v2\/users\/2"}],"replies":[{"embeddable":true,"href":"https:\/\/jornalfatosenoticias.com.br\/index.php\/wp-json\/wp\/v2\/comments?post=19449"}],"version-history":[{"count":0,"href":"https:\/\/jornalfatosenoticias.com.br\/index.php\/wp-json\/wp\/v2\/posts\/19449\/revisions"}],"wp:featuredmedia":[{"embeddable":true,"href":"https:\/\/jornalfatosenoticias.com.br\/index.php\/wp-json\/wp\/v2\/media\/19452"}],"wp:attachment":[{"href":"https:\/\/jornalfatosenoticias.com.br\/index.php\/wp-json\/wp\/v2\/media?parent=19449"}],"wp:term":[{"taxonomy":"category","embeddable":true,"href":"https:\/\/jornalfatosenoticias.com.br\/index.php\/wp-json\/wp\/v2\/categories?post=19449"},{"taxonomy":"post_tag","embeddable":true,"href":"https:\/\/jornalfatosenoticias.com.br\/index.php\/wp-json\/wp\/v2\/tags?post=19449"}],"curies":[{"name":"wp","href":"https:\/\/api.w.org\/{rel}","templated":true}]}}