{"id":19530,"date":"2021-06-17T18:47:06","date_gmt":"2021-06-17T21:47:06","guid":{"rendered":"https:\/\/jornalfatosenoticias.com.br\/?p=19530"},"modified":"2021-06-17T18:47:10","modified_gmt":"2021-06-17T21:47:10","slug":"dica-da-semana-os-salafrarios","status":"publish","type":"post","link":"https:\/\/jornalfatosenoticias.com.br\/index.php\/2021\/06\/17\/dica-da-semana-os-salafrarios\/","title":{"rendered":"Dica da Semana \u2014 Os Salafr\u00e1rios"},"content":{"rendered":"\n<p><em><span class=\"has-inline-color has-black-color\">Com\u00e9dia nacional com Samantha Schm\u00fctz e Marcus Majella<\/span><\/em><\/p>\n\n\n\n<p><em><span class=\"has-inline-color has-luminous-vivid-orange-color\">Texto: Felipe Bretas<\/span><\/em><\/p>\n\n\n\n<p>O filme nacional de com\u00e9dia <strong>Os Salafr\u00e1rios<\/strong>, lan\u00e7ado pela <strong>Netflix<\/strong>, em abril deste ano, n\u00e3o tem encantado o p\u00fablico como deveria, quem assiste n\u00e3o o recomenda. Isso acontece porque, quando terminamos de assistir ao filme, sentimos falta de algumas informa\u00e7\u00f5es que foram deixadas de lado, isto certamente deve-se a algumas falhas de roteiro.<br>O roteirista do longa, <strong>FIL BRAZ<\/strong>, conhecido por escrever filmes de sucesso como Minha M\u00e3e \u00e9 uma Pe\u00e7a, protagonizado por <strong>Paulo Gustavo<\/strong> e T\u00f4 Ryca, estrelado por <strong>Samantha Schm\u00fctz<\/strong>, que tamb\u00e9m faz parte do filme <strong>Os Salafr\u00e1rios<\/strong> ao lado de <strong>Marcus Majella<\/strong>, n\u00e3o conseguiu repetir a dose dos filmes anteriores e entregou algo bem b\u00e1sico para a dire\u00e7\u00e3o de Pedro Ant\u00f4nio.<br>Eu, particularmente, senti muito a falta de uma constru\u00e7\u00e3o narrativa mais s\u00f3lida, uma linha do tempo bem montada, algo mais dram\u00e1tico na trama. Os dois protagonistas se esfor\u00e7am muito para tirar algumas risadas de canto de boca. Quando o filme come\u00e7a a se desenvolver, ele acaba. Com um final um pouco sem sentido, com um corte sem mais nem menos.<br>Mesmo com tantos lapsos ao longo da hist\u00f3ria, vale assistir ao filme pelo trabalho dos atores, que se saem muito bem em filmes e projetos desse g\u00eanero. Samantha e Marcus t\u00eam muita qu\u00edmica em cena e se complementam durante o filme a todo momento.<\/p>\n\n\n\n<h4 class=\"wp-block-heading\"><span class=\"has-inline-color has-black-color\">Os Salafr\u00e1rios | Trailer oficial | Netflix<\/span><\/h4>\n\n\n\n<figure class=\"wp-block-embed-youtube wp-block-embed is-type-video is-provider-youtube wp-embed-aspect-16-9 wp-has-aspect-ratio\"><div class=\"wp-block-embed__wrapper\">\n<iframe loading=\"lazy\" title=\"Os Salafr\u00e1rios | Trailer oficial | Netflix\" width=\"660\" height=\"371\" src=\"https:\/\/www.youtube.com\/embed\/JanUWJbMb2s?feature=oembed\" frameborder=\"0\" allow=\"accelerometer; autoplay; clipboard-write; encrypted-media; gyroscope; picture-in-picture; web-share\" referrerpolicy=\"strict-origin-when-cross-origin\" allowfullscreen><\/iframe>\n<\/div><\/figure>\n\n\n\n<p><strong><span class=\"has-inline-color has-luminous-vivid-orange-color\">SINOPSE<br><\/span><\/strong>Em <strong>Os Salafr\u00e1rios<\/strong>, Cl\u00f3vis (Marcus Majella) reencontra Lohane (Samantha Schm\u00fctz), sua irm\u00e3 adotiva que n\u00e3o via h\u00e1 anos. Enquanto Cl\u00f3vis est\u00e1 sendo procurado pela pol\u00edcia ap\u00f3s aplicar um golpe em japoneses, Lohane tamb\u00e9m est\u00e1 em maus bocados, j\u00e1 que sua fonte de renda foi apreendida por agentes da prefeitura. Juntos, eles buscam superar as diferen\u00e7as, a falta de intimidade e dar a volta por cima.<br>Pode juntar os amigos, a fam\u00edlia, a namorada, o namorado, quem voc\u00ea quiser para assistir ao filme. A classifica\u00e7\u00e3o \u00e9 12 anos. T\u00e1 na Netflix!<\/p>\n\n\n\n<div class=\"wp-block-image is-style-default\"><figure class=\"alignleft size-large is-resized\"><img loading=\"lazy\" decoding=\"async\" src=\"https:\/\/jornalfatosenoticias.com.br\/wp-content\/uploads\/2021\/04\/Felipe-Bretas_portal.jpg\" alt=\"\" class=\"wp-image-16543\" width=\"161\" height=\"193\" srcset=\"https:\/\/jornalfatosenoticias.com.br\/wp-content\/uploads\/2021\/04\/Felipe-Bretas_portal.jpg 601w, https:\/\/jornalfatosenoticias.com.br\/wp-content\/uploads\/2021\/04\/Felipe-Bretas_portal-249x300.jpg 249w\" sizes=\"auto, (max-width: 161px) 100vw, 161px\" \/><figcaption><em><strong>Felipe Bretas<br><\/strong>Jornalista<\/em><\/figcaption><\/figure><\/div>\n","protected":false},"excerpt":{"rendered":"<p>Com\u00e9dia nacional com Samantha Schm\u00fctz e Marcus Majella Texto: Felipe Bretas O filme nacional de com\u00e9dia Os Salafr\u00e1rios, lan\u00e7ado pela Netflix, em abril deste ano, n\u00e3o tem encantado o p\u00fablico como deveria, quem assiste n\u00e3o o recomenda. Isso acontece porque, quando terminamos de assistir ao filme, sentimos falta de algumas informa\u00e7\u00f5es que foram deixadas de [&hellip;]<\/p>\n","protected":false},"author":2,"featured_media":19532,"comment_status":"open","ping_status":"open","sticky":false,"template":"","format":"standard","meta":{"footnotes":""},"categories":[4],"tags":[8338,9579,924,9580,9581],"class_list":["post-19530","post","type-post","status-publish","format-standard","has-post-thumbnail","hentry","category-cultura","tag-critica","tag-marcus-majella","tag-netflix","tag-os-salafrarios","tag-samantha-schmutz"],"yoast_head":"<!-- This site is optimized with the Yoast SEO plugin v26.5 - https:\/\/yoast.com\/wordpress\/plugins\/seo\/ -->\n<title>Dica da Semana \u2014 Os Salafr\u00e1rios - Jornal Fatos e Not\u00edcias<\/title>\n<meta name=\"robots\" content=\"index, follow, max-snippet:-1, max-image-preview:large, max-video-preview:-1\" \/>\n<link rel=\"canonical\" href=\"https:\/\/jornalfatosenoticias.com.br\/index.php\/2021\/06\/17\/dica-da-semana-os-salafrarios\/\" \/>\n<meta property=\"og:locale\" content=\"pt_BR\" \/>\n<meta property=\"og:type\" content=\"article\" \/>\n<meta property=\"og:title\" content=\"Dica da Semana \u2014 Os Salafr\u00e1rios - Jornal Fatos e Not\u00edcias\" \/>\n<meta property=\"og:description\" content=\"Com\u00e9dia nacional com Samantha Schm\u00fctz e Marcus Majella Texto: Felipe Bretas O filme nacional de com\u00e9dia Os Salafr\u00e1rios, lan\u00e7ado pela Netflix, em abril deste ano, n\u00e3o tem encantado o p\u00fablico como deveria, quem assiste n\u00e3o o recomenda. Isso acontece porque, quando terminamos de assistir ao filme, sentimos falta de algumas informa\u00e7\u00f5es que foram deixadas de [&hellip;]\" \/>\n<meta property=\"og:url\" content=\"https:\/\/jornalfatosenoticias.com.br\/index.php\/2021\/06\/17\/dica-da-semana-os-salafrarios\/\" \/>\n<meta property=\"og:site_name\" content=\"Jornal Fatos e Not\u00edcias\" \/>\n<meta property=\"article:published_time\" content=\"2021-06-17T21:47:06+00:00\" \/>\n<meta property=\"article:modified_time\" content=\"2021-06-17T21:47:10+00:00\" \/>\n<meta property=\"og:image\" content=\"https:\/\/jornalfatosenoticias.com.br\/wp-content\/uploads\/2021\/06\/OS-SALAFRARIOS-FOTO-DIVULGACAO-NETFLIX.jpg\" \/>\n\t<meta property=\"og:image:width\" content=\"1000\" \/>\n\t<meta property=\"og:image:height\" content=\"562\" \/>\n\t<meta property=\"og:image:type\" content=\"image\/jpeg\" \/>\n<meta name=\"author\" content=\"Luzimara Fernandes\" \/>\n<meta name=\"twitter:card\" content=\"summary_large_image\" \/>\n<meta name=\"twitter:label1\" content=\"Escrito por\" \/>\n\t<meta name=\"twitter:data1\" content=\"Luzimara Fernandes\" \/>\n\t<meta name=\"twitter:label2\" content=\"Est. tempo de leitura\" \/>\n\t<meta name=\"twitter:data2\" content=\"2 minutos\" \/>\n<script type=\"application\/ld+json\" class=\"yoast-schema-graph\">{\"@context\":\"https:\/\/schema.org\",\"@graph\":[{\"@type\":\"Article\",\"@id\":\"https:\/\/jornalfatosenoticias.com.br\/index.php\/2021\/06\/17\/dica-da-semana-os-salafrarios\/#article\",\"isPartOf\":{\"@id\":\"https:\/\/jornalfatosenoticias.com.br\/index.php\/2021\/06\/17\/dica-da-semana-os-salafrarios\/\"},\"author\":{\"name\":\"Luzimara Fernandes\",\"@id\":\"https:\/\/jornalfatosenoticias.com.br\/#\/schema\/person\/d63837fa13ac8666eb9e74e0985d6f81\"},\"headline\":\"Dica da Semana \u2014 Os Salafr\u00e1rios\",\"datePublished\":\"2021-06-17T21:47:06+00:00\",\"dateModified\":\"2021-06-17T21:47:10+00:00\",\"mainEntityOfPage\":{\"@id\":\"https:\/\/jornalfatosenoticias.com.br\/index.php\/2021\/06\/17\/dica-da-semana-os-salafrarios\/\"},\"wordCount\":378,\"commentCount\":0,\"publisher\":{\"@id\":\"https:\/\/jornalfatosenoticias.com.br\/#organization\"},\"image\":{\"@id\":\"https:\/\/jornalfatosenoticias.com.br\/index.php\/2021\/06\/17\/dica-da-semana-os-salafrarios\/#primaryimage\"},\"thumbnailUrl\":\"https:\/\/jornalfatosenoticias.com.br\/wp-content\/uploads\/2021\/06\/OS-SALAFRARIOS-FOTO-DIVULGACAO-NETFLIX.jpg\",\"keywords\":[\"cr\u00edtica\",\"Marcus Majella\",\"Netflix\",\"Os Salafr\u00e1rios\",\"Samantha Schm\u00fctz\"],\"articleSection\":[\"Cultura\"],\"inLanguage\":\"pt-BR\",\"potentialAction\":[{\"@type\":\"CommentAction\",\"name\":\"Comment\",\"target\":[\"https:\/\/jornalfatosenoticias.com.br\/index.php\/2021\/06\/17\/dica-da-semana-os-salafrarios\/#respond\"]}]},{\"@type\":\"WebPage\",\"@id\":\"https:\/\/jornalfatosenoticias.com.br\/index.php\/2021\/06\/17\/dica-da-semana-os-salafrarios\/\",\"url\":\"https:\/\/jornalfatosenoticias.com.br\/index.php\/2021\/06\/17\/dica-da-semana-os-salafrarios\/\",\"name\":\"Dica da Semana \u2014 Os Salafr\u00e1rios - Jornal Fatos e Not\u00edcias\",\"isPartOf\":{\"@id\":\"https:\/\/jornalfatosenoticias.com.br\/#website\"},\"primaryImageOfPage\":{\"@id\":\"https:\/\/jornalfatosenoticias.com.br\/index.php\/2021\/06\/17\/dica-da-semana-os-salafrarios\/#primaryimage\"},\"image\":{\"@id\":\"https:\/\/jornalfatosenoticias.com.br\/index.php\/2021\/06\/17\/dica-da-semana-os-salafrarios\/#primaryimage\"},\"thumbnailUrl\":\"https:\/\/jornalfatosenoticias.com.br\/wp-content\/uploads\/2021\/06\/OS-SALAFRARIOS-FOTO-DIVULGACAO-NETFLIX.jpg\",\"datePublished\":\"2021-06-17T21:47:06+00:00\",\"dateModified\":\"2021-06-17T21:47:10+00:00\",\"breadcrumb\":{\"@id\":\"https:\/\/jornalfatosenoticias.com.br\/index.php\/2021\/06\/17\/dica-da-semana-os-salafrarios\/#breadcrumb\"},\"inLanguage\":\"pt-BR\",\"potentialAction\":[{\"@type\":\"ReadAction\",\"target\":[\"https:\/\/jornalfatosenoticias.com.br\/index.php\/2021\/06\/17\/dica-da-semana-os-salafrarios\/\"]}]},{\"@type\":\"ImageObject\",\"inLanguage\":\"pt-BR\",\"@id\":\"https:\/\/jornalfatosenoticias.com.br\/index.php\/2021\/06\/17\/dica-da-semana-os-salafrarios\/#primaryimage\",\"url\":\"https:\/\/jornalfatosenoticias.com.br\/wp-content\/uploads\/2021\/06\/OS-SALAFRARIOS-FOTO-DIVULGACAO-NETFLIX.jpg\",\"contentUrl\":\"https:\/\/jornalfatosenoticias.com.br\/wp-content\/uploads\/2021\/06\/OS-SALAFRARIOS-FOTO-DIVULGACAO-NETFLIX.jpg\",\"width\":1000,\"height\":562},{\"@type\":\"BreadcrumbList\",\"@id\":\"https:\/\/jornalfatosenoticias.com.br\/index.php\/2021\/06\/17\/dica-da-semana-os-salafrarios\/#breadcrumb\",\"itemListElement\":[{\"@type\":\"ListItem\",\"position\":1,\"name\":\"In\u00edcio\",\"item\":\"https:\/\/jornalfatosenoticias.com.br\/\"},{\"@type\":\"ListItem\",\"position\":2,\"name\":\"Dica da Semana \u2014 Os Salafr\u00e1rios\"}]},{\"@type\":\"WebSite\",\"@id\":\"https:\/\/jornalfatosenoticias.com.br\/#website\",\"url\":\"https:\/\/jornalfatosenoticias.com.br\/\",\"name\":\"Jornal Fatos e Not\u00edcias\",\"description\":\"Not\u00edcias em geral\",\"publisher\":{\"@id\":\"https:\/\/jornalfatosenoticias.com.br\/#organization\"},\"potentialAction\":[{\"@type\":\"SearchAction\",\"target\":{\"@type\":\"EntryPoint\",\"urlTemplate\":\"https:\/\/jornalfatosenoticias.com.br\/?s={search_term_string}\"},\"query-input\":{\"@type\":\"PropertyValueSpecification\",\"valueRequired\":true,\"valueName\":\"search_term_string\"}}],\"inLanguage\":\"pt-BR\"},{\"@type\":\"Organization\",\"@id\":\"https:\/\/jornalfatosenoticias.com.br\/#organization\",\"name\":\"Jornal Fatos e Not\u00edcias\",\"url\":\"https:\/\/jornalfatosenoticias.com.br\/\",\"logo\":{\"@type\":\"ImageObject\",\"inLanguage\":\"pt-BR\",\"@id\":\"https:\/\/jornalfatosenoticias.com.br\/#\/schema\/logo\/image\/\",\"url\":\"https:\/\/jornalfatosenoticias.com.br\/wp-content\/uploads\/2020\/02\/logo120.png\",\"contentUrl\":\"https:\/\/jornalfatosenoticias.com.br\/wp-content\/uploads\/2020\/02\/logo120.png\",\"width\":1227,\"height\":120,\"caption\":\"Jornal Fatos e Not\u00edcias\"},\"image\":{\"@id\":\"https:\/\/jornalfatosenoticias.com.br\/#\/schema\/logo\/image\/\"}},{\"@type\":\"Person\",\"@id\":\"https:\/\/jornalfatosenoticias.com.br\/#\/schema\/person\/d63837fa13ac8666eb9e74e0985d6f81\",\"name\":\"Luzimara Fernandes\",\"image\":{\"@type\":\"ImageObject\",\"inLanguage\":\"pt-BR\",\"@id\":\"https:\/\/jornalfatosenoticias.com.br\/#\/schema\/person\/image\/\",\"url\":\"https:\/\/jornalfatosenoticias.com.br\/wp-content\/uploads\/2025\/05\/EU_portal.jpg\",\"contentUrl\":\"https:\/\/jornalfatosenoticias.com.br\/wp-content\/uploads\/2025\/05\/EU_portal.jpg\",\"caption\":\"Luzimara Fernandes\"},\"description\":\"Jornalista MTB 2358-ES\",\"sameAs\":[\"https:\/\/jornalfatosenoticias.com.br\"],\"url\":\"https:\/\/jornalfatosenoticias.com.br\/index.php\/author\/luzimara\/\"}]}<\/script>\n<!-- \/ Yoast SEO plugin. -->","yoast_head_json":{"title":"Dica da Semana \u2014 Os Salafr\u00e1rios - Jornal Fatos e Not\u00edcias","robots":{"index":"index","follow":"follow","max-snippet":"max-snippet:-1","max-image-preview":"max-image-preview:large","max-video-preview":"max-video-preview:-1"},"canonical":"https:\/\/jornalfatosenoticias.com.br\/index.php\/2021\/06\/17\/dica-da-semana-os-salafrarios\/","og_locale":"pt_BR","og_type":"article","og_title":"Dica da Semana \u2014 Os Salafr\u00e1rios - Jornal Fatos e Not\u00edcias","og_description":"Com\u00e9dia nacional com Samantha Schm\u00fctz e Marcus Majella Texto: Felipe Bretas O filme nacional de com\u00e9dia Os Salafr\u00e1rios, lan\u00e7ado pela Netflix, em abril deste ano, n\u00e3o tem encantado o p\u00fablico como deveria, quem assiste n\u00e3o o recomenda. Isso acontece porque, quando terminamos de assistir ao filme, sentimos falta de algumas informa\u00e7\u00f5es que foram deixadas de [&hellip;]","og_url":"https:\/\/jornalfatosenoticias.com.br\/index.php\/2021\/06\/17\/dica-da-semana-os-salafrarios\/","og_site_name":"Jornal Fatos e Not\u00edcias","article_published_time":"2021-06-17T21:47:06+00:00","article_modified_time":"2021-06-17T21:47:10+00:00","og_image":[{"width":1000,"height":562,"url":"https:\/\/jornalfatosenoticias.com.br\/wp-content\/uploads\/2021\/06\/OS-SALAFRARIOS-FOTO-DIVULGACAO-NETFLIX.jpg","type":"image\/jpeg"}],"author":"Luzimara Fernandes","twitter_card":"summary_large_image","twitter_misc":{"Escrito por":"Luzimara Fernandes","Est. tempo de leitura":"2 minutos"},"schema":{"@context":"https:\/\/schema.org","@graph":[{"@type":"Article","@id":"https:\/\/jornalfatosenoticias.com.br\/index.php\/2021\/06\/17\/dica-da-semana-os-salafrarios\/#article","isPartOf":{"@id":"https:\/\/jornalfatosenoticias.com.br\/index.php\/2021\/06\/17\/dica-da-semana-os-salafrarios\/"},"author":{"name":"Luzimara Fernandes","@id":"https:\/\/jornalfatosenoticias.com.br\/#\/schema\/person\/d63837fa13ac8666eb9e74e0985d6f81"},"headline":"Dica da Semana \u2014 Os Salafr\u00e1rios","datePublished":"2021-06-17T21:47:06+00:00","dateModified":"2021-06-17T21:47:10+00:00","mainEntityOfPage":{"@id":"https:\/\/jornalfatosenoticias.com.br\/index.php\/2021\/06\/17\/dica-da-semana-os-salafrarios\/"},"wordCount":378,"commentCount":0,"publisher":{"@id":"https:\/\/jornalfatosenoticias.com.br\/#organization"},"image":{"@id":"https:\/\/jornalfatosenoticias.com.br\/index.php\/2021\/06\/17\/dica-da-semana-os-salafrarios\/#primaryimage"},"thumbnailUrl":"https:\/\/jornalfatosenoticias.com.br\/wp-content\/uploads\/2021\/06\/OS-SALAFRARIOS-FOTO-DIVULGACAO-NETFLIX.jpg","keywords":["cr\u00edtica","Marcus Majella","Netflix","Os Salafr\u00e1rios","Samantha Schm\u00fctz"],"articleSection":["Cultura"],"inLanguage":"pt-BR","potentialAction":[{"@type":"CommentAction","name":"Comment","target":["https:\/\/jornalfatosenoticias.com.br\/index.php\/2021\/06\/17\/dica-da-semana-os-salafrarios\/#respond"]}]},{"@type":"WebPage","@id":"https:\/\/jornalfatosenoticias.com.br\/index.php\/2021\/06\/17\/dica-da-semana-os-salafrarios\/","url":"https:\/\/jornalfatosenoticias.com.br\/index.php\/2021\/06\/17\/dica-da-semana-os-salafrarios\/","name":"Dica da Semana \u2014 Os Salafr\u00e1rios - Jornal Fatos e Not\u00edcias","isPartOf":{"@id":"https:\/\/jornalfatosenoticias.com.br\/#website"},"primaryImageOfPage":{"@id":"https:\/\/jornalfatosenoticias.com.br\/index.php\/2021\/06\/17\/dica-da-semana-os-salafrarios\/#primaryimage"},"image":{"@id":"https:\/\/jornalfatosenoticias.com.br\/index.php\/2021\/06\/17\/dica-da-semana-os-salafrarios\/#primaryimage"},"thumbnailUrl":"https:\/\/jornalfatosenoticias.com.br\/wp-content\/uploads\/2021\/06\/OS-SALAFRARIOS-FOTO-DIVULGACAO-NETFLIX.jpg","datePublished":"2021-06-17T21:47:06+00:00","dateModified":"2021-06-17T21:47:10+00:00","breadcrumb":{"@id":"https:\/\/jornalfatosenoticias.com.br\/index.php\/2021\/06\/17\/dica-da-semana-os-salafrarios\/#breadcrumb"},"inLanguage":"pt-BR","potentialAction":[{"@type":"ReadAction","target":["https:\/\/jornalfatosenoticias.com.br\/index.php\/2021\/06\/17\/dica-da-semana-os-salafrarios\/"]}]},{"@type":"ImageObject","inLanguage":"pt-BR","@id":"https:\/\/jornalfatosenoticias.com.br\/index.php\/2021\/06\/17\/dica-da-semana-os-salafrarios\/#primaryimage","url":"https:\/\/jornalfatosenoticias.com.br\/wp-content\/uploads\/2021\/06\/OS-SALAFRARIOS-FOTO-DIVULGACAO-NETFLIX.jpg","contentUrl":"https:\/\/jornalfatosenoticias.com.br\/wp-content\/uploads\/2021\/06\/OS-SALAFRARIOS-FOTO-DIVULGACAO-NETFLIX.jpg","width":1000,"height":562},{"@type":"BreadcrumbList","@id":"https:\/\/jornalfatosenoticias.com.br\/index.php\/2021\/06\/17\/dica-da-semana-os-salafrarios\/#breadcrumb","itemListElement":[{"@type":"ListItem","position":1,"name":"In\u00edcio","item":"https:\/\/jornalfatosenoticias.com.br\/"},{"@type":"ListItem","position":2,"name":"Dica da Semana \u2014 Os Salafr\u00e1rios"}]},{"@type":"WebSite","@id":"https:\/\/jornalfatosenoticias.com.br\/#website","url":"https:\/\/jornalfatosenoticias.com.br\/","name":"Jornal Fatos e Not\u00edcias","description":"Not\u00edcias em geral","publisher":{"@id":"https:\/\/jornalfatosenoticias.com.br\/#organization"},"potentialAction":[{"@type":"SearchAction","target":{"@type":"EntryPoint","urlTemplate":"https:\/\/jornalfatosenoticias.com.br\/?s={search_term_string}"},"query-input":{"@type":"PropertyValueSpecification","valueRequired":true,"valueName":"search_term_string"}}],"inLanguage":"pt-BR"},{"@type":"Organization","@id":"https:\/\/jornalfatosenoticias.com.br\/#organization","name":"Jornal Fatos e Not\u00edcias","url":"https:\/\/jornalfatosenoticias.com.br\/","logo":{"@type":"ImageObject","inLanguage":"pt-BR","@id":"https:\/\/jornalfatosenoticias.com.br\/#\/schema\/logo\/image\/","url":"https:\/\/jornalfatosenoticias.com.br\/wp-content\/uploads\/2020\/02\/logo120.png","contentUrl":"https:\/\/jornalfatosenoticias.com.br\/wp-content\/uploads\/2020\/02\/logo120.png","width":1227,"height":120,"caption":"Jornal Fatos e Not\u00edcias"},"image":{"@id":"https:\/\/jornalfatosenoticias.com.br\/#\/schema\/logo\/image\/"}},{"@type":"Person","@id":"https:\/\/jornalfatosenoticias.com.br\/#\/schema\/person\/d63837fa13ac8666eb9e74e0985d6f81","name":"Luzimara Fernandes","image":{"@type":"ImageObject","inLanguage":"pt-BR","@id":"https:\/\/jornalfatosenoticias.com.br\/#\/schema\/person\/image\/","url":"https:\/\/jornalfatosenoticias.com.br\/wp-content\/uploads\/2025\/05\/EU_portal.jpg","contentUrl":"https:\/\/jornalfatosenoticias.com.br\/wp-content\/uploads\/2025\/05\/EU_portal.jpg","caption":"Luzimara Fernandes"},"description":"Jornalista MTB 2358-ES","sameAs":["https:\/\/jornalfatosenoticias.com.br"],"url":"https:\/\/jornalfatosenoticias.com.br\/index.php\/author\/luzimara\/"}]}},"cc_featured_image_caption":{"caption_text":"(Foto: Divulga\u00e7\u00e3o\/Netflix) ","source_text":"","source_url":""},"jetpack_featured_media_url":"https:\/\/jornalfatosenoticias.com.br\/wp-content\/uploads\/2021\/06\/OS-SALAFRARIOS-FOTO-DIVULGACAO-NETFLIX.jpg","_links":{"self":[{"href":"https:\/\/jornalfatosenoticias.com.br\/index.php\/wp-json\/wp\/v2\/posts\/19530","targetHints":{"allow":["GET"]}}],"collection":[{"href":"https:\/\/jornalfatosenoticias.com.br\/index.php\/wp-json\/wp\/v2\/posts"}],"about":[{"href":"https:\/\/jornalfatosenoticias.com.br\/index.php\/wp-json\/wp\/v2\/types\/post"}],"author":[{"embeddable":true,"href":"https:\/\/jornalfatosenoticias.com.br\/index.php\/wp-json\/wp\/v2\/users\/2"}],"replies":[{"embeddable":true,"href":"https:\/\/jornalfatosenoticias.com.br\/index.php\/wp-json\/wp\/v2\/comments?post=19530"}],"version-history":[{"count":0,"href":"https:\/\/jornalfatosenoticias.com.br\/index.php\/wp-json\/wp\/v2\/posts\/19530\/revisions"}],"wp:featuredmedia":[{"embeddable":true,"href":"https:\/\/jornalfatosenoticias.com.br\/index.php\/wp-json\/wp\/v2\/media\/19532"}],"wp:attachment":[{"href":"https:\/\/jornalfatosenoticias.com.br\/index.php\/wp-json\/wp\/v2\/media?parent=19530"}],"wp:term":[{"taxonomy":"category","embeddable":true,"href":"https:\/\/jornalfatosenoticias.com.br\/index.php\/wp-json\/wp\/v2\/categories?post=19530"},{"taxonomy":"post_tag","embeddable":true,"href":"https:\/\/jornalfatosenoticias.com.br\/index.php\/wp-json\/wp\/v2\/tags?post=19530"}],"curies":[{"name":"wp","href":"https:\/\/api.w.org\/{rel}","templated":true}]}}