{"id":19547,"date":"2021-06-17T19:12:49","date_gmt":"2021-06-17T22:12:49","guid":{"rendered":"https:\/\/jornalfatosenoticias.com.br\/?p=19547"},"modified":"2021-06-17T19:12:53","modified_gmt":"2021-06-17T22:12:53","slug":"abelhas-dormem-abracadas-no-centro-de-uma-flor-e-o-registro-encanta-o-mundo","status":"publish","type":"post","link":"https:\/\/jornalfatosenoticias.com.br\/index.php\/2021\/06\/17\/abelhas-dormem-abracadas-no-centro-de-uma-flor-e-o-registro-encanta-o-mundo\/","title":{"rendered":"Abelhas dormem abra\u00e7adas no centro de uma flor e o registro encanta o mundo"},"content":{"rendered":"\n<p>A lente da c\u00e2mera do fot\u00f3grafo de vida selvagem <strong><a href=\"https:\/\/www.instagram.com\/jmneelyphotography\/\">Joe Neely<\/a><\/strong> foi respons\u00e1vel por registrar uma cena que atinge os mais altos n\u00edveis de <strong>fofura<\/strong>. A fotografia, que \u00e9 capaz de fazer suspirar at\u00e9 o mais insens\u00edvel dos seres humanos, retrata duas simp\u00e1ticas abelhas dormindo abra\u00e7adinhas no centro de uma flor. D\u00e1 pra resistir?<br>A hist\u00f3ria por tr\u00e1s do registro teve in\u00edcio quando Joe e sua noiva Niccole foram procurar flores de papoula em um campo florido. No caminho de volta para casa eles passaram por um aglomerado de flores rosas, perto da rodovia. E, no meio de todas as flores rosas, havia uma florzinha laranja, que chamou aten\u00e7\u00e3o de Niccole. Ela ouviu o barulho de abelhas voando por perto, e ent\u00e3o notou que algumas flores tinham abelhas im\u00f3veis em seus centros.<\/p>\n\n\n\n<figure class=\"wp-block-image size-large is-style-default\"><img loading=\"lazy\" decoding=\"async\" width=\"698\" height=\"465\" src=\"https:\/\/jornalfatosenoticias.com.br\/wp-content\/uploads\/2021\/06\/abelhas-dormem-em-flores-3.jpg\" alt=\"\" class=\"wp-image-19548\" srcset=\"https:\/\/jornalfatosenoticias.com.br\/wp-content\/uploads\/2021\/06\/abelhas-dormem-em-flores-3.jpg 698w, https:\/\/jornalfatosenoticias.com.br\/wp-content\/uploads\/2021\/06\/abelhas-dormem-em-flores-3-300x200.jpg 300w\" sizes=\"auto, (max-width: 698px) 100vw, 698px\" \/><figcaption><em><span class=\"has-inline-color has-black-color\">(Foto: Joe M. Neely)<\/span><\/em><\/figcaption><\/figure>\n\n\n\n<p>\u201cEu cheguei perto e observei por um tempo, e mais abelhas apareceram. Logo, todas as flores vazias estavam ocupadas, e uma abelha acabou sobrando. Ela se enfiou em uma flor aberta e ficou com outra abelha. Enquanto eu olhava, ela cambaleava quase como se estivesse b\u00eabada, e se aconchegou\u201d, conta Joe.<br>De acordo com o servi\u00e7o florestal do Departamento de Agricultura dos EUA, as abelhas da esp\u00e9cie Diadasia diminuta fazem ninhos em solo parcialmente compactado nas margens de estradas de terra na regi\u00e3o noroeste dos Estados Unidos. Como as abelhas n\u00e3o t\u00eam p\u00e1lpebras, \u00e9 dif\u00edcil saber com certeza se elas est\u00e3o dormindo, mas pesquisadores observaram que \u00e9 poss\u00edvel saber que elas est\u00e3o tirando uma soneca quando elas param de mover suas antenas. Em algumas situa\u00e7\u00f5es elas tamb\u00e9m se deitam de lado. Bom, ao menos nesse aspecto, o sono das abelhas se parece com o nosso.<br>Para fazer a fotografia que vem derretendo cora\u00e7\u00f5es ao redor do mundo, Joe Neely usou uma Nikon d750 e uma lente macro 150mm com um flash macro Nikon R1C1. Agora resta uma pergunta, voc\u00ea tamb\u00e9m se surpreendeu ao constatar que nunca tinha parado para pensar que as abelhas dormem?<\/p>\n\n\n\n<div class=\"wp-block-jetpack-slideshow aligncenter\" data-effect=\"slide\"><div class=\"wp-block-jetpack-slideshow_container swiper-container\"><ul class=\"wp-block-jetpack-slideshow_swiper-wrapper swiper-wrapper\"><li class=\"wp-block-jetpack-slideshow_slide swiper-slide\"><figure><img loading=\"lazy\" decoding=\"async\" width=\"798\" height=\"1000\" alt=\"\" class=\"wp-block-jetpack-slideshow_image wp-image-19549\" data-id=\"19549\" src=\"https:\/\/jornalfatosenoticias.com.br\/wp-content\/uploads\/2021\/06\/abelhas-dormem-abracadas-em-flores-1.jpg\" srcset=\"https:\/\/jornalfatosenoticias.com.br\/wp-content\/uploads\/2021\/06\/abelhas-dormem-abracadas-em-flores-1.jpg 798w, https:\/\/jornalfatosenoticias.com.br\/wp-content\/uploads\/2021\/06\/abelhas-dormem-abracadas-em-flores-1-239x300.jpg 239w, https:\/\/jornalfatosenoticias.com.br\/wp-content\/uploads\/2021\/06\/abelhas-dormem-abracadas-em-flores-1-768x962.jpg 768w\" sizes=\"auto, (max-width: 798px) 100vw, 798px\" \/><figcaption class=\"wp-block-jetpack-slideshow_caption gallery-caption\">A fotografia \u00e9 capaz de fazer suspirar at\u00e9 o mais insens\u00edvel dos seres humanos. D\u00e1 pra resistir? (Foto: Joe M. Neely) <\/figcaption><\/figure><\/li><li class=\"wp-block-jetpack-slideshow_slide swiper-slide\"><figure><img loading=\"lazy\" decoding=\"async\" width=\"1002\" height=\"1000\" alt=\"\" class=\"wp-block-jetpack-slideshow_image wp-image-19550\" data-id=\"19550\" src=\"https:\/\/jornalfatosenoticias.com.br\/wp-content\/uploads\/2021\/06\/abelhas-dormem-abracadas-em-flores-fotografo.jpg\" srcset=\"https:\/\/jornalfatosenoticias.com.br\/wp-content\/uploads\/2021\/06\/abelhas-dormem-abracadas-em-flores-fotografo.jpg 1002w, https:\/\/jornalfatosenoticias.com.br\/wp-content\/uploads\/2021\/06\/abelhas-dormem-abracadas-em-flores-fotografo-300x300.jpg 300w, https:\/\/jornalfatosenoticias.com.br\/wp-content\/uploads\/2021\/06\/abelhas-dormem-abracadas-em-flores-fotografo-150x150.jpg 150w, https:\/\/jornalfatosenoticias.com.br\/wp-content\/uploads\/2021\/06\/abelhas-dormem-abracadas-em-flores-fotografo-768x766.jpg 768w\" sizes=\"auto, (max-width: 1002px) 100vw, 1002px\" \/><figcaption class=\"wp-block-jetpack-slideshow_caption gallery-caption\">O fot\u00f3grafo de vida selvagem Joe Neely e sua c\u00e2mera (Foto: Joe M. Neely) <\/figcaption><\/figure><\/li><\/ul><a class=\"wp-block-jetpack-slideshow_button-prev swiper-button-prev swiper-button-white\" role=\"button\"><\/a><a class=\"wp-block-jetpack-slideshow_button-next swiper-button-next swiper-button-white\" role=\"button\"><\/a><a aria-label=\"Pause Slideshow\" class=\"wp-block-jetpack-slideshow_button-pause\" role=\"button\"><\/a><div class=\"wp-block-jetpack-slideshow_pagination swiper-pagination swiper-pagination-white\"><\/div><\/div><\/div>\n\n\n\n<p><strong><em>Fonte: <a href=\"https:\/\/territoriosecreto.com.br\/abelhas-dormem-abracadas-no-centro-de-uma-flor-e-o-registro-encanta-o-mundo\/\">Territ\u00f3rio Secreto<\/a><\/em><\/strong><\/p>\n","protected":false},"excerpt":{"rendered":"<p>A lente da c\u00e2mera do fot\u00f3grafo de vida selvagem Joe Neely foi respons\u00e1vel por registrar uma cena que atinge os mais altos n\u00edveis de fofura. A fotografia, que \u00e9 capaz de fazer suspirar at\u00e9 o mais insens\u00edvel dos seres humanos, retrata duas simp\u00e1ticas abelhas dormindo abra\u00e7adinhas no centro de uma flor. D\u00e1 pra resistir?A hist\u00f3ria [&hellip;]<\/p>\n","protected":false},"author":2,"featured_media":19551,"comment_status":"open","ping_status":"open","sticky":false,"template":"","format":"standard","meta":{"footnotes":""},"categories":[5],"tags":[59,64,1262,9589],"class_list":["post-19547","post","type-post","status-publish","format-standard","has-post-thumbnail","hentry","category-geral","tag-abelhas","tag-flor","tag-fofura","tag-joe-neely"],"yoast_head":"<!-- This site is optimized with the Yoast SEO plugin v26.5 - https:\/\/yoast.com\/wordpress\/plugins\/seo\/ -->\n<title>Abelhas dormem abra\u00e7adas no centro de uma flor e o registro encanta o mundo - Jornal Fatos e Not\u00edcias<\/title>\n<meta name=\"robots\" content=\"index, follow, max-snippet:-1, max-image-preview:large, max-video-preview:-1\" \/>\n<link rel=\"canonical\" href=\"https:\/\/jornalfatosenoticias.com.br\/index.php\/2021\/06\/17\/abelhas-dormem-abracadas-no-centro-de-uma-flor-e-o-registro-encanta-o-mundo\/\" \/>\n<meta property=\"og:locale\" content=\"pt_BR\" \/>\n<meta property=\"og:type\" content=\"article\" \/>\n<meta property=\"og:title\" content=\"Abelhas dormem abra\u00e7adas no centro de uma flor e o registro encanta o mundo - Jornal Fatos e Not\u00edcias\" \/>\n<meta property=\"og:description\" content=\"A lente da c\u00e2mera do fot\u00f3grafo de vida selvagem Joe Neely foi respons\u00e1vel por registrar uma cena que atinge os mais altos n\u00edveis de fofura. A fotografia, que \u00e9 capaz de fazer suspirar at\u00e9 o mais insens\u00edvel dos seres humanos, retrata duas simp\u00e1ticas abelhas dormindo abra\u00e7adinhas no centro de uma flor. D\u00e1 pra resistir?A hist\u00f3ria [&hellip;]\" \/>\n<meta property=\"og:url\" content=\"https:\/\/jornalfatosenoticias.com.br\/index.php\/2021\/06\/17\/abelhas-dormem-abracadas-no-centro-de-uma-flor-e-o-registro-encanta-o-mundo\/\" \/>\n<meta property=\"og:site_name\" content=\"Jornal Fatos e Not\u00edcias\" \/>\n<meta property=\"article:published_time\" content=\"2021-06-17T22:12:49+00:00\" \/>\n<meta property=\"article:modified_time\" content=\"2021-06-17T22:12:53+00:00\" \/>\n<meta property=\"og:image\" content=\"https:\/\/jornalfatosenoticias.com.br\/wp-content\/uploads\/2021\/06\/abelhas-dormem-em-flores-2.jpg\" \/>\n\t<meta property=\"og:image:width\" content=\"1000\" \/>\n\t<meta property=\"og:image:height\" content=\"711\" \/>\n\t<meta property=\"og:image:type\" content=\"image\/jpeg\" \/>\n<meta name=\"author\" content=\"Luzimara Fernandes\" \/>\n<meta name=\"twitter:card\" content=\"summary_large_image\" \/>\n<meta name=\"twitter:label1\" content=\"Escrito por\" \/>\n\t<meta name=\"twitter:data1\" content=\"Luzimara Fernandes\" \/>\n\t<meta name=\"twitter:label2\" content=\"Est. tempo de leitura\" \/>\n\t<meta name=\"twitter:data2\" content=\"2 minutos\" \/>\n<script type=\"application\/ld+json\" class=\"yoast-schema-graph\">{\"@context\":\"https:\/\/schema.org\",\"@graph\":[{\"@type\":\"Article\",\"@id\":\"https:\/\/jornalfatosenoticias.com.br\/index.php\/2021\/06\/17\/abelhas-dormem-abracadas-no-centro-de-uma-flor-e-o-registro-encanta-o-mundo\/#article\",\"isPartOf\":{\"@id\":\"https:\/\/jornalfatosenoticias.com.br\/index.php\/2021\/06\/17\/abelhas-dormem-abracadas-no-centro-de-uma-flor-e-o-registro-encanta-o-mundo\/\"},\"author\":{\"name\":\"Luzimara Fernandes\",\"@id\":\"https:\/\/jornalfatosenoticias.com.br\/#\/schema\/person\/d63837fa13ac8666eb9e74e0985d6f81\"},\"headline\":\"Abelhas dormem abra\u00e7adas no centro de uma flor e o registro encanta o mundo\",\"datePublished\":\"2021-06-17T22:12:49+00:00\",\"dateModified\":\"2021-06-17T22:12:53+00:00\",\"mainEntityOfPage\":{\"@id\":\"https:\/\/jornalfatosenoticias.com.br\/index.php\/2021\/06\/17\/abelhas-dormem-abracadas-no-centro-de-uma-flor-e-o-registro-encanta-o-mundo\/\"},\"wordCount\":412,\"commentCount\":0,\"publisher\":{\"@id\":\"https:\/\/jornalfatosenoticias.com.br\/#organization\"},\"image\":{\"@id\":\"https:\/\/jornalfatosenoticias.com.br\/index.php\/2021\/06\/17\/abelhas-dormem-abracadas-no-centro-de-uma-flor-e-o-registro-encanta-o-mundo\/#primaryimage\"},\"thumbnailUrl\":\"https:\/\/jornalfatosenoticias.com.br\/wp-content\/uploads\/2021\/06\/abelhas-dormem-em-flores-2.jpg\",\"keywords\":[\"abelhas\",\"flor\",\"fofura\",\"Joe Neely\"],\"articleSection\":[\"Geral\"],\"inLanguage\":\"pt-BR\",\"potentialAction\":[{\"@type\":\"CommentAction\",\"name\":\"Comment\",\"target\":[\"https:\/\/jornalfatosenoticias.com.br\/index.php\/2021\/06\/17\/abelhas-dormem-abracadas-no-centro-de-uma-flor-e-o-registro-encanta-o-mundo\/#respond\"]}]},{\"@type\":\"WebPage\",\"@id\":\"https:\/\/jornalfatosenoticias.com.br\/index.php\/2021\/06\/17\/abelhas-dormem-abracadas-no-centro-de-uma-flor-e-o-registro-encanta-o-mundo\/\",\"url\":\"https:\/\/jornalfatosenoticias.com.br\/index.php\/2021\/06\/17\/abelhas-dormem-abracadas-no-centro-de-uma-flor-e-o-registro-encanta-o-mundo\/\",\"name\":\"Abelhas dormem abra\u00e7adas no centro de uma flor e o registro encanta o mundo - Jornal Fatos e Not\u00edcias\",\"isPartOf\":{\"@id\":\"https:\/\/jornalfatosenoticias.com.br\/#website\"},\"primaryImageOfPage\":{\"@id\":\"https:\/\/jornalfatosenoticias.com.br\/index.php\/2021\/06\/17\/abelhas-dormem-abracadas-no-centro-de-uma-flor-e-o-registro-encanta-o-mundo\/#primaryimage\"},\"image\":{\"@id\":\"https:\/\/jornalfatosenoticias.com.br\/index.php\/2021\/06\/17\/abelhas-dormem-abracadas-no-centro-de-uma-flor-e-o-registro-encanta-o-mundo\/#primaryimage\"},\"thumbnailUrl\":\"https:\/\/jornalfatosenoticias.com.br\/wp-content\/uploads\/2021\/06\/abelhas-dormem-em-flores-2.jpg\",\"datePublished\":\"2021-06-17T22:12:49+00:00\",\"dateModified\":\"2021-06-17T22:12:53+00:00\",\"breadcrumb\":{\"@id\":\"https:\/\/jornalfatosenoticias.com.br\/index.php\/2021\/06\/17\/abelhas-dormem-abracadas-no-centro-de-uma-flor-e-o-registro-encanta-o-mundo\/#breadcrumb\"},\"inLanguage\":\"pt-BR\",\"potentialAction\":[{\"@type\":\"ReadAction\",\"target\":[\"https:\/\/jornalfatosenoticias.com.br\/index.php\/2021\/06\/17\/abelhas-dormem-abracadas-no-centro-de-uma-flor-e-o-registro-encanta-o-mundo\/\"]}]},{\"@type\":\"ImageObject\",\"inLanguage\":\"pt-BR\",\"@id\":\"https:\/\/jornalfatosenoticias.com.br\/index.php\/2021\/06\/17\/abelhas-dormem-abracadas-no-centro-de-uma-flor-e-o-registro-encanta-o-mundo\/#primaryimage\",\"url\":\"https:\/\/jornalfatosenoticias.com.br\/wp-content\/uploads\/2021\/06\/abelhas-dormem-em-flores-2.jpg\",\"contentUrl\":\"https:\/\/jornalfatosenoticias.com.br\/wp-content\/uploads\/2021\/06\/abelhas-dormem-em-flores-2.jpg\",\"width\":1000,\"height\":711},{\"@type\":\"BreadcrumbList\",\"@id\":\"https:\/\/jornalfatosenoticias.com.br\/index.php\/2021\/06\/17\/abelhas-dormem-abracadas-no-centro-de-uma-flor-e-o-registro-encanta-o-mundo\/#breadcrumb\",\"itemListElement\":[{\"@type\":\"ListItem\",\"position\":1,\"name\":\"In\u00edcio\",\"item\":\"https:\/\/jornalfatosenoticias.com.br\/\"},{\"@type\":\"ListItem\",\"position\":2,\"name\":\"Abelhas dormem abra\u00e7adas no centro de uma flor e o registro encanta o mundo\"}]},{\"@type\":\"WebSite\",\"@id\":\"https:\/\/jornalfatosenoticias.com.br\/#website\",\"url\":\"https:\/\/jornalfatosenoticias.com.br\/\",\"name\":\"Jornal Fatos e Not\u00edcias\",\"description\":\"Not\u00edcias em geral\",\"publisher\":{\"@id\":\"https:\/\/jornalfatosenoticias.com.br\/#organization\"},\"potentialAction\":[{\"@type\":\"SearchAction\",\"target\":{\"@type\":\"EntryPoint\",\"urlTemplate\":\"https:\/\/jornalfatosenoticias.com.br\/?s={search_term_string}\"},\"query-input\":{\"@type\":\"PropertyValueSpecification\",\"valueRequired\":true,\"valueName\":\"search_term_string\"}}],\"inLanguage\":\"pt-BR\"},{\"@type\":\"Organization\",\"@id\":\"https:\/\/jornalfatosenoticias.com.br\/#organization\",\"name\":\"Jornal Fatos e Not\u00edcias\",\"url\":\"https:\/\/jornalfatosenoticias.com.br\/\",\"logo\":{\"@type\":\"ImageObject\",\"inLanguage\":\"pt-BR\",\"@id\":\"https:\/\/jornalfatosenoticias.com.br\/#\/schema\/logo\/image\/\",\"url\":\"https:\/\/jornalfatosenoticias.com.br\/wp-content\/uploads\/2020\/02\/logo120.png\",\"contentUrl\":\"https:\/\/jornalfatosenoticias.com.br\/wp-content\/uploads\/2020\/02\/logo120.png\",\"width\":1227,\"height\":120,\"caption\":\"Jornal Fatos e Not\u00edcias\"},\"image\":{\"@id\":\"https:\/\/jornalfatosenoticias.com.br\/#\/schema\/logo\/image\/\"}},{\"@type\":\"Person\",\"@id\":\"https:\/\/jornalfatosenoticias.com.br\/#\/schema\/person\/d63837fa13ac8666eb9e74e0985d6f81\",\"name\":\"Luzimara Fernandes\",\"image\":{\"@type\":\"ImageObject\",\"inLanguage\":\"pt-BR\",\"@id\":\"https:\/\/jornalfatosenoticias.com.br\/#\/schema\/person\/image\/\",\"url\":\"https:\/\/jornalfatosenoticias.com.br\/wp-content\/uploads\/2025\/05\/EU_portal.jpg\",\"contentUrl\":\"https:\/\/jornalfatosenoticias.com.br\/wp-content\/uploads\/2025\/05\/EU_portal.jpg\",\"caption\":\"Luzimara Fernandes\"},\"description\":\"Jornalista MTB 2358-ES\",\"sameAs\":[\"https:\/\/jornalfatosenoticias.com.br\"],\"url\":\"https:\/\/jornalfatosenoticias.com.br\/index.php\/author\/luzimara\/\"}]}<\/script>\n<!-- \/ Yoast SEO plugin. -->","yoast_head_json":{"title":"Abelhas dormem abra\u00e7adas no centro de uma flor e o registro encanta o mundo - Jornal Fatos e Not\u00edcias","robots":{"index":"index","follow":"follow","max-snippet":"max-snippet:-1","max-image-preview":"max-image-preview:large","max-video-preview":"max-video-preview:-1"},"canonical":"https:\/\/jornalfatosenoticias.com.br\/index.php\/2021\/06\/17\/abelhas-dormem-abracadas-no-centro-de-uma-flor-e-o-registro-encanta-o-mundo\/","og_locale":"pt_BR","og_type":"article","og_title":"Abelhas dormem abra\u00e7adas no centro de uma flor e o registro encanta o mundo - Jornal Fatos e Not\u00edcias","og_description":"A lente da c\u00e2mera do fot\u00f3grafo de vida selvagem Joe Neely foi respons\u00e1vel por registrar uma cena que atinge os mais altos n\u00edveis de fofura. A fotografia, que \u00e9 capaz de fazer suspirar at\u00e9 o mais insens\u00edvel dos seres humanos, retrata duas simp\u00e1ticas abelhas dormindo abra\u00e7adinhas no centro de uma flor. D\u00e1 pra resistir?A hist\u00f3ria [&hellip;]","og_url":"https:\/\/jornalfatosenoticias.com.br\/index.php\/2021\/06\/17\/abelhas-dormem-abracadas-no-centro-de-uma-flor-e-o-registro-encanta-o-mundo\/","og_site_name":"Jornal Fatos e Not\u00edcias","article_published_time":"2021-06-17T22:12:49+00:00","article_modified_time":"2021-06-17T22:12:53+00:00","og_image":[{"width":1000,"height":711,"url":"https:\/\/jornalfatosenoticias.com.br\/wp-content\/uploads\/2021\/06\/abelhas-dormem-em-flores-2.jpg","type":"image\/jpeg"}],"author":"Luzimara Fernandes","twitter_card":"summary_large_image","twitter_misc":{"Escrito por":"Luzimara Fernandes","Est. tempo de leitura":"2 minutos"},"schema":{"@context":"https:\/\/schema.org","@graph":[{"@type":"Article","@id":"https:\/\/jornalfatosenoticias.com.br\/index.php\/2021\/06\/17\/abelhas-dormem-abracadas-no-centro-de-uma-flor-e-o-registro-encanta-o-mundo\/#article","isPartOf":{"@id":"https:\/\/jornalfatosenoticias.com.br\/index.php\/2021\/06\/17\/abelhas-dormem-abracadas-no-centro-de-uma-flor-e-o-registro-encanta-o-mundo\/"},"author":{"name":"Luzimara Fernandes","@id":"https:\/\/jornalfatosenoticias.com.br\/#\/schema\/person\/d63837fa13ac8666eb9e74e0985d6f81"},"headline":"Abelhas dormem abra\u00e7adas no centro de uma flor e o registro encanta o mundo","datePublished":"2021-06-17T22:12:49+00:00","dateModified":"2021-06-17T22:12:53+00:00","mainEntityOfPage":{"@id":"https:\/\/jornalfatosenoticias.com.br\/index.php\/2021\/06\/17\/abelhas-dormem-abracadas-no-centro-de-uma-flor-e-o-registro-encanta-o-mundo\/"},"wordCount":412,"commentCount":0,"publisher":{"@id":"https:\/\/jornalfatosenoticias.com.br\/#organization"},"image":{"@id":"https:\/\/jornalfatosenoticias.com.br\/index.php\/2021\/06\/17\/abelhas-dormem-abracadas-no-centro-de-uma-flor-e-o-registro-encanta-o-mundo\/#primaryimage"},"thumbnailUrl":"https:\/\/jornalfatosenoticias.com.br\/wp-content\/uploads\/2021\/06\/abelhas-dormem-em-flores-2.jpg","keywords":["abelhas","flor","fofura","Joe Neely"],"articleSection":["Geral"],"inLanguage":"pt-BR","potentialAction":[{"@type":"CommentAction","name":"Comment","target":["https:\/\/jornalfatosenoticias.com.br\/index.php\/2021\/06\/17\/abelhas-dormem-abracadas-no-centro-de-uma-flor-e-o-registro-encanta-o-mundo\/#respond"]}]},{"@type":"WebPage","@id":"https:\/\/jornalfatosenoticias.com.br\/index.php\/2021\/06\/17\/abelhas-dormem-abracadas-no-centro-de-uma-flor-e-o-registro-encanta-o-mundo\/","url":"https:\/\/jornalfatosenoticias.com.br\/index.php\/2021\/06\/17\/abelhas-dormem-abracadas-no-centro-de-uma-flor-e-o-registro-encanta-o-mundo\/","name":"Abelhas dormem abra\u00e7adas no centro de uma flor e o registro encanta o mundo - Jornal Fatos e Not\u00edcias","isPartOf":{"@id":"https:\/\/jornalfatosenoticias.com.br\/#website"},"primaryImageOfPage":{"@id":"https:\/\/jornalfatosenoticias.com.br\/index.php\/2021\/06\/17\/abelhas-dormem-abracadas-no-centro-de-uma-flor-e-o-registro-encanta-o-mundo\/#primaryimage"},"image":{"@id":"https:\/\/jornalfatosenoticias.com.br\/index.php\/2021\/06\/17\/abelhas-dormem-abracadas-no-centro-de-uma-flor-e-o-registro-encanta-o-mundo\/#primaryimage"},"thumbnailUrl":"https:\/\/jornalfatosenoticias.com.br\/wp-content\/uploads\/2021\/06\/abelhas-dormem-em-flores-2.jpg","datePublished":"2021-06-17T22:12:49+00:00","dateModified":"2021-06-17T22:12:53+00:00","breadcrumb":{"@id":"https:\/\/jornalfatosenoticias.com.br\/index.php\/2021\/06\/17\/abelhas-dormem-abracadas-no-centro-de-uma-flor-e-o-registro-encanta-o-mundo\/#breadcrumb"},"inLanguage":"pt-BR","potentialAction":[{"@type":"ReadAction","target":["https:\/\/jornalfatosenoticias.com.br\/index.php\/2021\/06\/17\/abelhas-dormem-abracadas-no-centro-de-uma-flor-e-o-registro-encanta-o-mundo\/"]}]},{"@type":"ImageObject","inLanguage":"pt-BR","@id":"https:\/\/jornalfatosenoticias.com.br\/index.php\/2021\/06\/17\/abelhas-dormem-abracadas-no-centro-de-uma-flor-e-o-registro-encanta-o-mundo\/#primaryimage","url":"https:\/\/jornalfatosenoticias.com.br\/wp-content\/uploads\/2021\/06\/abelhas-dormem-em-flores-2.jpg","contentUrl":"https:\/\/jornalfatosenoticias.com.br\/wp-content\/uploads\/2021\/06\/abelhas-dormem-em-flores-2.jpg","width":1000,"height":711},{"@type":"BreadcrumbList","@id":"https:\/\/jornalfatosenoticias.com.br\/index.php\/2021\/06\/17\/abelhas-dormem-abracadas-no-centro-de-uma-flor-e-o-registro-encanta-o-mundo\/#breadcrumb","itemListElement":[{"@type":"ListItem","position":1,"name":"In\u00edcio","item":"https:\/\/jornalfatosenoticias.com.br\/"},{"@type":"ListItem","position":2,"name":"Abelhas dormem abra\u00e7adas no centro de uma flor e o registro encanta o mundo"}]},{"@type":"WebSite","@id":"https:\/\/jornalfatosenoticias.com.br\/#website","url":"https:\/\/jornalfatosenoticias.com.br\/","name":"Jornal Fatos e Not\u00edcias","description":"Not\u00edcias em geral","publisher":{"@id":"https:\/\/jornalfatosenoticias.com.br\/#organization"},"potentialAction":[{"@type":"SearchAction","target":{"@type":"EntryPoint","urlTemplate":"https:\/\/jornalfatosenoticias.com.br\/?s={search_term_string}"},"query-input":{"@type":"PropertyValueSpecification","valueRequired":true,"valueName":"search_term_string"}}],"inLanguage":"pt-BR"},{"@type":"Organization","@id":"https:\/\/jornalfatosenoticias.com.br\/#organization","name":"Jornal Fatos e Not\u00edcias","url":"https:\/\/jornalfatosenoticias.com.br\/","logo":{"@type":"ImageObject","inLanguage":"pt-BR","@id":"https:\/\/jornalfatosenoticias.com.br\/#\/schema\/logo\/image\/","url":"https:\/\/jornalfatosenoticias.com.br\/wp-content\/uploads\/2020\/02\/logo120.png","contentUrl":"https:\/\/jornalfatosenoticias.com.br\/wp-content\/uploads\/2020\/02\/logo120.png","width":1227,"height":120,"caption":"Jornal Fatos e Not\u00edcias"},"image":{"@id":"https:\/\/jornalfatosenoticias.com.br\/#\/schema\/logo\/image\/"}},{"@type":"Person","@id":"https:\/\/jornalfatosenoticias.com.br\/#\/schema\/person\/d63837fa13ac8666eb9e74e0985d6f81","name":"Luzimara Fernandes","image":{"@type":"ImageObject","inLanguage":"pt-BR","@id":"https:\/\/jornalfatosenoticias.com.br\/#\/schema\/person\/image\/","url":"https:\/\/jornalfatosenoticias.com.br\/wp-content\/uploads\/2025\/05\/EU_portal.jpg","contentUrl":"https:\/\/jornalfatosenoticias.com.br\/wp-content\/uploads\/2025\/05\/EU_portal.jpg","caption":"Luzimara Fernandes"},"description":"Jornalista MTB 2358-ES","sameAs":["https:\/\/jornalfatosenoticias.com.br"],"url":"https:\/\/jornalfatosenoticias.com.br\/index.php\/author\/luzimara\/"}]}},"cc_featured_image_caption":{"caption_text":"Fofura! (Foto: Joe M. Neely) ","source_text":"","source_url":""},"jetpack_featured_media_url":"https:\/\/jornalfatosenoticias.com.br\/wp-content\/uploads\/2021\/06\/abelhas-dormem-em-flores-2.jpg","_links":{"self":[{"href":"https:\/\/jornalfatosenoticias.com.br\/index.php\/wp-json\/wp\/v2\/posts\/19547","targetHints":{"allow":["GET"]}}],"collection":[{"href":"https:\/\/jornalfatosenoticias.com.br\/index.php\/wp-json\/wp\/v2\/posts"}],"about":[{"href":"https:\/\/jornalfatosenoticias.com.br\/index.php\/wp-json\/wp\/v2\/types\/post"}],"author":[{"embeddable":true,"href":"https:\/\/jornalfatosenoticias.com.br\/index.php\/wp-json\/wp\/v2\/users\/2"}],"replies":[{"embeddable":true,"href":"https:\/\/jornalfatosenoticias.com.br\/index.php\/wp-json\/wp\/v2\/comments?post=19547"}],"version-history":[{"count":0,"href":"https:\/\/jornalfatosenoticias.com.br\/index.php\/wp-json\/wp\/v2\/posts\/19547\/revisions"}],"wp:featuredmedia":[{"embeddable":true,"href":"https:\/\/jornalfatosenoticias.com.br\/index.php\/wp-json\/wp\/v2\/media\/19551"}],"wp:attachment":[{"href":"https:\/\/jornalfatosenoticias.com.br\/index.php\/wp-json\/wp\/v2\/media?parent=19547"}],"wp:term":[{"taxonomy":"category","embeddable":true,"href":"https:\/\/jornalfatosenoticias.com.br\/index.php\/wp-json\/wp\/v2\/categories?post=19547"},{"taxonomy":"post_tag","embeddable":true,"href":"https:\/\/jornalfatosenoticias.com.br\/index.php\/wp-json\/wp\/v2\/tags?post=19547"}],"curies":[{"name":"wp","href":"https:\/\/api.w.org\/{rel}","templated":true}]}}