{"id":1962,"date":"2020-03-11T14:49:50","date_gmt":"2020-03-11T17:49:50","guid":{"rendered":"https:\/\/jornalfatosenoticias.com.br\/?p=1962"},"modified":"2020-03-11T14:49:55","modified_gmt":"2020-03-11T17:49:55","slug":"governador-participa-de-inauguracao-de-usina-solar-em-linhares","status":"publish","type":"post","link":"https:\/\/jornalfatosenoticias.com.br\/index.php\/2020\/03\/11\/governador-participa-de-inauguracao-de-usina-solar-em-linhares\/","title":{"rendered":"Governador participa de inaugura\u00e7\u00e3o de usina solar em Linhares"},"content":{"rendered":"\n<h6 class=\"wp-block-heading\"><em>A usina solar \u00e9 composta por 3.780 m\u00f3dulos fotovoltaicos distribu\u00eddos em uma \u00e1rea de cerca de 40 mil metros quadrados, aproximadamente o tamanho de seis campos de futebol<\/em><\/h6>\n\n\n\n<p>O governador do Estado, Renato Casagrande, participou, na manh\u00e3 de ontem (10), da inaugura\u00e7\u00e3o da usina fotovoltaica da Brametal, no munic\u00edpio de Linhares. A planta gera 2.489 megawatt-hora (MWh) por ano, suficiente para abastecer mais de mil resid\u00eancias por m\u00eas. A expectativa \u00e9 de que a usina reduza os custos da empresa em R$ 360 mil por ano.<br>\nA usina solar \u00e9 composta por 3.780 m\u00f3dulos fotovoltaicos distribu\u00eddos em uma \u00e1rea de cerca de 40 mil metros quadrados, aproximadamente o tamanho de seis campos de futebol. Conta ainda com a tecnologia de tracking, na qual os m\u00f3dulos se movem de acordo com as mudan\u00e7as no \u00e2ngulo dos raios solares para um maior aproveitamento da irradia\u00e7\u00e3o. A energia gerada na unidade evitar\u00e1 a emiss\u00e3o de 260 toneladas de CO2, o que equivale ao plantio de 1.925 \u00e1rvores.<br>\nEm sua fala, o governador destacou a import\u00e2ncia de investimentos em energia limpa, sustent\u00e1vel e renov\u00e1vel. \u201c\u00c9 bom participar dessa inaugura\u00e7\u00e3o, que vai na dire\u00e7\u00e3o contr\u00e1ria ao des\u00e2nimo que estamos vivendo. Ao mesmo tempo mostra que devemos ter crescimento com sustentabilidade. Quando a gente aproveita a energia solar, temos uma demonstra\u00e7\u00e3o clara da gera\u00e7\u00e3o de energia n\u00e3o agressiva. O desequil\u00edbrio ambiental foi causado pelo crescimento sem controle do homem\u201d, disse.<br>\nCasagrande destacou que a tecnologia das placas que acompanham a dire\u00e7\u00e3o do sol pode ser exportada para outros estados e pa\u00edses. \u201cN\u00e3o existe caminho sem inova\u00e7\u00e3o para criarmos um mundo mais sustent\u00e1vel. Linhares tem sido um porto onde as empresas est\u00e3o ancorando seus projetos. A cidade passou a ser uma locomotiva do desenvolvimento do Estado\u201d, frisou o governador.<\/p>\n\n\n\n<h4 class=\"wp-block-heading\">Planta Solar<\/h4>\n\n\n\n<figure class=\"wp-block-image size-large\"><img loading=\"lazy\" decoding=\"async\" width=\"1024\" height=\"663\" src=\"https:\/\/jornalfatosenoticias.com.br\/wp-content\/uploads\/2020\/03\/usina-solar_Linhares-1024x663.jpeg\" alt=\"\" class=\"wp-image-1963\" srcset=\"https:\/\/jornalfatosenoticias.com.br\/wp-content\/uploads\/2020\/03\/usina-solar_Linhares-1024x663.jpeg 1024w, https:\/\/jornalfatosenoticias.com.br\/wp-content\/uploads\/2020\/03\/usina-solar_Linhares-300x194.jpeg 300w, https:\/\/jornalfatosenoticias.com.br\/wp-content\/uploads\/2020\/03\/usina-solar_Linhares-768x497.jpeg 768w, https:\/\/jornalfatosenoticias.com.br\/wp-content\/uploads\/2020\/03\/usina-solar_Linhares-880x570.jpeg 880w, https:\/\/jornalfatosenoticias.com.br\/wp-content\/uploads\/2020\/03\/usina-solar_Linhares.jpeg 1100w\" sizes=\"auto, (max-width: 1024px) 100vw, 1024px\" \/><figcaption><em>Usina fotovoltaica da Brametal, em Linhares \u2013 ES (Foto: Ascom Governo do ES)<\/em><\/figcaption><\/figure>\n\n\n\n<p>A Brametal tem uma das maiores f\u00e1bricas do mundo em produ\u00e7\u00e3o de estruturas met\u00e1licas galvanizadas a fogo para gera\u00e7\u00e3o e transmiss\u00e3o de energia el\u00e9trica, telecomunica\u00e7\u00f5es e gera\u00e7\u00e3o de energias renov\u00e1veis a partir de fontes e\u00f3lica e fotovoltaica.<br>\n\u201cCom essa planta solar, a EDP entrega \u00e0 Brametal uma solu\u00e7\u00e3o que combina efici\u00eancia energ\u00e9tica e sustentabilidade, rendendo ganhos financeiros e ambientais. Trata-se de um dos maiores empreendimentos do g\u00eanero no Esp\u00edrito Santo, contribuindo para refor\u00e7ar a posi\u00e7\u00e3o do Estado no segmento das energias renov\u00e1veis\u201d, destaca Carlos Andrade, vice-presidente de Estrat\u00e9gia e Novos Neg\u00f3cios da EDP Brasil.<br>\n\u201cAl\u00e9m do ganho em sustentabilidade, temos orgulho em contar que esse \u00e9 o primeiro Parque Solar do Esp\u00edrito Santo com o uso de seguidor solar, tracker, e com tecnologia comparada \u00e0s utilizadas em Usinas Solares Fotovoltaicas para Gera\u00e7\u00e3o Centralizada de Energia El\u00e9trica, ou seja, UFV com mais de 5 MW. Como empresa tradicional no fornecimento de produtos para gera\u00e7\u00e3o e transmiss\u00e3o de energia el\u00e9trica, queremos participar deste crescente mercado. E ao unirmos expertises, a partir de agora, poderemos demonstrar na pr\u00e1tica aos nossos clientes que temos a melhor tecnologia, que \u00e9 100% nacional, para produzir o que o mercado precisa com a qualidade e prazos que conquistaram a confian\u00e7a dos clientes nos quase 45 anos de atua\u00e7\u00e3o da Brametal\u201d, afirma Alexandre Schmidt, diretor comercial e marketing da Brametal.<br>\nParticiparam da solenidade, o prefeito de Linhares, Guerino Zanon; o deputado estadual Marcos Garcia; representantes das empresas; vereadores e lideran\u00e7as locais.<\/p>\n\n\n\n<p><strong><em>Fonte: <a href=\"https:\/\/www.es.gov.br\/Noticia\/governador-participa-de-inauguracao-de-usina-solar-em-linhares#prettyPhoto\">Governo do ES<\/a><\/em><\/strong><\/p>\n","protected":false},"excerpt":{"rendered":"<p>A usina solar \u00e9 composta por 3.780 m\u00f3dulos fotovoltaicos distribu\u00eddos em uma \u00e1rea de cerca de 40 mil metros quadrados, aproximadamente o tamanho de seis campos de futebol O governador do Estado, Renato Casagrande, participou, na manh\u00e3 de ontem (10), da inaugura\u00e7\u00e3o da usina fotovoltaica da Brametal, no munic\u00edpio de Linhares. A planta gera 2.489 [&hellip;]<\/p>\n","protected":false},"author":2,"featured_media":1964,"comment_status":"open","ping_status":"open","sticky":false,"template":"","format":"standard","meta":{"footnotes":""},"categories":[10],"tags":[534,537,536,535,533],"class_list":["post-1962","post","type-post","status-publish","format-standard","has-post-thumbnail","hentry","category-politica","tag-co2","tag-edp","tag-eolica","tag-fotovoltaica","tag-usina-solar"],"yoast_head":"<!-- This site is optimized with the Yoast SEO plugin v26.5 - https:\/\/yoast.com\/wordpress\/plugins\/seo\/ -->\n<title>Governador participa de inaugura\u00e7\u00e3o de usina solar em Linhares - Jornal Fatos e Not\u00edcias<\/title>\n<meta name=\"robots\" content=\"index, follow, max-snippet:-1, max-image-preview:large, max-video-preview:-1\" \/>\n<link rel=\"canonical\" href=\"https:\/\/jornalfatosenoticias.com.br\/index.php\/2020\/03\/11\/governador-participa-de-inauguracao-de-usina-solar-em-linhares\/\" \/>\n<meta property=\"og:locale\" content=\"pt_BR\" \/>\n<meta property=\"og:type\" content=\"article\" \/>\n<meta property=\"og:title\" content=\"Governador participa de inaugura\u00e7\u00e3o de usina solar em Linhares - Jornal Fatos e Not\u00edcias\" \/>\n<meta property=\"og:description\" content=\"A usina solar \u00e9 composta por 3.780 m\u00f3dulos fotovoltaicos distribu\u00eddos em uma \u00e1rea de cerca de 40 mil metros quadrados, aproximadamente o tamanho de seis campos de futebol O governador do Estado, Renato Casagrande, participou, na manh\u00e3 de ontem (10), da inaugura\u00e7\u00e3o da usina fotovoltaica da Brametal, no munic\u00edpio de Linhares. A planta gera 2.489 [&hellip;]\" \/>\n<meta property=\"og:url\" content=\"https:\/\/jornalfatosenoticias.com.br\/index.php\/2020\/03\/11\/governador-participa-de-inauguracao-de-usina-solar-em-linhares\/\" \/>\n<meta property=\"og:site_name\" content=\"Jornal Fatos e Not\u00edcias\" \/>\n<meta property=\"article:published_time\" content=\"2020-03-11T17:49:50+00:00\" \/>\n<meta property=\"article:modified_time\" content=\"2020-03-11T17:49:55+00:00\" \/>\n<meta property=\"og:image\" content=\"https:\/\/jornalfatosenoticias.com.br\/wp-content\/uploads\/2020\/03\/Governador-participa-de-inauguracao-de-usina-solar-em-Linhares.jpeg\" \/>\n\t<meta property=\"og:image:width\" content=\"980\" \/>\n\t<meta property=\"og:image:height\" content=\"615\" \/>\n\t<meta property=\"og:image:type\" content=\"image\/jpeg\" \/>\n<meta name=\"author\" content=\"Luzimara Fernandes\" \/>\n<meta name=\"twitter:card\" content=\"summary_large_image\" \/>\n<meta name=\"twitter:label1\" content=\"Escrito por\" \/>\n\t<meta name=\"twitter:data1\" content=\"Luzimara Fernandes\" \/>\n\t<meta name=\"twitter:label2\" content=\"Est. tempo de leitura\" \/>\n\t<meta name=\"twitter:data2\" content=\"3 minutos\" \/>\n<script type=\"application\/ld+json\" class=\"yoast-schema-graph\">{\"@context\":\"https:\/\/schema.org\",\"@graph\":[{\"@type\":\"Article\",\"@id\":\"https:\/\/jornalfatosenoticias.com.br\/index.php\/2020\/03\/11\/governador-participa-de-inauguracao-de-usina-solar-em-linhares\/#article\",\"isPartOf\":{\"@id\":\"https:\/\/jornalfatosenoticias.com.br\/index.php\/2020\/03\/11\/governador-participa-de-inauguracao-de-usina-solar-em-linhares\/\"},\"author\":{\"name\":\"Luzimara Fernandes\",\"@id\":\"https:\/\/jornalfatosenoticias.com.br\/#\/schema\/person\/d63837fa13ac8666eb9e74e0985d6f81\"},\"headline\":\"Governador participa de inaugura\u00e7\u00e3o de usina solar em Linhares\",\"datePublished\":\"2020-03-11T17:49:50+00:00\",\"dateModified\":\"2020-03-11T17:49:55+00:00\",\"mainEntityOfPage\":{\"@id\":\"https:\/\/jornalfatosenoticias.com.br\/index.php\/2020\/03\/11\/governador-participa-de-inauguracao-de-usina-solar-em-linhares\/\"},\"wordCount\":604,\"commentCount\":0,\"publisher\":{\"@id\":\"https:\/\/jornalfatosenoticias.com.br\/#organization\"},\"image\":{\"@id\":\"https:\/\/jornalfatosenoticias.com.br\/index.php\/2020\/03\/11\/governador-participa-de-inauguracao-de-usina-solar-em-linhares\/#primaryimage\"},\"thumbnailUrl\":\"https:\/\/jornalfatosenoticias.com.br\/wp-content\/uploads\/2020\/03\/Governador-participa-de-inauguracao-de-usina-solar-em-Linhares.jpeg\",\"keywords\":[\"CO2\",\"EDP\",\"e\u00f3lica\",\"fotovoltaica\",\"usina solar\"],\"articleSection\":[\"Pol\u00edtica\"],\"inLanguage\":\"pt-BR\",\"potentialAction\":[{\"@type\":\"CommentAction\",\"name\":\"Comment\",\"target\":[\"https:\/\/jornalfatosenoticias.com.br\/index.php\/2020\/03\/11\/governador-participa-de-inauguracao-de-usina-solar-em-linhares\/#respond\"]}]},{\"@type\":\"WebPage\",\"@id\":\"https:\/\/jornalfatosenoticias.com.br\/index.php\/2020\/03\/11\/governador-participa-de-inauguracao-de-usina-solar-em-linhares\/\",\"url\":\"https:\/\/jornalfatosenoticias.com.br\/index.php\/2020\/03\/11\/governador-participa-de-inauguracao-de-usina-solar-em-linhares\/\",\"name\":\"Governador participa de inaugura\u00e7\u00e3o de usina solar em Linhares - Jornal Fatos e Not\u00edcias\",\"isPartOf\":{\"@id\":\"https:\/\/jornalfatosenoticias.com.br\/#website\"},\"primaryImageOfPage\":{\"@id\":\"https:\/\/jornalfatosenoticias.com.br\/index.php\/2020\/03\/11\/governador-participa-de-inauguracao-de-usina-solar-em-linhares\/#primaryimage\"},\"image\":{\"@id\":\"https:\/\/jornalfatosenoticias.com.br\/index.php\/2020\/03\/11\/governador-participa-de-inauguracao-de-usina-solar-em-linhares\/#primaryimage\"},\"thumbnailUrl\":\"https:\/\/jornalfatosenoticias.com.br\/wp-content\/uploads\/2020\/03\/Governador-participa-de-inauguracao-de-usina-solar-em-Linhares.jpeg\",\"datePublished\":\"2020-03-11T17:49:50+00:00\",\"dateModified\":\"2020-03-11T17:49:55+00:00\",\"breadcrumb\":{\"@id\":\"https:\/\/jornalfatosenoticias.com.br\/index.php\/2020\/03\/11\/governador-participa-de-inauguracao-de-usina-solar-em-linhares\/#breadcrumb\"},\"inLanguage\":\"pt-BR\",\"potentialAction\":[{\"@type\":\"ReadAction\",\"target\":[\"https:\/\/jornalfatosenoticias.com.br\/index.php\/2020\/03\/11\/governador-participa-de-inauguracao-de-usina-solar-em-linhares\/\"]}]},{\"@type\":\"ImageObject\",\"inLanguage\":\"pt-BR\",\"@id\":\"https:\/\/jornalfatosenoticias.com.br\/index.php\/2020\/03\/11\/governador-participa-de-inauguracao-de-usina-solar-em-linhares\/#primaryimage\",\"url\":\"https:\/\/jornalfatosenoticias.com.br\/wp-content\/uploads\/2020\/03\/Governador-participa-de-inauguracao-de-usina-solar-em-Linhares.jpeg\",\"contentUrl\":\"https:\/\/jornalfatosenoticias.com.br\/wp-content\/uploads\/2020\/03\/Governador-participa-de-inauguracao-de-usina-solar-em-Linhares.jpeg\",\"width\":980,\"height\":615},{\"@type\":\"BreadcrumbList\",\"@id\":\"https:\/\/jornalfatosenoticias.com.br\/index.php\/2020\/03\/11\/governador-participa-de-inauguracao-de-usina-solar-em-linhares\/#breadcrumb\",\"itemListElement\":[{\"@type\":\"ListItem\",\"position\":1,\"name\":\"In\u00edcio\",\"item\":\"https:\/\/jornalfatosenoticias.com.br\/\"},{\"@type\":\"ListItem\",\"position\":2,\"name\":\"Governador participa de inaugura\u00e7\u00e3o de usina solar em Linhares\"}]},{\"@type\":\"WebSite\",\"@id\":\"https:\/\/jornalfatosenoticias.com.br\/#website\",\"url\":\"https:\/\/jornalfatosenoticias.com.br\/\",\"name\":\"Jornal Fatos e Not\u00edcias\",\"description\":\"Not\u00edcias em geral\",\"publisher\":{\"@id\":\"https:\/\/jornalfatosenoticias.com.br\/#organization\"},\"potentialAction\":[{\"@type\":\"SearchAction\",\"target\":{\"@type\":\"EntryPoint\",\"urlTemplate\":\"https:\/\/jornalfatosenoticias.com.br\/?s={search_term_string}\"},\"query-input\":{\"@type\":\"PropertyValueSpecification\",\"valueRequired\":true,\"valueName\":\"search_term_string\"}}],\"inLanguage\":\"pt-BR\"},{\"@type\":\"Organization\",\"@id\":\"https:\/\/jornalfatosenoticias.com.br\/#organization\",\"name\":\"Jornal Fatos e Not\u00edcias\",\"url\":\"https:\/\/jornalfatosenoticias.com.br\/\",\"logo\":{\"@type\":\"ImageObject\",\"inLanguage\":\"pt-BR\",\"@id\":\"https:\/\/jornalfatosenoticias.com.br\/#\/schema\/logo\/image\/\",\"url\":\"https:\/\/jornalfatosenoticias.com.br\/wp-content\/uploads\/2020\/02\/logo120.png\",\"contentUrl\":\"https:\/\/jornalfatosenoticias.com.br\/wp-content\/uploads\/2020\/02\/logo120.png\",\"width\":1227,\"height\":120,\"caption\":\"Jornal Fatos e Not\u00edcias\"},\"image\":{\"@id\":\"https:\/\/jornalfatosenoticias.com.br\/#\/schema\/logo\/image\/\"}},{\"@type\":\"Person\",\"@id\":\"https:\/\/jornalfatosenoticias.com.br\/#\/schema\/person\/d63837fa13ac8666eb9e74e0985d6f81\",\"name\":\"Luzimara Fernandes\",\"image\":{\"@type\":\"ImageObject\",\"inLanguage\":\"pt-BR\",\"@id\":\"https:\/\/jornalfatosenoticias.com.br\/#\/schema\/person\/image\/\",\"url\":\"https:\/\/jornalfatosenoticias.com.br\/wp-content\/uploads\/2025\/05\/EU_portal.jpg\",\"contentUrl\":\"https:\/\/jornalfatosenoticias.com.br\/wp-content\/uploads\/2025\/05\/EU_portal.jpg\",\"caption\":\"Luzimara Fernandes\"},\"description\":\"Jornalista MTB 2358-ES\",\"sameAs\":[\"https:\/\/jornalfatosenoticias.com.br\"],\"url\":\"https:\/\/jornalfatosenoticias.com.br\/index.php\/author\/luzimara\/\"}]}<\/script>\n<!-- \/ Yoast SEO plugin. -->","yoast_head_json":{"title":"Governador participa de inaugura\u00e7\u00e3o de usina solar em Linhares - Jornal Fatos e Not\u00edcias","robots":{"index":"index","follow":"follow","max-snippet":"max-snippet:-1","max-image-preview":"max-image-preview:large","max-video-preview":"max-video-preview:-1"},"canonical":"https:\/\/jornalfatosenoticias.com.br\/index.php\/2020\/03\/11\/governador-participa-de-inauguracao-de-usina-solar-em-linhares\/","og_locale":"pt_BR","og_type":"article","og_title":"Governador participa de inaugura\u00e7\u00e3o de usina solar em Linhares - Jornal Fatos e Not\u00edcias","og_description":"A usina solar \u00e9 composta por 3.780 m\u00f3dulos fotovoltaicos distribu\u00eddos em uma \u00e1rea de cerca de 40 mil metros quadrados, aproximadamente o tamanho de seis campos de futebol O governador do Estado, Renato Casagrande, participou, na manh\u00e3 de ontem (10), da inaugura\u00e7\u00e3o da usina fotovoltaica da Brametal, no munic\u00edpio de Linhares. A planta gera 2.489 [&hellip;]","og_url":"https:\/\/jornalfatosenoticias.com.br\/index.php\/2020\/03\/11\/governador-participa-de-inauguracao-de-usina-solar-em-linhares\/","og_site_name":"Jornal Fatos e Not\u00edcias","article_published_time":"2020-03-11T17:49:50+00:00","article_modified_time":"2020-03-11T17:49:55+00:00","og_image":[{"width":980,"height":615,"url":"https:\/\/jornalfatosenoticias.com.br\/wp-content\/uploads\/2020\/03\/Governador-participa-de-inauguracao-de-usina-solar-em-Linhares.jpeg","type":"image\/jpeg"}],"author":"Luzimara Fernandes","twitter_card":"summary_large_image","twitter_misc":{"Escrito por":"Luzimara Fernandes","Est. tempo de leitura":"3 minutos"},"schema":{"@context":"https:\/\/schema.org","@graph":[{"@type":"Article","@id":"https:\/\/jornalfatosenoticias.com.br\/index.php\/2020\/03\/11\/governador-participa-de-inauguracao-de-usina-solar-em-linhares\/#article","isPartOf":{"@id":"https:\/\/jornalfatosenoticias.com.br\/index.php\/2020\/03\/11\/governador-participa-de-inauguracao-de-usina-solar-em-linhares\/"},"author":{"name":"Luzimara Fernandes","@id":"https:\/\/jornalfatosenoticias.com.br\/#\/schema\/person\/d63837fa13ac8666eb9e74e0985d6f81"},"headline":"Governador participa de inaugura\u00e7\u00e3o de usina solar em Linhares","datePublished":"2020-03-11T17:49:50+00:00","dateModified":"2020-03-11T17:49:55+00:00","mainEntityOfPage":{"@id":"https:\/\/jornalfatosenoticias.com.br\/index.php\/2020\/03\/11\/governador-participa-de-inauguracao-de-usina-solar-em-linhares\/"},"wordCount":604,"commentCount":0,"publisher":{"@id":"https:\/\/jornalfatosenoticias.com.br\/#organization"},"image":{"@id":"https:\/\/jornalfatosenoticias.com.br\/index.php\/2020\/03\/11\/governador-participa-de-inauguracao-de-usina-solar-em-linhares\/#primaryimage"},"thumbnailUrl":"https:\/\/jornalfatosenoticias.com.br\/wp-content\/uploads\/2020\/03\/Governador-participa-de-inauguracao-de-usina-solar-em-Linhares.jpeg","keywords":["CO2","EDP","e\u00f3lica","fotovoltaica","usina solar"],"articleSection":["Pol\u00edtica"],"inLanguage":"pt-BR","potentialAction":[{"@type":"CommentAction","name":"Comment","target":["https:\/\/jornalfatosenoticias.com.br\/index.php\/2020\/03\/11\/governador-participa-de-inauguracao-de-usina-solar-em-linhares\/#respond"]}]},{"@type":"WebPage","@id":"https:\/\/jornalfatosenoticias.com.br\/index.php\/2020\/03\/11\/governador-participa-de-inauguracao-de-usina-solar-em-linhares\/","url":"https:\/\/jornalfatosenoticias.com.br\/index.php\/2020\/03\/11\/governador-participa-de-inauguracao-de-usina-solar-em-linhares\/","name":"Governador participa de inaugura\u00e7\u00e3o de usina solar em Linhares - Jornal Fatos e Not\u00edcias","isPartOf":{"@id":"https:\/\/jornalfatosenoticias.com.br\/#website"},"primaryImageOfPage":{"@id":"https:\/\/jornalfatosenoticias.com.br\/index.php\/2020\/03\/11\/governador-participa-de-inauguracao-de-usina-solar-em-linhares\/#primaryimage"},"image":{"@id":"https:\/\/jornalfatosenoticias.com.br\/index.php\/2020\/03\/11\/governador-participa-de-inauguracao-de-usina-solar-em-linhares\/#primaryimage"},"thumbnailUrl":"https:\/\/jornalfatosenoticias.com.br\/wp-content\/uploads\/2020\/03\/Governador-participa-de-inauguracao-de-usina-solar-em-Linhares.jpeg","datePublished":"2020-03-11T17:49:50+00:00","dateModified":"2020-03-11T17:49:55+00:00","breadcrumb":{"@id":"https:\/\/jornalfatosenoticias.com.br\/index.php\/2020\/03\/11\/governador-participa-de-inauguracao-de-usina-solar-em-linhares\/#breadcrumb"},"inLanguage":"pt-BR","potentialAction":[{"@type":"ReadAction","target":["https:\/\/jornalfatosenoticias.com.br\/index.php\/2020\/03\/11\/governador-participa-de-inauguracao-de-usina-solar-em-linhares\/"]}]},{"@type":"ImageObject","inLanguage":"pt-BR","@id":"https:\/\/jornalfatosenoticias.com.br\/index.php\/2020\/03\/11\/governador-participa-de-inauguracao-de-usina-solar-em-linhares\/#primaryimage","url":"https:\/\/jornalfatosenoticias.com.br\/wp-content\/uploads\/2020\/03\/Governador-participa-de-inauguracao-de-usina-solar-em-Linhares.jpeg","contentUrl":"https:\/\/jornalfatosenoticias.com.br\/wp-content\/uploads\/2020\/03\/Governador-participa-de-inauguracao-de-usina-solar-em-Linhares.jpeg","width":980,"height":615},{"@type":"BreadcrumbList","@id":"https:\/\/jornalfatosenoticias.com.br\/index.php\/2020\/03\/11\/governador-participa-de-inauguracao-de-usina-solar-em-linhares\/#breadcrumb","itemListElement":[{"@type":"ListItem","position":1,"name":"In\u00edcio","item":"https:\/\/jornalfatosenoticias.com.br\/"},{"@type":"ListItem","position":2,"name":"Governador participa de inaugura\u00e7\u00e3o de usina solar em Linhares"}]},{"@type":"WebSite","@id":"https:\/\/jornalfatosenoticias.com.br\/#website","url":"https:\/\/jornalfatosenoticias.com.br\/","name":"Jornal Fatos e Not\u00edcias","description":"Not\u00edcias em geral","publisher":{"@id":"https:\/\/jornalfatosenoticias.com.br\/#organization"},"potentialAction":[{"@type":"SearchAction","target":{"@type":"EntryPoint","urlTemplate":"https:\/\/jornalfatosenoticias.com.br\/?s={search_term_string}"},"query-input":{"@type":"PropertyValueSpecification","valueRequired":true,"valueName":"search_term_string"}}],"inLanguage":"pt-BR"},{"@type":"Organization","@id":"https:\/\/jornalfatosenoticias.com.br\/#organization","name":"Jornal Fatos e Not\u00edcias","url":"https:\/\/jornalfatosenoticias.com.br\/","logo":{"@type":"ImageObject","inLanguage":"pt-BR","@id":"https:\/\/jornalfatosenoticias.com.br\/#\/schema\/logo\/image\/","url":"https:\/\/jornalfatosenoticias.com.br\/wp-content\/uploads\/2020\/02\/logo120.png","contentUrl":"https:\/\/jornalfatosenoticias.com.br\/wp-content\/uploads\/2020\/02\/logo120.png","width":1227,"height":120,"caption":"Jornal Fatos e Not\u00edcias"},"image":{"@id":"https:\/\/jornalfatosenoticias.com.br\/#\/schema\/logo\/image\/"}},{"@type":"Person","@id":"https:\/\/jornalfatosenoticias.com.br\/#\/schema\/person\/d63837fa13ac8666eb9e74e0985d6f81","name":"Luzimara Fernandes","image":{"@type":"ImageObject","inLanguage":"pt-BR","@id":"https:\/\/jornalfatosenoticias.com.br\/#\/schema\/person\/image\/","url":"https:\/\/jornalfatosenoticias.com.br\/wp-content\/uploads\/2025\/05\/EU_portal.jpg","contentUrl":"https:\/\/jornalfatosenoticias.com.br\/wp-content\/uploads\/2025\/05\/EU_portal.jpg","caption":"Luzimara Fernandes"},"description":"Jornalista MTB 2358-ES","sameAs":["https:\/\/jornalfatosenoticias.com.br"],"url":"https:\/\/jornalfatosenoticias.com.br\/index.php\/author\/luzimara\/"}]}},"cc_featured_image_caption":{"caption_text":"Governador do Estado, Renato Casagrande (Foto: Ascom Governo do ES)","source_text":"","source_url":""},"jetpack_featured_media_url":"https:\/\/jornalfatosenoticias.com.br\/wp-content\/uploads\/2020\/03\/Governador-participa-de-inauguracao-de-usina-solar-em-Linhares.jpeg","_links":{"self":[{"href":"https:\/\/jornalfatosenoticias.com.br\/index.php\/wp-json\/wp\/v2\/posts\/1962","targetHints":{"allow":["GET"]}}],"collection":[{"href":"https:\/\/jornalfatosenoticias.com.br\/index.php\/wp-json\/wp\/v2\/posts"}],"about":[{"href":"https:\/\/jornalfatosenoticias.com.br\/index.php\/wp-json\/wp\/v2\/types\/post"}],"author":[{"embeddable":true,"href":"https:\/\/jornalfatosenoticias.com.br\/index.php\/wp-json\/wp\/v2\/users\/2"}],"replies":[{"embeddable":true,"href":"https:\/\/jornalfatosenoticias.com.br\/index.php\/wp-json\/wp\/v2\/comments?post=1962"}],"version-history":[{"count":0,"href":"https:\/\/jornalfatosenoticias.com.br\/index.php\/wp-json\/wp\/v2\/posts\/1962\/revisions"}],"wp:featuredmedia":[{"embeddable":true,"href":"https:\/\/jornalfatosenoticias.com.br\/index.php\/wp-json\/wp\/v2\/media\/1964"}],"wp:attachment":[{"href":"https:\/\/jornalfatosenoticias.com.br\/index.php\/wp-json\/wp\/v2\/media?parent=1962"}],"wp:term":[{"taxonomy":"category","embeddable":true,"href":"https:\/\/jornalfatosenoticias.com.br\/index.php\/wp-json\/wp\/v2\/categories?post=1962"},{"taxonomy":"post_tag","embeddable":true,"href":"https:\/\/jornalfatosenoticias.com.br\/index.php\/wp-json\/wp\/v2\/tags?post=1962"}],"curies":[{"name":"wp","href":"https:\/\/api.w.org\/{rel}","templated":true}]}}