{"id":19640,"date":"2021-06-21T10:49:06","date_gmt":"2021-06-21T13:49:06","guid":{"rendered":"https:\/\/jornalfatosenoticias.com.br\/?p=19640"},"modified":"2021-06-21T10:49:10","modified_gmt":"2021-06-21T13:49:10","slug":"cultura-em-toda-parte-modulo-norte-realiza-mais-de-50-apresentacoes-artisticas-gratuitas","status":"publish","type":"post","link":"https:\/\/jornalfatosenoticias.com.br\/index.php\/2021\/06\/21\/cultura-em-toda-parte-modulo-norte-realiza-mais-de-50-apresentacoes-artisticas-gratuitas\/","title":{"rendered":"Cultura em Toda Parte \u2014 M\u00f3dulo Norte realiza mais de 50 apresenta\u00e7\u00f5es art\u00edsticas gratuitas"},"content":{"rendered":"\n<p><em><span class=\"has-inline-color has-black-color\">Com parceria entre o IBCA e a Secult, o festival ser\u00e1 transmitido nas redes sociais e na TV aberta pela TVE<\/span><\/em><\/p>\n\n\n\n<p>Um passeio virtual pela produ\u00e7\u00e3o cultural de 35 cidades das regi\u00f5es Norte e Metropolitana do Esp\u00edrito Santo. Essa \u00e9 a proposta do projeto <strong><span class=\"has-inline-color has-black-color\">Cultura em Toda Parte \u2014 M\u00f3dulo Norte<\/span><\/strong>, que acontece em formato on-line nos finais de semana, entre os dias 25 de junho e 25 de julho, a partir das 18 horas, nos canais da Secretaria da Cultura (Secult) e do Instituto Brasil de Cultura e Arte (IBCA) no YouTube, e da TV Educativa do Esp\u00edrito Santo (TVE), al\u00e9m de ser transmitido pela TVE.<br>Nesta nova etapa, que marca a fase final do Cultura em Toda Parte \u2014 M\u00f3dulo Norte, o p\u00fablico ir\u00e1 conferir 59 atra\u00e7\u00f5es de diversos g\u00eaneros art\u00edsticos, que foram selecionadas por meio de chamada p\u00fablica, que aconteceu entre os dias 02 e 17 de abril, em formato on-line.<br>As apresenta\u00e7\u00f5es acontecem em cinco finais de semana, atendendo de forma virtual cinco microrregi\u00f5es do Estado, a partir de suas cidades sede: Microrregi\u00e3o Metropolitana \u2014 Cariacica, Fund\u00e3o, Guarapari, Serra, Viana, Vila Velha e Vit\u00f3ria.<\/p>\n\n\n\n<p><strong><span class=\"has-inline-color has-black-color\"><em><span style=\"text-decoration: underline;\">Microrregi\u00e3o Sudeste Serrana<\/span> \u2014<\/em> <\/span><\/strong>Brejetuba, Concei\u00e7\u00e3o do Castelo, Domingos Martins, Laranja da Terra, Marechal Floriano, Santa Teresa e Venda Nova do Imigrante;<\/p>\n\n\n\n<p><strong><span class=\"has-inline-color has-black-color\"><span style=\"text-decoration: underline;\"><em>Microrregi\u00e3o Central Serrana<\/em><\/span> \u2014<\/span><\/strong> Afonso Cl\u00e1udio, Itagua\u00e7u, Itarana, Santa Leopoldina, Santa Maria de Jetib\u00e1;<\/p>\n\n\n\n<p><span class=\"has-inline-color has-black-color\"><strong><span style=\"text-decoration: underline;\"><em>Microrregi\u00e3o Nordeste<\/em><\/span> \u2014<\/strong><\/span> Boa Esperan\u00e7a, Concei\u00e7\u00e3o da Barra, Jaguar\u00e9, Montanha, Mucurici, Pedro Can\u00e1rio, Ponto Belo, Pinheiros e S\u00e3o Mateus;<\/p>\n\n\n\n<p><strong><span class=\"has-inline-color has-black-color\"><span style=\"text-decoration: underline;\"><em>Microrregi\u00e3o Noroeste<\/em><\/span> \u2014 <\/span><\/strong>\u00c1gua Doce do Norte, \u00c1guia Branca, Barra de S\u00e3o Francisco, Ecoporanga, Manten\u00f3polis, Nova Ven\u00e9cia e Vila Pav\u00e3o.<\/p>\n\n\n\n<p>\u201cEsta \u00faltima etapa do projeto Cultura em Toda Parte \u2014 M\u00f3dulo Norte comprova o talento e a qualidade do trabalho dos artistas que produzem no Esp\u00edrito Santo. Da m\u00fasica ao teatro, passando pelo circo, conta\u00e7\u00e3o de hist\u00f3rias e demais express\u00f5es culturais, esse grupo de profissionais apresenta um recorte potente e plural da criatividade dos artistas do nosso estado\u201d, afirmou Lucia Caus, diretora do IBCA e respons\u00e1vel pela realiza\u00e7\u00e3o do projeto.<\/p>\n\n\n\n<h4 class=\"wp-block-heading\"><span class=\"has-inline-color has-black-color\">Programa\u00e7\u00e3o<\/span><\/h4>\n\n\n\n<p><span class=\"has-inline-color has-black-color\"><strong><span style=\"text-decoration: underline;\"><em>Vit\u00f3ria<br><\/em><\/span><\/strong><\/span>O Cultura em Toda Parte \u2014 M\u00f3dulo Norte come\u00e7a pela Microrregi\u00e3o Metropolitana, tendo como cidade-sede Vit\u00f3ria. Na sexta-feira (25), quem abre a programa\u00e7\u00e3o \u00e9 a conta\u00e7\u00e3o de hist\u00f3rias Contos de Encantar, com <strong><span class=\"has-inline-color has-black-color\">Gab Kruger<\/span><\/strong>. Na sequ\u00eancia, a m\u00fasica toma conta do palco virtual com o grupo <strong><span class=\"has-inline-color has-black-color\">Tria<\/span><\/strong>. Depois, <strong><span class=\"has-inline-color has-black-color\">Raimundo Machado e Convidados<\/span><\/strong> apresentam o show <strong><span class=\"has-inline-color has-black-color\">Encontro de Gera\u00e7\u00f5es do Choro Capixaba<\/span><\/strong>. Encerrando a noite, <strong><span class=\"has-inline-color has-black-color\">Tunico da Vila<\/span><\/strong> e a apresenta\u00e7\u00e3o Salve a Batucada, Salve o Samba.<\/p>\n\n\n\n<div class=\"wp-block-image is-style-default\"><figure class=\"alignleft size-large is-resized\"><img loading=\"lazy\" decoding=\"async\" src=\"https:\/\/jornalfatosenoticias.com.br\/wp-content\/uploads\/2021\/06\/Cultura-em-Toda-Parte2.jpeg\" alt=\"\" class=\"wp-image-19641\" width=\"368\" height=\"204\" srcset=\"https:\/\/jornalfatosenoticias.com.br\/wp-content\/uploads\/2021\/06\/Cultura-em-Toda-Parte2.jpeg 400w, https:\/\/jornalfatosenoticias.com.br\/wp-content\/uploads\/2021\/06\/Cultura-em-Toda-Parte2-300x167.jpeg 300w\" sizes=\"auto, (max-width: 368px) 100vw, 368px\" \/><figcaption><em><span class=\"has-inline-color has-black-color\">(Foto: Reprodu\u00e7\u00e3o\/Secult)<\/span><\/em><\/figcaption><\/figure><\/div>\n\n\n\n<p>No s\u00e1bado (26), <span class=\"has-inline-color has-black-color\"><strong>Samir Lima<\/strong><\/span> abre as apresenta\u00e7\u00f5es com a conta\u00e7\u00e3o de hist\u00f3rias Lendas Capixabas Cantadas. Depois o samba pede passagem, com <strong><span class=\"has-inline-color has-black-color\">Monique Rocha<\/span><\/strong> e a apresenta\u00e7\u00e3o Sou Negra. Na sequ\u00eancia, <strong><span class=\"has-inline-color has-black-color\">Roberta de Raz\u00e3o<\/span><\/strong> traz um show que re\u00fane m\u00fasicas autorais e cl\u00e1ssicos do pop brasileiro. Fechando a noite, a <strong><span class=\"has-inline-color has-black-color\">Companhia Flores N\u00f4mades de Teatro<\/span><\/strong> e o espet\u00e1culo Flor de Cactus.<br>No domingo (27), a conta\u00e7\u00e3o de hist\u00f3rias Dan\u00e7ando Hist\u00f3rias, de <strong><span class=\"has-inline-color has-black-color\">Ana Paiva<\/span><\/strong>, abre a programa\u00e7\u00e3o. Na sequ\u00eancia, <strong><span class=\"has-inline-color has-black-color\">B\u00e1rbara Grecco<\/span><\/strong> faz o show de lan\u00e7amento do \u00e1lbum Atraverso. Fechando a noite, o cantor <strong><span class=\"has-inline-color has-black-color\">Manfredo<\/span><\/strong> e o seu espet\u00e1culo Can\u00e7\u00f5es de Afeto.<\/p>\n\n\n\n<p><strong><span class=\"has-inline-color has-black-color\"><em><span style=\"text-decoration: underline;\">Afonso Cl\u00e1udio<br><\/span><\/em><\/span><\/strong>No segundo fim de semana, a Microrregi\u00e3o Sudeste Serrana recebe a programa\u00e7\u00e3o do Cultura em Toda Parte \u2014 M\u00f3dulo Norte, e Afonso Cl\u00e1udio \u00e9 a cidade-sede do projeto. A programa\u00e7\u00e3o come\u00e7a na sexta-feira (02), com o espet\u00e1culo Quando Acordar a Cidade, da Associa\u00e7\u00e3o Sociedade Cultura e Arte Soca. Depois, o p\u00fablico vai conferir o show Conversa\u00e7\u00f5es, com <strong><span class=\"has-inline-color has-black-color\">A Sofista<\/span><\/strong>. Na sequ\u00eancia, a dan\u00e7a \u00e9 destaque com <strong><span class=\"has-inline-color has-black-color\">Vivian Cunha<\/span><\/strong> e a performance Corpo Mem\u00f3ria. Fechando a sexta-feira, o show Viol\u00e3o Capixaba, com <strong><span class=\"has-inline-color has-black-color\">Jean e Paulinho<\/span><\/strong>.<br>Abrindo a programa\u00e7\u00e3o do s\u00e1bado (03), a for\u00e7a dos tambores com a <strong><span class=\"has-inline-color has-black-color\">Banda Afrozumba<\/span><\/strong> e o show Negras Mem\u00f3rias. Depois, <strong><span class=\"has-inline-color has-black-color\">Emerson Xumbrega e Banda<\/span><\/strong> apresentam a Roda de Samba de Bamba. Na sequ\u00eancia, <strong><span class=\"has-inline-color has-black-color\">Carlinhos Rocha<\/span><\/strong> apresenta o show For Home. Encerrando a noite, a conta\u00e7\u00e3o de hist\u00f3rias Sobre Jos\u00e9 de Anchieta, com <strong><span class=\"has-inline-color has-black-color\">Pedro Lodi<\/span><\/strong>.<br>No domingo (04), o hip-hop abre a noite com o show Juntas Respiramos, com o grupo <strong><span class=\"has-inline-color has-black-color\">Melanina MCS<\/span><\/strong>. Depois, <strong><span class=\"has-inline-color has-black-color\">Lou<\/span><\/strong> realiza a apresenta\u00e7\u00e3o Faces de um Ciclo. Na sequ\u00eancia, o <strong><span class=\"has-inline-color has-black-color\">Grupo \u00c1rvore<\/span><\/strong> com o espet\u00e1culo Azul. Fechando a noite, a dan\u00e7a toma conta do palco virtual com a Inumer\u00e1veis, da Companhia <strong><span class=\"has-inline-color has-black-color\">InPares<\/span><\/strong>.<\/p>\n\n\n\n<h4 class=\"wp-block-heading\"><span class=\"has-inline-color has-black-color\"><em><span style=\"text-decoration: underline;\">Santa Teresa<\/span><\/em><\/span><\/h4>\n\n\n\n<div class=\"wp-block-image is-style-default\"><figure class=\"alignright size-large is-resized\"><img loading=\"lazy\" decoding=\"async\" src=\"https:\/\/jornalfatosenoticias.com.br\/wp-content\/uploads\/2021\/06\/Cultura-em-Toda-Parte3.jpeg\" alt=\"\" class=\"wp-image-19642\" width=\"371\" height=\"208\" srcset=\"https:\/\/jornalfatosenoticias.com.br\/wp-content\/uploads\/2021\/06\/Cultura-em-Toda-Parte3.jpeg 400w, https:\/\/jornalfatosenoticias.com.br\/wp-content\/uploads\/2021\/06\/Cultura-em-Toda-Parte3-300x168.jpeg 300w\" sizes=\"auto, (max-width: 371px) 100vw, 371px\" \/><figcaption><em><span class=\"has-inline-color has-black-color\">(Foto: Reprodu\u00e7\u00e3o\/Secult)<\/span><\/em><\/figcaption><\/figure><\/div>\n\n\n\n<p>Na terceira semana, a Microrregi\u00e3o Central Serrana recebe a programa\u00e7\u00e3o do Cultura em Toda Parte \u2014 M\u00f3dulo Norte, e Santa Teresa \u00e9 a cidade-sede do projeto. Quem abre a programa\u00e7\u00e3o na sexta-feira (09), \u00e9 o <strong><span class=\"has-inline-color has-black-color\">Coletivo Forseti<\/span><\/strong>, com o espet\u00e1culo Dom Gat\u00e3o e Dom Ratinho. Na sequ\u00eancia, a m\u00fasica dita o tom com <strong><span class=\"has-inline-color has-black-color\">Capit\u00e3o Morgan<\/span><\/strong> e o show O Agora. Depois, <strong><span class=\"has-inline-color has-black-color\">Fepaschoal<\/span><\/strong> toca as m\u00fasicas do EP Sess\u00f5es Monazitas Epis\u00f3dio 02. Fechando a noite, o cantor <strong><span class=\"has-inline-color has-black-color\">Dan Abranches<\/span><\/strong>.<br>No s\u00e1bado (10), quem abre as apresenta\u00e7\u00f5es \u00e9 <strong><span class=\"has-inline-color has-black-color\">Anderson Paiva<\/span><\/strong> com Brasil Afro Mandingue. Depois o <strong><span class=\"has-inline-color has-black-color\">Casal Galli<\/span><\/strong> realiza a conta\u00e7\u00e3o A Hist\u00f3ria Da Kizomba no Esp\u00edrito Santo. Na sequ\u00eancia \u00e9 a vez do<strong><span class=\"has-inline-color has-black-color\"> Afros em A\u00e7\u00e3o<\/span><\/strong>. Fechando a noite, o <strong><span class=\"has-inline-color has-black-color\">DJ Jone BL <\/span><\/strong>e o show Rap Capixaba.<br>No domingo (11), o p\u00fablico vai poder conferir a atra\u00e7\u00e3o circense <strong><span class=\"has-inline-color has-black-color\">Natiane e sua Trupe.<\/span><\/strong> Depois, <strong><span class=\"has-inline-color has-black-color\">Fernanda Lima <\/span><\/strong><span class=\"has-inline-color has-black-color\">e<\/span><strong><span class=\"has-inline-color has-black-color\"> Vin\u00edcius Moraes<\/span><\/strong> apresentam o show Elas em Seu Cantar. Na sequ\u00eancia, <strong><span class=\"has-inline-color has-black-color\">Gabriela Moriondo<\/span><\/strong> e <strong><span class=\"has-inline-color has-black-color\">Maicom Souza<\/span><\/strong>, trazem a dan\u00e7a com o espet\u00e1culo Cyber. Encerrando a terceira etapa do evento, a conta\u00e7\u00e3o A Hist\u00f3ria do Macram\u00ea e os Seus Usos na Atualidade, com o <strong><span class=\"has-inline-color has-black-color\">Arte e N\u00f3s<\/span><\/strong>.<\/p>\n\n\n\n<p><strong><span class=\"has-inline-color has-black-color\"><em><span style=\"text-decoration: underline;\">Concei\u00e7\u00e3o da Barra<br><\/span><\/em><\/span><\/strong>Na quarta semana, a Microrregi\u00e3o Nordeste recebe a programa\u00e7\u00e3o do Cultura em Toda Parte \u2014 M\u00f3dulo Norte, e Concei\u00e7\u00e3o da Barra \u00e9 a cidade-sede do projeto. Quem abre a programa\u00e7\u00e3o, na sexta-feira (16), \u00e9 o <strong><span class=\"has-inline-color has-black-color\">Circo<\/span><\/strong> <strong><span class=\"has-inline-color has-black-color\">Chayanne<\/span><\/strong> com o espet\u00e1culo Levando Alegria. Depois \u00e9 a vez de <strong><span class=\"has-inline-color has-black-color\">Raya<\/span><\/strong> e o show Sou Meu Primeiro Amor. Na sequ\u00eancia, acontece a conta\u00e7\u00e3o de hist\u00f3rias 1, 2, 3: Era uma Vez!, com <strong><span class=\"has-inline-color has-black-color\">Kika Amorim<\/span><\/strong>. Fechando a noite, o hip-hop de Adikto e o Lado Esquerdo da For\u00e7a.<br>No s\u00e1bado (17), a <strong><span class=\"has-inline-color has-black-color\">Companhia Fantasia de Artes C\u00eanicas<\/span><\/strong> abre a programa\u00e7\u00e3o com a conta\u00e7\u00e3o de hist\u00f3rias Criquinim e a Fincada do Mastro. Depois o <strong><span class=\"has-inline-color has-black-color\">Instituto Cultural Tambor de Raiz<\/span><\/strong> apresenta o espet\u00e1culo teatral Cabur\u00e9. E a m\u00fasica fecha a noite com as apresenta\u00e7\u00f5es de <strong><span class=\"has-inline-color has-black-color\">Jr. Bocca<\/span><\/strong> e, na sequ\u00eancia, o show Voz, Percuss\u00e3o e Viol\u00e3o, de <strong><span class=\"has-inline-color has-black-color\">Jo\u00e3o Bernardo<\/span><\/strong>.<br>O domingo (18), abre com a conta\u00e7\u00e3o de hist\u00f3rias Alfinetando Ideias, com <strong><span class=\"has-inline-color has-black-color\">Figurina<\/span><\/strong>. Na sequ\u00eancia, o p\u00fablico vai conferir a performance Poeme-se, com <strong><span class=\"has-inline-color has-black-color\">Camila Hon\u00f3rio<\/span><\/strong>. Depois o <strong><span class=\"has-inline-color has-black-color\">Grupo \u00c1rvore<\/span><\/strong> e a Jujuba Produ\u00e7\u00f5es apresentam Am\u00e9rica Dois. Fechando a noite, Alex Emiss\u00e1rio e Darua.<\/p>\n\n\n\n<h4 class=\"wp-block-heading\"><span class=\"has-inline-color has-black-color\"><em><span style=\"text-decoration: underline;\">Vila Pav\u00e3o<\/span><\/em><\/span><\/h4>\n\n\n\n<div class=\"wp-block-image is-style-default\"><figure class=\"alignleft size-large is-resized\"><img loading=\"lazy\" decoding=\"async\" src=\"https:\/\/jornalfatosenoticias.com.br\/wp-content\/uploads\/2021\/06\/Cultura-em-Toda-Parte4.jpeg\" alt=\"\" class=\"wp-image-19643\" width=\"356\" height=\"192\"\/><figcaption><em><span class=\"has-inline-color has-black-color\">(Foto: Reprodu\u00e7\u00e3o\/Secult)<\/span><\/em><\/figcaption><\/figure><\/div>\n\n\n\n<p>Na quinta e \u00faltima semana, a Microrregi\u00e3o Noroeste recebe a programa\u00e7\u00e3o do Cultura em Toda Parte \u2014 M\u00f3dulo Norte, e Vila Pav\u00e3o \u00e9 a cidade-sede do projeto. Quem abre a programa\u00e7\u00e3o da sexta-feira (23), \u00e9 a atriz e escritora <strong><span class=\"has-inline-color has-black-color\">Lilian Menenguci<\/span><\/strong>, com a conta\u00e7\u00e3o de hist\u00f3rias Conta, Conta! Na sequ\u00eancia, \u00e9 a vez da apresenta\u00e7\u00e3o musical do UP Pomerisch. Depois o grupo <strong><span class=\"has-inline-color has-black-color\">Lapidando Diamantes<\/span><\/strong> apresenta o espet\u00e1culo Berimbau Chamou Voc\u00ea. Fechando a noite, a banda <strong><span class=\"has-inline-color has-black-color\">Fio de Lira<\/span><\/strong> com o show Cantadeiras.<br>No s\u00e1bado (24), quem abre a programa\u00e7\u00e3o \u00e9 a conta\u00e7\u00e3o de hist\u00f3ria Percuss\u00e3o, Ritmos e Instrumentos, com <strong><span class=\"has-inline-color has-black-color\">Guilherme Irie<\/span><\/strong>. Na sequ\u00eancia, <strong><span class=\"has-inline-color has-black-color\">Augusto Gauveias<\/span><\/strong> apresenta a conta\u00e7\u00e3o Arteiros, Hist\u00f3rias Musicadas. Depois, a m\u00fasica pede passagem com as apresenta\u00e7\u00f5es de <strong><span class=\"has-inline-color has-black-color\">Akilla<\/span><\/strong>, com o show Maiores Sucessos, e <strong><span class=\"has-inline-color has-black-color\">Afcria<\/span><\/strong> com a apresenta\u00e7\u00e3o Consci\u00eancia Elevada ao Vivo.<br>Fechando o Cultura em Toda Parte \u2014 M\u00f3dulo Norte, no domingo (25), <strong><span class=\"has-inline-color has-black-color\">Marcelo Ribeiro e Banda B<\/span><\/strong>, com o show Bailinho. Na sequ\u00eancia, o <strong><span class=\"has-inline-color has-black-color\">Grupo Estripolia<\/span><\/strong> com o espet\u00e1culo Estripolia em Casa. Depois \u00e9 a vez de Marcelo Oliveira \u2014 Belas Artes \u2014 Projetos Culturais \u2014 com a performance Depois Do Caos A Gente Se Encontra Performance. Fechando a programa\u00e7\u00e3o a conta\u00e7\u00e3o de hist\u00f3rias de <strong><span class=\"has-inline-color has-black-color\">C\u00e9sar Baptista<\/span><\/strong>.<\/p>\n\n\n\n<p><strong><span class=\"has-inline-color has-black-color\"><span style=\"text-decoration: underline;\"><em>Galerias On-line<br><\/em><\/span><\/span><\/strong>Al\u00e9m das apresenta\u00e7\u00f5es culturais, a partir do dia 22 de junho, entram no ar as Galerias On-line. O projeto apresenta o trabalho dos artistas visuais Andreia Falqueto, H\u00e9lio Coelho, Kika Carvalho, Luciano Feij\u00e3o e Orlando da Rosa Farya e conta com a curadoria de <span class=\"has-inline-color has-black-color\">Lucia Caus<\/span>. Cada artista apresenta um recorte do seu trabalho, em exposi\u00e7\u00f5es individuais, que ser\u00e3o exibidas gratuitamente em formato on-line no site da Galp\u00e3o Produ\u00e7\u00f5es (<a href=\"https:\/\/galpaoproducoes.com.br\">https:\/\/galpaoproducoes.com.br<\/a>).<\/p>\n\n\n\n<div class=\"wp-block-image is-style-default\"><figure class=\"alignright size-large is-resized\"><img loading=\"lazy\" decoding=\"async\" src=\"https:\/\/jornalfatosenoticias.com.br\/wp-content\/uploads\/2021\/06\/Cultura-em-Toda-Parte5.jpeg\" alt=\"\" class=\"wp-image-19644\" width=\"358\" height=\"201\" srcset=\"https:\/\/jornalfatosenoticias.com.br\/wp-content\/uploads\/2021\/06\/Cultura-em-Toda-Parte5.jpeg 400w, https:\/\/jornalfatosenoticias.com.br\/wp-content\/uploads\/2021\/06\/Cultura-em-Toda-Parte5-300x169.jpeg 300w\" sizes=\"auto, (max-width: 358px) 100vw, 358px\" \/><figcaption><em><span class=\"has-inline-color has-black-color\">(Foto: Reprodu\u00e7\u00e3o\/Secult)<\/span><\/em><\/figcaption><\/figure><\/div>\n\n\n\n<p><strong><span class=\"has-inline-color has-black-color\">Andr\u00e9ia Falqueto<\/span><\/strong> apresenta a s\u00e9rie <em>Transici\u00f3n<\/em>, que marca sua volta ao desenho. J\u00e1 <strong><span class=\"has-inline-color has-black-color\">H\u00e9lio Coelho<\/span><\/strong> traz para sua exposi\u00e7\u00e3o on-line as obras que fazem parte do acervo da Universidade Federal do Esp\u00edrito Santo (Ufes) e compreendem os anos de 1980 e 2000. <strong><span class=\"has-inline-color has-black-color\">Kika Carvalho<\/span><\/strong> apresenta as pinturas da s\u00e9rie <em>Encontro<\/em>, realizadas na resid\u00eancia do Goethe Institut \u2014 Bahia, em novembro de 2020, al\u00e9m de trabalhos recentes. <strong><span class=\"has-inline-color has-black-color\">Luciano Feij\u00e3o<\/span><\/strong> traz a exposi\u00e7\u00e3o Antianatomia que aborda pautas \u00e9tnico-raciais como estrat\u00e9gia de exist\u00eancia no campo da arte, <strong><span class=\"has-inline-color has-black-color\">Orlando da Rosa Farya<\/span><\/strong> e a s\u00e9rie de imagens <em>Latitude L<\/em>. Dividindo sua produ\u00e7\u00e3o entre Brasil e Portugal, Lando exibe fotos feitas na margem sul da bacia do rio Tejo nas imedia\u00e7\u00f5es de Lisboa.<br>\u201cAs exposi\u00e7\u00f5es em formato on-line s\u00e3o uma oportunidade de ampliar ainda mais o alcance do trabalho de artistas que constru\u00edram sua hist\u00f3ria no Esp\u00edrito Santo. S\u00e3o profissionais que apresentam obras em diferentes suportes e tem\u00e1ticas, que dialogam de forma l\u00fadica e objetiva com o mundo contempor\u00e2neo\u201d disse Lucia Caus.<\/p>\n\n\n\n<p><strong><span class=\"has-inline-color has-black-color\"><em><span style=\"text-decoration: underline;\">Forma\u00e7\u00e3o<br><\/span><\/em><\/span><\/strong>O projeto <strong><span class=\"has-inline-color has-black-color\">Cultura em Toda Parte \u2014 M\u00f3dulo Norte<\/span><\/strong> tamb\u00e9m contemplou 30 atividades de forma\u00e7\u00e3o na sua programa\u00e7\u00e3o. Entre os dias 25 de maio e 08 de junho, aconteceram 18 oficinas e 12 palestras, gratuitas e on-line. As inscri\u00e7\u00f5es para participar das atividades de forma\u00e7\u00e3o foram realizadas entre os dias 12 e 22 de maio deste ano, de forma gratuita, via formul\u00e1rio do Google. As forma\u00e7\u00f5es abordaram diversas \u00e1reas e assuntos, com foco na cultura, como Audiovisual, Literatura, Tecnologia, Interpreta\u00e7\u00e3o, Fotografia, M\u00fasica, Teatro, Gastronomia, Cultura Afro, Dan\u00e7a, Artesanato, Direito Autoral, Cultura Popular, Marketing, Fake News, Pol\u00edticas P\u00fablicas.<br>Com realiza\u00e7\u00e3o do Instituto Brasil de Cultura e Arte, apoio do Sesi Cultura e da TV Educativa do Esp\u00edrito Santo, o Cultura em Toda Parte \u2014 M\u00f3dulo Norte conta com recursos da Lei Aldir Blanc, via Chamamento P\u00fablico para Sele\u00e7\u00e3o de Organiza\u00e7\u00e3o da Sociedade Civil (OSC) para realizar Gest\u00e3o e Operacionaliza\u00e7\u00e3o do Projeto \u201cCultura em Toda Parte\u201d \u2014 Circula\u00e7\u00e3o e Difus\u00e3o de Atividades Art\u00edsticas e Culturais no Estado do Esp\u00edrito Santo, por interm\u00e9dio da Secretaria da Cultura (Secult), direcionada pela Secretaria Especial da Cultura do Minist\u00e9rio do Turismo.<\/p>\n\n\n\n<p><em><span class=\"has-inline-color has-black-color\">Mat\u00e9ria completa em: <a href=\"https:\/\/secult.es.gov.br\/Not%C3%ADcia\/cultura-em-toda-parte-modulo-norte-realiza-mais-de-50-apresentacoes-artisticas-gratuitas\">https:\/\/secult.es.gov.br\/Not%C3%ADcia\/cultura-em-toda-parte-modulo-norte-realiza-mais-de-50-apresentacoes-artisticas-gratuitas<\/a><\/span><\/em><\/p>\n\n\n\n<p><strong><em>Fonte: <a href=\"https:\/\/secult.es.gov.br\/Not%C3%ADcia\/cultura-em-toda-parte-modulo-norte-realiza-mais-de-50-apresentacoes-artisticas-gratuitas\">Secult<\/a><\/em><\/strong><\/p>\n","protected":false},"excerpt":{"rendered":"<p>Com parceria entre o IBCA e a Secult, o festival ser\u00e1 transmitido nas redes sociais e na TV aberta pela TVE Um passeio virtual pela produ\u00e7\u00e3o cultural de 35 cidades das regi\u00f5es Norte e Metropolitana do Esp\u00edrito Santo. Essa \u00e9 a proposta do projeto Cultura em Toda Parte \u2014 M\u00f3dulo Norte, que acontece em formato [&hellip;]<\/p>\n","protected":false},"author":2,"featured_media":19645,"comment_status":"open","ping_status":"open","sticky":false,"template":"","format":"standard","meta":{"footnotes":""},"categories":[4],"tags":[9634,9635,399,2558],"class_list":["post-19640","post","type-post","status-publish","format-standard","has-post-thumbnail","hentry","category-cultura","tag-cultura-em-toda-parte-modulo-norte","tag-festival-cultural","tag-secult-es","tag-tve-es"],"yoast_head":"<!-- This site is optimized with the Yoast SEO plugin v26.5 - https:\/\/yoast.com\/wordpress\/plugins\/seo\/ -->\n<title>Cultura em Toda Parte \u2014 M\u00f3dulo Norte realiza mais de 50 apresenta\u00e7\u00f5es art\u00edsticas gratuitas - Jornal Fatos e Not\u00edcias<\/title>\n<meta name=\"robots\" content=\"index, follow, max-snippet:-1, max-image-preview:large, max-video-preview:-1\" \/>\n<link rel=\"canonical\" href=\"https:\/\/jornalfatosenoticias.com.br\/index.php\/2021\/06\/21\/cultura-em-toda-parte-modulo-norte-realiza-mais-de-50-apresentacoes-artisticas-gratuitas\/\" \/>\n<meta property=\"og:locale\" content=\"pt_BR\" \/>\n<meta property=\"og:type\" content=\"article\" \/>\n<meta property=\"og:title\" content=\"Cultura em Toda Parte \u2014 M\u00f3dulo Norte realiza mais de 50 apresenta\u00e7\u00f5es art\u00edsticas gratuitas - Jornal Fatos e Not\u00edcias\" \/>\n<meta property=\"og:description\" content=\"Com parceria entre o IBCA e a Secult, o festival ser\u00e1 transmitido nas redes sociais e na TV aberta pela TVE Um passeio virtual pela produ\u00e7\u00e3o cultural de 35 cidades das regi\u00f5es Norte e Metropolitana do Esp\u00edrito Santo. Essa \u00e9 a proposta do projeto Cultura em Toda Parte \u2014 M\u00f3dulo Norte, que acontece em formato [&hellip;]\" \/>\n<meta property=\"og:url\" content=\"https:\/\/jornalfatosenoticias.com.br\/index.php\/2021\/06\/21\/cultura-em-toda-parte-modulo-norte-realiza-mais-de-50-apresentacoes-artisticas-gratuitas\/\" \/>\n<meta property=\"og:site_name\" content=\"Jornal Fatos e Not\u00edcias\" \/>\n<meta property=\"article:published_time\" content=\"2021-06-21T13:49:06+00:00\" \/>\n<meta property=\"article:modified_time\" content=\"2021-06-21T13:49:10+00:00\" \/>\n<meta property=\"og:image\" content=\"https:\/\/jornalfatosenoticias.com.br\/wp-content\/uploads\/2021\/06\/Cultura-em-Toda-Parte.jpeg\" \/>\n\t<meta property=\"og:image:width\" content=\"1000\" \/>\n\t<meta property=\"og:image:height\" content=\"565\" \/>\n\t<meta property=\"og:image:type\" content=\"image\/jpeg\" \/>\n<meta name=\"author\" content=\"Luzimara Fernandes\" \/>\n<meta name=\"twitter:card\" content=\"summary_large_image\" \/>\n<meta name=\"twitter:label1\" content=\"Escrito por\" \/>\n\t<meta name=\"twitter:data1\" content=\"Luzimara Fernandes\" \/>\n\t<meta name=\"twitter:label2\" content=\"Est. tempo de leitura\" \/>\n\t<meta name=\"twitter:data2\" content=\"10 minutos\" \/>\n<script type=\"application\/ld+json\" class=\"yoast-schema-graph\">{\"@context\":\"https:\/\/schema.org\",\"@graph\":[{\"@type\":\"Article\",\"@id\":\"https:\/\/jornalfatosenoticias.com.br\/index.php\/2021\/06\/21\/cultura-em-toda-parte-modulo-norte-realiza-mais-de-50-apresentacoes-artisticas-gratuitas\/#article\",\"isPartOf\":{\"@id\":\"https:\/\/jornalfatosenoticias.com.br\/index.php\/2021\/06\/21\/cultura-em-toda-parte-modulo-norte-realiza-mais-de-50-apresentacoes-artisticas-gratuitas\/\"},\"author\":{\"name\":\"Luzimara Fernandes\",\"@id\":\"https:\/\/jornalfatosenoticias.com.br\/#\/schema\/person\/d63837fa13ac8666eb9e74e0985d6f81\"},\"headline\":\"Cultura em Toda Parte \u2014 M\u00f3dulo Norte realiza mais de 50 apresenta\u00e7\u00f5es art\u00edsticas gratuitas\",\"datePublished\":\"2021-06-21T13:49:06+00:00\",\"dateModified\":\"2021-06-21T13:49:10+00:00\",\"mainEntityOfPage\":{\"@id\":\"https:\/\/jornalfatosenoticias.com.br\/index.php\/2021\/06\/21\/cultura-em-toda-parte-modulo-norte-realiza-mais-de-50-apresentacoes-artisticas-gratuitas\/\"},\"wordCount\":1944,\"commentCount\":0,\"publisher\":{\"@id\":\"https:\/\/jornalfatosenoticias.com.br\/#organization\"},\"image\":{\"@id\":\"https:\/\/jornalfatosenoticias.com.br\/index.php\/2021\/06\/21\/cultura-em-toda-parte-modulo-norte-realiza-mais-de-50-apresentacoes-artisticas-gratuitas\/#primaryimage\"},\"thumbnailUrl\":\"https:\/\/jornalfatosenoticias.com.br\/wp-content\/uploads\/2021\/06\/Cultura-em-Toda-Parte.jpeg\",\"keywords\":[\"Cultura em Toda Parte \u2014 M\u00f3dulo Norte\",\"festival cultural\",\"Secult-ES\",\"TVE-ES\"],\"articleSection\":[\"Cultura\"],\"inLanguage\":\"pt-BR\",\"potentialAction\":[{\"@type\":\"CommentAction\",\"name\":\"Comment\",\"target\":[\"https:\/\/jornalfatosenoticias.com.br\/index.php\/2021\/06\/21\/cultura-em-toda-parte-modulo-norte-realiza-mais-de-50-apresentacoes-artisticas-gratuitas\/#respond\"]}]},{\"@type\":\"WebPage\",\"@id\":\"https:\/\/jornalfatosenoticias.com.br\/index.php\/2021\/06\/21\/cultura-em-toda-parte-modulo-norte-realiza-mais-de-50-apresentacoes-artisticas-gratuitas\/\",\"url\":\"https:\/\/jornalfatosenoticias.com.br\/index.php\/2021\/06\/21\/cultura-em-toda-parte-modulo-norte-realiza-mais-de-50-apresentacoes-artisticas-gratuitas\/\",\"name\":\"Cultura em Toda Parte \u2014 M\u00f3dulo Norte realiza mais de 50 apresenta\u00e7\u00f5es art\u00edsticas gratuitas - Jornal Fatos e Not\u00edcias\",\"isPartOf\":{\"@id\":\"https:\/\/jornalfatosenoticias.com.br\/#website\"},\"primaryImageOfPage\":{\"@id\":\"https:\/\/jornalfatosenoticias.com.br\/index.php\/2021\/06\/21\/cultura-em-toda-parte-modulo-norte-realiza-mais-de-50-apresentacoes-artisticas-gratuitas\/#primaryimage\"},\"image\":{\"@id\":\"https:\/\/jornalfatosenoticias.com.br\/index.php\/2021\/06\/21\/cultura-em-toda-parte-modulo-norte-realiza-mais-de-50-apresentacoes-artisticas-gratuitas\/#primaryimage\"},\"thumbnailUrl\":\"https:\/\/jornalfatosenoticias.com.br\/wp-content\/uploads\/2021\/06\/Cultura-em-Toda-Parte.jpeg\",\"datePublished\":\"2021-06-21T13:49:06+00:00\",\"dateModified\":\"2021-06-21T13:49:10+00:00\",\"breadcrumb\":{\"@id\":\"https:\/\/jornalfatosenoticias.com.br\/index.php\/2021\/06\/21\/cultura-em-toda-parte-modulo-norte-realiza-mais-de-50-apresentacoes-artisticas-gratuitas\/#breadcrumb\"},\"inLanguage\":\"pt-BR\",\"potentialAction\":[{\"@type\":\"ReadAction\",\"target\":[\"https:\/\/jornalfatosenoticias.com.br\/index.php\/2021\/06\/21\/cultura-em-toda-parte-modulo-norte-realiza-mais-de-50-apresentacoes-artisticas-gratuitas\/\"]}]},{\"@type\":\"ImageObject\",\"inLanguage\":\"pt-BR\",\"@id\":\"https:\/\/jornalfatosenoticias.com.br\/index.php\/2021\/06\/21\/cultura-em-toda-parte-modulo-norte-realiza-mais-de-50-apresentacoes-artisticas-gratuitas\/#primaryimage\",\"url\":\"https:\/\/jornalfatosenoticias.com.br\/wp-content\/uploads\/2021\/06\/Cultura-em-Toda-Parte.jpeg\",\"contentUrl\":\"https:\/\/jornalfatosenoticias.com.br\/wp-content\/uploads\/2021\/06\/Cultura-em-Toda-Parte.jpeg\",\"width\":1000,\"height\":565},{\"@type\":\"BreadcrumbList\",\"@id\":\"https:\/\/jornalfatosenoticias.com.br\/index.php\/2021\/06\/21\/cultura-em-toda-parte-modulo-norte-realiza-mais-de-50-apresentacoes-artisticas-gratuitas\/#breadcrumb\",\"itemListElement\":[{\"@type\":\"ListItem\",\"position\":1,\"name\":\"In\u00edcio\",\"item\":\"https:\/\/jornalfatosenoticias.com.br\/\"},{\"@type\":\"ListItem\",\"position\":2,\"name\":\"Cultura em Toda Parte \u2014 M\u00f3dulo Norte realiza mais de 50 apresenta\u00e7\u00f5es art\u00edsticas gratuitas\"}]},{\"@type\":\"WebSite\",\"@id\":\"https:\/\/jornalfatosenoticias.com.br\/#website\",\"url\":\"https:\/\/jornalfatosenoticias.com.br\/\",\"name\":\"Jornal Fatos e Not\u00edcias\",\"description\":\"Not\u00edcias em geral\",\"publisher\":{\"@id\":\"https:\/\/jornalfatosenoticias.com.br\/#organization\"},\"potentialAction\":[{\"@type\":\"SearchAction\",\"target\":{\"@type\":\"EntryPoint\",\"urlTemplate\":\"https:\/\/jornalfatosenoticias.com.br\/?s={search_term_string}\"},\"query-input\":{\"@type\":\"PropertyValueSpecification\",\"valueRequired\":true,\"valueName\":\"search_term_string\"}}],\"inLanguage\":\"pt-BR\"},{\"@type\":\"Organization\",\"@id\":\"https:\/\/jornalfatosenoticias.com.br\/#organization\",\"name\":\"Jornal Fatos e Not\u00edcias\",\"url\":\"https:\/\/jornalfatosenoticias.com.br\/\",\"logo\":{\"@type\":\"ImageObject\",\"inLanguage\":\"pt-BR\",\"@id\":\"https:\/\/jornalfatosenoticias.com.br\/#\/schema\/logo\/image\/\",\"url\":\"https:\/\/jornalfatosenoticias.com.br\/wp-content\/uploads\/2020\/02\/logo120.png\",\"contentUrl\":\"https:\/\/jornalfatosenoticias.com.br\/wp-content\/uploads\/2020\/02\/logo120.png\",\"width\":1227,\"height\":120,\"caption\":\"Jornal Fatos e Not\u00edcias\"},\"image\":{\"@id\":\"https:\/\/jornalfatosenoticias.com.br\/#\/schema\/logo\/image\/\"}},{\"@type\":\"Person\",\"@id\":\"https:\/\/jornalfatosenoticias.com.br\/#\/schema\/person\/d63837fa13ac8666eb9e74e0985d6f81\",\"name\":\"Luzimara Fernandes\",\"image\":{\"@type\":\"ImageObject\",\"inLanguage\":\"pt-BR\",\"@id\":\"https:\/\/jornalfatosenoticias.com.br\/#\/schema\/person\/image\/\",\"url\":\"https:\/\/jornalfatosenoticias.com.br\/wp-content\/uploads\/2025\/05\/EU_portal.jpg\",\"contentUrl\":\"https:\/\/jornalfatosenoticias.com.br\/wp-content\/uploads\/2025\/05\/EU_portal.jpg\",\"caption\":\"Luzimara Fernandes\"},\"description\":\"Jornalista MTB 2358-ES\",\"sameAs\":[\"https:\/\/jornalfatosenoticias.com.br\"],\"url\":\"https:\/\/jornalfatosenoticias.com.br\/index.php\/author\/luzimara\/\"}]}<\/script>\n<!-- \/ Yoast SEO plugin. -->","yoast_head_json":{"title":"Cultura em Toda Parte \u2014 M\u00f3dulo Norte realiza mais de 50 apresenta\u00e7\u00f5es art\u00edsticas gratuitas - Jornal Fatos e Not\u00edcias","robots":{"index":"index","follow":"follow","max-snippet":"max-snippet:-1","max-image-preview":"max-image-preview:large","max-video-preview":"max-video-preview:-1"},"canonical":"https:\/\/jornalfatosenoticias.com.br\/index.php\/2021\/06\/21\/cultura-em-toda-parte-modulo-norte-realiza-mais-de-50-apresentacoes-artisticas-gratuitas\/","og_locale":"pt_BR","og_type":"article","og_title":"Cultura em Toda Parte \u2014 M\u00f3dulo Norte realiza mais de 50 apresenta\u00e7\u00f5es art\u00edsticas gratuitas - Jornal Fatos e Not\u00edcias","og_description":"Com parceria entre o IBCA e a Secult, o festival ser\u00e1 transmitido nas redes sociais e na TV aberta pela TVE Um passeio virtual pela produ\u00e7\u00e3o cultural de 35 cidades das regi\u00f5es Norte e Metropolitana do Esp\u00edrito Santo. Essa \u00e9 a proposta do projeto Cultura em Toda Parte \u2014 M\u00f3dulo Norte, que acontece em formato [&hellip;]","og_url":"https:\/\/jornalfatosenoticias.com.br\/index.php\/2021\/06\/21\/cultura-em-toda-parte-modulo-norte-realiza-mais-de-50-apresentacoes-artisticas-gratuitas\/","og_site_name":"Jornal Fatos e Not\u00edcias","article_published_time":"2021-06-21T13:49:06+00:00","article_modified_time":"2021-06-21T13:49:10+00:00","og_image":[{"width":1000,"height":565,"url":"https:\/\/jornalfatosenoticias.com.br\/wp-content\/uploads\/2021\/06\/Cultura-em-Toda-Parte.jpeg","type":"image\/jpeg"}],"author":"Luzimara Fernandes","twitter_card":"summary_large_image","twitter_misc":{"Escrito por":"Luzimara Fernandes","Est. tempo de leitura":"10 minutos"},"schema":{"@context":"https:\/\/schema.org","@graph":[{"@type":"Article","@id":"https:\/\/jornalfatosenoticias.com.br\/index.php\/2021\/06\/21\/cultura-em-toda-parte-modulo-norte-realiza-mais-de-50-apresentacoes-artisticas-gratuitas\/#article","isPartOf":{"@id":"https:\/\/jornalfatosenoticias.com.br\/index.php\/2021\/06\/21\/cultura-em-toda-parte-modulo-norte-realiza-mais-de-50-apresentacoes-artisticas-gratuitas\/"},"author":{"name":"Luzimara Fernandes","@id":"https:\/\/jornalfatosenoticias.com.br\/#\/schema\/person\/d63837fa13ac8666eb9e74e0985d6f81"},"headline":"Cultura em Toda Parte \u2014 M\u00f3dulo Norte realiza mais de 50 apresenta\u00e7\u00f5es art\u00edsticas gratuitas","datePublished":"2021-06-21T13:49:06+00:00","dateModified":"2021-06-21T13:49:10+00:00","mainEntityOfPage":{"@id":"https:\/\/jornalfatosenoticias.com.br\/index.php\/2021\/06\/21\/cultura-em-toda-parte-modulo-norte-realiza-mais-de-50-apresentacoes-artisticas-gratuitas\/"},"wordCount":1944,"commentCount":0,"publisher":{"@id":"https:\/\/jornalfatosenoticias.com.br\/#organization"},"image":{"@id":"https:\/\/jornalfatosenoticias.com.br\/index.php\/2021\/06\/21\/cultura-em-toda-parte-modulo-norte-realiza-mais-de-50-apresentacoes-artisticas-gratuitas\/#primaryimage"},"thumbnailUrl":"https:\/\/jornalfatosenoticias.com.br\/wp-content\/uploads\/2021\/06\/Cultura-em-Toda-Parte.jpeg","keywords":["Cultura em Toda Parte \u2014 M\u00f3dulo Norte","festival cultural","Secult-ES","TVE-ES"],"articleSection":["Cultura"],"inLanguage":"pt-BR","potentialAction":[{"@type":"CommentAction","name":"Comment","target":["https:\/\/jornalfatosenoticias.com.br\/index.php\/2021\/06\/21\/cultura-em-toda-parte-modulo-norte-realiza-mais-de-50-apresentacoes-artisticas-gratuitas\/#respond"]}]},{"@type":"WebPage","@id":"https:\/\/jornalfatosenoticias.com.br\/index.php\/2021\/06\/21\/cultura-em-toda-parte-modulo-norte-realiza-mais-de-50-apresentacoes-artisticas-gratuitas\/","url":"https:\/\/jornalfatosenoticias.com.br\/index.php\/2021\/06\/21\/cultura-em-toda-parte-modulo-norte-realiza-mais-de-50-apresentacoes-artisticas-gratuitas\/","name":"Cultura em Toda Parte \u2014 M\u00f3dulo Norte realiza mais de 50 apresenta\u00e7\u00f5es art\u00edsticas gratuitas - Jornal Fatos e Not\u00edcias","isPartOf":{"@id":"https:\/\/jornalfatosenoticias.com.br\/#website"},"primaryImageOfPage":{"@id":"https:\/\/jornalfatosenoticias.com.br\/index.php\/2021\/06\/21\/cultura-em-toda-parte-modulo-norte-realiza-mais-de-50-apresentacoes-artisticas-gratuitas\/#primaryimage"},"image":{"@id":"https:\/\/jornalfatosenoticias.com.br\/index.php\/2021\/06\/21\/cultura-em-toda-parte-modulo-norte-realiza-mais-de-50-apresentacoes-artisticas-gratuitas\/#primaryimage"},"thumbnailUrl":"https:\/\/jornalfatosenoticias.com.br\/wp-content\/uploads\/2021\/06\/Cultura-em-Toda-Parte.jpeg","datePublished":"2021-06-21T13:49:06+00:00","dateModified":"2021-06-21T13:49:10+00:00","breadcrumb":{"@id":"https:\/\/jornalfatosenoticias.com.br\/index.php\/2021\/06\/21\/cultura-em-toda-parte-modulo-norte-realiza-mais-de-50-apresentacoes-artisticas-gratuitas\/#breadcrumb"},"inLanguage":"pt-BR","potentialAction":[{"@type":"ReadAction","target":["https:\/\/jornalfatosenoticias.com.br\/index.php\/2021\/06\/21\/cultura-em-toda-parte-modulo-norte-realiza-mais-de-50-apresentacoes-artisticas-gratuitas\/"]}]},{"@type":"ImageObject","inLanguage":"pt-BR","@id":"https:\/\/jornalfatosenoticias.com.br\/index.php\/2021\/06\/21\/cultura-em-toda-parte-modulo-norte-realiza-mais-de-50-apresentacoes-artisticas-gratuitas\/#primaryimage","url":"https:\/\/jornalfatosenoticias.com.br\/wp-content\/uploads\/2021\/06\/Cultura-em-Toda-Parte.jpeg","contentUrl":"https:\/\/jornalfatosenoticias.com.br\/wp-content\/uploads\/2021\/06\/Cultura-em-Toda-Parte.jpeg","width":1000,"height":565},{"@type":"BreadcrumbList","@id":"https:\/\/jornalfatosenoticias.com.br\/index.php\/2021\/06\/21\/cultura-em-toda-parte-modulo-norte-realiza-mais-de-50-apresentacoes-artisticas-gratuitas\/#breadcrumb","itemListElement":[{"@type":"ListItem","position":1,"name":"In\u00edcio","item":"https:\/\/jornalfatosenoticias.com.br\/"},{"@type":"ListItem","position":2,"name":"Cultura em Toda Parte \u2014 M\u00f3dulo Norte realiza mais de 50 apresenta\u00e7\u00f5es art\u00edsticas gratuitas"}]},{"@type":"WebSite","@id":"https:\/\/jornalfatosenoticias.com.br\/#website","url":"https:\/\/jornalfatosenoticias.com.br\/","name":"Jornal Fatos e Not\u00edcias","description":"Not\u00edcias em geral","publisher":{"@id":"https:\/\/jornalfatosenoticias.com.br\/#organization"},"potentialAction":[{"@type":"SearchAction","target":{"@type":"EntryPoint","urlTemplate":"https:\/\/jornalfatosenoticias.com.br\/?s={search_term_string}"},"query-input":{"@type":"PropertyValueSpecification","valueRequired":true,"valueName":"search_term_string"}}],"inLanguage":"pt-BR"},{"@type":"Organization","@id":"https:\/\/jornalfatosenoticias.com.br\/#organization","name":"Jornal Fatos e Not\u00edcias","url":"https:\/\/jornalfatosenoticias.com.br\/","logo":{"@type":"ImageObject","inLanguage":"pt-BR","@id":"https:\/\/jornalfatosenoticias.com.br\/#\/schema\/logo\/image\/","url":"https:\/\/jornalfatosenoticias.com.br\/wp-content\/uploads\/2020\/02\/logo120.png","contentUrl":"https:\/\/jornalfatosenoticias.com.br\/wp-content\/uploads\/2020\/02\/logo120.png","width":1227,"height":120,"caption":"Jornal Fatos e Not\u00edcias"},"image":{"@id":"https:\/\/jornalfatosenoticias.com.br\/#\/schema\/logo\/image\/"}},{"@type":"Person","@id":"https:\/\/jornalfatosenoticias.com.br\/#\/schema\/person\/d63837fa13ac8666eb9e74e0985d6f81","name":"Luzimara Fernandes","image":{"@type":"ImageObject","inLanguage":"pt-BR","@id":"https:\/\/jornalfatosenoticias.com.br\/#\/schema\/person\/image\/","url":"https:\/\/jornalfatosenoticias.com.br\/wp-content\/uploads\/2025\/05\/EU_portal.jpg","contentUrl":"https:\/\/jornalfatosenoticias.com.br\/wp-content\/uploads\/2025\/05\/EU_portal.jpg","caption":"Luzimara Fernandes"},"description":"Jornalista MTB 2358-ES","sameAs":["https:\/\/jornalfatosenoticias.com.br"],"url":"https:\/\/jornalfatosenoticias.com.br\/index.php\/author\/luzimara\/"}]}},"cc_featured_image_caption":{"caption_text":"(Foto: Reprodu\u00e7\u00e3o\/Secult) ","source_text":"","source_url":""},"jetpack_featured_media_url":"https:\/\/jornalfatosenoticias.com.br\/wp-content\/uploads\/2021\/06\/Cultura-em-Toda-Parte.jpeg","_links":{"self":[{"href":"https:\/\/jornalfatosenoticias.com.br\/index.php\/wp-json\/wp\/v2\/posts\/19640","targetHints":{"allow":["GET"]}}],"collection":[{"href":"https:\/\/jornalfatosenoticias.com.br\/index.php\/wp-json\/wp\/v2\/posts"}],"about":[{"href":"https:\/\/jornalfatosenoticias.com.br\/index.php\/wp-json\/wp\/v2\/types\/post"}],"author":[{"embeddable":true,"href":"https:\/\/jornalfatosenoticias.com.br\/index.php\/wp-json\/wp\/v2\/users\/2"}],"replies":[{"embeddable":true,"href":"https:\/\/jornalfatosenoticias.com.br\/index.php\/wp-json\/wp\/v2\/comments?post=19640"}],"version-history":[{"count":0,"href":"https:\/\/jornalfatosenoticias.com.br\/index.php\/wp-json\/wp\/v2\/posts\/19640\/revisions"}],"wp:featuredmedia":[{"embeddable":true,"href":"https:\/\/jornalfatosenoticias.com.br\/index.php\/wp-json\/wp\/v2\/media\/19645"}],"wp:attachment":[{"href":"https:\/\/jornalfatosenoticias.com.br\/index.php\/wp-json\/wp\/v2\/media?parent=19640"}],"wp:term":[{"taxonomy":"category","embeddable":true,"href":"https:\/\/jornalfatosenoticias.com.br\/index.php\/wp-json\/wp\/v2\/categories?post=19640"},{"taxonomy":"post_tag","embeddable":true,"href":"https:\/\/jornalfatosenoticias.com.br\/index.php\/wp-json\/wp\/v2\/tags?post=19640"}],"curies":[{"name":"wp","href":"https:\/\/api.w.org\/{rel}","templated":true}]}}