{"id":19658,"date":"2021-06-21T14:32:20","date_gmt":"2021-06-21T17:32:20","guid":{"rendered":"https:\/\/jornalfatosenoticias.com.br\/?p=19658"},"modified":"2021-06-21T14:35:08","modified_gmt":"2021-06-21T17:35:08","slug":"pinscher-seis-curiosidades-de-uma-das-racas-mais-amadas-do-brasil","status":"publish","type":"post","link":"https:\/\/jornalfatosenoticias.com.br\/index.php\/2021\/06\/21\/pinscher-seis-curiosidades-de-uma-das-racas-mais-amadas-do-brasil\/","title":{"rendered":"Pinscher: seis curiosidades de uma das ra\u00e7as mais amadas do Brasil"},"content":{"rendered":"\n<p>O <a href=\"https:\/\/www.megacurioso.com.br\/estilo-de-vida\/118833-pinscher-ajuda-policiais-a-encontrar-drogas-escondidas-pelo-dono.htm\" rel=\"noreferrer noopener\" target=\"_blank\">pinscher<\/a> \u00e9 o exemplo vivo de que tamanho n\u00e3o \u00e9 documento. Conhecido pela sua energia e braveza, a ra\u00e7a n\u00e3o passa dos 30 cent\u00edmetros de comprimento.<br>Diferente de outros cachorros de pequeno porte, esse c\u00e3ozinho est\u00e1 alerta a todo o momento, o que faz dele um excelente guardi\u00e3o. Segundo o <a href=\"https:\/\/love.doghero.com.br\/censo\/pet-censo-canino-2020\/\" rel=\"noreferrer noopener\" target=\"_blank\">Censo 2020 da DogHero<\/a>, o \u00a0animal \u00e9 o 7\u00ba no ranking das ra\u00e7as mais populares do\u00a0<a href=\"https:\/\/www.megacurioso.com.br\/proxima-parada\/41975-proxima-parada-brasil-5-costumes-para-la-de-estranhos-da-nossa-terra.htm\" rel=\"noreferrer noopener\" target=\"_blank\">Brasil<\/a>.<\/p>\n\n\n\n<h4 class=\"wp-block-heading\"><span class=\"has-inline-color has-black-color\"><em>Quer saber mais sobre o pinscher? Ent\u00e3o confira as seis curiosidades abaixo:<\/em><\/span><\/h4>\n\n\n\n<h4 class=\"wp-block-heading\"><span class=\"has-inline-color has-black-color\">1. <\/span><strong><span class=\"has-inline-color has-black-color\">Origem alem\u00e3<\/span><\/strong><\/h4>\n\n\n\n<figure class=\"wp-block-image size-large is-style-default\"><img loading=\"lazy\" decoding=\"async\" width=\"1000\" height=\"665\" src=\"https:\/\/jornalfatosenoticias.com.br\/wp-content\/uploads\/2021\/06\/PINSCHER2.jpg\" alt=\"\" class=\"wp-image-19659\" srcset=\"https:\/\/jornalfatosenoticias.com.br\/wp-content\/uploads\/2021\/06\/PINSCHER2.jpg 1000w, https:\/\/jornalfatosenoticias.com.br\/wp-content\/uploads\/2021\/06\/PINSCHER2-300x200.jpg 300w, https:\/\/jornalfatosenoticias.com.br\/wp-content\/uploads\/2021\/06\/PINSCHER2-768x511.jpg 768w\" sizes=\"auto, (max-width: 1000px) 100vw, 1000px\" \/><figcaption><em><span class=\"has-inline-color has-black-color\">(Foto: Eldergeek\/Pixabay)<\/span><\/em><\/figcaption><\/figure>\n\n\n\n<p>Existe uma ideia de que o pinscher \u00e9 uma vers\u00e3o mini do <a href=\"https:\/\/www.megacurioso.com.br\/animais\/63201-os-cachorros-destas-9-racas-sao-os-mais-perigosos-do-mundo.htm\" rel=\"noreferrer noopener\" target=\"_blank\">doberman<\/a>, mas essa n\u00e3o \u00e9 a realidade.<br>Apesar de sua origem ainda n\u00e3o ter sido confirmada, os especialistas acreditam que o cachorro tenha surgido na <a href=\"https:\/\/www.megacurioso.com.br\/proxima-parada\/44723-proxima-parada-alemanha-prepare-se-para-conhecer-esse-majestoso-pais.htm\" rel=\"noreferrer noopener\" target=\"_blank\">Alemanha<\/a>. Por l\u00e1, o animal recebe o nome de Zwergpinscher, que significa \u201can\u00e3o mordedor\u201d.<\/p>\n\n\n\n<h4 class=\"wp-block-heading\"><span class=\"has-inline-color has-black-color\">2. <\/span><strong><span class=\"has-inline-color has-black-color\">Gostam de latir<\/span><\/strong><\/h4>\n\n\n\n<figure class=\"wp-block-image size-large is-style-default\"><img loading=\"lazy\" decoding=\"async\" width=\"1000\" height=\"719\" src=\"https:\/\/jornalfatosenoticias.com.br\/wp-content\/uploads\/2021\/06\/PINSCHER3.jpg\" alt=\"\" class=\"wp-image-19660\" srcset=\"https:\/\/jornalfatosenoticias.com.br\/wp-content\/uploads\/2021\/06\/PINSCHER3.jpg 1000w, https:\/\/jornalfatosenoticias.com.br\/wp-content\/uploads\/2021\/06\/PINSCHER3-300x216.jpg 300w, https:\/\/jornalfatosenoticias.com.br\/wp-content\/uploads\/2021\/06\/PINSCHER3-768x552.jpg 768w\" sizes=\"auto, (max-width: 1000px) 100vw, 1000px\" \/><figcaption><em><span class=\"has-inline-color has-black-color\">(Foto: Getty Images\/iStock)<\/span><\/em><\/figcaption><\/figure>\n\n\n\n<p>Se pensa em adotar um pinscher, saiba que ele n\u00e3o \u00e9 f\u00e3 de <a href=\"https:\/\/www.megacurioso.com.br\/corpo-humano\/44512-sabia-que-o-silencio-absoluto-pode-enlouquecer-voce.htm\" rel=\"noreferrer noopener\" target=\"_blank\">sil\u00eancio<\/a>. Essa ra\u00e7a tem o costume de latir com frequ\u00eancia pois est\u00e1 sempre em alerta.<\/p>\n\n\n\n<h4 class=\"wp-block-heading\"><span class=\"has-inline-color has-black-color\">3. <\/span><strong><span class=\"has-inline-color has-black-color\">Est\u00e3o presentes nas artes<\/span><\/strong><\/h4>\n\n\n\n<figure class=\"wp-block-image size-large is-style-default\"><img loading=\"lazy\" decoding=\"async\" width=\"1000\" height=\"758\" src=\"https:\/\/jornalfatosenoticias.com.br\/wp-content\/uploads\/2021\/06\/PINSCHER4.jpg\" alt=\"\" class=\"wp-image-19661\" srcset=\"https:\/\/jornalfatosenoticias.com.br\/wp-content\/uploads\/2021\/06\/PINSCHER4.jpg 1000w, https:\/\/jornalfatosenoticias.com.br\/wp-content\/uploads\/2021\/06\/PINSCHER4-300x227.jpg 300w, https:\/\/jornalfatosenoticias.com.br\/wp-content\/uploads\/2021\/06\/PINSCHER4-768x582.jpg 768w\" sizes=\"auto, (max-width: 1000px) 100vw, 1000px\" \/><figcaption><em><span class=\"has-inline-color has-black-color\">(Foto: Getty Images\/iStock)<\/span><\/em><\/figcaption><\/figure>\n\n\n\n<p>O pinscher j\u00e1 \u00e9 sucesso h\u00e1 muito tempo! Em pinturas dos s\u00e9culos 17 e 19, encontradas por <a href=\"https:\/\/www.megacurioso.com.br\/ciencia\/103507-historiadores-comprovam-passagem-biblica-sobre-o-incendio-de-jerusalem.htm\" rel=\"noreferrer noopener\" target=\"_blank\">historiadores<\/a>, o cachorro aparece desenhado.<\/p>\n\n\n\n<h4 class=\"wp-block-heading\"><span class=\"has-inline-color has-black-color\">4. <\/span><strong><span class=\"has-inline-color has-black-color\">Energia para dar e vender<\/span><\/strong><\/h4>\n\n\n\n<figure class=\"wp-block-image size-large is-style-default\"><img loading=\"lazy\" decoding=\"async\" width=\"1000\" height=\"666\" src=\"https:\/\/jornalfatosenoticias.com.br\/wp-content\/uploads\/2021\/06\/PINSCHER5.jpg\" alt=\"\" class=\"wp-image-19662\" srcset=\"https:\/\/jornalfatosenoticias.com.br\/wp-content\/uploads\/2021\/06\/PINSCHER5.jpg 1000w, https:\/\/jornalfatosenoticias.com.br\/wp-content\/uploads\/2021\/06\/PINSCHER5-300x200.jpg 300w, https:\/\/jornalfatosenoticias.com.br\/wp-content\/uploads\/2021\/06\/PINSCHER5-768x511.jpg 768w\" sizes=\"auto, (max-width: 1000px) 100vw, 1000px\" \/><figcaption><em><span class=\"has-inline-color has-black-color\">(Foto: iStock)<\/span><\/em><\/figcaption><\/figure>\n\n\n\n<p>A ra\u00e7a \u00e9 conhecida principalmente por sua energia intermin\u00e1vel e braveza. Sendo assim, esse c\u00e3ozinho precisa <a href=\"https:\/\/www.megacurioso.com.br\/estilo-de-vida\/116531-cachorrinho-adora-abracar-seus-amigos-quando-sai-para-passear.htm\" rel=\"noreferrer noopener\" target=\"_blank\">passear e brincar<\/a> todos os dias. Quando eles ficam muito tempo parados, come\u00e7am a ficar desanimados e irritados.<\/p>\n\n\n\n<h4 class=\"wp-block-heading\"><span class=\"has-inline-color has-black-color\">5. <\/span><strong><span class=\"has-inline-color has-black-color\">N\u00e3o gostam de interagir com outros animais<\/span><\/strong><\/h4>\n\n\n\n<figure class=\"wp-block-image size-large is-style-default\"><img loading=\"lazy\" decoding=\"async\" width=\"1000\" height=\"667\" src=\"https:\/\/jornalfatosenoticias.com.br\/wp-content\/uploads\/2021\/06\/PINSCHER6.jpg\" alt=\"\" class=\"wp-image-19663\" srcset=\"https:\/\/jornalfatosenoticias.com.br\/wp-content\/uploads\/2021\/06\/PINSCHER6.jpg 1000w, https:\/\/jornalfatosenoticias.com.br\/wp-content\/uploads\/2021\/06\/PINSCHER6-300x200.jpg 300w, https:\/\/jornalfatosenoticias.com.br\/wp-content\/uploads\/2021\/06\/PINSCHER6-768x512.jpg 768w\" sizes=\"auto, (max-width: 1000px) 100vw, 1000px\" \/><figcaption><em><span class=\"has-inline-color has-black-color\">(Foto: Santa3\/Pixabay)<\/span><\/em><\/figcaption><\/figure>\n\n\n\n<p>O pinscher n\u00e3o \u00e9 muito soci\u00e1vel e n\u00e3o tem uma intera\u00e7\u00e3o muito positiva com outros <a href=\"https:\/\/www.megacurioso.com.br\/estilo-de-vida\/115952-13-fotos-hilarias-de-cachorros-e-gatos-ladroes-de-comida.htm\" rel=\"noreferrer noopener\" target=\"_blank\">cachorros e gatos<\/a>. Para que o dono n\u00e3o tenha problema de conviv\u00eancia entre os seus animais, a dica \u00e9 que a socializa\u00e7\u00e3o seja feita quando o pinscher ainda \u00e9 filhote.<\/p>\n\n\n\n<p><a style=\"\" href=\"https:\/\/www.megacurioso.com.br\/ciencia\/119003-por-que-os-cachorros-pequenos-sao-tao-bravos.htm\" rel=\"noreferrer noopener\" target=\"_blank\"><b>Por que os cachorros pequenos s\u00e3o <\/b><\/a><strong><a href=\"https:\/\/www.megacurioso.com.br\/ciencia\/119003-por-que-os-cachorros-pequenos-sao-tao-bravos.htm\" rel=\"noreferrer noopener\" target=\"_blank\">t\u00e3o bravos?<\/a><\/strong><\/p>\n\n\n\n<h4 class=\"wp-block-heading\"><span class=\"has-inline-color has-black-color\">6. <strong>S\u00e3o saud\u00e1veis<\/strong><\/span><\/h4>\n\n\n\n<figure class=\"wp-block-image size-large is-style-default\"><img loading=\"lazy\" decoding=\"async\" width=\"1000\" height=\"667\" src=\"https:\/\/jornalfatosenoticias.com.br\/wp-content\/uploads\/2021\/06\/PINSCHER7.jpg\" alt=\"\" class=\"wp-image-19664\" srcset=\"https:\/\/jornalfatosenoticias.com.br\/wp-content\/uploads\/2021\/06\/PINSCHER7.jpg 1000w, https:\/\/jornalfatosenoticias.com.br\/wp-content\/uploads\/2021\/06\/PINSCHER7-300x200.jpg 300w, https:\/\/jornalfatosenoticias.com.br\/wp-content\/uploads\/2021\/06\/PINSCHER7-768x512.jpg 768w\" sizes=\"auto, (max-width: 1000px) 100vw, 1000px\" \/><figcaption><em><span class=\"has-inline-color has-black-color\">(Foto: Shutterstock\/Reprodu\u00e7\u00e3o)<\/span><\/em><\/figcaption><\/figure>\n\n\n\n<p>Para a alegria dos tutores, esses cachorros costumam ser bastante saud\u00e1veis e vivem, em m\u00e9dia, 15 anos. Contudo, isso n\u00e3o significa que eles n\u00e3o precisam de cuidado di\u00e1rio. Assim como outros c\u00e3es de pequeno porte, o pinscher pode sofrer com luxa\u00e7\u00e3o patelar devido ao seu tamanho.<\/p>\n\n\n\n<p><strong><em>Fonte: <a href=\"https:\/\/www.megacurioso.com.br\/estilo-de-vida\/119072-pinscher-6-curiosidades-de-uma-das-racas-mais-amadas-do-brasil.htm\">Megacurioso<\/a><\/em><\/strong><\/p>\n","protected":false},"excerpt":{"rendered":"<p>O pinscher \u00e9 o exemplo vivo de que tamanho n\u00e3o \u00e9 documento. Conhecido pela sua energia e braveza, a ra\u00e7a n\u00e3o passa dos 30 cent\u00edmetros de comprimento.Diferente de outros cachorros de pequeno porte, esse c\u00e3ozinho est\u00e1 alerta a todo o momento, o que faz dele um excelente guardi\u00e3o. Segundo o Censo 2020 da DogHero, o [&hellip;]<\/p>\n","protected":false},"author":2,"featured_media":19665,"comment_status":"open","ping_status":"open","sticky":false,"template":"","format":"standard","meta":{"footnotes":""},"categories":[5],"tags":[1264,4535,1495,9637,4902],"class_list":["post-19658","post","type-post","status-publish","format-standard","has-post-thumbnail","hentry","category-geral","tag-animais","tag-animais-de-estimacao","tag-cachorro","tag-pinscher","tag-racas"],"yoast_head":"<!-- This site is optimized with the Yoast SEO plugin v26.5 - https:\/\/yoast.com\/wordpress\/plugins\/seo\/ -->\n<title>Pinscher: seis curiosidades de uma das ra\u00e7as mais amadas do Brasil - Jornal Fatos e Not\u00edcias<\/title>\n<meta name=\"robots\" content=\"index, follow, max-snippet:-1, max-image-preview:large, max-video-preview:-1\" \/>\n<link rel=\"canonical\" href=\"https:\/\/jornalfatosenoticias.com.br\/index.php\/2021\/06\/21\/pinscher-seis-curiosidades-de-uma-das-racas-mais-amadas-do-brasil\/\" \/>\n<meta property=\"og:locale\" content=\"pt_BR\" \/>\n<meta property=\"og:type\" content=\"article\" \/>\n<meta property=\"og:title\" content=\"Pinscher: seis curiosidades de uma das ra\u00e7as mais amadas do Brasil - Jornal Fatos e Not\u00edcias\" \/>\n<meta property=\"og:description\" content=\"O pinscher \u00e9 o exemplo vivo de que tamanho n\u00e3o \u00e9 documento. Conhecido pela sua energia e braveza, a ra\u00e7a n\u00e3o passa dos 30 cent\u00edmetros de comprimento.Diferente de outros cachorros de pequeno porte, esse c\u00e3ozinho est\u00e1 alerta a todo o momento, o que faz dele um excelente guardi\u00e3o. Segundo o Censo 2020 da DogHero, o [&hellip;]\" \/>\n<meta property=\"og:url\" content=\"https:\/\/jornalfatosenoticias.com.br\/index.php\/2021\/06\/21\/pinscher-seis-curiosidades-de-uma-das-racas-mais-amadas-do-brasil\/\" \/>\n<meta property=\"og:site_name\" content=\"Jornal Fatos e Not\u00edcias\" \/>\n<meta property=\"article:published_time\" content=\"2021-06-21T17:32:20+00:00\" \/>\n<meta property=\"article:modified_time\" content=\"2021-06-21T17:35:08+00:00\" \/>\n<meta property=\"og:image\" content=\"https:\/\/jornalfatosenoticias.com.br\/wp-content\/uploads\/2021\/06\/PINSCHER_CAPA.jpg\" \/>\n\t<meta property=\"og:image:width\" content=\"1000\" \/>\n\t<meta property=\"og:image:height\" content=\"664\" \/>\n\t<meta property=\"og:image:type\" content=\"image\/jpeg\" \/>\n<meta name=\"author\" content=\"Luzimara Fernandes\" \/>\n<meta name=\"twitter:card\" content=\"summary_large_image\" \/>\n<meta name=\"twitter:label1\" content=\"Escrito por\" \/>\n\t<meta name=\"twitter:data1\" content=\"Luzimara Fernandes\" \/>\n\t<meta name=\"twitter:label2\" content=\"Est. tempo de leitura\" \/>\n\t<meta name=\"twitter:data2\" content=\"2 minutos\" \/>\n<script type=\"application\/ld+json\" class=\"yoast-schema-graph\">{\"@context\":\"https:\/\/schema.org\",\"@graph\":[{\"@type\":\"Article\",\"@id\":\"https:\/\/jornalfatosenoticias.com.br\/index.php\/2021\/06\/21\/pinscher-seis-curiosidades-de-uma-das-racas-mais-amadas-do-brasil\/#article\",\"isPartOf\":{\"@id\":\"https:\/\/jornalfatosenoticias.com.br\/index.php\/2021\/06\/21\/pinscher-seis-curiosidades-de-uma-das-racas-mais-amadas-do-brasil\/\"},\"author\":{\"name\":\"Luzimara Fernandes\",\"@id\":\"https:\/\/jornalfatosenoticias.com.br\/#\/schema\/person\/d63837fa13ac8666eb9e74e0985d6f81\"},\"headline\":\"Pinscher: seis curiosidades de uma das ra\u00e7as mais amadas do Brasil\",\"datePublished\":\"2021-06-21T17:32:20+00:00\",\"dateModified\":\"2021-06-21T17:35:08+00:00\",\"mainEntityOfPage\":{\"@id\":\"https:\/\/jornalfatosenoticias.com.br\/index.php\/2021\/06\/21\/pinscher-seis-curiosidades-de-uma-das-racas-mais-amadas-do-brasil\/\"},\"wordCount\":395,\"commentCount\":0,\"publisher\":{\"@id\":\"https:\/\/jornalfatosenoticias.com.br\/#organization\"},\"image\":{\"@id\":\"https:\/\/jornalfatosenoticias.com.br\/index.php\/2021\/06\/21\/pinscher-seis-curiosidades-de-uma-das-racas-mais-amadas-do-brasil\/#primaryimage\"},\"thumbnailUrl\":\"https:\/\/jornalfatosenoticias.com.br\/wp-content\/uploads\/2021\/06\/PINSCHER_CAPA.jpg\",\"keywords\":[\"animais\",\"animais de estima\u00e7\u00e3o\",\"cachorro\",\"pinscher\",\"ra\u00e7as\"],\"articleSection\":[\"Geral\"],\"inLanguage\":\"pt-BR\",\"potentialAction\":[{\"@type\":\"CommentAction\",\"name\":\"Comment\",\"target\":[\"https:\/\/jornalfatosenoticias.com.br\/index.php\/2021\/06\/21\/pinscher-seis-curiosidades-de-uma-das-racas-mais-amadas-do-brasil\/#respond\"]}]},{\"@type\":\"WebPage\",\"@id\":\"https:\/\/jornalfatosenoticias.com.br\/index.php\/2021\/06\/21\/pinscher-seis-curiosidades-de-uma-das-racas-mais-amadas-do-brasil\/\",\"url\":\"https:\/\/jornalfatosenoticias.com.br\/index.php\/2021\/06\/21\/pinscher-seis-curiosidades-de-uma-das-racas-mais-amadas-do-brasil\/\",\"name\":\"Pinscher: seis curiosidades de uma das ra\u00e7as mais amadas do Brasil - Jornal Fatos e Not\u00edcias\",\"isPartOf\":{\"@id\":\"https:\/\/jornalfatosenoticias.com.br\/#website\"},\"primaryImageOfPage\":{\"@id\":\"https:\/\/jornalfatosenoticias.com.br\/index.php\/2021\/06\/21\/pinscher-seis-curiosidades-de-uma-das-racas-mais-amadas-do-brasil\/#primaryimage\"},\"image\":{\"@id\":\"https:\/\/jornalfatosenoticias.com.br\/index.php\/2021\/06\/21\/pinscher-seis-curiosidades-de-uma-das-racas-mais-amadas-do-brasil\/#primaryimage\"},\"thumbnailUrl\":\"https:\/\/jornalfatosenoticias.com.br\/wp-content\/uploads\/2021\/06\/PINSCHER_CAPA.jpg\",\"datePublished\":\"2021-06-21T17:32:20+00:00\",\"dateModified\":\"2021-06-21T17:35:08+00:00\",\"breadcrumb\":{\"@id\":\"https:\/\/jornalfatosenoticias.com.br\/index.php\/2021\/06\/21\/pinscher-seis-curiosidades-de-uma-das-racas-mais-amadas-do-brasil\/#breadcrumb\"},\"inLanguage\":\"pt-BR\",\"potentialAction\":[{\"@type\":\"ReadAction\",\"target\":[\"https:\/\/jornalfatosenoticias.com.br\/index.php\/2021\/06\/21\/pinscher-seis-curiosidades-de-uma-das-racas-mais-amadas-do-brasil\/\"]}]},{\"@type\":\"ImageObject\",\"inLanguage\":\"pt-BR\",\"@id\":\"https:\/\/jornalfatosenoticias.com.br\/index.php\/2021\/06\/21\/pinscher-seis-curiosidades-de-uma-das-racas-mais-amadas-do-brasil\/#primaryimage\",\"url\":\"https:\/\/jornalfatosenoticias.com.br\/wp-content\/uploads\/2021\/06\/PINSCHER_CAPA.jpg\",\"contentUrl\":\"https:\/\/jornalfatosenoticias.com.br\/wp-content\/uploads\/2021\/06\/PINSCHER_CAPA.jpg\",\"width\":1000,\"height\":664,\"caption\":\"Miniature Pinscher puppy dog in studio. Looking to the side.\"},{\"@type\":\"BreadcrumbList\",\"@id\":\"https:\/\/jornalfatosenoticias.com.br\/index.php\/2021\/06\/21\/pinscher-seis-curiosidades-de-uma-das-racas-mais-amadas-do-brasil\/#breadcrumb\",\"itemListElement\":[{\"@type\":\"ListItem\",\"position\":1,\"name\":\"In\u00edcio\",\"item\":\"https:\/\/jornalfatosenoticias.com.br\/\"},{\"@type\":\"ListItem\",\"position\":2,\"name\":\"Pinscher: seis curiosidades de uma das ra\u00e7as mais amadas do Brasil\"}]},{\"@type\":\"WebSite\",\"@id\":\"https:\/\/jornalfatosenoticias.com.br\/#website\",\"url\":\"https:\/\/jornalfatosenoticias.com.br\/\",\"name\":\"Jornal Fatos e Not\u00edcias\",\"description\":\"Not\u00edcias em geral\",\"publisher\":{\"@id\":\"https:\/\/jornalfatosenoticias.com.br\/#organization\"},\"potentialAction\":[{\"@type\":\"SearchAction\",\"target\":{\"@type\":\"EntryPoint\",\"urlTemplate\":\"https:\/\/jornalfatosenoticias.com.br\/?s={search_term_string}\"},\"query-input\":{\"@type\":\"PropertyValueSpecification\",\"valueRequired\":true,\"valueName\":\"search_term_string\"}}],\"inLanguage\":\"pt-BR\"},{\"@type\":\"Organization\",\"@id\":\"https:\/\/jornalfatosenoticias.com.br\/#organization\",\"name\":\"Jornal Fatos e Not\u00edcias\",\"url\":\"https:\/\/jornalfatosenoticias.com.br\/\",\"logo\":{\"@type\":\"ImageObject\",\"inLanguage\":\"pt-BR\",\"@id\":\"https:\/\/jornalfatosenoticias.com.br\/#\/schema\/logo\/image\/\",\"url\":\"https:\/\/jornalfatosenoticias.com.br\/wp-content\/uploads\/2020\/02\/logo120.png\",\"contentUrl\":\"https:\/\/jornalfatosenoticias.com.br\/wp-content\/uploads\/2020\/02\/logo120.png\",\"width\":1227,\"height\":120,\"caption\":\"Jornal Fatos e Not\u00edcias\"},\"image\":{\"@id\":\"https:\/\/jornalfatosenoticias.com.br\/#\/schema\/logo\/image\/\"}},{\"@type\":\"Person\",\"@id\":\"https:\/\/jornalfatosenoticias.com.br\/#\/schema\/person\/d63837fa13ac8666eb9e74e0985d6f81\",\"name\":\"Luzimara Fernandes\",\"image\":{\"@type\":\"ImageObject\",\"inLanguage\":\"pt-BR\",\"@id\":\"https:\/\/jornalfatosenoticias.com.br\/#\/schema\/person\/image\/\",\"url\":\"https:\/\/jornalfatosenoticias.com.br\/wp-content\/uploads\/2025\/05\/EU_portal.jpg\",\"contentUrl\":\"https:\/\/jornalfatosenoticias.com.br\/wp-content\/uploads\/2025\/05\/EU_portal.jpg\",\"caption\":\"Luzimara Fernandes\"},\"description\":\"Jornalista MTB 2358-ES\",\"sameAs\":[\"https:\/\/jornalfatosenoticias.com.br\"],\"url\":\"https:\/\/jornalfatosenoticias.com.br\/index.php\/author\/luzimara\/\"}]}<\/script>\n<!-- \/ Yoast SEO plugin. -->","yoast_head_json":{"title":"Pinscher: seis curiosidades de uma das ra\u00e7as mais amadas do Brasil - Jornal Fatos e Not\u00edcias","robots":{"index":"index","follow":"follow","max-snippet":"max-snippet:-1","max-image-preview":"max-image-preview:large","max-video-preview":"max-video-preview:-1"},"canonical":"https:\/\/jornalfatosenoticias.com.br\/index.php\/2021\/06\/21\/pinscher-seis-curiosidades-de-uma-das-racas-mais-amadas-do-brasil\/","og_locale":"pt_BR","og_type":"article","og_title":"Pinscher: seis curiosidades de uma das ra\u00e7as mais amadas do Brasil - Jornal Fatos e Not\u00edcias","og_description":"O pinscher \u00e9 o exemplo vivo de que tamanho n\u00e3o \u00e9 documento. Conhecido pela sua energia e braveza, a ra\u00e7a n\u00e3o passa dos 30 cent\u00edmetros de comprimento.Diferente de outros cachorros de pequeno porte, esse c\u00e3ozinho est\u00e1 alerta a todo o momento, o que faz dele um excelente guardi\u00e3o. Segundo o Censo 2020 da DogHero, o [&hellip;]","og_url":"https:\/\/jornalfatosenoticias.com.br\/index.php\/2021\/06\/21\/pinscher-seis-curiosidades-de-uma-das-racas-mais-amadas-do-brasil\/","og_site_name":"Jornal Fatos e Not\u00edcias","article_published_time":"2021-06-21T17:32:20+00:00","article_modified_time":"2021-06-21T17:35:08+00:00","og_image":[{"width":1000,"height":664,"url":"https:\/\/jornalfatosenoticias.com.br\/wp-content\/uploads\/2021\/06\/PINSCHER_CAPA.jpg","type":"image\/jpeg"}],"author":"Luzimara Fernandes","twitter_card":"summary_large_image","twitter_misc":{"Escrito por":"Luzimara Fernandes","Est. tempo de leitura":"2 minutos"},"schema":{"@context":"https:\/\/schema.org","@graph":[{"@type":"Article","@id":"https:\/\/jornalfatosenoticias.com.br\/index.php\/2021\/06\/21\/pinscher-seis-curiosidades-de-uma-das-racas-mais-amadas-do-brasil\/#article","isPartOf":{"@id":"https:\/\/jornalfatosenoticias.com.br\/index.php\/2021\/06\/21\/pinscher-seis-curiosidades-de-uma-das-racas-mais-amadas-do-brasil\/"},"author":{"name":"Luzimara Fernandes","@id":"https:\/\/jornalfatosenoticias.com.br\/#\/schema\/person\/d63837fa13ac8666eb9e74e0985d6f81"},"headline":"Pinscher: seis curiosidades de uma das ra\u00e7as mais amadas do Brasil","datePublished":"2021-06-21T17:32:20+00:00","dateModified":"2021-06-21T17:35:08+00:00","mainEntityOfPage":{"@id":"https:\/\/jornalfatosenoticias.com.br\/index.php\/2021\/06\/21\/pinscher-seis-curiosidades-de-uma-das-racas-mais-amadas-do-brasil\/"},"wordCount":395,"commentCount":0,"publisher":{"@id":"https:\/\/jornalfatosenoticias.com.br\/#organization"},"image":{"@id":"https:\/\/jornalfatosenoticias.com.br\/index.php\/2021\/06\/21\/pinscher-seis-curiosidades-de-uma-das-racas-mais-amadas-do-brasil\/#primaryimage"},"thumbnailUrl":"https:\/\/jornalfatosenoticias.com.br\/wp-content\/uploads\/2021\/06\/PINSCHER_CAPA.jpg","keywords":["animais","animais de estima\u00e7\u00e3o","cachorro","pinscher","ra\u00e7as"],"articleSection":["Geral"],"inLanguage":"pt-BR","potentialAction":[{"@type":"CommentAction","name":"Comment","target":["https:\/\/jornalfatosenoticias.com.br\/index.php\/2021\/06\/21\/pinscher-seis-curiosidades-de-uma-das-racas-mais-amadas-do-brasil\/#respond"]}]},{"@type":"WebPage","@id":"https:\/\/jornalfatosenoticias.com.br\/index.php\/2021\/06\/21\/pinscher-seis-curiosidades-de-uma-das-racas-mais-amadas-do-brasil\/","url":"https:\/\/jornalfatosenoticias.com.br\/index.php\/2021\/06\/21\/pinscher-seis-curiosidades-de-uma-das-racas-mais-amadas-do-brasil\/","name":"Pinscher: seis curiosidades de uma das ra\u00e7as mais amadas do Brasil - Jornal Fatos e Not\u00edcias","isPartOf":{"@id":"https:\/\/jornalfatosenoticias.com.br\/#website"},"primaryImageOfPage":{"@id":"https:\/\/jornalfatosenoticias.com.br\/index.php\/2021\/06\/21\/pinscher-seis-curiosidades-de-uma-das-racas-mais-amadas-do-brasil\/#primaryimage"},"image":{"@id":"https:\/\/jornalfatosenoticias.com.br\/index.php\/2021\/06\/21\/pinscher-seis-curiosidades-de-uma-das-racas-mais-amadas-do-brasil\/#primaryimage"},"thumbnailUrl":"https:\/\/jornalfatosenoticias.com.br\/wp-content\/uploads\/2021\/06\/PINSCHER_CAPA.jpg","datePublished":"2021-06-21T17:32:20+00:00","dateModified":"2021-06-21T17:35:08+00:00","breadcrumb":{"@id":"https:\/\/jornalfatosenoticias.com.br\/index.php\/2021\/06\/21\/pinscher-seis-curiosidades-de-uma-das-racas-mais-amadas-do-brasil\/#breadcrumb"},"inLanguage":"pt-BR","potentialAction":[{"@type":"ReadAction","target":["https:\/\/jornalfatosenoticias.com.br\/index.php\/2021\/06\/21\/pinscher-seis-curiosidades-de-uma-das-racas-mais-amadas-do-brasil\/"]}]},{"@type":"ImageObject","inLanguage":"pt-BR","@id":"https:\/\/jornalfatosenoticias.com.br\/index.php\/2021\/06\/21\/pinscher-seis-curiosidades-de-uma-das-racas-mais-amadas-do-brasil\/#primaryimage","url":"https:\/\/jornalfatosenoticias.com.br\/wp-content\/uploads\/2021\/06\/PINSCHER_CAPA.jpg","contentUrl":"https:\/\/jornalfatosenoticias.com.br\/wp-content\/uploads\/2021\/06\/PINSCHER_CAPA.jpg","width":1000,"height":664,"caption":"Miniature Pinscher puppy dog in studio. Looking to the side."},{"@type":"BreadcrumbList","@id":"https:\/\/jornalfatosenoticias.com.br\/index.php\/2021\/06\/21\/pinscher-seis-curiosidades-de-uma-das-racas-mais-amadas-do-brasil\/#breadcrumb","itemListElement":[{"@type":"ListItem","position":1,"name":"In\u00edcio","item":"https:\/\/jornalfatosenoticias.com.br\/"},{"@type":"ListItem","position":2,"name":"Pinscher: seis curiosidades de uma das ra\u00e7as mais amadas do Brasil"}]},{"@type":"WebSite","@id":"https:\/\/jornalfatosenoticias.com.br\/#website","url":"https:\/\/jornalfatosenoticias.com.br\/","name":"Jornal Fatos e Not\u00edcias","description":"Not\u00edcias em geral","publisher":{"@id":"https:\/\/jornalfatosenoticias.com.br\/#organization"},"potentialAction":[{"@type":"SearchAction","target":{"@type":"EntryPoint","urlTemplate":"https:\/\/jornalfatosenoticias.com.br\/?s={search_term_string}"},"query-input":{"@type":"PropertyValueSpecification","valueRequired":true,"valueName":"search_term_string"}}],"inLanguage":"pt-BR"},{"@type":"Organization","@id":"https:\/\/jornalfatosenoticias.com.br\/#organization","name":"Jornal Fatos e Not\u00edcias","url":"https:\/\/jornalfatosenoticias.com.br\/","logo":{"@type":"ImageObject","inLanguage":"pt-BR","@id":"https:\/\/jornalfatosenoticias.com.br\/#\/schema\/logo\/image\/","url":"https:\/\/jornalfatosenoticias.com.br\/wp-content\/uploads\/2020\/02\/logo120.png","contentUrl":"https:\/\/jornalfatosenoticias.com.br\/wp-content\/uploads\/2020\/02\/logo120.png","width":1227,"height":120,"caption":"Jornal Fatos e Not\u00edcias"},"image":{"@id":"https:\/\/jornalfatosenoticias.com.br\/#\/schema\/logo\/image\/"}},{"@type":"Person","@id":"https:\/\/jornalfatosenoticias.com.br\/#\/schema\/person\/d63837fa13ac8666eb9e74e0985d6f81","name":"Luzimara Fernandes","image":{"@type":"ImageObject","inLanguage":"pt-BR","@id":"https:\/\/jornalfatosenoticias.com.br\/#\/schema\/person\/image\/","url":"https:\/\/jornalfatosenoticias.com.br\/wp-content\/uploads\/2025\/05\/EU_portal.jpg","contentUrl":"https:\/\/jornalfatosenoticias.com.br\/wp-content\/uploads\/2025\/05\/EU_portal.jpg","caption":"Luzimara Fernandes"},"description":"Jornalista MTB 2358-ES","sameAs":["https:\/\/jornalfatosenoticias.com.br"],"url":"https:\/\/jornalfatosenoticias.com.br\/index.php\/author\/luzimara\/"}]}},"cc_featured_image_caption":{"caption_text":"(Foto: Monique Rodriguez\/Getty Images\/iStock)","source_text":"","source_url":""},"jetpack_featured_media_url":"https:\/\/jornalfatosenoticias.com.br\/wp-content\/uploads\/2021\/06\/PINSCHER_CAPA.jpg","_links":{"self":[{"href":"https:\/\/jornalfatosenoticias.com.br\/index.php\/wp-json\/wp\/v2\/posts\/19658","targetHints":{"allow":["GET"]}}],"collection":[{"href":"https:\/\/jornalfatosenoticias.com.br\/index.php\/wp-json\/wp\/v2\/posts"}],"about":[{"href":"https:\/\/jornalfatosenoticias.com.br\/index.php\/wp-json\/wp\/v2\/types\/post"}],"author":[{"embeddable":true,"href":"https:\/\/jornalfatosenoticias.com.br\/index.php\/wp-json\/wp\/v2\/users\/2"}],"replies":[{"embeddable":true,"href":"https:\/\/jornalfatosenoticias.com.br\/index.php\/wp-json\/wp\/v2\/comments?post=19658"}],"version-history":[{"count":0,"href":"https:\/\/jornalfatosenoticias.com.br\/index.php\/wp-json\/wp\/v2\/posts\/19658\/revisions"}],"wp:featuredmedia":[{"embeddable":true,"href":"https:\/\/jornalfatosenoticias.com.br\/index.php\/wp-json\/wp\/v2\/media\/19665"}],"wp:attachment":[{"href":"https:\/\/jornalfatosenoticias.com.br\/index.php\/wp-json\/wp\/v2\/media?parent=19658"}],"wp:term":[{"taxonomy":"category","embeddable":true,"href":"https:\/\/jornalfatosenoticias.com.br\/index.php\/wp-json\/wp\/v2\/categories?post=19658"},{"taxonomy":"post_tag","embeddable":true,"href":"https:\/\/jornalfatosenoticias.com.br\/index.php\/wp-json\/wp\/v2\/tags?post=19658"}],"curies":[{"name":"wp","href":"https:\/\/api.w.org\/{rel}","templated":true}]}}