{"id":1966,"date":"2020-03-11T14:57:24","date_gmt":"2020-03-11T17:57:24","guid":{"rendered":"https:\/\/jornalfatosenoticias.com.br\/?p=1966"},"modified":"2020-03-11T14:57:30","modified_gmt":"2020-03-11T17:57:30","slug":"abertas-as-inscricoes-para-estagio-no-governo-do-estado","status":"publish","type":"post","link":"https:\/\/jornalfatosenoticias.com.br\/index.php\/2020\/03\/11\/abertas-as-inscricoes-para-estagio-no-governo-do-estado\/","title":{"rendered":"Abertas as inscri\u00e7\u00f5es para est\u00e1gio no Governo do Estado"},"content":{"rendered":"\n<h6 class=\"wp-block-heading\"><em>Ao todo, ser\u00e3o ofertadas 1.835 vagas de est\u00e1gio em 2020<\/em><\/h6>\n\n\n\n<p>Est\u00e3o abertas as inscri\u00e7\u00f5es para o cadastro geral do programa Jovens Valores. Ao todo, ser\u00e3o ofertadas 1.835 vagas de est\u00e1gio em 2020. Para concorrer, o candidato precisa ter, no m\u00ednimo, 16 anos de idade, estar matriculado e frequentando regularmente uma institui\u00e7\u00e3o de ensino e n\u00e3o possuir v\u00ednculo empregat\u00edcio. O cadastro deve ser efetuado pelo site www.jovensvalores.es.gov.br.<br>\nAl\u00e9m do ensino m\u00e9dio, o Programa Jovens Valores contempla cerca de 60 forma\u00e7\u00f5es de n\u00edveis T\u00e9cnico e Superior. H\u00e1 oportunidades para estudantes de Administra\u00e7\u00e3o, Arquivologia, Biblioteconomia, Direito, Educa\u00e7\u00e3o F\u00edsica, Jornalismo, Publicidade e Propaganda, Tecnologia da Informa\u00e7\u00e3o, entre outros cursos. O est\u00e1gio tem carga hor\u00e1ria de 20 horas semanais, bolsa mensal no valor de R$ 619,91, uniforme e vale-transporte.<br>\nA sele\u00e7\u00e3o para o est\u00e1gio prioriza crit\u00e9rios como: renda per capita; participa\u00e7\u00e3o nos programas Nossa Bolsa, Bolsa Fam\u00edlia e ProUni; ingresso em universidades e institutos federais por meio de cotas; jovens em acolhimento institucional e que cumprem ou cumpriram medida socioeducativa. Tamb\u00e9m s\u00e3o priorizados os candidatos residentes em bairros atendidos pelo programa Estado Presente em Defesa da Vida.<br>\n\u201cO est\u00e1gio \u00e9 uma oportunidade para os estudantes vivenciarem o ambiente do mercado de trabalho, aprenderem com profissionais de diferentes \u00e1reas, ampliarem os contatos e desenvolverem novas habilidades. Por isso, \u00e9 muito importante que os interessados fiquem atentos ao prazo das inscri\u00e7\u00f5es para concorrerem \u00e0s vagas durante o ano\u201d, ressaltou a secret\u00e1ria de Estado de Gest\u00e3o e Recursos Humanos, Lenise Loureiro.<\/p>\n\n\n\n<h4 class=\"wp-block-heading\">Escola de tempo integral<\/h4>\n\n\n\n<p>Neste ano, do total de vagas, 835 vagas ser\u00e3o destinadas exclusivamente a estudantes do ensino m\u00e9dio da Rede Estadual que estejam matriculados em escolas de Tempo Integral com carga hor\u00e1ria de 7 horas\/dia e tamb\u00e9m para alunos do tempo parcial que pe\u00e7am transfer\u00eancia para essa oferta.<br>\nQuem tiver interesse em participar deve confirmar a oferta de vaga na escola em que deseja estudar no per\u00edodo integral. Confirmada a vaga, o aluno deve solicitar \u00e0 escola onde est\u00e1 matriculado a declara\u00e7\u00e3o de transfer\u00eancia e lev\u00e1-la at\u00e9 a escola integral integrada, juntamente com o respons\u00e1vel e os documentos necess\u00e1rios.<br>\nOs estudantes estudar\u00e3o na modalidade ensino m\u00e9dio integral integrado ao curso t\u00e9cnico no turno da tarde (de 12h20 \u00e0s 19h20). Os alunos que optarem por esta oportunidade poder\u00e3o estagiar em \u00f3rg\u00e3os p\u00fablicos pelo prazo m\u00e1ximo de at\u00e9 dois anos, com carga hor\u00e1ria de 4 horas\/dia, no per\u00edodo matutino, com direito \u00e0 bolsa de est\u00e1gio no valor de R$ 619,91, uniforme e aux\u00edlio transporte.<\/p>\n\n\n\n<p><strong><em>Fonte: Governo do ES<\/em><\/strong><\/p>\n","protected":false},"excerpt":{"rendered":"<p>Ao todo, ser\u00e3o ofertadas 1.835 vagas de est\u00e1gio em 2020 Est\u00e3o abertas as inscri\u00e7\u00f5es para o cadastro geral do programa Jovens Valores. Ao todo, ser\u00e3o ofertadas 1.835 vagas de est\u00e1gio em 2020. Para concorrer, o candidato precisa ter, no m\u00ednimo, 16 anos de idade, estar matriculado e frequentando regularmente uma institui\u00e7\u00e3o de ensino e n\u00e3o [&hellip;]<\/p>\n","protected":false},"author":2,"featured_media":1967,"comment_status":"open","ping_status":"open","sticky":false,"template":"","format":"standard","meta":{"footnotes":""},"categories":[9],"tags":[539,540,538],"class_list":["post-1966","post","type-post","status-publish","format-standard","has-post-thumbnail","hentry","category-economia","tag-es","tag-estagio","tag-programa-jovens-valores"],"yoast_head":"<!-- This site is optimized with the Yoast SEO plugin v26.5 - https:\/\/yoast.com\/wordpress\/plugins\/seo\/ -->\n<title>Abertas as inscri\u00e7\u00f5es para est\u00e1gio no Governo do Estado - Jornal Fatos e Not\u00edcias<\/title>\n<meta name=\"robots\" content=\"index, follow, max-snippet:-1, max-image-preview:large, max-video-preview:-1\" \/>\n<link rel=\"canonical\" href=\"https:\/\/jornalfatosenoticias.com.br\/index.php\/2020\/03\/11\/abertas-as-inscricoes-para-estagio-no-governo-do-estado\/\" \/>\n<meta property=\"og:locale\" content=\"pt_BR\" \/>\n<meta property=\"og:type\" content=\"article\" \/>\n<meta property=\"og:title\" content=\"Abertas as inscri\u00e7\u00f5es para est\u00e1gio no Governo do Estado - Jornal Fatos e Not\u00edcias\" \/>\n<meta property=\"og:description\" content=\"Ao todo, ser\u00e3o ofertadas 1.835 vagas de est\u00e1gio em 2020 Est\u00e3o abertas as inscri\u00e7\u00f5es para o cadastro geral do programa Jovens Valores. Ao todo, ser\u00e3o ofertadas 1.835 vagas de est\u00e1gio em 2020. Para concorrer, o candidato precisa ter, no m\u00ednimo, 16 anos de idade, estar matriculado e frequentando regularmente uma institui\u00e7\u00e3o de ensino e n\u00e3o [&hellip;]\" \/>\n<meta property=\"og:url\" content=\"https:\/\/jornalfatosenoticias.com.br\/index.php\/2020\/03\/11\/abertas-as-inscricoes-para-estagio-no-governo-do-estado\/\" \/>\n<meta property=\"og:site_name\" content=\"Jornal Fatos e Not\u00edcias\" \/>\n<meta property=\"article:published_time\" content=\"2020-03-11T17:57:24+00:00\" \/>\n<meta property=\"article:modified_time\" content=\"2020-03-11T17:57:30+00:00\" \/>\n<meta property=\"og:image\" content=\"https:\/\/jornalfatosenoticias.com.br\/wp-content\/uploads\/2020\/03\/jovens-valores.jpeg\" \/>\n\t<meta property=\"og:image:width\" content=\"980\" \/>\n\t<meta property=\"og:image:height\" content=\"980\" \/>\n\t<meta property=\"og:image:type\" content=\"image\/jpeg\" \/>\n<meta name=\"author\" content=\"Luzimara Fernandes\" \/>\n<meta name=\"twitter:card\" content=\"summary_large_image\" \/>\n<meta name=\"twitter:label1\" content=\"Escrito por\" \/>\n\t<meta name=\"twitter:data1\" content=\"Luzimara Fernandes\" \/>\n\t<meta name=\"twitter:label2\" content=\"Est. tempo de leitura\" \/>\n\t<meta name=\"twitter:data2\" content=\"2 minutos\" \/>\n<script type=\"application\/ld+json\" class=\"yoast-schema-graph\">{\"@context\":\"https:\/\/schema.org\",\"@graph\":[{\"@type\":\"Article\",\"@id\":\"https:\/\/jornalfatosenoticias.com.br\/index.php\/2020\/03\/11\/abertas-as-inscricoes-para-estagio-no-governo-do-estado\/#article\",\"isPartOf\":{\"@id\":\"https:\/\/jornalfatosenoticias.com.br\/index.php\/2020\/03\/11\/abertas-as-inscricoes-para-estagio-no-governo-do-estado\/\"},\"author\":{\"name\":\"Luzimara Fernandes\",\"@id\":\"https:\/\/jornalfatosenoticias.com.br\/#\/schema\/person\/d63837fa13ac8666eb9e74e0985d6f81\"},\"headline\":\"Abertas as inscri\u00e7\u00f5es para est\u00e1gio no Governo do Estado\",\"datePublished\":\"2020-03-11T17:57:24+00:00\",\"dateModified\":\"2020-03-11T17:57:30+00:00\",\"mainEntityOfPage\":{\"@id\":\"https:\/\/jornalfatosenoticias.com.br\/index.php\/2020\/03\/11\/abertas-as-inscricoes-para-estagio-no-governo-do-estado\/\"},\"wordCount\":468,\"commentCount\":0,\"publisher\":{\"@id\":\"https:\/\/jornalfatosenoticias.com.br\/#organization\"},\"image\":{\"@id\":\"https:\/\/jornalfatosenoticias.com.br\/index.php\/2020\/03\/11\/abertas-as-inscricoes-para-estagio-no-governo-do-estado\/#primaryimage\"},\"thumbnailUrl\":\"https:\/\/jornalfatosenoticias.com.br\/wp-content\/uploads\/2020\/03\/jovens-valores.jpeg\",\"keywords\":[\"ES\",\"est\u00e1gio\",\"programa Jovens Valores\"],\"articleSection\":[\"Economia\"],\"inLanguage\":\"pt-BR\",\"potentialAction\":[{\"@type\":\"CommentAction\",\"name\":\"Comment\",\"target\":[\"https:\/\/jornalfatosenoticias.com.br\/index.php\/2020\/03\/11\/abertas-as-inscricoes-para-estagio-no-governo-do-estado\/#respond\"]}]},{\"@type\":\"WebPage\",\"@id\":\"https:\/\/jornalfatosenoticias.com.br\/index.php\/2020\/03\/11\/abertas-as-inscricoes-para-estagio-no-governo-do-estado\/\",\"url\":\"https:\/\/jornalfatosenoticias.com.br\/index.php\/2020\/03\/11\/abertas-as-inscricoes-para-estagio-no-governo-do-estado\/\",\"name\":\"Abertas as inscri\u00e7\u00f5es para est\u00e1gio no Governo do Estado - Jornal Fatos e Not\u00edcias\",\"isPartOf\":{\"@id\":\"https:\/\/jornalfatosenoticias.com.br\/#website\"},\"primaryImageOfPage\":{\"@id\":\"https:\/\/jornalfatosenoticias.com.br\/index.php\/2020\/03\/11\/abertas-as-inscricoes-para-estagio-no-governo-do-estado\/#primaryimage\"},\"image\":{\"@id\":\"https:\/\/jornalfatosenoticias.com.br\/index.php\/2020\/03\/11\/abertas-as-inscricoes-para-estagio-no-governo-do-estado\/#primaryimage\"},\"thumbnailUrl\":\"https:\/\/jornalfatosenoticias.com.br\/wp-content\/uploads\/2020\/03\/jovens-valores.jpeg\",\"datePublished\":\"2020-03-11T17:57:24+00:00\",\"dateModified\":\"2020-03-11T17:57:30+00:00\",\"breadcrumb\":{\"@id\":\"https:\/\/jornalfatosenoticias.com.br\/index.php\/2020\/03\/11\/abertas-as-inscricoes-para-estagio-no-governo-do-estado\/#breadcrumb\"},\"inLanguage\":\"pt-BR\",\"potentialAction\":[{\"@type\":\"ReadAction\",\"target\":[\"https:\/\/jornalfatosenoticias.com.br\/index.php\/2020\/03\/11\/abertas-as-inscricoes-para-estagio-no-governo-do-estado\/\"]}]},{\"@type\":\"ImageObject\",\"inLanguage\":\"pt-BR\",\"@id\":\"https:\/\/jornalfatosenoticias.com.br\/index.php\/2020\/03\/11\/abertas-as-inscricoes-para-estagio-no-governo-do-estado\/#primaryimage\",\"url\":\"https:\/\/jornalfatosenoticias.com.br\/wp-content\/uploads\/2020\/03\/jovens-valores.jpeg\",\"contentUrl\":\"https:\/\/jornalfatosenoticias.com.br\/wp-content\/uploads\/2020\/03\/jovens-valores.jpeg\",\"width\":980,\"height\":980},{\"@type\":\"BreadcrumbList\",\"@id\":\"https:\/\/jornalfatosenoticias.com.br\/index.php\/2020\/03\/11\/abertas-as-inscricoes-para-estagio-no-governo-do-estado\/#breadcrumb\",\"itemListElement\":[{\"@type\":\"ListItem\",\"position\":1,\"name\":\"In\u00edcio\",\"item\":\"https:\/\/jornalfatosenoticias.com.br\/\"},{\"@type\":\"ListItem\",\"position\":2,\"name\":\"Abertas as inscri\u00e7\u00f5es para est\u00e1gio no Governo do Estado\"}]},{\"@type\":\"WebSite\",\"@id\":\"https:\/\/jornalfatosenoticias.com.br\/#website\",\"url\":\"https:\/\/jornalfatosenoticias.com.br\/\",\"name\":\"Jornal Fatos e Not\u00edcias\",\"description\":\"Not\u00edcias em geral\",\"publisher\":{\"@id\":\"https:\/\/jornalfatosenoticias.com.br\/#organization\"},\"potentialAction\":[{\"@type\":\"SearchAction\",\"target\":{\"@type\":\"EntryPoint\",\"urlTemplate\":\"https:\/\/jornalfatosenoticias.com.br\/?s={search_term_string}\"},\"query-input\":{\"@type\":\"PropertyValueSpecification\",\"valueRequired\":true,\"valueName\":\"search_term_string\"}}],\"inLanguage\":\"pt-BR\"},{\"@type\":\"Organization\",\"@id\":\"https:\/\/jornalfatosenoticias.com.br\/#organization\",\"name\":\"Jornal Fatos e Not\u00edcias\",\"url\":\"https:\/\/jornalfatosenoticias.com.br\/\",\"logo\":{\"@type\":\"ImageObject\",\"inLanguage\":\"pt-BR\",\"@id\":\"https:\/\/jornalfatosenoticias.com.br\/#\/schema\/logo\/image\/\",\"url\":\"https:\/\/jornalfatosenoticias.com.br\/wp-content\/uploads\/2020\/02\/logo120.png\",\"contentUrl\":\"https:\/\/jornalfatosenoticias.com.br\/wp-content\/uploads\/2020\/02\/logo120.png\",\"width\":1227,\"height\":120,\"caption\":\"Jornal Fatos e Not\u00edcias\"},\"image\":{\"@id\":\"https:\/\/jornalfatosenoticias.com.br\/#\/schema\/logo\/image\/\"}},{\"@type\":\"Person\",\"@id\":\"https:\/\/jornalfatosenoticias.com.br\/#\/schema\/person\/d63837fa13ac8666eb9e74e0985d6f81\",\"name\":\"Luzimara Fernandes\",\"image\":{\"@type\":\"ImageObject\",\"inLanguage\":\"pt-BR\",\"@id\":\"https:\/\/jornalfatosenoticias.com.br\/#\/schema\/person\/image\/\",\"url\":\"https:\/\/jornalfatosenoticias.com.br\/wp-content\/uploads\/2025\/05\/EU_portal.jpg\",\"contentUrl\":\"https:\/\/jornalfatosenoticias.com.br\/wp-content\/uploads\/2025\/05\/EU_portal.jpg\",\"caption\":\"Luzimara Fernandes\"},\"description\":\"Jornalista MTB 2358-ES\",\"sameAs\":[\"https:\/\/jornalfatosenoticias.com.br\"],\"url\":\"https:\/\/jornalfatosenoticias.com.br\/index.php\/author\/luzimara\/\"}]}<\/script>\n<!-- \/ Yoast SEO plugin. -->","yoast_head_json":{"title":"Abertas as inscri\u00e7\u00f5es para est\u00e1gio no Governo do Estado - Jornal Fatos e Not\u00edcias","robots":{"index":"index","follow":"follow","max-snippet":"max-snippet:-1","max-image-preview":"max-image-preview:large","max-video-preview":"max-video-preview:-1"},"canonical":"https:\/\/jornalfatosenoticias.com.br\/index.php\/2020\/03\/11\/abertas-as-inscricoes-para-estagio-no-governo-do-estado\/","og_locale":"pt_BR","og_type":"article","og_title":"Abertas as inscri\u00e7\u00f5es para est\u00e1gio no Governo do Estado - Jornal Fatos e Not\u00edcias","og_description":"Ao todo, ser\u00e3o ofertadas 1.835 vagas de est\u00e1gio em 2020 Est\u00e3o abertas as inscri\u00e7\u00f5es para o cadastro geral do programa Jovens Valores. Ao todo, ser\u00e3o ofertadas 1.835 vagas de est\u00e1gio em 2020. Para concorrer, o candidato precisa ter, no m\u00ednimo, 16 anos de idade, estar matriculado e frequentando regularmente uma institui\u00e7\u00e3o de ensino e n\u00e3o [&hellip;]","og_url":"https:\/\/jornalfatosenoticias.com.br\/index.php\/2020\/03\/11\/abertas-as-inscricoes-para-estagio-no-governo-do-estado\/","og_site_name":"Jornal Fatos e Not\u00edcias","article_published_time":"2020-03-11T17:57:24+00:00","article_modified_time":"2020-03-11T17:57:30+00:00","og_image":[{"width":980,"height":980,"url":"https:\/\/jornalfatosenoticias.com.br\/wp-content\/uploads\/2020\/03\/jovens-valores.jpeg","type":"image\/jpeg"}],"author":"Luzimara Fernandes","twitter_card":"summary_large_image","twitter_misc":{"Escrito por":"Luzimara Fernandes","Est. tempo de leitura":"2 minutos"},"schema":{"@context":"https:\/\/schema.org","@graph":[{"@type":"Article","@id":"https:\/\/jornalfatosenoticias.com.br\/index.php\/2020\/03\/11\/abertas-as-inscricoes-para-estagio-no-governo-do-estado\/#article","isPartOf":{"@id":"https:\/\/jornalfatosenoticias.com.br\/index.php\/2020\/03\/11\/abertas-as-inscricoes-para-estagio-no-governo-do-estado\/"},"author":{"name":"Luzimara Fernandes","@id":"https:\/\/jornalfatosenoticias.com.br\/#\/schema\/person\/d63837fa13ac8666eb9e74e0985d6f81"},"headline":"Abertas as inscri\u00e7\u00f5es para est\u00e1gio no Governo do Estado","datePublished":"2020-03-11T17:57:24+00:00","dateModified":"2020-03-11T17:57:30+00:00","mainEntityOfPage":{"@id":"https:\/\/jornalfatosenoticias.com.br\/index.php\/2020\/03\/11\/abertas-as-inscricoes-para-estagio-no-governo-do-estado\/"},"wordCount":468,"commentCount":0,"publisher":{"@id":"https:\/\/jornalfatosenoticias.com.br\/#organization"},"image":{"@id":"https:\/\/jornalfatosenoticias.com.br\/index.php\/2020\/03\/11\/abertas-as-inscricoes-para-estagio-no-governo-do-estado\/#primaryimage"},"thumbnailUrl":"https:\/\/jornalfatosenoticias.com.br\/wp-content\/uploads\/2020\/03\/jovens-valores.jpeg","keywords":["ES","est\u00e1gio","programa Jovens Valores"],"articleSection":["Economia"],"inLanguage":"pt-BR","potentialAction":[{"@type":"CommentAction","name":"Comment","target":["https:\/\/jornalfatosenoticias.com.br\/index.php\/2020\/03\/11\/abertas-as-inscricoes-para-estagio-no-governo-do-estado\/#respond"]}]},{"@type":"WebPage","@id":"https:\/\/jornalfatosenoticias.com.br\/index.php\/2020\/03\/11\/abertas-as-inscricoes-para-estagio-no-governo-do-estado\/","url":"https:\/\/jornalfatosenoticias.com.br\/index.php\/2020\/03\/11\/abertas-as-inscricoes-para-estagio-no-governo-do-estado\/","name":"Abertas as inscri\u00e7\u00f5es para est\u00e1gio no Governo do Estado - Jornal Fatos e Not\u00edcias","isPartOf":{"@id":"https:\/\/jornalfatosenoticias.com.br\/#website"},"primaryImageOfPage":{"@id":"https:\/\/jornalfatosenoticias.com.br\/index.php\/2020\/03\/11\/abertas-as-inscricoes-para-estagio-no-governo-do-estado\/#primaryimage"},"image":{"@id":"https:\/\/jornalfatosenoticias.com.br\/index.php\/2020\/03\/11\/abertas-as-inscricoes-para-estagio-no-governo-do-estado\/#primaryimage"},"thumbnailUrl":"https:\/\/jornalfatosenoticias.com.br\/wp-content\/uploads\/2020\/03\/jovens-valores.jpeg","datePublished":"2020-03-11T17:57:24+00:00","dateModified":"2020-03-11T17:57:30+00:00","breadcrumb":{"@id":"https:\/\/jornalfatosenoticias.com.br\/index.php\/2020\/03\/11\/abertas-as-inscricoes-para-estagio-no-governo-do-estado\/#breadcrumb"},"inLanguage":"pt-BR","potentialAction":[{"@type":"ReadAction","target":["https:\/\/jornalfatosenoticias.com.br\/index.php\/2020\/03\/11\/abertas-as-inscricoes-para-estagio-no-governo-do-estado\/"]}]},{"@type":"ImageObject","inLanguage":"pt-BR","@id":"https:\/\/jornalfatosenoticias.com.br\/index.php\/2020\/03\/11\/abertas-as-inscricoes-para-estagio-no-governo-do-estado\/#primaryimage","url":"https:\/\/jornalfatosenoticias.com.br\/wp-content\/uploads\/2020\/03\/jovens-valores.jpeg","contentUrl":"https:\/\/jornalfatosenoticias.com.br\/wp-content\/uploads\/2020\/03\/jovens-valores.jpeg","width":980,"height":980},{"@type":"BreadcrumbList","@id":"https:\/\/jornalfatosenoticias.com.br\/index.php\/2020\/03\/11\/abertas-as-inscricoes-para-estagio-no-governo-do-estado\/#breadcrumb","itemListElement":[{"@type":"ListItem","position":1,"name":"In\u00edcio","item":"https:\/\/jornalfatosenoticias.com.br\/"},{"@type":"ListItem","position":2,"name":"Abertas as inscri\u00e7\u00f5es para est\u00e1gio no Governo do Estado"}]},{"@type":"WebSite","@id":"https:\/\/jornalfatosenoticias.com.br\/#website","url":"https:\/\/jornalfatosenoticias.com.br\/","name":"Jornal Fatos e Not\u00edcias","description":"Not\u00edcias em geral","publisher":{"@id":"https:\/\/jornalfatosenoticias.com.br\/#organization"},"potentialAction":[{"@type":"SearchAction","target":{"@type":"EntryPoint","urlTemplate":"https:\/\/jornalfatosenoticias.com.br\/?s={search_term_string}"},"query-input":{"@type":"PropertyValueSpecification","valueRequired":true,"valueName":"search_term_string"}}],"inLanguage":"pt-BR"},{"@type":"Organization","@id":"https:\/\/jornalfatosenoticias.com.br\/#organization","name":"Jornal Fatos e Not\u00edcias","url":"https:\/\/jornalfatosenoticias.com.br\/","logo":{"@type":"ImageObject","inLanguage":"pt-BR","@id":"https:\/\/jornalfatosenoticias.com.br\/#\/schema\/logo\/image\/","url":"https:\/\/jornalfatosenoticias.com.br\/wp-content\/uploads\/2020\/02\/logo120.png","contentUrl":"https:\/\/jornalfatosenoticias.com.br\/wp-content\/uploads\/2020\/02\/logo120.png","width":1227,"height":120,"caption":"Jornal Fatos e Not\u00edcias"},"image":{"@id":"https:\/\/jornalfatosenoticias.com.br\/#\/schema\/logo\/image\/"}},{"@type":"Person","@id":"https:\/\/jornalfatosenoticias.com.br\/#\/schema\/person\/d63837fa13ac8666eb9e74e0985d6f81","name":"Luzimara Fernandes","image":{"@type":"ImageObject","inLanguage":"pt-BR","@id":"https:\/\/jornalfatosenoticias.com.br\/#\/schema\/person\/image\/","url":"https:\/\/jornalfatosenoticias.com.br\/wp-content\/uploads\/2025\/05\/EU_portal.jpg","contentUrl":"https:\/\/jornalfatosenoticias.com.br\/wp-content\/uploads\/2025\/05\/EU_portal.jpg","caption":"Luzimara Fernandes"},"description":"Jornalista MTB 2358-ES","sameAs":["https:\/\/jornalfatosenoticias.com.br"],"url":"https:\/\/jornalfatosenoticias.com.br\/index.php\/author\/luzimara\/"}]}},"cc_featured_image_caption":{"caption_text":"Programa Jovens Valores (Foto: Divulga\u00e7\u00e3o\/Ascom Governo do ES)","source_text":"","source_url":""},"jetpack_featured_media_url":"https:\/\/jornalfatosenoticias.com.br\/wp-content\/uploads\/2020\/03\/jovens-valores.jpeg","_links":{"self":[{"href":"https:\/\/jornalfatosenoticias.com.br\/index.php\/wp-json\/wp\/v2\/posts\/1966","targetHints":{"allow":["GET"]}}],"collection":[{"href":"https:\/\/jornalfatosenoticias.com.br\/index.php\/wp-json\/wp\/v2\/posts"}],"about":[{"href":"https:\/\/jornalfatosenoticias.com.br\/index.php\/wp-json\/wp\/v2\/types\/post"}],"author":[{"embeddable":true,"href":"https:\/\/jornalfatosenoticias.com.br\/index.php\/wp-json\/wp\/v2\/users\/2"}],"replies":[{"embeddable":true,"href":"https:\/\/jornalfatosenoticias.com.br\/index.php\/wp-json\/wp\/v2\/comments?post=1966"}],"version-history":[{"count":0,"href":"https:\/\/jornalfatosenoticias.com.br\/index.php\/wp-json\/wp\/v2\/posts\/1966\/revisions"}],"wp:featuredmedia":[{"embeddable":true,"href":"https:\/\/jornalfatosenoticias.com.br\/index.php\/wp-json\/wp\/v2\/media\/1967"}],"wp:attachment":[{"href":"https:\/\/jornalfatosenoticias.com.br\/index.php\/wp-json\/wp\/v2\/media?parent=1966"}],"wp:term":[{"taxonomy":"category","embeddable":true,"href":"https:\/\/jornalfatosenoticias.com.br\/index.php\/wp-json\/wp\/v2\/categories?post=1966"},{"taxonomy":"post_tag","embeddable":true,"href":"https:\/\/jornalfatosenoticias.com.br\/index.php\/wp-json\/wp\/v2\/tags?post=1966"}],"curies":[{"name":"wp","href":"https:\/\/api.w.org\/{rel}","templated":true}]}}