{"id":19688,"date":"2021-06-22T08:59:50","date_gmt":"2021-06-22T11:59:50","guid":{"rendered":"https:\/\/jornalfatosenoticias.com.br\/?p=19688"},"modified":"2021-06-22T08:59:55","modified_gmt":"2021-06-22T11:59:55","slug":"mitos-afastam-alunos-da-matematica-como-a-escola-pode-virar-o-jogo","status":"publish","type":"post","link":"https:\/\/jornalfatosenoticias.com.br\/index.php\/2021\/06\/22\/mitos-afastam-alunos-da-matematica-como-a-escola-pode-virar-o-jogo\/","title":{"rendered":"Mitos afastam alunos da matem\u00e1tica. Como a escola pode virar o jogo?"},"content":{"rendered":"\n<p><em><span class=\"has-inline-color has-black-color\">Especialistas refletem sobre em que momento da trajet\u00f3ria escolar as crian\u00e7as come\u00e7am a acreditar que n\u00e3o conseguem aprender matem\u00e1tica e como mudar esse cen\u00e1rio<\/span><\/em><\/p>\n\n\n\n<p>\u201cEu sou de humanas, e n\u00e3o de exatas\u201d. Provavelmente, voc\u00ea j\u00e1 deve ter ouvido ou at\u00e9 mesmo repetido essa frase em algum momento da vida. Por tr\u00e1s de uma express\u00e3o que se tornou popular, quase como uma justificativa para driblar a falta de interesse em lidar com quest\u00f5es matem\u00e1ticas, \u00e9 comum tamb\u00e9m surgirem ideias equivocadas de que \u00e9 preciso ter dom ou pensar r\u00e1pido para aprender matem\u00e1tica.<br>E a consequ\u00eancia desse mito, claro, tamb\u00e9m se reflete no desempenho escolar de crian\u00e7as e jovens no Pa\u00eds: apenas 5% dos estudantes chegam ao final do ensino m\u00e9dio com aprendizado adequado em matem\u00e1tica, segundo a edi\u00e7\u00e3o de 2019 do Sistema Nacional de Avalia\u00e7\u00e3o da Educa\u00e7\u00e3o B\u00e1sica (Saeb). Sete em cada dez estudantes brasileiros de 15 anos n\u00e3o possuem n\u00edvel b\u00e1sico de matem\u00e1tica conforme dados do Programa Internacional de Avalia\u00e7\u00e3o de Alunos (Pisa).<\/p>\n\n\n\n<p><strong><span class=\"has-inline-color has-black-color\">Baixe infogr\u00e1fico:<\/span><\/strong><a href=\"https:\/\/porvir.org\/infografico-todos-podem-aprender-matematica\/\"> <strong>Todos podem aprender matem\u00e1tica<\/strong><\/a><\/p>\n\n\n\n<p>O pensamento de que apenas algumas pessoas podem aprender matem\u00e1tica, apesar de presente no imagin\u00e1rio de alguns brasileiros, contraria o que dizem as pesquisas de neuroci\u00eancia e ci\u00eancias da aprendizagem, ao demonstrarem que o c\u00e9rebro cresce e se modifica, possibilitando in\u00fameros aprendizados ao longo da vida. Mas, se est\u00e1 cientificamente comprovado que todos podem dominar a matem\u00e1tica em altos n\u00edveis, em que momento da trajet\u00f3ria escolar as crian\u00e7as come\u00e7am a adquirir ansiedade matem\u00e1tica? O que acontece na sala de aula para diminuir a confian\u00e7a delas?<br>Para a professora do ensino m\u00e9dio Annelise Maymone, que tamb\u00e9m atua com a forma\u00e7\u00e3o de professores no estado do Cear\u00e1 e em cursos superiores de pedagogia e matem\u00e1tica, n\u00e3o existe uma resposta \u00fanica para essa pergunta, j\u00e1 que cada crian\u00e7a tem uma jornada. \u201cN\u00e3o acho que existe um momento espec\u00edfico em que todas as crian\u00e7as come\u00e7am a ter dificuldade em matem\u00e1tica. Isso pode acontecer na educa\u00e7\u00e3o infantil, no fundamental e no ensino m\u00e9dio\u201d, afirma. No entanto, ela reconhece que existem pontos de aten\u00e7\u00e3o que devem ser considerados pelos educadores ao longo da trajet\u00f3ria escolar.<\/p>\n\n\n\n<blockquote class=\"wp-block-quote is-layout-flow wp-block-quote-is-layout-flow\"><p><span class=\"has-inline-color has-luminous-vivid-orange-color\">&#8220;N\u00e3o acho que existe um momento espec\u00edfico em que todas as crian\u00e7as come\u00e7am a ter dificuldade em matem\u00e1tica. Isso pode acontecer na educa\u00e7\u00e3o infantil, no fundamental e no ensino m\u00e9dio&#8221;<\/span><\/p><\/blockquote>\n\n\n\n<p>Entre eles, Annelise destaca tanto a constru\u00e7\u00e3o de bases na educa\u00e7\u00e3o infantil quanto a transi\u00e7\u00e3o entre etapas, principalmente dos anos iniciais para os finais do ensino fundamental, quando os estudantes passam a lidar com muitas mudan\u00e7as na rotina escolar\u201d. Antes, eles tinham aquela professora que conhecia e acompanhava todas as dificuldades. Agora, a partir do sexto ano, tem um professor de matem\u00e1tica que tem menos tempo com essa crian\u00e7a\u201d, explica.<br>Associados a todos esses pontos de aten\u00e7\u00e3o, tamb\u00e9m entram na lista a forma como a matem\u00e1tica \u00e9 apresentada aos estudantes, de modo pouco visual e conectado com a vida, a transi\u00e7\u00e3o dos conte\u00fados do campo concreto para o abstrato e at\u00e9 mesmo situa\u00e7\u00f5es em que a crian\u00e7a foi exposta, em casa ou na sala de aula, que reduziram o seu n\u00edvel de confian\u00e7a.<br>A diretora pedag\u00f3gica do Instituto Sidarta, Cl\u00e1udia Siqueira, tamb\u00e9m refor\u00e7a alguns pontos de aten\u00e7\u00e3o, como a pr\u00f3pria constru\u00e7\u00e3o hist\u00f3rica e social do lugar em que a matem\u00e1tica ocupa dentro de uma sala de aula. \u201cO que vimos dentro da pesquisa da Rachel Lotan [professora e pesquisadora da Universidade de Stanford, nos Estados Unidos], \u00e9 que a matem\u00e1tica, historicamente, \u00e9 o que d\u00e1 maior status dentro de uma sala de aula\u201d, afirma. Por esse motivo, muitas vezes, os estudantes come\u00e7am a acreditar que apenas alguns s\u00e3o capazes de lidar com quest\u00f5es matem\u00e1ticas ou pensam que quem \u00e9 bom em matem\u00e1tica \u00e9 mais inteligente.<\/p>\n\n\n\n<blockquote class=\"wp-block-quote is-layout-flow wp-block-quote-is-layout-flow\"><p><span class=\"has-inline-color has-luminous-vivid-orange-color\">&#8220;Quando pensamos em tempos e espa\u00e7os, s\u00e3o os tempos e espa\u00e7os dessa aprendizagem, e foi normalizado que matem\u00e1tica \u00e9 velocidade. Isso tem feito com que meninas a partir de nove anos comecem a acreditar que n\u00e3o s\u00e3o boas em matem\u00e1tica&#8221;<\/span><\/p><\/blockquote>\n\n\n\n<p>Ela tamb\u00e9m chama a aten\u00e7\u00e3o para a necessidade de refletir sobre os tempos e espa\u00e7os dentro da escola. \u201cQuando pensamos em tempos e espa\u00e7os, s\u00e3o os tempos e espa\u00e7os dessa aprendizagem, e foi normalizado que matem\u00e1tica \u00e9 velocidade. Isso tem feito com que meninas a partir de nove anos comecem a acreditar que n\u00e3o s\u00e3o boas em matem\u00e1tica\u201d, aponta, ao tamb\u00e9m expor a situa\u00e7\u00e3o de g\u00eanero que est\u00e1 presente nesse cen\u00e1rio.<\/p>\n\n\n\n<figure class=\"wp-block-image size-large is-style-default\"><img loading=\"lazy\" decoding=\"async\" width=\"1000\" height=\"666\" src=\"https:\/\/jornalfatosenoticias.com.br\/wp-content\/uploads\/2021\/06\/matematica2_Getty-Images_iStock.jpg\" alt=\"\" class=\"wp-image-19689\" srcset=\"https:\/\/jornalfatosenoticias.com.br\/wp-content\/uploads\/2021\/06\/matematica2_Getty-Images_iStock.jpg 1000w, https:\/\/jornalfatosenoticias.com.br\/wp-content\/uploads\/2021\/06\/matematica2_Getty-Images_iStock-300x200.jpg 300w, https:\/\/jornalfatosenoticias.com.br\/wp-content\/uploads\/2021\/06\/matematica2_Getty-Images_iStock-768x511.jpg 768w\" sizes=\"auto, (max-width: 1000px) 100vw, 1000px\" \/><figcaption><em><span class=\"has-inline-color has-black-color\">Crian\u00e7as brincando com quebra-cabe\u00e7a de n\u00fameros, conceito de educa\u00e7\u00e3o (Foto: Getty Images\/iStock)<\/span><\/em><\/figcaption><\/figure>\n\n\n\n<p><strong><span class=\"has-inline-color has-black-color\">Como mudar desconstruir mitos e aproximar estudantes da matem\u00e1tica<br><\/span><\/strong>Entre uma s\u00e9rie de fatores que refor\u00e7am a convic\u00e7\u00e3o equivocada de que nem todos os estudantes podem aprender matem\u00e1tica em altos n\u00edveis, qual \u00e9 o caminho para promover uma mudan\u00e7a de mentalidade? Na primeira mat\u00e9ria da s\u00e9rie \u201c<a href=\"https:\/\/porvir.org\/todos-podem-aprender-matematica-pesquisadores-e-especialistas-garantem-que-sim\/\" rel=\"noreferrer noopener\" target=\"_blank\">Todos Podem Aprender Matem\u00e1tica<\/a>\u201d, produzida pelo\u00a0<strong>Porvir<\/strong> em parceria com o Programa Mentalidades Matem\u00e1ticas, do Instituto Sidarta, j\u00e1 foram apontadas algumas pr\u00e1ticas e abordagens que dialogam com uma matem\u00e1tica mais aberta, criativa e visual. Entre propostas que trazem representa\u00e7\u00f5es visuais, exemplos conectados com a vida dos estudantes e diferentes caminhos para chegar a uma resposta, Cl\u00e1udia cita uma mudan\u00e7a fundamental na forma como o erro \u00e9 encarado. \u201cO erro precisa fazer parte e ser valorizado dentro desse processo\u201d.<br>Os educadores tamb\u00e9m precisam estar abertos a uma desconstru\u00e7\u00e3o afetiva de como foram apresentados \u00e0 matem\u00e1tica durante a sua pr\u00f3pria trajet\u00f3ria escolar. \u201cNingu\u00e9m d\u00e1 aquilo que n\u00e3o tem. Se eu n\u00e3o me acho capaz, eu n\u00e3o vou empoderar uma crian\u00e7a. A minha experi\u00eancia qualifica a minha experi\u00eancia com o outro\u201d, ressalta.<br>No caso da educadora Annelise Maymone, um professor do ensino fundamental desempenhou um papel essencial na sua trajet\u00f3ria para resgatar sua confian\u00e7a matem\u00e1tica, ap\u00f3s passar por quest\u00f5es pessoais e de sa\u00fade que a fizeram cursar novamente o sexto ano. \u201cEle resgatou tudo aquilo que eu havia perdido, e eu passei a ser uma aluna nota dez de novo. Esse resgate foi t\u00e3o importante para mim, que eu me tornei uma professora de matem\u00e1tica\u201d.<\/p>\n\n\n\n<blockquote class=\"wp-block-quote is-layout-flow wp-block-quote-is-layout-flow\"><p><span class=\"has-inline-color has-luminous-vivid-orange-color\">&#8220;Todas as vezes que eu entro em uma sala de aula, tanto de pedagogia como de matem\u00e1tica, eu conto minha hist\u00f3ria. Eu quero que meus alunos sejam como o meu professor, que foi capaz de observar as minhas dificuldades e modificar a minha hist\u00f3ria&#8221;<\/span><\/p><\/blockquote>\n\n\n\n<p>Hoje, a exemplo da experi\u00eancia que viveu, ela tenta passar tanto aos alunos do ensino m\u00e9dio, quanto aos da gradua\u00e7\u00e3o e da forma\u00e7\u00e3o de professores na secretaria de educa\u00e7\u00e3o, uma forma diferente de aprender matem\u00e1tica. No ensino m\u00e9dio, suas aulas s\u00e3o repletas de projetos interdisciplinares e atividades criativas, como a constru\u00e7\u00e3o de figuras geom\u00e9tricas com palitos e jujubas. Na universidade, ela destaca para a turma a import\u00e2ncia de acreditar no potencial das crian\u00e7as e dos adolescentes e de trabalhar com novas metodologias. \u201cTodas as vezes que eu entro em uma sala de aula, tanto de pedagogia como de matem\u00e1tica, eu conto minha hist\u00f3ria. Eu quero que meus alunos sejam como o meu professor, que foi capaz de observar as minhas dificuldades e modificar a minha hist\u00f3ria\u201d.<\/p>\n\n\n\n<p><strong><span class=\"has-inline-color has-black-color\">O que ganhamos com essa mudan\u00e7a de mentalidade<\/span><\/strong><\/p>\n\n\n\n<blockquote class=\"wp-block-quote is-layout-flow wp-block-quote-is-layout-flow\"><p><span class=\"has-inline-color has-luminous-vivid-orange-color\">&#8220;N\u00e3o adianta ter uma matem\u00e1tica que s\u00f3 serve para resolver problemas escolares. A matem\u00e1tica precisa servir para que eu interprete o mundo. Ela tem que apoiar o desenvolvimento da criticidade&#8221;<\/span><\/p><\/blockquote>\n\n\n\n<p>Para o matem\u00e1tico Henrique Marins, professor e pesquisador do Instituto Federal de Educa\u00e7\u00e3o, Ci\u00eancia e Tecnologia de S\u00e3o Paulo (IFSP), tamb\u00e9m \u00e9 preciso aproximar a matem\u00e1tica da vida. \u201cO grande problema da matem\u00e1tica escolar \u00e9 ela estar distante do cotidiano e da possibilidade de enxergar o mundo com recursos matem\u00e1ticos\u201d, afirma. Ao citar o patrono da educa\u00e7\u00e3o, Paulo Freire, ele destaca que a matem\u00e1tica, assim como o conhecimento de uma forma geral, tem que partir do cotidiano das pessoas. \u201cN\u00e3o adianta ter uma matem\u00e1tica que s\u00f3 serve para resolver problemas escolares. A matem\u00e1tica precisa servir para que eu interprete o mundo. Ela tem que apoiar o desenvolvimento da criticidade\u201d, menciona Henrique, ao destacar que o dom\u00ednio matem\u00e1tico \u00e9 fundamental para o exerc\u00edcio da cidadania, j\u00e1 que ele envolve tomadas de decis\u00f5es cotidianas, como fazer um compra ou escolher uma roupa para sair de casa conforme a previs\u00e3o do tempo, ler padr\u00f5es, interpretar gr\u00e1ficos e entender, por exemplo, quest\u00f5es atuais como a dissemina\u00e7\u00e3o do coronav\u00edrus.<br>Por outro lado, a falta de abertura e mudan\u00e7a de mentalidade para entender que a matem\u00e1tica \u00e9, sim, para todos, traz muitos preju\u00edzos para a sociedade. \u201cPerdemos possibilidades de crescimento, criatividade e desenvolvimento de cidad\u00e3os plenos\u201d, conclui.<\/p>\n\n\n\n<p><strong><em>Fonte: <a href=\"https:\/\/porvir.org\/mitos-afastam-alunos-da-matematica-como-a-escola-pode-virar-o-jogo\/#:~:text=%E2%80%9CO%20grande%20problema%20da%20matem%C3%A1tica,partir%20do%20cotidiano%20das%20pessoas.\">Porvir<\/a><\/em><\/strong><\/p>\n","protected":false},"excerpt":{"rendered":"<p>Especialistas refletem sobre em que momento da trajet\u00f3ria escolar as crian\u00e7as come\u00e7am a acreditar que n\u00e3o conseguem aprender matem\u00e1tica e como mudar esse cen\u00e1rio \u201cEu sou de humanas, e n\u00e3o de exatas\u201d. Provavelmente, voc\u00ea j\u00e1 deve ter ouvido ou at\u00e9 mesmo repetido essa frase em algum momento da vida. Por tr\u00e1s de uma express\u00e3o que [&hellip;]<\/p>\n","protected":false},"author":2,"featured_media":19690,"comment_status":"open","ping_status":"open","sticky":false,"template":"","format":"standard","meta":{"footnotes":""},"categories":[7],"tags":[7477,2203,9651,9652],"class_list":["post-19688","post","type-post","status-publish","format-standard","has-post-thumbnail","hentry","category-educacao","tag-competencias-para-o-seculo-21","tag-ensino-fundamental","tag-ensino-medio","tag-serie-matematica"],"yoast_head":"<!-- This site is optimized with the Yoast SEO plugin v26.5 - https:\/\/yoast.com\/wordpress\/plugins\/seo\/ -->\n<title>Mitos afastam alunos da matem\u00e1tica. Como a escola pode virar o jogo? - Jornal Fatos e Not\u00edcias<\/title>\n<meta name=\"robots\" content=\"index, follow, max-snippet:-1, max-image-preview:large, max-video-preview:-1\" \/>\n<link rel=\"canonical\" href=\"https:\/\/jornalfatosenoticias.com.br\/index.php\/2021\/06\/22\/mitos-afastam-alunos-da-matematica-como-a-escola-pode-virar-o-jogo\/\" \/>\n<meta property=\"og:locale\" content=\"pt_BR\" \/>\n<meta property=\"og:type\" content=\"article\" \/>\n<meta property=\"og:title\" content=\"Mitos afastam alunos da matem\u00e1tica. Como a escola pode virar o jogo? - Jornal Fatos e Not\u00edcias\" \/>\n<meta property=\"og:description\" content=\"Especialistas refletem sobre em que momento da trajet\u00f3ria escolar as crian\u00e7as come\u00e7am a acreditar que n\u00e3o conseguem aprender matem\u00e1tica e como mudar esse cen\u00e1rio \u201cEu sou de humanas, e n\u00e3o de exatas\u201d. Provavelmente, voc\u00ea j\u00e1 deve ter ouvido ou at\u00e9 mesmo repetido essa frase em algum momento da vida. Por tr\u00e1s de uma express\u00e3o que [&hellip;]\" \/>\n<meta property=\"og:url\" content=\"https:\/\/jornalfatosenoticias.com.br\/index.php\/2021\/06\/22\/mitos-afastam-alunos-da-matematica-como-a-escola-pode-virar-o-jogo\/\" \/>\n<meta property=\"og:site_name\" content=\"Jornal Fatos e Not\u00edcias\" \/>\n<meta property=\"article:published_time\" content=\"2021-06-22T11:59:50+00:00\" \/>\n<meta property=\"article:modified_time\" content=\"2021-06-22T11:59:55+00:00\" \/>\n<meta property=\"og:image\" content=\"https:\/\/jornalfatosenoticias.com.br\/wp-content\/uploads\/2021\/06\/matematica_iStock.jpeg\" \/>\n\t<meta property=\"og:image:width\" content=\"1000\" \/>\n\t<meta property=\"og:image:height\" content=\"664\" \/>\n\t<meta property=\"og:image:type\" content=\"image\/jpeg\" \/>\n<meta name=\"author\" content=\"Luzimara Fernandes\" \/>\n<meta name=\"twitter:card\" content=\"summary_large_image\" \/>\n<meta name=\"twitter:label1\" content=\"Escrito por\" \/>\n\t<meta name=\"twitter:data1\" content=\"Luzimara Fernandes\" \/>\n\t<meta name=\"twitter:label2\" content=\"Est. tempo de leitura\" \/>\n\t<meta name=\"twitter:data2\" content=\"8 minutos\" \/>\n<script type=\"application\/ld+json\" class=\"yoast-schema-graph\">{\"@context\":\"https:\/\/schema.org\",\"@graph\":[{\"@type\":\"Article\",\"@id\":\"https:\/\/jornalfatosenoticias.com.br\/index.php\/2021\/06\/22\/mitos-afastam-alunos-da-matematica-como-a-escola-pode-virar-o-jogo\/#article\",\"isPartOf\":{\"@id\":\"https:\/\/jornalfatosenoticias.com.br\/index.php\/2021\/06\/22\/mitos-afastam-alunos-da-matematica-como-a-escola-pode-virar-o-jogo\/\"},\"author\":{\"name\":\"Luzimara Fernandes\",\"@id\":\"https:\/\/jornalfatosenoticias.com.br\/#\/schema\/person\/d63837fa13ac8666eb9e74e0985d6f81\"},\"headline\":\"Mitos afastam alunos da matem\u00e1tica. Como a escola pode virar o jogo?\",\"datePublished\":\"2021-06-22T11:59:50+00:00\",\"dateModified\":\"2021-06-22T11:59:55+00:00\",\"mainEntityOfPage\":{\"@id\":\"https:\/\/jornalfatosenoticias.com.br\/index.php\/2021\/06\/22\/mitos-afastam-alunos-da-matematica-como-a-escola-pode-virar-o-jogo\/\"},\"wordCount\":1596,\"commentCount\":0,\"publisher\":{\"@id\":\"https:\/\/jornalfatosenoticias.com.br\/#organization\"},\"image\":{\"@id\":\"https:\/\/jornalfatosenoticias.com.br\/index.php\/2021\/06\/22\/mitos-afastam-alunos-da-matematica-como-a-escola-pode-virar-o-jogo\/#primaryimage\"},\"thumbnailUrl\":\"https:\/\/jornalfatosenoticias.com.br\/wp-content\/uploads\/2021\/06\/matematica_iStock.jpeg\",\"keywords\":[\"compet\u00eancias para o s\u00e9culo 21\",\"ensino fundamental\",\"ensino m\u00e9dio\",\"s\u00e9rie matem\u00e1tica\"],\"articleSection\":[\"Educa\u00e7\u00e3o\"],\"inLanguage\":\"pt-BR\",\"potentialAction\":[{\"@type\":\"CommentAction\",\"name\":\"Comment\",\"target\":[\"https:\/\/jornalfatosenoticias.com.br\/index.php\/2021\/06\/22\/mitos-afastam-alunos-da-matematica-como-a-escola-pode-virar-o-jogo\/#respond\"]}]},{\"@type\":\"WebPage\",\"@id\":\"https:\/\/jornalfatosenoticias.com.br\/index.php\/2021\/06\/22\/mitos-afastam-alunos-da-matematica-como-a-escola-pode-virar-o-jogo\/\",\"url\":\"https:\/\/jornalfatosenoticias.com.br\/index.php\/2021\/06\/22\/mitos-afastam-alunos-da-matematica-como-a-escola-pode-virar-o-jogo\/\",\"name\":\"Mitos afastam alunos da matem\u00e1tica. Como a escola pode virar o jogo? - Jornal Fatos e Not\u00edcias\",\"isPartOf\":{\"@id\":\"https:\/\/jornalfatosenoticias.com.br\/#website\"},\"primaryImageOfPage\":{\"@id\":\"https:\/\/jornalfatosenoticias.com.br\/index.php\/2021\/06\/22\/mitos-afastam-alunos-da-matematica-como-a-escola-pode-virar-o-jogo\/#primaryimage\"},\"image\":{\"@id\":\"https:\/\/jornalfatosenoticias.com.br\/index.php\/2021\/06\/22\/mitos-afastam-alunos-da-matematica-como-a-escola-pode-virar-o-jogo\/#primaryimage\"},\"thumbnailUrl\":\"https:\/\/jornalfatosenoticias.com.br\/wp-content\/uploads\/2021\/06\/matematica_iStock.jpeg\",\"datePublished\":\"2021-06-22T11:59:50+00:00\",\"dateModified\":\"2021-06-22T11:59:55+00:00\",\"breadcrumb\":{\"@id\":\"https:\/\/jornalfatosenoticias.com.br\/index.php\/2021\/06\/22\/mitos-afastam-alunos-da-matematica-como-a-escola-pode-virar-o-jogo\/#breadcrumb\"},\"inLanguage\":\"pt-BR\",\"potentialAction\":[{\"@type\":\"ReadAction\",\"target\":[\"https:\/\/jornalfatosenoticias.com.br\/index.php\/2021\/06\/22\/mitos-afastam-alunos-da-matematica-como-a-escola-pode-virar-o-jogo\/\"]}]},{\"@type\":\"ImageObject\",\"inLanguage\":\"pt-BR\",\"@id\":\"https:\/\/jornalfatosenoticias.com.br\/index.php\/2021\/06\/22\/mitos-afastam-alunos-da-matematica-como-a-escola-pode-virar-o-jogo\/#primaryimage\",\"url\":\"https:\/\/jornalfatosenoticias.com.br\/wp-content\/uploads\/2021\/06\/matematica_iStock.jpeg\",\"contentUrl\":\"https:\/\/jornalfatosenoticias.com.br\/wp-content\/uploads\/2021\/06\/matematica_iStock.jpeg\",\"width\":1000,\"height\":664,\"caption\":\"Portrait of african girl writing solution of sums on white board at school. Black schoolgirl solving addition sum on white board with marker pen. School child thinking while doing mathematics problem.\"},{\"@type\":\"BreadcrumbList\",\"@id\":\"https:\/\/jornalfatosenoticias.com.br\/index.php\/2021\/06\/22\/mitos-afastam-alunos-da-matematica-como-a-escola-pode-virar-o-jogo\/#breadcrumb\",\"itemListElement\":[{\"@type\":\"ListItem\",\"position\":1,\"name\":\"In\u00edcio\",\"item\":\"https:\/\/jornalfatosenoticias.com.br\/\"},{\"@type\":\"ListItem\",\"position\":2,\"name\":\"Mitos afastam alunos da matem\u00e1tica. Como a escola pode virar o jogo?\"}]},{\"@type\":\"WebSite\",\"@id\":\"https:\/\/jornalfatosenoticias.com.br\/#website\",\"url\":\"https:\/\/jornalfatosenoticias.com.br\/\",\"name\":\"Jornal Fatos e Not\u00edcias\",\"description\":\"Not\u00edcias em geral\",\"publisher\":{\"@id\":\"https:\/\/jornalfatosenoticias.com.br\/#organization\"},\"potentialAction\":[{\"@type\":\"SearchAction\",\"target\":{\"@type\":\"EntryPoint\",\"urlTemplate\":\"https:\/\/jornalfatosenoticias.com.br\/?s={search_term_string}\"},\"query-input\":{\"@type\":\"PropertyValueSpecification\",\"valueRequired\":true,\"valueName\":\"search_term_string\"}}],\"inLanguage\":\"pt-BR\"},{\"@type\":\"Organization\",\"@id\":\"https:\/\/jornalfatosenoticias.com.br\/#organization\",\"name\":\"Jornal Fatos e Not\u00edcias\",\"url\":\"https:\/\/jornalfatosenoticias.com.br\/\",\"logo\":{\"@type\":\"ImageObject\",\"inLanguage\":\"pt-BR\",\"@id\":\"https:\/\/jornalfatosenoticias.com.br\/#\/schema\/logo\/image\/\",\"url\":\"https:\/\/jornalfatosenoticias.com.br\/wp-content\/uploads\/2020\/02\/logo120.png\",\"contentUrl\":\"https:\/\/jornalfatosenoticias.com.br\/wp-content\/uploads\/2020\/02\/logo120.png\",\"width\":1227,\"height\":120,\"caption\":\"Jornal Fatos e Not\u00edcias\"},\"image\":{\"@id\":\"https:\/\/jornalfatosenoticias.com.br\/#\/schema\/logo\/image\/\"}},{\"@type\":\"Person\",\"@id\":\"https:\/\/jornalfatosenoticias.com.br\/#\/schema\/person\/d63837fa13ac8666eb9e74e0985d6f81\",\"name\":\"Luzimara Fernandes\",\"image\":{\"@type\":\"ImageObject\",\"inLanguage\":\"pt-BR\",\"@id\":\"https:\/\/jornalfatosenoticias.com.br\/#\/schema\/person\/image\/\",\"url\":\"https:\/\/jornalfatosenoticias.com.br\/wp-content\/uploads\/2025\/05\/EU_portal.jpg\",\"contentUrl\":\"https:\/\/jornalfatosenoticias.com.br\/wp-content\/uploads\/2025\/05\/EU_portal.jpg\",\"caption\":\"Luzimara Fernandes\"},\"description\":\"Jornalista MTB 2358-ES\",\"sameAs\":[\"https:\/\/jornalfatosenoticias.com.br\"],\"url\":\"https:\/\/jornalfatosenoticias.com.br\/index.php\/author\/luzimara\/\"}]}<\/script>\n<!-- \/ Yoast SEO plugin. -->","yoast_head_json":{"title":"Mitos afastam alunos da matem\u00e1tica. Como a escola pode virar o jogo? - Jornal Fatos e Not\u00edcias","robots":{"index":"index","follow":"follow","max-snippet":"max-snippet:-1","max-image-preview":"max-image-preview:large","max-video-preview":"max-video-preview:-1"},"canonical":"https:\/\/jornalfatosenoticias.com.br\/index.php\/2021\/06\/22\/mitos-afastam-alunos-da-matematica-como-a-escola-pode-virar-o-jogo\/","og_locale":"pt_BR","og_type":"article","og_title":"Mitos afastam alunos da matem\u00e1tica. Como a escola pode virar o jogo? - Jornal Fatos e Not\u00edcias","og_description":"Especialistas refletem sobre em que momento da trajet\u00f3ria escolar as crian\u00e7as come\u00e7am a acreditar que n\u00e3o conseguem aprender matem\u00e1tica e como mudar esse cen\u00e1rio \u201cEu sou de humanas, e n\u00e3o de exatas\u201d. Provavelmente, voc\u00ea j\u00e1 deve ter ouvido ou at\u00e9 mesmo repetido essa frase em algum momento da vida. Por tr\u00e1s de uma express\u00e3o que [&hellip;]","og_url":"https:\/\/jornalfatosenoticias.com.br\/index.php\/2021\/06\/22\/mitos-afastam-alunos-da-matematica-como-a-escola-pode-virar-o-jogo\/","og_site_name":"Jornal Fatos e Not\u00edcias","article_published_time":"2021-06-22T11:59:50+00:00","article_modified_time":"2021-06-22T11:59:55+00:00","og_image":[{"width":1000,"height":664,"url":"https:\/\/jornalfatosenoticias.com.br\/wp-content\/uploads\/2021\/06\/matematica_iStock.jpeg","type":"image\/jpeg"}],"author":"Luzimara Fernandes","twitter_card":"summary_large_image","twitter_misc":{"Escrito por":"Luzimara Fernandes","Est. tempo de leitura":"8 minutos"},"schema":{"@context":"https:\/\/schema.org","@graph":[{"@type":"Article","@id":"https:\/\/jornalfatosenoticias.com.br\/index.php\/2021\/06\/22\/mitos-afastam-alunos-da-matematica-como-a-escola-pode-virar-o-jogo\/#article","isPartOf":{"@id":"https:\/\/jornalfatosenoticias.com.br\/index.php\/2021\/06\/22\/mitos-afastam-alunos-da-matematica-como-a-escola-pode-virar-o-jogo\/"},"author":{"name":"Luzimara Fernandes","@id":"https:\/\/jornalfatosenoticias.com.br\/#\/schema\/person\/d63837fa13ac8666eb9e74e0985d6f81"},"headline":"Mitos afastam alunos da matem\u00e1tica. Como a escola pode virar o jogo?","datePublished":"2021-06-22T11:59:50+00:00","dateModified":"2021-06-22T11:59:55+00:00","mainEntityOfPage":{"@id":"https:\/\/jornalfatosenoticias.com.br\/index.php\/2021\/06\/22\/mitos-afastam-alunos-da-matematica-como-a-escola-pode-virar-o-jogo\/"},"wordCount":1596,"commentCount":0,"publisher":{"@id":"https:\/\/jornalfatosenoticias.com.br\/#organization"},"image":{"@id":"https:\/\/jornalfatosenoticias.com.br\/index.php\/2021\/06\/22\/mitos-afastam-alunos-da-matematica-como-a-escola-pode-virar-o-jogo\/#primaryimage"},"thumbnailUrl":"https:\/\/jornalfatosenoticias.com.br\/wp-content\/uploads\/2021\/06\/matematica_iStock.jpeg","keywords":["compet\u00eancias para o s\u00e9culo 21","ensino fundamental","ensino m\u00e9dio","s\u00e9rie matem\u00e1tica"],"articleSection":["Educa\u00e7\u00e3o"],"inLanguage":"pt-BR","potentialAction":[{"@type":"CommentAction","name":"Comment","target":["https:\/\/jornalfatosenoticias.com.br\/index.php\/2021\/06\/22\/mitos-afastam-alunos-da-matematica-como-a-escola-pode-virar-o-jogo\/#respond"]}]},{"@type":"WebPage","@id":"https:\/\/jornalfatosenoticias.com.br\/index.php\/2021\/06\/22\/mitos-afastam-alunos-da-matematica-como-a-escola-pode-virar-o-jogo\/","url":"https:\/\/jornalfatosenoticias.com.br\/index.php\/2021\/06\/22\/mitos-afastam-alunos-da-matematica-como-a-escola-pode-virar-o-jogo\/","name":"Mitos afastam alunos da matem\u00e1tica. Como a escola pode virar o jogo? - Jornal Fatos e Not\u00edcias","isPartOf":{"@id":"https:\/\/jornalfatosenoticias.com.br\/#website"},"primaryImageOfPage":{"@id":"https:\/\/jornalfatosenoticias.com.br\/index.php\/2021\/06\/22\/mitos-afastam-alunos-da-matematica-como-a-escola-pode-virar-o-jogo\/#primaryimage"},"image":{"@id":"https:\/\/jornalfatosenoticias.com.br\/index.php\/2021\/06\/22\/mitos-afastam-alunos-da-matematica-como-a-escola-pode-virar-o-jogo\/#primaryimage"},"thumbnailUrl":"https:\/\/jornalfatosenoticias.com.br\/wp-content\/uploads\/2021\/06\/matematica_iStock.jpeg","datePublished":"2021-06-22T11:59:50+00:00","dateModified":"2021-06-22T11:59:55+00:00","breadcrumb":{"@id":"https:\/\/jornalfatosenoticias.com.br\/index.php\/2021\/06\/22\/mitos-afastam-alunos-da-matematica-como-a-escola-pode-virar-o-jogo\/#breadcrumb"},"inLanguage":"pt-BR","potentialAction":[{"@type":"ReadAction","target":["https:\/\/jornalfatosenoticias.com.br\/index.php\/2021\/06\/22\/mitos-afastam-alunos-da-matematica-como-a-escola-pode-virar-o-jogo\/"]}]},{"@type":"ImageObject","inLanguage":"pt-BR","@id":"https:\/\/jornalfatosenoticias.com.br\/index.php\/2021\/06\/22\/mitos-afastam-alunos-da-matematica-como-a-escola-pode-virar-o-jogo\/#primaryimage","url":"https:\/\/jornalfatosenoticias.com.br\/wp-content\/uploads\/2021\/06\/matematica_iStock.jpeg","contentUrl":"https:\/\/jornalfatosenoticias.com.br\/wp-content\/uploads\/2021\/06\/matematica_iStock.jpeg","width":1000,"height":664,"caption":"Portrait of african girl writing solution of sums on white board at school. Black schoolgirl solving addition sum on white board with marker pen. School child thinking while doing mathematics problem."},{"@type":"BreadcrumbList","@id":"https:\/\/jornalfatosenoticias.com.br\/index.php\/2021\/06\/22\/mitos-afastam-alunos-da-matematica-como-a-escola-pode-virar-o-jogo\/#breadcrumb","itemListElement":[{"@type":"ListItem","position":1,"name":"In\u00edcio","item":"https:\/\/jornalfatosenoticias.com.br\/"},{"@type":"ListItem","position":2,"name":"Mitos afastam alunos da matem\u00e1tica. Como a escola pode virar o jogo?"}]},{"@type":"WebSite","@id":"https:\/\/jornalfatosenoticias.com.br\/#website","url":"https:\/\/jornalfatosenoticias.com.br\/","name":"Jornal Fatos e Not\u00edcias","description":"Not\u00edcias em geral","publisher":{"@id":"https:\/\/jornalfatosenoticias.com.br\/#organization"},"potentialAction":[{"@type":"SearchAction","target":{"@type":"EntryPoint","urlTemplate":"https:\/\/jornalfatosenoticias.com.br\/?s={search_term_string}"},"query-input":{"@type":"PropertyValueSpecification","valueRequired":true,"valueName":"search_term_string"}}],"inLanguage":"pt-BR"},{"@type":"Organization","@id":"https:\/\/jornalfatosenoticias.com.br\/#organization","name":"Jornal Fatos e Not\u00edcias","url":"https:\/\/jornalfatosenoticias.com.br\/","logo":{"@type":"ImageObject","inLanguage":"pt-BR","@id":"https:\/\/jornalfatosenoticias.com.br\/#\/schema\/logo\/image\/","url":"https:\/\/jornalfatosenoticias.com.br\/wp-content\/uploads\/2020\/02\/logo120.png","contentUrl":"https:\/\/jornalfatosenoticias.com.br\/wp-content\/uploads\/2020\/02\/logo120.png","width":1227,"height":120,"caption":"Jornal Fatos e Not\u00edcias"},"image":{"@id":"https:\/\/jornalfatosenoticias.com.br\/#\/schema\/logo\/image\/"}},{"@type":"Person","@id":"https:\/\/jornalfatosenoticias.com.br\/#\/schema\/person\/d63837fa13ac8666eb9e74e0985d6f81","name":"Luzimara Fernandes","image":{"@type":"ImageObject","inLanguage":"pt-BR","@id":"https:\/\/jornalfatosenoticias.com.br\/#\/schema\/person\/image\/","url":"https:\/\/jornalfatosenoticias.com.br\/wp-content\/uploads\/2025\/05\/EU_portal.jpg","contentUrl":"https:\/\/jornalfatosenoticias.com.br\/wp-content\/uploads\/2025\/05\/EU_portal.jpg","caption":"Luzimara Fernandes"},"description":"Jornalista MTB 2358-ES","sameAs":["https:\/\/jornalfatosenoticias.com.br"],"url":"https:\/\/jornalfatosenoticias.com.br\/index.php\/author\/luzimara\/"}]}},"cc_featured_image_caption":{"caption_text":"(Foto iStock) ","source_text":"","source_url":""},"jetpack_featured_media_url":"https:\/\/jornalfatosenoticias.com.br\/wp-content\/uploads\/2021\/06\/matematica_iStock.jpeg","_links":{"self":[{"href":"https:\/\/jornalfatosenoticias.com.br\/index.php\/wp-json\/wp\/v2\/posts\/19688","targetHints":{"allow":["GET"]}}],"collection":[{"href":"https:\/\/jornalfatosenoticias.com.br\/index.php\/wp-json\/wp\/v2\/posts"}],"about":[{"href":"https:\/\/jornalfatosenoticias.com.br\/index.php\/wp-json\/wp\/v2\/types\/post"}],"author":[{"embeddable":true,"href":"https:\/\/jornalfatosenoticias.com.br\/index.php\/wp-json\/wp\/v2\/users\/2"}],"replies":[{"embeddable":true,"href":"https:\/\/jornalfatosenoticias.com.br\/index.php\/wp-json\/wp\/v2\/comments?post=19688"}],"version-history":[{"count":0,"href":"https:\/\/jornalfatosenoticias.com.br\/index.php\/wp-json\/wp\/v2\/posts\/19688\/revisions"}],"wp:featuredmedia":[{"embeddable":true,"href":"https:\/\/jornalfatosenoticias.com.br\/index.php\/wp-json\/wp\/v2\/media\/19690"}],"wp:attachment":[{"href":"https:\/\/jornalfatosenoticias.com.br\/index.php\/wp-json\/wp\/v2\/media?parent=19688"}],"wp:term":[{"taxonomy":"category","embeddable":true,"href":"https:\/\/jornalfatosenoticias.com.br\/index.php\/wp-json\/wp\/v2\/categories?post=19688"},{"taxonomy":"post_tag","embeddable":true,"href":"https:\/\/jornalfatosenoticias.com.br\/index.php\/wp-json\/wp\/v2\/tags?post=19688"}],"curies":[{"name":"wp","href":"https:\/\/api.w.org\/{rel}","templated":true}]}}