{"id":19757,"date":"2021-06-23T08:50:23","date_gmt":"2021-06-23T11:50:23","guid":{"rendered":"https:\/\/jornalfatosenoticias.com.br\/?p=19757"},"modified":"2021-06-23T08:50:28","modified_gmt":"2021-06-23T11:50:28","slug":"senado-aprova-mp-que-aumenta-a-tributacao-sobre-o-lucro-dos-bancos","status":"publish","type":"post","link":"https:\/\/jornalfatosenoticias.com.br\/index.php\/2021\/06\/23\/senado-aprova-mp-que-aumenta-a-tributacao-sobre-o-lucro-dos-bancos\/","title":{"rendered":"Senado aprova MP que aumenta a tributa\u00e7\u00e3o sobre o lucro dos bancos"},"content":{"rendered":"\n<p><em><span class=\"has-inline-color has-black-color\">Como houve mudan\u00e7a no texto, a medida volta \u00e0 aprecia\u00e7\u00e3o da C\u00e2mara<\/span><\/em><\/p>\n\n\n\n<p>O plen\u00e1rio do Senado aprovou, no fim da noite dessa ter\u00e7a-feira (22), a <strong><a href=\"https:\/\/www.in.gov.br\/en\/web\/dou\/-\/medida-provisoria-n-1.034-de-1-de-marco-de-2021-305972678\" target=\"_blank\" rel=\"noreferrer noopener\">Medida Provis\u00f3ria (MP) 1.034\/2021<\/a><\/strong>, que aumenta a tributa\u00e7\u00e3o sobre o lucro de bancos, reduz benef\u00edcios tribut\u00e1rios da ind\u00fastria qu\u00edmica e retira isen\u00e7\u00e3o sobre combust\u00edveis e derivados na <strong>Zona Franca de Manaus<\/strong>. A medida tamb\u00e9m revisa a distribui\u00e7\u00e3o das receitas das loterias esportivas. Como os senadores fizeram mudan\u00e7as no texto, a <strong>MP<\/strong> volta \u00e0 <strong>C\u00e2mara<\/strong> e precisa ser conclu\u00edda at\u00e9 o dia 28 de junho para n\u00e3o perder a validade.<br>A inten\u00e7\u00e3o da proposta \u00e9 compensar a redu\u00e7\u00e3o das al\u00edquotas de impostos que incidem sobre o \u00f3leo diesel e o g\u00e1s de cozinha. Na vers\u00e3o original, a <strong>MP<\/strong> abordava apenas a tributa\u00e7\u00e3o dos bancos e da ind\u00fastria qu\u00edmica, e tamb\u00e9m continha regras que limitavam a aquisi\u00e7\u00e3o de autom\u00f3veis com redu\u00e7\u00e3o de imposto por pessoas com defici\u00eancia.<br>A <strong>C\u00e2mara dos Deputados<\/strong> acrescentou a <strong>Zona Franca<\/strong> e as loterias, e o Senado removeu as mudan\u00e7as para a compra de autom\u00f3veis.<br>O relator da proposta, senador Ciro Nogueira (PP-PI), havia aceitado o texto feito pela <strong>C\u00e2mara<\/strong>, mas o plen\u00e1rio decidiu incorporar tr\u00eas emendas dos parlamentares.<br>O l\u00edder do governo, senador Fernando Bezerra Coelho (MDB-PE), disse que o Executivo dever\u00e1 vetar o trecho referente \u00e0 <strong>Zona Franca<\/strong>, porque esse tema precisaria ser tratado atrav\u00e9s de um projeto de lei complementar.<\/p>\n\n\n\n<p><strong><em>Fonte: <a href=\"https:\/\/agenciabrasil.ebc.com.br\/politica\/noticia\/2021-06\/senado-aprova-mp-que-que-aumenta-tributacao-sobre-o-lucro-de-bancos\">Ag\u00eancia Brasil<\/a><\/em><\/strong><\/p>\n","protected":false},"excerpt":{"rendered":"<p>Como houve mudan\u00e7a no texto, a medida volta \u00e0 aprecia\u00e7\u00e3o da C\u00e2mara O plen\u00e1rio do Senado aprovou, no fim da noite dessa ter\u00e7a-feira (22), a Medida Provis\u00f3ria (MP) 1.034\/2021, que aumenta a tributa\u00e7\u00e3o sobre o lucro de bancos, reduz benef\u00edcios tribut\u00e1rios da ind\u00fastria qu\u00edmica e retira isen\u00e7\u00e3o sobre combust\u00edveis e derivados na Zona Franca de [&hellip;]<\/p>\n","protected":false},"author":2,"featured_media":19758,"comment_status":"open","ping_status":"open","sticky":false,"template":"","format":"standard","meta":{"footnotes":""},"categories":[10],"tags":[982,9691,1541,9692],"class_list":["post-19757","post","type-post","status-publish","format-standard","has-post-thumbnail","hentry","category-politica","tag-camara-dos-deputados","tag-medida-provisoria-1-034-2021","tag-mp","tag-zona-franca-de-manaus"],"yoast_head":"<!-- This site is optimized with the Yoast SEO plugin v26.5 - https:\/\/yoast.com\/wordpress\/plugins\/seo\/ -->\n<title>Senado aprova MP que aumenta a tributa\u00e7\u00e3o sobre o lucro dos bancos - Jornal Fatos e Not\u00edcias<\/title>\n<meta name=\"robots\" content=\"index, follow, max-snippet:-1, max-image-preview:large, max-video-preview:-1\" \/>\n<link rel=\"canonical\" href=\"https:\/\/jornalfatosenoticias.com.br\/index.php\/2021\/06\/23\/senado-aprova-mp-que-aumenta-a-tributacao-sobre-o-lucro-dos-bancos\/\" \/>\n<meta property=\"og:locale\" content=\"pt_BR\" \/>\n<meta property=\"og:type\" content=\"article\" \/>\n<meta property=\"og:title\" content=\"Senado aprova MP que aumenta a tributa\u00e7\u00e3o sobre o lucro dos bancos - Jornal Fatos e Not\u00edcias\" \/>\n<meta property=\"og:description\" content=\"Como houve mudan\u00e7a no texto, a medida volta \u00e0 aprecia\u00e7\u00e3o da C\u00e2mara O plen\u00e1rio do Senado aprovou, no fim da noite dessa ter\u00e7a-feira (22), a Medida Provis\u00f3ria (MP) 1.034\/2021, que aumenta a tributa\u00e7\u00e3o sobre o lucro de bancos, reduz benef\u00edcios tribut\u00e1rios da ind\u00fastria qu\u00edmica e retira isen\u00e7\u00e3o sobre combust\u00edveis e derivados na Zona Franca de [&hellip;]\" \/>\n<meta property=\"og:url\" content=\"https:\/\/jornalfatosenoticias.com.br\/index.php\/2021\/06\/23\/senado-aprova-mp-que-aumenta-a-tributacao-sobre-o-lucro-dos-bancos\/\" \/>\n<meta property=\"og:site_name\" content=\"Jornal Fatos e Not\u00edcias\" \/>\n<meta property=\"article:published_time\" content=\"2021-06-23T11:50:23+00:00\" \/>\n<meta property=\"article:modified_time\" content=\"2021-06-23T11:50:28+00:00\" \/>\n<meta property=\"og:image\" content=\"https:\/\/jornalfatosenoticias.com.br\/wp-content\/uploads\/2021\/06\/plenario_do_senado_federal.jpg\" \/>\n\t<meta property=\"og:image:width\" content=\"1000\" \/>\n\t<meta property=\"og:image:height\" content=\"598\" \/>\n\t<meta property=\"og:image:type\" content=\"image\/jpeg\" \/>\n<meta name=\"author\" content=\"Luzimara Fernandes\" \/>\n<meta name=\"twitter:card\" content=\"summary_large_image\" \/>\n<meta name=\"twitter:label1\" content=\"Escrito por\" \/>\n\t<meta name=\"twitter:data1\" content=\"Luzimara Fernandes\" \/>\n\t<meta name=\"twitter:label2\" content=\"Est. tempo de leitura\" \/>\n\t<meta name=\"twitter:data2\" content=\"1 minuto\" \/>\n<script type=\"application\/ld+json\" class=\"yoast-schema-graph\">{\"@context\":\"https:\/\/schema.org\",\"@graph\":[{\"@type\":\"Article\",\"@id\":\"https:\/\/jornalfatosenoticias.com.br\/index.php\/2021\/06\/23\/senado-aprova-mp-que-aumenta-a-tributacao-sobre-o-lucro-dos-bancos\/#article\",\"isPartOf\":{\"@id\":\"https:\/\/jornalfatosenoticias.com.br\/index.php\/2021\/06\/23\/senado-aprova-mp-que-aumenta-a-tributacao-sobre-o-lucro-dos-bancos\/\"},\"author\":{\"name\":\"Luzimara Fernandes\",\"@id\":\"https:\/\/jornalfatosenoticias.com.br\/#\/schema\/person\/d63837fa13ac8666eb9e74e0985d6f81\"},\"headline\":\"Senado aprova MP que aumenta a tributa\u00e7\u00e3o sobre o lucro dos bancos\",\"datePublished\":\"2021-06-23T11:50:23+00:00\",\"dateModified\":\"2021-06-23T11:50:28+00:00\",\"mainEntityOfPage\":{\"@id\":\"https:\/\/jornalfatosenoticias.com.br\/index.php\/2021\/06\/23\/senado-aprova-mp-que-aumenta-a-tributacao-sobre-o-lucro-dos-bancos\/\"},\"wordCount\":280,\"commentCount\":0,\"publisher\":{\"@id\":\"https:\/\/jornalfatosenoticias.com.br\/#organization\"},\"image\":{\"@id\":\"https:\/\/jornalfatosenoticias.com.br\/index.php\/2021\/06\/23\/senado-aprova-mp-que-aumenta-a-tributacao-sobre-o-lucro-dos-bancos\/#primaryimage\"},\"thumbnailUrl\":\"https:\/\/jornalfatosenoticias.com.br\/wp-content\/uploads\/2021\/06\/plenario_do_senado_federal.jpg\",\"keywords\":[\"C\u00e2mara dos Deputados\",\"Medida Provis\u00f3ria 1.034\/2021\",\"MP\",\"Zona Franca de Manaus\"],\"articleSection\":[\"Pol\u00edtica\"],\"inLanguage\":\"pt-BR\",\"potentialAction\":[{\"@type\":\"CommentAction\",\"name\":\"Comment\",\"target\":[\"https:\/\/jornalfatosenoticias.com.br\/index.php\/2021\/06\/23\/senado-aprova-mp-que-aumenta-a-tributacao-sobre-o-lucro-dos-bancos\/#respond\"]}]},{\"@type\":\"WebPage\",\"@id\":\"https:\/\/jornalfatosenoticias.com.br\/index.php\/2021\/06\/23\/senado-aprova-mp-que-aumenta-a-tributacao-sobre-o-lucro-dos-bancos\/\",\"url\":\"https:\/\/jornalfatosenoticias.com.br\/index.php\/2021\/06\/23\/senado-aprova-mp-que-aumenta-a-tributacao-sobre-o-lucro-dos-bancos\/\",\"name\":\"Senado aprova MP que aumenta a tributa\u00e7\u00e3o sobre o lucro dos bancos - Jornal Fatos e Not\u00edcias\",\"isPartOf\":{\"@id\":\"https:\/\/jornalfatosenoticias.com.br\/#website\"},\"primaryImageOfPage\":{\"@id\":\"https:\/\/jornalfatosenoticias.com.br\/index.php\/2021\/06\/23\/senado-aprova-mp-que-aumenta-a-tributacao-sobre-o-lucro-dos-bancos\/#primaryimage\"},\"image\":{\"@id\":\"https:\/\/jornalfatosenoticias.com.br\/index.php\/2021\/06\/23\/senado-aprova-mp-que-aumenta-a-tributacao-sobre-o-lucro-dos-bancos\/#primaryimage\"},\"thumbnailUrl\":\"https:\/\/jornalfatosenoticias.com.br\/wp-content\/uploads\/2021\/06\/plenario_do_senado_federal.jpg\",\"datePublished\":\"2021-06-23T11:50:23+00:00\",\"dateModified\":\"2021-06-23T11:50:28+00:00\",\"breadcrumb\":{\"@id\":\"https:\/\/jornalfatosenoticias.com.br\/index.php\/2021\/06\/23\/senado-aprova-mp-que-aumenta-a-tributacao-sobre-o-lucro-dos-bancos\/#breadcrumb\"},\"inLanguage\":\"pt-BR\",\"potentialAction\":[{\"@type\":\"ReadAction\",\"target\":[\"https:\/\/jornalfatosenoticias.com.br\/index.php\/2021\/06\/23\/senado-aprova-mp-que-aumenta-a-tributacao-sobre-o-lucro-dos-bancos\/\"]}]},{\"@type\":\"ImageObject\",\"inLanguage\":\"pt-BR\",\"@id\":\"https:\/\/jornalfatosenoticias.com.br\/index.php\/2021\/06\/23\/senado-aprova-mp-que-aumenta-a-tributacao-sobre-o-lucro-dos-bancos\/#primaryimage\",\"url\":\"https:\/\/jornalfatosenoticias.com.br\/wp-content\/uploads\/2021\/06\/plenario_do_senado_federal.jpg\",\"contentUrl\":\"https:\/\/jornalfatosenoticias.com.br\/wp-content\/uploads\/2021\/06\/plenario_do_senado_federal.jpg\",\"width\":1000,\"height\":598,\"caption\":\"Plen\u00e1rio do Senado Federal durante sess\u00e3o deliberativa ordin\u00e1ria semipresencial.\"},{\"@type\":\"BreadcrumbList\",\"@id\":\"https:\/\/jornalfatosenoticias.com.br\/index.php\/2021\/06\/23\/senado-aprova-mp-que-aumenta-a-tributacao-sobre-o-lucro-dos-bancos\/#breadcrumb\",\"itemListElement\":[{\"@type\":\"ListItem\",\"position\":1,\"name\":\"In\u00edcio\",\"item\":\"https:\/\/jornalfatosenoticias.com.br\/\"},{\"@type\":\"ListItem\",\"position\":2,\"name\":\"Senado aprova MP que aumenta a tributa\u00e7\u00e3o sobre o lucro dos bancos\"}]},{\"@type\":\"WebSite\",\"@id\":\"https:\/\/jornalfatosenoticias.com.br\/#website\",\"url\":\"https:\/\/jornalfatosenoticias.com.br\/\",\"name\":\"Jornal Fatos e Not\u00edcias\",\"description\":\"Not\u00edcias em geral\",\"publisher\":{\"@id\":\"https:\/\/jornalfatosenoticias.com.br\/#organization\"},\"potentialAction\":[{\"@type\":\"SearchAction\",\"target\":{\"@type\":\"EntryPoint\",\"urlTemplate\":\"https:\/\/jornalfatosenoticias.com.br\/?s={search_term_string}\"},\"query-input\":{\"@type\":\"PropertyValueSpecification\",\"valueRequired\":true,\"valueName\":\"search_term_string\"}}],\"inLanguage\":\"pt-BR\"},{\"@type\":\"Organization\",\"@id\":\"https:\/\/jornalfatosenoticias.com.br\/#organization\",\"name\":\"Jornal Fatos e Not\u00edcias\",\"url\":\"https:\/\/jornalfatosenoticias.com.br\/\",\"logo\":{\"@type\":\"ImageObject\",\"inLanguage\":\"pt-BR\",\"@id\":\"https:\/\/jornalfatosenoticias.com.br\/#\/schema\/logo\/image\/\",\"url\":\"https:\/\/jornalfatosenoticias.com.br\/wp-content\/uploads\/2020\/02\/logo120.png\",\"contentUrl\":\"https:\/\/jornalfatosenoticias.com.br\/wp-content\/uploads\/2020\/02\/logo120.png\",\"width\":1227,\"height\":120,\"caption\":\"Jornal Fatos e Not\u00edcias\"},\"image\":{\"@id\":\"https:\/\/jornalfatosenoticias.com.br\/#\/schema\/logo\/image\/\"}},{\"@type\":\"Person\",\"@id\":\"https:\/\/jornalfatosenoticias.com.br\/#\/schema\/person\/d63837fa13ac8666eb9e74e0985d6f81\",\"name\":\"Luzimara Fernandes\",\"image\":{\"@type\":\"ImageObject\",\"inLanguage\":\"pt-BR\",\"@id\":\"https:\/\/jornalfatosenoticias.com.br\/#\/schema\/person\/image\/\",\"url\":\"https:\/\/jornalfatosenoticias.com.br\/wp-content\/uploads\/2025\/05\/EU_portal.jpg\",\"contentUrl\":\"https:\/\/jornalfatosenoticias.com.br\/wp-content\/uploads\/2025\/05\/EU_portal.jpg\",\"caption\":\"Luzimara Fernandes\"},\"description\":\"Jornalista MTB 2358-ES\",\"sameAs\":[\"https:\/\/jornalfatosenoticias.com.br\"],\"url\":\"https:\/\/jornalfatosenoticias.com.br\/index.php\/author\/luzimara\/\"}]}<\/script>\n<!-- \/ Yoast SEO plugin. -->","yoast_head_json":{"title":"Senado aprova MP que aumenta a tributa\u00e7\u00e3o sobre o lucro dos bancos - Jornal Fatos e Not\u00edcias","robots":{"index":"index","follow":"follow","max-snippet":"max-snippet:-1","max-image-preview":"max-image-preview:large","max-video-preview":"max-video-preview:-1"},"canonical":"https:\/\/jornalfatosenoticias.com.br\/index.php\/2021\/06\/23\/senado-aprova-mp-que-aumenta-a-tributacao-sobre-o-lucro-dos-bancos\/","og_locale":"pt_BR","og_type":"article","og_title":"Senado aprova MP que aumenta a tributa\u00e7\u00e3o sobre o lucro dos bancos - Jornal Fatos e Not\u00edcias","og_description":"Como houve mudan\u00e7a no texto, a medida volta \u00e0 aprecia\u00e7\u00e3o da C\u00e2mara O plen\u00e1rio do Senado aprovou, no fim da noite dessa ter\u00e7a-feira (22), a Medida Provis\u00f3ria (MP) 1.034\/2021, que aumenta a tributa\u00e7\u00e3o sobre o lucro de bancos, reduz benef\u00edcios tribut\u00e1rios da ind\u00fastria qu\u00edmica e retira isen\u00e7\u00e3o sobre combust\u00edveis e derivados na Zona Franca de [&hellip;]","og_url":"https:\/\/jornalfatosenoticias.com.br\/index.php\/2021\/06\/23\/senado-aprova-mp-que-aumenta-a-tributacao-sobre-o-lucro-dos-bancos\/","og_site_name":"Jornal Fatos e Not\u00edcias","article_published_time":"2021-06-23T11:50:23+00:00","article_modified_time":"2021-06-23T11:50:28+00:00","og_image":[{"width":1000,"height":598,"url":"https:\/\/jornalfatosenoticias.com.br\/wp-content\/uploads\/2021\/06\/plenario_do_senado_federal.jpg","type":"image\/jpeg"}],"author":"Luzimara Fernandes","twitter_card":"summary_large_image","twitter_misc":{"Escrito por":"Luzimara Fernandes","Est. tempo de leitura":"1 minuto"},"schema":{"@context":"https:\/\/schema.org","@graph":[{"@type":"Article","@id":"https:\/\/jornalfatosenoticias.com.br\/index.php\/2021\/06\/23\/senado-aprova-mp-que-aumenta-a-tributacao-sobre-o-lucro-dos-bancos\/#article","isPartOf":{"@id":"https:\/\/jornalfatosenoticias.com.br\/index.php\/2021\/06\/23\/senado-aprova-mp-que-aumenta-a-tributacao-sobre-o-lucro-dos-bancos\/"},"author":{"name":"Luzimara Fernandes","@id":"https:\/\/jornalfatosenoticias.com.br\/#\/schema\/person\/d63837fa13ac8666eb9e74e0985d6f81"},"headline":"Senado aprova MP que aumenta a tributa\u00e7\u00e3o sobre o lucro dos bancos","datePublished":"2021-06-23T11:50:23+00:00","dateModified":"2021-06-23T11:50:28+00:00","mainEntityOfPage":{"@id":"https:\/\/jornalfatosenoticias.com.br\/index.php\/2021\/06\/23\/senado-aprova-mp-que-aumenta-a-tributacao-sobre-o-lucro-dos-bancos\/"},"wordCount":280,"commentCount":0,"publisher":{"@id":"https:\/\/jornalfatosenoticias.com.br\/#organization"},"image":{"@id":"https:\/\/jornalfatosenoticias.com.br\/index.php\/2021\/06\/23\/senado-aprova-mp-que-aumenta-a-tributacao-sobre-o-lucro-dos-bancos\/#primaryimage"},"thumbnailUrl":"https:\/\/jornalfatosenoticias.com.br\/wp-content\/uploads\/2021\/06\/plenario_do_senado_federal.jpg","keywords":["C\u00e2mara dos Deputados","Medida Provis\u00f3ria 1.034\/2021","MP","Zona Franca de Manaus"],"articleSection":["Pol\u00edtica"],"inLanguage":"pt-BR","potentialAction":[{"@type":"CommentAction","name":"Comment","target":["https:\/\/jornalfatosenoticias.com.br\/index.php\/2021\/06\/23\/senado-aprova-mp-que-aumenta-a-tributacao-sobre-o-lucro-dos-bancos\/#respond"]}]},{"@type":"WebPage","@id":"https:\/\/jornalfatosenoticias.com.br\/index.php\/2021\/06\/23\/senado-aprova-mp-que-aumenta-a-tributacao-sobre-o-lucro-dos-bancos\/","url":"https:\/\/jornalfatosenoticias.com.br\/index.php\/2021\/06\/23\/senado-aprova-mp-que-aumenta-a-tributacao-sobre-o-lucro-dos-bancos\/","name":"Senado aprova MP que aumenta a tributa\u00e7\u00e3o sobre o lucro dos bancos - Jornal Fatos e Not\u00edcias","isPartOf":{"@id":"https:\/\/jornalfatosenoticias.com.br\/#website"},"primaryImageOfPage":{"@id":"https:\/\/jornalfatosenoticias.com.br\/index.php\/2021\/06\/23\/senado-aprova-mp-que-aumenta-a-tributacao-sobre-o-lucro-dos-bancos\/#primaryimage"},"image":{"@id":"https:\/\/jornalfatosenoticias.com.br\/index.php\/2021\/06\/23\/senado-aprova-mp-que-aumenta-a-tributacao-sobre-o-lucro-dos-bancos\/#primaryimage"},"thumbnailUrl":"https:\/\/jornalfatosenoticias.com.br\/wp-content\/uploads\/2021\/06\/plenario_do_senado_federal.jpg","datePublished":"2021-06-23T11:50:23+00:00","dateModified":"2021-06-23T11:50:28+00:00","breadcrumb":{"@id":"https:\/\/jornalfatosenoticias.com.br\/index.php\/2021\/06\/23\/senado-aprova-mp-que-aumenta-a-tributacao-sobre-o-lucro-dos-bancos\/#breadcrumb"},"inLanguage":"pt-BR","potentialAction":[{"@type":"ReadAction","target":["https:\/\/jornalfatosenoticias.com.br\/index.php\/2021\/06\/23\/senado-aprova-mp-que-aumenta-a-tributacao-sobre-o-lucro-dos-bancos\/"]}]},{"@type":"ImageObject","inLanguage":"pt-BR","@id":"https:\/\/jornalfatosenoticias.com.br\/index.php\/2021\/06\/23\/senado-aprova-mp-que-aumenta-a-tributacao-sobre-o-lucro-dos-bancos\/#primaryimage","url":"https:\/\/jornalfatosenoticias.com.br\/wp-content\/uploads\/2021\/06\/plenario_do_senado_federal.jpg","contentUrl":"https:\/\/jornalfatosenoticias.com.br\/wp-content\/uploads\/2021\/06\/plenario_do_senado_federal.jpg","width":1000,"height":598,"caption":"Plen\u00e1rio do Senado Federal durante sess\u00e3o deliberativa ordin\u00e1ria semipresencial."},{"@type":"BreadcrumbList","@id":"https:\/\/jornalfatosenoticias.com.br\/index.php\/2021\/06\/23\/senado-aprova-mp-que-aumenta-a-tributacao-sobre-o-lucro-dos-bancos\/#breadcrumb","itemListElement":[{"@type":"ListItem","position":1,"name":"In\u00edcio","item":"https:\/\/jornalfatosenoticias.com.br\/"},{"@type":"ListItem","position":2,"name":"Senado aprova MP que aumenta a tributa\u00e7\u00e3o sobre o lucro dos bancos"}]},{"@type":"WebSite","@id":"https:\/\/jornalfatosenoticias.com.br\/#website","url":"https:\/\/jornalfatosenoticias.com.br\/","name":"Jornal Fatos e Not\u00edcias","description":"Not\u00edcias em geral","publisher":{"@id":"https:\/\/jornalfatosenoticias.com.br\/#organization"},"potentialAction":[{"@type":"SearchAction","target":{"@type":"EntryPoint","urlTemplate":"https:\/\/jornalfatosenoticias.com.br\/?s={search_term_string}"},"query-input":{"@type":"PropertyValueSpecification","valueRequired":true,"valueName":"search_term_string"}}],"inLanguage":"pt-BR"},{"@type":"Organization","@id":"https:\/\/jornalfatosenoticias.com.br\/#organization","name":"Jornal Fatos e Not\u00edcias","url":"https:\/\/jornalfatosenoticias.com.br\/","logo":{"@type":"ImageObject","inLanguage":"pt-BR","@id":"https:\/\/jornalfatosenoticias.com.br\/#\/schema\/logo\/image\/","url":"https:\/\/jornalfatosenoticias.com.br\/wp-content\/uploads\/2020\/02\/logo120.png","contentUrl":"https:\/\/jornalfatosenoticias.com.br\/wp-content\/uploads\/2020\/02\/logo120.png","width":1227,"height":120,"caption":"Jornal Fatos e Not\u00edcias"},"image":{"@id":"https:\/\/jornalfatosenoticias.com.br\/#\/schema\/logo\/image\/"}},{"@type":"Person","@id":"https:\/\/jornalfatosenoticias.com.br\/#\/schema\/person\/d63837fa13ac8666eb9e74e0985d6f81","name":"Luzimara Fernandes","image":{"@type":"ImageObject","inLanguage":"pt-BR","@id":"https:\/\/jornalfatosenoticias.com.br\/#\/schema\/person\/image\/","url":"https:\/\/jornalfatosenoticias.com.br\/wp-content\/uploads\/2025\/05\/EU_portal.jpg","contentUrl":"https:\/\/jornalfatosenoticias.com.br\/wp-content\/uploads\/2025\/05\/EU_portal.jpg","caption":"Luzimara Fernandes"},"description":"Jornalista MTB 2358-ES","sameAs":["https:\/\/jornalfatosenoticias.com.br"],"url":"https:\/\/jornalfatosenoticias.com.br\/index.php\/author\/luzimara\/"}]}},"cc_featured_image_caption":{"caption_text":"(Foto: F\u00e1bio Rodrigues Pozzebom\/Ag\u00eancia Brasil)","source_text":"","source_url":""},"jetpack_featured_media_url":"https:\/\/jornalfatosenoticias.com.br\/wp-content\/uploads\/2021\/06\/plenario_do_senado_federal.jpg","_links":{"self":[{"href":"https:\/\/jornalfatosenoticias.com.br\/index.php\/wp-json\/wp\/v2\/posts\/19757","targetHints":{"allow":["GET"]}}],"collection":[{"href":"https:\/\/jornalfatosenoticias.com.br\/index.php\/wp-json\/wp\/v2\/posts"}],"about":[{"href":"https:\/\/jornalfatosenoticias.com.br\/index.php\/wp-json\/wp\/v2\/types\/post"}],"author":[{"embeddable":true,"href":"https:\/\/jornalfatosenoticias.com.br\/index.php\/wp-json\/wp\/v2\/users\/2"}],"replies":[{"embeddable":true,"href":"https:\/\/jornalfatosenoticias.com.br\/index.php\/wp-json\/wp\/v2\/comments?post=19757"}],"version-history":[{"count":0,"href":"https:\/\/jornalfatosenoticias.com.br\/index.php\/wp-json\/wp\/v2\/posts\/19757\/revisions"}],"wp:featuredmedia":[{"embeddable":true,"href":"https:\/\/jornalfatosenoticias.com.br\/index.php\/wp-json\/wp\/v2\/media\/19758"}],"wp:attachment":[{"href":"https:\/\/jornalfatosenoticias.com.br\/index.php\/wp-json\/wp\/v2\/media?parent=19757"}],"wp:term":[{"taxonomy":"category","embeddable":true,"href":"https:\/\/jornalfatosenoticias.com.br\/index.php\/wp-json\/wp\/v2\/categories?post=19757"},{"taxonomy":"post_tag","embeddable":true,"href":"https:\/\/jornalfatosenoticias.com.br\/index.php\/wp-json\/wp\/v2\/tags?post=19757"}],"curies":[{"name":"wp","href":"https:\/\/api.w.org\/{rel}","templated":true}]}}