{"id":19760,"date":"2021-06-23T09:02:21","date_gmt":"2021-06-23T12:02:21","guid":{"rendered":"https:\/\/jornalfatosenoticias.com.br\/?p=19760"},"modified":"2021-06-23T09:02:25","modified_gmt":"2021-06-23T12:02:25","slug":"aquecimento-global-ameaca-cidades-costeiras-alertam-peritos-da-onu","status":"publish","type":"post","link":"https:\/\/jornalfatosenoticias.com.br\/index.php\/2021\/06\/23\/aquecimento-global-ameaca-cidades-costeiras-alertam-peritos-da-onu\/","title":{"rendered":"Aquecimento global amea\u00e7a cidades costeiras, alertam peritos da ONU"},"content":{"rendered":"\n<p><em><span class=\"has-inline-color has-black-color\">Informa\u00e7\u00e3o \u00e9 de relat\u00f3rio provis\u00f3rio do Painel sobre Evolu\u00e7\u00e3o do Clima<\/span><\/em><\/p>\n\n\n\n<p>A subida do n\u00edvel do mar, as inunda\u00e7\u00f5es e a intensifica\u00e7\u00e3o das ondas de calor amea\u00e7am as <strong>cidades costeiras<\/strong> em todo o mundo, diz relat\u00f3rio provis\u00f3rio do <strong>Painel Intergovernamental de<\/strong> <strong>Especialistas sobre a Evolu\u00e7\u00e3o do Clima<\/strong> (<strong>IPCC<\/strong>, na sigla em ingl\u00eas).<\/p>\n\n\n\n<blockquote class=\"wp-block-quote is-layout-flow wp-block-quote-is-layout-flow\"><p><span class=\"has-inline-color has-luminous-vivid-orange-color\">&#8220;A maioria das cidades costeiras pode morrer. Muitas delas ser\u00e3o dizimadas por inunda\u00e7\u00f5es de longo prazo. Em 2050, teremos uma imagem mais clara&#8221;, disse Ben Strauss, da organiza\u00e7\u00e3o Climate Central<\/span><\/p><\/blockquote>\n\n\n\n<p>De Bombaim a Miami, Daca ou Veneza, essas cidades e os seus milh\u00f5es de habitantes que vivem na foz dos estu\u00e1rios ou nas linhas sinuosas da costa est\u00e3o &#8220;na linha da frente&#8221; da crise clim\u00e1tica, que corre o risco de redesenhar os mapas dos continentes, afirma o documento.<\/p>\n\n\n\n<blockquote class=\"wp-block-quote is-layout-flow wp-block-quote-is-layout-flow\"><p><span class=\"has-inline-color has-luminous-vivid-orange-color\">&#8220;O n\u00edvel do mar continua a subir, as inunda\u00e7\u00f5es e as ondas de calor s\u00e3o cada vez mais frequentes e intensas e o aquecimento aumenta a acidez do oceano&#8221;, observam os cientistas no relat\u00f3rio de quatro mil p\u00e1ginas sobre os impactos das mudan\u00e7as clim\u00e1ticas.<\/span><\/p><\/blockquote>\n\n\n\n<p>De acordo com os peritos clim\u00e1ticos, \u00e9 preciso &#8220;fazer escolhas dif\u00edceis&#8221;. Sob o efeito combinado da expans\u00e3o dos oceanos e do degelo causado pelo aquecimento, a subida do n\u00edvel do mar tamb\u00e9m amea\u00e7a contaminar os solos agr\u00edcolas com \u00e1gua salgada e engolir infraestruturas estrat\u00e9gicas, como portos ou aeroportos.<br>Um &#8220;perigo para as sociedades e para a economia mundial em geral&#8221;, alerta o IPCC, lembrando que cerca de 10% da popula\u00e7\u00e3o mundial e dos trabalhadores est\u00e3o a menos de dez metros acima do n\u00edvel do mar.<\/p>\n\n\n\n<blockquote class=\"wp-block-quote is-layout-flow wp-block-quote-is-layout-flow\"><p><span class=\"has-inline-color has-luminous-vivid-orange-color\">&#8220;Para algumas megal\u00f3poles, deltas, pequenas ilhas e comunidades \u00e1rticas, as consequ\u00eancias podem ser sentidas muito rapidamente, durante a vida da maioria das popula\u00e7\u00f5es atuais&#8221;.<\/span><\/p><\/blockquote>\n\n\n\n<p>De acordo com os peritos, o n\u00edvel do oceano pode subir 60 cent\u00edmetros at\u00e9 ao final do s\u00e9culo.<br>&#8220;O destino de muitas <strong>cidades costeiras<\/strong> \u00e9 sombrio sem uma queda dr\u00e1stica nas emiss\u00f5es de CO\u2082&#8221;, dizem os pesquisadores, acrescentando que &#8220;qualquer que seja a taxa dessas emiss\u00f5es, o aumento do n\u00edvel dos oceanos acelera e continuar\u00e1 a ocorrer durante mil\u00eanios&#8221;.<br>&#8220;A maioria das <strong>cidades costeiras<\/strong> pode morrer. Muitas delas ser\u00e3o dizimadas por inunda\u00e7\u00f5es de longo prazo. Em 2050, teremos uma imagem mais clara&#8221;, disse Ben Strauss, da organiza\u00e7\u00e3o <strong>Climate Central<\/strong>.<br>Mas, apesar dessas previs\u00f5es sombrias, as cidades costeiras continuam a crescer, multiplicando as v\u00edtimas em potencial, especialmente na \u00c1sia e na \u00c1frica.<br>Segundo o documento, um <strong>aquecimento global<\/strong> acima do limiar de 1,5\u00baC (grau cent\u00edgrado), fixado pelo acordo de Paris, teria &#8220;impactos irrevers\u00edveis para os sistemas humanos e ecol\u00f3gicos&#8221;. Os peritos afirmam que a sobreviv\u00eancia da humanidade pode estar amea\u00e7ada.<br>Com as temperaturas m\u00e9dias subindo 1,1\u00b0C desde meados do s\u00e9culo 19, os efeitos no planeta j\u00e1 s\u00e3o graves e podem se tornar cada vez mais violentos, ainda que as emiss\u00f5es de di\u00f3xido de carbono (CO\u2082) venham a ser reduzidas.<br><em><span class=\"has-inline-color has-black-color\">Falta de \u00e1gua, fome, inc\u00eandios e \u00eaxodo em massa s\u00e3o alguns dos perigos destacados pelos peritos da ONU<\/span><\/em><span class=\"has-inline-color has-black-color\"><em>.<\/em><\/span><br>O relat\u00f3rio de avalia\u00e7\u00e3o global dos impactos do <strong>aquecimento<\/strong>, criado para apoiar decis\u00f5es pol\u00edticas, \u00e9 muito mais alarmante que o antecessor, divulgado em 2018.<br>O documento dever\u00e1 ser publicado em fevereiro de 2022, ap\u00f3s a aprova\u00e7\u00e3o pelos 195 Estados-membros da <strong>ONU<\/strong> e depois da confer\u00eancia clim\u00e1tica <strong>COP26<\/strong>, marcada para novembro em Glasgow, na Esc\u00f3cia.<br>Prevista originalmente para novembro de 2020, a <strong>26\u00aa Confer\u00eancia das Na\u00e7\u00f5es Unidas sobre Altera\u00e7\u00f5es Clim\u00e1ticas<\/strong> (<strong>COP26<\/strong>), com l\u00edderes de 196 pa\u00edses, empresas e especialistas, foi adiada devido \u00e0 pandemia de covid-19.<\/p>\n\n\n\n<p><strong><em>Fonte: <a href=\"https:\/\/agenciabrasil.ebc.com.br\/internacional\/noticia\/2021-06\/aquecimento-global-ameaca-cidades-costeiras-alertam-peritos-da-onu\">Ag\u00eancia Brasil<\/a><\/em><\/strong><\/p>\n","protected":false},"excerpt":{"rendered":"<p>Informa\u00e7\u00e3o \u00e9 de relat\u00f3rio provis\u00f3rio do Painel sobre Evolu\u00e7\u00e3o do Clima A subida do n\u00edvel do mar, as inunda\u00e7\u00f5es e a intensifica\u00e7\u00e3o das ondas de calor amea\u00e7am as cidades costeiras em todo o mundo, diz relat\u00f3rio provis\u00f3rio do Painel Intergovernamental de Especialistas sobre a Evolu\u00e7\u00e3o do Clima (IPCC, na sigla em ingl\u00eas). &#8220;A maioria das [&hellip;]<\/p>\n","protected":false},"author":2,"featured_media":19761,"comment_status":"open","ping_status":"open","sticky":false,"template":"","format":"standard","meta":{"footnotes":""},"categories":[8],"tags":[362,9693,9694,9695,9696,4340,648],"class_list":["post-19760","post","type-post","status-publish","format-standard","has-post-thumbnail","hentry","category-meio-ambiente","tag-aquecimento-global","tag-cidades-costeiras","tag-climate-central","tag-cop26","tag-inundacoes","tag-ondas-de-calor","tag-onu"],"yoast_head":"<!-- This site is optimized with the Yoast SEO plugin v26.5 - https:\/\/yoast.com\/wordpress\/plugins\/seo\/ -->\n<title>Aquecimento global amea\u00e7a cidades costeiras, alertam peritos da ONU - Jornal Fatos e Not\u00edcias<\/title>\n<meta name=\"robots\" content=\"index, follow, max-snippet:-1, max-image-preview:large, max-video-preview:-1\" \/>\n<link rel=\"canonical\" href=\"https:\/\/jornalfatosenoticias.com.br\/index.php\/2021\/06\/23\/aquecimento-global-ameaca-cidades-costeiras-alertam-peritos-da-onu\/\" \/>\n<meta property=\"og:locale\" content=\"pt_BR\" \/>\n<meta property=\"og:type\" content=\"article\" \/>\n<meta property=\"og:title\" content=\"Aquecimento global amea\u00e7a cidades costeiras, alertam peritos da ONU - Jornal Fatos e Not\u00edcias\" \/>\n<meta property=\"og:description\" content=\"Informa\u00e7\u00e3o \u00e9 de relat\u00f3rio provis\u00f3rio do Painel sobre Evolu\u00e7\u00e3o do Clima A subida do n\u00edvel do mar, as inunda\u00e7\u00f5es e a intensifica\u00e7\u00e3o das ondas de calor amea\u00e7am as cidades costeiras em todo o mundo, diz relat\u00f3rio provis\u00f3rio do Painel Intergovernamental de Especialistas sobre a Evolu\u00e7\u00e3o do Clima (IPCC, na sigla em ingl\u00eas). &#8220;A maioria das [&hellip;]\" \/>\n<meta property=\"og:url\" content=\"https:\/\/jornalfatosenoticias.com.br\/index.php\/2021\/06\/23\/aquecimento-global-ameaca-cidades-costeiras-alertam-peritos-da-onu\/\" \/>\n<meta property=\"og:site_name\" content=\"Jornal Fatos e Not\u00edcias\" \/>\n<meta property=\"article:published_time\" content=\"2021-06-23T12:02:21+00:00\" \/>\n<meta property=\"article:modified_time\" content=\"2021-06-23T12:02:25+00:00\" \/>\n<meta property=\"og:image\" content=\"https:\/\/jornalfatosenoticias.com.br\/wp-content\/uploads\/2021\/06\/aquecimento-global.jpg\" \/>\n\t<meta property=\"og:image:width\" content=\"1000\" \/>\n\t<meta property=\"og:image:height\" content=\"598\" \/>\n\t<meta property=\"og:image:type\" content=\"image\/jpeg\" \/>\n<meta name=\"author\" content=\"Luzimara Fernandes\" \/>\n<meta name=\"twitter:card\" content=\"summary_large_image\" \/>\n<meta name=\"twitter:label1\" content=\"Escrito por\" \/>\n\t<meta name=\"twitter:data1\" content=\"Luzimara Fernandes\" \/>\n\t<meta name=\"twitter:label2\" content=\"Est. tempo de leitura\" \/>\n\t<meta name=\"twitter:data2\" content=\"3 minutos\" \/>\n<script type=\"application\/ld+json\" class=\"yoast-schema-graph\">{\"@context\":\"https:\/\/schema.org\",\"@graph\":[{\"@type\":\"Article\",\"@id\":\"https:\/\/jornalfatosenoticias.com.br\/index.php\/2021\/06\/23\/aquecimento-global-ameaca-cidades-costeiras-alertam-peritos-da-onu\/#article\",\"isPartOf\":{\"@id\":\"https:\/\/jornalfatosenoticias.com.br\/index.php\/2021\/06\/23\/aquecimento-global-ameaca-cidades-costeiras-alertam-peritos-da-onu\/\"},\"author\":{\"name\":\"Luzimara Fernandes\",\"@id\":\"https:\/\/jornalfatosenoticias.com.br\/#\/schema\/person\/d63837fa13ac8666eb9e74e0985d6f81\"},\"headline\":\"Aquecimento global amea\u00e7a cidades costeiras, alertam peritos da ONU\",\"datePublished\":\"2021-06-23T12:02:21+00:00\",\"dateModified\":\"2021-06-23T12:02:25+00:00\",\"mainEntityOfPage\":{\"@id\":\"https:\/\/jornalfatosenoticias.com.br\/index.php\/2021\/06\/23\/aquecimento-global-ameaca-cidades-costeiras-alertam-peritos-da-onu\/\"},\"wordCount\":652,\"commentCount\":0,\"publisher\":{\"@id\":\"https:\/\/jornalfatosenoticias.com.br\/#organization\"},\"image\":{\"@id\":\"https:\/\/jornalfatosenoticias.com.br\/index.php\/2021\/06\/23\/aquecimento-global-ameaca-cidades-costeiras-alertam-peritos-da-onu\/#primaryimage\"},\"thumbnailUrl\":\"https:\/\/jornalfatosenoticias.com.br\/wp-content\/uploads\/2021\/06\/aquecimento-global.jpg\",\"keywords\":[\"aquecimento global\",\"cidades costeiras\",\"Climate Central\",\"COP26\",\"inunda\u00e7\u00f5es\",\"ondas de calor\",\"ONU\"],\"articleSection\":[\"Meio ambiente\"],\"inLanguage\":\"pt-BR\",\"potentialAction\":[{\"@type\":\"CommentAction\",\"name\":\"Comment\",\"target\":[\"https:\/\/jornalfatosenoticias.com.br\/index.php\/2021\/06\/23\/aquecimento-global-ameaca-cidades-costeiras-alertam-peritos-da-onu\/#respond\"]}]},{\"@type\":\"WebPage\",\"@id\":\"https:\/\/jornalfatosenoticias.com.br\/index.php\/2021\/06\/23\/aquecimento-global-ameaca-cidades-costeiras-alertam-peritos-da-onu\/\",\"url\":\"https:\/\/jornalfatosenoticias.com.br\/index.php\/2021\/06\/23\/aquecimento-global-ameaca-cidades-costeiras-alertam-peritos-da-onu\/\",\"name\":\"Aquecimento global amea\u00e7a cidades costeiras, alertam peritos da ONU - Jornal Fatos e Not\u00edcias\",\"isPartOf\":{\"@id\":\"https:\/\/jornalfatosenoticias.com.br\/#website\"},\"primaryImageOfPage\":{\"@id\":\"https:\/\/jornalfatosenoticias.com.br\/index.php\/2021\/06\/23\/aquecimento-global-ameaca-cidades-costeiras-alertam-peritos-da-onu\/#primaryimage\"},\"image\":{\"@id\":\"https:\/\/jornalfatosenoticias.com.br\/index.php\/2021\/06\/23\/aquecimento-global-ameaca-cidades-costeiras-alertam-peritos-da-onu\/#primaryimage\"},\"thumbnailUrl\":\"https:\/\/jornalfatosenoticias.com.br\/wp-content\/uploads\/2021\/06\/aquecimento-global.jpg\",\"datePublished\":\"2021-06-23T12:02:21+00:00\",\"dateModified\":\"2021-06-23T12:02:25+00:00\",\"breadcrumb\":{\"@id\":\"https:\/\/jornalfatosenoticias.com.br\/index.php\/2021\/06\/23\/aquecimento-global-ameaca-cidades-costeiras-alertam-peritos-da-onu\/#breadcrumb\"},\"inLanguage\":\"pt-BR\",\"potentialAction\":[{\"@type\":\"ReadAction\",\"target\":[\"https:\/\/jornalfatosenoticias.com.br\/index.php\/2021\/06\/23\/aquecimento-global-ameaca-cidades-costeiras-alertam-peritos-da-onu\/\"]}]},{\"@type\":\"ImageObject\",\"inLanguage\":\"pt-BR\",\"@id\":\"https:\/\/jornalfatosenoticias.com.br\/index.php\/2021\/06\/23\/aquecimento-global-ameaca-cidades-costeiras-alertam-peritos-da-onu\/#primaryimage\",\"url\":\"https:\/\/jornalfatosenoticias.com.br\/wp-content\/uploads\/2021\/06\/aquecimento-global.jpg\",\"contentUrl\":\"https:\/\/jornalfatosenoticias.com.br\/wp-content\/uploads\/2021\/06\/aquecimento-global.jpg\",\"width\":1000,\"height\":598,\"caption\":\"Frete fria traz tempestadee e ressaca nas praias do Rio de Janeiro\"},{\"@type\":\"BreadcrumbList\",\"@id\":\"https:\/\/jornalfatosenoticias.com.br\/index.php\/2021\/06\/23\/aquecimento-global-ameaca-cidades-costeiras-alertam-peritos-da-onu\/#breadcrumb\",\"itemListElement\":[{\"@type\":\"ListItem\",\"position\":1,\"name\":\"In\u00edcio\",\"item\":\"https:\/\/jornalfatosenoticias.com.br\/\"},{\"@type\":\"ListItem\",\"position\":2,\"name\":\"Aquecimento global amea\u00e7a cidades costeiras, alertam peritos da ONU\"}]},{\"@type\":\"WebSite\",\"@id\":\"https:\/\/jornalfatosenoticias.com.br\/#website\",\"url\":\"https:\/\/jornalfatosenoticias.com.br\/\",\"name\":\"Jornal Fatos e Not\u00edcias\",\"description\":\"Not\u00edcias em geral\",\"publisher\":{\"@id\":\"https:\/\/jornalfatosenoticias.com.br\/#organization\"},\"potentialAction\":[{\"@type\":\"SearchAction\",\"target\":{\"@type\":\"EntryPoint\",\"urlTemplate\":\"https:\/\/jornalfatosenoticias.com.br\/?s={search_term_string}\"},\"query-input\":{\"@type\":\"PropertyValueSpecification\",\"valueRequired\":true,\"valueName\":\"search_term_string\"}}],\"inLanguage\":\"pt-BR\"},{\"@type\":\"Organization\",\"@id\":\"https:\/\/jornalfatosenoticias.com.br\/#organization\",\"name\":\"Jornal Fatos e Not\u00edcias\",\"url\":\"https:\/\/jornalfatosenoticias.com.br\/\",\"logo\":{\"@type\":\"ImageObject\",\"inLanguage\":\"pt-BR\",\"@id\":\"https:\/\/jornalfatosenoticias.com.br\/#\/schema\/logo\/image\/\",\"url\":\"https:\/\/jornalfatosenoticias.com.br\/wp-content\/uploads\/2020\/02\/logo120.png\",\"contentUrl\":\"https:\/\/jornalfatosenoticias.com.br\/wp-content\/uploads\/2020\/02\/logo120.png\",\"width\":1227,\"height\":120,\"caption\":\"Jornal Fatos e Not\u00edcias\"},\"image\":{\"@id\":\"https:\/\/jornalfatosenoticias.com.br\/#\/schema\/logo\/image\/\"}},{\"@type\":\"Person\",\"@id\":\"https:\/\/jornalfatosenoticias.com.br\/#\/schema\/person\/d63837fa13ac8666eb9e74e0985d6f81\",\"name\":\"Luzimara Fernandes\",\"image\":{\"@type\":\"ImageObject\",\"inLanguage\":\"pt-BR\",\"@id\":\"https:\/\/jornalfatosenoticias.com.br\/#\/schema\/person\/image\/\",\"url\":\"https:\/\/jornalfatosenoticias.com.br\/wp-content\/uploads\/2025\/05\/EU_portal.jpg\",\"contentUrl\":\"https:\/\/jornalfatosenoticias.com.br\/wp-content\/uploads\/2025\/05\/EU_portal.jpg\",\"caption\":\"Luzimara Fernandes\"},\"description\":\"Jornalista MTB 2358-ES\",\"sameAs\":[\"https:\/\/jornalfatosenoticias.com.br\"],\"url\":\"https:\/\/jornalfatosenoticias.com.br\/index.php\/author\/luzimara\/\"}]}<\/script>\n<!-- \/ Yoast SEO plugin. -->","yoast_head_json":{"title":"Aquecimento global amea\u00e7a cidades costeiras, alertam peritos da ONU - Jornal Fatos e Not\u00edcias","robots":{"index":"index","follow":"follow","max-snippet":"max-snippet:-1","max-image-preview":"max-image-preview:large","max-video-preview":"max-video-preview:-1"},"canonical":"https:\/\/jornalfatosenoticias.com.br\/index.php\/2021\/06\/23\/aquecimento-global-ameaca-cidades-costeiras-alertam-peritos-da-onu\/","og_locale":"pt_BR","og_type":"article","og_title":"Aquecimento global amea\u00e7a cidades costeiras, alertam peritos da ONU - Jornal Fatos e Not\u00edcias","og_description":"Informa\u00e7\u00e3o \u00e9 de relat\u00f3rio provis\u00f3rio do Painel sobre Evolu\u00e7\u00e3o do Clima A subida do n\u00edvel do mar, as inunda\u00e7\u00f5es e a intensifica\u00e7\u00e3o das ondas de calor amea\u00e7am as cidades costeiras em todo o mundo, diz relat\u00f3rio provis\u00f3rio do Painel Intergovernamental de Especialistas sobre a Evolu\u00e7\u00e3o do Clima (IPCC, na sigla em ingl\u00eas). &#8220;A maioria das [&hellip;]","og_url":"https:\/\/jornalfatosenoticias.com.br\/index.php\/2021\/06\/23\/aquecimento-global-ameaca-cidades-costeiras-alertam-peritos-da-onu\/","og_site_name":"Jornal Fatos e Not\u00edcias","article_published_time":"2021-06-23T12:02:21+00:00","article_modified_time":"2021-06-23T12:02:25+00:00","og_image":[{"width":1000,"height":598,"url":"https:\/\/jornalfatosenoticias.com.br\/wp-content\/uploads\/2021\/06\/aquecimento-global.jpg","type":"image\/jpeg"}],"author":"Luzimara Fernandes","twitter_card":"summary_large_image","twitter_misc":{"Escrito por":"Luzimara Fernandes","Est. tempo de leitura":"3 minutos"},"schema":{"@context":"https:\/\/schema.org","@graph":[{"@type":"Article","@id":"https:\/\/jornalfatosenoticias.com.br\/index.php\/2021\/06\/23\/aquecimento-global-ameaca-cidades-costeiras-alertam-peritos-da-onu\/#article","isPartOf":{"@id":"https:\/\/jornalfatosenoticias.com.br\/index.php\/2021\/06\/23\/aquecimento-global-ameaca-cidades-costeiras-alertam-peritos-da-onu\/"},"author":{"name":"Luzimara Fernandes","@id":"https:\/\/jornalfatosenoticias.com.br\/#\/schema\/person\/d63837fa13ac8666eb9e74e0985d6f81"},"headline":"Aquecimento global amea\u00e7a cidades costeiras, alertam peritos da ONU","datePublished":"2021-06-23T12:02:21+00:00","dateModified":"2021-06-23T12:02:25+00:00","mainEntityOfPage":{"@id":"https:\/\/jornalfatosenoticias.com.br\/index.php\/2021\/06\/23\/aquecimento-global-ameaca-cidades-costeiras-alertam-peritos-da-onu\/"},"wordCount":652,"commentCount":0,"publisher":{"@id":"https:\/\/jornalfatosenoticias.com.br\/#organization"},"image":{"@id":"https:\/\/jornalfatosenoticias.com.br\/index.php\/2021\/06\/23\/aquecimento-global-ameaca-cidades-costeiras-alertam-peritos-da-onu\/#primaryimage"},"thumbnailUrl":"https:\/\/jornalfatosenoticias.com.br\/wp-content\/uploads\/2021\/06\/aquecimento-global.jpg","keywords":["aquecimento global","cidades costeiras","Climate Central","COP26","inunda\u00e7\u00f5es","ondas de calor","ONU"],"articleSection":["Meio ambiente"],"inLanguage":"pt-BR","potentialAction":[{"@type":"CommentAction","name":"Comment","target":["https:\/\/jornalfatosenoticias.com.br\/index.php\/2021\/06\/23\/aquecimento-global-ameaca-cidades-costeiras-alertam-peritos-da-onu\/#respond"]}]},{"@type":"WebPage","@id":"https:\/\/jornalfatosenoticias.com.br\/index.php\/2021\/06\/23\/aquecimento-global-ameaca-cidades-costeiras-alertam-peritos-da-onu\/","url":"https:\/\/jornalfatosenoticias.com.br\/index.php\/2021\/06\/23\/aquecimento-global-ameaca-cidades-costeiras-alertam-peritos-da-onu\/","name":"Aquecimento global amea\u00e7a cidades costeiras, alertam peritos da ONU - Jornal Fatos e Not\u00edcias","isPartOf":{"@id":"https:\/\/jornalfatosenoticias.com.br\/#website"},"primaryImageOfPage":{"@id":"https:\/\/jornalfatosenoticias.com.br\/index.php\/2021\/06\/23\/aquecimento-global-ameaca-cidades-costeiras-alertam-peritos-da-onu\/#primaryimage"},"image":{"@id":"https:\/\/jornalfatosenoticias.com.br\/index.php\/2021\/06\/23\/aquecimento-global-ameaca-cidades-costeiras-alertam-peritos-da-onu\/#primaryimage"},"thumbnailUrl":"https:\/\/jornalfatosenoticias.com.br\/wp-content\/uploads\/2021\/06\/aquecimento-global.jpg","datePublished":"2021-06-23T12:02:21+00:00","dateModified":"2021-06-23T12:02:25+00:00","breadcrumb":{"@id":"https:\/\/jornalfatosenoticias.com.br\/index.php\/2021\/06\/23\/aquecimento-global-ameaca-cidades-costeiras-alertam-peritos-da-onu\/#breadcrumb"},"inLanguage":"pt-BR","potentialAction":[{"@type":"ReadAction","target":["https:\/\/jornalfatosenoticias.com.br\/index.php\/2021\/06\/23\/aquecimento-global-ameaca-cidades-costeiras-alertam-peritos-da-onu\/"]}]},{"@type":"ImageObject","inLanguage":"pt-BR","@id":"https:\/\/jornalfatosenoticias.com.br\/index.php\/2021\/06\/23\/aquecimento-global-ameaca-cidades-costeiras-alertam-peritos-da-onu\/#primaryimage","url":"https:\/\/jornalfatosenoticias.com.br\/wp-content\/uploads\/2021\/06\/aquecimento-global.jpg","contentUrl":"https:\/\/jornalfatosenoticias.com.br\/wp-content\/uploads\/2021\/06\/aquecimento-global.jpg","width":1000,"height":598,"caption":"Frete fria traz tempestadee e ressaca nas praias do Rio de Janeiro"},{"@type":"BreadcrumbList","@id":"https:\/\/jornalfatosenoticias.com.br\/index.php\/2021\/06\/23\/aquecimento-global-ameaca-cidades-costeiras-alertam-peritos-da-onu\/#breadcrumb","itemListElement":[{"@type":"ListItem","position":1,"name":"In\u00edcio","item":"https:\/\/jornalfatosenoticias.com.br\/"},{"@type":"ListItem","position":2,"name":"Aquecimento global amea\u00e7a cidades costeiras, alertam peritos da ONU"}]},{"@type":"WebSite","@id":"https:\/\/jornalfatosenoticias.com.br\/#website","url":"https:\/\/jornalfatosenoticias.com.br\/","name":"Jornal Fatos e Not\u00edcias","description":"Not\u00edcias em geral","publisher":{"@id":"https:\/\/jornalfatosenoticias.com.br\/#organization"},"potentialAction":[{"@type":"SearchAction","target":{"@type":"EntryPoint","urlTemplate":"https:\/\/jornalfatosenoticias.com.br\/?s={search_term_string}"},"query-input":{"@type":"PropertyValueSpecification","valueRequired":true,"valueName":"search_term_string"}}],"inLanguage":"pt-BR"},{"@type":"Organization","@id":"https:\/\/jornalfatosenoticias.com.br\/#organization","name":"Jornal Fatos e Not\u00edcias","url":"https:\/\/jornalfatosenoticias.com.br\/","logo":{"@type":"ImageObject","inLanguage":"pt-BR","@id":"https:\/\/jornalfatosenoticias.com.br\/#\/schema\/logo\/image\/","url":"https:\/\/jornalfatosenoticias.com.br\/wp-content\/uploads\/2020\/02\/logo120.png","contentUrl":"https:\/\/jornalfatosenoticias.com.br\/wp-content\/uploads\/2020\/02\/logo120.png","width":1227,"height":120,"caption":"Jornal Fatos e Not\u00edcias"},"image":{"@id":"https:\/\/jornalfatosenoticias.com.br\/#\/schema\/logo\/image\/"}},{"@type":"Person","@id":"https:\/\/jornalfatosenoticias.com.br\/#\/schema\/person\/d63837fa13ac8666eb9e74e0985d6f81","name":"Luzimara Fernandes","image":{"@type":"ImageObject","inLanguage":"pt-BR","@id":"https:\/\/jornalfatosenoticias.com.br\/#\/schema\/person\/image\/","url":"https:\/\/jornalfatosenoticias.com.br\/wp-content\/uploads\/2025\/05\/EU_portal.jpg","contentUrl":"https:\/\/jornalfatosenoticias.com.br\/wp-content\/uploads\/2025\/05\/EU_portal.jpg","caption":"Luzimara Fernandes"},"description":"Jornalista MTB 2358-ES","sameAs":["https:\/\/jornalfatosenoticias.com.br"],"url":"https:\/\/jornalfatosenoticias.com.br\/index.php\/author\/luzimara\/"}]}},"cc_featured_image_caption":{"caption_text":"(Foto: Fernando Fraz\u00e3o\/Ag\u00eancia Brasil)","source_text":"","source_url":""},"jetpack_featured_media_url":"https:\/\/jornalfatosenoticias.com.br\/wp-content\/uploads\/2021\/06\/aquecimento-global.jpg","_links":{"self":[{"href":"https:\/\/jornalfatosenoticias.com.br\/index.php\/wp-json\/wp\/v2\/posts\/19760","targetHints":{"allow":["GET"]}}],"collection":[{"href":"https:\/\/jornalfatosenoticias.com.br\/index.php\/wp-json\/wp\/v2\/posts"}],"about":[{"href":"https:\/\/jornalfatosenoticias.com.br\/index.php\/wp-json\/wp\/v2\/types\/post"}],"author":[{"embeddable":true,"href":"https:\/\/jornalfatosenoticias.com.br\/index.php\/wp-json\/wp\/v2\/users\/2"}],"replies":[{"embeddable":true,"href":"https:\/\/jornalfatosenoticias.com.br\/index.php\/wp-json\/wp\/v2\/comments?post=19760"}],"version-history":[{"count":0,"href":"https:\/\/jornalfatosenoticias.com.br\/index.php\/wp-json\/wp\/v2\/posts\/19760\/revisions"}],"wp:featuredmedia":[{"embeddable":true,"href":"https:\/\/jornalfatosenoticias.com.br\/index.php\/wp-json\/wp\/v2\/media\/19761"}],"wp:attachment":[{"href":"https:\/\/jornalfatosenoticias.com.br\/index.php\/wp-json\/wp\/v2\/media?parent=19760"}],"wp:term":[{"taxonomy":"category","embeddable":true,"href":"https:\/\/jornalfatosenoticias.com.br\/index.php\/wp-json\/wp\/v2\/categories?post=19760"},{"taxonomy":"post_tag","embeddable":true,"href":"https:\/\/jornalfatosenoticias.com.br\/index.php\/wp-json\/wp\/v2\/tags?post=19760"}],"curies":[{"name":"wp","href":"https:\/\/api.w.org\/{rel}","templated":true}]}}