{"id":19766,"date":"2021-06-23T09:42:25","date_gmt":"2021-06-23T12:42:25","guid":{"rendered":"https:\/\/jornalfatosenoticias.com.br\/?p=19766"},"modified":"2021-06-23T09:42:29","modified_gmt":"2021-06-23T12:42:29","slug":"fenomeno-meteorologico-saiba-como-ocorre-a-tromba-dagua","status":"publish","type":"post","link":"https:\/\/jornalfatosenoticias.com.br\/index.php\/2021\/06\/23\/fenomeno-meteorologico-saiba-como-ocorre-a-tromba-dagua\/","title":{"rendered":"Fen\u00f4meno meteorol\u00f3gico, saiba como ocorre a tromba d&#8217;\u00e1gua"},"content":{"rendered":"\n<p><em><span class=\"has-inline-color has-black-color\">O fen\u00f4meno pode se formar sobre um lago, rio ou oceano. O seu formato lembra o de um tornado e muitas pessoas acabam confundindo os dois<\/span><\/em><\/p>\n\n\n\n<p>Pense no seguinte cen\u00e1rio: voc\u00ea est\u00e1 de f\u00e9rias com a fam\u00edlia, aproveitando tudo o que a Amaz\u00f4nia tem a oferecer. S\u00f3 que, de repente, olhando para o rio, voc\u00ea se depara com uma esp\u00e9cie de funil crescendo, entre o c\u00e9u e a \u00e1gua. Um furac\u00e3o? Um tornado? A primeira rea\u00e7\u00e3o \u00e9 o medo, certo?<br>Calma, voc\u00ea n\u00e3o est\u00e1 presenciando um furac\u00e3o ou nada do tipo. O nome do fen\u00f4meno \u00e9 tromba d&#8217; \u00e1gua, e ele \u00e9 mais comum do que voc\u00ea possa imaginar. A tromba d&#8217;\u00e1gua pode se formar sobre um lago, rio ou oceano. O seu formato lembra o de um tornado e muitas pessoas acabam confundindo os dois.<br>Foi o que aconteceu com a universit\u00e1ria J\u00e9ssica Wonghan, que estava com a fam\u00edlia curtindo as praias da comunidade Caot\u00e1, localizada em Santar\u00e9m, quando uma tromba d&#8217;\u00e1gua se formou no rio Tapaj\u00f3s. A jovem enviou \u00e0 reda\u00e7\u00e3o do Portal Amaz\u00f4nia belos registros do fen\u00f4meno.<br>&#8220;Eram por volta de 8h35, em uma comunidade que fica entre Ponta de Pedras e Alter do Ch\u00e3o. Fiquei admirada quando vi a tromba d&#8217;\u00e1gua se formando, ent\u00e3o, corri para chamar a minha fam\u00edlia. N\u00e3o consegu\u00edamos sentir o vento, mas ouv\u00edamos o barulho causado pelo funil. E demorou quase 30 minutos para dissipar&#8221;, explicou a universit\u00e1ria.<\/p>\n\n\n\n<figure class=\"wp-block-embed-youtube wp-block-embed is-type-video is-provider-youtube wp-embed-aspect-16-9 wp-has-aspect-ratio\"><div class=\"wp-block-embed__wrapper\">\n<iframe loading=\"lazy\" title=\"Conhe\u00e7a a tromba d&#039;\u00e1gua\" width=\"660\" height=\"371\" src=\"https:\/\/www.youtube.com\/embed\/rChadr5Om7o?feature=oembed\" frameborder=\"0\" allow=\"accelerometer; autoplay; clipboard-write; encrypted-media; gyroscope; picture-in-picture; web-share\" referrerpolicy=\"strict-origin-when-cross-origin\" allowfullscreen><\/iframe>\n<\/div><\/figure>\n\n\n\n<p>Esse n\u00e3o foi o \u00fanico registro de uma tromba d&#8217;\u00e1gua no m\u00eas de junho. Os moradores de Coari (munic\u00edpio distante a 450 quil\u00f4metros de Manaus) ficaram assustados quando o fen\u00f4meno natural se formou no Lago de Coari. A tromba d&#8217;\u00e1gua durou aproximadamente 10 minutos. N\u00e3o houve nenhum dano material ou registro de feridos.<br>J\u00e1 no dia 17 de junho, a p\u00e1gina &#8220;Tr\u00e2nsito Manaus&#8221; postou um v\u00eddeo \u2014 enviado por um seguidor \u2014 de uma tromba d&#8217;\u00e1gua no Rio Negro. O fato ocorreu pr\u00f3ximo ao Condom\u00ednio Residencial Turim, localizado na Ponta Negra, Zona Oeste de Manaus.<br>Existem v\u00e1rios fen\u00f4menos climatol\u00f3gicos que trazem destrui\u00e7\u00e3o para as cidades como, por exemplo, furac\u00f5es, tornados e ciclones, que se caracterizam por movimentos esf\u00e9ricos em alta velocidade. Na Amaz\u00f4nia, existe a tromba d&#8217;\u00e1gua, que \u00e9 um movimento de ocorr\u00eancia, por\u00e9m, ligado aos rios e que ocorre no processo de transi\u00e7\u00e3o entre esta\u00e7\u00f5es.<\/p>\n\n\n\n<div class=\"wp-block-jetpack-slideshow aligncenter\" data-effect=\"slide\"><div class=\"wp-block-jetpack-slideshow_container swiper-container\"><ul class=\"wp-block-jetpack-slideshow_swiper-wrapper swiper-wrapper\"><li class=\"wp-block-jetpack-slideshow_slide swiper-slide\"><figure><img loading=\"lazy\" decoding=\"async\" width=\"1000\" height=\"853\" alt=\"\" class=\"wp-block-jetpack-slideshow_image wp-image-19767\" data-id=\"19767\" src=\"https:\/\/jornalfatosenoticias.com.br\/wp-content\/uploads\/2021\/06\/tromba-dagua2.jpg\" srcset=\"https:\/\/jornalfatosenoticias.com.br\/wp-content\/uploads\/2021\/06\/tromba-dagua2.jpg 1000w, https:\/\/jornalfatosenoticias.com.br\/wp-content\/uploads\/2021\/06\/tromba-dagua2-300x256.jpg 300w, https:\/\/jornalfatosenoticias.com.br\/wp-content\/uploads\/2021\/06\/tromba-dagua2-768x655.jpg 768w\" sizes=\"auto, (max-width: 1000px) 100vw, 1000px\" \/><figcaption class=\"wp-block-jetpack-slideshow_caption gallery-caption\">Tromba d&#8217;\u00e1gua em Santar\u00e9m (Foto: J\u00e9ssica Wonghan\/Arquivo Pessoal)<\/figcaption><\/figure><\/li><li class=\"wp-block-jetpack-slideshow_slide swiper-slide\"><figure><img loading=\"lazy\" decoding=\"async\" width=\"1000\" height=\"551\" alt=\"\" class=\"wp-block-jetpack-slideshow_image wp-image-19768\" data-id=\"19768\" src=\"https:\/\/jornalfatosenoticias.com.br\/wp-content\/uploads\/2021\/06\/tromba-dagua3.jpg\" srcset=\"https:\/\/jornalfatosenoticias.com.br\/wp-content\/uploads\/2021\/06\/tromba-dagua3.jpg 1000w, https:\/\/jornalfatosenoticias.com.br\/wp-content\/uploads\/2021\/06\/tromba-dagua3-300x165.jpg 300w, https:\/\/jornalfatosenoticias.com.br\/wp-content\/uploads\/2021\/06\/tromba-dagua3-768x423.jpg 768w\" sizes=\"auto, (max-width: 1000px) 100vw, 1000px\" \/><figcaption class=\"wp-block-jetpack-slideshow_caption gallery-caption\">Registro da tromba d&#8217;\u00e1gua no munic\u00edpio de Coari (Foto: Reprodu\u00e7\u00e3o)<\/figcaption><\/figure><\/li><\/ul><a class=\"wp-block-jetpack-slideshow_button-prev swiper-button-prev swiper-button-white\" role=\"button\"><\/a><a class=\"wp-block-jetpack-slideshow_button-next swiper-button-next swiper-button-white\" role=\"button\"><\/a><a aria-label=\"Pause Slideshow\" class=\"wp-block-jetpack-slideshow_button-pause\" role=\"button\"><\/a><div class=\"wp-block-jetpack-slideshow_pagination swiper-pagination swiper-pagination-white\"><\/div><\/div><\/div>\n\n\n\n<p>&#8220;O ver\u00e3o come\u00e7a em dezembro e termina em mar\u00e7o, em seguida, inicia o outono, que ainda registra intensas chuvas e um intenso calor. Depois temos o inverno, que na Amaz\u00f4nia costuma ser quente. No fim do inverno, acontece um deslocamento nas c\u00e9lulas das nuvens diretamente para o rio, ou seja, as nuvens est\u00e3o carregadas em uma temperatura baixa, j\u00e1 o rio com uma temperatura elevada, a partir deste encontro acontece a tromba d&#8217;\u00e1gua&#8221;, explicou o professor da Universidade Estadual do Amazonas (UEA), Jos\u00e9 Camilo.<br>Outro fator determinante para a apari\u00e7\u00e3o de trombas d&#8217;\u00e1guas s\u00e3o os desmates nas florestas da Amaz\u00f4nia, uma vez que, sem \u00e1rvores, a temperatura fica elevada.<\/p>\n\n\n\n<blockquote class=\"wp-block-quote is-layout-flow wp-block-quote-is-layout-flow\"><p><span class=\"has-inline-color has-luminous-vivid-orange-color\">&#8220;Cada \u00e1rvore coloca no ar atmosf\u00e9rico mil litros de \u00e1gua por dia, ent\u00e3o, quando voc\u00ea quebra o equil\u00edbrio voc\u00ea pode ter mais ocorr\u00eancias desse fen\u00f4meno, porque o sistema estar\u00e1 desequilibrado&#8221;, contou o especialista.<\/span><\/p><\/blockquote>\n\n\n\n<p>Ainda segundo Camilo, n\u00e3o existe um momento para a tromba d&#8217;\u00e1gua aparecer. At\u00e9 as grandes cidades da Amaz\u00f4nia est\u00e3o na mira do fen\u00f4meno. &#8220;Manaus \u00e9 um lugar enorme, cortada por v\u00e1rios igarap\u00e9s, ent\u00e3o, pode acontecer uma tromba d&#8217;\u00e1gua no meio da cidade, como j\u00e1 ocorreu na frente de Parintins, em 2012&#8221;, afirmou.<br>Assustador, n\u00e9? Apesar de n\u00e3o haver registros de grandes estragos causados pelas trombas d&#8217;\u00e1guas, o professor pede para que as pessoas as registrem de uma dist\u00e2ncia segura, sempre observando a dire\u00e7\u00e3o que o funil est\u00e1 seguindo, principalmente se estiver em um barco .<\/p>\n\n\n\n<p><strong><em>Fonte: <a href=\"https:\/\/portalamazonia.com\/amazonia\/fenomeno-meteorologico-saiba-como-ocorre-a-tromba-d-agua\">Portal Amaz\u00f4nia<\/a><\/em><\/strong><\/p>\n","protected":false},"excerpt":{"rendered":"<p>O fen\u00f4meno pode se formar sobre um lago, rio ou oceano. O seu formato lembra o de um tornado e muitas pessoas acabam confundindo os dois Pense no seguinte cen\u00e1rio: voc\u00ea est\u00e1 de f\u00e9rias com a fam\u00edlia, aproveitando tudo o que a Amaz\u00f4nia tem a oferecer. S\u00f3 que, de repente, olhando para o rio, voc\u00ea [&hellip;]<\/p>\n","protected":false},"author":2,"featured_media":19770,"comment_status":"open","ping_status":"open","sticky":false,"template":"","format":"standard","meta":{"footnotes":""},"categories":[5],"tags":[123,9705,1485,9702,9703],"class_list":["post-19766","post","type-post","status-publish","format-standard","has-post-thumbnail","hentry","category-geral","tag-amazonia","tag-cuidados-com-a-tromba-dagua-2","tag-fenomeno","tag-fenomeno-meteorologico","tag-santarem"],"yoast_head":"<!-- This site is optimized with the Yoast SEO plugin v26.5 - https:\/\/yoast.com\/wordpress\/plugins\/seo\/ -->\n<title>Fen\u00f4meno meteorol\u00f3gico, saiba como ocorre a tromba d&#039;\u00e1gua - Jornal Fatos e Not\u00edcias<\/title>\n<meta name=\"robots\" content=\"index, follow, max-snippet:-1, max-image-preview:large, max-video-preview:-1\" \/>\n<link rel=\"canonical\" href=\"https:\/\/jornalfatosenoticias.com.br\/index.php\/2021\/06\/23\/fenomeno-meteorologico-saiba-como-ocorre-a-tromba-dagua\/\" \/>\n<meta property=\"og:locale\" content=\"pt_BR\" \/>\n<meta property=\"og:type\" content=\"article\" \/>\n<meta property=\"og:title\" content=\"Fen\u00f4meno meteorol\u00f3gico, saiba como ocorre a tromba d&#039;\u00e1gua - Jornal Fatos e Not\u00edcias\" \/>\n<meta property=\"og:description\" content=\"O fen\u00f4meno pode se formar sobre um lago, rio ou oceano. O seu formato lembra o de um tornado e muitas pessoas acabam confundindo os dois Pense no seguinte cen\u00e1rio: voc\u00ea est\u00e1 de f\u00e9rias com a fam\u00edlia, aproveitando tudo o que a Amaz\u00f4nia tem a oferecer. S\u00f3 que, de repente, olhando para o rio, voc\u00ea [&hellip;]\" \/>\n<meta property=\"og:url\" content=\"https:\/\/jornalfatosenoticias.com.br\/index.php\/2021\/06\/23\/fenomeno-meteorologico-saiba-como-ocorre-a-tromba-dagua\/\" \/>\n<meta property=\"og:site_name\" content=\"Jornal Fatos e Not\u00edcias\" \/>\n<meta property=\"article:published_time\" content=\"2021-06-23T12:42:25+00:00\" \/>\n<meta property=\"article:modified_time\" content=\"2021-06-23T12:42:29+00:00\" \/>\n<meta property=\"og:image\" content=\"https:\/\/jornalfatosenoticias.com.br\/wp-content\/uploads\/2021\/06\/tromba-dagua.jpg\" \/>\n\t<meta property=\"og:image:width\" content=\"1000\" \/>\n\t<meta property=\"og:image:height\" content=\"690\" \/>\n\t<meta property=\"og:image:type\" content=\"image\/jpeg\" \/>\n<meta name=\"author\" content=\"Luzimara Fernandes\" \/>\n<meta name=\"twitter:card\" content=\"summary_large_image\" \/>\n<meta name=\"twitter:label1\" content=\"Escrito por\" \/>\n\t<meta name=\"twitter:data1\" content=\"Luzimara Fernandes\" \/>\n\t<meta name=\"twitter:label2\" content=\"Est. tempo de leitura\" \/>\n\t<meta name=\"twitter:data2\" content=\"4 minutos\" \/>\n<script type=\"application\/ld+json\" class=\"yoast-schema-graph\">{\"@context\":\"https:\/\/schema.org\",\"@graph\":[{\"@type\":\"Article\",\"@id\":\"https:\/\/jornalfatosenoticias.com.br\/index.php\/2021\/06\/23\/fenomeno-meteorologico-saiba-como-ocorre-a-tromba-dagua\/#article\",\"isPartOf\":{\"@id\":\"https:\/\/jornalfatosenoticias.com.br\/index.php\/2021\/06\/23\/fenomeno-meteorologico-saiba-como-ocorre-a-tromba-dagua\/\"},\"author\":{\"name\":\"Luzimara Fernandes\",\"@id\":\"https:\/\/jornalfatosenoticias.com.br\/#\/schema\/person\/d63837fa13ac8666eb9e74e0985d6f81\"},\"headline\":\"Fen\u00f4meno meteorol\u00f3gico, saiba como ocorre a tromba d&#8217;\u00e1gua\",\"datePublished\":\"2021-06-23T12:42:25+00:00\",\"dateModified\":\"2021-06-23T12:42:29+00:00\",\"mainEntityOfPage\":{\"@id\":\"https:\/\/jornalfatosenoticias.com.br\/index.php\/2021\/06\/23\/fenomeno-meteorologico-saiba-como-ocorre-a-tromba-dagua\/\"},\"wordCount\":744,\"commentCount\":0,\"publisher\":{\"@id\":\"https:\/\/jornalfatosenoticias.com.br\/#organization\"},\"image\":{\"@id\":\"https:\/\/jornalfatosenoticias.com.br\/index.php\/2021\/06\/23\/fenomeno-meteorologico-saiba-como-ocorre-a-tromba-dagua\/#primaryimage\"},\"thumbnailUrl\":\"https:\/\/jornalfatosenoticias.com.br\/wp-content\/uploads\/2021\/06\/tromba-dagua.jpg\",\"keywords\":[\"amaz\u00f4nia\",\"cuidados com a tromba d\u00e1gua\",\"fen\u00f4meno\",\"fen\u00f4meno meteorol\u00f3gico\",\"Santar\u00e9m\"],\"articleSection\":[\"Geral\"],\"inLanguage\":\"pt-BR\",\"potentialAction\":[{\"@type\":\"CommentAction\",\"name\":\"Comment\",\"target\":[\"https:\/\/jornalfatosenoticias.com.br\/index.php\/2021\/06\/23\/fenomeno-meteorologico-saiba-como-ocorre-a-tromba-dagua\/#respond\"]}]},{\"@type\":\"WebPage\",\"@id\":\"https:\/\/jornalfatosenoticias.com.br\/index.php\/2021\/06\/23\/fenomeno-meteorologico-saiba-como-ocorre-a-tromba-dagua\/\",\"url\":\"https:\/\/jornalfatosenoticias.com.br\/index.php\/2021\/06\/23\/fenomeno-meteorologico-saiba-como-ocorre-a-tromba-dagua\/\",\"name\":\"Fen\u00f4meno meteorol\u00f3gico, saiba como ocorre a tromba d'\u00e1gua - Jornal Fatos e Not\u00edcias\",\"isPartOf\":{\"@id\":\"https:\/\/jornalfatosenoticias.com.br\/#website\"},\"primaryImageOfPage\":{\"@id\":\"https:\/\/jornalfatosenoticias.com.br\/index.php\/2021\/06\/23\/fenomeno-meteorologico-saiba-como-ocorre-a-tromba-dagua\/#primaryimage\"},\"image\":{\"@id\":\"https:\/\/jornalfatosenoticias.com.br\/index.php\/2021\/06\/23\/fenomeno-meteorologico-saiba-como-ocorre-a-tromba-dagua\/#primaryimage\"},\"thumbnailUrl\":\"https:\/\/jornalfatosenoticias.com.br\/wp-content\/uploads\/2021\/06\/tromba-dagua.jpg\",\"datePublished\":\"2021-06-23T12:42:25+00:00\",\"dateModified\":\"2021-06-23T12:42:29+00:00\",\"breadcrumb\":{\"@id\":\"https:\/\/jornalfatosenoticias.com.br\/index.php\/2021\/06\/23\/fenomeno-meteorologico-saiba-como-ocorre-a-tromba-dagua\/#breadcrumb\"},\"inLanguage\":\"pt-BR\",\"potentialAction\":[{\"@type\":\"ReadAction\",\"target\":[\"https:\/\/jornalfatosenoticias.com.br\/index.php\/2021\/06\/23\/fenomeno-meteorologico-saiba-como-ocorre-a-tromba-dagua\/\"]}]},{\"@type\":\"ImageObject\",\"inLanguage\":\"pt-BR\",\"@id\":\"https:\/\/jornalfatosenoticias.com.br\/index.php\/2021\/06\/23\/fenomeno-meteorologico-saiba-como-ocorre-a-tromba-dagua\/#primaryimage\",\"url\":\"https:\/\/jornalfatosenoticias.com.br\/wp-content\/uploads\/2021\/06\/tromba-dagua.jpg\",\"contentUrl\":\"https:\/\/jornalfatosenoticias.com.br\/wp-content\/uploads\/2021\/06\/tromba-dagua.jpg\",\"width\":1000,\"height\":690},{\"@type\":\"BreadcrumbList\",\"@id\":\"https:\/\/jornalfatosenoticias.com.br\/index.php\/2021\/06\/23\/fenomeno-meteorologico-saiba-como-ocorre-a-tromba-dagua\/#breadcrumb\",\"itemListElement\":[{\"@type\":\"ListItem\",\"position\":1,\"name\":\"In\u00edcio\",\"item\":\"https:\/\/jornalfatosenoticias.com.br\/\"},{\"@type\":\"ListItem\",\"position\":2,\"name\":\"Fen\u00f4meno meteorol\u00f3gico, saiba como ocorre a tromba d&#8217;\u00e1gua\"}]},{\"@type\":\"WebSite\",\"@id\":\"https:\/\/jornalfatosenoticias.com.br\/#website\",\"url\":\"https:\/\/jornalfatosenoticias.com.br\/\",\"name\":\"Jornal Fatos e Not\u00edcias\",\"description\":\"Not\u00edcias em geral\",\"publisher\":{\"@id\":\"https:\/\/jornalfatosenoticias.com.br\/#organization\"},\"potentialAction\":[{\"@type\":\"SearchAction\",\"target\":{\"@type\":\"EntryPoint\",\"urlTemplate\":\"https:\/\/jornalfatosenoticias.com.br\/?s={search_term_string}\"},\"query-input\":{\"@type\":\"PropertyValueSpecification\",\"valueRequired\":true,\"valueName\":\"search_term_string\"}}],\"inLanguage\":\"pt-BR\"},{\"@type\":\"Organization\",\"@id\":\"https:\/\/jornalfatosenoticias.com.br\/#organization\",\"name\":\"Jornal Fatos e Not\u00edcias\",\"url\":\"https:\/\/jornalfatosenoticias.com.br\/\",\"logo\":{\"@type\":\"ImageObject\",\"inLanguage\":\"pt-BR\",\"@id\":\"https:\/\/jornalfatosenoticias.com.br\/#\/schema\/logo\/image\/\",\"url\":\"https:\/\/jornalfatosenoticias.com.br\/wp-content\/uploads\/2020\/02\/logo120.png\",\"contentUrl\":\"https:\/\/jornalfatosenoticias.com.br\/wp-content\/uploads\/2020\/02\/logo120.png\",\"width\":1227,\"height\":120,\"caption\":\"Jornal Fatos e Not\u00edcias\"},\"image\":{\"@id\":\"https:\/\/jornalfatosenoticias.com.br\/#\/schema\/logo\/image\/\"}},{\"@type\":\"Person\",\"@id\":\"https:\/\/jornalfatosenoticias.com.br\/#\/schema\/person\/d63837fa13ac8666eb9e74e0985d6f81\",\"name\":\"Luzimara Fernandes\",\"image\":{\"@type\":\"ImageObject\",\"inLanguage\":\"pt-BR\",\"@id\":\"https:\/\/jornalfatosenoticias.com.br\/#\/schema\/person\/image\/\",\"url\":\"https:\/\/jornalfatosenoticias.com.br\/wp-content\/uploads\/2025\/05\/EU_portal.jpg\",\"contentUrl\":\"https:\/\/jornalfatosenoticias.com.br\/wp-content\/uploads\/2025\/05\/EU_portal.jpg\",\"caption\":\"Luzimara Fernandes\"},\"description\":\"Jornalista MTB 2358-ES\",\"sameAs\":[\"https:\/\/jornalfatosenoticias.com.br\"],\"url\":\"https:\/\/jornalfatosenoticias.com.br\/index.php\/author\/luzimara\/\"}]}<\/script>\n<!-- \/ Yoast SEO plugin. -->","yoast_head_json":{"title":"Fen\u00f4meno meteorol\u00f3gico, saiba como ocorre a tromba d'\u00e1gua - Jornal Fatos e Not\u00edcias","robots":{"index":"index","follow":"follow","max-snippet":"max-snippet:-1","max-image-preview":"max-image-preview:large","max-video-preview":"max-video-preview:-1"},"canonical":"https:\/\/jornalfatosenoticias.com.br\/index.php\/2021\/06\/23\/fenomeno-meteorologico-saiba-como-ocorre-a-tromba-dagua\/","og_locale":"pt_BR","og_type":"article","og_title":"Fen\u00f4meno meteorol\u00f3gico, saiba como ocorre a tromba d'\u00e1gua - Jornal Fatos e Not\u00edcias","og_description":"O fen\u00f4meno pode se formar sobre um lago, rio ou oceano. O seu formato lembra o de um tornado e muitas pessoas acabam confundindo os dois Pense no seguinte cen\u00e1rio: voc\u00ea est\u00e1 de f\u00e9rias com a fam\u00edlia, aproveitando tudo o que a Amaz\u00f4nia tem a oferecer. S\u00f3 que, de repente, olhando para o rio, voc\u00ea [&hellip;]","og_url":"https:\/\/jornalfatosenoticias.com.br\/index.php\/2021\/06\/23\/fenomeno-meteorologico-saiba-como-ocorre-a-tromba-dagua\/","og_site_name":"Jornal Fatos e Not\u00edcias","article_published_time":"2021-06-23T12:42:25+00:00","article_modified_time":"2021-06-23T12:42:29+00:00","og_image":[{"width":1000,"height":690,"url":"https:\/\/jornalfatosenoticias.com.br\/wp-content\/uploads\/2021\/06\/tromba-dagua.jpg","type":"image\/jpeg"}],"author":"Luzimara Fernandes","twitter_card":"summary_large_image","twitter_misc":{"Escrito por":"Luzimara Fernandes","Est. tempo de leitura":"4 minutos"},"schema":{"@context":"https:\/\/schema.org","@graph":[{"@type":"Article","@id":"https:\/\/jornalfatosenoticias.com.br\/index.php\/2021\/06\/23\/fenomeno-meteorologico-saiba-como-ocorre-a-tromba-dagua\/#article","isPartOf":{"@id":"https:\/\/jornalfatosenoticias.com.br\/index.php\/2021\/06\/23\/fenomeno-meteorologico-saiba-como-ocorre-a-tromba-dagua\/"},"author":{"name":"Luzimara Fernandes","@id":"https:\/\/jornalfatosenoticias.com.br\/#\/schema\/person\/d63837fa13ac8666eb9e74e0985d6f81"},"headline":"Fen\u00f4meno meteorol\u00f3gico, saiba como ocorre a tromba d&#8217;\u00e1gua","datePublished":"2021-06-23T12:42:25+00:00","dateModified":"2021-06-23T12:42:29+00:00","mainEntityOfPage":{"@id":"https:\/\/jornalfatosenoticias.com.br\/index.php\/2021\/06\/23\/fenomeno-meteorologico-saiba-como-ocorre-a-tromba-dagua\/"},"wordCount":744,"commentCount":0,"publisher":{"@id":"https:\/\/jornalfatosenoticias.com.br\/#organization"},"image":{"@id":"https:\/\/jornalfatosenoticias.com.br\/index.php\/2021\/06\/23\/fenomeno-meteorologico-saiba-como-ocorre-a-tromba-dagua\/#primaryimage"},"thumbnailUrl":"https:\/\/jornalfatosenoticias.com.br\/wp-content\/uploads\/2021\/06\/tromba-dagua.jpg","keywords":["amaz\u00f4nia","cuidados com a tromba d\u00e1gua","fen\u00f4meno","fen\u00f4meno meteorol\u00f3gico","Santar\u00e9m"],"articleSection":["Geral"],"inLanguage":"pt-BR","potentialAction":[{"@type":"CommentAction","name":"Comment","target":["https:\/\/jornalfatosenoticias.com.br\/index.php\/2021\/06\/23\/fenomeno-meteorologico-saiba-como-ocorre-a-tromba-dagua\/#respond"]}]},{"@type":"WebPage","@id":"https:\/\/jornalfatosenoticias.com.br\/index.php\/2021\/06\/23\/fenomeno-meteorologico-saiba-como-ocorre-a-tromba-dagua\/","url":"https:\/\/jornalfatosenoticias.com.br\/index.php\/2021\/06\/23\/fenomeno-meteorologico-saiba-como-ocorre-a-tromba-dagua\/","name":"Fen\u00f4meno meteorol\u00f3gico, saiba como ocorre a tromba d'\u00e1gua - Jornal Fatos e Not\u00edcias","isPartOf":{"@id":"https:\/\/jornalfatosenoticias.com.br\/#website"},"primaryImageOfPage":{"@id":"https:\/\/jornalfatosenoticias.com.br\/index.php\/2021\/06\/23\/fenomeno-meteorologico-saiba-como-ocorre-a-tromba-dagua\/#primaryimage"},"image":{"@id":"https:\/\/jornalfatosenoticias.com.br\/index.php\/2021\/06\/23\/fenomeno-meteorologico-saiba-como-ocorre-a-tromba-dagua\/#primaryimage"},"thumbnailUrl":"https:\/\/jornalfatosenoticias.com.br\/wp-content\/uploads\/2021\/06\/tromba-dagua.jpg","datePublished":"2021-06-23T12:42:25+00:00","dateModified":"2021-06-23T12:42:29+00:00","breadcrumb":{"@id":"https:\/\/jornalfatosenoticias.com.br\/index.php\/2021\/06\/23\/fenomeno-meteorologico-saiba-como-ocorre-a-tromba-dagua\/#breadcrumb"},"inLanguage":"pt-BR","potentialAction":[{"@type":"ReadAction","target":["https:\/\/jornalfatosenoticias.com.br\/index.php\/2021\/06\/23\/fenomeno-meteorologico-saiba-como-ocorre-a-tromba-dagua\/"]}]},{"@type":"ImageObject","inLanguage":"pt-BR","@id":"https:\/\/jornalfatosenoticias.com.br\/index.php\/2021\/06\/23\/fenomeno-meteorologico-saiba-como-ocorre-a-tromba-dagua\/#primaryimage","url":"https:\/\/jornalfatosenoticias.com.br\/wp-content\/uploads\/2021\/06\/tromba-dagua.jpg","contentUrl":"https:\/\/jornalfatosenoticias.com.br\/wp-content\/uploads\/2021\/06\/tromba-dagua.jpg","width":1000,"height":690},{"@type":"BreadcrumbList","@id":"https:\/\/jornalfatosenoticias.com.br\/index.php\/2021\/06\/23\/fenomeno-meteorologico-saiba-como-ocorre-a-tromba-dagua\/#breadcrumb","itemListElement":[{"@type":"ListItem","position":1,"name":"In\u00edcio","item":"https:\/\/jornalfatosenoticias.com.br\/"},{"@type":"ListItem","position":2,"name":"Fen\u00f4meno meteorol\u00f3gico, saiba como ocorre a tromba d&#8217;\u00e1gua"}]},{"@type":"WebSite","@id":"https:\/\/jornalfatosenoticias.com.br\/#website","url":"https:\/\/jornalfatosenoticias.com.br\/","name":"Jornal Fatos e Not\u00edcias","description":"Not\u00edcias em geral","publisher":{"@id":"https:\/\/jornalfatosenoticias.com.br\/#organization"},"potentialAction":[{"@type":"SearchAction","target":{"@type":"EntryPoint","urlTemplate":"https:\/\/jornalfatosenoticias.com.br\/?s={search_term_string}"},"query-input":{"@type":"PropertyValueSpecification","valueRequired":true,"valueName":"search_term_string"}}],"inLanguage":"pt-BR"},{"@type":"Organization","@id":"https:\/\/jornalfatosenoticias.com.br\/#organization","name":"Jornal Fatos e Not\u00edcias","url":"https:\/\/jornalfatosenoticias.com.br\/","logo":{"@type":"ImageObject","inLanguage":"pt-BR","@id":"https:\/\/jornalfatosenoticias.com.br\/#\/schema\/logo\/image\/","url":"https:\/\/jornalfatosenoticias.com.br\/wp-content\/uploads\/2020\/02\/logo120.png","contentUrl":"https:\/\/jornalfatosenoticias.com.br\/wp-content\/uploads\/2020\/02\/logo120.png","width":1227,"height":120,"caption":"Jornal Fatos e Not\u00edcias"},"image":{"@id":"https:\/\/jornalfatosenoticias.com.br\/#\/schema\/logo\/image\/"}},{"@type":"Person","@id":"https:\/\/jornalfatosenoticias.com.br\/#\/schema\/person\/d63837fa13ac8666eb9e74e0985d6f81","name":"Luzimara Fernandes","image":{"@type":"ImageObject","inLanguage":"pt-BR","@id":"https:\/\/jornalfatosenoticias.com.br\/#\/schema\/person\/image\/","url":"https:\/\/jornalfatosenoticias.com.br\/wp-content\/uploads\/2025\/05\/EU_portal.jpg","contentUrl":"https:\/\/jornalfatosenoticias.com.br\/wp-content\/uploads\/2025\/05\/EU_portal.jpg","caption":"Luzimara Fernandes"},"description":"Jornalista MTB 2358-ES","sameAs":["https:\/\/jornalfatosenoticias.com.br"],"url":"https:\/\/jornalfatosenoticias.com.br\/index.php\/author\/luzimara\/"}]}},"cc_featured_image_caption":{"caption_text":"(Foto: Leliane Bezerra\/Arquivo Pessoal)\r\n","source_text":"","source_url":""},"jetpack_featured_media_url":"https:\/\/jornalfatosenoticias.com.br\/wp-content\/uploads\/2021\/06\/tromba-dagua.jpg","_links":{"self":[{"href":"https:\/\/jornalfatosenoticias.com.br\/index.php\/wp-json\/wp\/v2\/posts\/19766","targetHints":{"allow":["GET"]}}],"collection":[{"href":"https:\/\/jornalfatosenoticias.com.br\/index.php\/wp-json\/wp\/v2\/posts"}],"about":[{"href":"https:\/\/jornalfatosenoticias.com.br\/index.php\/wp-json\/wp\/v2\/types\/post"}],"author":[{"embeddable":true,"href":"https:\/\/jornalfatosenoticias.com.br\/index.php\/wp-json\/wp\/v2\/users\/2"}],"replies":[{"embeddable":true,"href":"https:\/\/jornalfatosenoticias.com.br\/index.php\/wp-json\/wp\/v2\/comments?post=19766"}],"version-history":[{"count":0,"href":"https:\/\/jornalfatosenoticias.com.br\/index.php\/wp-json\/wp\/v2\/posts\/19766\/revisions"}],"wp:featuredmedia":[{"embeddable":true,"href":"https:\/\/jornalfatosenoticias.com.br\/index.php\/wp-json\/wp\/v2\/media\/19770"}],"wp:attachment":[{"href":"https:\/\/jornalfatosenoticias.com.br\/index.php\/wp-json\/wp\/v2\/media?parent=19766"}],"wp:term":[{"taxonomy":"category","embeddable":true,"href":"https:\/\/jornalfatosenoticias.com.br\/index.php\/wp-json\/wp\/v2\/categories?post=19766"},{"taxonomy":"post_tag","embeddable":true,"href":"https:\/\/jornalfatosenoticias.com.br\/index.php\/wp-json\/wp\/v2\/tags?post=19766"}],"curies":[{"name":"wp","href":"https:\/\/api.w.org\/{rel}","templated":true}]}}