{"id":19815,"date":"2021-06-24T17:42:53","date_gmt":"2021-06-24T20:42:53","guid":{"rendered":"https:\/\/jornalfatosenoticias.com.br\/?p=19815"},"modified":"2021-06-24T17:42:55","modified_gmt":"2021-06-24T20:42:55","slug":"sopa-de-grao-de-bico-para-aquecer-os-dias-frios","status":"publish","type":"post","link":"https:\/\/jornalfatosenoticias.com.br\/index.php\/2021\/06\/24\/sopa-de-grao-de-bico-para-aquecer-os-dias-frios\/","title":{"rendered":"Sopa de gr\u00e3o-de-bico para aquecer os dias frios"},"content":{"rendered":"\n<p>As sopas funcionam como um aconchego para os dias de temperaturas baixas, pois s\u00e3o quentinhas e nutritivas! Que tal preparar uma sopa de gr\u00e3o-de-bico bem colorida para o almo\u00e7o ou para o jantar? Saiba como fazer essa del\u00edcia.<\/p>\n\n\n\n<p><strong><span class=\"has-inline-color has-black-color\">Ingredientes<br><\/span><\/strong>2 cenouras em rodelas<br>Sal e pimenta-do-reino a gosto<br>2 folhas de louro<br>2 gomos de lingui\u00e7a calabresa em rodelas<br>1 pacote de gr\u00e3o-de-bico (500g)<br>2 colheres (sopa) de \u00f3leo<br>\u00bd x\u00edcara (ch\u00e1) de cheiro-verde picado<\/p>\n\n\n\n<p><strong><span class=\"has-inline-color has-black-color\">Modo de preparo<br><\/span><\/strong>Coloque o gr\u00e3o-de-bico em uma tigela, cubra com \u00e1gua e deixe de molho por seis horas. Escorra, coloque em uma panela de press\u00e3o, junte a cenoura e o louro. Cubra com \u00e1gua e cozinhe por 15 minutos depois de iniciada a press\u00e3o. Desligue e deixe a press\u00e3o sair naturalmente.<br>Em outra panela, em fogo m\u00e9dio, frite a calabresa no \u00f3leo at\u00e9 dourar. Despeje o gr\u00e3o-de-bico cozido, adicione o cheiro-verde, tempere com sal, pimenta e cozinhe por cinco minutos ou at\u00e9 encorpar. Sirva.<\/p>\n\n\n\n<p><strong><span class=\"has-inline-color has-black-color\">Rendimento: 8 por\u00e7\u00f5es<\/span><\/strong><\/p>\n\n\n\n<p><em><strong>Fonte: <a href=\"https:\/\/www.terra.com.br\/vida-e-estilo\/culinaria\/receitas\/sopa-de-grao-de-bico-colorida-para-aquecer-os-dias-frios,4067a6228f0bacf2f461303b03465635adli6bs0.html\">Terra<\/a><\/strong><\/em><\/p>\n","protected":false},"excerpt":{"rendered":"<p>As sopas funcionam como um aconchego para os dias de temperaturas baixas, pois s\u00e3o quentinhas e nutritivas! Que tal preparar uma sopa de gr\u00e3o-de-bico bem colorida para o almo\u00e7o ou para o jantar? Saiba como fazer essa del\u00edcia. Ingredientes2 cenouras em rodelasSal e pimenta-do-reino a gosto2 folhas de louro2 gomos de lingui\u00e7a calabresa em rodelas1 [&hellip;]<\/p>\n","protected":false},"author":10,"featured_media":19816,"comment_status":"open","ping_status":"open","sticky":false,"template":"","format":"standard","meta":{"footnotes":""},"categories":[745],"tags":[9724,3453,9726,9725,3493],"class_list":["post-19815","post","type-post","status-publish","format-standard","has-post-thumbnail","hentry","category-gastronomia","tag-baixas-temperaturas","tag-inverno","tag-nutritivas","tag-quentinhas","tag-sopas"],"yoast_head":"<!-- This site is optimized with the Yoast SEO plugin v26.5 - https:\/\/yoast.com\/wordpress\/plugins\/seo\/ -->\n<title>Sopa de gr\u00e3o-de-bico para aquecer os dias frios - Jornal Fatos e Not\u00edcias<\/title>\n<meta name=\"robots\" content=\"index, follow, max-snippet:-1, max-image-preview:large, max-video-preview:-1\" \/>\n<link rel=\"canonical\" href=\"https:\/\/jornalfatosenoticias.com.br\/index.php\/2021\/06\/24\/sopa-de-grao-de-bico-para-aquecer-os-dias-frios\/\" \/>\n<meta property=\"og:locale\" content=\"pt_BR\" \/>\n<meta property=\"og:type\" content=\"article\" \/>\n<meta property=\"og:title\" content=\"Sopa de gr\u00e3o-de-bico para aquecer os dias frios - Jornal Fatos e Not\u00edcias\" \/>\n<meta property=\"og:description\" content=\"As sopas funcionam como um aconchego para os dias de temperaturas baixas, pois s\u00e3o quentinhas e nutritivas! Que tal preparar uma sopa de gr\u00e3o-de-bico bem colorida para o almo\u00e7o ou para o jantar? Saiba como fazer essa del\u00edcia. Ingredientes2 cenouras em rodelasSal e pimenta-do-reino a gosto2 folhas de louro2 gomos de lingui\u00e7a calabresa em rodelas1 [&hellip;]\" \/>\n<meta property=\"og:url\" content=\"https:\/\/jornalfatosenoticias.com.br\/index.php\/2021\/06\/24\/sopa-de-grao-de-bico-para-aquecer-os-dias-frios\/\" \/>\n<meta property=\"og:site_name\" content=\"Jornal Fatos e Not\u00edcias\" \/>\n<meta property=\"article:published_time\" content=\"2021-06-24T20:42:53+00:00\" \/>\n<meta property=\"article:modified_time\" content=\"2021-06-24T20:42:55+00:00\" \/>\n<meta property=\"og:image\" content=\"https:\/\/jornalfatosenoticias.com.br\/wp-content\/uploads\/2021\/06\/Sopa-de-grao-de-bico-para-aquecer-os-dias-frios.jpg\" \/>\n\t<meta property=\"og:image:width\" content=\"1000\" \/>\n\t<meta property=\"og:image:height\" content=\"666\" \/>\n\t<meta property=\"og:image:type\" content=\"image\/jpeg\" \/>\n<meta name=\"author\" content=\"Gabriela Messner Aresi Oliveira\" \/>\n<meta name=\"twitter:card\" content=\"summary_large_image\" \/>\n<meta name=\"twitter:label1\" content=\"Escrito por\" \/>\n\t<meta name=\"twitter:data1\" content=\"Gabriela Messner Aresi Oliveira\" \/>\n\t<meta name=\"twitter:label2\" content=\"Est. tempo de leitura\" \/>\n\t<meta name=\"twitter:data2\" content=\"1 minuto\" \/>\n<script type=\"application\/ld+json\" class=\"yoast-schema-graph\">{\"@context\":\"https:\/\/schema.org\",\"@graph\":[{\"@type\":\"Article\",\"@id\":\"https:\/\/jornalfatosenoticias.com.br\/index.php\/2021\/06\/24\/sopa-de-grao-de-bico-para-aquecer-os-dias-frios\/#article\",\"isPartOf\":{\"@id\":\"https:\/\/jornalfatosenoticias.com.br\/index.php\/2021\/06\/24\/sopa-de-grao-de-bico-para-aquecer-os-dias-frios\/\"},\"author\":{\"name\":\"Gabriela Messner Aresi Oliveira\",\"@id\":\"https:\/\/jornalfatosenoticias.com.br\/#\/schema\/person\/8e0fe72f7a2b1f60eecd0c7d1dc4d8f1\"},\"headline\":\"Sopa de gr\u00e3o-de-bico para aquecer os dias frios\",\"datePublished\":\"2021-06-24T20:42:53+00:00\",\"dateModified\":\"2021-06-24T20:42:55+00:00\",\"mainEntityOfPage\":{\"@id\":\"https:\/\/jornalfatosenoticias.com.br\/index.php\/2021\/06\/24\/sopa-de-grao-de-bico-para-aquecer-os-dias-frios\/\"},\"wordCount\":179,\"commentCount\":0,\"publisher\":{\"@id\":\"https:\/\/jornalfatosenoticias.com.br\/#organization\"},\"image\":{\"@id\":\"https:\/\/jornalfatosenoticias.com.br\/index.php\/2021\/06\/24\/sopa-de-grao-de-bico-para-aquecer-os-dias-frios\/#primaryimage\"},\"thumbnailUrl\":\"https:\/\/jornalfatosenoticias.com.br\/wp-content\/uploads\/2021\/06\/Sopa-de-grao-de-bico-para-aquecer-os-dias-frios.jpg\",\"keywords\":[\"baixas temperaturas\",\"inverno\",\"nutritivas\",\"quentinhas\",\"sopas\"],\"articleSection\":[\"Gastronomia\"],\"inLanguage\":\"pt-BR\",\"potentialAction\":[{\"@type\":\"CommentAction\",\"name\":\"Comment\",\"target\":[\"https:\/\/jornalfatosenoticias.com.br\/index.php\/2021\/06\/24\/sopa-de-grao-de-bico-para-aquecer-os-dias-frios\/#respond\"]}]},{\"@type\":\"WebPage\",\"@id\":\"https:\/\/jornalfatosenoticias.com.br\/index.php\/2021\/06\/24\/sopa-de-grao-de-bico-para-aquecer-os-dias-frios\/\",\"url\":\"https:\/\/jornalfatosenoticias.com.br\/index.php\/2021\/06\/24\/sopa-de-grao-de-bico-para-aquecer-os-dias-frios\/\",\"name\":\"Sopa de gr\u00e3o-de-bico para aquecer os dias frios - Jornal Fatos e Not\u00edcias\",\"isPartOf\":{\"@id\":\"https:\/\/jornalfatosenoticias.com.br\/#website\"},\"primaryImageOfPage\":{\"@id\":\"https:\/\/jornalfatosenoticias.com.br\/index.php\/2021\/06\/24\/sopa-de-grao-de-bico-para-aquecer-os-dias-frios\/#primaryimage\"},\"image\":{\"@id\":\"https:\/\/jornalfatosenoticias.com.br\/index.php\/2021\/06\/24\/sopa-de-grao-de-bico-para-aquecer-os-dias-frios\/#primaryimage\"},\"thumbnailUrl\":\"https:\/\/jornalfatosenoticias.com.br\/wp-content\/uploads\/2021\/06\/Sopa-de-grao-de-bico-para-aquecer-os-dias-frios.jpg\",\"datePublished\":\"2021-06-24T20:42:53+00:00\",\"dateModified\":\"2021-06-24T20:42:55+00:00\",\"breadcrumb\":{\"@id\":\"https:\/\/jornalfatosenoticias.com.br\/index.php\/2021\/06\/24\/sopa-de-grao-de-bico-para-aquecer-os-dias-frios\/#breadcrumb\"},\"inLanguage\":\"pt-BR\",\"potentialAction\":[{\"@type\":\"ReadAction\",\"target\":[\"https:\/\/jornalfatosenoticias.com.br\/index.php\/2021\/06\/24\/sopa-de-grao-de-bico-para-aquecer-os-dias-frios\/\"]}]},{\"@type\":\"ImageObject\",\"inLanguage\":\"pt-BR\",\"@id\":\"https:\/\/jornalfatosenoticias.com.br\/index.php\/2021\/06\/24\/sopa-de-grao-de-bico-para-aquecer-os-dias-frios\/#primaryimage\",\"url\":\"https:\/\/jornalfatosenoticias.com.br\/wp-content\/uploads\/2021\/06\/Sopa-de-grao-de-bico-para-aquecer-os-dias-frios.jpg\",\"contentUrl\":\"https:\/\/jornalfatosenoticias.com.br\/wp-content\/uploads\/2021\/06\/Sopa-de-grao-de-bico-para-aquecer-os-dias-frios.jpg\",\"width\":1000,\"height\":666},{\"@type\":\"BreadcrumbList\",\"@id\":\"https:\/\/jornalfatosenoticias.com.br\/index.php\/2021\/06\/24\/sopa-de-grao-de-bico-para-aquecer-os-dias-frios\/#breadcrumb\",\"itemListElement\":[{\"@type\":\"ListItem\",\"position\":1,\"name\":\"In\u00edcio\",\"item\":\"https:\/\/jornalfatosenoticias.com.br\/\"},{\"@type\":\"ListItem\",\"position\":2,\"name\":\"Sopa de gr\u00e3o-de-bico para aquecer os dias frios\"}]},{\"@type\":\"WebSite\",\"@id\":\"https:\/\/jornalfatosenoticias.com.br\/#website\",\"url\":\"https:\/\/jornalfatosenoticias.com.br\/\",\"name\":\"Jornal Fatos e Not\u00edcias\",\"description\":\"Not\u00edcias em geral\",\"publisher\":{\"@id\":\"https:\/\/jornalfatosenoticias.com.br\/#organization\"},\"potentialAction\":[{\"@type\":\"SearchAction\",\"target\":{\"@type\":\"EntryPoint\",\"urlTemplate\":\"https:\/\/jornalfatosenoticias.com.br\/?s={search_term_string}\"},\"query-input\":{\"@type\":\"PropertyValueSpecification\",\"valueRequired\":true,\"valueName\":\"search_term_string\"}}],\"inLanguage\":\"pt-BR\"},{\"@type\":\"Organization\",\"@id\":\"https:\/\/jornalfatosenoticias.com.br\/#organization\",\"name\":\"Jornal Fatos e Not\u00edcias\",\"url\":\"https:\/\/jornalfatosenoticias.com.br\/\",\"logo\":{\"@type\":\"ImageObject\",\"inLanguage\":\"pt-BR\",\"@id\":\"https:\/\/jornalfatosenoticias.com.br\/#\/schema\/logo\/image\/\",\"url\":\"https:\/\/jornalfatosenoticias.com.br\/wp-content\/uploads\/2020\/02\/logo120.png\",\"contentUrl\":\"https:\/\/jornalfatosenoticias.com.br\/wp-content\/uploads\/2020\/02\/logo120.png\",\"width\":1227,\"height\":120,\"caption\":\"Jornal Fatos e Not\u00edcias\"},\"image\":{\"@id\":\"https:\/\/jornalfatosenoticias.com.br\/#\/schema\/logo\/image\/\"}},{\"@type\":\"Person\",\"@id\":\"https:\/\/jornalfatosenoticias.com.br\/#\/schema\/person\/8e0fe72f7a2b1f60eecd0c7d1dc4d8f1\",\"name\":\"Gabriela Messner Aresi Oliveira\",\"image\":{\"@type\":\"ImageObject\",\"inLanguage\":\"pt-BR\",\"@id\":\"https:\/\/jornalfatosenoticias.com.br\/#\/schema\/person\/image\/\",\"url\":\"https:\/\/jornalfatosenoticias.com.br\/wp-content\/uploads\/2020\/03\/Gabriela-messner-150x150.jpg\",\"contentUrl\":\"https:\/\/jornalfatosenoticias.com.br\/wp-content\/uploads\/2020\/03\/Gabriela-messner-150x150.jpg\",\"caption\":\"Gabriela Messner Aresi Oliveira\"},\"url\":\"https:\/\/jornalfatosenoticias.com.br\/index.php\/author\/gabriela\/\"}]}<\/script>\n<!-- \/ Yoast SEO plugin. -->","yoast_head_json":{"title":"Sopa de gr\u00e3o-de-bico para aquecer os dias frios - Jornal Fatos e Not\u00edcias","robots":{"index":"index","follow":"follow","max-snippet":"max-snippet:-1","max-image-preview":"max-image-preview:large","max-video-preview":"max-video-preview:-1"},"canonical":"https:\/\/jornalfatosenoticias.com.br\/index.php\/2021\/06\/24\/sopa-de-grao-de-bico-para-aquecer-os-dias-frios\/","og_locale":"pt_BR","og_type":"article","og_title":"Sopa de gr\u00e3o-de-bico para aquecer os dias frios - Jornal Fatos e Not\u00edcias","og_description":"As sopas funcionam como um aconchego para os dias de temperaturas baixas, pois s\u00e3o quentinhas e nutritivas! Que tal preparar uma sopa de gr\u00e3o-de-bico bem colorida para o almo\u00e7o ou para o jantar? Saiba como fazer essa del\u00edcia. Ingredientes2 cenouras em rodelasSal e pimenta-do-reino a gosto2 folhas de louro2 gomos de lingui\u00e7a calabresa em rodelas1 [&hellip;]","og_url":"https:\/\/jornalfatosenoticias.com.br\/index.php\/2021\/06\/24\/sopa-de-grao-de-bico-para-aquecer-os-dias-frios\/","og_site_name":"Jornal Fatos e Not\u00edcias","article_published_time":"2021-06-24T20:42:53+00:00","article_modified_time":"2021-06-24T20:42:55+00:00","og_image":[{"width":1000,"height":666,"url":"https:\/\/jornalfatosenoticias.com.br\/wp-content\/uploads\/2021\/06\/Sopa-de-grao-de-bico-para-aquecer-os-dias-frios.jpg","type":"image\/jpeg"}],"author":"Gabriela Messner Aresi Oliveira","twitter_card":"summary_large_image","twitter_misc":{"Escrito por":"Gabriela Messner Aresi Oliveira","Est. tempo de leitura":"1 minuto"},"schema":{"@context":"https:\/\/schema.org","@graph":[{"@type":"Article","@id":"https:\/\/jornalfatosenoticias.com.br\/index.php\/2021\/06\/24\/sopa-de-grao-de-bico-para-aquecer-os-dias-frios\/#article","isPartOf":{"@id":"https:\/\/jornalfatosenoticias.com.br\/index.php\/2021\/06\/24\/sopa-de-grao-de-bico-para-aquecer-os-dias-frios\/"},"author":{"name":"Gabriela Messner Aresi Oliveira","@id":"https:\/\/jornalfatosenoticias.com.br\/#\/schema\/person\/8e0fe72f7a2b1f60eecd0c7d1dc4d8f1"},"headline":"Sopa de gr\u00e3o-de-bico para aquecer os dias frios","datePublished":"2021-06-24T20:42:53+00:00","dateModified":"2021-06-24T20:42:55+00:00","mainEntityOfPage":{"@id":"https:\/\/jornalfatosenoticias.com.br\/index.php\/2021\/06\/24\/sopa-de-grao-de-bico-para-aquecer-os-dias-frios\/"},"wordCount":179,"commentCount":0,"publisher":{"@id":"https:\/\/jornalfatosenoticias.com.br\/#organization"},"image":{"@id":"https:\/\/jornalfatosenoticias.com.br\/index.php\/2021\/06\/24\/sopa-de-grao-de-bico-para-aquecer-os-dias-frios\/#primaryimage"},"thumbnailUrl":"https:\/\/jornalfatosenoticias.com.br\/wp-content\/uploads\/2021\/06\/Sopa-de-grao-de-bico-para-aquecer-os-dias-frios.jpg","keywords":["baixas temperaturas","inverno","nutritivas","quentinhas","sopas"],"articleSection":["Gastronomia"],"inLanguage":"pt-BR","potentialAction":[{"@type":"CommentAction","name":"Comment","target":["https:\/\/jornalfatosenoticias.com.br\/index.php\/2021\/06\/24\/sopa-de-grao-de-bico-para-aquecer-os-dias-frios\/#respond"]}]},{"@type":"WebPage","@id":"https:\/\/jornalfatosenoticias.com.br\/index.php\/2021\/06\/24\/sopa-de-grao-de-bico-para-aquecer-os-dias-frios\/","url":"https:\/\/jornalfatosenoticias.com.br\/index.php\/2021\/06\/24\/sopa-de-grao-de-bico-para-aquecer-os-dias-frios\/","name":"Sopa de gr\u00e3o-de-bico para aquecer os dias frios - Jornal Fatos e Not\u00edcias","isPartOf":{"@id":"https:\/\/jornalfatosenoticias.com.br\/#website"},"primaryImageOfPage":{"@id":"https:\/\/jornalfatosenoticias.com.br\/index.php\/2021\/06\/24\/sopa-de-grao-de-bico-para-aquecer-os-dias-frios\/#primaryimage"},"image":{"@id":"https:\/\/jornalfatosenoticias.com.br\/index.php\/2021\/06\/24\/sopa-de-grao-de-bico-para-aquecer-os-dias-frios\/#primaryimage"},"thumbnailUrl":"https:\/\/jornalfatosenoticias.com.br\/wp-content\/uploads\/2021\/06\/Sopa-de-grao-de-bico-para-aquecer-os-dias-frios.jpg","datePublished":"2021-06-24T20:42:53+00:00","dateModified":"2021-06-24T20:42:55+00:00","breadcrumb":{"@id":"https:\/\/jornalfatosenoticias.com.br\/index.php\/2021\/06\/24\/sopa-de-grao-de-bico-para-aquecer-os-dias-frios\/#breadcrumb"},"inLanguage":"pt-BR","potentialAction":[{"@type":"ReadAction","target":["https:\/\/jornalfatosenoticias.com.br\/index.php\/2021\/06\/24\/sopa-de-grao-de-bico-para-aquecer-os-dias-frios\/"]}]},{"@type":"ImageObject","inLanguage":"pt-BR","@id":"https:\/\/jornalfatosenoticias.com.br\/index.php\/2021\/06\/24\/sopa-de-grao-de-bico-para-aquecer-os-dias-frios\/#primaryimage","url":"https:\/\/jornalfatosenoticias.com.br\/wp-content\/uploads\/2021\/06\/Sopa-de-grao-de-bico-para-aquecer-os-dias-frios.jpg","contentUrl":"https:\/\/jornalfatosenoticias.com.br\/wp-content\/uploads\/2021\/06\/Sopa-de-grao-de-bico-para-aquecer-os-dias-frios.jpg","width":1000,"height":666},{"@type":"BreadcrumbList","@id":"https:\/\/jornalfatosenoticias.com.br\/index.php\/2021\/06\/24\/sopa-de-grao-de-bico-para-aquecer-os-dias-frios\/#breadcrumb","itemListElement":[{"@type":"ListItem","position":1,"name":"In\u00edcio","item":"https:\/\/jornalfatosenoticias.com.br\/"},{"@type":"ListItem","position":2,"name":"Sopa de gr\u00e3o-de-bico para aquecer os dias frios"}]},{"@type":"WebSite","@id":"https:\/\/jornalfatosenoticias.com.br\/#website","url":"https:\/\/jornalfatosenoticias.com.br\/","name":"Jornal Fatos e Not\u00edcias","description":"Not\u00edcias em geral","publisher":{"@id":"https:\/\/jornalfatosenoticias.com.br\/#organization"},"potentialAction":[{"@type":"SearchAction","target":{"@type":"EntryPoint","urlTemplate":"https:\/\/jornalfatosenoticias.com.br\/?s={search_term_string}"},"query-input":{"@type":"PropertyValueSpecification","valueRequired":true,"valueName":"search_term_string"}}],"inLanguage":"pt-BR"},{"@type":"Organization","@id":"https:\/\/jornalfatosenoticias.com.br\/#organization","name":"Jornal Fatos e Not\u00edcias","url":"https:\/\/jornalfatosenoticias.com.br\/","logo":{"@type":"ImageObject","inLanguage":"pt-BR","@id":"https:\/\/jornalfatosenoticias.com.br\/#\/schema\/logo\/image\/","url":"https:\/\/jornalfatosenoticias.com.br\/wp-content\/uploads\/2020\/02\/logo120.png","contentUrl":"https:\/\/jornalfatosenoticias.com.br\/wp-content\/uploads\/2020\/02\/logo120.png","width":1227,"height":120,"caption":"Jornal Fatos e Not\u00edcias"},"image":{"@id":"https:\/\/jornalfatosenoticias.com.br\/#\/schema\/logo\/image\/"}},{"@type":"Person","@id":"https:\/\/jornalfatosenoticias.com.br\/#\/schema\/person\/8e0fe72f7a2b1f60eecd0c7d1dc4d8f1","name":"Gabriela Messner Aresi Oliveira","image":{"@type":"ImageObject","inLanguage":"pt-BR","@id":"https:\/\/jornalfatosenoticias.com.br\/#\/schema\/person\/image\/","url":"https:\/\/jornalfatosenoticias.com.br\/wp-content\/uploads\/2020\/03\/Gabriela-messner-150x150.jpg","contentUrl":"https:\/\/jornalfatosenoticias.com.br\/wp-content\/uploads\/2020\/03\/Gabriela-messner-150x150.jpg","caption":"Gabriela Messner Aresi Oliveira"},"url":"https:\/\/jornalfatosenoticias.com.br\/index.php\/author\/gabriela\/"}]}},"cc_featured_image_caption":{"caption_text":"(Foto: Guia da Cozinha) ","source_text":"","source_url":""},"jetpack_featured_media_url":"https:\/\/jornalfatosenoticias.com.br\/wp-content\/uploads\/2021\/06\/Sopa-de-grao-de-bico-para-aquecer-os-dias-frios.jpg","_links":{"self":[{"href":"https:\/\/jornalfatosenoticias.com.br\/index.php\/wp-json\/wp\/v2\/posts\/19815","targetHints":{"allow":["GET"]}}],"collection":[{"href":"https:\/\/jornalfatosenoticias.com.br\/index.php\/wp-json\/wp\/v2\/posts"}],"about":[{"href":"https:\/\/jornalfatosenoticias.com.br\/index.php\/wp-json\/wp\/v2\/types\/post"}],"author":[{"embeddable":true,"href":"https:\/\/jornalfatosenoticias.com.br\/index.php\/wp-json\/wp\/v2\/users\/10"}],"replies":[{"embeddable":true,"href":"https:\/\/jornalfatosenoticias.com.br\/index.php\/wp-json\/wp\/v2\/comments?post=19815"}],"version-history":[{"count":0,"href":"https:\/\/jornalfatosenoticias.com.br\/index.php\/wp-json\/wp\/v2\/posts\/19815\/revisions"}],"wp:featuredmedia":[{"embeddable":true,"href":"https:\/\/jornalfatosenoticias.com.br\/index.php\/wp-json\/wp\/v2\/media\/19816"}],"wp:attachment":[{"href":"https:\/\/jornalfatosenoticias.com.br\/index.php\/wp-json\/wp\/v2\/media?parent=19815"}],"wp:term":[{"taxonomy":"category","embeddable":true,"href":"https:\/\/jornalfatosenoticias.com.br\/index.php\/wp-json\/wp\/v2\/categories?post=19815"},{"taxonomy":"post_tag","embeddable":true,"href":"https:\/\/jornalfatosenoticias.com.br\/index.php\/wp-json\/wp\/v2\/tags?post=19815"}],"curies":[{"name":"wp","href":"https:\/\/api.w.org\/{rel}","templated":true}]}}