{"id":19879,"date":"2021-06-25T15:43:58","date_gmt":"2021-06-25T18:43:58","guid":{"rendered":"https:\/\/jornalfatosenoticias.com.br\/?p=19879"},"modified":"2021-06-25T15:44:02","modified_gmt":"2021-06-25T18:44:02","slug":"quase-extinta-ave-gigante-ameaca-transicao-energetica-na-india","status":"publish","type":"post","link":"https:\/\/jornalfatosenoticias.com.br\/index.php\/2021\/06\/25\/quase-extinta-ave-gigante-ameaca-transicao-energetica-na-india\/","title":{"rendered":"Quase extinta, ave gigante amea\u00e7a transi\u00e7\u00e3o energ\u00e9tica na \u00cdndia"},"content":{"rendered":"\n<p><em><span class=\"has-inline-color has-black-color\">A regi\u00e3o onde vive o p\u00e1ssaro raro \u00e9 tamb\u00e9m o local ideal para projetos e\u00f3licos e solares<\/span><\/em><\/p>\n\n\n\n<p>A grande abetarda indiana \u00e9 digna de pena. O majestoso p\u00e1ssaro amea\u00e7ado de extin\u00e7\u00e3o \u00e9 enorme e faz manobras lentas. Sua vis\u00e3o frontal \u00e9 limitada e a ave olha para o ch\u00e3o quando sobrevoa as pastagens planas do oeste da \u00cdndia. Por isso, a esp\u00e9cie frequentemente se choca com linhas de transmiss\u00e3o de eletricidade.<br>Quem tamb\u00e9m merece pena ultimamente s\u00e3o os desenvolvedores de projetos de energia renov\u00e1vel no pa\u00eds.<br>A regi\u00e3o onde vive o p\u00e1ssaro raro \u00e9 tamb\u00e9m o local ideal para projetos e\u00f3licos e solares. Na tentativa de impedir que as abetardas se choquem com linhas de transmiss\u00e3o, uma decis\u00e3o da Suprema Corte exige que as linhas em grande parte da regi\u00e3o sejam enterradas. As empresas argumentam que isso acarretaria US$ 4 bilh\u00f5es em despesas adicionais e prejudicaria projetos j\u00e1 autorizados que somam quase 20 gigawatts de energia solar e e\u00f3lica.<br>O esfor\u00e7o para salvar a abetarda tamb\u00e9m coloca em risco uma causa ambiental ainda maior. Segundo as empresas, a iniciativa pode prejudicar o alcance das metas clim\u00e1ticas da \u00cdndia, que dependem bastante da disponibilidade de terras planas \u2014 como o local onde vive a abetarda \u2014 para instala\u00e7\u00e3o de pain\u00e9is solares e turbinas e\u00f3licas.<br>\u201cToda a ind\u00fastria renov\u00e1vel, especialmente a solar, pode ser paralisada\u201d, disse Parag Sharma, CEO da O2 Power, que est\u00e1 construindo uma fazenda solar de 780 megawatts na cidade de Jaisalmer. \u201cN\u00e3o \u00e9 poss\u00edvel encontrar terrenos com tanta facilidade em nenhum outro lugar do pa\u00eds\u201d.<\/p>\n\n\n\n<h4 class=\"wp-block-heading\"><strong><span class=\"has-inline-color has-black-color\">Extin\u00e7\u00e3o \u00e9 \u2018certeza\u2019<\/span><\/strong><\/h4>\n\n\n\n<figure class=\"wp-block-image size-large is-style-default\"><img loading=\"lazy\" decoding=\"async\" width=\"1000\" height=\"666\" src=\"https:\/\/jornalfatosenoticias.com.br\/wp-content\/uploads\/2021\/06\/abetarda.jpg\" alt=\"\" class=\"wp-image-19880\" srcset=\"https:\/\/jornalfatosenoticias.com.br\/wp-content\/uploads\/2021\/06\/abetarda.jpg 1000w, https:\/\/jornalfatosenoticias.com.br\/wp-content\/uploads\/2021\/06\/abetarda-300x200.jpg 300w, https:\/\/jornalfatosenoticias.com.br\/wp-content\/uploads\/2021\/06\/abetarda-768x511.jpg 768w\" sizes=\"auto, (max-width: 1000px) 100vw, 1000px\" \/><figcaption><em><span class=\"has-inline-color has-black-color\">As abetardas indianas t\u00eam cerca de um metro de altura e pesam quase 18 quilos (Foto: Saket Sundria\/Bloomberg)<\/span><\/em><\/figcaption><\/figure>\n\n\n\n<p>A decis\u00e3o judicial de abril decorre de uma peti\u00e7\u00e3o apresentada em 2019 pelo ativista M.K. Ranjitsinh Jhala. Os ju\u00edzes basearam a ordem em um relat\u00f3rio do Instituto de Vida Selvagem da \u00cdndia, \u00f3rg\u00e3o governamental que concluiu que \u201ca menos que a mortalidade nas linhas de energia seja mitigada com urg\u00eancia, a extin\u00e7\u00e3o das abetardas \u00e9 uma certeza\u201d.<br>O tribunal decidiu que todas as linhas de baixa tens\u00e3o, incluindo as j\u00e1 existentes, precisam ser enterradas. O problema, segundo as empresas de energia, \u00e9 que o tribunal foi muito al\u00e9m da prescri\u00e7\u00e3o do relat\u00f3rio. Enquanto o instituto recomendou enterrar cabos na regi\u00e3o onde a maioria das aves vive, o tribunal tamb\u00e9m pediu a\u00e7\u00e3o em habitats potenciais, expandindo a \u00e1rea de prote\u00e7\u00e3o e o custo para as empresas.<br>A grande abetarda indiana \u00e9 uma das criaturas voadoras mais pesadas do planeta. A esp\u00e9cie tem cerca de um metro de altura, envergadura de dois metros e quase 18 quilos, mais que o dobro do tamanho de um pav\u00e3o. O p\u00e1ssaro se assusta facilmente e faz ninhos no solo. Antigamente, era visto em 11 estados do pa\u00eds, mas hoje se restringe principalmente ao Rajast\u00e3o.<br>Uma pesquisa do Instituto de Vida Selvagem da \u00cdndia que cobriu 80 quil\u00f4metros de linhas de transmiss\u00e3o que cruzam a regi\u00e3o do deserto de Thar encontrou quatro abetardas mortas em apenas um ano devido aos fios, incluindo alguns conectados a turbinas e\u00f3licas. O estudo descobriu que os p\u00e1ssaros morreram pelo impacto da colis\u00e3o ou eletrocutados.<br>Al\u00e9m dos fios de transmiss\u00e3o, a r\u00e1pida convers\u00e3o de pastos em projetos agr\u00edcolas ou industriais e a baixa taxa de reprodu\u00e7\u00e3o da esp\u00e9cie, que bota um ovo a cada um ou dois anos, contribuem para a queda no n\u00famero de abetardas.<br>\u201cEssas aves est\u00e3o \u00e0 beira da extin\u00e7\u00e3o e agora confinadas a uma \u00e1rea muito pequena. Salvar esse ecossistema tamb\u00e9m deve ser parte das nossas metas clim\u00e1ticas\u201d, disse Sreeja Chakraborty, advogada ambiental na cidade de Bengaluru.<\/p>\n\n\n\n<p><strong><em>Fonte: <a href=\"https:\/\/www.msn.com\/pt-br\/noticias\/meio-ambiente\/quase-extinta-ave-gigante-amea%c3%a7a-transi%c3%a7%c3%a3o-energ%c3%a9tica-na-%c3%adndia\/ar-AAL4DAk\">MSN Not\u00edcias<\/a><\/em><\/strong><\/p>\n","protected":false},"excerpt":{"rendered":"<p>A regi\u00e3o onde vive o p\u00e1ssaro raro \u00e9 tamb\u00e9m o local ideal para projetos e\u00f3licos e solares A grande abetarda indiana \u00e9 digna de pena. O majestoso p\u00e1ssaro amea\u00e7ado de extin\u00e7\u00e3o \u00e9 enorme e faz manobras lentas. Sua vis\u00e3o frontal \u00e9 limitada e a ave olha para o ch\u00e3o quando sobrevoa as pastagens planas do [&hellip;]<\/p>\n","protected":false},"author":2,"featured_media":19881,"comment_status":"open","ping_status":"open","sticky":false,"template":"","format":"standard","meta":{"footnotes":""},"categories":[8],"tags":[9756,3016,9757,90,4067,9759,9758],"class_list":["post-19879","post","type-post","status-publish","format-standard","has-post-thumbnail","hentry","category-meio-ambiente","tag-abetardas","tag-ameaca-de-extincao","tag-ave-gigante","tag-india","tag-passaro","tag-projetos-eolicos","tag-transicao-energetica"],"yoast_head":"<!-- This site is optimized with the Yoast SEO plugin v26.5 - https:\/\/yoast.com\/wordpress\/plugins\/seo\/ -->\n<title>Quase extinta, ave gigante amea\u00e7a transi\u00e7\u00e3o energ\u00e9tica na \u00cdndia - Jornal Fatos e Not\u00edcias<\/title>\n<meta name=\"robots\" content=\"index, follow, max-snippet:-1, max-image-preview:large, max-video-preview:-1\" \/>\n<link rel=\"canonical\" href=\"https:\/\/jornalfatosenoticias.com.br\/index.php\/2021\/06\/25\/quase-extinta-ave-gigante-ameaca-transicao-energetica-na-india\/\" \/>\n<meta property=\"og:locale\" content=\"pt_BR\" \/>\n<meta property=\"og:type\" content=\"article\" \/>\n<meta property=\"og:title\" content=\"Quase extinta, ave gigante amea\u00e7a transi\u00e7\u00e3o energ\u00e9tica na \u00cdndia - Jornal Fatos e Not\u00edcias\" \/>\n<meta property=\"og:description\" content=\"A regi\u00e3o onde vive o p\u00e1ssaro raro \u00e9 tamb\u00e9m o local ideal para projetos e\u00f3licos e solares A grande abetarda indiana \u00e9 digna de pena. O majestoso p\u00e1ssaro amea\u00e7ado de extin\u00e7\u00e3o \u00e9 enorme e faz manobras lentas. Sua vis\u00e3o frontal \u00e9 limitada e a ave olha para o ch\u00e3o quando sobrevoa as pastagens planas do [&hellip;]\" \/>\n<meta property=\"og:url\" content=\"https:\/\/jornalfatosenoticias.com.br\/index.php\/2021\/06\/25\/quase-extinta-ave-gigante-ameaca-transicao-energetica-na-india\/\" \/>\n<meta property=\"og:site_name\" content=\"Jornal Fatos e Not\u00edcias\" \/>\n<meta property=\"article:published_time\" content=\"2021-06-25T18:43:58+00:00\" \/>\n<meta property=\"article:modified_time\" content=\"2021-06-25T18:44:02+00:00\" \/>\n<meta property=\"og:image\" content=\"https:\/\/jornalfatosenoticias.com.br\/wp-content\/uploads\/2021\/06\/abetarda2.jpg\" \/>\n\t<meta property=\"og:image:width\" content=\"1000\" \/>\n\t<meta property=\"og:image:height\" content=\"562\" \/>\n\t<meta property=\"og:image:type\" content=\"image\/jpeg\" \/>\n<meta name=\"author\" content=\"Luzimara Fernandes\" \/>\n<meta name=\"twitter:card\" content=\"summary_large_image\" \/>\n<meta name=\"twitter:label1\" content=\"Escrito por\" \/>\n\t<meta name=\"twitter:data1\" content=\"Luzimara Fernandes\" \/>\n\t<meta name=\"twitter:label2\" content=\"Est. tempo de leitura\" \/>\n\t<meta name=\"twitter:data2\" content=\"3 minutos\" \/>\n<script type=\"application\/ld+json\" class=\"yoast-schema-graph\">{\"@context\":\"https:\/\/schema.org\",\"@graph\":[{\"@type\":\"Article\",\"@id\":\"https:\/\/jornalfatosenoticias.com.br\/index.php\/2021\/06\/25\/quase-extinta-ave-gigante-ameaca-transicao-energetica-na-india\/#article\",\"isPartOf\":{\"@id\":\"https:\/\/jornalfatosenoticias.com.br\/index.php\/2021\/06\/25\/quase-extinta-ave-gigante-ameaca-transicao-energetica-na-india\/\"},\"author\":{\"name\":\"Luzimara Fernandes\",\"@id\":\"https:\/\/jornalfatosenoticias.com.br\/#\/schema\/person\/d63837fa13ac8666eb9e74e0985d6f81\"},\"headline\":\"Quase extinta, ave gigante amea\u00e7a transi\u00e7\u00e3o energ\u00e9tica na \u00cdndia\",\"datePublished\":\"2021-06-25T18:43:58+00:00\",\"dateModified\":\"2021-06-25T18:44:02+00:00\",\"mainEntityOfPage\":{\"@id\":\"https:\/\/jornalfatosenoticias.com.br\/index.php\/2021\/06\/25\/quase-extinta-ave-gigante-ameaca-transicao-energetica-na-india\/\"},\"wordCount\":670,\"commentCount\":0,\"publisher\":{\"@id\":\"https:\/\/jornalfatosenoticias.com.br\/#organization\"},\"image\":{\"@id\":\"https:\/\/jornalfatosenoticias.com.br\/index.php\/2021\/06\/25\/quase-extinta-ave-gigante-ameaca-transicao-energetica-na-india\/#primaryimage\"},\"thumbnailUrl\":\"https:\/\/jornalfatosenoticias.com.br\/wp-content\/uploads\/2021\/06\/abetarda2.jpg\",\"keywords\":[\"abetardas\",\"amea\u00e7a de extin\u00e7\u00e3o\",\"ave gigante\",\"\u00edndia\",\"p\u00e1ssaro\",\"projetos e\u00f3licos\",\"transi\u00e7\u00e3o energ\u00e9tica\"],\"articleSection\":[\"Meio ambiente\"],\"inLanguage\":\"pt-BR\",\"potentialAction\":[{\"@type\":\"CommentAction\",\"name\":\"Comment\",\"target\":[\"https:\/\/jornalfatosenoticias.com.br\/index.php\/2021\/06\/25\/quase-extinta-ave-gigante-ameaca-transicao-energetica-na-india\/#respond\"]}]},{\"@type\":\"WebPage\",\"@id\":\"https:\/\/jornalfatosenoticias.com.br\/index.php\/2021\/06\/25\/quase-extinta-ave-gigante-ameaca-transicao-energetica-na-india\/\",\"url\":\"https:\/\/jornalfatosenoticias.com.br\/index.php\/2021\/06\/25\/quase-extinta-ave-gigante-ameaca-transicao-energetica-na-india\/\",\"name\":\"Quase extinta, ave gigante amea\u00e7a transi\u00e7\u00e3o energ\u00e9tica na \u00cdndia - Jornal Fatos e Not\u00edcias\",\"isPartOf\":{\"@id\":\"https:\/\/jornalfatosenoticias.com.br\/#website\"},\"primaryImageOfPage\":{\"@id\":\"https:\/\/jornalfatosenoticias.com.br\/index.php\/2021\/06\/25\/quase-extinta-ave-gigante-ameaca-transicao-energetica-na-india\/#primaryimage\"},\"image\":{\"@id\":\"https:\/\/jornalfatosenoticias.com.br\/index.php\/2021\/06\/25\/quase-extinta-ave-gigante-ameaca-transicao-energetica-na-india\/#primaryimage\"},\"thumbnailUrl\":\"https:\/\/jornalfatosenoticias.com.br\/wp-content\/uploads\/2021\/06\/abetarda2.jpg\",\"datePublished\":\"2021-06-25T18:43:58+00:00\",\"dateModified\":\"2021-06-25T18:44:02+00:00\",\"breadcrumb\":{\"@id\":\"https:\/\/jornalfatosenoticias.com.br\/index.php\/2021\/06\/25\/quase-extinta-ave-gigante-ameaca-transicao-energetica-na-india\/#breadcrumb\"},\"inLanguage\":\"pt-BR\",\"potentialAction\":[{\"@type\":\"ReadAction\",\"target\":[\"https:\/\/jornalfatosenoticias.com.br\/index.php\/2021\/06\/25\/quase-extinta-ave-gigante-ameaca-transicao-energetica-na-india\/\"]}]},{\"@type\":\"ImageObject\",\"inLanguage\":\"pt-BR\",\"@id\":\"https:\/\/jornalfatosenoticias.com.br\/index.php\/2021\/06\/25\/quase-extinta-ave-gigante-ameaca-transicao-energetica-na-india\/#primaryimage\",\"url\":\"https:\/\/jornalfatosenoticias.com.br\/wp-content\/uploads\/2021\/06\/abetarda2.jpg\",\"contentUrl\":\"https:\/\/jornalfatosenoticias.com.br\/wp-content\/uploads\/2021\/06\/abetarda2.jpg\",\"width\":1000,\"height\":562},{\"@type\":\"BreadcrumbList\",\"@id\":\"https:\/\/jornalfatosenoticias.com.br\/index.php\/2021\/06\/25\/quase-extinta-ave-gigante-ameaca-transicao-energetica-na-india\/#breadcrumb\",\"itemListElement\":[{\"@type\":\"ListItem\",\"position\":1,\"name\":\"In\u00edcio\",\"item\":\"https:\/\/jornalfatosenoticias.com.br\/\"},{\"@type\":\"ListItem\",\"position\":2,\"name\":\"Quase extinta, ave gigante amea\u00e7a transi\u00e7\u00e3o energ\u00e9tica na \u00cdndia\"}]},{\"@type\":\"WebSite\",\"@id\":\"https:\/\/jornalfatosenoticias.com.br\/#website\",\"url\":\"https:\/\/jornalfatosenoticias.com.br\/\",\"name\":\"Jornal Fatos e Not\u00edcias\",\"description\":\"Not\u00edcias em geral\",\"publisher\":{\"@id\":\"https:\/\/jornalfatosenoticias.com.br\/#organization\"},\"potentialAction\":[{\"@type\":\"SearchAction\",\"target\":{\"@type\":\"EntryPoint\",\"urlTemplate\":\"https:\/\/jornalfatosenoticias.com.br\/?s={search_term_string}\"},\"query-input\":{\"@type\":\"PropertyValueSpecification\",\"valueRequired\":true,\"valueName\":\"search_term_string\"}}],\"inLanguage\":\"pt-BR\"},{\"@type\":\"Organization\",\"@id\":\"https:\/\/jornalfatosenoticias.com.br\/#organization\",\"name\":\"Jornal Fatos e Not\u00edcias\",\"url\":\"https:\/\/jornalfatosenoticias.com.br\/\",\"logo\":{\"@type\":\"ImageObject\",\"inLanguage\":\"pt-BR\",\"@id\":\"https:\/\/jornalfatosenoticias.com.br\/#\/schema\/logo\/image\/\",\"url\":\"https:\/\/jornalfatosenoticias.com.br\/wp-content\/uploads\/2020\/02\/logo120.png\",\"contentUrl\":\"https:\/\/jornalfatosenoticias.com.br\/wp-content\/uploads\/2020\/02\/logo120.png\",\"width\":1227,\"height\":120,\"caption\":\"Jornal Fatos e Not\u00edcias\"},\"image\":{\"@id\":\"https:\/\/jornalfatosenoticias.com.br\/#\/schema\/logo\/image\/\"}},{\"@type\":\"Person\",\"@id\":\"https:\/\/jornalfatosenoticias.com.br\/#\/schema\/person\/d63837fa13ac8666eb9e74e0985d6f81\",\"name\":\"Luzimara Fernandes\",\"image\":{\"@type\":\"ImageObject\",\"inLanguage\":\"pt-BR\",\"@id\":\"https:\/\/jornalfatosenoticias.com.br\/#\/schema\/person\/image\/\",\"url\":\"https:\/\/jornalfatosenoticias.com.br\/wp-content\/uploads\/2025\/05\/EU_portal.jpg\",\"contentUrl\":\"https:\/\/jornalfatosenoticias.com.br\/wp-content\/uploads\/2025\/05\/EU_portal.jpg\",\"caption\":\"Luzimara Fernandes\"},\"description\":\"Jornalista MTB 2358-ES\",\"sameAs\":[\"https:\/\/jornalfatosenoticias.com.br\"],\"url\":\"https:\/\/jornalfatosenoticias.com.br\/index.php\/author\/luzimara\/\"}]}<\/script>\n<!-- \/ Yoast SEO plugin. -->","yoast_head_json":{"title":"Quase extinta, ave gigante amea\u00e7a transi\u00e7\u00e3o energ\u00e9tica na \u00cdndia - Jornal Fatos e Not\u00edcias","robots":{"index":"index","follow":"follow","max-snippet":"max-snippet:-1","max-image-preview":"max-image-preview:large","max-video-preview":"max-video-preview:-1"},"canonical":"https:\/\/jornalfatosenoticias.com.br\/index.php\/2021\/06\/25\/quase-extinta-ave-gigante-ameaca-transicao-energetica-na-india\/","og_locale":"pt_BR","og_type":"article","og_title":"Quase extinta, ave gigante amea\u00e7a transi\u00e7\u00e3o energ\u00e9tica na \u00cdndia - Jornal Fatos e Not\u00edcias","og_description":"A regi\u00e3o onde vive o p\u00e1ssaro raro \u00e9 tamb\u00e9m o local ideal para projetos e\u00f3licos e solares A grande abetarda indiana \u00e9 digna de pena. O majestoso p\u00e1ssaro amea\u00e7ado de extin\u00e7\u00e3o \u00e9 enorme e faz manobras lentas. Sua vis\u00e3o frontal \u00e9 limitada e a ave olha para o ch\u00e3o quando sobrevoa as pastagens planas do [&hellip;]","og_url":"https:\/\/jornalfatosenoticias.com.br\/index.php\/2021\/06\/25\/quase-extinta-ave-gigante-ameaca-transicao-energetica-na-india\/","og_site_name":"Jornal Fatos e Not\u00edcias","article_published_time":"2021-06-25T18:43:58+00:00","article_modified_time":"2021-06-25T18:44:02+00:00","og_image":[{"width":1000,"height":562,"url":"https:\/\/jornalfatosenoticias.com.br\/wp-content\/uploads\/2021\/06\/abetarda2.jpg","type":"image\/jpeg"}],"author":"Luzimara Fernandes","twitter_card":"summary_large_image","twitter_misc":{"Escrito por":"Luzimara Fernandes","Est. tempo de leitura":"3 minutos"},"schema":{"@context":"https:\/\/schema.org","@graph":[{"@type":"Article","@id":"https:\/\/jornalfatosenoticias.com.br\/index.php\/2021\/06\/25\/quase-extinta-ave-gigante-ameaca-transicao-energetica-na-india\/#article","isPartOf":{"@id":"https:\/\/jornalfatosenoticias.com.br\/index.php\/2021\/06\/25\/quase-extinta-ave-gigante-ameaca-transicao-energetica-na-india\/"},"author":{"name":"Luzimara Fernandes","@id":"https:\/\/jornalfatosenoticias.com.br\/#\/schema\/person\/d63837fa13ac8666eb9e74e0985d6f81"},"headline":"Quase extinta, ave gigante amea\u00e7a transi\u00e7\u00e3o energ\u00e9tica na \u00cdndia","datePublished":"2021-06-25T18:43:58+00:00","dateModified":"2021-06-25T18:44:02+00:00","mainEntityOfPage":{"@id":"https:\/\/jornalfatosenoticias.com.br\/index.php\/2021\/06\/25\/quase-extinta-ave-gigante-ameaca-transicao-energetica-na-india\/"},"wordCount":670,"commentCount":0,"publisher":{"@id":"https:\/\/jornalfatosenoticias.com.br\/#organization"},"image":{"@id":"https:\/\/jornalfatosenoticias.com.br\/index.php\/2021\/06\/25\/quase-extinta-ave-gigante-ameaca-transicao-energetica-na-india\/#primaryimage"},"thumbnailUrl":"https:\/\/jornalfatosenoticias.com.br\/wp-content\/uploads\/2021\/06\/abetarda2.jpg","keywords":["abetardas","amea\u00e7a de extin\u00e7\u00e3o","ave gigante","\u00edndia","p\u00e1ssaro","projetos e\u00f3licos","transi\u00e7\u00e3o energ\u00e9tica"],"articleSection":["Meio ambiente"],"inLanguage":"pt-BR","potentialAction":[{"@type":"CommentAction","name":"Comment","target":["https:\/\/jornalfatosenoticias.com.br\/index.php\/2021\/06\/25\/quase-extinta-ave-gigante-ameaca-transicao-energetica-na-india\/#respond"]}]},{"@type":"WebPage","@id":"https:\/\/jornalfatosenoticias.com.br\/index.php\/2021\/06\/25\/quase-extinta-ave-gigante-ameaca-transicao-energetica-na-india\/","url":"https:\/\/jornalfatosenoticias.com.br\/index.php\/2021\/06\/25\/quase-extinta-ave-gigante-ameaca-transicao-energetica-na-india\/","name":"Quase extinta, ave gigante amea\u00e7a transi\u00e7\u00e3o energ\u00e9tica na \u00cdndia - Jornal Fatos e Not\u00edcias","isPartOf":{"@id":"https:\/\/jornalfatosenoticias.com.br\/#website"},"primaryImageOfPage":{"@id":"https:\/\/jornalfatosenoticias.com.br\/index.php\/2021\/06\/25\/quase-extinta-ave-gigante-ameaca-transicao-energetica-na-india\/#primaryimage"},"image":{"@id":"https:\/\/jornalfatosenoticias.com.br\/index.php\/2021\/06\/25\/quase-extinta-ave-gigante-ameaca-transicao-energetica-na-india\/#primaryimage"},"thumbnailUrl":"https:\/\/jornalfatosenoticias.com.br\/wp-content\/uploads\/2021\/06\/abetarda2.jpg","datePublished":"2021-06-25T18:43:58+00:00","dateModified":"2021-06-25T18:44:02+00:00","breadcrumb":{"@id":"https:\/\/jornalfatosenoticias.com.br\/index.php\/2021\/06\/25\/quase-extinta-ave-gigante-ameaca-transicao-energetica-na-india\/#breadcrumb"},"inLanguage":"pt-BR","potentialAction":[{"@type":"ReadAction","target":["https:\/\/jornalfatosenoticias.com.br\/index.php\/2021\/06\/25\/quase-extinta-ave-gigante-ameaca-transicao-energetica-na-india\/"]}]},{"@type":"ImageObject","inLanguage":"pt-BR","@id":"https:\/\/jornalfatosenoticias.com.br\/index.php\/2021\/06\/25\/quase-extinta-ave-gigante-ameaca-transicao-energetica-na-india\/#primaryimage","url":"https:\/\/jornalfatosenoticias.com.br\/wp-content\/uploads\/2021\/06\/abetarda2.jpg","contentUrl":"https:\/\/jornalfatosenoticias.com.br\/wp-content\/uploads\/2021\/06\/abetarda2.jpg","width":1000,"height":562},{"@type":"BreadcrumbList","@id":"https:\/\/jornalfatosenoticias.com.br\/index.php\/2021\/06\/25\/quase-extinta-ave-gigante-ameaca-transicao-energetica-na-india\/#breadcrumb","itemListElement":[{"@type":"ListItem","position":1,"name":"In\u00edcio","item":"https:\/\/jornalfatosenoticias.com.br\/"},{"@type":"ListItem","position":2,"name":"Quase extinta, ave gigante amea\u00e7a transi\u00e7\u00e3o energ\u00e9tica na \u00cdndia"}]},{"@type":"WebSite","@id":"https:\/\/jornalfatosenoticias.com.br\/#website","url":"https:\/\/jornalfatosenoticias.com.br\/","name":"Jornal Fatos e Not\u00edcias","description":"Not\u00edcias em geral","publisher":{"@id":"https:\/\/jornalfatosenoticias.com.br\/#organization"},"potentialAction":[{"@type":"SearchAction","target":{"@type":"EntryPoint","urlTemplate":"https:\/\/jornalfatosenoticias.com.br\/?s={search_term_string}"},"query-input":{"@type":"PropertyValueSpecification","valueRequired":true,"valueName":"search_term_string"}}],"inLanguage":"pt-BR"},{"@type":"Organization","@id":"https:\/\/jornalfatosenoticias.com.br\/#organization","name":"Jornal Fatos e Not\u00edcias","url":"https:\/\/jornalfatosenoticias.com.br\/","logo":{"@type":"ImageObject","inLanguage":"pt-BR","@id":"https:\/\/jornalfatosenoticias.com.br\/#\/schema\/logo\/image\/","url":"https:\/\/jornalfatosenoticias.com.br\/wp-content\/uploads\/2020\/02\/logo120.png","contentUrl":"https:\/\/jornalfatosenoticias.com.br\/wp-content\/uploads\/2020\/02\/logo120.png","width":1227,"height":120,"caption":"Jornal Fatos e Not\u00edcias"},"image":{"@id":"https:\/\/jornalfatosenoticias.com.br\/#\/schema\/logo\/image\/"}},{"@type":"Person","@id":"https:\/\/jornalfatosenoticias.com.br\/#\/schema\/person\/d63837fa13ac8666eb9e74e0985d6f81","name":"Luzimara Fernandes","image":{"@type":"ImageObject","inLanguage":"pt-BR","@id":"https:\/\/jornalfatosenoticias.com.br\/#\/schema\/person\/image\/","url":"https:\/\/jornalfatosenoticias.com.br\/wp-content\/uploads\/2025\/05\/EU_portal.jpg","contentUrl":"https:\/\/jornalfatosenoticias.com.br\/wp-content\/uploads\/2025\/05\/EU_portal.jpg","caption":"Luzimara Fernandes"},"description":"Jornalista MTB 2358-ES","sameAs":["https:\/\/jornalfatosenoticias.com.br"],"url":"https:\/\/jornalfatosenoticias.com.br\/index.php\/author\/luzimara\/"}]}},"cc_featured_image_caption":{"caption_text":"(Foto: Saket Sundria\/Bloomberg)","source_text":"","source_url":""},"jetpack_featured_media_url":"https:\/\/jornalfatosenoticias.com.br\/wp-content\/uploads\/2021\/06\/abetarda2.jpg","_links":{"self":[{"href":"https:\/\/jornalfatosenoticias.com.br\/index.php\/wp-json\/wp\/v2\/posts\/19879","targetHints":{"allow":["GET"]}}],"collection":[{"href":"https:\/\/jornalfatosenoticias.com.br\/index.php\/wp-json\/wp\/v2\/posts"}],"about":[{"href":"https:\/\/jornalfatosenoticias.com.br\/index.php\/wp-json\/wp\/v2\/types\/post"}],"author":[{"embeddable":true,"href":"https:\/\/jornalfatosenoticias.com.br\/index.php\/wp-json\/wp\/v2\/users\/2"}],"replies":[{"embeddable":true,"href":"https:\/\/jornalfatosenoticias.com.br\/index.php\/wp-json\/wp\/v2\/comments?post=19879"}],"version-history":[{"count":0,"href":"https:\/\/jornalfatosenoticias.com.br\/index.php\/wp-json\/wp\/v2\/posts\/19879\/revisions"}],"wp:featuredmedia":[{"embeddable":true,"href":"https:\/\/jornalfatosenoticias.com.br\/index.php\/wp-json\/wp\/v2\/media\/19881"}],"wp:attachment":[{"href":"https:\/\/jornalfatosenoticias.com.br\/index.php\/wp-json\/wp\/v2\/media?parent=19879"}],"wp:term":[{"taxonomy":"category","embeddable":true,"href":"https:\/\/jornalfatosenoticias.com.br\/index.php\/wp-json\/wp\/v2\/categories?post=19879"},{"taxonomy":"post_tag","embeddable":true,"href":"https:\/\/jornalfatosenoticias.com.br\/index.php\/wp-json\/wp\/v2\/tags?post=19879"}],"curies":[{"name":"wp","href":"https:\/\/api.w.org\/{rel}","templated":true}]}}