{"id":19934,"date":"2021-06-28T16:55:20","date_gmt":"2021-06-28T19:55:20","guid":{"rendered":"https:\/\/jornalfatosenoticias.com.br\/?p=19934"},"modified":"2021-06-28T16:55:21","modified_gmt":"2021-06-28T19:55:21","slug":"estamos-proximos-de-conhecer-os-primeiros-casos-reais-de-ovnis","status":"publish","type":"post","link":"https:\/\/jornalfatosenoticias.com.br\/index.php\/2021\/06\/28\/estamos-proximos-de-conhecer-os-primeiros-casos-reais-de-ovnis\/","title":{"rendered":"Estamos pr\u00f3ximos de conhecer os primeiros casos reais de \u00f3vnis?"},"content":{"rendered":"\n<p>Desde o primeiro trimestre de 2021, o governo dos EUA esquenta a popula\u00e7\u00e3o ao confirmar que est\u00e1 pr\u00f3ximo de divulgar relat\u00f3rios oficiais sobre avistamentos de \u00f3vnis. Recentemente, um briefing secreto foi enviado ao Comit\u00ea de Intelig\u00eancia da C\u00e2mara dos Estados Unidos e, pela primeira vez, as autoridades parecem estar levando a s\u00e9rio a exist\u00eancia de vida extraterrestre. Ser\u00e1 que finalmente teremos as primeiras respostas concretas sobre poss\u00edveis casos reais desses fen\u00f4menos?<br>Apesar da dificuldade em esconder a empolga\u00e7\u00e3o, especialistas divergem sobre o caso e entram em conflito sobre a proced\u00eancia de <a href=\"https:\/\/www.megacurioso.com.br\/misterios\/117032-ovni-em-forma-de-cubo-e-revelado-por-forca-tarefa-do-pentagono.htm\" rel=\"noreferrer noopener\" target=\"_blank\">\u00f3vnis<\/a>. Scott Miller, presidente e professor do Departamento de Engenharia Aeroespacial da Universidade Estadual de Wichita, acredita que os relat\u00f3rios ir\u00e3o divulgar respostas vazias e sem informa\u00e7\u00f5es consideradas realmente confidenciais, indicando que os objetos voadores devem ser apenas aeronaves &#8220;espi\u00e3s&#8221; que operam em locais distantes do seus territ\u00f3rios de origem.<\/p>\n\n\n\n<figure class=\"wp-block-embed-youtube wp-block-embed is-type-video is-provider-youtube wp-embed-aspect-16-9 wp-has-aspect-ratio\"><div class=\"wp-block-embed__wrapper\">\n<iframe loading=\"lazy\" title=\"OVNIs: Pent\u00e1gono vai detalhar avistamentos &quot;dif\u00edceis de explicar&quot;\" width=\"660\" height=\"371\" src=\"https:\/\/www.youtube.com\/embed\/rGvMM8-X6T4?feature=oembed\" frameborder=\"0\" allow=\"accelerometer; autoplay; clipboard-write; encrypted-media; gyroscope; picture-in-picture; web-share\" referrerpolicy=\"strict-origin-when-cross-origin\" allowfullscreen><\/iframe>\n<\/div><\/figure>\n\n\n\n<p>J\u00e1 Ravi Kumar Kopparapu, cientista em estudos planet\u00e1rios no Goddard Space Flight Center da <a href=\"https:\/\/www.megacurioso.com.br\/ciencia\/118880-roger-boisjoly-o-engenheiro-que-tentou-impedir-o-desastre-da-nasa.htm\" rel=\"noreferrer noopener\" target=\"_blank\">Nasa<\/a> em Maryland, sugere que a exist\u00eancia desses dados pode iniciar uma nova era colaborativa entre departamentos, fornecendo um cen\u00e1rio capaz de criar questionamentos sobre \u00f3vnis que n\u00e3o sejam mais tabus. Assim, ele refor\u00e7a a import\u00e2ncia da coleta de dados confi\u00e1veis e a aplica\u00e7\u00e3o de estudos cient\u00edficos que possam n\u00e3o apenas dar credibilidade aos projetos, mas entregar dedu\u00e7\u00f5es significativas.<br>A movimenta\u00e7\u00e3o da comunidade acad\u00eamica e a cobran\u00e7a por informa\u00e7\u00f5es confi\u00e1veis surgem como um s\u00edmbolo de esfor\u00e7o em quebrar essas descren\u00e7as, visto que cientistas da \u00e1rea incentivam exames rigorosos sobre os &#8220;fen\u00f4menos an\u00f4malos&#8221; e a consequente divulga\u00e7\u00e3o desses testes, mas respeitando hierarquias e sem comprometer fontes e\/ou m\u00e9todos de seguran\u00e7a nacional.<\/p>\n\n\n\n<p><strong><span class=\"has-inline-color has-black-color\">H\u00e1 algo de anormal nos c\u00e9us?<br><\/span><\/strong><a href=\"https:\/\/www.megacurioso.com.br\/misterios\/118845-viajante-do-tempo-e-visto-com-smartphone-em-luta-de-mike-tyson-de-1995.htm\" rel=\"noreferrer noopener\" target=\"_blank\">Viajantes no tempo<\/a>, exploradores distantes, drones avan\u00e7ados\u2026 Todas as op\u00e7\u00f5es ainda s\u00e3o v\u00e1lidas e o mist\u00e9rio sobre o que vem pairando \u2014 e sendo visto \u2014 nos c\u00e9us terrestres h\u00e1 d\u00e9cadas segue sem muitas explica\u00e7\u00f5es. Por\u00e9m, \u00e0 medida que passamos mais tempo com essa inc\u00f3gnita, mais estimula-se a vontade para descobrir o que de fato sobrevoa o espa\u00e7o vis\u00edvel.<\/p>\n\n\n\n<figure class=\"wp-block-embed-youtube wp-block-embed is-type-video is-provider-youtube wp-embed-aspect-16-9 wp-has-aspect-ratio\"><div class=\"wp-block-embed__wrapper\">\n<iframe loading=\"lazy\" title=\"\u00d3vnis nos EUA: fim do sigilo de relat\u00f3rio do Pent\u00e1gono anima pesquisadores do tema\" width=\"660\" height=\"371\" src=\"https:\/\/www.youtube.com\/embed\/OaVDU4Hf2S8?feature=oembed\" frameborder=\"0\" allow=\"accelerometer; autoplay; clipboard-write; encrypted-media; gyroscope; picture-in-picture; web-share\" referrerpolicy=\"strict-origin-when-cross-origin\" allowfullscreen><\/iframe>\n<\/div><\/figure>\n\n\n\n<p>&#8220;Meus pensamentos gerais sobre o relat\u00f3rio \u00e9 que, independentemente do que sai dele, a aten\u00e7\u00e3o que tem atra\u00eddo para o fen\u00f4meno \u00f3vni \u2014 em associa\u00e7\u00e3o com todos os v\u00eddeos e imagens vazados \u2014 s\u00f3 pode ajudar a nos aproximar de uma compreens\u00e3o do que \u00e9 e tem sido observado em nossos c\u00e9us&#8221;, disse Michael Masters, autor de &#8220;Identified Flying Objects: A Multidisciplinar Scientific Approach to the UFO Phenomenon&#8221;.<br>Ser\u00e1 que a fic\u00e7\u00e3o est\u00e1 mesmo pr\u00f3xima de ter essa &#8220;quarta parede&#8221; quebrada? Podemos estar muito pr\u00f3ximos de desvendar.<\/p>\n\n\n\n<p><strong><em>Fonte: <a href=\"https:\/\/www.megacurioso.com.br\/misterios\/119155-estamos-proximos-de-conhecer-os-primeiros-casos-reais-de-ovnis.htm\">Megacurioso<\/a><\/em><\/strong><\/p>\n","protected":false},"excerpt":{"rendered":"<p>Desde o primeiro trimestre de 2021, o governo dos EUA esquenta a popula\u00e7\u00e3o ao confirmar que est\u00e1 pr\u00f3ximo de divulgar relat\u00f3rios oficiais sobre avistamentos de \u00f3vnis. Recentemente, um briefing secreto foi enviado ao Comit\u00ea de Intelig\u00eancia da C\u00e2mara dos Estados Unidos e, pela primeira vez, as autoridades parecem estar levando a s\u00e9rio a exist\u00eancia de [&hellip;]<\/p>\n","protected":false},"author":2,"featured_media":19936,"comment_status":"open","ping_status":"open","sticky":false,"template":"","format":"standard","meta":{"footnotes":""},"categories":[41],"tags":[9788,768,164,2376,8810],"class_list":["post-19934","post","type-post","status-publish","format-standard","has-post-thumbnail","hentry","category-internacional","tag-aliens","tag-extraterrestres","tag-nasa","tag-ovnis","tag-ufo"],"yoast_head":"<!-- This site is optimized with the Yoast SEO plugin v26.5 - https:\/\/yoast.com\/wordpress\/plugins\/seo\/ -->\n<title>Estamos pr\u00f3ximos de conhecer os primeiros casos reais de \u00f3vnis? - Jornal Fatos e Not\u00edcias<\/title>\n<meta name=\"robots\" content=\"index, follow, max-snippet:-1, max-image-preview:large, max-video-preview:-1\" \/>\n<link rel=\"canonical\" href=\"https:\/\/jornalfatosenoticias.com.br\/index.php\/2021\/06\/28\/estamos-proximos-de-conhecer-os-primeiros-casos-reais-de-ovnis\/\" \/>\n<meta property=\"og:locale\" content=\"pt_BR\" \/>\n<meta property=\"og:type\" content=\"article\" \/>\n<meta property=\"og:title\" content=\"Estamos pr\u00f3ximos de conhecer os primeiros casos reais de \u00f3vnis? - Jornal Fatos e Not\u00edcias\" \/>\n<meta property=\"og:description\" content=\"Desde o primeiro trimestre de 2021, o governo dos EUA esquenta a popula\u00e7\u00e3o ao confirmar que est\u00e1 pr\u00f3ximo de divulgar relat\u00f3rios oficiais sobre avistamentos de \u00f3vnis. Recentemente, um briefing secreto foi enviado ao Comit\u00ea de Intelig\u00eancia da C\u00e2mara dos Estados Unidos e, pela primeira vez, as autoridades parecem estar levando a s\u00e9rio a exist\u00eancia de [&hellip;]\" \/>\n<meta property=\"og:url\" content=\"https:\/\/jornalfatosenoticias.com.br\/index.php\/2021\/06\/28\/estamos-proximos-de-conhecer-os-primeiros-casos-reais-de-ovnis\/\" \/>\n<meta property=\"og:site_name\" content=\"Jornal Fatos e Not\u00edcias\" \/>\n<meta property=\"article:published_time\" content=\"2021-06-28T19:55:20+00:00\" \/>\n<meta property=\"article:modified_time\" content=\"2021-06-28T19:55:21+00:00\" \/>\n<meta property=\"og:image\" content=\"https:\/\/jornalfatosenoticias.com.br\/wp-content\/uploads\/2021\/06\/ovnis.jpg\" \/>\n\t<meta property=\"og:image:width\" content=\"1000\" \/>\n\t<meta property=\"og:image:height\" content=\"400\" \/>\n\t<meta property=\"og:image:type\" content=\"image\/jpeg\" \/>\n<meta name=\"author\" content=\"Luzimara Fernandes\" \/>\n<meta name=\"twitter:card\" content=\"summary_large_image\" \/>\n<meta name=\"twitter:label1\" content=\"Escrito por\" \/>\n\t<meta name=\"twitter:data1\" content=\"Luzimara Fernandes\" \/>\n\t<meta name=\"twitter:label2\" content=\"Est. tempo de leitura\" \/>\n\t<meta name=\"twitter:data2\" content=\"2 minutos\" \/>\n<script type=\"application\/ld+json\" class=\"yoast-schema-graph\">{\"@context\":\"https:\/\/schema.org\",\"@graph\":[{\"@type\":\"Article\",\"@id\":\"https:\/\/jornalfatosenoticias.com.br\/index.php\/2021\/06\/28\/estamos-proximos-de-conhecer-os-primeiros-casos-reais-de-ovnis\/#article\",\"isPartOf\":{\"@id\":\"https:\/\/jornalfatosenoticias.com.br\/index.php\/2021\/06\/28\/estamos-proximos-de-conhecer-os-primeiros-casos-reais-de-ovnis\/\"},\"author\":{\"name\":\"Luzimara Fernandes\",\"@id\":\"https:\/\/jornalfatosenoticias.com.br\/#\/schema\/person\/d63837fa13ac8666eb9e74e0985d6f81\"},\"headline\":\"Estamos pr\u00f3ximos de conhecer os primeiros casos reais de \u00f3vnis?\",\"datePublished\":\"2021-06-28T19:55:20+00:00\",\"dateModified\":\"2021-06-28T19:55:21+00:00\",\"mainEntityOfPage\":{\"@id\":\"https:\/\/jornalfatosenoticias.com.br\/index.php\/2021\/06\/28\/estamos-proximos-de-conhecer-os-primeiros-casos-reais-de-ovnis\/\"},\"wordCount\":510,\"commentCount\":0,\"publisher\":{\"@id\":\"https:\/\/jornalfatosenoticias.com.br\/#organization\"},\"image\":{\"@id\":\"https:\/\/jornalfatosenoticias.com.br\/index.php\/2021\/06\/28\/estamos-proximos-de-conhecer-os-primeiros-casos-reais-de-ovnis\/#primaryimage\"},\"thumbnailUrl\":\"https:\/\/jornalfatosenoticias.com.br\/wp-content\/uploads\/2021\/06\/ovnis.jpg\",\"keywords\":[\"aliens\",\"extraterrestres\",\"Nasa\",\"\u00f3vnis\",\"UFO\"],\"articleSection\":[\"Internacional\"],\"inLanguage\":\"pt-BR\",\"potentialAction\":[{\"@type\":\"CommentAction\",\"name\":\"Comment\",\"target\":[\"https:\/\/jornalfatosenoticias.com.br\/index.php\/2021\/06\/28\/estamos-proximos-de-conhecer-os-primeiros-casos-reais-de-ovnis\/#respond\"]}]},{\"@type\":\"WebPage\",\"@id\":\"https:\/\/jornalfatosenoticias.com.br\/index.php\/2021\/06\/28\/estamos-proximos-de-conhecer-os-primeiros-casos-reais-de-ovnis\/\",\"url\":\"https:\/\/jornalfatosenoticias.com.br\/index.php\/2021\/06\/28\/estamos-proximos-de-conhecer-os-primeiros-casos-reais-de-ovnis\/\",\"name\":\"Estamos pr\u00f3ximos de conhecer os primeiros casos reais de \u00f3vnis? - Jornal Fatos e Not\u00edcias\",\"isPartOf\":{\"@id\":\"https:\/\/jornalfatosenoticias.com.br\/#website\"},\"primaryImageOfPage\":{\"@id\":\"https:\/\/jornalfatosenoticias.com.br\/index.php\/2021\/06\/28\/estamos-proximos-de-conhecer-os-primeiros-casos-reais-de-ovnis\/#primaryimage\"},\"image\":{\"@id\":\"https:\/\/jornalfatosenoticias.com.br\/index.php\/2021\/06\/28\/estamos-proximos-de-conhecer-os-primeiros-casos-reais-de-ovnis\/#primaryimage\"},\"thumbnailUrl\":\"https:\/\/jornalfatosenoticias.com.br\/wp-content\/uploads\/2021\/06\/ovnis.jpg\",\"datePublished\":\"2021-06-28T19:55:20+00:00\",\"dateModified\":\"2021-06-28T19:55:21+00:00\",\"breadcrumb\":{\"@id\":\"https:\/\/jornalfatosenoticias.com.br\/index.php\/2021\/06\/28\/estamos-proximos-de-conhecer-os-primeiros-casos-reais-de-ovnis\/#breadcrumb\"},\"inLanguage\":\"pt-BR\",\"potentialAction\":[{\"@type\":\"ReadAction\",\"target\":[\"https:\/\/jornalfatosenoticias.com.br\/index.php\/2021\/06\/28\/estamos-proximos-de-conhecer-os-primeiros-casos-reais-de-ovnis\/\"]}]},{\"@type\":\"ImageObject\",\"inLanguage\":\"pt-BR\",\"@id\":\"https:\/\/jornalfatosenoticias.com.br\/index.php\/2021\/06\/28\/estamos-proximos-de-conhecer-os-primeiros-casos-reais-de-ovnis\/#primaryimage\",\"url\":\"https:\/\/jornalfatosenoticias.com.br\/wp-content\/uploads\/2021\/06\/ovnis.jpg\",\"contentUrl\":\"https:\/\/jornalfatosenoticias.com.br\/wp-content\/uploads\/2021\/06\/ovnis.jpg\",\"width\":1000,\"height\":400},{\"@type\":\"BreadcrumbList\",\"@id\":\"https:\/\/jornalfatosenoticias.com.br\/index.php\/2021\/06\/28\/estamos-proximos-de-conhecer-os-primeiros-casos-reais-de-ovnis\/#breadcrumb\",\"itemListElement\":[{\"@type\":\"ListItem\",\"position\":1,\"name\":\"In\u00edcio\",\"item\":\"https:\/\/jornalfatosenoticias.com.br\/\"},{\"@type\":\"ListItem\",\"position\":2,\"name\":\"Estamos pr\u00f3ximos de conhecer os primeiros casos reais de \u00f3vnis?\"}]},{\"@type\":\"WebSite\",\"@id\":\"https:\/\/jornalfatosenoticias.com.br\/#website\",\"url\":\"https:\/\/jornalfatosenoticias.com.br\/\",\"name\":\"Jornal Fatos e Not\u00edcias\",\"description\":\"Not\u00edcias em geral\",\"publisher\":{\"@id\":\"https:\/\/jornalfatosenoticias.com.br\/#organization\"},\"potentialAction\":[{\"@type\":\"SearchAction\",\"target\":{\"@type\":\"EntryPoint\",\"urlTemplate\":\"https:\/\/jornalfatosenoticias.com.br\/?s={search_term_string}\"},\"query-input\":{\"@type\":\"PropertyValueSpecification\",\"valueRequired\":true,\"valueName\":\"search_term_string\"}}],\"inLanguage\":\"pt-BR\"},{\"@type\":\"Organization\",\"@id\":\"https:\/\/jornalfatosenoticias.com.br\/#organization\",\"name\":\"Jornal Fatos e Not\u00edcias\",\"url\":\"https:\/\/jornalfatosenoticias.com.br\/\",\"logo\":{\"@type\":\"ImageObject\",\"inLanguage\":\"pt-BR\",\"@id\":\"https:\/\/jornalfatosenoticias.com.br\/#\/schema\/logo\/image\/\",\"url\":\"https:\/\/jornalfatosenoticias.com.br\/wp-content\/uploads\/2020\/02\/logo120.png\",\"contentUrl\":\"https:\/\/jornalfatosenoticias.com.br\/wp-content\/uploads\/2020\/02\/logo120.png\",\"width\":1227,\"height\":120,\"caption\":\"Jornal Fatos e Not\u00edcias\"},\"image\":{\"@id\":\"https:\/\/jornalfatosenoticias.com.br\/#\/schema\/logo\/image\/\"}},{\"@type\":\"Person\",\"@id\":\"https:\/\/jornalfatosenoticias.com.br\/#\/schema\/person\/d63837fa13ac8666eb9e74e0985d6f81\",\"name\":\"Luzimara Fernandes\",\"image\":{\"@type\":\"ImageObject\",\"inLanguage\":\"pt-BR\",\"@id\":\"https:\/\/jornalfatosenoticias.com.br\/#\/schema\/person\/image\/\",\"url\":\"https:\/\/jornalfatosenoticias.com.br\/wp-content\/uploads\/2025\/05\/EU_portal.jpg\",\"contentUrl\":\"https:\/\/jornalfatosenoticias.com.br\/wp-content\/uploads\/2025\/05\/EU_portal.jpg\",\"caption\":\"Luzimara Fernandes\"},\"description\":\"Jornalista MTB 2358-ES\",\"sameAs\":[\"https:\/\/jornalfatosenoticias.com.br\"],\"url\":\"https:\/\/jornalfatosenoticias.com.br\/index.php\/author\/luzimara\/\"}]}<\/script>\n<!-- \/ Yoast SEO plugin. -->","yoast_head_json":{"title":"Estamos pr\u00f3ximos de conhecer os primeiros casos reais de \u00f3vnis? - Jornal Fatos e Not\u00edcias","robots":{"index":"index","follow":"follow","max-snippet":"max-snippet:-1","max-image-preview":"max-image-preview:large","max-video-preview":"max-video-preview:-1"},"canonical":"https:\/\/jornalfatosenoticias.com.br\/index.php\/2021\/06\/28\/estamos-proximos-de-conhecer-os-primeiros-casos-reais-de-ovnis\/","og_locale":"pt_BR","og_type":"article","og_title":"Estamos pr\u00f3ximos de conhecer os primeiros casos reais de \u00f3vnis? - Jornal Fatos e Not\u00edcias","og_description":"Desde o primeiro trimestre de 2021, o governo dos EUA esquenta a popula\u00e7\u00e3o ao confirmar que est\u00e1 pr\u00f3ximo de divulgar relat\u00f3rios oficiais sobre avistamentos de \u00f3vnis. Recentemente, um briefing secreto foi enviado ao Comit\u00ea de Intelig\u00eancia da C\u00e2mara dos Estados Unidos e, pela primeira vez, as autoridades parecem estar levando a s\u00e9rio a exist\u00eancia de [&hellip;]","og_url":"https:\/\/jornalfatosenoticias.com.br\/index.php\/2021\/06\/28\/estamos-proximos-de-conhecer-os-primeiros-casos-reais-de-ovnis\/","og_site_name":"Jornal Fatos e Not\u00edcias","article_published_time":"2021-06-28T19:55:20+00:00","article_modified_time":"2021-06-28T19:55:21+00:00","og_image":[{"width":1000,"height":400,"url":"https:\/\/jornalfatosenoticias.com.br\/wp-content\/uploads\/2021\/06\/ovnis.jpg","type":"image\/jpeg"}],"author":"Luzimara Fernandes","twitter_card":"summary_large_image","twitter_misc":{"Escrito por":"Luzimara Fernandes","Est. tempo de leitura":"2 minutos"},"schema":{"@context":"https:\/\/schema.org","@graph":[{"@type":"Article","@id":"https:\/\/jornalfatosenoticias.com.br\/index.php\/2021\/06\/28\/estamos-proximos-de-conhecer-os-primeiros-casos-reais-de-ovnis\/#article","isPartOf":{"@id":"https:\/\/jornalfatosenoticias.com.br\/index.php\/2021\/06\/28\/estamos-proximos-de-conhecer-os-primeiros-casos-reais-de-ovnis\/"},"author":{"name":"Luzimara Fernandes","@id":"https:\/\/jornalfatosenoticias.com.br\/#\/schema\/person\/d63837fa13ac8666eb9e74e0985d6f81"},"headline":"Estamos pr\u00f3ximos de conhecer os primeiros casos reais de \u00f3vnis?","datePublished":"2021-06-28T19:55:20+00:00","dateModified":"2021-06-28T19:55:21+00:00","mainEntityOfPage":{"@id":"https:\/\/jornalfatosenoticias.com.br\/index.php\/2021\/06\/28\/estamos-proximos-de-conhecer-os-primeiros-casos-reais-de-ovnis\/"},"wordCount":510,"commentCount":0,"publisher":{"@id":"https:\/\/jornalfatosenoticias.com.br\/#organization"},"image":{"@id":"https:\/\/jornalfatosenoticias.com.br\/index.php\/2021\/06\/28\/estamos-proximos-de-conhecer-os-primeiros-casos-reais-de-ovnis\/#primaryimage"},"thumbnailUrl":"https:\/\/jornalfatosenoticias.com.br\/wp-content\/uploads\/2021\/06\/ovnis.jpg","keywords":["aliens","extraterrestres","Nasa","\u00f3vnis","UFO"],"articleSection":["Internacional"],"inLanguage":"pt-BR","potentialAction":[{"@type":"CommentAction","name":"Comment","target":["https:\/\/jornalfatosenoticias.com.br\/index.php\/2021\/06\/28\/estamos-proximos-de-conhecer-os-primeiros-casos-reais-de-ovnis\/#respond"]}]},{"@type":"WebPage","@id":"https:\/\/jornalfatosenoticias.com.br\/index.php\/2021\/06\/28\/estamos-proximos-de-conhecer-os-primeiros-casos-reais-de-ovnis\/","url":"https:\/\/jornalfatosenoticias.com.br\/index.php\/2021\/06\/28\/estamos-proximos-de-conhecer-os-primeiros-casos-reais-de-ovnis\/","name":"Estamos pr\u00f3ximos de conhecer os primeiros casos reais de \u00f3vnis? - Jornal Fatos e Not\u00edcias","isPartOf":{"@id":"https:\/\/jornalfatosenoticias.com.br\/#website"},"primaryImageOfPage":{"@id":"https:\/\/jornalfatosenoticias.com.br\/index.php\/2021\/06\/28\/estamos-proximos-de-conhecer-os-primeiros-casos-reais-de-ovnis\/#primaryimage"},"image":{"@id":"https:\/\/jornalfatosenoticias.com.br\/index.php\/2021\/06\/28\/estamos-proximos-de-conhecer-os-primeiros-casos-reais-de-ovnis\/#primaryimage"},"thumbnailUrl":"https:\/\/jornalfatosenoticias.com.br\/wp-content\/uploads\/2021\/06\/ovnis.jpg","datePublished":"2021-06-28T19:55:20+00:00","dateModified":"2021-06-28T19:55:21+00:00","breadcrumb":{"@id":"https:\/\/jornalfatosenoticias.com.br\/index.php\/2021\/06\/28\/estamos-proximos-de-conhecer-os-primeiros-casos-reais-de-ovnis\/#breadcrumb"},"inLanguage":"pt-BR","potentialAction":[{"@type":"ReadAction","target":["https:\/\/jornalfatosenoticias.com.br\/index.php\/2021\/06\/28\/estamos-proximos-de-conhecer-os-primeiros-casos-reais-de-ovnis\/"]}]},{"@type":"ImageObject","inLanguage":"pt-BR","@id":"https:\/\/jornalfatosenoticias.com.br\/index.php\/2021\/06\/28\/estamos-proximos-de-conhecer-os-primeiros-casos-reais-de-ovnis\/#primaryimage","url":"https:\/\/jornalfatosenoticias.com.br\/wp-content\/uploads\/2021\/06\/ovnis.jpg","contentUrl":"https:\/\/jornalfatosenoticias.com.br\/wp-content\/uploads\/2021\/06\/ovnis.jpg","width":1000,"height":400},{"@type":"BreadcrumbList","@id":"https:\/\/jornalfatosenoticias.com.br\/index.php\/2021\/06\/28\/estamos-proximos-de-conhecer-os-primeiros-casos-reais-de-ovnis\/#breadcrumb","itemListElement":[{"@type":"ListItem","position":1,"name":"In\u00edcio","item":"https:\/\/jornalfatosenoticias.com.br\/"},{"@type":"ListItem","position":2,"name":"Estamos pr\u00f3ximos de conhecer os primeiros casos reais de \u00f3vnis?"}]},{"@type":"WebSite","@id":"https:\/\/jornalfatosenoticias.com.br\/#website","url":"https:\/\/jornalfatosenoticias.com.br\/","name":"Jornal Fatos e Not\u00edcias","description":"Not\u00edcias em geral","publisher":{"@id":"https:\/\/jornalfatosenoticias.com.br\/#organization"},"potentialAction":[{"@type":"SearchAction","target":{"@type":"EntryPoint","urlTemplate":"https:\/\/jornalfatosenoticias.com.br\/?s={search_term_string}"},"query-input":{"@type":"PropertyValueSpecification","valueRequired":true,"valueName":"search_term_string"}}],"inLanguage":"pt-BR"},{"@type":"Organization","@id":"https:\/\/jornalfatosenoticias.com.br\/#organization","name":"Jornal Fatos e Not\u00edcias","url":"https:\/\/jornalfatosenoticias.com.br\/","logo":{"@type":"ImageObject","inLanguage":"pt-BR","@id":"https:\/\/jornalfatosenoticias.com.br\/#\/schema\/logo\/image\/","url":"https:\/\/jornalfatosenoticias.com.br\/wp-content\/uploads\/2020\/02\/logo120.png","contentUrl":"https:\/\/jornalfatosenoticias.com.br\/wp-content\/uploads\/2020\/02\/logo120.png","width":1227,"height":120,"caption":"Jornal Fatos e Not\u00edcias"},"image":{"@id":"https:\/\/jornalfatosenoticias.com.br\/#\/schema\/logo\/image\/"}},{"@type":"Person","@id":"https:\/\/jornalfatosenoticias.com.br\/#\/schema\/person\/d63837fa13ac8666eb9e74e0985d6f81","name":"Luzimara Fernandes","image":{"@type":"ImageObject","inLanguage":"pt-BR","@id":"https:\/\/jornalfatosenoticias.com.br\/#\/schema\/person\/image\/","url":"https:\/\/jornalfatosenoticias.com.br\/wp-content\/uploads\/2025\/05\/EU_portal.jpg","contentUrl":"https:\/\/jornalfatosenoticias.com.br\/wp-content\/uploads\/2025\/05\/EU_portal.jpg","caption":"Luzimara Fernandes"},"description":"Jornalista MTB 2358-ES","sameAs":["https:\/\/jornalfatosenoticias.com.br"],"url":"https:\/\/jornalfatosenoticias.com.br\/index.php\/author\/luzimara\/"}]}},"cc_featured_image_caption":{"caption_text":"(Foto: Megacurioso)","source_text":"","source_url":""},"jetpack_featured_media_url":"https:\/\/jornalfatosenoticias.com.br\/wp-content\/uploads\/2021\/06\/ovnis.jpg","_links":{"self":[{"href":"https:\/\/jornalfatosenoticias.com.br\/index.php\/wp-json\/wp\/v2\/posts\/19934","targetHints":{"allow":["GET"]}}],"collection":[{"href":"https:\/\/jornalfatosenoticias.com.br\/index.php\/wp-json\/wp\/v2\/posts"}],"about":[{"href":"https:\/\/jornalfatosenoticias.com.br\/index.php\/wp-json\/wp\/v2\/types\/post"}],"author":[{"embeddable":true,"href":"https:\/\/jornalfatosenoticias.com.br\/index.php\/wp-json\/wp\/v2\/users\/2"}],"replies":[{"embeddable":true,"href":"https:\/\/jornalfatosenoticias.com.br\/index.php\/wp-json\/wp\/v2\/comments?post=19934"}],"version-history":[{"count":0,"href":"https:\/\/jornalfatosenoticias.com.br\/index.php\/wp-json\/wp\/v2\/posts\/19934\/revisions"}],"wp:featuredmedia":[{"embeddable":true,"href":"https:\/\/jornalfatosenoticias.com.br\/index.php\/wp-json\/wp\/v2\/media\/19936"}],"wp:attachment":[{"href":"https:\/\/jornalfatosenoticias.com.br\/index.php\/wp-json\/wp\/v2\/media?parent=19934"}],"wp:term":[{"taxonomy":"category","embeddable":true,"href":"https:\/\/jornalfatosenoticias.com.br\/index.php\/wp-json\/wp\/v2\/categories?post=19934"},{"taxonomy":"post_tag","embeddable":true,"href":"https:\/\/jornalfatosenoticias.com.br\/index.php\/wp-json\/wp\/v2\/tags?post=19934"}],"curies":[{"name":"wp","href":"https:\/\/api.w.org\/{rel}","templated":true}]}}