{"id":20024,"date":"2021-06-30T09:14:05","date_gmt":"2021-06-30T12:14:05","guid":{"rendered":"https:\/\/jornalfatosenoticias.com.br\/?p=20024"},"modified":"2021-06-30T09:14:11","modified_gmt":"2021-06-30T12:14:11","slug":"guarda-chuva-capta-e-purifica-agua-pluvial-que-pode-ser-usada-para-consumo-humano","status":"publish","type":"post","link":"https:\/\/jornalfatosenoticias.com.br\/index.php\/2021\/06\/30\/guarda-chuva-capta-e-purifica-agua-pluvial-que-pode-ser-usada-para-consumo-humano\/","title":{"rendered":"Guarda-chuva capta e purifica \u00e1gua pluvial, que pode ser usada para consumo humano"},"content":{"rendered":"\n<p>E se existisse um guarda-chuva capaz de colher, armazenar e <a href=\"https:\/\/balaiodobem.com.br\/pt\/sao-francisco-tera-banheiro-publico-com-reuso-de-agua-da-chuva\/\" target=\"_blank\" rel=\"noreferrer noopener\">purificar a \u00e1gua<\/a>\u00a0que cai do c\u00e9u? Foi a partir desta simples quest\u00e3o, que o russo Volkan U\u011furel projetou um guarda-chuva ecol\u00f3gico, que oferece \u00e1gua\u00a0 pr\u00f3pria para o consumo humano logo ap\u00f3s o processo de filtragem. Dividido em tr\u00eas n\u00edveis, o sistema de filtragem \u00e9 capaz de encher uma garrafa de 220 ml de\u00a0<a href=\"https:\/\/balaiodobem.com.br\/pt\/quenia-instala-usina-de-energia-solar-que-transforma-agua-do-oceano-em-agua-potavel\/\" target=\"_blank\" rel=\"noreferrer noopener\">\u00e1gua pot\u00e1vel,<\/a> j\u00e1 acoplada no cabo do guarda-chuva.<br>O guarda-chuva \u00e9 composto por uma malha de metal na parte superior \u2014 \u00e9 ela que barra as part\u00edculas mais grossas. Em seguida, um bloco remov\u00edvel formado por um filtro de carbono e um filtro de membrana \u00e9 capaz de remover todos os produtos qu\u00edmicos org\u00e2nicos, tornando a \u00e1gua pronta para consumo humano.<br>Volkan \u00e9 estudante de designer industrial na Universidade T\u00e9cnica Estatal Bauman de Moscou e batizou seu guarda-chuva de Nonagon Umbrella, em refer\u00eancia ao \u00e1lbum Nonagon Infinity, de uma banda australiana de rock psicod\u00e9lico. Seu objetivo \u00e9 patentear sua cria\u00e7\u00e3o e democratizar o sistema de capta\u00e7\u00e3o da \u00e1gua da chuva.<br>Vale lembrar que a \u00e1gua da chuva pode ser usada em casa para diversos fins, como a rega de plantas, limpeza geral e descargas, mas nunca diretamente para o consumo humano. N\u00e3o se esque\u00e7a que a chuva carrega subst\u00e2ncias contaminantes da atmosfera, isso sem contar que o l\u00edquido passa por telhados e calhas antes de serem captadas no recipiente de armazenamento.<\/p>\n\n\n\n<div class=\"wp-block-jetpack-slideshow aligncenter\" data-effect=\"slide\"><div class=\"wp-block-jetpack-slideshow_container swiper-container\"><ul class=\"wp-block-jetpack-slideshow_swiper-wrapper swiper-wrapper\"><li class=\"wp-block-jetpack-slideshow_slide swiper-slide\"><figure><img loading=\"lazy\" decoding=\"async\" width=\"1000\" height=\"867\" alt=\"\" class=\"wp-block-jetpack-slideshow_image wp-image-20025\" data-id=\"20025\" src=\"https:\/\/jornalfatosenoticias.com.br\/wp-content\/uploads\/2021\/06\/guarda-chuva-purificador-de-agua.jpg\" srcset=\"https:\/\/jornalfatosenoticias.com.br\/wp-content\/uploads\/2021\/06\/guarda-chuva-purificador-de-agua.jpg 1000w, https:\/\/jornalfatosenoticias.com.br\/wp-content\/uploads\/2021\/06\/guarda-chuva-purificador-de-agua-300x260.jpg 300w, https:\/\/jornalfatosenoticias.com.br\/wp-content\/uploads\/2021\/06\/guarda-chuva-purificador-de-agua-768x666.jpg 768w\" sizes=\"auto, (max-width: 1000px) 100vw, 1000px\" \/><figcaption class=\"wp-block-jetpack-slideshow_caption gallery-caption\">(Foto: Volkan U\u011furel)<\/figcaption><\/figure><\/li><li class=\"wp-block-jetpack-slideshow_slide swiper-slide\"><figure><img loading=\"lazy\" decoding=\"async\" width=\"1000\" height=\"628\" alt=\"\" class=\"wp-block-jetpack-slideshow_image wp-image-20026\" data-id=\"20026\" src=\"https:\/\/jornalfatosenoticias.com.br\/wp-content\/uploads\/2021\/06\/guarda-chuva-purificador-de-agua3.jpg\" srcset=\"https:\/\/jornalfatosenoticias.com.br\/wp-content\/uploads\/2021\/06\/guarda-chuva-purificador-de-agua3.jpg 1000w, https:\/\/jornalfatosenoticias.com.br\/wp-content\/uploads\/2021\/06\/guarda-chuva-purificador-de-agua3-300x188.jpg 300w, https:\/\/jornalfatosenoticias.com.br\/wp-content\/uploads\/2021\/06\/guarda-chuva-purificador-de-agua3-768x482.jpg 768w, https:\/\/jornalfatosenoticias.com.br\/wp-content\/uploads\/2021\/06\/guarda-chuva-purificador-de-agua3-350x220.jpg 350w\" sizes=\"auto, (max-width: 1000px) 100vw, 1000px\" \/><figcaption class=\"wp-block-jetpack-slideshow_caption gallery-caption\">(Foto: Volkan U\u011furel)<\/figcaption><\/figure><\/li><li class=\"wp-block-jetpack-slideshow_slide swiper-slide\"><figure><img loading=\"lazy\" decoding=\"async\" width=\"1000\" height=\"857\" alt=\"\" class=\"wp-block-jetpack-slideshow_image wp-image-20027\" data-id=\"20027\" src=\"https:\/\/jornalfatosenoticias.com.br\/wp-content\/uploads\/2021\/06\/guarda-chuva-purificador-de-agua4.jpg\" srcset=\"https:\/\/jornalfatosenoticias.com.br\/wp-content\/uploads\/2021\/06\/guarda-chuva-purificador-de-agua4.jpg 1000w, https:\/\/jornalfatosenoticias.com.br\/wp-content\/uploads\/2021\/06\/guarda-chuva-purificador-de-agua4-300x257.jpg 300w, https:\/\/jornalfatosenoticias.com.br\/wp-content\/uploads\/2021\/06\/guarda-chuva-purificador-de-agua4-768x658.jpg 768w\" sizes=\"auto, (max-width: 1000px) 100vw, 1000px\" \/><figcaption class=\"wp-block-jetpack-slideshow_caption gallery-caption\">(Foto: Volkan U\u011furel)<\/figcaption><\/figure><\/li><li class=\"wp-block-jetpack-slideshow_slide swiper-slide\"><figure><img loading=\"lazy\" decoding=\"async\" width=\"1000\" height=\"675\" alt=\"\" class=\"wp-block-jetpack-slideshow_image wp-image-20028\" data-id=\"20028\" src=\"https:\/\/jornalfatosenoticias.com.br\/wp-content\/uploads\/2021\/06\/guarda-chuva-purificador-de-agua5.jpg\" srcset=\"https:\/\/jornalfatosenoticias.com.br\/wp-content\/uploads\/2021\/06\/guarda-chuva-purificador-de-agua5.jpg 1000w, https:\/\/jornalfatosenoticias.com.br\/wp-content\/uploads\/2021\/06\/guarda-chuva-purificador-de-agua5-300x203.jpg 300w, https:\/\/jornalfatosenoticias.com.br\/wp-content\/uploads\/2021\/06\/guarda-chuva-purificador-de-agua5-768x518.jpg 768w\" sizes=\"auto, (max-width: 1000px) 100vw, 1000px\" \/><figcaption class=\"wp-block-jetpack-slideshow_caption gallery-caption\">(Foto: Volkan U\u011furel)<\/figcaption><\/figure><\/li><li class=\"wp-block-jetpack-slideshow_slide swiper-slide\"><figure><img loading=\"lazy\" decoding=\"async\" width=\"1000\" height=\"676\" alt=\"\" class=\"wp-block-jetpack-slideshow_image wp-image-20029\" data-id=\"20029\" src=\"https:\/\/jornalfatosenoticias.com.br\/wp-content\/uploads\/2021\/06\/guarda-chuva-purificador-de-agua6.jpg\" srcset=\"https:\/\/jornalfatosenoticias.com.br\/wp-content\/uploads\/2021\/06\/guarda-chuva-purificador-de-agua6.jpg 1000w, https:\/\/jornalfatosenoticias.com.br\/wp-content\/uploads\/2021\/06\/guarda-chuva-purificador-de-agua6-300x203.jpg 300w, https:\/\/jornalfatosenoticias.com.br\/wp-content\/uploads\/2021\/06\/guarda-chuva-purificador-de-agua6-768x519.jpg 768w\" sizes=\"auto, (max-width: 1000px) 100vw, 1000px\" \/><figcaption class=\"wp-block-jetpack-slideshow_caption gallery-caption\">(Foto: Volkan U\u011furel)<\/figcaption><\/figure><\/li><\/ul><a class=\"wp-block-jetpack-slideshow_button-prev swiper-button-prev swiper-button-white\" role=\"button\"><\/a><a class=\"wp-block-jetpack-slideshow_button-next swiper-button-next swiper-button-white\" role=\"button\"><\/a><a aria-label=\"Pause Slideshow\" class=\"wp-block-jetpack-slideshow_button-pause\" role=\"button\"><\/a><div class=\"wp-block-jetpack-slideshow_pagination swiper-pagination swiper-pagination-white\"><\/div><\/div><\/div>\n\n\n\n<p><strong><em>Fonte: <a href=\"https:\/\/territoriosecreto.com.br\/guarda-chuva-capta-e-purifica-agua-pluvial-que-pode-ser-usada-para-consumo-humano\/\">Territ\u00f3rio Secreto<\/a><\/em><\/strong><\/p>\n","protected":false},"excerpt":{"rendered":"<p>E se existisse um guarda-chuva capaz de colher, armazenar e purificar a \u00e1gua\u00a0que cai do c\u00e9u? Foi a partir desta simples quest\u00e3o, que o russo Volkan U\u011furel projetou um guarda-chuva ecol\u00f3gico, que oferece \u00e1gua\u00a0 pr\u00f3pria para o consumo humano logo ap\u00f3s o processo de filtragem. Dividido em tr\u00eas n\u00edveis, o sistema de filtragem \u00e9 capaz [&hellip;]<\/p>\n","protected":false},"author":2,"featured_media":20030,"comment_status":"open","ping_status":"open","sticky":false,"template":"","format":"standard","meta":{"footnotes":""},"categories":[3],"tags":[451,303,795,897,945,3608,9831,734],"class_list":["post-20024","post","type-post","status-publish","format-standard","has-post-thumbnail","hentry","category-tecnologia","tag-agua","tag-chuva","tag-design","tag-ecologia","tag-meio-ambiente","tag-minimalismo","tag-reuso","tag-sustentabilidade"],"yoast_head":"<!-- This site is optimized with the Yoast SEO plugin v26.5 - https:\/\/yoast.com\/wordpress\/plugins\/seo\/ -->\n<title>Guarda-chuva capta e purifica \u00e1gua pluvial, que pode ser usada para consumo humano - Jornal Fatos e Not\u00edcias<\/title>\n<meta name=\"robots\" content=\"index, follow, max-snippet:-1, max-image-preview:large, max-video-preview:-1\" \/>\n<link rel=\"canonical\" href=\"https:\/\/jornalfatosenoticias.com.br\/index.php\/2021\/06\/30\/guarda-chuva-capta-e-purifica-agua-pluvial-que-pode-ser-usada-para-consumo-humano\/\" \/>\n<meta property=\"og:locale\" content=\"pt_BR\" \/>\n<meta property=\"og:type\" content=\"article\" \/>\n<meta property=\"og:title\" content=\"Guarda-chuva capta e purifica \u00e1gua pluvial, que pode ser usada para consumo humano - Jornal Fatos e Not\u00edcias\" \/>\n<meta property=\"og:description\" content=\"E se existisse um guarda-chuva capaz de colher, armazenar e purificar a \u00e1gua\u00a0que cai do c\u00e9u? Foi a partir desta simples quest\u00e3o, que o russo Volkan U\u011furel projetou um guarda-chuva ecol\u00f3gico, que oferece \u00e1gua\u00a0 pr\u00f3pria para o consumo humano logo ap\u00f3s o processo de filtragem. Dividido em tr\u00eas n\u00edveis, o sistema de filtragem \u00e9 capaz [&hellip;]\" \/>\n<meta property=\"og:url\" content=\"https:\/\/jornalfatosenoticias.com.br\/index.php\/2021\/06\/30\/guarda-chuva-capta-e-purifica-agua-pluvial-que-pode-ser-usada-para-consumo-humano\/\" \/>\n<meta property=\"og:site_name\" content=\"Jornal Fatos e Not\u00edcias\" \/>\n<meta property=\"article:published_time\" content=\"2021-06-30T12:14:05+00:00\" \/>\n<meta property=\"article:modified_time\" content=\"2021-06-30T12:14:11+00:00\" \/>\n<meta property=\"og:image\" content=\"https:\/\/jornalfatosenoticias.com.br\/wp-content\/uploads\/2021\/06\/guarda-chuva-purificador-de-agua2.jpg\" \/>\n\t<meta property=\"og:image:width\" content=\"1000\" \/>\n\t<meta property=\"og:image:height\" content=\"623\" \/>\n\t<meta property=\"og:image:type\" content=\"image\/jpeg\" \/>\n<meta name=\"author\" content=\"Luzimara Fernandes\" \/>\n<meta name=\"twitter:card\" content=\"summary_large_image\" \/>\n<meta name=\"twitter:label1\" content=\"Escrito por\" \/>\n\t<meta name=\"twitter:data1\" content=\"Luzimara Fernandes\" \/>\n\t<meta name=\"twitter:label2\" content=\"Est. tempo de leitura\" \/>\n\t<meta name=\"twitter:data2\" content=\"1 minuto\" \/>\n<script type=\"application\/ld+json\" class=\"yoast-schema-graph\">{\"@context\":\"https:\/\/schema.org\",\"@graph\":[{\"@type\":\"Article\",\"@id\":\"https:\/\/jornalfatosenoticias.com.br\/index.php\/2021\/06\/30\/guarda-chuva-capta-e-purifica-agua-pluvial-que-pode-ser-usada-para-consumo-humano\/#article\",\"isPartOf\":{\"@id\":\"https:\/\/jornalfatosenoticias.com.br\/index.php\/2021\/06\/30\/guarda-chuva-capta-e-purifica-agua-pluvial-que-pode-ser-usada-para-consumo-humano\/\"},\"author\":{\"name\":\"Luzimara Fernandes\",\"@id\":\"https:\/\/jornalfatosenoticias.com.br\/#\/schema\/person\/d63837fa13ac8666eb9e74e0985d6f81\"},\"headline\":\"Guarda-chuva capta e purifica \u00e1gua pluvial, que pode ser usada para consumo humano\",\"datePublished\":\"2021-06-30T12:14:05+00:00\",\"dateModified\":\"2021-06-30T12:14:11+00:00\",\"mainEntityOfPage\":{\"@id\":\"https:\/\/jornalfatosenoticias.com.br\/index.php\/2021\/06\/30\/guarda-chuva-capta-e-purifica-agua-pluvial-que-pode-ser-usada-para-consumo-humano\/\"},\"wordCount\":286,\"commentCount\":0,\"publisher\":{\"@id\":\"https:\/\/jornalfatosenoticias.com.br\/#organization\"},\"image\":{\"@id\":\"https:\/\/jornalfatosenoticias.com.br\/index.php\/2021\/06\/30\/guarda-chuva-capta-e-purifica-agua-pluvial-que-pode-ser-usada-para-consumo-humano\/#primaryimage\"},\"thumbnailUrl\":\"https:\/\/jornalfatosenoticias.com.br\/wp-content\/uploads\/2021\/06\/guarda-chuva-purificador-de-agua2.jpg\",\"keywords\":[\"\u00e1gua\",\"chuva\",\"design\",\"ecologia\",\"meio ambiente\",\"minimalismo\",\"re\u00faso\",\"sustentabilidade\"],\"articleSection\":[\"Tecnologia &amp; Inova\u00e7\u00e3o\"],\"inLanguage\":\"pt-BR\",\"potentialAction\":[{\"@type\":\"CommentAction\",\"name\":\"Comment\",\"target\":[\"https:\/\/jornalfatosenoticias.com.br\/index.php\/2021\/06\/30\/guarda-chuva-capta-e-purifica-agua-pluvial-que-pode-ser-usada-para-consumo-humano\/#respond\"]}]},{\"@type\":\"WebPage\",\"@id\":\"https:\/\/jornalfatosenoticias.com.br\/index.php\/2021\/06\/30\/guarda-chuva-capta-e-purifica-agua-pluvial-que-pode-ser-usada-para-consumo-humano\/\",\"url\":\"https:\/\/jornalfatosenoticias.com.br\/index.php\/2021\/06\/30\/guarda-chuva-capta-e-purifica-agua-pluvial-que-pode-ser-usada-para-consumo-humano\/\",\"name\":\"Guarda-chuva capta e purifica \u00e1gua pluvial, que pode ser usada para consumo humano - Jornal Fatos e Not\u00edcias\",\"isPartOf\":{\"@id\":\"https:\/\/jornalfatosenoticias.com.br\/#website\"},\"primaryImageOfPage\":{\"@id\":\"https:\/\/jornalfatosenoticias.com.br\/index.php\/2021\/06\/30\/guarda-chuva-capta-e-purifica-agua-pluvial-que-pode-ser-usada-para-consumo-humano\/#primaryimage\"},\"image\":{\"@id\":\"https:\/\/jornalfatosenoticias.com.br\/index.php\/2021\/06\/30\/guarda-chuva-capta-e-purifica-agua-pluvial-que-pode-ser-usada-para-consumo-humano\/#primaryimage\"},\"thumbnailUrl\":\"https:\/\/jornalfatosenoticias.com.br\/wp-content\/uploads\/2021\/06\/guarda-chuva-purificador-de-agua2.jpg\",\"datePublished\":\"2021-06-30T12:14:05+00:00\",\"dateModified\":\"2021-06-30T12:14:11+00:00\",\"breadcrumb\":{\"@id\":\"https:\/\/jornalfatosenoticias.com.br\/index.php\/2021\/06\/30\/guarda-chuva-capta-e-purifica-agua-pluvial-que-pode-ser-usada-para-consumo-humano\/#breadcrumb\"},\"inLanguage\":\"pt-BR\",\"potentialAction\":[{\"@type\":\"ReadAction\",\"target\":[\"https:\/\/jornalfatosenoticias.com.br\/index.php\/2021\/06\/30\/guarda-chuva-capta-e-purifica-agua-pluvial-que-pode-ser-usada-para-consumo-humano\/\"]}]},{\"@type\":\"ImageObject\",\"inLanguage\":\"pt-BR\",\"@id\":\"https:\/\/jornalfatosenoticias.com.br\/index.php\/2021\/06\/30\/guarda-chuva-capta-e-purifica-agua-pluvial-que-pode-ser-usada-para-consumo-humano\/#primaryimage\",\"url\":\"https:\/\/jornalfatosenoticias.com.br\/wp-content\/uploads\/2021\/06\/guarda-chuva-purificador-de-agua2.jpg\",\"contentUrl\":\"https:\/\/jornalfatosenoticias.com.br\/wp-content\/uploads\/2021\/06\/guarda-chuva-purificador-de-agua2.jpg\",\"width\":1000,\"height\":623},{\"@type\":\"BreadcrumbList\",\"@id\":\"https:\/\/jornalfatosenoticias.com.br\/index.php\/2021\/06\/30\/guarda-chuva-capta-e-purifica-agua-pluvial-que-pode-ser-usada-para-consumo-humano\/#breadcrumb\",\"itemListElement\":[{\"@type\":\"ListItem\",\"position\":1,\"name\":\"In\u00edcio\",\"item\":\"https:\/\/jornalfatosenoticias.com.br\/\"},{\"@type\":\"ListItem\",\"position\":2,\"name\":\"Guarda-chuva capta e purifica \u00e1gua pluvial, que pode ser usada para consumo humano\"}]},{\"@type\":\"WebSite\",\"@id\":\"https:\/\/jornalfatosenoticias.com.br\/#website\",\"url\":\"https:\/\/jornalfatosenoticias.com.br\/\",\"name\":\"Jornal Fatos e Not\u00edcias\",\"description\":\"Not\u00edcias em geral\",\"publisher\":{\"@id\":\"https:\/\/jornalfatosenoticias.com.br\/#organization\"},\"potentialAction\":[{\"@type\":\"SearchAction\",\"target\":{\"@type\":\"EntryPoint\",\"urlTemplate\":\"https:\/\/jornalfatosenoticias.com.br\/?s={search_term_string}\"},\"query-input\":{\"@type\":\"PropertyValueSpecification\",\"valueRequired\":true,\"valueName\":\"search_term_string\"}}],\"inLanguage\":\"pt-BR\"},{\"@type\":\"Organization\",\"@id\":\"https:\/\/jornalfatosenoticias.com.br\/#organization\",\"name\":\"Jornal Fatos e Not\u00edcias\",\"url\":\"https:\/\/jornalfatosenoticias.com.br\/\",\"logo\":{\"@type\":\"ImageObject\",\"inLanguage\":\"pt-BR\",\"@id\":\"https:\/\/jornalfatosenoticias.com.br\/#\/schema\/logo\/image\/\",\"url\":\"https:\/\/jornalfatosenoticias.com.br\/wp-content\/uploads\/2020\/02\/logo120.png\",\"contentUrl\":\"https:\/\/jornalfatosenoticias.com.br\/wp-content\/uploads\/2020\/02\/logo120.png\",\"width\":1227,\"height\":120,\"caption\":\"Jornal Fatos e Not\u00edcias\"},\"image\":{\"@id\":\"https:\/\/jornalfatosenoticias.com.br\/#\/schema\/logo\/image\/\"}},{\"@type\":\"Person\",\"@id\":\"https:\/\/jornalfatosenoticias.com.br\/#\/schema\/person\/d63837fa13ac8666eb9e74e0985d6f81\",\"name\":\"Luzimara Fernandes\",\"image\":{\"@type\":\"ImageObject\",\"inLanguage\":\"pt-BR\",\"@id\":\"https:\/\/jornalfatosenoticias.com.br\/#\/schema\/person\/image\/\",\"url\":\"https:\/\/jornalfatosenoticias.com.br\/wp-content\/uploads\/2025\/05\/EU_portal.jpg\",\"contentUrl\":\"https:\/\/jornalfatosenoticias.com.br\/wp-content\/uploads\/2025\/05\/EU_portal.jpg\",\"caption\":\"Luzimara Fernandes\"},\"description\":\"Jornalista MTB 2358-ES\",\"sameAs\":[\"https:\/\/jornalfatosenoticias.com.br\"],\"url\":\"https:\/\/jornalfatosenoticias.com.br\/index.php\/author\/luzimara\/\"}]}<\/script>\n<!-- \/ Yoast SEO plugin. -->","yoast_head_json":{"title":"Guarda-chuva capta e purifica \u00e1gua pluvial, que pode ser usada para consumo humano - Jornal Fatos e Not\u00edcias","robots":{"index":"index","follow":"follow","max-snippet":"max-snippet:-1","max-image-preview":"max-image-preview:large","max-video-preview":"max-video-preview:-1"},"canonical":"https:\/\/jornalfatosenoticias.com.br\/index.php\/2021\/06\/30\/guarda-chuva-capta-e-purifica-agua-pluvial-que-pode-ser-usada-para-consumo-humano\/","og_locale":"pt_BR","og_type":"article","og_title":"Guarda-chuva capta e purifica \u00e1gua pluvial, que pode ser usada para consumo humano - Jornal Fatos e Not\u00edcias","og_description":"E se existisse um guarda-chuva capaz de colher, armazenar e purificar a \u00e1gua\u00a0que cai do c\u00e9u? Foi a partir desta simples quest\u00e3o, que o russo Volkan U\u011furel projetou um guarda-chuva ecol\u00f3gico, que oferece \u00e1gua\u00a0 pr\u00f3pria para o consumo humano logo ap\u00f3s o processo de filtragem. Dividido em tr\u00eas n\u00edveis, o sistema de filtragem \u00e9 capaz [&hellip;]","og_url":"https:\/\/jornalfatosenoticias.com.br\/index.php\/2021\/06\/30\/guarda-chuva-capta-e-purifica-agua-pluvial-que-pode-ser-usada-para-consumo-humano\/","og_site_name":"Jornal Fatos e Not\u00edcias","article_published_time":"2021-06-30T12:14:05+00:00","article_modified_time":"2021-06-30T12:14:11+00:00","og_image":[{"width":1000,"height":623,"url":"https:\/\/jornalfatosenoticias.com.br\/wp-content\/uploads\/2021\/06\/guarda-chuva-purificador-de-agua2.jpg","type":"image\/jpeg"}],"author":"Luzimara Fernandes","twitter_card":"summary_large_image","twitter_misc":{"Escrito por":"Luzimara Fernandes","Est. tempo de leitura":"1 minuto"},"schema":{"@context":"https:\/\/schema.org","@graph":[{"@type":"Article","@id":"https:\/\/jornalfatosenoticias.com.br\/index.php\/2021\/06\/30\/guarda-chuva-capta-e-purifica-agua-pluvial-que-pode-ser-usada-para-consumo-humano\/#article","isPartOf":{"@id":"https:\/\/jornalfatosenoticias.com.br\/index.php\/2021\/06\/30\/guarda-chuva-capta-e-purifica-agua-pluvial-que-pode-ser-usada-para-consumo-humano\/"},"author":{"name":"Luzimara Fernandes","@id":"https:\/\/jornalfatosenoticias.com.br\/#\/schema\/person\/d63837fa13ac8666eb9e74e0985d6f81"},"headline":"Guarda-chuva capta e purifica \u00e1gua pluvial, que pode ser usada para consumo humano","datePublished":"2021-06-30T12:14:05+00:00","dateModified":"2021-06-30T12:14:11+00:00","mainEntityOfPage":{"@id":"https:\/\/jornalfatosenoticias.com.br\/index.php\/2021\/06\/30\/guarda-chuva-capta-e-purifica-agua-pluvial-que-pode-ser-usada-para-consumo-humano\/"},"wordCount":286,"commentCount":0,"publisher":{"@id":"https:\/\/jornalfatosenoticias.com.br\/#organization"},"image":{"@id":"https:\/\/jornalfatosenoticias.com.br\/index.php\/2021\/06\/30\/guarda-chuva-capta-e-purifica-agua-pluvial-que-pode-ser-usada-para-consumo-humano\/#primaryimage"},"thumbnailUrl":"https:\/\/jornalfatosenoticias.com.br\/wp-content\/uploads\/2021\/06\/guarda-chuva-purificador-de-agua2.jpg","keywords":["\u00e1gua","chuva","design","ecologia","meio ambiente","minimalismo","re\u00faso","sustentabilidade"],"articleSection":["Tecnologia &amp; Inova\u00e7\u00e3o"],"inLanguage":"pt-BR","potentialAction":[{"@type":"CommentAction","name":"Comment","target":["https:\/\/jornalfatosenoticias.com.br\/index.php\/2021\/06\/30\/guarda-chuva-capta-e-purifica-agua-pluvial-que-pode-ser-usada-para-consumo-humano\/#respond"]}]},{"@type":"WebPage","@id":"https:\/\/jornalfatosenoticias.com.br\/index.php\/2021\/06\/30\/guarda-chuva-capta-e-purifica-agua-pluvial-que-pode-ser-usada-para-consumo-humano\/","url":"https:\/\/jornalfatosenoticias.com.br\/index.php\/2021\/06\/30\/guarda-chuva-capta-e-purifica-agua-pluvial-que-pode-ser-usada-para-consumo-humano\/","name":"Guarda-chuva capta e purifica \u00e1gua pluvial, que pode ser usada para consumo humano - Jornal Fatos e Not\u00edcias","isPartOf":{"@id":"https:\/\/jornalfatosenoticias.com.br\/#website"},"primaryImageOfPage":{"@id":"https:\/\/jornalfatosenoticias.com.br\/index.php\/2021\/06\/30\/guarda-chuva-capta-e-purifica-agua-pluvial-que-pode-ser-usada-para-consumo-humano\/#primaryimage"},"image":{"@id":"https:\/\/jornalfatosenoticias.com.br\/index.php\/2021\/06\/30\/guarda-chuva-capta-e-purifica-agua-pluvial-que-pode-ser-usada-para-consumo-humano\/#primaryimage"},"thumbnailUrl":"https:\/\/jornalfatosenoticias.com.br\/wp-content\/uploads\/2021\/06\/guarda-chuva-purificador-de-agua2.jpg","datePublished":"2021-06-30T12:14:05+00:00","dateModified":"2021-06-30T12:14:11+00:00","breadcrumb":{"@id":"https:\/\/jornalfatosenoticias.com.br\/index.php\/2021\/06\/30\/guarda-chuva-capta-e-purifica-agua-pluvial-que-pode-ser-usada-para-consumo-humano\/#breadcrumb"},"inLanguage":"pt-BR","potentialAction":[{"@type":"ReadAction","target":["https:\/\/jornalfatosenoticias.com.br\/index.php\/2021\/06\/30\/guarda-chuva-capta-e-purifica-agua-pluvial-que-pode-ser-usada-para-consumo-humano\/"]}]},{"@type":"ImageObject","inLanguage":"pt-BR","@id":"https:\/\/jornalfatosenoticias.com.br\/index.php\/2021\/06\/30\/guarda-chuva-capta-e-purifica-agua-pluvial-que-pode-ser-usada-para-consumo-humano\/#primaryimage","url":"https:\/\/jornalfatosenoticias.com.br\/wp-content\/uploads\/2021\/06\/guarda-chuva-purificador-de-agua2.jpg","contentUrl":"https:\/\/jornalfatosenoticias.com.br\/wp-content\/uploads\/2021\/06\/guarda-chuva-purificador-de-agua2.jpg","width":1000,"height":623},{"@type":"BreadcrumbList","@id":"https:\/\/jornalfatosenoticias.com.br\/index.php\/2021\/06\/30\/guarda-chuva-capta-e-purifica-agua-pluvial-que-pode-ser-usada-para-consumo-humano\/#breadcrumb","itemListElement":[{"@type":"ListItem","position":1,"name":"In\u00edcio","item":"https:\/\/jornalfatosenoticias.com.br\/"},{"@type":"ListItem","position":2,"name":"Guarda-chuva capta e purifica \u00e1gua pluvial, que pode ser usada para consumo humano"}]},{"@type":"WebSite","@id":"https:\/\/jornalfatosenoticias.com.br\/#website","url":"https:\/\/jornalfatosenoticias.com.br\/","name":"Jornal Fatos e Not\u00edcias","description":"Not\u00edcias em geral","publisher":{"@id":"https:\/\/jornalfatosenoticias.com.br\/#organization"},"potentialAction":[{"@type":"SearchAction","target":{"@type":"EntryPoint","urlTemplate":"https:\/\/jornalfatosenoticias.com.br\/?s={search_term_string}"},"query-input":{"@type":"PropertyValueSpecification","valueRequired":true,"valueName":"search_term_string"}}],"inLanguage":"pt-BR"},{"@type":"Organization","@id":"https:\/\/jornalfatosenoticias.com.br\/#organization","name":"Jornal Fatos e Not\u00edcias","url":"https:\/\/jornalfatosenoticias.com.br\/","logo":{"@type":"ImageObject","inLanguage":"pt-BR","@id":"https:\/\/jornalfatosenoticias.com.br\/#\/schema\/logo\/image\/","url":"https:\/\/jornalfatosenoticias.com.br\/wp-content\/uploads\/2020\/02\/logo120.png","contentUrl":"https:\/\/jornalfatosenoticias.com.br\/wp-content\/uploads\/2020\/02\/logo120.png","width":1227,"height":120,"caption":"Jornal Fatos e Not\u00edcias"},"image":{"@id":"https:\/\/jornalfatosenoticias.com.br\/#\/schema\/logo\/image\/"}},{"@type":"Person","@id":"https:\/\/jornalfatosenoticias.com.br\/#\/schema\/person\/d63837fa13ac8666eb9e74e0985d6f81","name":"Luzimara Fernandes","image":{"@type":"ImageObject","inLanguage":"pt-BR","@id":"https:\/\/jornalfatosenoticias.com.br\/#\/schema\/person\/image\/","url":"https:\/\/jornalfatosenoticias.com.br\/wp-content\/uploads\/2025\/05\/EU_portal.jpg","contentUrl":"https:\/\/jornalfatosenoticias.com.br\/wp-content\/uploads\/2025\/05\/EU_portal.jpg","caption":"Luzimara Fernandes"},"description":"Jornalista MTB 2358-ES","sameAs":["https:\/\/jornalfatosenoticias.com.br"],"url":"https:\/\/jornalfatosenoticias.com.br\/index.php\/author\/luzimara\/"}]}},"cc_featured_image_caption":{"caption_text":"(Foto: Volkan U\u011furel)","source_text":"","source_url":""},"jetpack_featured_media_url":"https:\/\/jornalfatosenoticias.com.br\/wp-content\/uploads\/2021\/06\/guarda-chuva-purificador-de-agua2.jpg","_links":{"self":[{"href":"https:\/\/jornalfatosenoticias.com.br\/index.php\/wp-json\/wp\/v2\/posts\/20024","targetHints":{"allow":["GET"]}}],"collection":[{"href":"https:\/\/jornalfatosenoticias.com.br\/index.php\/wp-json\/wp\/v2\/posts"}],"about":[{"href":"https:\/\/jornalfatosenoticias.com.br\/index.php\/wp-json\/wp\/v2\/types\/post"}],"author":[{"embeddable":true,"href":"https:\/\/jornalfatosenoticias.com.br\/index.php\/wp-json\/wp\/v2\/users\/2"}],"replies":[{"embeddable":true,"href":"https:\/\/jornalfatosenoticias.com.br\/index.php\/wp-json\/wp\/v2\/comments?post=20024"}],"version-history":[{"count":0,"href":"https:\/\/jornalfatosenoticias.com.br\/index.php\/wp-json\/wp\/v2\/posts\/20024\/revisions"}],"wp:featuredmedia":[{"embeddable":true,"href":"https:\/\/jornalfatosenoticias.com.br\/index.php\/wp-json\/wp\/v2\/media\/20030"}],"wp:attachment":[{"href":"https:\/\/jornalfatosenoticias.com.br\/index.php\/wp-json\/wp\/v2\/media?parent=20024"}],"wp:term":[{"taxonomy":"category","embeddable":true,"href":"https:\/\/jornalfatosenoticias.com.br\/index.php\/wp-json\/wp\/v2\/categories?post=20024"},{"taxonomy":"post_tag","embeddable":true,"href":"https:\/\/jornalfatosenoticias.com.br\/index.php\/wp-json\/wp\/v2\/tags?post=20024"}],"curies":[{"name":"wp","href":"https:\/\/api.w.org\/{rel}","templated":true}]}}